{"id":23599,"date":"2013-07-05T23:53:36","date_gmt":"2013-07-05T23:53:36","guid":{"rendered":"https:\/\/www.institutodeengenharia.org.br\/?p=23599"},"modified":"2013-07-05T11:13:25","modified_gmt":"2013-07-05T11:13:25","slug":"metro-de-sao-paulo-ganha-dez-bicicletarios-nesta-sexta","status":"publish","type":"post","link":"https:\/\/www.institutodeengenharia.org.br\/site\/2013\/07\/05\/metro-de-sao-paulo-ganha-dez-bicicletarios-nesta-sexta\/","title":{"rendered":"Metr\u00f4 de S\u00e3o Paulo ganha dez biciclet\u00e1rios nesta sexta"},"content":{"rendered":"<p>Dez esta\u00e7\u00f5es de Metr\u00f4 da capital paulista passam a contar com biciclet\u00e1rios a partir desta sexta-feira, 5. Os usu\u00e1rios poder\u00e3o estacionar ou alugar bicicletas nas esta\u00e7\u00f5es Br\u00e1s, Carr\u00e3o, Corinthians-Itaquera, Guilhermina-Esperan\u00e7a, Liberdade, Para\u00edso, S\u00e9, Santa Cec\u00edlia, Tamanduate\u00ed e Vila Madalena.<\/p>\n<p>Segundo informa\u00e7\u00f5es do Metr\u00f4, inicialmente ser\u00e3o ofertadas, em cada uma das esta\u00e7\u00f5es, dez vagas para estacionamento e dez bicicletas para loca\u00e7\u00e3o, no m\u00ednimo. Para estacionar, o ciclista pode usar o servi\u00e7o gratuitamente por um per\u00edodo de 12 horas. Depois disso, cada hora passa a custar R$ 2. J\u00e1 o empr\u00e9stimo de bicicletas sai de gra\u00e7a apenas por uma hora e, para quem usar por mais tempo, o valor tamb\u00e9m \u00e9 de R$ 2\/hora.&nbsp;<\/p>\n<p>No \u00faltimo dia 10, os \u00fanicos tr\u00eas biciclet\u00e1rios existentes nas esta\u00e7\u00f5es de S\u00e3o Paulo haviam sido fechados em definitivo. Desses, apenas o da parada Guilhermina-Esperan\u00e7a volta a funcionar nesta sexta. Os outros dois, que ficavam no Anhangaba\u00fa e na Palmeiras-Barra Funda, param de operar.&nbsp;<\/p>\n<p>Na avalia\u00e7\u00e3o do arquiteto e consultor de projetos ciclovi\u00e1rios da Associa\u00e7\u00e3o Brasileira da Ind\u00fastria, Com\u00e9rcio, Importa\u00e7\u00e3o e Exporta\u00e7\u00e3o de Bicicletas, Pe\u00e7as e Acess\u00f3rios (Abradibi), Ant\u00f4nio Miranda, a abertura dos biciclet\u00e1rios incentiva o uso do meio de transporte na cidade. &#8220;Melhorar essa infraestrutura \u00e9 essencial. Somente essa medida (dos biciclet\u00e1rios) poderia acrescer 5% a mais de usu\u00e1rios de imediato&#8221;, acredita.&nbsp;<\/p>\n<p>Cerca de 4 milh\u00f5es de pessoas usam bicicletas na Grande S\u00e3o Paulo, segundo Miranda. De acordo com a Companhia de Engenharia de Tr\u00e1fego (CET), na cidade o total de vias destinadas a circula\u00e7\u00e3o ciclovi\u00e1ria soma pouco mais de 245km &#8211; sendo que mais de 120 km s\u00e3o de ciclovias operacionais de lazer (com funcionamento apenas nos domingos e feriados). <\/p>\n<p><b>Autor: O Estado de S.Paulo<\/b><\/p>\n","protected":false},"excerpt":{"rendered":"<p>Para estacionar, ciclista pode usar o servi\u00e7o gratuitamente por um per\u00edodo de 12h; Depois disso, cada hora passa a custar R$ 2<\/p>\n","protected":false},"author":1,"featured_media":0,"comment_status":"open","ping_status":"open","sticky":false,"template":"","format":"standard","meta":{"footnotes":""},"categories":[6,41],"tags":[],"class_list":{"0":"post-23599","1":"post","2":"type-post","3":"status-publish","4":"format-standard","6":"category-noticias","7":"category-transportes"},"yoast_head":"<!-- This site is optimized with the Yoast SEO plugin v27.2 - https:\/\/yoast.com\/product\/yoast-seo-wordpress\/ -->\n<title>Metr\u00f4 de S\u00e3o Paulo ganha dez biciclet\u00e1rios nesta sexta - Instituto de Engenharia<\/title>\n<meta name=\"robots\" content=\"index, follow, max-snippet:-1, max-image-preview:large, max-video-preview:-1\" \/>\n<link rel=\"canonical\" href=\"https:\/\/www.institutodeengenharia.org.br\/site\/2013\/07\/05\/metro-de-sao-paulo-ganha-dez-bicicletarios-nesta-sexta\/\" \/>\n<meta property=\"og:locale\" content=\"pt_BR\" \/>\n<meta property=\"og:type\" content=\"article\" \/>\n<meta property=\"og:title\" content=\"Metr\u00f4 de S\u00e3o Paulo ganha dez biciclet\u00e1rios nesta sexta - Instituto de Engenharia\" \/>\n<meta property=\"og:description\" content=\"Para estacionar, ciclista pode usar o servi\u00e7o gratuitamente por um per\u00edodo de 12h; Depois disso, cada hora passa a custar R$ 2\" \/>\n<meta property=\"og:url\" content=\"https:\/\/www.institutodeengenharia.org.br\/site\/2013\/07\/05\/metro-de-sao-paulo-ganha-dez-bicicletarios-nesta-sexta\/\" \/>\n<meta property=\"og:site_name\" content=\"Instituto de Engenharia\" \/>\n<meta property=\"article:publisher\" content=\"https:\/\/www.facebook.com\/institutodeengenharia\" \/>\n<meta property=\"article:published_time\" content=\"2013-07-05T23:53:36+00:00\" \/>\n<meta name=\"author\" content=\"TMax Tecnologia\" \/>\n<meta name=\"twitter:card\" content=\"summary_large_image\" \/>\n<meta name=\"twitter:creator\" content=\"@iengenharia\" \/>\n<meta name=\"twitter:site\" content=\"@iengenharia\" \/>\n<meta name=\"twitter:label1\" content=\"Escrito por\" \/>\n\t<meta name=\"twitter:data1\" content=\"TMax Tecnologia\" \/>\n\t<meta name=\"twitter:label2\" content=\"Est. tempo de leitura\" \/>\n\t<meta name=\"twitter:data2\" content=\"2 minutos\" \/>\n<script type=\"application\/ld+json\" class=\"yoast-schema-graph\">{\"@context\":\"https:\/\/schema.org\",\"@graph\":[{\"@type\":\"Article\",\"@id\":\"https:\/\/www.institutodeengenharia.org.br\/site\/2013\/07\/05\/metro-de-sao-paulo-ganha-dez-bicicletarios-nesta-sexta\/#article\",\"isPartOf\":{\"@id\":\"https:\/\/www.institutodeengenharia.org.br\/site\/2013\/07\/05\/metro-de-sao-paulo-ganha-dez-bicicletarios-nesta-sexta\/\"},\"author\":{\"name\":\"TMax Tecnologia\",\"@id\":\"https:\/\/www.institutodeengenharia.org.br\/site\/#\/schema\/person\/3b1ff109facef084739fc2edcb9a127f\"},\"headline\":\"Metr\u00f4 de S\u00e3o Paulo ganha dez biciclet\u00e1rios nesta sexta\",\"datePublished\":\"2013-07-05T23:53:36+00:00\",\"mainEntityOfPage\":{\"@id\":\"https:\/\/www.institutodeengenharia.org.br\/site\/2013\/07\/05\/metro-de-sao-paulo-ganha-dez-bicicletarios-nesta-sexta\/\"},\"wordCount\":329,\"commentCount\":0,\"publisher\":{\"@id\":\"https:\/\/www.institutodeengenharia.org.br\/site\/#organization\"},\"articleSection\":[\"Not\u00edcias\",\"Transportes\"],\"inLanguage\":\"pt-BR\",\"potentialAction\":[{\"@type\":\"CommentAction\",\"name\":\"Comment\",\"target\":[\"https:\/\/www.institutodeengenharia.org.br\/site\/2013\/07\/05\/metro-de-sao-paulo-ganha-dez-bicicletarios-nesta-sexta\/#respond\"]}]},{\"@type\":\"WebPage\",\"@id\":\"https:\/\/www.institutodeengenharia.org.br\/site\/2013\/07\/05\/metro-de-sao-paulo-ganha-dez-bicicletarios-nesta-sexta\/\",\"url\":\"https:\/\/www.institutodeengenharia.org.br\/site\/2013\/07\/05\/metro-de-sao-paulo-ganha-dez-bicicletarios-nesta-sexta\/\",\"name\":\"Metr\u00f4 de S\u00e3o Paulo ganha dez biciclet\u00e1rios nesta sexta - Instituto de Engenharia\",\"isPartOf\":{\"@id\":\"https:\/\/www.institutodeengenharia.org.br\/site\/#website\"},\"datePublished\":\"2013-07-05T23:53:36+00:00\",\"breadcrumb\":{\"@id\":\"https:\/\/www.institutodeengenharia.org.br\/site\/2013\/07\/05\/metro-de-sao-paulo-ganha-dez-bicicletarios-nesta-sexta\/#breadcrumb\"},\"inLanguage\":\"pt-BR\",\"potentialAction\":[{\"@type\":\"ReadAction\",\"target\":[\"https:\/\/www.institutodeengenharia.org.br\/site\/2013\/07\/05\/metro-de-sao-paulo-ganha-dez-bicicletarios-nesta-sexta\/\"]}]},{\"@type\":\"BreadcrumbList\",\"@id\":\"https:\/\/www.institutodeengenharia.org.br\/site\/2013\/07\/05\/metro-de-sao-paulo-ganha-dez-bicicletarios-nesta-sexta\/#breadcrumb\",\"itemListElement\":[{\"@type\":\"ListItem\",\"position\":1,\"name\":\"In\u00edcio\",\"item\":\"https:\/\/www.institutodeengenharia.org.br\/site\/\"},{\"@type\":\"ListItem\",\"position\":2,\"name\":\"Metr\u00f4 de S\u00e3o Paulo ganha dez biciclet\u00e1rios nesta sexta\"}]},{\"@type\":\"WebSite\",\"@id\":\"https:\/\/www.institutodeengenharia.org.br\/site\/#website\",\"url\":\"https:\/\/www.institutodeengenharia.org.br\/site\/\",\"name\":\"Instituto de Engenharia\",\"description\":\"O Instituto de Engenharia promove a Engenharia em benef\u00edcio do desenvolvimento e da qualidade de vida da sociedade.\",\"publisher\":{\"@id\":\"https:\/\/www.institutodeengenharia.org.br\/site\/#organization\"},\"potentialAction\":[{\"@type\":\"SearchAction\",\"target\":{\"@type\":\"EntryPoint\",\"urlTemplate\":\"https:\/\/www.institutodeengenharia.org.br\/site\/?s={search_term_string}\"},\"query-input\":{\"@type\":\"PropertyValueSpecification\",\"valueRequired\":true,\"valueName\":\"search_term_string\"}}],\"inLanguage\":\"pt-BR\"},{\"@type\":\"Organization\",\"@id\":\"https:\/\/www.institutodeengenharia.org.br\/site\/#organization\",\"name\":\"Instituto de Engenharia\",\"url\":\"https:\/\/www.institutodeengenharia.org.br\/site\/\",\"logo\":{\"@type\":\"ImageObject\",\"inLanguage\":\"pt-BR\",\"@id\":\"https:\/\/www.institutodeengenharia.org.br\/site\/#\/schema\/logo\/image\/\",\"url\":\"https:\/\/www.institutodeengenharia.org.br\/site\/wp-content\/uploads\/2019\/03\/logo-novo-IE2018-1.jpg\",\"contentUrl\":\"https:\/\/www.institutodeengenharia.org.br\/site\/wp-content\/uploads\/2019\/03\/logo-novo-IE2018-1.jpg\",\"width\":1486,\"height\":1879,\"caption\":\"Instituto de Engenharia\"},\"image\":{\"@id\":\"https:\/\/www.institutodeengenharia.org.br\/site\/#\/schema\/logo\/image\/\"},\"sameAs\":[\"https:\/\/www.facebook.com\/institutodeengenharia\",\"https:\/\/x.com\/iengenharia\",\"https:\/\/www.instagram.com\/institutodeengenharia\/\",\"https:\/\/www.linkedin.com\/company\/instituto-de-engenharia\/\",\"https:\/\/www.youtube.com\/channel\/UCXiCAlsSMe977vamW915HxA\"]},{\"@type\":\"Person\",\"@id\":\"https:\/\/www.institutodeengenharia.org.br\/site\/#\/schema\/person\/3b1ff109facef084739fc2edcb9a127f\",\"name\":\"TMax Tecnologia\",\"image\":{\"@type\":\"ImageObject\",\"inLanguage\":\"pt-BR\",\"@id\":\"https:\/\/secure.gravatar.com\/avatar\/f912434ef7f389c92cb311fcdae346af848465d638912574b3c669070f797701?s=96&d=mm&r=g\",\"url\":\"https:\/\/secure.gravatar.com\/avatar\/f912434ef7f389c92cb311fcdae346af848465d638912574b3c669070f797701?s=96&d=mm&r=g\",\"contentUrl\":\"https:\/\/secure.gravatar.com\/avatar\/f912434ef7f389c92cb311fcdae346af848465d638912574b3c669070f797701?s=96&d=mm&r=g\",\"caption\":\"TMax Tecnologia\"},\"url\":\"https:\/\/www.institutodeengenharia.org.br\/site\/author\/tmax\/\"}]}<\/script>\n<!-- \/ Yoast SEO plugin. -->","yoast_head_json":{"title":"Metr\u00f4 de S\u00e3o Paulo ganha dez biciclet\u00e1rios nesta sexta - Instituto de Engenharia","robots":{"index":"index","follow":"follow","max-snippet":"max-snippet:-1","max-image-preview":"max-image-preview:large","max-video-preview":"max-video-preview:-1"},"canonical":"https:\/\/www.institutodeengenharia.org.br\/site\/2013\/07\/05\/metro-de-sao-paulo-ganha-dez-bicicletarios-nesta-sexta\/","og_locale":"pt_BR","og_type":"article","og_title":"Metr\u00f4 de S\u00e3o Paulo ganha dez biciclet\u00e1rios nesta sexta - Instituto de Engenharia","og_description":"Para estacionar, ciclista pode usar o servi\u00e7o gratuitamente por um per\u00edodo de 12h; Depois disso, cada hora passa a custar R$ 2","og_url":"https:\/\/www.institutodeengenharia.org.br\/site\/2013\/07\/05\/metro-de-sao-paulo-ganha-dez-bicicletarios-nesta-sexta\/","og_site_name":"Instituto de Engenharia","article_publisher":"https:\/\/www.facebook.com\/institutodeengenharia","article_published_time":"2013-07-05T23:53:36+00:00","author":"TMax Tecnologia","twitter_card":"summary_large_image","twitter_creator":"@iengenharia","twitter_site":"@iengenharia","twitter_misc":{"Escrito por":"TMax Tecnologia","Est. tempo de leitura":"2 minutos"},"schema":{"@context":"https:\/\/schema.org","@graph":[{"@type":"Article","@id":"https:\/\/www.institutodeengenharia.org.br\/site\/2013\/07\/05\/metro-de-sao-paulo-ganha-dez-bicicletarios-nesta-sexta\/#article","isPartOf":{"@id":"https:\/\/www.institutodeengenharia.org.br\/site\/2013\/07\/05\/metro-de-sao-paulo-ganha-dez-bicicletarios-nesta-sexta\/"},"author":{"name":"TMax Tecnologia","@id":"https:\/\/www.institutodeengenharia.org.br\/site\/#\/schema\/person\/3b1ff109facef084739fc2edcb9a127f"},"headline":"Metr\u00f4 de S\u00e3o Paulo ganha dez biciclet\u00e1rios nesta sexta","datePublished":"2013-07-05T23:53:36+00:00","mainEntityOfPage":{"@id":"https:\/\/www.institutodeengenharia.org.br\/site\/2013\/07\/05\/metro-de-sao-paulo-ganha-dez-bicicletarios-nesta-sexta\/"},"wordCount":329,"commentCount":0,"publisher":{"@id":"https:\/\/www.institutodeengenharia.org.br\/site\/#organization"},"articleSection":["Not\u00edcias","Transportes"],"inLanguage":"pt-BR","potentialAction":[{"@type":"CommentAction","name":"Comment","target":["https:\/\/www.institutodeengenharia.org.br\/site\/2013\/07\/05\/metro-de-sao-paulo-ganha-dez-bicicletarios-nesta-sexta\/#respond"]}]},{"@type":"WebPage","@id":"https:\/\/www.institutodeengenharia.org.br\/site\/2013\/07\/05\/metro-de-sao-paulo-ganha-dez-bicicletarios-nesta-sexta\/","url":"https:\/\/www.institutodeengenharia.org.br\/site\/2013\/07\/05\/metro-de-sao-paulo-ganha-dez-bicicletarios-nesta-sexta\/","name":"Metr\u00f4 de S\u00e3o Paulo ganha dez biciclet\u00e1rios nesta sexta - Instituto de Engenharia","isPartOf":{"@id":"https:\/\/www.institutodeengenharia.org.br\/site\/#website"},"datePublished":"2013-07-05T23:53:36+00:00","breadcrumb":{"@id":"https:\/\/www.institutodeengenharia.org.br\/site\/2013\/07\/05\/metro-de-sao-paulo-ganha-dez-bicicletarios-nesta-sexta\/#breadcrumb"},"inLanguage":"pt-BR","potentialAction":[{"@type":"ReadAction","target":["https:\/\/www.institutodeengenharia.org.br\/site\/2013\/07\/05\/metro-de-sao-paulo-ganha-dez-bicicletarios-nesta-sexta\/"]}]},{"@type":"BreadcrumbList","@id":"https:\/\/www.institutodeengenharia.org.br\/site\/2013\/07\/05\/metro-de-sao-paulo-ganha-dez-bicicletarios-nesta-sexta\/#breadcrumb","itemListElement":[{"@type":"ListItem","position":1,"name":"In\u00edcio","item":"https:\/\/www.institutodeengenharia.org.br\/site\/"},{"@type":"ListItem","position":2,"name":"Metr\u00f4 de S\u00e3o Paulo ganha dez biciclet\u00e1rios nesta sexta"}]},{"@type":"WebSite","@id":"https:\/\/www.institutodeengenharia.org.br\/site\/#website","url":"https:\/\/www.institutodeengenharia.org.br\/site\/","name":"Instituto de Engenharia","description":"O Instituto de Engenharia promove a Engenharia em benef\u00edcio do desenvolvimento e da qualidade de vida da sociedade.","publisher":{"@id":"https:\/\/www.institutodeengenharia.org.br\/site\/#organization"},"potentialAction":[{"@type":"SearchAction","target":{"@type":"EntryPoint","urlTemplate":"https:\/\/www.institutodeengenharia.org.br\/site\/?s={search_term_string}"},"query-input":{"@type":"PropertyValueSpecification","valueRequired":true,"valueName":"search_term_string"}}],"inLanguage":"pt-BR"},{"@type":"Organization","@id":"https:\/\/www.institutodeengenharia.org.br\/site\/#organization","name":"Instituto de Engenharia","url":"https:\/\/www.institutodeengenharia.org.br\/site\/","logo":{"@type":"ImageObject","inLanguage":"pt-BR","@id":"https:\/\/www.institutodeengenharia.org.br\/site\/#\/schema\/logo\/image\/","url":"https:\/\/www.institutodeengenharia.org.br\/site\/wp-content\/uploads\/2019\/03\/logo-novo-IE2018-1.jpg","contentUrl":"https:\/\/www.institutodeengenharia.org.br\/site\/wp-content\/uploads\/2019\/03\/logo-novo-IE2018-1.jpg","width":1486,"height":1879,"caption":"Instituto de Engenharia"},"image":{"@id":"https:\/\/www.institutodeengenharia.org.br\/site\/#\/schema\/logo\/image\/"},"sameAs":["https:\/\/www.facebook.com\/institutodeengenharia","https:\/\/x.com\/iengenharia","https:\/\/www.instagram.com\/institutodeengenharia\/","https:\/\/www.linkedin.com\/company\/instituto-de-engenharia\/","https:\/\/www.youtube.com\/channel\/UCXiCAlsSMe977vamW915HxA"]},{"@type":"Person","@id":"https:\/\/www.institutodeengenharia.org.br\/site\/#\/schema\/person\/3b1ff109facef084739fc2edcb9a127f","name":"TMax Tecnologia","image":{"@type":"ImageObject","inLanguage":"pt-BR","@id":"https:\/\/secure.gravatar.com\/avatar\/f912434ef7f389c92cb311fcdae346af848465d638912574b3c669070f797701?s=96&d=mm&r=g","url":"https:\/\/secure.gravatar.com\/avatar\/f912434ef7f389c92cb311fcdae346af848465d638912574b3c669070f797701?s=96&d=mm&r=g","contentUrl":"https:\/\/secure.gravatar.com\/avatar\/f912434ef7f389c92cb311fcdae346af848465d638912574b3c669070f797701?s=96&d=mm&r=g","caption":"TMax Tecnologia"},"url":"https:\/\/www.institutodeengenharia.org.br\/site\/author\/tmax\/"}]}},"_links":{"self":[{"href":"https:\/\/www.institutodeengenharia.org.br\/site\/wp-json\/wp\/v2\/posts\/23599","targetHints":{"allow":["GET"]}}],"collection":[{"href":"https:\/\/www.institutodeengenharia.org.br\/site\/wp-json\/wp\/v2\/posts"}],"about":[{"href":"https:\/\/www.institutodeengenharia.org.br\/site\/wp-json\/wp\/v2\/types\/post"}],"author":[{"embeddable":true,"href":"https:\/\/www.institutodeengenharia.org.br\/site\/wp-json\/wp\/v2\/users\/1"}],"replies":[{"embeddable":true,"href":"https:\/\/www.institutodeengenharia.org.br\/site\/wp-json\/wp\/v2\/comments?post=23599"}],"version-history":[{"count":0,"href":"https:\/\/www.institutodeengenharia.org.br\/site\/wp-json\/wp\/v2\/posts\/23599\/revisions"}],"wp:attachment":[{"href":"https:\/\/www.institutodeengenharia.org.br\/site\/wp-json\/wp\/v2\/media?parent=23599"}],"wp:term":[{"taxonomy":"category","embeddable":true,"href":"https:\/\/www.institutodeengenharia.org.br\/site\/wp-json\/wp\/v2\/categories?post=23599"},{"taxonomy":"post_tag","embeddable":true,"href":"https:\/\/www.institutodeengenharia.org.br\/site\/wp-json\/wp\/v2\/tags?post=23599"}],"curies":[{"name":"wp","href":"https:\/\/api.w.org\/{rel}","templated":true}]}}