{"id":23578,"date":"2013-07-03T23:53:20","date_gmt":"2013-07-03T23:53:20","guid":{"rendered":"https:\/\/www.institutodeengenharia.org.br\/?p=23578"},"modified":"2013-07-03T11:37:57","modified_gmt":"2013-07-03T11:37:57","slug":"ferrovia-que-ligara-minas-gerais-a-bahia-esta-orcada-em-r-106-bilhoes","status":"publish","type":"post","link":"https:\/\/www.institutodeengenharia.org.br\/site\/2013\/07\/03\/ferrovia-que-ligara-minas-gerais-a-bahia-esta-orcada-em-r-106-bilhoes\/","title":{"rendered":"Ferrovia que ligar\u00e1 Minas Gerais \u00e0 Bahia est\u00e1 or\u00e7ada em R$ 10,6 bilh\u00f5es"},"content":{"rendered":"<p>O custo de implanta\u00e7\u00e3o da ferrovia que ligar\u00e1 Belo Horizonte, em Minas Gerais, a Candeias, na Regi\u00e3o Metropolitana de Salvador (BA), est\u00e1 estimado em R$ 10,66 bilh\u00f5es, de acordo com o projeto de engenharia apresentado recentemente pela Ag\u00eancia Nacional de Transportes Terrestres (ANTT). O trecho ter\u00e1 1.419 km de extens\u00e3o. <\/p>\n<p>A ferrovia deve passar por 27 munic\u00edpios de Minas Gerais: Capit\u00e3o Eduardo, Santa Luzia, Vespasiano, S\u00e3o Jos\u00e9 da Lapa, Pedro Leopoldo, Matozinhos, Prudente de Morais, Sete Lagoas, Ara\u00e7a\u00ed, Cordisburgo, Curvelo, Corinto, Augusto de Lima, Buen\u00f3polis, Joaquim Fel\u00edcio, Bocai\u00fava, Engenheiro Navarro, Glaucil\u00e2ndia, Montes Claros, Francisco S\u00e1, Capit\u00e3o En\u00e9as, Jana\u00faba, Verdel\u00e2ndia, Pai Pedro, Gameleiras e Espinosa. <\/p>\n<p>J\u00e1 na Bahia o sistema contemplar\u00e1 25 cidades: Sebasti\u00e3o Laranjeiras, Urandi, Pinda\u00ed, Candiba, Guanambi, Manoel Vitorino, Barra da Estiva, Iramaia, Marac\u00e1s, Marcion\u00edlio Souza, Ia\u00e7u, Boa Vista do Tupim, Itatim, Santa Teresinha, Castro Alves, Rafael Jambeiro, Ipecaet\u00e1, Ant\u00f4nio Cardoso, Feira de Santana, Anguera, Concei\u00e7\u00e3o do Jacu\u00edpe, Santo Amaro, Am\u00e9lia Rodrigues, S\u00e3o Sebasti\u00e3o do Pass\u00e9, Candeias. <\/p>\n<p>Ao longo da ferrovia ser\u00e3o criados 191 obras de arte especiais (pontes e viadutos) para transpor cursos d&#039;\u00e1gua e p\u00e1tios de manuten\u00e7\u00e3o a cada 300 quil\u00f4metros. O percurso deve ser conclu\u00eddo em pelo menos 19 horas e 30 minutos, segundo as estimativas iniciais. <\/p>\n<p>A expectativa \u00e9 que a obra na ferrovia leve 44 meses para ser conclu\u00eddo. <\/p>\n<p>Os interessados podem encaminhar suas contribui\u00e7\u00f5es sobre o tra\u00e7ado do projeto at\u00e9 19 de julho pelo site da ANTT ou pelo correio (SCES, Lote 10, Trecho 03, Projeto Orla &#8211; Polo 08 &#8211; Bras\u00edlia\/DF &#8211; CEP 70200-003). <\/p>\n<p><b>Autor: PiniWeb<\/b><\/p>\n","protected":false},"excerpt":{"rendered":"<p>Interessados podem encaminhar suas contribui\u00e7\u00f5es sobre o tra\u00e7ado do projeto de 1.419 km de extens\u00e3o at\u00e9 19 de julho<\/p>\n","protected":false},"author":1,"featured_media":0,"comment_status":"open","ping_status":"open","sticky":false,"template":"","format":"standard","meta":{"footnotes":""},"categories":[6,41],"tags":[],"class_list":{"0":"post-23578","1":"post","2":"type-post","3":"status-publish","4":"format-standard","6":"category-noticias","7":"category-transportes"},"yoast_head":"<!-- This site is optimized with the Yoast SEO plugin v27.2 - https:\/\/yoast.com\/product\/yoast-seo-wordpress\/ -->\n<title>Ferrovia que ligar\u00e1 Minas Gerais \u00e0 Bahia est\u00e1 or\u00e7ada em R$ 10,6 bilh\u00f5es - Instituto de Engenharia<\/title>\n<meta name=\"robots\" content=\"index, follow, max-snippet:-1, max-image-preview:large, max-video-preview:-1\" \/>\n<link rel=\"canonical\" href=\"https:\/\/www.institutodeengenharia.org.br\/site\/2013\/07\/03\/ferrovia-que-ligara-minas-gerais-a-bahia-esta-orcada-em-r-106-bilhoes\/\" \/>\n<meta property=\"og:locale\" content=\"pt_BR\" \/>\n<meta property=\"og:type\" content=\"article\" \/>\n<meta property=\"og:title\" content=\"Ferrovia que ligar\u00e1 Minas Gerais \u00e0 Bahia est\u00e1 or\u00e7ada em R$ 10,6 bilh\u00f5es - Instituto de Engenharia\" \/>\n<meta property=\"og:description\" content=\"Interessados podem encaminhar suas contribui\u00e7\u00f5es sobre o tra\u00e7ado do projeto de 1.419 km de extens\u00e3o at\u00e9 19 de julho\" \/>\n<meta property=\"og:url\" content=\"https:\/\/www.institutodeengenharia.org.br\/site\/2013\/07\/03\/ferrovia-que-ligara-minas-gerais-a-bahia-esta-orcada-em-r-106-bilhoes\/\" \/>\n<meta property=\"og:site_name\" content=\"Instituto de Engenharia\" \/>\n<meta property=\"article:publisher\" content=\"https:\/\/www.facebook.com\/institutodeengenharia\" \/>\n<meta property=\"article:published_time\" content=\"2013-07-03T23:53:20+00:00\" \/>\n<meta name=\"author\" content=\"TMax Tecnologia\" \/>\n<meta name=\"twitter:card\" content=\"summary_large_image\" \/>\n<meta name=\"twitter:creator\" content=\"@iengenharia\" \/>\n<meta name=\"twitter:site\" content=\"@iengenharia\" \/>\n<meta name=\"twitter:label1\" content=\"Escrito por\" \/>\n\t<meta name=\"twitter:data1\" content=\"TMax Tecnologia\" \/>\n\t<meta name=\"twitter:label2\" content=\"Est. tempo de leitura\" \/>\n\t<meta name=\"twitter:data2\" content=\"1 minuto\" \/>\n<script type=\"application\/ld+json\" class=\"yoast-schema-graph\">{\"@context\":\"https:\/\/schema.org\",\"@graph\":[{\"@type\":\"Article\",\"@id\":\"https:\/\/www.institutodeengenharia.org.br\/site\/2013\/07\/03\/ferrovia-que-ligara-minas-gerais-a-bahia-esta-orcada-em-r-106-bilhoes\/#article\",\"isPartOf\":{\"@id\":\"https:\/\/www.institutodeengenharia.org.br\/site\/2013\/07\/03\/ferrovia-que-ligara-minas-gerais-a-bahia-esta-orcada-em-r-106-bilhoes\/\"},\"author\":{\"name\":\"TMax Tecnologia\",\"@id\":\"https:\/\/www.institutodeengenharia.org.br\/site\/#\/schema\/person\/3b1ff109facef084739fc2edcb9a127f\"},\"headline\":\"Ferrovia que ligar\u00e1 Minas Gerais \u00e0 Bahia est\u00e1 or\u00e7ada em R$ 10,6 bilh\u00f5es\",\"datePublished\":\"2013-07-03T23:53:20+00:00\",\"mainEntityOfPage\":{\"@id\":\"https:\/\/www.institutodeengenharia.org.br\/site\/2013\/07\/03\/ferrovia-que-ligara-minas-gerais-a-bahia-esta-orcada-em-r-106-bilhoes\/\"},\"wordCount\":291,\"commentCount\":0,\"publisher\":{\"@id\":\"https:\/\/www.institutodeengenharia.org.br\/site\/#organization\"},\"articleSection\":[\"Not\u00edcias\",\"Transportes\"],\"inLanguage\":\"pt-BR\",\"potentialAction\":[{\"@type\":\"CommentAction\",\"name\":\"Comment\",\"target\":[\"https:\/\/www.institutodeengenharia.org.br\/site\/2013\/07\/03\/ferrovia-que-ligara-minas-gerais-a-bahia-esta-orcada-em-r-106-bilhoes\/#respond\"]}]},{\"@type\":\"WebPage\",\"@id\":\"https:\/\/www.institutodeengenharia.org.br\/site\/2013\/07\/03\/ferrovia-que-ligara-minas-gerais-a-bahia-esta-orcada-em-r-106-bilhoes\/\",\"url\":\"https:\/\/www.institutodeengenharia.org.br\/site\/2013\/07\/03\/ferrovia-que-ligara-minas-gerais-a-bahia-esta-orcada-em-r-106-bilhoes\/\",\"name\":\"Ferrovia que ligar\u00e1 Minas Gerais \u00e0 Bahia est\u00e1 or\u00e7ada em R$ 10,6 bilh\u00f5es - Instituto de Engenharia\",\"isPartOf\":{\"@id\":\"https:\/\/www.institutodeengenharia.org.br\/site\/#website\"},\"datePublished\":\"2013-07-03T23:53:20+00:00\",\"breadcrumb\":{\"@id\":\"https:\/\/www.institutodeengenharia.org.br\/site\/2013\/07\/03\/ferrovia-que-ligara-minas-gerais-a-bahia-esta-orcada-em-r-106-bilhoes\/#breadcrumb\"},\"inLanguage\":\"pt-BR\",\"potentialAction\":[{\"@type\":\"ReadAction\",\"target\":[\"https:\/\/www.institutodeengenharia.org.br\/site\/2013\/07\/03\/ferrovia-que-ligara-minas-gerais-a-bahia-esta-orcada-em-r-106-bilhoes\/\"]}]},{\"@type\":\"BreadcrumbList\",\"@id\":\"https:\/\/www.institutodeengenharia.org.br\/site\/2013\/07\/03\/ferrovia-que-ligara-minas-gerais-a-bahia-esta-orcada-em-r-106-bilhoes\/#breadcrumb\",\"itemListElement\":[{\"@type\":\"ListItem\",\"position\":1,\"name\":\"In\u00edcio\",\"item\":\"https:\/\/www.institutodeengenharia.org.br\/site\/\"},{\"@type\":\"ListItem\",\"position\":2,\"name\":\"Ferrovia que ligar\u00e1 Minas Gerais \u00e0 Bahia est\u00e1 or\u00e7ada em R$ 10,6 bilh\u00f5es\"}]},{\"@type\":\"WebSite\",\"@id\":\"https:\/\/www.institutodeengenharia.org.br\/site\/#website\",\"url\":\"https:\/\/www.institutodeengenharia.org.br\/site\/\",\"name\":\"Instituto de Engenharia\",\"description\":\"O Instituto de Engenharia promove a Engenharia em benef\u00edcio do desenvolvimento e da qualidade de vida da sociedade.\",\"publisher\":{\"@id\":\"https:\/\/www.institutodeengenharia.org.br\/site\/#organization\"},\"potentialAction\":[{\"@type\":\"SearchAction\",\"target\":{\"@type\":\"EntryPoint\",\"urlTemplate\":\"https:\/\/www.institutodeengenharia.org.br\/site\/?s={search_term_string}\"},\"query-input\":{\"@type\":\"PropertyValueSpecification\",\"valueRequired\":true,\"valueName\":\"search_term_string\"}}],\"inLanguage\":\"pt-BR\"},{\"@type\":\"Organization\",\"@id\":\"https:\/\/www.institutodeengenharia.org.br\/site\/#organization\",\"name\":\"Instituto de Engenharia\",\"url\":\"https:\/\/www.institutodeengenharia.org.br\/site\/\",\"logo\":{\"@type\":\"ImageObject\",\"inLanguage\":\"pt-BR\",\"@id\":\"https:\/\/www.institutodeengenharia.org.br\/site\/#\/schema\/logo\/image\/\",\"url\":\"https:\/\/www.institutodeengenharia.org.br\/site\/wp-content\/uploads\/2019\/03\/logo-novo-IE2018-1.jpg\",\"contentUrl\":\"https:\/\/www.institutodeengenharia.org.br\/site\/wp-content\/uploads\/2019\/03\/logo-novo-IE2018-1.jpg\",\"width\":1486,\"height\":1879,\"caption\":\"Instituto de Engenharia\"},\"image\":{\"@id\":\"https:\/\/www.institutodeengenharia.org.br\/site\/#\/schema\/logo\/image\/\"},\"sameAs\":[\"https:\/\/www.facebook.com\/institutodeengenharia\",\"https:\/\/x.com\/iengenharia\",\"https:\/\/www.instagram.com\/institutodeengenharia\/\",\"https:\/\/www.linkedin.com\/company\/instituto-de-engenharia\/\",\"https:\/\/www.youtube.com\/channel\/UCXiCAlsSMe977vamW915HxA\"]},{\"@type\":\"Person\",\"@id\":\"https:\/\/www.institutodeengenharia.org.br\/site\/#\/schema\/person\/3b1ff109facef084739fc2edcb9a127f\",\"name\":\"TMax Tecnologia\",\"image\":{\"@type\":\"ImageObject\",\"inLanguage\":\"pt-BR\",\"@id\":\"https:\/\/secure.gravatar.com\/avatar\/f912434ef7f389c92cb311fcdae346af848465d638912574b3c669070f797701?s=96&d=mm&r=g\",\"url\":\"https:\/\/secure.gravatar.com\/avatar\/f912434ef7f389c92cb311fcdae346af848465d638912574b3c669070f797701?s=96&d=mm&r=g\",\"contentUrl\":\"https:\/\/secure.gravatar.com\/avatar\/f912434ef7f389c92cb311fcdae346af848465d638912574b3c669070f797701?s=96&d=mm&r=g\",\"caption\":\"TMax Tecnologia\"},\"url\":\"https:\/\/www.institutodeengenharia.org.br\/site\/author\/tmax\/\"}]}<\/script>\n<!-- \/ Yoast SEO plugin. -->","yoast_head_json":{"title":"Ferrovia que ligar\u00e1 Minas Gerais \u00e0 Bahia est\u00e1 or\u00e7ada em R$ 10,6 bilh\u00f5es - Instituto de Engenharia","robots":{"index":"index","follow":"follow","max-snippet":"max-snippet:-1","max-image-preview":"max-image-preview:large","max-video-preview":"max-video-preview:-1"},"canonical":"https:\/\/www.institutodeengenharia.org.br\/site\/2013\/07\/03\/ferrovia-que-ligara-minas-gerais-a-bahia-esta-orcada-em-r-106-bilhoes\/","og_locale":"pt_BR","og_type":"article","og_title":"Ferrovia que ligar\u00e1 Minas Gerais \u00e0 Bahia est\u00e1 or\u00e7ada em R$ 10,6 bilh\u00f5es - Instituto de Engenharia","og_description":"Interessados podem encaminhar suas contribui\u00e7\u00f5es sobre o tra\u00e7ado do projeto de 1.419 km de extens\u00e3o at\u00e9 19 de julho","og_url":"https:\/\/www.institutodeengenharia.org.br\/site\/2013\/07\/03\/ferrovia-que-ligara-minas-gerais-a-bahia-esta-orcada-em-r-106-bilhoes\/","og_site_name":"Instituto de Engenharia","article_publisher":"https:\/\/www.facebook.com\/institutodeengenharia","article_published_time":"2013-07-03T23:53:20+00:00","author":"TMax Tecnologia","twitter_card":"summary_large_image","twitter_creator":"@iengenharia","twitter_site":"@iengenharia","twitter_misc":{"Escrito por":"TMax Tecnologia","Est. tempo de leitura":"1 minuto"},"schema":{"@context":"https:\/\/schema.org","@graph":[{"@type":"Article","@id":"https:\/\/www.institutodeengenharia.org.br\/site\/2013\/07\/03\/ferrovia-que-ligara-minas-gerais-a-bahia-esta-orcada-em-r-106-bilhoes\/#article","isPartOf":{"@id":"https:\/\/www.institutodeengenharia.org.br\/site\/2013\/07\/03\/ferrovia-que-ligara-minas-gerais-a-bahia-esta-orcada-em-r-106-bilhoes\/"},"author":{"name":"TMax Tecnologia","@id":"https:\/\/www.institutodeengenharia.org.br\/site\/#\/schema\/person\/3b1ff109facef084739fc2edcb9a127f"},"headline":"Ferrovia que ligar\u00e1 Minas Gerais \u00e0 Bahia est\u00e1 or\u00e7ada em R$ 10,6 bilh\u00f5es","datePublished":"2013-07-03T23:53:20+00:00","mainEntityOfPage":{"@id":"https:\/\/www.institutodeengenharia.org.br\/site\/2013\/07\/03\/ferrovia-que-ligara-minas-gerais-a-bahia-esta-orcada-em-r-106-bilhoes\/"},"wordCount":291,"commentCount":0,"publisher":{"@id":"https:\/\/www.institutodeengenharia.org.br\/site\/#organization"},"articleSection":["Not\u00edcias","Transportes"],"inLanguage":"pt-BR","potentialAction":[{"@type":"CommentAction","name":"Comment","target":["https:\/\/www.institutodeengenharia.org.br\/site\/2013\/07\/03\/ferrovia-que-ligara-minas-gerais-a-bahia-esta-orcada-em-r-106-bilhoes\/#respond"]}]},{"@type":"WebPage","@id":"https:\/\/www.institutodeengenharia.org.br\/site\/2013\/07\/03\/ferrovia-que-ligara-minas-gerais-a-bahia-esta-orcada-em-r-106-bilhoes\/","url":"https:\/\/www.institutodeengenharia.org.br\/site\/2013\/07\/03\/ferrovia-que-ligara-minas-gerais-a-bahia-esta-orcada-em-r-106-bilhoes\/","name":"Ferrovia que ligar\u00e1 Minas Gerais \u00e0 Bahia est\u00e1 or\u00e7ada em R$ 10,6 bilh\u00f5es - Instituto de Engenharia","isPartOf":{"@id":"https:\/\/www.institutodeengenharia.org.br\/site\/#website"},"datePublished":"2013-07-03T23:53:20+00:00","breadcrumb":{"@id":"https:\/\/www.institutodeengenharia.org.br\/site\/2013\/07\/03\/ferrovia-que-ligara-minas-gerais-a-bahia-esta-orcada-em-r-106-bilhoes\/#breadcrumb"},"inLanguage":"pt-BR","potentialAction":[{"@type":"ReadAction","target":["https:\/\/www.institutodeengenharia.org.br\/site\/2013\/07\/03\/ferrovia-que-ligara-minas-gerais-a-bahia-esta-orcada-em-r-106-bilhoes\/"]}]},{"@type":"BreadcrumbList","@id":"https:\/\/www.institutodeengenharia.org.br\/site\/2013\/07\/03\/ferrovia-que-ligara-minas-gerais-a-bahia-esta-orcada-em-r-106-bilhoes\/#breadcrumb","itemListElement":[{"@type":"ListItem","position":1,"name":"In\u00edcio","item":"https:\/\/www.institutodeengenharia.org.br\/site\/"},{"@type":"ListItem","position":2,"name":"Ferrovia que ligar\u00e1 Minas Gerais \u00e0 Bahia est\u00e1 or\u00e7ada em R$ 10,6 bilh\u00f5es"}]},{"@type":"WebSite","@id":"https:\/\/www.institutodeengenharia.org.br\/site\/#website","url":"https:\/\/www.institutodeengenharia.org.br\/site\/","name":"Instituto de Engenharia","description":"O Instituto de Engenharia promove a Engenharia em benef\u00edcio do desenvolvimento e da qualidade de vida da sociedade.","publisher":{"@id":"https:\/\/www.institutodeengenharia.org.br\/site\/#organization"},"potentialAction":[{"@type":"SearchAction","target":{"@type":"EntryPoint","urlTemplate":"https:\/\/www.institutodeengenharia.org.br\/site\/?s={search_term_string}"},"query-input":{"@type":"PropertyValueSpecification","valueRequired":true,"valueName":"search_term_string"}}],"inLanguage":"pt-BR"},{"@type":"Organization","@id":"https:\/\/www.institutodeengenharia.org.br\/site\/#organization","name":"Instituto de Engenharia","url":"https:\/\/www.institutodeengenharia.org.br\/site\/","logo":{"@type":"ImageObject","inLanguage":"pt-BR","@id":"https:\/\/www.institutodeengenharia.org.br\/site\/#\/schema\/logo\/image\/","url":"https:\/\/www.institutodeengenharia.org.br\/site\/wp-content\/uploads\/2019\/03\/logo-novo-IE2018-1.jpg","contentUrl":"https:\/\/www.institutodeengenharia.org.br\/site\/wp-content\/uploads\/2019\/03\/logo-novo-IE2018-1.jpg","width":1486,"height":1879,"caption":"Instituto de Engenharia"},"image":{"@id":"https:\/\/www.institutodeengenharia.org.br\/site\/#\/schema\/logo\/image\/"},"sameAs":["https:\/\/www.facebook.com\/institutodeengenharia","https:\/\/x.com\/iengenharia","https:\/\/www.instagram.com\/institutodeengenharia\/","https:\/\/www.linkedin.com\/company\/instituto-de-engenharia\/","https:\/\/www.youtube.com\/channel\/UCXiCAlsSMe977vamW915HxA"]},{"@type":"Person","@id":"https:\/\/www.institutodeengenharia.org.br\/site\/#\/schema\/person\/3b1ff109facef084739fc2edcb9a127f","name":"TMax Tecnologia","image":{"@type":"ImageObject","inLanguage":"pt-BR","@id":"https:\/\/secure.gravatar.com\/avatar\/f912434ef7f389c92cb311fcdae346af848465d638912574b3c669070f797701?s=96&d=mm&r=g","url":"https:\/\/secure.gravatar.com\/avatar\/f912434ef7f389c92cb311fcdae346af848465d638912574b3c669070f797701?s=96&d=mm&r=g","contentUrl":"https:\/\/secure.gravatar.com\/avatar\/f912434ef7f389c92cb311fcdae346af848465d638912574b3c669070f797701?s=96&d=mm&r=g","caption":"TMax Tecnologia"},"url":"https:\/\/www.institutodeengenharia.org.br\/site\/author\/tmax\/"}]}},"_links":{"self":[{"href":"https:\/\/www.institutodeengenharia.org.br\/site\/wp-json\/wp\/v2\/posts\/23578","targetHints":{"allow":["GET"]}}],"collection":[{"href":"https:\/\/www.institutodeengenharia.org.br\/site\/wp-json\/wp\/v2\/posts"}],"about":[{"href":"https:\/\/www.institutodeengenharia.org.br\/site\/wp-json\/wp\/v2\/types\/post"}],"author":[{"embeddable":true,"href":"https:\/\/www.institutodeengenharia.org.br\/site\/wp-json\/wp\/v2\/users\/1"}],"replies":[{"embeddable":true,"href":"https:\/\/www.institutodeengenharia.org.br\/site\/wp-json\/wp\/v2\/comments?post=23578"}],"version-history":[{"count":0,"href":"https:\/\/www.institutodeengenharia.org.br\/site\/wp-json\/wp\/v2\/posts\/23578\/revisions"}],"wp:attachment":[{"href":"https:\/\/www.institutodeengenharia.org.br\/site\/wp-json\/wp\/v2\/media?parent=23578"}],"wp:term":[{"taxonomy":"category","embeddable":true,"href":"https:\/\/www.institutodeengenharia.org.br\/site\/wp-json\/wp\/v2\/categories?post=23578"},{"taxonomy":"post_tag","embeddable":true,"href":"https:\/\/www.institutodeengenharia.org.br\/site\/wp-json\/wp\/v2\/tags?post=23578"}],"curies":[{"name":"wp","href":"https:\/\/api.w.org\/{rel}","templated":true}]}}