{"id":23570,"date":"2013-07-02T23:53:13","date_gmt":"2013-07-02T23:53:13","guid":{"rendered":"https:\/\/www.institutodeengenharia.org.br\/?p=23570"},"modified":"2013-07-02T11:12:56","modified_gmt":"2013-07-02T11:12:56","slug":"metro-de-sao-paulo-adia-entrega-de-tres-estacoes","status":"publish","type":"post","link":"https:\/\/www.institutodeengenharia.org.br\/site\/2013\/07\/02\/metro-de-sao-paulo-adia-entrega-de-tres-estacoes\/","title":{"rendered":"Metr\u00f4 de S\u00e3o Paulo adia entrega de tr\u00eas esta\u00e7\u00f5es"},"content":{"rendered":"<p>O governo Geraldo Alckmin (PSDB) adiar\u00e1 a entrega de tr\u00eas esta\u00e7\u00f5es de metr\u00f4 &#8211; Adolfo Pinheiro, Vila Prudente e Orat\u00f3rio -, previstas para serem inauguradas at\u00e9 dezembro. Elas s\u00f3 ficar\u00e3o prontas em 2014, quando haver\u00e1 nova disputa eleitoral. Com isso, em 2014, o Metr\u00f4 de S\u00e3o Paulo promete abrir o maior n\u00famero de esta\u00e7\u00f5es da hist\u00f3ria em um \u00fanico ano. <\/p>\n<p>Ser\u00e3o 23 paradas, em quatro linhas diferentes: 4-Amarela, 5-Lil\u00e1s, 15-Prata e 17-Ouro &#8211; as duas \u00faltimas, monotrilhos. A quantidade representa um acr\u00e9scimo de 30% \u00e0 rede atual, que tem 67 esta\u00e7\u00f5es. Mas nem todas v\u00e3o operar integralmente assim que abrirem as portas. <\/p>\n<p>Nesta segunda-feira, o secret\u00e1rio estadual dos Transportes Metropolitanos, Jurandir Fernandes, afirmou que a Esta\u00e7\u00e3o Adolfo Pinheiro, na Linha 5, ser\u00e1 entregue apenas no dia do anivers\u00e1rio da capital paulista, em 25 de janeiro. Essa parada, em obras desde agosto de 2009, estava prevista para 2013. <\/p>\n<p>&#8220;Possivelmente, ela estar\u00e1 em testes, com os trens fazendo o percurso interno e com as portas de plataforma no final de novembro, come\u00e7o de dezembro. Mas a gente quer fazer um marco de abertura oficial, marcando a data de 25 de janeiro&#8221;, disse. As outras duas esta\u00e7\u00f5es que abririam neste ano, Vila Prudente e Orat\u00f3rio, na Linha 15-Prata, tamb\u00e9m foram adiadas. <\/p>\n<p>Somadas \u00e0s demais esta\u00e7\u00f5es que foram prometidas para 2014, a capital ganhar\u00e1 18,6 km de trilhos em 2014 &#8211; hoje, a extens\u00e3o da rede metrovi\u00e1ria \u00e9 de 74,2 km. O sistema n\u00e3o cresce h\u00e1 quase dois anos. As \u00faltimas paradas entregues \u00e0 popula\u00e7\u00e3o (Rep\u00fablica e Luz, na Linha 4) abriram as portas em 15 de setembro de 2011. <\/p>\n<p>Boa parte dessas esta\u00e7\u00f5es, por\u00e9m, s\u00f3 estar\u00e1 totalmente \u00e0 disposi\u00e7\u00e3o dos passageiros em 2015. \u00c9 que, nos primeiros meses, elas abrir\u00e3o para opera\u00e7\u00f5es assistidas. O diretor de Planejamento e Expans\u00e3o do Metr\u00f4, La\u00e9rcio Mauro Santoro Biazotti, admitiu em palestra em junho que o conforto dos passageiros vai &#8220;melhorar um pouco&#8221; somente em 2015, quando a expans\u00e3o da rede causar\u00e1 &#8220;uma descompress\u00e3o na ocupa\u00e7\u00e3o&#8221; dos trens. <\/p>\n<p>As primeiras oito esta\u00e7\u00f5es da Linha 17-Ouro, na zona sul, dever\u00e3o ter a faixa de inaugura\u00e7\u00e3o cortada em 2014, mas s\u00f3 em 2015 os passageiros poder\u00e3o desfrutar delas em qualquer hora do dia ou da noite. Trata-se do trecho ligando o Aeroporto de Congonhas \u00e0 Esta\u00e7\u00e3o Morumbi da Companhia Paulista de Trens Metropolitanos (CPTM), que passar\u00e1 pelo eixo da Avenida Jornalista Roberto Marinho.<\/p>\n<p><b>Autor: O Estado de S.Paulo<\/b><\/p>\n","protected":false},"excerpt":{"rendered":"<p>O governo Geraldo Alckmin (PSDB) adiar\u00e1 a entrega de tr\u00eas esta\u00e7\u00f5es de metr\u00f4 &#8211; Adolfo Pinheiro, Vila Prudente e Orat\u00f3rio -, previstas para serem inauguradas at\u00e9 dezembro. Elas s\u00f3 ficar\u00e3o prontas em 2014, quando haver\u00e1 nova disputa eleitoral. Com isso, em 2014, o Metr\u00f4 de S\u00e3o Paulo promete abrir o maior n\u00famero de esta\u00e7\u00f5es da [&hellip;]<\/p>\n","protected":false},"author":1,"featured_media":0,"comment_status":"open","ping_status":"open","sticky":false,"template":"","format":"standard","meta":{"footnotes":""},"categories":[6,41],"tags":[],"class_list":{"0":"post-23570","1":"post","2":"type-post","3":"status-publish","4":"format-standard","6":"category-noticias","7":"category-transportes"},"yoast_head":"<!-- This site is optimized with the Yoast SEO plugin v27.2 - https:\/\/yoast.com\/product\/yoast-seo-wordpress\/ -->\n<title>Metr\u00f4 de S\u00e3o Paulo adia entrega de tr\u00eas esta\u00e7\u00f5es - Instituto de Engenharia<\/title>\n<meta name=\"robots\" content=\"index, follow, max-snippet:-1, max-image-preview:large, max-video-preview:-1\" \/>\n<link rel=\"canonical\" href=\"https:\/\/www.institutodeengenharia.org.br\/site\/2013\/07\/02\/metro-de-sao-paulo-adia-entrega-de-tres-estacoes\/\" \/>\n<meta property=\"og:locale\" content=\"pt_BR\" \/>\n<meta property=\"og:type\" content=\"article\" \/>\n<meta property=\"og:title\" content=\"Metr\u00f4 de S\u00e3o Paulo adia entrega de tr\u00eas esta\u00e7\u00f5es - Instituto de Engenharia\" \/>\n<meta property=\"og:description\" content=\"O governo Geraldo Alckmin (PSDB) adiar\u00e1 a entrega de tr\u00eas esta\u00e7\u00f5es de metr\u00f4 &#8211; Adolfo Pinheiro, Vila Prudente e Orat\u00f3rio -, previstas para serem inauguradas at\u00e9 dezembro. Elas s\u00f3 ficar\u00e3o prontas em 2014, quando haver\u00e1 nova disputa eleitoral. Com isso, em 2014, o Metr\u00f4 de S\u00e3o Paulo promete abrir o maior n\u00famero de esta\u00e7\u00f5es da [&hellip;]\" \/>\n<meta property=\"og:url\" content=\"https:\/\/www.institutodeengenharia.org.br\/site\/2013\/07\/02\/metro-de-sao-paulo-adia-entrega-de-tres-estacoes\/\" \/>\n<meta property=\"og:site_name\" content=\"Instituto de Engenharia\" \/>\n<meta property=\"article:publisher\" content=\"https:\/\/www.facebook.com\/institutodeengenharia\" \/>\n<meta property=\"article:published_time\" content=\"2013-07-02T23:53:13+00:00\" \/>\n<meta name=\"author\" content=\"TMax Tecnologia\" \/>\n<meta name=\"twitter:card\" content=\"summary_large_image\" \/>\n<meta name=\"twitter:creator\" content=\"@iengenharia\" \/>\n<meta name=\"twitter:site\" content=\"@iengenharia\" \/>\n<meta name=\"twitter:label1\" content=\"Escrito por\" \/>\n\t<meta name=\"twitter:data1\" content=\"TMax Tecnologia\" \/>\n\t<meta name=\"twitter:label2\" content=\"Est. tempo de leitura\" \/>\n\t<meta name=\"twitter:data2\" content=\"2 minutos\" \/>\n<script type=\"application\/ld+json\" class=\"yoast-schema-graph\">{\"@context\":\"https:\/\/schema.org\",\"@graph\":[{\"@type\":\"Article\",\"@id\":\"https:\/\/www.institutodeengenharia.org.br\/site\/2013\/07\/02\/metro-de-sao-paulo-adia-entrega-de-tres-estacoes\/#article\",\"isPartOf\":{\"@id\":\"https:\/\/www.institutodeengenharia.org.br\/site\/2013\/07\/02\/metro-de-sao-paulo-adia-entrega-de-tres-estacoes\/\"},\"author\":{\"name\":\"TMax Tecnologia\",\"@id\":\"https:\/\/www.institutodeengenharia.org.br\/site\/#\/schema\/person\/3b1ff109facef084739fc2edcb9a127f\"},\"headline\":\"Metr\u00f4 de S\u00e3o Paulo adia entrega de tr\u00eas esta\u00e7\u00f5es\",\"datePublished\":\"2013-07-02T23:53:13+00:00\",\"mainEntityOfPage\":{\"@id\":\"https:\/\/www.institutodeengenharia.org.br\/site\/2013\/07\/02\/metro-de-sao-paulo-adia-entrega-de-tres-estacoes\/\"},\"wordCount\":426,\"commentCount\":0,\"publisher\":{\"@id\":\"https:\/\/www.institutodeengenharia.org.br\/site\/#organization\"},\"articleSection\":[\"Not\u00edcias\",\"Transportes\"],\"inLanguage\":\"pt-BR\",\"potentialAction\":[{\"@type\":\"CommentAction\",\"name\":\"Comment\",\"target\":[\"https:\/\/www.institutodeengenharia.org.br\/site\/2013\/07\/02\/metro-de-sao-paulo-adia-entrega-de-tres-estacoes\/#respond\"]}]},{\"@type\":\"WebPage\",\"@id\":\"https:\/\/www.institutodeengenharia.org.br\/site\/2013\/07\/02\/metro-de-sao-paulo-adia-entrega-de-tres-estacoes\/\",\"url\":\"https:\/\/www.institutodeengenharia.org.br\/site\/2013\/07\/02\/metro-de-sao-paulo-adia-entrega-de-tres-estacoes\/\",\"name\":\"Metr\u00f4 de S\u00e3o Paulo adia entrega de tr\u00eas esta\u00e7\u00f5es - Instituto de Engenharia\",\"isPartOf\":{\"@id\":\"https:\/\/www.institutodeengenharia.org.br\/site\/#website\"},\"datePublished\":\"2013-07-02T23:53:13+00:00\",\"breadcrumb\":{\"@id\":\"https:\/\/www.institutodeengenharia.org.br\/site\/2013\/07\/02\/metro-de-sao-paulo-adia-entrega-de-tres-estacoes\/#breadcrumb\"},\"inLanguage\":\"pt-BR\",\"potentialAction\":[{\"@type\":\"ReadAction\",\"target\":[\"https:\/\/www.institutodeengenharia.org.br\/site\/2013\/07\/02\/metro-de-sao-paulo-adia-entrega-de-tres-estacoes\/\"]}]},{\"@type\":\"BreadcrumbList\",\"@id\":\"https:\/\/www.institutodeengenharia.org.br\/site\/2013\/07\/02\/metro-de-sao-paulo-adia-entrega-de-tres-estacoes\/#breadcrumb\",\"itemListElement\":[{\"@type\":\"ListItem\",\"position\":1,\"name\":\"In\u00edcio\",\"item\":\"https:\/\/www.institutodeengenharia.org.br\/site\/\"},{\"@type\":\"ListItem\",\"position\":2,\"name\":\"Metr\u00f4 de S\u00e3o Paulo adia entrega de tr\u00eas esta\u00e7\u00f5es\"}]},{\"@type\":\"WebSite\",\"@id\":\"https:\/\/www.institutodeengenharia.org.br\/site\/#website\",\"url\":\"https:\/\/www.institutodeengenharia.org.br\/site\/\",\"name\":\"Instituto de Engenharia\",\"description\":\"O Instituto de Engenharia promove a Engenharia em benef\u00edcio do desenvolvimento e da qualidade de vida da sociedade.\",\"publisher\":{\"@id\":\"https:\/\/www.institutodeengenharia.org.br\/site\/#organization\"},\"potentialAction\":[{\"@type\":\"SearchAction\",\"target\":{\"@type\":\"EntryPoint\",\"urlTemplate\":\"https:\/\/www.institutodeengenharia.org.br\/site\/?s={search_term_string}\"},\"query-input\":{\"@type\":\"PropertyValueSpecification\",\"valueRequired\":true,\"valueName\":\"search_term_string\"}}],\"inLanguage\":\"pt-BR\"},{\"@type\":\"Organization\",\"@id\":\"https:\/\/www.institutodeengenharia.org.br\/site\/#organization\",\"name\":\"Instituto de Engenharia\",\"url\":\"https:\/\/www.institutodeengenharia.org.br\/site\/\",\"logo\":{\"@type\":\"ImageObject\",\"inLanguage\":\"pt-BR\",\"@id\":\"https:\/\/www.institutodeengenharia.org.br\/site\/#\/schema\/logo\/image\/\",\"url\":\"https:\/\/www.institutodeengenharia.org.br\/site\/wp-content\/uploads\/2019\/03\/logo-novo-IE2018-1.jpg\",\"contentUrl\":\"https:\/\/www.institutodeengenharia.org.br\/site\/wp-content\/uploads\/2019\/03\/logo-novo-IE2018-1.jpg\",\"width\":1486,\"height\":1879,\"caption\":\"Instituto de Engenharia\"},\"image\":{\"@id\":\"https:\/\/www.institutodeengenharia.org.br\/site\/#\/schema\/logo\/image\/\"},\"sameAs\":[\"https:\/\/www.facebook.com\/institutodeengenharia\",\"https:\/\/x.com\/iengenharia\",\"https:\/\/www.instagram.com\/institutodeengenharia\/\",\"https:\/\/www.linkedin.com\/company\/instituto-de-engenharia\/\",\"https:\/\/www.youtube.com\/channel\/UCXiCAlsSMe977vamW915HxA\"]},{\"@type\":\"Person\",\"@id\":\"https:\/\/www.institutodeengenharia.org.br\/site\/#\/schema\/person\/3b1ff109facef084739fc2edcb9a127f\",\"name\":\"TMax Tecnologia\",\"image\":{\"@type\":\"ImageObject\",\"inLanguage\":\"pt-BR\",\"@id\":\"https:\/\/secure.gravatar.com\/avatar\/f912434ef7f389c92cb311fcdae346af848465d638912574b3c669070f797701?s=96&d=mm&r=g\",\"url\":\"https:\/\/secure.gravatar.com\/avatar\/f912434ef7f389c92cb311fcdae346af848465d638912574b3c669070f797701?s=96&d=mm&r=g\",\"contentUrl\":\"https:\/\/secure.gravatar.com\/avatar\/f912434ef7f389c92cb311fcdae346af848465d638912574b3c669070f797701?s=96&d=mm&r=g\",\"caption\":\"TMax Tecnologia\"},\"url\":\"https:\/\/www.institutodeengenharia.org.br\/site\/author\/tmax\/\"}]}<\/script>\n<!-- \/ Yoast SEO plugin. -->","yoast_head_json":{"title":"Metr\u00f4 de S\u00e3o Paulo adia entrega de tr\u00eas esta\u00e7\u00f5es - Instituto de Engenharia","robots":{"index":"index","follow":"follow","max-snippet":"max-snippet:-1","max-image-preview":"max-image-preview:large","max-video-preview":"max-video-preview:-1"},"canonical":"https:\/\/www.institutodeengenharia.org.br\/site\/2013\/07\/02\/metro-de-sao-paulo-adia-entrega-de-tres-estacoes\/","og_locale":"pt_BR","og_type":"article","og_title":"Metr\u00f4 de S\u00e3o Paulo adia entrega de tr\u00eas esta\u00e7\u00f5es - Instituto de Engenharia","og_description":"O governo Geraldo Alckmin (PSDB) adiar\u00e1 a entrega de tr\u00eas esta\u00e7\u00f5es de metr\u00f4 &#8211; Adolfo Pinheiro, Vila Prudente e Orat\u00f3rio -, previstas para serem inauguradas at\u00e9 dezembro. Elas s\u00f3 ficar\u00e3o prontas em 2014, quando haver\u00e1 nova disputa eleitoral. Com isso, em 2014, o Metr\u00f4 de S\u00e3o Paulo promete abrir o maior n\u00famero de esta\u00e7\u00f5es da [&hellip;]","og_url":"https:\/\/www.institutodeengenharia.org.br\/site\/2013\/07\/02\/metro-de-sao-paulo-adia-entrega-de-tres-estacoes\/","og_site_name":"Instituto de Engenharia","article_publisher":"https:\/\/www.facebook.com\/institutodeengenharia","article_published_time":"2013-07-02T23:53:13+00:00","author":"TMax Tecnologia","twitter_card":"summary_large_image","twitter_creator":"@iengenharia","twitter_site":"@iengenharia","twitter_misc":{"Escrito por":"TMax Tecnologia","Est. tempo de leitura":"2 minutos"},"schema":{"@context":"https:\/\/schema.org","@graph":[{"@type":"Article","@id":"https:\/\/www.institutodeengenharia.org.br\/site\/2013\/07\/02\/metro-de-sao-paulo-adia-entrega-de-tres-estacoes\/#article","isPartOf":{"@id":"https:\/\/www.institutodeengenharia.org.br\/site\/2013\/07\/02\/metro-de-sao-paulo-adia-entrega-de-tres-estacoes\/"},"author":{"name":"TMax Tecnologia","@id":"https:\/\/www.institutodeengenharia.org.br\/site\/#\/schema\/person\/3b1ff109facef084739fc2edcb9a127f"},"headline":"Metr\u00f4 de S\u00e3o Paulo adia entrega de tr\u00eas esta\u00e7\u00f5es","datePublished":"2013-07-02T23:53:13+00:00","mainEntityOfPage":{"@id":"https:\/\/www.institutodeengenharia.org.br\/site\/2013\/07\/02\/metro-de-sao-paulo-adia-entrega-de-tres-estacoes\/"},"wordCount":426,"commentCount":0,"publisher":{"@id":"https:\/\/www.institutodeengenharia.org.br\/site\/#organization"},"articleSection":["Not\u00edcias","Transportes"],"inLanguage":"pt-BR","potentialAction":[{"@type":"CommentAction","name":"Comment","target":["https:\/\/www.institutodeengenharia.org.br\/site\/2013\/07\/02\/metro-de-sao-paulo-adia-entrega-de-tres-estacoes\/#respond"]}]},{"@type":"WebPage","@id":"https:\/\/www.institutodeengenharia.org.br\/site\/2013\/07\/02\/metro-de-sao-paulo-adia-entrega-de-tres-estacoes\/","url":"https:\/\/www.institutodeengenharia.org.br\/site\/2013\/07\/02\/metro-de-sao-paulo-adia-entrega-de-tres-estacoes\/","name":"Metr\u00f4 de S\u00e3o Paulo adia entrega de tr\u00eas esta\u00e7\u00f5es - Instituto de Engenharia","isPartOf":{"@id":"https:\/\/www.institutodeengenharia.org.br\/site\/#website"},"datePublished":"2013-07-02T23:53:13+00:00","breadcrumb":{"@id":"https:\/\/www.institutodeengenharia.org.br\/site\/2013\/07\/02\/metro-de-sao-paulo-adia-entrega-de-tres-estacoes\/#breadcrumb"},"inLanguage":"pt-BR","potentialAction":[{"@type":"ReadAction","target":["https:\/\/www.institutodeengenharia.org.br\/site\/2013\/07\/02\/metro-de-sao-paulo-adia-entrega-de-tres-estacoes\/"]}]},{"@type":"BreadcrumbList","@id":"https:\/\/www.institutodeengenharia.org.br\/site\/2013\/07\/02\/metro-de-sao-paulo-adia-entrega-de-tres-estacoes\/#breadcrumb","itemListElement":[{"@type":"ListItem","position":1,"name":"In\u00edcio","item":"https:\/\/www.institutodeengenharia.org.br\/site\/"},{"@type":"ListItem","position":2,"name":"Metr\u00f4 de S\u00e3o Paulo adia entrega de tr\u00eas esta\u00e7\u00f5es"}]},{"@type":"WebSite","@id":"https:\/\/www.institutodeengenharia.org.br\/site\/#website","url":"https:\/\/www.institutodeengenharia.org.br\/site\/","name":"Instituto de Engenharia","description":"O Instituto de Engenharia promove a Engenharia em benef\u00edcio do desenvolvimento e da qualidade de vida da sociedade.","publisher":{"@id":"https:\/\/www.institutodeengenharia.org.br\/site\/#organization"},"potentialAction":[{"@type":"SearchAction","target":{"@type":"EntryPoint","urlTemplate":"https:\/\/www.institutodeengenharia.org.br\/site\/?s={search_term_string}"},"query-input":{"@type":"PropertyValueSpecification","valueRequired":true,"valueName":"search_term_string"}}],"inLanguage":"pt-BR"},{"@type":"Organization","@id":"https:\/\/www.institutodeengenharia.org.br\/site\/#organization","name":"Instituto de Engenharia","url":"https:\/\/www.institutodeengenharia.org.br\/site\/","logo":{"@type":"ImageObject","inLanguage":"pt-BR","@id":"https:\/\/www.institutodeengenharia.org.br\/site\/#\/schema\/logo\/image\/","url":"https:\/\/www.institutodeengenharia.org.br\/site\/wp-content\/uploads\/2019\/03\/logo-novo-IE2018-1.jpg","contentUrl":"https:\/\/www.institutodeengenharia.org.br\/site\/wp-content\/uploads\/2019\/03\/logo-novo-IE2018-1.jpg","width":1486,"height":1879,"caption":"Instituto de Engenharia"},"image":{"@id":"https:\/\/www.institutodeengenharia.org.br\/site\/#\/schema\/logo\/image\/"},"sameAs":["https:\/\/www.facebook.com\/institutodeengenharia","https:\/\/x.com\/iengenharia","https:\/\/www.instagram.com\/institutodeengenharia\/","https:\/\/www.linkedin.com\/company\/instituto-de-engenharia\/","https:\/\/www.youtube.com\/channel\/UCXiCAlsSMe977vamW915HxA"]},{"@type":"Person","@id":"https:\/\/www.institutodeengenharia.org.br\/site\/#\/schema\/person\/3b1ff109facef084739fc2edcb9a127f","name":"TMax Tecnologia","image":{"@type":"ImageObject","inLanguage":"pt-BR","@id":"https:\/\/secure.gravatar.com\/avatar\/f912434ef7f389c92cb311fcdae346af848465d638912574b3c669070f797701?s=96&d=mm&r=g","url":"https:\/\/secure.gravatar.com\/avatar\/f912434ef7f389c92cb311fcdae346af848465d638912574b3c669070f797701?s=96&d=mm&r=g","contentUrl":"https:\/\/secure.gravatar.com\/avatar\/f912434ef7f389c92cb311fcdae346af848465d638912574b3c669070f797701?s=96&d=mm&r=g","caption":"TMax Tecnologia"},"url":"https:\/\/www.institutodeengenharia.org.br\/site\/author\/tmax\/"}]}},"_links":{"self":[{"href":"https:\/\/www.institutodeengenharia.org.br\/site\/wp-json\/wp\/v2\/posts\/23570","targetHints":{"allow":["GET"]}}],"collection":[{"href":"https:\/\/www.institutodeengenharia.org.br\/site\/wp-json\/wp\/v2\/posts"}],"about":[{"href":"https:\/\/www.institutodeengenharia.org.br\/site\/wp-json\/wp\/v2\/types\/post"}],"author":[{"embeddable":true,"href":"https:\/\/www.institutodeengenharia.org.br\/site\/wp-json\/wp\/v2\/users\/1"}],"replies":[{"embeddable":true,"href":"https:\/\/www.institutodeengenharia.org.br\/site\/wp-json\/wp\/v2\/comments?post=23570"}],"version-history":[{"count":0,"href":"https:\/\/www.institutodeengenharia.org.br\/site\/wp-json\/wp\/v2\/posts\/23570\/revisions"}],"wp:attachment":[{"href":"https:\/\/www.institutodeengenharia.org.br\/site\/wp-json\/wp\/v2\/media?parent=23570"}],"wp:term":[{"taxonomy":"category","embeddable":true,"href":"https:\/\/www.institutodeengenharia.org.br\/site\/wp-json\/wp\/v2\/categories?post=23570"},{"taxonomy":"post_tag","embeddable":true,"href":"https:\/\/www.institutodeengenharia.org.br\/site\/wp-json\/wp\/v2\/tags?post=23570"}],"curies":[{"name":"wp","href":"https:\/\/api.w.org\/{rel}","templated":true}]}}