{"id":23569,"date":"2013-07-02T23:53:12","date_gmt":"2013-07-02T23:53:12","guid":{"rendered":"https:\/\/www.institutodeengenharia.org.br\/?p=23569"},"modified":"2013-07-02T10:44:40","modified_gmt":"2013-07-02T10:44:40","slug":"fisicos-projetam-paredes-acusticamente-invisiveis","status":"publish","type":"post","link":"https:\/\/www.institutodeengenharia.org.br\/site\/2013\/07\/02\/fisicos-projetam-paredes-acusticamente-invisiveis\/","title":{"rendered":"F\u00edsicos projetam paredes acusticamente invis\u00edveis"},"content":{"rendered":"<p>Normalmente os engenheiros deparam-se com a necessidade de isolar acusticamente as paredes, mantendo todo o som dentro ou fora de um ambiente. <\/p>\n<p>Mas uma equipe do Jap\u00e3o e da Coreia do Sul acaba de fazer o contr\u00e1rio. <\/p>\n<p>Jong Jin Park e seus colegas desenvolveram uma t\u00e9cnica que torna uma parede virtualmente &#8220;invis\u00edvel para o som&#8221;. <\/p>\n<p>Ou seja, de um \u00f3timo refletor de ondas ac\u00fasticas, as paredes podem ser transformadas em um transmissor ac\u00fastico quase perfeito. <\/p>\n<p>Embora seja dif\u00edcil encontrar alguma utilidade pr\u00e1tica para a t\u00e9cnica em termos de paredes reais, ela pode fazer a diferen\u00e7a em microsc\u00f3pios, filtros de ru\u00eddo e concentradores ac\u00fasticos. <\/p>\n<p>Transmiss\u00e3o ac\u00fastica extraordin\u00e1ria <\/p>\n<p>A descoberta \u00e9 um an\u00e1logo ac\u00fastico para um fen\u00f4meno chamado transmiss\u00e3o \u00f3ptica extraordin\u00e1ria, que permite que as ondas eletromagn\u00e9ticas passem quase sem obst\u00e1culos atrav\u00e9s de uma rede de nanofuros feitos em uma barreira opaca.<\/p>\n<p>A vers\u00e3o ac\u00fastica tamb\u00e9m depende de microfuros, com a diferen\u00e7a de que eles s\u00e3o recobertos por uma fina membrana. <\/p>\n<p>As ondas sonoras viajam na forma de oscila\u00e7\u00f5es f\u00edsicas dos \u00e1tomos do meio por onde o som se propaga &#8211; elas n\u00e3o podem passar atrav\u00e9s de uma barreira r\u00edgida porque os \u00e1tomos n\u00e3o oscilam. <\/p>\n<p>Ao fazer furos na membrana r\u00edgida, que n\u00e3o comp\u00f5em mais do que 3% do volume do material, e recobri-los com o mesmo filme pl\u00e1stico usado para cobrir alimentos na cozinha, os pesquisadores transformaram a &#8220;parede&#8221; em um transmissor sonoro \u00f3timo.<\/p>\n<p>Com a tens\u00e3o do filme pl\u00e1stico ajustada para que sua frequ\u00eancia de resson\u00e2ncia seja a mesma das ondas sonoras incidentes, a resson\u00e2ncia da membrana amplifica suas oscila\u00e7\u00f5es. <\/p>\n<p>Essa resson\u00e2ncia movimenta o ar atrav\u00e9s dos furos como se o ar n\u00e3o tivesse in\u00e9rcia, permitindo que ele se mova em resposta a deslocamentos muito pequenos, transferindo quase toda a energia das ondas ac\u00fasticas incidentes atrav\u00e9s da barreira. <\/p>\n<p>Enquanto a barreira experimental deixa passar 81% do som, se o filme pl\u00e1stico for retirado, essa transmiss\u00e3o cai para 9%. <\/p>\n<p>Metamaterial ac\u00fastico <\/p>\n<p>A concentra\u00e7\u00e3o da energia ac\u00fastica em furos min\u00fasculos permitir\u00e1 a cria\u00e7\u00e3o de novos tipos de lentes, como as usadas no emergente campo da microscopia ac\u00fastica ou para a cria\u00e7\u00e3o de um elusivo laser de som. <\/p>\n<p>Al\u00e9m disso, segundo os pesquisadores, a t\u00e9cnica pode funcionar com qualquer frequ\u00eancia, incluindo o ultrassom. <\/p>\n<p>E, embora os cientistas refiram-se sempre \u00e0 transmiss\u00e3o do som, a t\u00e9cnica pode ser explorada para bloquear determinadas frequ\u00eancias, o que transforma a placa perfurada e seus furos tampados em um aut\u00eantico metamaterial ac\u00fastico, capaz de manipular as ondas sonoras \u00e0 vontade. <\/p>\n<p>Metafluidos s\u00f3lidos prometem revolucionar a ac\u00fastica&nbsp;<\/p>\n<p><em><strong>Bibliografia: <\/p>\n<p>Giant Acoustic Concentration by Extraordinary Transmission in Zero-Mass Metamaterials <br \/>\nJong Jin Park, K. J. B. Lee, Oliver B. Wright, Myoung Ki Jung, Sam H. Lee <br \/>\nPhysical Review Letters <br \/>\nVol.: 110, 244302 <br \/>\nDOI: 10.1103\/PhysRevLett.110.244302<\/strong><\/em><\/p>\n<p><b>Autor: PhysicsWorld<\/b><\/p>\n","protected":false},"excerpt":{"rendered":"<p>Normalmente os engenheiros deparam-se com a necessidade de isolar acusticamente as paredes, mantendo todo o som dentro ou fora de um ambiente. Mas uma equipe do Jap\u00e3o e da Coreia do Sul acaba de fazer o contr\u00e1rio. Jong Jin Park e seus colegas desenvolveram uma t\u00e9cnica que torna uma parede virtualmente &#8220;invis\u00edvel para o som&#8221;. [&hellip;]<\/p>\n","protected":false},"author":1,"featured_media":0,"comment_status":"open","ping_status":"open","sticky":false,"template":"","format":"standard","meta":{"footnotes":""},"categories":[6,35],"tags":[],"class_list":{"0":"post-23569","1":"post","2":"type-post","3":"status-publish","4":"format-standard","6":"category-noticias","7":"category-pesquisa-e-desenvolvimento"},"yoast_head":"<!-- This site is optimized with the Yoast SEO plugin v27.2 - https:\/\/yoast.com\/product\/yoast-seo-wordpress\/ -->\n<title>F\u00edsicos projetam paredes acusticamente invis\u00edveis - Instituto de Engenharia<\/title>\n<meta name=\"robots\" content=\"index, follow, max-snippet:-1, max-image-preview:large, max-video-preview:-1\" \/>\n<link rel=\"canonical\" href=\"https:\/\/www.institutodeengenharia.org.br\/site\/2013\/07\/02\/fisicos-projetam-paredes-acusticamente-invisiveis\/\" \/>\n<meta property=\"og:locale\" content=\"pt_BR\" \/>\n<meta property=\"og:type\" content=\"article\" \/>\n<meta property=\"og:title\" content=\"F\u00edsicos projetam paredes acusticamente invis\u00edveis - Instituto de Engenharia\" \/>\n<meta property=\"og:description\" content=\"Normalmente os engenheiros deparam-se com a necessidade de isolar acusticamente as paredes, mantendo todo o som dentro ou fora de um ambiente. Mas uma equipe do Jap\u00e3o e da Coreia do Sul acaba de fazer o contr\u00e1rio. Jong Jin Park e seus colegas desenvolveram uma t\u00e9cnica que torna uma parede virtualmente &#8220;invis\u00edvel para o som&#8221;. [&hellip;]\" \/>\n<meta property=\"og:url\" content=\"https:\/\/www.institutodeengenharia.org.br\/site\/2013\/07\/02\/fisicos-projetam-paredes-acusticamente-invisiveis\/\" \/>\n<meta property=\"og:site_name\" content=\"Instituto de Engenharia\" \/>\n<meta property=\"article:publisher\" content=\"https:\/\/www.facebook.com\/institutodeengenharia\" \/>\n<meta property=\"article:published_time\" content=\"2013-07-02T23:53:12+00:00\" \/>\n<meta name=\"author\" content=\"TMax Tecnologia\" \/>\n<meta name=\"twitter:card\" content=\"summary_large_image\" \/>\n<meta name=\"twitter:creator\" content=\"@iengenharia\" \/>\n<meta name=\"twitter:site\" content=\"@iengenharia\" \/>\n<meta name=\"twitter:label1\" content=\"Escrito por\" \/>\n\t<meta name=\"twitter:data1\" content=\"TMax Tecnologia\" \/>\n\t<meta name=\"twitter:label2\" content=\"Est. tempo de leitura\" \/>\n\t<meta name=\"twitter:data2\" content=\"3 minutos\" \/>\n<script type=\"application\/ld+json\" class=\"yoast-schema-graph\">{\"@context\":\"https:\/\/schema.org\",\"@graph\":[{\"@type\":\"Article\",\"@id\":\"https:\/\/www.institutodeengenharia.org.br\/site\/2013\/07\/02\/fisicos-projetam-paredes-acusticamente-invisiveis\/#article\",\"isPartOf\":{\"@id\":\"https:\/\/www.institutodeengenharia.org.br\/site\/2013\/07\/02\/fisicos-projetam-paredes-acusticamente-invisiveis\/\"},\"author\":{\"name\":\"TMax Tecnologia\",\"@id\":\"https:\/\/www.institutodeengenharia.org.br\/site\/#\/schema\/person\/3b1ff109facef084739fc2edcb9a127f\"},\"headline\":\"F\u00edsicos projetam paredes acusticamente invis\u00edveis\",\"datePublished\":\"2013-07-02T23:53:12+00:00\",\"mainEntityOfPage\":{\"@id\":\"https:\/\/www.institutodeengenharia.org.br\/site\/2013\/07\/02\/fisicos-projetam-paredes-acusticamente-invisiveis\/\"},\"wordCount\":524,\"commentCount\":0,\"publisher\":{\"@id\":\"https:\/\/www.institutodeengenharia.org.br\/site\/#organization\"},\"articleSection\":[\"Not\u00edcias\",\"Pesquisa e Desenvolvimento\"],\"inLanguage\":\"pt-BR\",\"potentialAction\":[{\"@type\":\"CommentAction\",\"name\":\"Comment\",\"target\":[\"https:\/\/www.institutodeengenharia.org.br\/site\/2013\/07\/02\/fisicos-projetam-paredes-acusticamente-invisiveis\/#respond\"]}]},{\"@type\":\"WebPage\",\"@id\":\"https:\/\/www.institutodeengenharia.org.br\/site\/2013\/07\/02\/fisicos-projetam-paredes-acusticamente-invisiveis\/\",\"url\":\"https:\/\/www.institutodeengenharia.org.br\/site\/2013\/07\/02\/fisicos-projetam-paredes-acusticamente-invisiveis\/\",\"name\":\"F\u00edsicos projetam paredes acusticamente invis\u00edveis - Instituto de Engenharia\",\"isPartOf\":{\"@id\":\"https:\/\/www.institutodeengenharia.org.br\/site\/#website\"},\"datePublished\":\"2013-07-02T23:53:12+00:00\",\"breadcrumb\":{\"@id\":\"https:\/\/www.institutodeengenharia.org.br\/site\/2013\/07\/02\/fisicos-projetam-paredes-acusticamente-invisiveis\/#breadcrumb\"},\"inLanguage\":\"pt-BR\",\"potentialAction\":[{\"@type\":\"ReadAction\",\"target\":[\"https:\/\/www.institutodeengenharia.org.br\/site\/2013\/07\/02\/fisicos-projetam-paredes-acusticamente-invisiveis\/\"]}]},{\"@type\":\"BreadcrumbList\",\"@id\":\"https:\/\/www.institutodeengenharia.org.br\/site\/2013\/07\/02\/fisicos-projetam-paredes-acusticamente-invisiveis\/#breadcrumb\",\"itemListElement\":[{\"@type\":\"ListItem\",\"position\":1,\"name\":\"In\u00edcio\",\"item\":\"https:\/\/www.institutodeengenharia.org.br\/site\/\"},{\"@type\":\"ListItem\",\"position\":2,\"name\":\"F\u00edsicos projetam paredes acusticamente invis\u00edveis\"}]},{\"@type\":\"WebSite\",\"@id\":\"https:\/\/www.institutodeengenharia.org.br\/site\/#website\",\"url\":\"https:\/\/www.institutodeengenharia.org.br\/site\/\",\"name\":\"Instituto de Engenharia\",\"description\":\"O Instituto de Engenharia promove a Engenharia em benef\u00edcio do desenvolvimento e da qualidade de vida da sociedade.\",\"publisher\":{\"@id\":\"https:\/\/www.institutodeengenharia.org.br\/site\/#organization\"},\"potentialAction\":[{\"@type\":\"SearchAction\",\"target\":{\"@type\":\"EntryPoint\",\"urlTemplate\":\"https:\/\/www.institutodeengenharia.org.br\/site\/?s={search_term_string}\"},\"query-input\":{\"@type\":\"PropertyValueSpecification\",\"valueRequired\":true,\"valueName\":\"search_term_string\"}}],\"inLanguage\":\"pt-BR\"},{\"@type\":\"Organization\",\"@id\":\"https:\/\/www.institutodeengenharia.org.br\/site\/#organization\",\"name\":\"Instituto de Engenharia\",\"url\":\"https:\/\/www.institutodeengenharia.org.br\/site\/\",\"logo\":{\"@type\":\"ImageObject\",\"inLanguage\":\"pt-BR\",\"@id\":\"https:\/\/www.institutodeengenharia.org.br\/site\/#\/schema\/logo\/image\/\",\"url\":\"https:\/\/www.institutodeengenharia.org.br\/site\/wp-content\/uploads\/2019\/03\/logo-novo-IE2018-1.jpg\",\"contentUrl\":\"https:\/\/www.institutodeengenharia.org.br\/site\/wp-content\/uploads\/2019\/03\/logo-novo-IE2018-1.jpg\",\"width\":1486,\"height\":1879,\"caption\":\"Instituto de Engenharia\"},\"image\":{\"@id\":\"https:\/\/www.institutodeengenharia.org.br\/site\/#\/schema\/logo\/image\/\"},\"sameAs\":[\"https:\/\/www.facebook.com\/institutodeengenharia\",\"https:\/\/x.com\/iengenharia\",\"https:\/\/www.instagram.com\/institutodeengenharia\/\",\"https:\/\/www.linkedin.com\/company\/instituto-de-engenharia\/\",\"https:\/\/www.youtube.com\/channel\/UCXiCAlsSMe977vamW915HxA\"]},{\"@type\":\"Person\",\"@id\":\"https:\/\/www.institutodeengenharia.org.br\/site\/#\/schema\/person\/3b1ff109facef084739fc2edcb9a127f\",\"name\":\"TMax Tecnologia\",\"image\":{\"@type\":\"ImageObject\",\"inLanguage\":\"pt-BR\",\"@id\":\"https:\/\/secure.gravatar.com\/avatar\/f912434ef7f389c92cb311fcdae346af848465d638912574b3c669070f797701?s=96&d=mm&r=g\",\"url\":\"https:\/\/secure.gravatar.com\/avatar\/f912434ef7f389c92cb311fcdae346af848465d638912574b3c669070f797701?s=96&d=mm&r=g\",\"contentUrl\":\"https:\/\/secure.gravatar.com\/avatar\/f912434ef7f389c92cb311fcdae346af848465d638912574b3c669070f797701?s=96&d=mm&r=g\",\"caption\":\"TMax Tecnologia\"},\"url\":\"https:\/\/www.institutodeengenharia.org.br\/site\/author\/tmax\/\"}]}<\/script>\n<!-- \/ Yoast SEO plugin. -->","yoast_head_json":{"title":"F\u00edsicos projetam paredes acusticamente invis\u00edveis - Instituto de Engenharia","robots":{"index":"index","follow":"follow","max-snippet":"max-snippet:-1","max-image-preview":"max-image-preview:large","max-video-preview":"max-video-preview:-1"},"canonical":"https:\/\/www.institutodeengenharia.org.br\/site\/2013\/07\/02\/fisicos-projetam-paredes-acusticamente-invisiveis\/","og_locale":"pt_BR","og_type":"article","og_title":"F\u00edsicos projetam paredes acusticamente invis\u00edveis - Instituto de Engenharia","og_description":"Normalmente os engenheiros deparam-se com a necessidade de isolar acusticamente as paredes, mantendo todo o som dentro ou fora de um ambiente. Mas uma equipe do Jap\u00e3o e da Coreia do Sul acaba de fazer o contr\u00e1rio. Jong Jin Park e seus colegas desenvolveram uma t\u00e9cnica que torna uma parede virtualmente &#8220;invis\u00edvel para o som&#8221;. [&hellip;]","og_url":"https:\/\/www.institutodeengenharia.org.br\/site\/2013\/07\/02\/fisicos-projetam-paredes-acusticamente-invisiveis\/","og_site_name":"Instituto de Engenharia","article_publisher":"https:\/\/www.facebook.com\/institutodeengenharia","article_published_time":"2013-07-02T23:53:12+00:00","author":"TMax Tecnologia","twitter_card":"summary_large_image","twitter_creator":"@iengenharia","twitter_site":"@iengenharia","twitter_misc":{"Escrito por":"TMax Tecnologia","Est. tempo de leitura":"3 minutos"},"schema":{"@context":"https:\/\/schema.org","@graph":[{"@type":"Article","@id":"https:\/\/www.institutodeengenharia.org.br\/site\/2013\/07\/02\/fisicos-projetam-paredes-acusticamente-invisiveis\/#article","isPartOf":{"@id":"https:\/\/www.institutodeengenharia.org.br\/site\/2013\/07\/02\/fisicos-projetam-paredes-acusticamente-invisiveis\/"},"author":{"name":"TMax Tecnologia","@id":"https:\/\/www.institutodeengenharia.org.br\/site\/#\/schema\/person\/3b1ff109facef084739fc2edcb9a127f"},"headline":"F\u00edsicos projetam paredes acusticamente invis\u00edveis","datePublished":"2013-07-02T23:53:12+00:00","mainEntityOfPage":{"@id":"https:\/\/www.institutodeengenharia.org.br\/site\/2013\/07\/02\/fisicos-projetam-paredes-acusticamente-invisiveis\/"},"wordCount":524,"commentCount":0,"publisher":{"@id":"https:\/\/www.institutodeengenharia.org.br\/site\/#organization"},"articleSection":["Not\u00edcias","Pesquisa e Desenvolvimento"],"inLanguage":"pt-BR","potentialAction":[{"@type":"CommentAction","name":"Comment","target":["https:\/\/www.institutodeengenharia.org.br\/site\/2013\/07\/02\/fisicos-projetam-paredes-acusticamente-invisiveis\/#respond"]}]},{"@type":"WebPage","@id":"https:\/\/www.institutodeengenharia.org.br\/site\/2013\/07\/02\/fisicos-projetam-paredes-acusticamente-invisiveis\/","url":"https:\/\/www.institutodeengenharia.org.br\/site\/2013\/07\/02\/fisicos-projetam-paredes-acusticamente-invisiveis\/","name":"F\u00edsicos projetam paredes acusticamente invis\u00edveis - Instituto de Engenharia","isPartOf":{"@id":"https:\/\/www.institutodeengenharia.org.br\/site\/#website"},"datePublished":"2013-07-02T23:53:12+00:00","breadcrumb":{"@id":"https:\/\/www.institutodeengenharia.org.br\/site\/2013\/07\/02\/fisicos-projetam-paredes-acusticamente-invisiveis\/#breadcrumb"},"inLanguage":"pt-BR","potentialAction":[{"@type":"ReadAction","target":["https:\/\/www.institutodeengenharia.org.br\/site\/2013\/07\/02\/fisicos-projetam-paredes-acusticamente-invisiveis\/"]}]},{"@type":"BreadcrumbList","@id":"https:\/\/www.institutodeengenharia.org.br\/site\/2013\/07\/02\/fisicos-projetam-paredes-acusticamente-invisiveis\/#breadcrumb","itemListElement":[{"@type":"ListItem","position":1,"name":"In\u00edcio","item":"https:\/\/www.institutodeengenharia.org.br\/site\/"},{"@type":"ListItem","position":2,"name":"F\u00edsicos projetam paredes acusticamente invis\u00edveis"}]},{"@type":"WebSite","@id":"https:\/\/www.institutodeengenharia.org.br\/site\/#website","url":"https:\/\/www.institutodeengenharia.org.br\/site\/","name":"Instituto de Engenharia","description":"O Instituto de Engenharia promove a Engenharia em benef\u00edcio do desenvolvimento e da qualidade de vida da sociedade.","publisher":{"@id":"https:\/\/www.institutodeengenharia.org.br\/site\/#organization"},"potentialAction":[{"@type":"SearchAction","target":{"@type":"EntryPoint","urlTemplate":"https:\/\/www.institutodeengenharia.org.br\/site\/?s={search_term_string}"},"query-input":{"@type":"PropertyValueSpecification","valueRequired":true,"valueName":"search_term_string"}}],"inLanguage":"pt-BR"},{"@type":"Organization","@id":"https:\/\/www.institutodeengenharia.org.br\/site\/#organization","name":"Instituto de Engenharia","url":"https:\/\/www.institutodeengenharia.org.br\/site\/","logo":{"@type":"ImageObject","inLanguage":"pt-BR","@id":"https:\/\/www.institutodeengenharia.org.br\/site\/#\/schema\/logo\/image\/","url":"https:\/\/www.institutodeengenharia.org.br\/site\/wp-content\/uploads\/2019\/03\/logo-novo-IE2018-1.jpg","contentUrl":"https:\/\/www.institutodeengenharia.org.br\/site\/wp-content\/uploads\/2019\/03\/logo-novo-IE2018-1.jpg","width":1486,"height":1879,"caption":"Instituto de Engenharia"},"image":{"@id":"https:\/\/www.institutodeengenharia.org.br\/site\/#\/schema\/logo\/image\/"},"sameAs":["https:\/\/www.facebook.com\/institutodeengenharia","https:\/\/x.com\/iengenharia","https:\/\/www.instagram.com\/institutodeengenharia\/","https:\/\/www.linkedin.com\/company\/instituto-de-engenharia\/","https:\/\/www.youtube.com\/channel\/UCXiCAlsSMe977vamW915HxA"]},{"@type":"Person","@id":"https:\/\/www.institutodeengenharia.org.br\/site\/#\/schema\/person\/3b1ff109facef084739fc2edcb9a127f","name":"TMax Tecnologia","image":{"@type":"ImageObject","inLanguage":"pt-BR","@id":"https:\/\/secure.gravatar.com\/avatar\/f912434ef7f389c92cb311fcdae346af848465d638912574b3c669070f797701?s=96&d=mm&r=g","url":"https:\/\/secure.gravatar.com\/avatar\/f912434ef7f389c92cb311fcdae346af848465d638912574b3c669070f797701?s=96&d=mm&r=g","contentUrl":"https:\/\/secure.gravatar.com\/avatar\/f912434ef7f389c92cb311fcdae346af848465d638912574b3c669070f797701?s=96&d=mm&r=g","caption":"TMax Tecnologia"},"url":"https:\/\/www.institutodeengenharia.org.br\/site\/author\/tmax\/"}]}},"_links":{"self":[{"href":"https:\/\/www.institutodeengenharia.org.br\/site\/wp-json\/wp\/v2\/posts\/23569","targetHints":{"allow":["GET"]}}],"collection":[{"href":"https:\/\/www.institutodeengenharia.org.br\/site\/wp-json\/wp\/v2\/posts"}],"about":[{"href":"https:\/\/www.institutodeengenharia.org.br\/site\/wp-json\/wp\/v2\/types\/post"}],"author":[{"embeddable":true,"href":"https:\/\/www.institutodeengenharia.org.br\/site\/wp-json\/wp\/v2\/users\/1"}],"replies":[{"embeddable":true,"href":"https:\/\/www.institutodeengenharia.org.br\/site\/wp-json\/wp\/v2\/comments?post=23569"}],"version-history":[{"count":0,"href":"https:\/\/www.institutodeengenharia.org.br\/site\/wp-json\/wp\/v2\/posts\/23569\/revisions"}],"wp:attachment":[{"href":"https:\/\/www.institutodeengenharia.org.br\/site\/wp-json\/wp\/v2\/media?parent=23569"}],"wp:term":[{"taxonomy":"category","embeddable":true,"href":"https:\/\/www.institutodeengenharia.org.br\/site\/wp-json\/wp\/v2\/categories?post=23569"},{"taxonomy":"post_tag","embeddable":true,"href":"https:\/\/www.institutodeengenharia.org.br\/site\/wp-json\/wp\/v2\/tags?post=23569"}],"curies":[{"name":"wp","href":"https:\/\/api.w.org\/{rel}","templated":true}]}}