{"id":23543,"date":"2013-06-26T23:52:51","date_gmt":"2013-06-26T23:52:51","guid":{"rendered":"https:\/\/www.institutodeengenharia.org.br\/?p=23543"},"modified":"2013-06-26T12:15:29","modified_gmt":"2013-06-26T12:15:29","slug":"avioes-serao-eletricos-enquanto-estiverem-no-aeroporto","status":"publish","type":"post","link":"https:\/\/www.institutodeengenharia.org.br\/site\/2013\/06\/26\/avioes-serao-eletricos-enquanto-estiverem-no-aeroporto\/","title":{"rendered":"Avi\u00f5es ser\u00e3o el\u00e9tricos enquanto estiverem no aeroporto"},"content":{"rendered":"<p>\u00e1 se sabia que os avi\u00f5es mais eficientes do mundo s\u00e3o el\u00e9tricos. <\/p>\n<p>Mas, quando se trata dos grandes avi\u00f5es de passageiros, as coisas precisam come\u00e7ar por baixo. <\/p>\n<p>Enquanto n\u00e3o inventam baterias capazes de faz\u00ea-los voar, os Airbus A320 receber\u00e3o motores el\u00e9tricos em seus trens de pouso. <\/p>\n<p>O objetivo \u00e9 que os grandes avi\u00f5es sejam el\u00e9tricos enquanto estiverem no ch\u00e3o, taxiando ou manobrando nos aeroportos. <\/p>\n<p>Hoje, desde que sai do hangar, o avi\u00e3o aciona suas turbinas, mesmo para se mover lentamente pelo p\u00e1tio &#8211; o que inclui o tempo que eles ficam esperando que os passageiros embarquem e desembarquem. <\/p>\n<p>Isso significa que o avi\u00e3o est\u00e1 gastando o combust\u00edvel que poderia aumentar sua autonomia, aumentando seus custos operacionais, emitindo poluentes no entorno das cidades e fazendo barulho. <\/p>\n<p>Especialistas afirmam que avi\u00f5es em rotas dom\u00e9sticas mais curtas, que fazem v\u00e1rias escalas por dia, chegam a gastar quase tanto combust\u00edvel em solo quanto voando. <\/p>\n<p>Com os motores el\u00e9tricos, as empresas Honeywell e Safran acreditam poder economizar entre 3% e 4% do combust\u00edvel gasto hoje pelos grandes avi\u00f5es &#8211; algo em torno de US$200.000 por ano para um A320. <\/p>\n<p>O sistema, chamado EGTS (Electric Green Taxiing System, sistema de taxiamento el\u00e9trico verde), \u00e9 alimentado pelo pr\u00f3prio sistema el\u00e9trico do avi\u00e3o, sem exigir modifica\u00e7\u00f5es na aeronave. <\/p>\n<p>O &#8220;avi\u00e3o el\u00e9trico&#8221; foi demonstrado durante o Show A\u00e9reo de Paris, totalmente controlado pelo piloto. <\/p>\n<p>Outras empresas de equipamentos aeron\u00e1uticos anunciaram durante o evento que est\u00e3o trabalhando em sistemas similares, o que parece mostrar uma tend\u00eancia firme rumo a aeroportos mais limpos e silenciosos e companhias a\u00e9reas com menos perdas financeiras.<\/p>\n<p><b>Autor: Inova\u00e7\u00e3o Tecnol\u00f3gica<\/b><\/p>\n","protected":false},"excerpt":{"rendered":"<p>\u00e1 se sabia que os avi\u00f5es mais eficientes do mundo s\u00e3o el\u00e9tricos. Mas, quando se trata dos grandes avi\u00f5es de passageiros, as coisas precisam come\u00e7ar por baixo. Enquanto n\u00e3o inventam baterias capazes de faz\u00ea-los voar, os Airbus A320 receber\u00e3o motores el\u00e9tricos em seus trens de pouso. O objetivo \u00e9 que os grandes avi\u00f5es sejam el\u00e9tricos [&hellip;]<\/p>\n","protected":false},"author":1,"featured_media":0,"comment_status":"open","ping_status":"open","sticky":false,"template":"","format":"standard","meta":{"footnotes":""},"categories":[6,41],"tags":[],"class_list":{"0":"post-23543","1":"post","2":"type-post","3":"status-publish","4":"format-standard","6":"category-noticias","7":"category-transportes"},"yoast_head":"<!-- This site is optimized with the Yoast SEO plugin v27.2 - https:\/\/yoast.com\/product\/yoast-seo-wordpress\/ -->\n<title>Avi\u00f5es ser\u00e3o el\u00e9tricos enquanto estiverem no aeroporto - Instituto de Engenharia<\/title>\n<meta name=\"robots\" content=\"index, follow, max-snippet:-1, max-image-preview:large, max-video-preview:-1\" \/>\n<link rel=\"canonical\" href=\"https:\/\/www.institutodeengenharia.org.br\/site\/2013\/06\/26\/avioes-serao-eletricos-enquanto-estiverem-no-aeroporto\/\" \/>\n<meta property=\"og:locale\" content=\"pt_BR\" \/>\n<meta property=\"og:type\" content=\"article\" \/>\n<meta property=\"og:title\" content=\"Avi\u00f5es ser\u00e3o el\u00e9tricos enquanto estiverem no aeroporto - Instituto de Engenharia\" \/>\n<meta property=\"og:description\" content=\"\u00e1 se sabia que os avi\u00f5es mais eficientes do mundo s\u00e3o el\u00e9tricos. Mas, quando se trata dos grandes avi\u00f5es de passageiros, as coisas precisam come\u00e7ar por baixo. Enquanto n\u00e3o inventam baterias capazes de faz\u00ea-los voar, os Airbus A320 receber\u00e3o motores el\u00e9tricos em seus trens de pouso. O objetivo \u00e9 que os grandes avi\u00f5es sejam el\u00e9tricos [&hellip;]\" \/>\n<meta property=\"og:url\" content=\"https:\/\/www.institutodeengenharia.org.br\/site\/2013\/06\/26\/avioes-serao-eletricos-enquanto-estiverem-no-aeroporto\/\" \/>\n<meta property=\"og:site_name\" content=\"Instituto de Engenharia\" \/>\n<meta property=\"article:publisher\" content=\"https:\/\/www.facebook.com\/institutodeengenharia\" \/>\n<meta property=\"article:published_time\" content=\"2013-06-26T23:52:51+00:00\" \/>\n<meta name=\"author\" content=\"TMax Tecnologia\" \/>\n<meta name=\"twitter:card\" content=\"summary_large_image\" \/>\n<meta name=\"twitter:creator\" content=\"@iengenharia\" \/>\n<meta name=\"twitter:site\" content=\"@iengenharia\" \/>\n<meta name=\"twitter:label1\" content=\"Escrito por\" \/>\n\t<meta name=\"twitter:data1\" content=\"TMax Tecnologia\" \/>\n\t<meta name=\"twitter:label2\" content=\"Est. tempo de leitura\" \/>\n\t<meta name=\"twitter:data2\" content=\"1 minuto\" \/>\n<script type=\"application\/ld+json\" class=\"yoast-schema-graph\">{\"@context\":\"https:\/\/schema.org\",\"@graph\":[{\"@type\":\"Article\",\"@id\":\"https:\/\/www.institutodeengenharia.org.br\/site\/2013\/06\/26\/avioes-serao-eletricos-enquanto-estiverem-no-aeroporto\/#article\",\"isPartOf\":{\"@id\":\"https:\/\/www.institutodeengenharia.org.br\/site\/2013\/06\/26\/avioes-serao-eletricos-enquanto-estiverem-no-aeroporto\/\"},\"author\":{\"name\":\"TMax Tecnologia\",\"@id\":\"https:\/\/www.institutodeengenharia.org.br\/site\/#\/schema\/person\/3b1ff109facef084739fc2edcb9a127f\"},\"headline\":\"Avi\u00f5es ser\u00e3o el\u00e9tricos enquanto estiverem no aeroporto\",\"datePublished\":\"2013-06-26T23:52:51+00:00\",\"mainEntityOfPage\":{\"@id\":\"https:\/\/www.institutodeengenharia.org.br\/site\/2013\/06\/26\/avioes-serao-eletricos-enquanto-estiverem-no-aeroporto\/\"},\"wordCount\":306,\"commentCount\":0,\"publisher\":{\"@id\":\"https:\/\/www.institutodeengenharia.org.br\/site\/#organization\"},\"articleSection\":[\"Not\u00edcias\",\"Transportes\"],\"inLanguage\":\"pt-BR\",\"potentialAction\":[{\"@type\":\"CommentAction\",\"name\":\"Comment\",\"target\":[\"https:\/\/www.institutodeengenharia.org.br\/site\/2013\/06\/26\/avioes-serao-eletricos-enquanto-estiverem-no-aeroporto\/#respond\"]}]},{\"@type\":\"WebPage\",\"@id\":\"https:\/\/www.institutodeengenharia.org.br\/site\/2013\/06\/26\/avioes-serao-eletricos-enquanto-estiverem-no-aeroporto\/\",\"url\":\"https:\/\/www.institutodeengenharia.org.br\/site\/2013\/06\/26\/avioes-serao-eletricos-enquanto-estiverem-no-aeroporto\/\",\"name\":\"Avi\u00f5es ser\u00e3o el\u00e9tricos enquanto estiverem no aeroporto - Instituto de Engenharia\",\"isPartOf\":{\"@id\":\"https:\/\/www.institutodeengenharia.org.br\/site\/#website\"},\"datePublished\":\"2013-06-26T23:52:51+00:00\",\"breadcrumb\":{\"@id\":\"https:\/\/www.institutodeengenharia.org.br\/site\/2013\/06\/26\/avioes-serao-eletricos-enquanto-estiverem-no-aeroporto\/#breadcrumb\"},\"inLanguage\":\"pt-BR\",\"potentialAction\":[{\"@type\":\"ReadAction\",\"target\":[\"https:\/\/www.institutodeengenharia.org.br\/site\/2013\/06\/26\/avioes-serao-eletricos-enquanto-estiverem-no-aeroporto\/\"]}]},{\"@type\":\"BreadcrumbList\",\"@id\":\"https:\/\/www.institutodeengenharia.org.br\/site\/2013\/06\/26\/avioes-serao-eletricos-enquanto-estiverem-no-aeroporto\/#breadcrumb\",\"itemListElement\":[{\"@type\":\"ListItem\",\"position\":1,\"name\":\"In\u00edcio\",\"item\":\"https:\/\/www.institutodeengenharia.org.br\/site\/\"},{\"@type\":\"ListItem\",\"position\":2,\"name\":\"Avi\u00f5es ser\u00e3o el\u00e9tricos enquanto estiverem no aeroporto\"}]},{\"@type\":\"WebSite\",\"@id\":\"https:\/\/www.institutodeengenharia.org.br\/site\/#website\",\"url\":\"https:\/\/www.institutodeengenharia.org.br\/site\/\",\"name\":\"Instituto de Engenharia\",\"description\":\"O Instituto de Engenharia promove a Engenharia em benef\u00edcio do desenvolvimento e da qualidade de vida da sociedade.\",\"publisher\":{\"@id\":\"https:\/\/www.institutodeengenharia.org.br\/site\/#organization\"},\"potentialAction\":[{\"@type\":\"SearchAction\",\"target\":{\"@type\":\"EntryPoint\",\"urlTemplate\":\"https:\/\/www.institutodeengenharia.org.br\/site\/?s={search_term_string}\"},\"query-input\":{\"@type\":\"PropertyValueSpecification\",\"valueRequired\":true,\"valueName\":\"search_term_string\"}}],\"inLanguage\":\"pt-BR\"},{\"@type\":\"Organization\",\"@id\":\"https:\/\/www.institutodeengenharia.org.br\/site\/#organization\",\"name\":\"Instituto de Engenharia\",\"url\":\"https:\/\/www.institutodeengenharia.org.br\/site\/\",\"logo\":{\"@type\":\"ImageObject\",\"inLanguage\":\"pt-BR\",\"@id\":\"https:\/\/www.institutodeengenharia.org.br\/site\/#\/schema\/logo\/image\/\",\"url\":\"https:\/\/www.institutodeengenharia.org.br\/site\/wp-content\/uploads\/2019\/03\/logo-novo-IE2018-1.jpg\",\"contentUrl\":\"https:\/\/www.institutodeengenharia.org.br\/site\/wp-content\/uploads\/2019\/03\/logo-novo-IE2018-1.jpg\",\"width\":1486,\"height\":1879,\"caption\":\"Instituto de Engenharia\"},\"image\":{\"@id\":\"https:\/\/www.institutodeengenharia.org.br\/site\/#\/schema\/logo\/image\/\"},\"sameAs\":[\"https:\/\/www.facebook.com\/institutodeengenharia\",\"https:\/\/x.com\/iengenharia\",\"https:\/\/www.instagram.com\/institutodeengenharia\/\",\"https:\/\/www.linkedin.com\/company\/instituto-de-engenharia\/\",\"https:\/\/www.youtube.com\/channel\/UCXiCAlsSMe977vamW915HxA\"]},{\"@type\":\"Person\",\"@id\":\"https:\/\/www.institutodeengenharia.org.br\/site\/#\/schema\/person\/3b1ff109facef084739fc2edcb9a127f\",\"name\":\"TMax Tecnologia\",\"image\":{\"@type\":\"ImageObject\",\"inLanguage\":\"pt-BR\",\"@id\":\"https:\/\/secure.gravatar.com\/avatar\/f912434ef7f389c92cb311fcdae346af848465d638912574b3c669070f797701?s=96&d=mm&r=g\",\"url\":\"https:\/\/secure.gravatar.com\/avatar\/f912434ef7f389c92cb311fcdae346af848465d638912574b3c669070f797701?s=96&d=mm&r=g\",\"contentUrl\":\"https:\/\/secure.gravatar.com\/avatar\/f912434ef7f389c92cb311fcdae346af848465d638912574b3c669070f797701?s=96&d=mm&r=g\",\"caption\":\"TMax Tecnologia\"},\"url\":\"https:\/\/www.institutodeengenharia.org.br\/site\/author\/tmax\/\"}]}<\/script>\n<!-- \/ Yoast SEO plugin. -->","yoast_head_json":{"title":"Avi\u00f5es ser\u00e3o el\u00e9tricos enquanto estiverem no aeroporto - Instituto de Engenharia","robots":{"index":"index","follow":"follow","max-snippet":"max-snippet:-1","max-image-preview":"max-image-preview:large","max-video-preview":"max-video-preview:-1"},"canonical":"https:\/\/www.institutodeengenharia.org.br\/site\/2013\/06\/26\/avioes-serao-eletricos-enquanto-estiverem-no-aeroporto\/","og_locale":"pt_BR","og_type":"article","og_title":"Avi\u00f5es ser\u00e3o el\u00e9tricos enquanto estiverem no aeroporto - Instituto de Engenharia","og_description":"\u00e1 se sabia que os avi\u00f5es mais eficientes do mundo s\u00e3o el\u00e9tricos. Mas, quando se trata dos grandes avi\u00f5es de passageiros, as coisas precisam come\u00e7ar por baixo. Enquanto n\u00e3o inventam baterias capazes de faz\u00ea-los voar, os Airbus A320 receber\u00e3o motores el\u00e9tricos em seus trens de pouso. O objetivo \u00e9 que os grandes avi\u00f5es sejam el\u00e9tricos [&hellip;]","og_url":"https:\/\/www.institutodeengenharia.org.br\/site\/2013\/06\/26\/avioes-serao-eletricos-enquanto-estiverem-no-aeroporto\/","og_site_name":"Instituto de Engenharia","article_publisher":"https:\/\/www.facebook.com\/institutodeengenharia","article_published_time":"2013-06-26T23:52:51+00:00","author":"TMax Tecnologia","twitter_card":"summary_large_image","twitter_creator":"@iengenharia","twitter_site":"@iengenharia","twitter_misc":{"Escrito por":"TMax Tecnologia","Est. tempo de leitura":"1 minuto"},"schema":{"@context":"https:\/\/schema.org","@graph":[{"@type":"Article","@id":"https:\/\/www.institutodeengenharia.org.br\/site\/2013\/06\/26\/avioes-serao-eletricos-enquanto-estiverem-no-aeroporto\/#article","isPartOf":{"@id":"https:\/\/www.institutodeengenharia.org.br\/site\/2013\/06\/26\/avioes-serao-eletricos-enquanto-estiverem-no-aeroporto\/"},"author":{"name":"TMax Tecnologia","@id":"https:\/\/www.institutodeengenharia.org.br\/site\/#\/schema\/person\/3b1ff109facef084739fc2edcb9a127f"},"headline":"Avi\u00f5es ser\u00e3o el\u00e9tricos enquanto estiverem no aeroporto","datePublished":"2013-06-26T23:52:51+00:00","mainEntityOfPage":{"@id":"https:\/\/www.institutodeengenharia.org.br\/site\/2013\/06\/26\/avioes-serao-eletricos-enquanto-estiverem-no-aeroporto\/"},"wordCount":306,"commentCount":0,"publisher":{"@id":"https:\/\/www.institutodeengenharia.org.br\/site\/#organization"},"articleSection":["Not\u00edcias","Transportes"],"inLanguage":"pt-BR","potentialAction":[{"@type":"CommentAction","name":"Comment","target":["https:\/\/www.institutodeengenharia.org.br\/site\/2013\/06\/26\/avioes-serao-eletricos-enquanto-estiverem-no-aeroporto\/#respond"]}]},{"@type":"WebPage","@id":"https:\/\/www.institutodeengenharia.org.br\/site\/2013\/06\/26\/avioes-serao-eletricos-enquanto-estiverem-no-aeroporto\/","url":"https:\/\/www.institutodeengenharia.org.br\/site\/2013\/06\/26\/avioes-serao-eletricos-enquanto-estiverem-no-aeroporto\/","name":"Avi\u00f5es ser\u00e3o el\u00e9tricos enquanto estiverem no aeroporto - Instituto de Engenharia","isPartOf":{"@id":"https:\/\/www.institutodeengenharia.org.br\/site\/#website"},"datePublished":"2013-06-26T23:52:51+00:00","breadcrumb":{"@id":"https:\/\/www.institutodeengenharia.org.br\/site\/2013\/06\/26\/avioes-serao-eletricos-enquanto-estiverem-no-aeroporto\/#breadcrumb"},"inLanguage":"pt-BR","potentialAction":[{"@type":"ReadAction","target":["https:\/\/www.institutodeengenharia.org.br\/site\/2013\/06\/26\/avioes-serao-eletricos-enquanto-estiverem-no-aeroporto\/"]}]},{"@type":"BreadcrumbList","@id":"https:\/\/www.institutodeengenharia.org.br\/site\/2013\/06\/26\/avioes-serao-eletricos-enquanto-estiverem-no-aeroporto\/#breadcrumb","itemListElement":[{"@type":"ListItem","position":1,"name":"In\u00edcio","item":"https:\/\/www.institutodeengenharia.org.br\/site\/"},{"@type":"ListItem","position":2,"name":"Avi\u00f5es ser\u00e3o el\u00e9tricos enquanto estiverem no aeroporto"}]},{"@type":"WebSite","@id":"https:\/\/www.institutodeengenharia.org.br\/site\/#website","url":"https:\/\/www.institutodeengenharia.org.br\/site\/","name":"Instituto de Engenharia","description":"O Instituto de Engenharia promove a Engenharia em benef\u00edcio do desenvolvimento e da qualidade de vida da sociedade.","publisher":{"@id":"https:\/\/www.institutodeengenharia.org.br\/site\/#organization"},"potentialAction":[{"@type":"SearchAction","target":{"@type":"EntryPoint","urlTemplate":"https:\/\/www.institutodeengenharia.org.br\/site\/?s={search_term_string}"},"query-input":{"@type":"PropertyValueSpecification","valueRequired":true,"valueName":"search_term_string"}}],"inLanguage":"pt-BR"},{"@type":"Organization","@id":"https:\/\/www.institutodeengenharia.org.br\/site\/#organization","name":"Instituto de Engenharia","url":"https:\/\/www.institutodeengenharia.org.br\/site\/","logo":{"@type":"ImageObject","inLanguage":"pt-BR","@id":"https:\/\/www.institutodeengenharia.org.br\/site\/#\/schema\/logo\/image\/","url":"https:\/\/www.institutodeengenharia.org.br\/site\/wp-content\/uploads\/2019\/03\/logo-novo-IE2018-1.jpg","contentUrl":"https:\/\/www.institutodeengenharia.org.br\/site\/wp-content\/uploads\/2019\/03\/logo-novo-IE2018-1.jpg","width":1486,"height":1879,"caption":"Instituto de Engenharia"},"image":{"@id":"https:\/\/www.institutodeengenharia.org.br\/site\/#\/schema\/logo\/image\/"},"sameAs":["https:\/\/www.facebook.com\/institutodeengenharia","https:\/\/x.com\/iengenharia","https:\/\/www.instagram.com\/institutodeengenharia\/","https:\/\/www.linkedin.com\/company\/instituto-de-engenharia\/","https:\/\/www.youtube.com\/channel\/UCXiCAlsSMe977vamW915HxA"]},{"@type":"Person","@id":"https:\/\/www.institutodeengenharia.org.br\/site\/#\/schema\/person\/3b1ff109facef084739fc2edcb9a127f","name":"TMax Tecnologia","image":{"@type":"ImageObject","inLanguage":"pt-BR","@id":"https:\/\/secure.gravatar.com\/avatar\/f912434ef7f389c92cb311fcdae346af848465d638912574b3c669070f797701?s=96&d=mm&r=g","url":"https:\/\/secure.gravatar.com\/avatar\/f912434ef7f389c92cb311fcdae346af848465d638912574b3c669070f797701?s=96&d=mm&r=g","contentUrl":"https:\/\/secure.gravatar.com\/avatar\/f912434ef7f389c92cb311fcdae346af848465d638912574b3c669070f797701?s=96&d=mm&r=g","caption":"TMax Tecnologia"},"url":"https:\/\/www.institutodeengenharia.org.br\/site\/author\/tmax\/"}]}},"_links":{"self":[{"href":"https:\/\/www.institutodeengenharia.org.br\/site\/wp-json\/wp\/v2\/posts\/23543","targetHints":{"allow":["GET"]}}],"collection":[{"href":"https:\/\/www.institutodeengenharia.org.br\/site\/wp-json\/wp\/v2\/posts"}],"about":[{"href":"https:\/\/www.institutodeengenharia.org.br\/site\/wp-json\/wp\/v2\/types\/post"}],"author":[{"embeddable":true,"href":"https:\/\/www.institutodeengenharia.org.br\/site\/wp-json\/wp\/v2\/users\/1"}],"replies":[{"embeddable":true,"href":"https:\/\/www.institutodeengenharia.org.br\/site\/wp-json\/wp\/v2\/comments?post=23543"}],"version-history":[{"count":0,"href":"https:\/\/www.institutodeengenharia.org.br\/site\/wp-json\/wp\/v2\/posts\/23543\/revisions"}],"wp:attachment":[{"href":"https:\/\/www.institutodeengenharia.org.br\/site\/wp-json\/wp\/v2\/media?parent=23543"}],"wp:term":[{"taxonomy":"category","embeddable":true,"href":"https:\/\/www.institutodeengenharia.org.br\/site\/wp-json\/wp\/v2\/categories?post=23543"},{"taxonomy":"post_tag","embeddable":true,"href":"https:\/\/www.institutodeengenharia.org.br\/site\/wp-json\/wp\/v2\/tags?post=23543"}],"curies":[{"name":"wp","href":"https:\/\/api.w.org\/{rel}","templated":true}]}}