{"id":23541,"date":"2013-06-25T23:52:49","date_gmt":"2013-06-25T23:52:49","guid":{"rendered":"https:\/\/www.institutodeengenharia.org.br\/?p=23541"},"modified":"2020-11-13T15:30:05","modified_gmt":"2020-11-13T18:30:05","slug":"voce-pediu-para-eu-contar-alguma-experiencia-de-vida","status":"publish","type":"post","link":"https:\/\/www.institutodeengenharia.org.br\/site\/2013\/06\/25\/voce-pediu-para-eu-contar-alguma-experiencia-de-vida\/","title":{"rendered":"Voc\u00ea pediu para eu contar alguma experi\u00eancia de vida"},"content":{"rendered":"<p>Voc\u00ea pediu para eu contar alguma experi\u00eancia de vida.<br \/>\nPois v\u00e1 l\u00e1.<\/p>\n<p>A minha segunda experi\u00eancia, pois a primeira foi, durante a faculdade, um est\u00e1gio remunerado no antigo DAEE, trabalhando na Constran e na Heleno e Fonseca, na fiscaliza\u00e7\u00e3o de assentamento de r\u00eade de esgoto.<\/p>\n<p>Creio que o que tem de educativo na minha segunda experi\u00eancia foram 5 conceitos:<br \/>\n1) Vislumbrar a oportunidade.<br \/>\n2) Crer no imposs\u00edvel.<br \/>\n3) Perseverar, ousar, tentando transformar o aparentemente imposs\u00edvel em poss\u00edvel.<br \/>\n4) Ter sorte, s\u00f3 que sorte n\u00e3o \u00e9 APENAS loteria; \u00e9 procurar estar no lugar certo na hora certa.<br \/>\n5) Se envolver com gente s\u00e9ria.<\/p>\n<p>Vamos \u00e0 est\u00f3ria:<br \/>\nEstando eu no 5\u00ba ano da POLI, em 1965, assisti a um Programa chamado PINGA FOGO, com formato semelhante ao RODA VIVA de hoje, onde o entrevistado era o poderoso Ministro de Planejamento Roberto Campos.<\/p>\n<p>Roberto Campos num determinado momento afirmou que engenheiros tinham uma forma\u00e7\u00e3o t\u00e9cnica muito forte, mas que lhes faltava uma vis\u00e3o global, que seria \u00fatil fazer est\u00e1gio numa empresa de planejamento.<\/p>\n<p>O cavalo passou, vislumbreio-o e tentei montar: enviei-lhe uma carta, como quem manda para Papai Noel, pois n\u00e3o o conhecia e muito menos ele a mim.<br \/>\nSurpresa: demorou um pouco, mas ele respondeu, j\u00e1 no inicio de 1966, eu j\u00e1 formado Engenheiro Civil.<\/p>\n<p>Informou-me que lhe seria dif\u00edcil atender, pois sua \u00e1rea de atua\u00e7\u00e3o era o Rio de Janeiro (ainda capital real do Brasil), mas que eu procurasse aqui em S\u00e3o Paulo, 2 professores da Faculdade de Economia da USP: Antonio Delfim Neto e Ruy Aguiar da Silva Leme.<\/p>\n<p>Novo cavalo passou, tamb\u00e9m o vislumbrei: fui procurar Ruy Leme que fora meu professor, em uma \u00fanica aula, no 5\u00ba ano, na Cadeira \u201cEconomia, Estat\u00edstica e Sistemas de Produ\u00e7\u00e3o\u201d, onde cada Professor da Mecanica de Produ\u00e7\u00e3o dava uma aula com uma pequena pincelada de sua especialidade.<\/p>\n<p>Uma pitada de ousadia: \u201cDr. Ruy, o senhor se lembra de mim? Estou com uma carta de recomenda\u00e7\u00e3o do Ministro Roberto Campos\u201d.<\/p>\n<p>A justa resposta: \u201c Que abacaxi que o Campos me passou, mas vamos l\u00e1\u201d.<br \/>\nO desafio do s\u00e1bio: \u201cA carta diz que voc\u00ea deve procurar a mim e ao Delfim; voc\u00ea tem que fazer o pedido encontrando-nos juntos\u201d. \u201cUma vez a cada 15 dias temos uma reuni\u00e3o na ANPES na parte da tarde\u201d. \u201cTchau e ben\u00e7\u00e3o\u201d.<\/p>\n<p>O que era ANPES? Onde funcionava (n\u00e3o havia internet)? Parte da tarde seria 14 ou 18 horas? O Delfim eu nunca tinha visto!<br \/>\nPerseveran\u00e7a: fui umas dez vezes na Associa\u00e7\u00e3o Nacional de Pesquisas Economicas e Sociais na Rua Libero Badar\u00f3. A reuni\u00e3o j\u00e1 terminou; a reuni\u00e3o foi adiada; o Ruy n\u00e3o pode vir; o Delfim chegou e saiu; hoje a reuni\u00e3o \u00e9 a portas fechadas e ningu\u00e9m pode ser incomodado; a reuni\u00e3o n\u00e3o terminou, mas voc\u00ea tem que descer porque o pr\u00e9dio vai fechar&#8230;&#8230;&#8230;.at\u00e9 que um dia, &#8230;.. vejo Delfim e Ruy saindo juntos do elevador. Passei pelo primeiro teste. Ruy pediu para procurar-lhe em seu escrit\u00f3rio da\u00ed a 15 dias.<\/p>\n<p>Algumas reuni\u00f5es, com conversas, conjecturas, mas sem resultado.<br \/>\nO<br \/>\nprimeiro grande encontro: existiram outros detalhes intermedi\u00e1rios de menor import\u00e2ncia, mas num certo dia, por volta de 18 horas, Ruy falou que na \u00e1rea de planejamento n\u00e3o pintara nada ainda, mas que se eu me interessasse, poderia ir a uma reuni\u00e3o, no dia seguinte, na Prima Eletro Dom\u00e9sticos, porque ele fora convidado para fazer uma analise econ\u00f4mico financeira da empresa e n\u00e3o tinha tempo e que eu poderia ser seu assessor.<br \/>\nIndaguei: n\u00e3o entendo nada de Economia.<br \/>\nResposta: leia este livro do Campiglia sobre Teoria da Contabilidade (300 paginas).<br \/>\nIndaguei: Quando?<br \/>\nResposta: s\u00e3o 18 horas, a reuni\u00e3o \u00e9 amanh\u00e3 \u00e0s 8 horas. Voc\u00ea tem 14 horas.<br \/>\nComportamento: n\u00e3o dormi e li o livro.<br \/>\nPergunta \u00e0s 7 da manh\u00e3 do dia seguinte: Leu?<br \/>\nResposta: li, entendi, mas acho que n\u00e3o deu para fixar.<br \/>\nRuy, j\u00e1 de sa\u00edda: Ent\u00e3o pelo menos n\u00e3o me fa\u00e7a cara de imbecil na reuni\u00e3o. MINHA PRIMEIRA GRANDE LI\u00c7\u00c3O DE VIDA PROFISSIONAL.<br \/>\nRuy era um cavalo? N\u00c3O, fazia isso com carinho, respeito e considera\u00e7\u00e3o, era seu jeit\u00e3o, facilmente assimil\u00e1vel, mas, pensando bem, era sim um cavalo, daqueles que est\u00e3o na frente e correm mais.<\/p>\n<p>Entendia de tudo, trabalhava 18 horas por dia, 4 horas de sono eram suficientes, tinha o maior poder de concentra\u00e7\u00e3o que jamais vi. Infelizmente pagou um pre\u00e7o caro. Faleceu na faixa dos 50 anos.<br \/>\nFiz o trabalho e outro mais.<\/p>\n<p>A\u00ed, um dia, meu colega de turma e grande amigo Jo\u00e3o Le\u00e3o, traz um convite irresist\u00edvel de seu pai M\u00e1rio Le\u00e3o, outro ser superior: trabalhar na \u00e1rea de Planejamento da Brasconsult. Conversei com Ruy e fui para onde sonhara e projetara ir.<br \/>\nPassam-se poucos meses: estou eu na Rua 3 de Dezembro indo da XV de Novembro para a Boa Vista e quem encontro? Ruy Leme.<\/p>\n<p>Cumprimentos e de repente Ruy saca: fui convidado para ser Presidente do Banco Central. Posso levar 4 assessores. J\u00e1 escolhi tr\u00eas: o Fitipaldi que entende de Banco, o Zaccarelli que entende de Administra\u00e7\u00e3o, o Sams\u00e3o que entende de Sistemas e tenho uma quarta vaga, para assuntos gerais. Voc\u00ea topa ir? Claro que fui. Com 24 anos, n\u00e3o poderia deixar de passar essa oportunidade.<\/p>\n<p>Por injun\u00e7\u00f5es pol\u00edticas a estada de Ruy (e l\u00f3gico a minha) foi curta, mas aprendi muito e 1 ano depois eu j\u00e1 voltava para a Brasconsult. Todavia o v\u00edrus j\u00e1 fora transmitido e 4 anos depois eu ingressei no INVESTBANCO, presidido na \u00e9poca pelo mesmo Roberto Campos das origens, na \u00e1rea financeira, onde fiz carreira por 21 anos (n\u00e3o apenas no Investbanco).<\/p>\n<p>E c\u00e1 estou eu, atualmente como consultor financeiro de empresas de engenharia, dando, com o maior prazer, parte de meu tempo ao glorioso e insuper\u00e1vel Instituto de Engenharia.<\/p>\n<p>________________________________________________________________<\/p>\n<p><img loading=\"lazy\" decoding=\"async\" class=\"\" src=\"https:\/\/www.institutodeengenharia.org.br\/site\/wp-content\/uploads\/2018\/02\/joao_ernest_1.jpg\" width=\"198\" height=\"212\" \/><\/p>\n<p><em>* Engenheiro civil POLI\/1965; p\u00f3s-gradua\u00e7\u00e3o (\u00e1rea de produ\u00e7\u00e3o) na POLI\/1970; ex-assessor do Presidente Ruy Leme no Banco Central\/1968; na engenharia atuou na \u00e1rea de planejamento at\u00e9 1971; dirigiu institui\u00e7\u00f5es financeiras at\u00e9 1989; foi professor de Mercado de Capitais em cursos de especializa\u00e7\u00e3o do Instituto Mau\u00e1 de Tecnologia\/80; escreveu livros; desde 1990 atua na \u00e1rea de consultoria financeira de empresas de Engenharia. Foi presidente do Conselho Consultivo do Instituto de Engenharia.<\/em><\/p>\n<p>*<em>Os artigos publicados com assinatura, n\u00e3o traduzem necessariamente a opini\u00e3o do Instituto de Engenharia. Sua publica\u00e7\u00e3o obedece ao prop\u00f3sito de estimular o debate dos problemas brasileiros e de refletir as diversas tend\u00eancias do pensamento contempor\u00e2neo<\/em><\/p>\n<p>&nbsp;<\/p>\n","protected":false},"excerpt":{"rendered":"<p>Voc\u00ea pediu para eu contar alguma experi\u00eancia de vida. Pois v\u00e1 l\u00e1. A minha segunda experi\u00eancia, pois a primeira foi, durante a faculdade, um est\u00e1gio remunerado no antigo DAEE, trabalhando na Constran e na Heleno e Fonseca, na fiscaliza\u00e7\u00e3o de assentamento de r\u00eade de esgoto. Creio que o que tem de educativo na minha segunda [&hellip;]<\/p>\n","protected":false},"author":1,"featured_media":72943,"comment_status":"open","ping_status":"open","sticky":false,"template":"","format":"standard","meta":{"footnotes":""},"categories":[91],"tags":[],"class_list":{"0":"post-23541","1":"post","2":"type-post","3":"status-publish","4":"format-standard","5":"has-post-thumbnail","7":"category-joao-ernesto-figueiredo"},"yoast_head":"<!-- This site is optimized with the Yoast SEO plugin v27.2 - https:\/\/yoast.com\/product\/yoast-seo-wordpress\/ -->\n<title>Voc\u00ea pediu para eu contar alguma experi\u00eancia de vida - Instituto de Engenharia<\/title>\n<meta name=\"robots\" content=\"index, follow, max-snippet:-1, max-image-preview:large, max-video-preview:-1\" \/>\n<link rel=\"canonical\" href=\"https:\/\/www.institutodeengenharia.org.br\/site\/2013\/06\/25\/voce-pediu-para-eu-contar-alguma-experiencia-de-vida\/\" \/>\n<meta property=\"og:locale\" content=\"pt_BR\" \/>\n<meta property=\"og:type\" content=\"article\" \/>\n<meta property=\"og:title\" content=\"Voc\u00ea pediu para eu contar alguma experi\u00eancia de vida - Instituto de Engenharia\" \/>\n<meta property=\"og:description\" content=\"Voc\u00ea pediu para eu contar alguma experi\u00eancia de vida. Pois v\u00e1 l\u00e1. A minha segunda experi\u00eancia, pois a primeira foi, durante a faculdade, um est\u00e1gio remunerado no antigo DAEE, trabalhando na Constran e na Heleno e Fonseca, na fiscaliza\u00e7\u00e3o de assentamento de r\u00eade de esgoto. Creio que o que tem de educativo na minha segunda [&hellip;]\" \/>\n<meta property=\"og:url\" content=\"https:\/\/www.institutodeengenharia.org.br\/site\/2013\/06\/25\/voce-pediu-para-eu-contar-alguma-experiencia-de-vida\/\" \/>\n<meta property=\"og:site_name\" content=\"Instituto de Engenharia\" \/>\n<meta property=\"article:publisher\" content=\"https:\/\/www.facebook.com\/institutodeengenharia\" \/>\n<meta property=\"article:published_time\" content=\"2013-06-25T23:52:49+00:00\" \/>\n<meta property=\"article:modified_time\" content=\"2020-11-13T18:30:05+00:00\" \/>\n<meta property=\"og:image\" content=\"https:\/\/www.institutodeengenharia.org.br\/site\/wp-content\/uploads\/2013\/06\/icon-2967797_1280.png\" \/>\n\t<meta property=\"og:image:width\" content=\"1280\" \/>\n\t<meta property=\"og:image:height\" content=\"1280\" \/>\n\t<meta property=\"og:image:type\" content=\"image\/png\" \/>\n<meta name=\"author\" content=\"TMax Tecnologia\" \/>\n<meta name=\"twitter:card\" content=\"summary_large_image\" \/>\n<meta name=\"twitter:creator\" content=\"@iengenharia\" \/>\n<meta name=\"twitter:site\" content=\"@iengenharia\" \/>\n<meta name=\"twitter:label1\" content=\"Escrito por\" \/>\n\t<meta name=\"twitter:data1\" content=\"TMax Tecnologia\" \/>\n\t<meta name=\"twitter:label2\" content=\"Est. tempo de leitura\" \/>\n\t<meta name=\"twitter:data2\" content=\"6 minutos\" \/>\n<script type=\"application\/ld+json\" class=\"yoast-schema-graph\">{\"@context\":\"https:\/\/schema.org\",\"@graph\":[{\"@type\":\"Article\",\"@id\":\"https:\/\/www.institutodeengenharia.org.br\/site\/2013\/06\/25\/voce-pediu-para-eu-contar-alguma-experiencia-de-vida\/#article\",\"isPartOf\":{\"@id\":\"https:\/\/www.institutodeengenharia.org.br\/site\/2013\/06\/25\/voce-pediu-para-eu-contar-alguma-experiencia-de-vida\/\"},\"author\":{\"name\":\"TMax Tecnologia\",\"@id\":\"https:\/\/www.institutodeengenharia.org.br\/site\/#\/schema\/person\/3b1ff109facef084739fc2edcb9a127f\"},\"headline\":\"Voc\u00ea pediu para eu contar alguma experi\u00eancia de vida\",\"datePublished\":\"2013-06-25T23:52:49+00:00\",\"dateModified\":\"2020-11-13T18:30:05+00:00\",\"mainEntityOfPage\":{\"@id\":\"https:\/\/www.institutodeengenharia.org.br\/site\/2013\/06\/25\/voce-pediu-para-eu-contar-alguma-experiencia-de-vida\/\"},\"wordCount\":1116,\"commentCount\":0,\"publisher\":{\"@id\":\"https:\/\/www.institutodeengenharia.org.br\/site\/#organization\"},\"image\":{\"@id\":\"https:\/\/www.institutodeengenharia.org.br\/site\/2013\/06\/25\/voce-pediu-para-eu-contar-alguma-experiencia-de-vida\/#primaryimage\"},\"thumbnailUrl\":\"https:\/\/www.institutodeengenharia.org.br\/site\/wp-content\/uploads\/2013\/06\/icon-2967797_1280.png\",\"articleSection\":[\"Jo\u00e3o Ernesto Figueiredo\"],\"inLanguage\":\"pt-BR\",\"potentialAction\":[{\"@type\":\"CommentAction\",\"name\":\"Comment\",\"target\":[\"https:\/\/www.institutodeengenharia.org.br\/site\/2013\/06\/25\/voce-pediu-para-eu-contar-alguma-experiencia-de-vida\/#respond\"]}]},{\"@type\":\"WebPage\",\"@id\":\"https:\/\/www.institutodeengenharia.org.br\/site\/2013\/06\/25\/voce-pediu-para-eu-contar-alguma-experiencia-de-vida\/\",\"url\":\"https:\/\/www.institutodeengenharia.org.br\/site\/2013\/06\/25\/voce-pediu-para-eu-contar-alguma-experiencia-de-vida\/\",\"name\":\"Voc\u00ea pediu para eu contar alguma experi\u00eancia de vida - Instituto de Engenharia\",\"isPartOf\":{\"@id\":\"https:\/\/www.institutodeengenharia.org.br\/site\/#website\"},\"primaryImageOfPage\":{\"@id\":\"https:\/\/www.institutodeengenharia.org.br\/site\/2013\/06\/25\/voce-pediu-para-eu-contar-alguma-experiencia-de-vida\/#primaryimage\"},\"image\":{\"@id\":\"https:\/\/www.institutodeengenharia.org.br\/site\/2013\/06\/25\/voce-pediu-para-eu-contar-alguma-experiencia-de-vida\/#primaryimage\"},\"thumbnailUrl\":\"https:\/\/www.institutodeengenharia.org.br\/site\/wp-content\/uploads\/2013\/06\/icon-2967797_1280.png\",\"datePublished\":\"2013-06-25T23:52:49+00:00\",\"dateModified\":\"2020-11-13T18:30:05+00:00\",\"breadcrumb\":{\"@id\":\"https:\/\/www.institutodeengenharia.org.br\/site\/2013\/06\/25\/voce-pediu-para-eu-contar-alguma-experiencia-de-vida\/#breadcrumb\"},\"inLanguage\":\"pt-BR\",\"potentialAction\":[{\"@type\":\"ReadAction\",\"target\":[\"https:\/\/www.institutodeengenharia.org.br\/site\/2013\/06\/25\/voce-pediu-para-eu-contar-alguma-experiencia-de-vida\/\"]}]},{\"@type\":\"ImageObject\",\"inLanguage\":\"pt-BR\",\"@id\":\"https:\/\/www.institutodeengenharia.org.br\/site\/2013\/06\/25\/voce-pediu-para-eu-contar-alguma-experiencia-de-vida\/#primaryimage\",\"url\":\"https:\/\/www.institutodeengenharia.org.br\/site\/wp-content\/uploads\/2013\/06\/icon-2967797_1280.png\",\"contentUrl\":\"https:\/\/www.institutodeengenharia.org.br\/site\/wp-content\/uploads\/2013\/06\/icon-2967797_1280.png\",\"width\":1280,\"height\":1280},{\"@type\":\"BreadcrumbList\",\"@id\":\"https:\/\/www.institutodeengenharia.org.br\/site\/2013\/06\/25\/voce-pediu-para-eu-contar-alguma-experiencia-de-vida\/#breadcrumb\",\"itemListElement\":[{\"@type\":\"ListItem\",\"position\":1,\"name\":\"In\u00edcio\",\"item\":\"https:\/\/www.institutodeengenharia.org.br\/site\/\"},{\"@type\":\"ListItem\",\"position\":2,\"name\":\"Voc\u00ea pediu para eu contar alguma experi\u00eancia de vida\"}]},{\"@type\":\"WebSite\",\"@id\":\"https:\/\/www.institutodeengenharia.org.br\/site\/#website\",\"url\":\"https:\/\/www.institutodeengenharia.org.br\/site\/\",\"name\":\"Instituto de Engenharia\",\"description\":\"O Instituto de Engenharia promove a Engenharia em benef\u00edcio do desenvolvimento e da qualidade de vida da sociedade.\",\"publisher\":{\"@id\":\"https:\/\/www.institutodeengenharia.org.br\/site\/#organization\"},\"potentialAction\":[{\"@type\":\"SearchAction\",\"target\":{\"@type\":\"EntryPoint\",\"urlTemplate\":\"https:\/\/www.institutodeengenharia.org.br\/site\/?s={search_term_string}\"},\"query-input\":{\"@type\":\"PropertyValueSpecification\",\"valueRequired\":true,\"valueName\":\"search_term_string\"}}],\"inLanguage\":\"pt-BR\"},{\"@type\":\"Organization\",\"@id\":\"https:\/\/www.institutodeengenharia.org.br\/site\/#organization\",\"name\":\"Instituto de Engenharia\",\"url\":\"https:\/\/www.institutodeengenharia.org.br\/site\/\",\"logo\":{\"@type\":\"ImageObject\",\"inLanguage\":\"pt-BR\",\"@id\":\"https:\/\/www.institutodeengenharia.org.br\/site\/#\/schema\/logo\/image\/\",\"url\":\"https:\/\/www.institutodeengenharia.org.br\/site\/wp-content\/uploads\/2019\/03\/logo-novo-IE2018-1.jpg\",\"contentUrl\":\"https:\/\/www.institutodeengenharia.org.br\/site\/wp-content\/uploads\/2019\/03\/logo-novo-IE2018-1.jpg\",\"width\":1486,\"height\":1879,\"caption\":\"Instituto de Engenharia\"},\"image\":{\"@id\":\"https:\/\/www.institutodeengenharia.org.br\/site\/#\/schema\/logo\/image\/\"},\"sameAs\":[\"https:\/\/www.facebook.com\/institutodeengenharia\",\"https:\/\/x.com\/iengenharia\",\"https:\/\/www.instagram.com\/institutodeengenharia\/\",\"https:\/\/www.linkedin.com\/company\/instituto-de-engenharia\/\",\"https:\/\/www.youtube.com\/channel\/UCXiCAlsSMe977vamW915HxA\"]},{\"@type\":\"Person\",\"@id\":\"https:\/\/www.institutodeengenharia.org.br\/site\/#\/schema\/person\/3b1ff109facef084739fc2edcb9a127f\",\"name\":\"TMax Tecnologia\",\"image\":{\"@type\":\"ImageObject\",\"inLanguage\":\"pt-BR\",\"@id\":\"https:\/\/secure.gravatar.com\/avatar\/f912434ef7f389c92cb311fcdae346af848465d638912574b3c669070f797701?s=96&d=mm&r=g\",\"url\":\"https:\/\/secure.gravatar.com\/avatar\/f912434ef7f389c92cb311fcdae346af848465d638912574b3c669070f797701?s=96&d=mm&r=g\",\"contentUrl\":\"https:\/\/secure.gravatar.com\/avatar\/f912434ef7f389c92cb311fcdae346af848465d638912574b3c669070f797701?s=96&d=mm&r=g\",\"caption\":\"TMax Tecnologia\"},\"url\":\"https:\/\/www.institutodeengenharia.org.br\/site\/author\/tmax\/\"}]}<\/script>\n<!-- \/ Yoast SEO plugin. -->","yoast_head_json":{"title":"Voc\u00ea pediu para eu contar alguma experi\u00eancia de vida - Instituto de Engenharia","robots":{"index":"index","follow":"follow","max-snippet":"max-snippet:-1","max-image-preview":"max-image-preview:large","max-video-preview":"max-video-preview:-1"},"canonical":"https:\/\/www.institutodeengenharia.org.br\/site\/2013\/06\/25\/voce-pediu-para-eu-contar-alguma-experiencia-de-vida\/","og_locale":"pt_BR","og_type":"article","og_title":"Voc\u00ea pediu para eu contar alguma experi\u00eancia de vida - Instituto de Engenharia","og_description":"Voc\u00ea pediu para eu contar alguma experi\u00eancia de vida. Pois v\u00e1 l\u00e1. A minha segunda experi\u00eancia, pois a primeira foi, durante a faculdade, um est\u00e1gio remunerado no antigo DAEE, trabalhando na Constran e na Heleno e Fonseca, na fiscaliza\u00e7\u00e3o de assentamento de r\u00eade de esgoto. Creio que o que tem de educativo na minha segunda [&hellip;]","og_url":"https:\/\/www.institutodeengenharia.org.br\/site\/2013\/06\/25\/voce-pediu-para-eu-contar-alguma-experiencia-de-vida\/","og_site_name":"Instituto de Engenharia","article_publisher":"https:\/\/www.facebook.com\/institutodeengenharia","article_published_time":"2013-06-25T23:52:49+00:00","article_modified_time":"2020-11-13T18:30:05+00:00","og_image":[{"width":1280,"height":1280,"url":"https:\/\/www.institutodeengenharia.org.br\/site\/wp-content\/uploads\/2013\/06\/icon-2967797_1280.png","type":"image\/png"}],"author":"TMax Tecnologia","twitter_card":"summary_large_image","twitter_creator":"@iengenharia","twitter_site":"@iengenharia","twitter_misc":{"Escrito por":"TMax Tecnologia","Est. tempo de leitura":"6 minutos"},"schema":{"@context":"https:\/\/schema.org","@graph":[{"@type":"Article","@id":"https:\/\/www.institutodeengenharia.org.br\/site\/2013\/06\/25\/voce-pediu-para-eu-contar-alguma-experiencia-de-vida\/#article","isPartOf":{"@id":"https:\/\/www.institutodeengenharia.org.br\/site\/2013\/06\/25\/voce-pediu-para-eu-contar-alguma-experiencia-de-vida\/"},"author":{"name":"TMax Tecnologia","@id":"https:\/\/www.institutodeengenharia.org.br\/site\/#\/schema\/person\/3b1ff109facef084739fc2edcb9a127f"},"headline":"Voc\u00ea pediu para eu contar alguma experi\u00eancia de vida","datePublished":"2013-06-25T23:52:49+00:00","dateModified":"2020-11-13T18:30:05+00:00","mainEntityOfPage":{"@id":"https:\/\/www.institutodeengenharia.org.br\/site\/2013\/06\/25\/voce-pediu-para-eu-contar-alguma-experiencia-de-vida\/"},"wordCount":1116,"commentCount":0,"publisher":{"@id":"https:\/\/www.institutodeengenharia.org.br\/site\/#organization"},"image":{"@id":"https:\/\/www.institutodeengenharia.org.br\/site\/2013\/06\/25\/voce-pediu-para-eu-contar-alguma-experiencia-de-vida\/#primaryimage"},"thumbnailUrl":"https:\/\/www.institutodeengenharia.org.br\/site\/wp-content\/uploads\/2013\/06\/icon-2967797_1280.png","articleSection":["Jo\u00e3o Ernesto Figueiredo"],"inLanguage":"pt-BR","potentialAction":[{"@type":"CommentAction","name":"Comment","target":["https:\/\/www.institutodeengenharia.org.br\/site\/2013\/06\/25\/voce-pediu-para-eu-contar-alguma-experiencia-de-vida\/#respond"]}]},{"@type":"WebPage","@id":"https:\/\/www.institutodeengenharia.org.br\/site\/2013\/06\/25\/voce-pediu-para-eu-contar-alguma-experiencia-de-vida\/","url":"https:\/\/www.institutodeengenharia.org.br\/site\/2013\/06\/25\/voce-pediu-para-eu-contar-alguma-experiencia-de-vida\/","name":"Voc\u00ea pediu para eu contar alguma experi\u00eancia de vida - Instituto de Engenharia","isPartOf":{"@id":"https:\/\/www.institutodeengenharia.org.br\/site\/#website"},"primaryImageOfPage":{"@id":"https:\/\/www.institutodeengenharia.org.br\/site\/2013\/06\/25\/voce-pediu-para-eu-contar-alguma-experiencia-de-vida\/#primaryimage"},"image":{"@id":"https:\/\/www.institutodeengenharia.org.br\/site\/2013\/06\/25\/voce-pediu-para-eu-contar-alguma-experiencia-de-vida\/#primaryimage"},"thumbnailUrl":"https:\/\/www.institutodeengenharia.org.br\/site\/wp-content\/uploads\/2013\/06\/icon-2967797_1280.png","datePublished":"2013-06-25T23:52:49+00:00","dateModified":"2020-11-13T18:30:05+00:00","breadcrumb":{"@id":"https:\/\/www.institutodeengenharia.org.br\/site\/2013\/06\/25\/voce-pediu-para-eu-contar-alguma-experiencia-de-vida\/#breadcrumb"},"inLanguage":"pt-BR","potentialAction":[{"@type":"ReadAction","target":["https:\/\/www.institutodeengenharia.org.br\/site\/2013\/06\/25\/voce-pediu-para-eu-contar-alguma-experiencia-de-vida\/"]}]},{"@type":"ImageObject","inLanguage":"pt-BR","@id":"https:\/\/www.institutodeengenharia.org.br\/site\/2013\/06\/25\/voce-pediu-para-eu-contar-alguma-experiencia-de-vida\/#primaryimage","url":"https:\/\/www.institutodeengenharia.org.br\/site\/wp-content\/uploads\/2013\/06\/icon-2967797_1280.png","contentUrl":"https:\/\/www.institutodeengenharia.org.br\/site\/wp-content\/uploads\/2013\/06\/icon-2967797_1280.png","width":1280,"height":1280},{"@type":"BreadcrumbList","@id":"https:\/\/www.institutodeengenharia.org.br\/site\/2013\/06\/25\/voce-pediu-para-eu-contar-alguma-experiencia-de-vida\/#breadcrumb","itemListElement":[{"@type":"ListItem","position":1,"name":"In\u00edcio","item":"https:\/\/www.institutodeengenharia.org.br\/site\/"},{"@type":"ListItem","position":2,"name":"Voc\u00ea pediu para eu contar alguma experi\u00eancia de vida"}]},{"@type":"WebSite","@id":"https:\/\/www.institutodeengenharia.org.br\/site\/#website","url":"https:\/\/www.institutodeengenharia.org.br\/site\/","name":"Instituto de Engenharia","description":"O Instituto de Engenharia promove a Engenharia em benef\u00edcio do desenvolvimento e da qualidade de vida da sociedade.","publisher":{"@id":"https:\/\/www.institutodeengenharia.org.br\/site\/#organization"},"potentialAction":[{"@type":"SearchAction","target":{"@type":"EntryPoint","urlTemplate":"https:\/\/www.institutodeengenharia.org.br\/site\/?s={search_term_string}"},"query-input":{"@type":"PropertyValueSpecification","valueRequired":true,"valueName":"search_term_string"}}],"inLanguage":"pt-BR"},{"@type":"Organization","@id":"https:\/\/www.institutodeengenharia.org.br\/site\/#organization","name":"Instituto de Engenharia","url":"https:\/\/www.institutodeengenharia.org.br\/site\/","logo":{"@type":"ImageObject","inLanguage":"pt-BR","@id":"https:\/\/www.institutodeengenharia.org.br\/site\/#\/schema\/logo\/image\/","url":"https:\/\/www.institutodeengenharia.org.br\/site\/wp-content\/uploads\/2019\/03\/logo-novo-IE2018-1.jpg","contentUrl":"https:\/\/www.institutodeengenharia.org.br\/site\/wp-content\/uploads\/2019\/03\/logo-novo-IE2018-1.jpg","width":1486,"height":1879,"caption":"Instituto de Engenharia"},"image":{"@id":"https:\/\/www.institutodeengenharia.org.br\/site\/#\/schema\/logo\/image\/"},"sameAs":["https:\/\/www.facebook.com\/institutodeengenharia","https:\/\/x.com\/iengenharia","https:\/\/www.instagram.com\/institutodeengenharia\/","https:\/\/www.linkedin.com\/company\/instituto-de-engenharia\/","https:\/\/www.youtube.com\/channel\/UCXiCAlsSMe977vamW915HxA"]},{"@type":"Person","@id":"https:\/\/www.institutodeengenharia.org.br\/site\/#\/schema\/person\/3b1ff109facef084739fc2edcb9a127f","name":"TMax Tecnologia","image":{"@type":"ImageObject","inLanguage":"pt-BR","@id":"https:\/\/secure.gravatar.com\/avatar\/f912434ef7f389c92cb311fcdae346af848465d638912574b3c669070f797701?s=96&d=mm&r=g","url":"https:\/\/secure.gravatar.com\/avatar\/f912434ef7f389c92cb311fcdae346af848465d638912574b3c669070f797701?s=96&d=mm&r=g","contentUrl":"https:\/\/secure.gravatar.com\/avatar\/f912434ef7f389c92cb311fcdae346af848465d638912574b3c669070f797701?s=96&d=mm&r=g","caption":"TMax Tecnologia"},"url":"https:\/\/www.institutodeengenharia.org.br\/site\/author\/tmax\/"}]}},"_links":{"self":[{"href":"https:\/\/www.institutodeengenharia.org.br\/site\/wp-json\/wp\/v2\/posts\/23541","targetHints":{"allow":["GET"]}}],"collection":[{"href":"https:\/\/www.institutodeengenharia.org.br\/site\/wp-json\/wp\/v2\/posts"}],"about":[{"href":"https:\/\/www.institutodeengenharia.org.br\/site\/wp-json\/wp\/v2\/types\/post"}],"author":[{"embeddable":true,"href":"https:\/\/www.institutodeengenharia.org.br\/site\/wp-json\/wp\/v2\/users\/1"}],"replies":[{"embeddable":true,"href":"https:\/\/www.institutodeengenharia.org.br\/site\/wp-json\/wp\/v2\/comments?post=23541"}],"version-history":[{"count":1,"href":"https:\/\/www.institutodeengenharia.org.br\/site\/wp-json\/wp\/v2\/posts\/23541\/revisions"}],"predecessor-version":[{"id":72944,"href":"https:\/\/www.institutodeengenharia.org.br\/site\/wp-json\/wp\/v2\/posts\/23541\/revisions\/72944"}],"wp:featuredmedia":[{"embeddable":true,"href":"https:\/\/www.institutodeengenharia.org.br\/site\/wp-json\/wp\/v2\/media\/72943"}],"wp:attachment":[{"href":"https:\/\/www.institutodeengenharia.org.br\/site\/wp-json\/wp\/v2\/media?parent=23541"}],"wp:term":[{"taxonomy":"category","embeddable":true,"href":"https:\/\/www.institutodeengenharia.org.br\/site\/wp-json\/wp\/v2\/categories?post=23541"},{"taxonomy":"post_tag","embeddable":true,"href":"https:\/\/www.institutodeengenharia.org.br\/site\/wp-json\/wp\/v2\/tags?post=23541"}],"curies":[{"name":"wp","href":"https:\/\/api.w.org\/{rel}","templated":true}]}}