{"id":23519,"date":"2013-06-14T23:52:32","date_gmt":"2013-06-14T23:52:32","guid":{"rendered":"https:\/\/www.institutodeengenharia.org.br\/?p=23519"},"modified":"2013-06-14T13:36:11","modified_gmt":"2013-06-14T13:36:11","slug":"atrasos-e-obras-canceladas-reduzem-legado-da-copa-em-transporte","status":"publish","type":"post","link":"https:\/\/www.institutodeengenharia.org.br\/site\/2013\/06\/14\/atrasos-e-obras-canceladas-reduzem-legado-da-copa-em-transporte\/","title":{"rendered":"Atrasos e obras canceladas reduzem legado da Copa em transporte"},"content":{"rendered":"<p>Pelo Portal da Transpar\u00eancia, da Controladoria-Geral da Uni\u00e3o, a BBC Brasil conferiu o andamento de todos os investimentos em transporte p\u00fablico da Matriz de Responsabilidades, documento que define o papel de governos e entidades privadas na execu\u00e7\u00e3o de obras para a Copa. Obras na matriz podem ser contratadas por regime diferenciado, mais \u00e1gil que o habitual, e pagar menos tributos.<\/p>\n<p>Em S\u00e3o Paulo, Bras\u00edlia, Salvador e Manaus, \u00e0 exce\u00e7\u00e3o de melhorias em sistemas j\u00e1 existentes ou em obras no entorno dos novos est\u00e1dios, todos os demais investimentos diretos em transporte p\u00fablico previstos para o evento foram retirados da matriz. E em Natal, nenhum dos quatro projetos de mobilidade urbana da matriz se refere a a\u00e7\u00f5es diretamente voltadas ao transporte p\u00fablico, mas sim a obras vi\u00e1rias, como a amplia\u00e7\u00e3o de avenidas.&nbsp;<\/p>\n<p>Com isso, essas cidades n\u00e3o aproveitar\u00e3o o evento esportivo para executar grandes obras em transporte p\u00fablico. A postura \u00e9 diferente da adotada, por exemplo, por Johanesburgo. A cidade sul-africana que recebeu mais jogos na \u00faltima Copa do Mundo, em 2010, construiu para o evento uma linha de trem com 80 km que conecta seu aeroporto \u00e0 cidade vizinha de Pret\u00f3ria, al\u00e9m de corredores de \u00f4nibus.&nbsp;<\/p>\n<p>As cidades brasileiras afirmam que, apesar da exclus\u00e3o dos projetos da matriz, est\u00e3o executando outras obras que melhorar\u00e3o o transporte p\u00fablico durante e ap\u00f3s o evento esportivo.&nbsp;<\/p>\n<p>O Minist\u00e9rio do Esporte disse em nota \u00e0 BBC Brasil que a Copa est\u00e1 possibilitando ao pa\u00eds antecipar obras que j\u00e1 estavam previstas no Programa de Acelera\u00e7\u00e3o do Crescimento (PAC) e que os investimentos essenciais para o evento ser\u00e3o realizados.&nbsp;<\/p>\n<p>Afirmou, ainda, que as obras retiradas da matriz representam parte minorit\u00e1ria dos projetos. &#8220;Algumas obras sa\u00edram da Matriz de Responsabilidade porque os respons\u00e1veis pela execu\u00e7\u00e3o conclu\u00edram que n\u00e3o ficariam prontas a tempo da realiza\u00e7\u00e3o do Mundial. Mas elas ainda ser\u00e3o executadas dentro do PAC e ser\u00e3o conclu\u00eddas ap\u00f3s a Copa.&#8221;&nbsp;<\/p>\n<p><strong>Obras canceladas ou adiadas&nbsp;<\/p>\n<p><\/strong>Em Manaus, as duas obras da Copa em transporte p\u00fablico sa\u00edram da matriz: um corredor de \u00f4nibus e um monotrilho, or\u00e7ados em R$ 1,5 bilh\u00e3o. <br \/>\nEm Bras\u00edlia, ap\u00f3s a Justi\u00e7a apontar fraude em licita\u00e7\u00e3o, o governo local tamb\u00e9m tirou da matriz a \u00fanica obra em transporte p\u00fablico para a Copa, o trem de superf\u00edcie (VLT) que ligaria o aeroporto \u00e0 Asa Sul. A obra estava or\u00e7ada em R$ 364 milh\u00f5es.&nbsp;<\/p>\n<p>Em S\u00e3o Paulo, o \u00fanico investimento em transporte p\u00fablico da matriz tamb\u00e9m deixou a lista \u2013 a linha 17 Ouro do Metr\u00f4, que ligaria o aeroporto de Congonhas ao bairro do Morumbi ao custo de R$ 2,8 bilh\u00f5es.&nbsp;<\/p>\n<p>A obra buscava facilitar o transporte de visitantes at\u00e9 o est\u00e1dio do Morumbi, inicialmente escolhido para sediar os jogos na cidade e posteriormente substitu\u00eddo pela Arena Itaquera, em constru\u00e7\u00e3o. <br \/>\nSalvador tampouco concluir\u00e1 sua \u00fanica obra em transporte p\u00fablico prevista na matriz, um corredor de \u00f4nibus at\u00e9 o aeroporto da cidade, ao custo de R$ 567 milh\u00f5es. <br \/>\nNessas cidades, as obras de mobilidade urbana da Copa que permanecem na matriz preveem interven\u00e7\u00f5es no entorno dos est\u00e1dios e, no caso de Bras\u00edlia, tamb\u00e9m a amplia\u00e7\u00e3o de uma rodovia \u2013 que, segundo o governo local, ter\u00e1 corredores de \u00f4nibus.&nbsp;<\/p>\n<p>Em outros munic\u00edpios, alguns dos principais investimentos em transporte p\u00fablico para a Copa est\u00e3o atrasados e s\u00f3 devem ficar prontos na v\u00e9spera do evento, segundo o Minist\u00e9rio do Esporte.&nbsp;<\/p>\n<p>\u00c9 o caso do trem de superf\u00edcie (VLT) de Cuiab\u00e1, or\u00e7ado em R$ 1,4 bilh\u00e3o e que ligar\u00e1 a capital mato-grossense ao munic\u00edpio vizinho de V\u00e1rzea Grande. A obra tem previs\u00e3o de entrega em maio de 2014, a um m\u00eas da Copa.&nbsp;<\/p>\n<p>Em Curitiba, quatro obras em corredores de \u00f4nibus, entre as quais uma linha entre o aeroporto e a&nbsp;<br \/>\nrodoferrovi\u00e1ria, tamb\u00e9m s\u00f3 dever\u00e3o terminar em maio de 2014, de acordo com o Minist\u00e9rio do Esporte. <br \/>\nO mesmo dever\u00e1 ocorrer, segundo o \u00f3rg\u00e3o, com os tr\u00eas corredores de \u00f4nibus em constru\u00e7\u00e3o em Porto Alegre.&nbsp;<\/p>\n<p>Em Fortaleza, as obras do trem de superf\u00edcie (VLT) entre Parangaba e Mucuripe, com custo estimado de R$ 274 milh\u00f5es, est\u00e3o atrasadas e s\u00f3 devem ficar prontas em mar\u00e7o de 2014.&nbsp;<\/p>\n<p>No Rio, Recife e em Belo Horizonte, apesar de atrasos, todas as obras em transporte p\u00fablico da matriz t\u00eam previs\u00e3o de conclus\u00e3o ainda neste ano. Nos tr\u00eas munic\u00edpios, bem como na maioria das outras cidades-sede, os investimentos em transporte p\u00fablico para a Copa se concentram em corredores de \u00f4nibus (BRT).&nbsp;<\/p>\n<p>Para o professor de engenharia de tr\u00e1fego Paulo Cezar Martins Ribeiro, da Universidade Federal do Rio de Janeiro, o sistema foi escolhido por ser mais simples de executar e barato do que linhas sobre trilhos.&nbsp;<\/p>\n<p>Ele defende, por\u00e9m, que as linhas a serem inauguradas para o Mundial sejam continuamente avaliadas ap\u00f3s o torneio e, se necess\u00e1rio, reformuladas. <br \/>\nRibeiro diz que o corredor Transcarioca, que ligar\u00e1 o aeroporto do Gale\u00e3o \u00e0 Penha e \u00e0 Barra da Tijuca, no Rio, talvez tenha de evoluir para um sistema sobre trilhos.&nbsp;<\/p>\n<p>Maria Rosa Ravelli Abreu, especialista em transporte da Universidade de Bras\u00edlia, diz que os corredores de \u00f4nibus s\u00e3o adequados para deslocamentos mais curtos e com menos passageiros (para dar capilaridade ao transporte p\u00fablico), enquanto sistemas de trilhos como o VLT (Ve\u00edculo Leve sobre Trilhos) s\u00e3o prefer\u00edveis para viagens longas e com maior demanda de passageiros. <br \/>\nDentre as cidades-sede, por\u00e9m, s\u00f3 Cuiab\u00e1 e Fortaleza construir\u00e3o linhas de VLT para a Copa.&nbsp;<\/p>\n<p>Abreu critica, ainda, os vultosos investimentos de algumas cidades-sede, entre as quais Bras\u00edlia, na amplia\u00e7\u00e3o de rodovias. &#8220;O dinheiro est\u00e1 sendo gasto n\u00e3o para a constru\u00e7\u00e3o de um legado sustent\u00e1vel, mas para alargar grandes eixos rodovi\u00e1rios e dar mais acesso ao autom\u00f3vel individual.&#8221; <br \/>\n&#8220;Foi escolhido um prolongamento do modelo vigente, que vem destruindo a qualidade de nossas cidades&#8221;.&nbsp;<\/p>\n<p>Para Jos\u00e9 Roberto Bernasconi, presidente do Sinaenco-SP (Sindicato da Arquitetura e da Engenharia), o Brasil sente os efeitos da demora para se preparar para a Copa. No fim de 2007 j\u00e1 se sabia que o pa\u00eds sediaria o evento e, no entanto, a Matriz de Responsabilidades s\u00f3 foi definida em janeiro de 2010. Ap\u00f3s a defini\u00e7\u00e3o, houve novos atrasos e mudan\u00e7as.&nbsp;<\/p>\n<p>&#8220;A Copa vai nos deixar um legado menor do que se tiv\u00e9ssemos tomado provid\u00eancias a tempo&#8221;, afirma. Apesar disso, diz ele, a prepara\u00e7\u00e3o para o Mundial gerou um movimento que acabar\u00e1 por melhorar o sistema de transporte de algumas cidades-sede ap\u00f3s o evento. <br \/>\n&#8220;Infelizmente n\u00e3o ser\u00e1 para 2014, mas, provocados pela Copa, tivemos algumas respostas (dos governos) que se transformar\u00e3o em equipamentos para a popula\u00e7\u00e3o brasileira at\u00e9 2018, 2020. Mas poder\u00edamos ter feito mais\u201d.<\/p>\n<p><b>Autor: BBC<\/b><\/p>\n","protected":false},"excerpt":{"rendered":"<p>Grandes obras inicialmente planejadas para melhorar o transporte p\u00fablico nas cidades-sede da Copa de 2014, garantindo que o evento deixe um legado no setor, n\u00e3o ocorrer\u00e3o ou n\u00e3o terminar\u00e3o antes do Mundial em quatro dos 12 munic\u00edpios que receber\u00e3o jogos do evento. Em outras quatro cidades, atrasos amea\u00e7am fazer com que somente parte dos investimentos previstos em transporte p\u00fablico sejam conclu\u00eddos antes do torneio.<\/p>\n","protected":false},"author":1,"featured_media":0,"comment_status":"open","ping_status":"open","sticky":false,"template":"","format":"standard","meta":{"footnotes":""},"categories":[10,6],"tags":[],"class_list":{"0":"post-23519","1":"post","2":"type-post","3":"status-publish","4":"format-standard","6":"category-copa-2014","7":"category-noticias"},"yoast_head":"<!-- This site is optimized with the Yoast SEO plugin v27.2 - https:\/\/yoast.com\/product\/yoast-seo-wordpress\/ -->\n<title>Atrasos e obras canceladas reduzem legado da Copa em transporte - Instituto de Engenharia<\/title>\n<meta name=\"robots\" content=\"index, follow, max-snippet:-1, max-image-preview:large, max-video-preview:-1\" \/>\n<link rel=\"canonical\" href=\"https:\/\/www.institutodeengenharia.org.br\/site\/2013\/06\/14\/atrasos-e-obras-canceladas-reduzem-legado-da-copa-em-transporte\/\" \/>\n<meta property=\"og:locale\" content=\"pt_BR\" \/>\n<meta property=\"og:type\" content=\"article\" \/>\n<meta property=\"og:title\" content=\"Atrasos e obras canceladas reduzem legado da Copa em transporte - Instituto de Engenharia\" \/>\n<meta property=\"og:description\" content=\"Grandes obras inicialmente planejadas para melhorar o transporte p\u00fablico nas cidades-sede da Copa de 2014, garantindo que o evento deixe um legado no setor, n\u00e3o ocorrer\u00e3o ou n\u00e3o terminar\u00e3o antes do Mundial em quatro dos 12 munic\u00edpios que receber\u00e3o jogos do evento. Em outras quatro cidades, atrasos amea\u00e7am fazer com que somente parte dos investimentos previstos em transporte p\u00fablico sejam conclu\u00eddos antes do torneio.\" \/>\n<meta property=\"og:url\" content=\"https:\/\/www.institutodeengenharia.org.br\/site\/2013\/06\/14\/atrasos-e-obras-canceladas-reduzem-legado-da-copa-em-transporte\/\" \/>\n<meta property=\"og:site_name\" content=\"Instituto de Engenharia\" \/>\n<meta property=\"article:publisher\" content=\"https:\/\/www.facebook.com\/institutodeengenharia\" \/>\n<meta property=\"article:published_time\" content=\"2013-06-14T23:52:32+00:00\" \/>\n<meta name=\"author\" content=\"TMax Tecnologia\" \/>\n<meta name=\"twitter:card\" content=\"summary_large_image\" \/>\n<meta name=\"twitter:creator\" content=\"@iengenharia\" \/>\n<meta name=\"twitter:site\" content=\"@iengenharia\" \/>\n<meta name=\"twitter:label1\" content=\"Escrito por\" \/>\n\t<meta name=\"twitter:data1\" content=\"TMax Tecnologia\" \/>\n\t<meta name=\"twitter:label2\" content=\"Est. tempo de leitura\" \/>\n\t<meta name=\"twitter:data2\" content=\"6 minutos\" \/>\n<script type=\"application\/ld+json\" class=\"yoast-schema-graph\">{\"@context\":\"https:\/\/schema.org\",\"@graph\":[{\"@type\":\"Article\",\"@id\":\"https:\/\/www.institutodeengenharia.org.br\/site\/2013\/06\/14\/atrasos-e-obras-canceladas-reduzem-legado-da-copa-em-transporte\/#article\",\"isPartOf\":{\"@id\":\"https:\/\/www.institutodeengenharia.org.br\/site\/2013\/06\/14\/atrasos-e-obras-canceladas-reduzem-legado-da-copa-em-transporte\/\"},\"author\":{\"name\":\"TMax Tecnologia\",\"@id\":\"https:\/\/www.institutodeengenharia.org.br\/site\/#\/schema\/person\/3b1ff109facef084739fc2edcb9a127f\"},\"headline\":\"Atrasos e obras canceladas reduzem legado da Copa em transporte\",\"datePublished\":\"2013-06-14T23:52:32+00:00\",\"mainEntityOfPage\":{\"@id\":\"https:\/\/www.institutodeengenharia.org.br\/site\/2013\/06\/14\/atrasos-e-obras-canceladas-reduzem-legado-da-copa-em-transporte\/\"},\"wordCount\":1206,\"commentCount\":0,\"publisher\":{\"@id\":\"https:\/\/www.institutodeengenharia.org.br\/site\/#organization\"},\"articleSection\":[\"Copa 2014\",\"Not\u00edcias\"],\"inLanguage\":\"pt-BR\",\"potentialAction\":[{\"@type\":\"CommentAction\",\"name\":\"Comment\",\"target\":[\"https:\/\/www.institutodeengenharia.org.br\/site\/2013\/06\/14\/atrasos-e-obras-canceladas-reduzem-legado-da-copa-em-transporte\/#respond\"]}]},{\"@type\":\"WebPage\",\"@id\":\"https:\/\/www.institutodeengenharia.org.br\/site\/2013\/06\/14\/atrasos-e-obras-canceladas-reduzem-legado-da-copa-em-transporte\/\",\"url\":\"https:\/\/www.institutodeengenharia.org.br\/site\/2013\/06\/14\/atrasos-e-obras-canceladas-reduzem-legado-da-copa-em-transporte\/\",\"name\":\"Atrasos e obras canceladas reduzem legado da Copa em transporte - Instituto de Engenharia\",\"isPartOf\":{\"@id\":\"https:\/\/www.institutodeengenharia.org.br\/site\/#website\"},\"datePublished\":\"2013-06-14T23:52:32+00:00\",\"breadcrumb\":{\"@id\":\"https:\/\/www.institutodeengenharia.org.br\/site\/2013\/06\/14\/atrasos-e-obras-canceladas-reduzem-legado-da-copa-em-transporte\/#breadcrumb\"},\"inLanguage\":\"pt-BR\",\"potentialAction\":[{\"@type\":\"ReadAction\",\"target\":[\"https:\/\/www.institutodeengenharia.org.br\/site\/2013\/06\/14\/atrasos-e-obras-canceladas-reduzem-legado-da-copa-em-transporte\/\"]}]},{\"@type\":\"BreadcrumbList\",\"@id\":\"https:\/\/www.institutodeengenharia.org.br\/site\/2013\/06\/14\/atrasos-e-obras-canceladas-reduzem-legado-da-copa-em-transporte\/#breadcrumb\",\"itemListElement\":[{\"@type\":\"ListItem\",\"position\":1,\"name\":\"In\u00edcio\",\"item\":\"https:\/\/www.institutodeengenharia.org.br\/site\/\"},{\"@type\":\"ListItem\",\"position\":2,\"name\":\"Atrasos e obras canceladas reduzem legado da Copa em transporte\"}]},{\"@type\":\"WebSite\",\"@id\":\"https:\/\/www.institutodeengenharia.org.br\/site\/#website\",\"url\":\"https:\/\/www.institutodeengenharia.org.br\/site\/\",\"name\":\"Instituto de Engenharia\",\"description\":\"O Instituto de Engenharia promove a Engenharia em benef\u00edcio do desenvolvimento e da qualidade de vida da sociedade.\",\"publisher\":{\"@id\":\"https:\/\/www.institutodeengenharia.org.br\/site\/#organization\"},\"potentialAction\":[{\"@type\":\"SearchAction\",\"target\":{\"@type\":\"EntryPoint\",\"urlTemplate\":\"https:\/\/www.institutodeengenharia.org.br\/site\/?s={search_term_string}\"},\"query-input\":{\"@type\":\"PropertyValueSpecification\",\"valueRequired\":true,\"valueName\":\"search_term_string\"}}],\"inLanguage\":\"pt-BR\"},{\"@type\":\"Organization\",\"@id\":\"https:\/\/www.institutodeengenharia.org.br\/site\/#organization\",\"name\":\"Instituto de Engenharia\",\"url\":\"https:\/\/www.institutodeengenharia.org.br\/site\/\",\"logo\":{\"@type\":\"ImageObject\",\"inLanguage\":\"pt-BR\",\"@id\":\"https:\/\/www.institutodeengenharia.org.br\/site\/#\/schema\/logo\/image\/\",\"url\":\"https:\/\/www.institutodeengenharia.org.br\/site\/wp-content\/uploads\/2019\/03\/logo-novo-IE2018-1.jpg\",\"contentUrl\":\"https:\/\/www.institutodeengenharia.org.br\/site\/wp-content\/uploads\/2019\/03\/logo-novo-IE2018-1.jpg\",\"width\":1486,\"height\":1879,\"caption\":\"Instituto de Engenharia\"},\"image\":{\"@id\":\"https:\/\/www.institutodeengenharia.org.br\/site\/#\/schema\/logo\/image\/\"},\"sameAs\":[\"https:\/\/www.facebook.com\/institutodeengenharia\",\"https:\/\/x.com\/iengenharia\",\"https:\/\/www.instagram.com\/institutodeengenharia\/\",\"https:\/\/www.linkedin.com\/company\/instituto-de-engenharia\/\",\"https:\/\/www.youtube.com\/channel\/UCXiCAlsSMe977vamW915HxA\"]},{\"@type\":\"Person\",\"@id\":\"https:\/\/www.institutodeengenharia.org.br\/site\/#\/schema\/person\/3b1ff109facef084739fc2edcb9a127f\",\"name\":\"TMax Tecnologia\",\"image\":{\"@type\":\"ImageObject\",\"inLanguage\":\"pt-BR\",\"@id\":\"https:\/\/secure.gravatar.com\/avatar\/f912434ef7f389c92cb311fcdae346af848465d638912574b3c669070f797701?s=96&d=mm&r=g\",\"url\":\"https:\/\/secure.gravatar.com\/avatar\/f912434ef7f389c92cb311fcdae346af848465d638912574b3c669070f797701?s=96&d=mm&r=g\",\"contentUrl\":\"https:\/\/secure.gravatar.com\/avatar\/f912434ef7f389c92cb311fcdae346af848465d638912574b3c669070f797701?s=96&d=mm&r=g\",\"caption\":\"TMax Tecnologia\"},\"url\":\"https:\/\/www.institutodeengenharia.org.br\/site\/author\/tmax\/\"}]}<\/script>\n<!-- \/ Yoast SEO plugin. -->","yoast_head_json":{"title":"Atrasos e obras canceladas reduzem legado da Copa em transporte - Instituto de Engenharia","robots":{"index":"index","follow":"follow","max-snippet":"max-snippet:-1","max-image-preview":"max-image-preview:large","max-video-preview":"max-video-preview:-1"},"canonical":"https:\/\/www.institutodeengenharia.org.br\/site\/2013\/06\/14\/atrasos-e-obras-canceladas-reduzem-legado-da-copa-em-transporte\/","og_locale":"pt_BR","og_type":"article","og_title":"Atrasos e obras canceladas reduzem legado da Copa em transporte - Instituto de Engenharia","og_description":"Grandes obras inicialmente planejadas para melhorar o transporte p\u00fablico nas cidades-sede da Copa de 2014, garantindo que o evento deixe um legado no setor, n\u00e3o ocorrer\u00e3o ou n\u00e3o terminar\u00e3o antes do Mundial em quatro dos 12 munic\u00edpios que receber\u00e3o jogos do evento. Em outras quatro cidades, atrasos amea\u00e7am fazer com que somente parte dos investimentos previstos em transporte p\u00fablico sejam conclu\u00eddos antes do torneio.","og_url":"https:\/\/www.institutodeengenharia.org.br\/site\/2013\/06\/14\/atrasos-e-obras-canceladas-reduzem-legado-da-copa-em-transporte\/","og_site_name":"Instituto de Engenharia","article_publisher":"https:\/\/www.facebook.com\/institutodeengenharia","article_published_time":"2013-06-14T23:52:32+00:00","author":"TMax Tecnologia","twitter_card":"summary_large_image","twitter_creator":"@iengenharia","twitter_site":"@iengenharia","twitter_misc":{"Escrito por":"TMax Tecnologia","Est. tempo de leitura":"6 minutos"},"schema":{"@context":"https:\/\/schema.org","@graph":[{"@type":"Article","@id":"https:\/\/www.institutodeengenharia.org.br\/site\/2013\/06\/14\/atrasos-e-obras-canceladas-reduzem-legado-da-copa-em-transporte\/#article","isPartOf":{"@id":"https:\/\/www.institutodeengenharia.org.br\/site\/2013\/06\/14\/atrasos-e-obras-canceladas-reduzem-legado-da-copa-em-transporte\/"},"author":{"name":"TMax Tecnologia","@id":"https:\/\/www.institutodeengenharia.org.br\/site\/#\/schema\/person\/3b1ff109facef084739fc2edcb9a127f"},"headline":"Atrasos e obras canceladas reduzem legado da Copa em transporte","datePublished":"2013-06-14T23:52:32+00:00","mainEntityOfPage":{"@id":"https:\/\/www.institutodeengenharia.org.br\/site\/2013\/06\/14\/atrasos-e-obras-canceladas-reduzem-legado-da-copa-em-transporte\/"},"wordCount":1206,"commentCount":0,"publisher":{"@id":"https:\/\/www.institutodeengenharia.org.br\/site\/#organization"},"articleSection":["Copa 2014","Not\u00edcias"],"inLanguage":"pt-BR","potentialAction":[{"@type":"CommentAction","name":"Comment","target":["https:\/\/www.institutodeengenharia.org.br\/site\/2013\/06\/14\/atrasos-e-obras-canceladas-reduzem-legado-da-copa-em-transporte\/#respond"]}]},{"@type":"WebPage","@id":"https:\/\/www.institutodeengenharia.org.br\/site\/2013\/06\/14\/atrasos-e-obras-canceladas-reduzem-legado-da-copa-em-transporte\/","url":"https:\/\/www.institutodeengenharia.org.br\/site\/2013\/06\/14\/atrasos-e-obras-canceladas-reduzem-legado-da-copa-em-transporte\/","name":"Atrasos e obras canceladas reduzem legado da Copa em transporte - Instituto de Engenharia","isPartOf":{"@id":"https:\/\/www.institutodeengenharia.org.br\/site\/#website"},"datePublished":"2013-06-14T23:52:32+00:00","breadcrumb":{"@id":"https:\/\/www.institutodeengenharia.org.br\/site\/2013\/06\/14\/atrasos-e-obras-canceladas-reduzem-legado-da-copa-em-transporte\/#breadcrumb"},"inLanguage":"pt-BR","potentialAction":[{"@type":"ReadAction","target":["https:\/\/www.institutodeengenharia.org.br\/site\/2013\/06\/14\/atrasos-e-obras-canceladas-reduzem-legado-da-copa-em-transporte\/"]}]},{"@type":"BreadcrumbList","@id":"https:\/\/www.institutodeengenharia.org.br\/site\/2013\/06\/14\/atrasos-e-obras-canceladas-reduzem-legado-da-copa-em-transporte\/#breadcrumb","itemListElement":[{"@type":"ListItem","position":1,"name":"In\u00edcio","item":"https:\/\/www.institutodeengenharia.org.br\/site\/"},{"@type":"ListItem","position":2,"name":"Atrasos e obras canceladas reduzem legado da Copa em transporte"}]},{"@type":"WebSite","@id":"https:\/\/www.institutodeengenharia.org.br\/site\/#website","url":"https:\/\/www.institutodeengenharia.org.br\/site\/","name":"Instituto de Engenharia","description":"O Instituto de Engenharia promove a Engenharia em benef\u00edcio do desenvolvimento e da qualidade de vida da sociedade.","publisher":{"@id":"https:\/\/www.institutodeengenharia.org.br\/site\/#organization"},"potentialAction":[{"@type":"SearchAction","target":{"@type":"EntryPoint","urlTemplate":"https:\/\/www.institutodeengenharia.org.br\/site\/?s={search_term_string}"},"query-input":{"@type":"PropertyValueSpecification","valueRequired":true,"valueName":"search_term_string"}}],"inLanguage":"pt-BR"},{"@type":"Organization","@id":"https:\/\/www.institutodeengenharia.org.br\/site\/#organization","name":"Instituto de Engenharia","url":"https:\/\/www.institutodeengenharia.org.br\/site\/","logo":{"@type":"ImageObject","inLanguage":"pt-BR","@id":"https:\/\/www.institutodeengenharia.org.br\/site\/#\/schema\/logo\/image\/","url":"https:\/\/www.institutodeengenharia.org.br\/site\/wp-content\/uploads\/2019\/03\/logo-novo-IE2018-1.jpg","contentUrl":"https:\/\/www.institutodeengenharia.org.br\/site\/wp-content\/uploads\/2019\/03\/logo-novo-IE2018-1.jpg","width":1486,"height":1879,"caption":"Instituto de Engenharia"},"image":{"@id":"https:\/\/www.institutodeengenharia.org.br\/site\/#\/schema\/logo\/image\/"},"sameAs":["https:\/\/www.facebook.com\/institutodeengenharia","https:\/\/x.com\/iengenharia","https:\/\/www.instagram.com\/institutodeengenharia\/","https:\/\/www.linkedin.com\/company\/instituto-de-engenharia\/","https:\/\/www.youtube.com\/channel\/UCXiCAlsSMe977vamW915HxA"]},{"@type":"Person","@id":"https:\/\/www.institutodeengenharia.org.br\/site\/#\/schema\/person\/3b1ff109facef084739fc2edcb9a127f","name":"TMax Tecnologia","image":{"@type":"ImageObject","inLanguage":"pt-BR","@id":"https:\/\/secure.gravatar.com\/avatar\/f912434ef7f389c92cb311fcdae346af848465d638912574b3c669070f797701?s=96&d=mm&r=g","url":"https:\/\/secure.gravatar.com\/avatar\/f912434ef7f389c92cb311fcdae346af848465d638912574b3c669070f797701?s=96&d=mm&r=g","contentUrl":"https:\/\/secure.gravatar.com\/avatar\/f912434ef7f389c92cb311fcdae346af848465d638912574b3c669070f797701?s=96&d=mm&r=g","caption":"TMax Tecnologia"},"url":"https:\/\/www.institutodeengenharia.org.br\/site\/author\/tmax\/"}]}},"_links":{"self":[{"href":"https:\/\/www.institutodeengenharia.org.br\/site\/wp-json\/wp\/v2\/posts\/23519","targetHints":{"allow":["GET"]}}],"collection":[{"href":"https:\/\/www.institutodeengenharia.org.br\/site\/wp-json\/wp\/v2\/posts"}],"about":[{"href":"https:\/\/www.institutodeengenharia.org.br\/site\/wp-json\/wp\/v2\/types\/post"}],"author":[{"embeddable":true,"href":"https:\/\/www.institutodeengenharia.org.br\/site\/wp-json\/wp\/v2\/users\/1"}],"replies":[{"embeddable":true,"href":"https:\/\/www.institutodeengenharia.org.br\/site\/wp-json\/wp\/v2\/comments?post=23519"}],"version-history":[{"count":0,"href":"https:\/\/www.institutodeengenharia.org.br\/site\/wp-json\/wp\/v2\/posts\/23519\/revisions"}],"wp:attachment":[{"href":"https:\/\/www.institutodeengenharia.org.br\/site\/wp-json\/wp\/v2\/media?parent=23519"}],"wp:term":[{"taxonomy":"category","embeddable":true,"href":"https:\/\/www.institutodeengenharia.org.br\/site\/wp-json\/wp\/v2\/categories?post=23519"},{"taxonomy":"post_tag","embeddable":true,"href":"https:\/\/www.institutodeengenharia.org.br\/site\/wp-json\/wp\/v2\/tags?post=23519"}],"curies":[{"name":"wp","href":"https:\/\/api.w.org\/{rel}","templated":true}]}}