{"id":23487,"date":"2013-06-14T23:52:06","date_gmt":"2013-06-14T23:52:06","guid":{"rendered":"https:\/\/www.institutodeengenharia.org.br\/?p=23487"},"modified":"2013-06-14T12:15:51","modified_gmt":"2013-06-14T12:15:51","slug":"aviao-modular-de-casa-ao-destino-no-mesmo-assento","status":"publish","type":"post","link":"https:\/\/www.institutodeengenharia.org.br\/site\/2013\/06\/14\/aviao-modular-de-casa-ao-destino-no-mesmo-assento\/","title":{"rendered":"Avi\u00e3o modular: de casa ao destino no mesmo assento"},"content":{"rendered":"<p>Imagine pegar o metr\u00f4 ou um \u00f4nibus especial para ir ao aeroporto. <\/p>\n<p>Ao chegar, voc\u00ea n\u00e3o desce do seu assento. Em vez disso, a c\u00e1psula que estava sobre trilhos ou sobre rodas \u00e9 retirada, com voc\u00ea e todos os demais passageiros dentro, e colocada gentilmente no avi\u00e3o, que decola rapidamente. <\/p>\n<p>Esta \u00e9 a proposta do Clip-Air, um projeto idealizado por engenheiros da Escola Polit\u00e9cnica Federal de Lausanne, na Su\u00ed\u00e7a. <\/p>\n<p>A ideia \u00e9 construir um avi\u00e3o modular, essencialmente uma asa voadora cheia de &#8220;cabides&#8221;, onde as c\u00e1psulas podem ser conectadas e desconectadas rapidamente. <\/p>\n<p>Os primeiros modelos em escala reduzida do avi\u00e3o modular, que permite conectar uma, duas ou tr\u00eas c\u00e1psulas, ser\u00e3o apresentados na pr\u00f3xima semana durante o Paris Air Show, na Fran\u00e7a.<\/p>\n<p>Flexibilidade no transporte a\u00e9reo <\/p>\n<p>Apesar de ser um projeto muito futurista, e aparentemente distante de fazer seu primeiro voo, a equipe que o idealizou afirma estar trabalhando sob restri\u00e7\u00f5es rigorosas para manter a sua viabilidade t\u00e9cnica. <\/p>\n<p>&#8220;N\u00f3s ainda temos que superar v\u00e1rias barreiras, mas acreditamos que vale a pena trabalhar nesse conceito, t\u00e3o diferente da tecnologia atual de aeronaves, mas que pode ter um impacto enorme na sociedade,&#8221; disse Claudio Leonardi, respons\u00e1vel pelo projeto Clip-Air. <\/p>\n<p>O objetivo principal \u00e9 dar flexibilidade ao transporte a\u00e9reo, integrando-o com os meios de transporte usados nos grandes centros urbanos, cujos aeroportos est\u00e3o pr\u00f3ximos do limite operacional em todo o mundo.<\/p>\n<p>Avi\u00e3o modular <\/p>\n<p>O avi\u00e3o inclui todo o suporte de voo, incluindo asas, turbinas, cabine de comando, tanques de combust\u00edvel e trens de pouso e decolagem. <\/p>\n<p>Os m\u00f3dulos, que poder\u00e3o ser projetados para passageiros ou carga, poder\u00e3o pesar at\u00e9 30 toneladas quando totalmente cheios. <\/p>\n<p>No caso dos passageiros, cada m\u00f3dulo poder\u00e1 levar at\u00e9 150 pessoas, juntamente com suas bagagens. <\/p>\n<p>No caso de carga, os m\u00f3dulos poder\u00e3o substituir os cont\u00eaineres, indo diretamente da f\u00e1brica para o avi\u00e3o, agilizando toda a log\u00edstica de distribui\u00e7\u00e3o, exporta\u00e7\u00e3o e importa\u00e7\u00e3o. <\/p>\n<p>Segundo os projetistas, o avi\u00e3o modular permitir\u00e1 uma grande economia de combust\u00edvel, j\u00e1 que ser\u00e1 capaz de transportar o mesmo n\u00famero de passageiros que um Airbus A320, mas usando apenas metade dos motores. <\/p>\n<p>Em outras palavras, voar com tr\u00eas m\u00f3dulos sob a mesma asa seria mais barato &#8211; em termos de consumo de combust\u00edvel &#8211; do que ter tr\u00eas aeronaves da mesma capacidade voando de forma independente e com igual velocidade e altitude.<\/p>\n<p><b>Autor: Inova\u00e7\u00e3o Tecnol\u00f3gica<\/b><\/p>\n","protected":false},"excerpt":{"rendered":"<p>Imagine pegar o metr\u00f4 ou um \u00f4nibus especial para ir ao aeroporto. Ao chegar, voc\u00ea n\u00e3o desce do seu assento. Em vez disso, a c\u00e1psula que estava sobre trilhos ou sobre rodas \u00e9 retirada, com voc\u00ea e todos os demais passageiros dentro, e colocada gentilmente no avi\u00e3o, que decola rapidamente. Esta \u00e9 a proposta do [&hellip;]<\/p>\n","protected":false},"author":1,"featured_media":0,"comment_status":"open","ping_status":"open","sticky":false,"template":"","format":"standard","meta":{"footnotes":""},"categories":[6,41],"tags":[],"class_list":{"0":"post-23487","1":"post","2":"type-post","3":"status-publish","4":"format-standard","6":"category-noticias","7":"category-transportes"},"yoast_head":"<!-- This site is optimized with the Yoast SEO plugin v27.2 - https:\/\/yoast.com\/product\/yoast-seo-wordpress\/ -->\n<title>Avi\u00e3o modular: de casa ao destino no mesmo assento - Instituto de Engenharia<\/title>\n<meta name=\"robots\" content=\"index, follow, max-snippet:-1, max-image-preview:large, max-video-preview:-1\" \/>\n<link rel=\"canonical\" href=\"https:\/\/www.institutodeengenharia.org.br\/site\/2013\/06\/14\/aviao-modular-de-casa-ao-destino-no-mesmo-assento\/\" \/>\n<meta property=\"og:locale\" content=\"pt_BR\" \/>\n<meta property=\"og:type\" content=\"article\" \/>\n<meta property=\"og:title\" content=\"Avi\u00e3o modular: de casa ao destino no mesmo assento - Instituto de Engenharia\" \/>\n<meta property=\"og:description\" content=\"Imagine pegar o metr\u00f4 ou um \u00f4nibus especial para ir ao aeroporto. Ao chegar, voc\u00ea n\u00e3o desce do seu assento. Em vez disso, a c\u00e1psula que estava sobre trilhos ou sobre rodas \u00e9 retirada, com voc\u00ea e todos os demais passageiros dentro, e colocada gentilmente no avi\u00e3o, que decola rapidamente. Esta \u00e9 a proposta do [&hellip;]\" \/>\n<meta property=\"og:url\" content=\"https:\/\/www.institutodeengenharia.org.br\/site\/2013\/06\/14\/aviao-modular-de-casa-ao-destino-no-mesmo-assento\/\" \/>\n<meta property=\"og:site_name\" content=\"Instituto de Engenharia\" \/>\n<meta property=\"article:publisher\" content=\"https:\/\/www.facebook.com\/institutodeengenharia\" \/>\n<meta property=\"article:published_time\" content=\"2013-06-14T23:52:06+00:00\" \/>\n<meta name=\"author\" content=\"TMax Tecnologia\" \/>\n<meta name=\"twitter:card\" content=\"summary_large_image\" \/>\n<meta name=\"twitter:creator\" content=\"@iengenharia\" \/>\n<meta name=\"twitter:site\" content=\"@iengenharia\" \/>\n<meta name=\"twitter:label1\" content=\"Escrito por\" \/>\n\t<meta name=\"twitter:data1\" content=\"TMax Tecnologia\" \/>\n\t<meta name=\"twitter:label2\" content=\"Est. tempo de leitura\" \/>\n\t<meta name=\"twitter:data2\" content=\"2 minutos\" \/>\n<script type=\"application\/ld+json\" class=\"yoast-schema-graph\">{\"@context\":\"https:\/\/schema.org\",\"@graph\":[{\"@type\":\"Article\",\"@id\":\"https:\/\/www.institutodeengenharia.org.br\/site\/2013\/06\/14\/aviao-modular-de-casa-ao-destino-no-mesmo-assento\/#article\",\"isPartOf\":{\"@id\":\"https:\/\/www.institutodeengenharia.org.br\/site\/2013\/06\/14\/aviao-modular-de-casa-ao-destino-no-mesmo-assento\/\"},\"author\":{\"name\":\"TMax Tecnologia\",\"@id\":\"https:\/\/www.institutodeengenharia.org.br\/site\/#\/schema\/person\/3b1ff109facef084739fc2edcb9a127f\"},\"headline\":\"Avi\u00e3o modular: de casa ao destino no mesmo assento\",\"datePublished\":\"2013-06-14T23:52:06+00:00\",\"mainEntityOfPage\":{\"@id\":\"https:\/\/www.institutodeengenharia.org.br\/site\/2013\/06\/14\/aviao-modular-de-casa-ao-destino-no-mesmo-assento\/\"},\"wordCount\":439,\"commentCount\":0,\"publisher\":{\"@id\":\"https:\/\/www.institutodeengenharia.org.br\/site\/#organization\"},\"articleSection\":[\"Not\u00edcias\",\"Transportes\"],\"inLanguage\":\"pt-BR\",\"potentialAction\":[{\"@type\":\"CommentAction\",\"name\":\"Comment\",\"target\":[\"https:\/\/www.institutodeengenharia.org.br\/site\/2013\/06\/14\/aviao-modular-de-casa-ao-destino-no-mesmo-assento\/#respond\"]}]},{\"@type\":\"WebPage\",\"@id\":\"https:\/\/www.institutodeengenharia.org.br\/site\/2013\/06\/14\/aviao-modular-de-casa-ao-destino-no-mesmo-assento\/\",\"url\":\"https:\/\/www.institutodeengenharia.org.br\/site\/2013\/06\/14\/aviao-modular-de-casa-ao-destino-no-mesmo-assento\/\",\"name\":\"Avi\u00e3o modular: de casa ao destino no mesmo assento - Instituto de Engenharia\",\"isPartOf\":{\"@id\":\"https:\/\/www.institutodeengenharia.org.br\/site\/#website\"},\"datePublished\":\"2013-06-14T23:52:06+00:00\",\"breadcrumb\":{\"@id\":\"https:\/\/www.institutodeengenharia.org.br\/site\/2013\/06\/14\/aviao-modular-de-casa-ao-destino-no-mesmo-assento\/#breadcrumb\"},\"inLanguage\":\"pt-BR\",\"potentialAction\":[{\"@type\":\"ReadAction\",\"target\":[\"https:\/\/www.institutodeengenharia.org.br\/site\/2013\/06\/14\/aviao-modular-de-casa-ao-destino-no-mesmo-assento\/\"]}]},{\"@type\":\"BreadcrumbList\",\"@id\":\"https:\/\/www.institutodeengenharia.org.br\/site\/2013\/06\/14\/aviao-modular-de-casa-ao-destino-no-mesmo-assento\/#breadcrumb\",\"itemListElement\":[{\"@type\":\"ListItem\",\"position\":1,\"name\":\"In\u00edcio\",\"item\":\"https:\/\/www.institutodeengenharia.org.br\/site\/\"},{\"@type\":\"ListItem\",\"position\":2,\"name\":\"Avi\u00e3o modular: de casa ao destino no mesmo assento\"}]},{\"@type\":\"WebSite\",\"@id\":\"https:\/\/www.institutodeengenharia.org.br\/site\/#website\",\"url\":\"https:\/\/www.institutodeengenharia.org.br\/site\/\",\"name\":\"Instituto de Engenharia\",\"description\":\"O Instituto de Engenharia promove a Engenharia em benef\u00edcio do desenvolvimento e da qualidade de vida da sociedade.\",\"publisher\":{\"@id\":\"https:\/\/www.institutodeengenharia.org.br\/site\/#organization\"},\"potentialAction\":[{\"@type\":\"SearchAction\",\"target\":{\"@type\":\"EntryPoint\",\"urlTemplate\":\"https:\/\/www.institutodeengenharia.org.br\/site\/?s={search_term_string}\"},\"query-input\":{\"@type\":\"PropertyValueSpecification\",\"valueRequired\":true,\"valueName\":\"search_term_string\"}}],\"inLanguage\":\"pt-BR\"},{\"@type\":\"Organization\",\"@id\":\"https:\/\/www.institutodeengenharia.org.br\/site\/#organization\",\"name\":\"Instituto de Engenharia\",\"url\":\"https:\/\/www.institutodeengenharia.org.br\/site\/\",\"logo\":{\"@type\":\"ImageObject\",\"inLanguage\":\"pt-BR\",\"@id\":\"https:\/\/www.institutodeengenharia.org.br\/site\/#\/schema\/logo\/image\/\",\"url\":\"https:\/\/www.institutodeengenharia.org.br\/site\/wp-content\/uploads\/2019\/03\/logo-novo-IE2018-1.jpg\",\"contentUrl\":\"https:\/\/www.institutodeengenharia.org.br\/site\/wp-content\/uploads\/2019\/03\/logo-novo-IE2018-1.jpg\",\"width\":1486,\"height\":1879,\"caption\":\"Instituto de Engenharia\"},\"image\":{\"@id\":\"https:\/\/www.institutodeengenharia.org.br\/site\/#\/schema\/logo\/image\/\"},\"sameAs\":[\"https:\/\/www.facebook.com\/institutodeengenharia\",\"https:\/\/x.com\/iengenharia\",\"https:\/\/www.instagram.com\/institutodeengenharia\/\",\"https:\/\/www.linkedin.com\/company\/instituto-de-engenharia\/\",\"https:\/\/www.youtube.com\/channel\/UCXiCAlsSMe977vamW915HxA\"]},{\"@type\":\"Person\",\"@id\":\"https:\/\/www.institutodeengenharia.org.br\/site\/#\/schema\/person\/3b1ff109facef084739fc2edcb9a127f\",\"name\":\"TMax Tecnologia\",\"image\":{\"@type\":\"ImageObject\",\"inLanguage\":\"pt-BR\",\"@id\":\"https:\/\/secure.gravatar.com\/avatar\/f912434ef7f389c92cb311fcdae346af848465d638912574b3c669070f797701?s=96&d=mm&r=g\",\"url\":\"https:\/\/secure.gravatar.com\/avatar\/f912434ef7f389c92cb311fcdae346af848465d638912574b3c669070f797701?s=96&d=mm&r=g\",\"contentUrl\":\"https:\/\/secure.gravatar.com\/avatar\/f912434ef7f389c92cb311fcdae346af848465d638912574b3c669070f797701?s=96&d=mm&r=g\",\"caption\":\"TMax Tecnologia\"},\"url\":\"https:\/\/www.institutodeengenharia.org.br\/site\/author\/tmax\/\"}]}<\/script>\n<!-- \/ Yoast SEO plugin. -->","yoast_head_json":{"title":"Avi\u00e3o modular: de casa ao destino no mesmo assento - Instituto de Engenharia","robots":{"index":"index","follow":"follow","max-snippet":"max-snippet:-1","max-image-preview":"max-image-preview:large","max-video-preview":"max-video-preview:-1"},"canonical":"https:\/\/www.institutodeengenharia.org.br\/site\/2013\/06\/14\/aviao-modular-de-casa-ao-destino-no-mesmo-assento\/","og_locale":"pt_BR","og_type":"article","og_title":"Avi\u00e3o modular: de casa ao destino no mesmo assento - Instituto de Engenharia","og_description":"Imagine pegar o metr\u00f4 ou um \u00f4nibus especial para ir ao aeroporto. Ao chegar, voc\u00ea n\u00e3o desce do seu assento. Em vez disso, a c\u00e1psula que estava sobre trilhos ou sobre rodas \u00e9 retirada, com voc\u00ea e todos os demais passageiros dentro, e colocada gentilmente no avi\u00e3o, que decola rapidamente. Esta \u00e9 a proposta do [&hellip;]","og_url":"https:\/\/www.institutodeengenharia.org.br\/site\/2013\/06\/14\/aviao-modular-de-casa-ao-destino-no-mesmo-assento\/","og_site_name":"Instituto de Engenharia","article_publisher":"https:\/\/www.facebook.com\/institutodeengenharia","article_published_time":"2013-06-14T23:52:06+00:00","author":"TMax Tecnologia","twitter_card":"summary_large_image","twitter_creator":"@iengenharia","twitter_site":"@iengenharia","twitter_misc":{"Escrito por":"TMax Tecnologia","Est. tempo de leitura":"2 minutos"},"schema":{"@context":"https:\/\/schema.org","@graph":[{"@type":"Article","@id":"https:\/\/www.institutodeengenharia.org.br\/site\/2013\/06\/14\/aviao-modular-de-casa-ao-destino-no-mesmo-assento\/#article","isPartOf":{"@id":"https:\/\/www.institutodeengenharia.org.br\/site\/2013\/06\/14\/aviao-modular-de-casa-ao-destino-no-mesmo-assento\/"},"author":{"name":"TMax Tecnologia","@id":"https:\/\/www.institutodeengenharia.org.br\/site\/#\/schema\/person\/3b1ff109facef084739fc2edcb9a127f"},"headline":"Avi\u00e3o modular: de casa ao destino no mesmo assento","datePublished":"2013-06-14T23:52:06+00:00","mainEntityOfPage":{"@id":"https:\/\/www.institutodeengenharia.org.br\/site\/2013\/06\/14\/aviao-modular-de-casa-ao-destino-no-mesmo-assento\/"},"wordCount":439,"commentCount":0,"publisher":{"@id":"https:\/\/www.institutodeengenharia.org.br\/site\/#organization"},"articleSection":["Not\u00edcias","Transportes"],"inLanguage":"pt-BR","potentialAction":[{"@type":"CommentAction","name":"Comment","target":["https:\/\/www.institutodeengenharia.org.br\/site\/2013\/06\/14\/aviao-modular-de-casa-ao-destino-no-mesmo-assento\/#respond"]}]},{"@type":"WebPage","@id":"https:\/\/www.institutodeengenharia.org.br\/site\/2013\/06\/14\/aviao-modular-de-casa-ao-destino-no-mesmo-assento\/","url":"https:\/\/www.institutodeengenharia.org.br\/site\/2013\/06\/14\/aviao-modular-de-casa-ao-destino-no-mesmo-assento\/","name":"Avi\u00e3o modular: de casa ao destino no mesmo assento - Instituto de Engenharia","isPartOf":{"@id":"https:\/\/www.institutodeengenharia.org.br\/site\/#website"},"datePublished":"2013-06-14T23:52:06+00:00","breadcrumb":{"@id":"https:\/\/www.institutodeengenharia.org.br\/site\/2013\/06\/14\/aviao-modular-de-casa-ao-destino-no-mesmo-assento\/#breadcrumb"},"inLanguage":"pt-BR","potentialAction":[{"@type":"ReadAction","target":["https:\/\/www.institutodeengenharia.org.br\/site\/2013\/06\/14\/aviao-modular-de-casa-ao-destino-no-mesmo-assento\/"]}]},{"@type":"BreadcrumbList","@id":"https:\/\/www.institutodeengenharia.org.br\/site\/2013\/06\/14\/aviao-modular-de-casa-ao-destino-no-mesmo-assento\/#breadcrumb","itemListElement":[{"@type":"ListItem","position":1,"name":"In\u00edcio","item":"https:\/\/www.institutodeengenharia.org.br\/site\/"},{"@type":"ListItem","position":2,"name":"Avi\u00e3o modular: de casa ao destino no mesmo assento"}]},{"@type":"WebSite","@id":"https:\/\/www.institutodeengenharia.org.br\/site\/#website","url":"https:\/\/www.institutodeengenharia.org.br\/site\/","name":"Instituto de Engenharia","description":"O Instituto de Engenharia promove a Engenharia em benef\u00edcio do desenvolvimento e da qualidade de vida da sociedade.","publisher":{"@id":"https:\/\/www.institutodeengenharia.org.br\/site\/#organization"},"potentialAction":[{"@type":"SearchAction","target":{"@type":"EntryPoint","urlTemplate":"https:\/\/www.institutodeengenharia.org.br\/site\/?s={search_term_string}"},"query-input":{"@type":"PropertyValueSpecification","valueRequired":true,"valueName":"search_term_string"}}],"inLanguage":"pt-BR"},{"@type":"Organization","@id":"https:\/\/www.institutodeengenharia.org.br\/site\/#organization","name":"Instituto de Engenharia","url":"https:\/\/www.institutodeengenharia.org.br\/site\/","logo":{"@type":"ImageObject","inLanguage":"pt-BR","@id":"https:\/\/www.institutodeengenharia.org.br\/site\/#\/schema\/logo\/image\/","url":"https:\/\/www.institutodeengenharia.org.br\/site\/wp-content\/uploads\/2019\/03\/logo-novo-IE2018-1.jpg","contentUrl":"https:\/\/www.institutodeengenharia.org.br\/site\/wp-content\/uploads\/2019\/03\/logo-novo-IE2018-1.jpg","width":1486,"height":1879,"caption":"Instituto de Engenharia"},"image":{"@id":"https:\/\/www.institutodeengenharia.org.br\/site\/#\/schema\/logo\/image\/"},"sameAs":["https:\/\/www.facebook.com\/institutodeengenharia","https:\/\/x.com\/iengenharia","https:\/\/www.instagram.com\/institutodeengenharia\/","https:\/\/www.linkedin.com\/company\/instituto-de-engenharia\/","https:\/\/www.youtube.com\/channel\/UCXiCAlsSMe977vamW915HxA"]},{"@type":"Person","@id":"https:\/\/www.institutodeengenharia.org.br\/site\/#\/schema\/person\/3b1ff109facef084739fc2edcb9a127f","name":"TMax Tecnologia","image":{"@type":"ImageObject","inLanguage":"pt-BR","@id":"https:\/\/secure.gravatar.com\/avatar\/f912434ef7f389c92cb311fcdae346af848465d638912574b3c669070f797701?s=96&d=mm&r=g","url":"https:\/\/secure.gravatar.com\/avatar\/f912434ef7f389c92cb311fcdae346af848465d638912574b3c669070f797701?s=96&d=mm&r=g","contentUrl":"https:\/\/secure.gravatar.com\/avatar\/f912434ef7f389c92cb311fcdae346af848465d638912574b3c669070f797701?s=96&d=mm&r=g","caption":"TMax Tecnologia"},"url":"https:\/\/www.institutodeengenharia.org.br\/site\/author\/tmax\/"}]}},"_links":{"self":[{"href":"https:\/\/www.institutodeengenharia.org.br\/site\/wp-json\/wp\/v2\/posts\/23487","targetHints":{"allow":["GET"]}}],"collection":[{"href":"https:\/\/www.institutodeengenharia.org.br\/site\/wp-json\/wp\/v2\/posts"}],"about":[{"href":"https:\/\/www.institutodeengenharia.org.br\/site\/wp-json\/wp\/v2\/types\/post"}],"author":[{"embeddable":true,"href":"https:\/\/www.institutodeengenharia.org.br\/site\/wp-json\/wp\/v2\/users\/1"}],"replies":[{"embeddable":true,"href":"https:\/\/www.institutodeengenharia.org.br\/site\/wp-json\/wp\/v2\/comments?post=23487"}],"version-history":[{"count":0,"href":"https:\/\/www.institutodeengenharia.org.br\/site\/wp-json\/wp\/v2\/posts\/23487\/revisions"}],"wp:attachment":[{"href":"https:\/\/www.institutodeengenharia.org.br\/site\/wp-json\/wp\/v2\/media?parent=23487"}],"wp:term":[{"taxonomy":"category","embeddable":true,"href":"https:\/\/www.institutodeengenharia.org.br\/site\/wp-json\/wp\/v2\/categories?post=23487"},{"taxonomy":"post_tag","embeddable":true,"href":"https:\/\/www.institutodeengenharia.org.br\/site\/wp-json\/wp\/v2\/tags?post=23487"}],"curies":[{"name":"wp","href":"https:\/\/api.w.org\/{rel}","templated":true}]}}