{"id":23486,"date":"2013-06-13T23:52:05","date_gmt":"2013-06-13T23:52:05","guid":{"rendered":"https:\/\/www.institutodeengenharia.org.br\/?p=23486"},"modified":"2013-06-13T15:32:53","modified_gmt":"2013-06-13T15:32:53","slug":"estudantes-brasileiros-estao-na-final-de-concurso-da-airbus","status":"publish","type":"post","link":"https:\/\/www.institutodeengenharia.org.br\/site\/2013\/06\/13\/estudantes-brasileiros-estao-na-final-de-concurso-da-airbus\/","title":{"rendered":"Estudantes brasileiros est\u00e3o na final de concurso da Airbus"},"content":{"rendered":"<p>Est\u00e1 acontecendo nesta semana, na sede da Airbus &#8211; uma das maiores fabricantes de avi\u00f5es comerciais do mundo &#8211; a etapa final do concurso internacional Airbus &#8211; Fly Your Ideas &#8211; &#8220;fa\u00e7a suas ideias voarem&#8221;, em tradu\u00e7\u00e3o livre. <\/p>\n<p>O concurso tem a proposta de desafiar estudantes universit\u00e1rios do mundo todo para elaborar planos inovadores de desenvolvimento sustent\u00e1vel no campo da avia\u00e7\u00e3o. <\/p>\n<p>Entre os cinco finalistas, est\u00e1 a equipe Levar, composta por Marcos Philipson, Leonardo Akamatsu, Adriano Furtado, Caio Reis e Henrique Corazza, alunos da Faculdade de Arquitetura e Urbanismo (FAU) da USP. <\/p>\n<p>A equipe brasileira desenvolveu um projeto para aumentar a velocidade no carregamento e descarregamento dos compartimentos de carga do avi\u00e3o, diminuindo o tempo que a aeronave ocupa espa\u00e7o no aeroporto. <\/p>\n<p>Bagagens deslizantes <\/p>\n<p>O sistema emprega um mecanismo de bols\u00f5es de ar, com superf\u00edcies de baixo atrito, que inflam e desinflam, gerando planos diagonais que permitem o deslize das bagagens. <\/p>\n<p>&#8220;Uma das maiores reclama\u00e7\u00f5es dos passageiros \u00e9 justamente o tempo que demora para que eles recebam as malas de volta quando chegam de viagem,&#8221; comenta o l\u00edder do grupo, Marcos Philipson. <\/p>\n<p>&#8220;[A proposta do grupo] est\u00e1 perfeitamente encaixada com uma s\u00e9rie de problemas que hoje n\u00f3s vivemos nos aeroportos, como extravio e danifica\u00e7\u00f5es de bagagens, e, principalmente, com a quest\u00e3o das leis e normas que foram estabelecidas ano passado, que determinaram tempos m\u00ednimo e m\u00e1ximo para que as empresas a\u00e9reas embarquem e desembarquem uma bagagem&#8221;, comenta o professor Robinson Salata, orientador da equipe Levar. <\/p>\n<p>Al\u00e9m da empresa e dos passageiros, os trabalhadores tamb\u00e9m ser\u00e3o beneficiados, precisando fazer menos esfor\u00e7o bra\u00e7al para carregar e descarregar as bagagens.<\/p>\n<p>Dificuldades dos trabalhadores <\/p>\n<p>A prop\u00f3sito, foi a dificuldade dos trabalhadores que inspirou a equipe, que constatou o problema durante uma visita \u00e0 Embraer. <\/p>\n<p>Salata destaca como o grupo ficou impressionado com as dificuldades a que est\u00e3o sujeitos os trabalhadores que fazem o embarque\/desembarque das bagagens, que v\u00e3o desde quest\u00f5es de sa\u00fade (principalmente de natureza postural) at\u00e9 a demanda acelerada. <\/p>\n<p>&#8220;Foi a\u00ed que eles [os alunos da equipe] come\u00e7aram a desenvolver essa ideia de um sistema mais automatizado, que envolvesse um contato menor poss\u00edvel do ser humano com o embarque de bagagens. Eles tamb\u00e9m fizeram todo um trabalho de investiga\u00e7\u00e3o de pesquisa. Conversaram com pessoas que trabalham realizando essa atividade. Entrevistaram pessoas ligadas ao setor aeron\u00e1utico. Enfim, foram reconhecendo de maneira mais aprofundada esse campo de trabalho. At\u00e9 que surgiu o concurso da Airbus e eu topei atuar como tutor, pois evidentemente era um trabalho muito bacana e que tinha tudo para dar certo&#8221;, conta Salata. <\/p>\n<p>Resultado <\/p>\n<p>A equipe vencedora levar\u00e1 um pr\u00eamio de 30 mil euros, a ser entregue na sede da UNESCO em Paris. <\/p>\n<p>A Universidade de origem da equipe servir\u00e1 como sede para uma &#8220;Semana de Inova\u00e7\u00e3o&#8221;, promovida por especialistas da Airbus. <\/p>\n<p>A divulga\u00e7\u00e3o dos vencedores acontecer\u00e1 amanh\u00e3, 14 de junho.<\/p>\n<p><b>Autor:  Ag\u00eancia USP<\/b><\/p>\n","protected":false},"excerpt":{"rendered":"<p>Est\u00e1 acontecendo nesta semana, na sede da Airbus &#8211; uma das maiores fabricantes de avi\u00f5es comerciais do mundo &#8211; a etapa final do concurso internacional Airbus &#8211; Fly Your Ideas &#8211; &#8220;fa\u00e7a suas ideias voarem&#8221;, em tradu\u00e7\u00e3o livre. O concurso tem a proposta de desafiar estudantes universit\u00e1rios do mundo todo para elaborar planos inovadores de [&hellip;]<\/p>\n","protected":false},"author":1,"featured_media":0,"comment_status":"open","ping_status":"open","sticky":false,"template":"","format":"standard","meta":{"footnotes":""},"categories":[6,35],"tags":[],"class_list":{"0":"post-23486","1":"post","2":"type-post","3":"status-publish","4":"format-standard","6":"category-noticias","7":"category-pesquisa-e-desenvolvimento"},"yoast_head":"<!-- This site is optimized with the Yoast SEO plugin v27.2 - https:\/\/yoast.com\/product\/yoast-seo-wordpress\/ -->\n<title>Estudantes brasileiros est\u00e3o na final de concurso da Airbus - Instituto de Engenharia<\/title>\n<meta name=\"robots\" content=\"index, follow, max-snippet:-1, max-image-preview:large, max-video-preview:-1\" \/>\n<link rel=\"canonical\" href=\"https:\/\/www.institutodeengenharia.org.br\/site\/2013\/06\/13\/estudantes-brasileiros-estao-na-final-de-concurso-da-airbus\/\" \/>\n<meta property=\"og:locale\" content=\"pt_BR\" \/>\n<meta property=\"og:type\" content=\"article\" \/>\n<meta property=\"og:title\" content=\"Estudantes brasileiros est\u00e3o na final de concurso da Airbus - Instituto de Engenharia\" \/>\n<meta property=\"og:description\" content=\"Est\u00e1 acontecendo nesta semana, na sede da Airbus &#8211; uma das maiores fabricantes de avi\u00f5es comerciais do mundo &#8211; a etapa final do concurso internacional Airbus &#8211; Fly Your Ideas &#8211; &#8220;fa\u00e7a suas ideias voarem&#8221;, em tradu\u00e7\u00e3o livre. O concurso tem a proposta de desafiar estudantes universit\u00e1rios do mundo todo para elaborar planos inovadores de [&hellip;]\" \/>\n<meta property=\"og:url\" content=\"https:\/\/www.institutodeengenharia.org.br\/site\/2013\/06\/13\/estudantes-brasileiros-estao-na-final-de-concurso-da-airbus\/\" \/>\n<meta property=\"og:site_name\" content=\"Instituto de Engenharia\" \/>\n<meta property=\"article:publisher\" content=\"https:\/\/www.facebook.com\/institutodeengenharia\" \/>\n<meta property=\"article:published_time\" content=\"2013-06-13T23:52:05+00:00\" \/>\n<meta name=\"author\" content=\"TMax Tecnologia\" \/>\n<meta name=\"twitter:card\" content=\"summary_large_image\" \/>\n<meta name=\"twitter:creator\" content=\"@iengenharia\" \/>\n<meta name=\"twitter:site\" content=\"@iengenharia\" \/>\n<meta name=\"twitter:label1\" content=\"Escrito por\" \/>\n\t<meta name=\"twitter:data1\" content=\"TMax Tecnologia\" \/>\n\t<meta name=\"twitter:label2\" content=\"Est. tempo de leitura\" \/>\n\t<meta name=\"twitter:data2\" content=\"3 minutos\" \/>\n<script type=\"application\/ld+json\" class=\"yoast-schema-graph\">{\"@context\":\"https:\/\/schema.org\",\"@graph\":[{\"@type\":\"Article\",\"@id\":\"https:\/\/www.institutodeengenharia.org.br\/site\/2013\/06\/13\/estudantes-brasileiros-estao-na-final-de-concurso-da-airbus\/#article\",\"isPartOf\":{\"@id\":\"https:\/\/www.institutodeengenharia.org.br\/site\/2013\/06\/13\/estudantes-brasileiros-estao-na-final-de-concurso-da-airbus\/\"},\"author\":{\"name\":\"TMax Tecnologia\",\"@id\":\"https:\/\/www.institutodeengenharia.org.br\/site\/#\/schema\/person\/3b1ff109facef084739fc2edcb9a127f\"},\"headline\":\"Estudantes brasileiros est\u00e3o na final de concurso da Airbus\",\"datePublished\":\"2013-06-13T23:52:05+00:00\",\"mainEntityOfPage\":{\"@id\":\"https:\/\/www.institutodeengenharia.org.br\/site\/2013\/06\/13\/estudantes-brasileiros-estao-na-final-de-concurso-da-airbus\/\"},\"wordCount\":518,\"commentCount\":0,\"publisher\":{\"@id\":\"https:\/\/www.institutodeengenharia.org.br\/site\/#organization\"},\"articleSection\":[\"Not\u00edcias\",\"Pesquisa e Desenvolvimento\"],\"inLanguage\":\"pt-BR\",\"potentialAction\":[{\"@type\":\"CommentAction\",\"name\":\"Comment\",\"target\":[\"https:\/\/www.institutodeengenharia.org.br\/site\/2013\/06\/13\/estudantes-brasileiros-estao-na-final-de-concurso-da-airbus\/#respond\"]}]},{\"@type\":\"WebPage\",\"@id\":\"https:\/\/www.institutodeengenharia.org.br\/site\/2013\/06\/13\/estudantes-brasileiros-estao-na-final-de-concurso-da-airbus\/\",\"url\":\"https:\/\/www.institutodeengenharia.org.br\/site\/2013\/06\/13\/estudantes-brasileiros-estao-na-final-de-concurso-da-airbus\/\",\"name\":\"Estudantes brasileiros est\u00e3o na final de concurso da Airbus - Instituto de Engenharia\",\"isPartOf\":{\"@id\":\"https:\/\/www.institutodeengenharia.org.br\/site\/#website\"},\"datePublished\":\"2013-06-13T23:52:05+00:00\",\"breadcrumb\":{\"@id\":\"https:\/\/www.institutodeengenharia.org.br\/site\/2013\/06\/13\/estudantes-brasileiros-estao-na-final-de-concurso-da-airbus\/#breadcrumb\"},\"inLanguage\":\"pt-BR\",\"potentialAction\":[{\"@type\":\"ReadAction\",\"target\":[\"https:\/\/www.institutodeengenharia.org.br\/site\/2013\/06\/13\/estudantes-brasileiros-estao-na-final-de-concurso-da-airbus\/\"]}]},{\"@type\":\"BreadcrumbList\",\"@id\":\"https:\/\/www.institutodeengenharia.org.br\/site\/2013\/06\/13\/estudantes-brasileiros-estao-na-final-de-concurso-da-airbus\/#breadcrumb\",\"itemListElement\":[{\"@type\":\"ListItem\",\"position\":1,\"name\":\"In\u00edcio\",\"item\":\"https:\/\/www.institutodeengenharia.org.br\/site\/\"},{\"@type\":\"ListItem\",\"position\":2,\"name\":\"Estudantes brasileiros est\u00e3o na final de concurso da Airbus\"}]},{\"@type\":\"WebSite\",\"@id\":\"https:\/\/www.institutodeengenharia.org.br\/site\/#website\",\"url\":\"https:\/\/www.institutodeengenharia.org.br\/site\/\",\"name\":\"Instituto de Engenharia\",\"description\":\"O Instituto de Engenharia promove a Engenharia em benef\u00edcio do desenvolvimento e da qualidade de vida da sociedade.\",\"publisher\":{\"@id\":\"https:\/\/www.institutodeengenharia.org.br\/site\/#organization\"},\"potentialAction\":[{\"@type\":\"SearchAction\",\"target\":{\"@type\":\"EntryPoint\",\"urlTemplate\":\"https:\/\/www.institutodeengenharia.org.br\/site\/?s={search_term_string}\"},\"query-input\":{\"@type\":\"PropertyValueSpecification\",\"valueRequired\":true,\"valueName\":\"search_term_string\"}}],\"inLanguage\":\"pt-BR\"},{\"@type\":\"Organization\",\"@id\":\"https:\/\/www.institutodeengenharia.org.br\/site\/#organization\",\"name\":\"Instituto de Engenharia\",\"url\":\"https:\/\/www.institutodeengenharia.org.br\/site\/\",\"logo\":{\"@type\":\"ImageObject\",\"inLanguage\":\"pt-BR\",\"@id\":\"https:\/\/www.institutodeengenharia.org.br\/site\/#\/schema\/logo\/image\/\",\"url\":\"https:\/\/www.institutodeengenharia.org.br\/site\/wp-content\/uploads\/2019\/03\/logo-novo-IE2018-1.jpg\",\"contentUrl\":\"https:\/\/www.institutodeengenharia.org.br\/site\/wp-content\/uploads\/2019\/03\/logo-novo-IE2018-1.jpg\",\"width\":1486,\"height\":1879,\"caption\":\"Instituto de Engenharia\"},\"image\":{\"@id\":\"https:\/\/www.institutodeengenharia.org.br\/site\/#\/schema\/logo\/image\/\"},\"sameAs\":[\"https:\/\/www.facebook.com\/institutodeengenharia\",\"https:\/\/x.com\/iengenharia\",\"https:\/\/www.instagram.com\/institutodeengenharia\/\",\"https:\/\/www.linkedin.com\/company\/instituto-de-engenharia\/\",\"https:\/\/www.youtube.com\/channel\/UCXiCAlsSMe977vamW915HxA\"]},{\"@type\":\"Person\",\"@id\":\"https:\/\/www.institutodeengenharia.org.br\/site\/#\/schema\/person\/3b1ff109facef084739fc2edcb9a127f\",\"name\":\"TMax Tecnologia\",\"image\":{\"@type\":\"ImageObject\",\"inLanguage\":\"pt-BR\",\"@id\":\"https:\/\/secure.gravatar.com\/avatar\/f912434ef7f389c92cb311fcdae346af848465d638912574b3c669070f797701?s=96&d=mm&r=g\",\"url\":\"https:\/\/secure.gravatar.com\/avatar\/f912434ef7f389c92cb311fcdae346af848465d638912574b3c669070f797701?s=96&d=mm&r=g\",\"contentUrl\":\"https:\/\/secure.gravatar.com\/avatar\/f912434ef7f389c92cb311fcdae346af848465d638912574b3c669070f797701?s=96&d=mm&r=g\",\"caption\":\"TMax Tecnologia\"},\"url\":\"https:\/\/www.institutodeengenharia.org.br\/site\/author\/tmax\/\"}]}<\/script>\n<!-- \/ Yoast SEO plugin. -->","yoast_head_json":{"title":"Estudantes brasileiros est\u00e3o na final de concurso da Airbus - Instituto de Engenharia","robots":{"index":"index","follow":"follow","max-snippet":"max-snippet:-1","max-image-preview":"max-image-preview:large","max-video-preview":"max-video-preview:-1"},"canonical":"https:\/\/www.institutodeengenharia.org.br\/site\/2013\/06\/13\/estudantes-brasileiros-estao-na-final-de-concurso-da-airbus\/","og_locale":"pt_BR","og_type":"article","og_title":"Estudantes brasileiros est\u00e3o na final de concurso da Airbus - Instituto de Engenharia","og_description":"Est\u00e1 acontecendo nesta semana, na sede da Airbus &#8211; uma das maiores fabricantes de avi\u00f5es comerciais do mundo &#8211; a etapa final do concurso internacional Airbus &#8211; Fly Your Ideas &#8211; &#8220;fa\u00e7a suas ideias voarem&#8221;, em tradu\u00e7\u00e3o livre. O concurso tem a proposta de desafiar estudantes universit\u00e1rios do mundo todo para elaborar planos inovadores de [&hellip;]","og_url":"https:\/\/www.institutodeengenharia.org.br\/site\/2013\/06\/13\/estudantes-brasileiros-estao-na-final-de-concurso-da-airbus\/","og_site_name":"Instituto de Engenharia","article_publisher":"https:\/\/www.facebook.com\/institutodeengenharia","article_published_time":"2013-06-13T23:52:05+00:00","author":"TMax Tecnologia","twitter_card":"summary_large_image","twitter_creator":"@iengenharia","twitter_site":"@iengenharia","twitter_misc":{"Escrito por":"TMax Tecnologia","Est. tempo de leitura":"3 minutos"},"schema":{"@context":"https:\/\/schema.org","@graph":[{"@type":"Article","@id":"https:\/\/www.institutodeengenharia.org.br\/site\/2013\/06\/13\/estudantes-brasileiros-estao-na-final-de-concurso-da-airbus\/#article","isPartOf":{"@id":"https:\/\/www.institutodeengenharia.org.br\/site\/2013\/06\/13\/estudantes-brasileiros-estao-na-final-de-concurso-da-airbus\/"},"author":{"name":"TMax Tecnologia","@id":"https:\/\/www.institutodeengenharia.org.br\/site\/#\/schema\/person\/3b1ff109facef084739fc2edcb9a127f"},"headline":"Estudantes brasileiros est\u00e3o na final de concurso da Airbus","datePublished":"2013-06-13T23:52:05+00:00","mainEntityOfPage":{"@id":"https:\/\/www.institutodeengenharia.org.br\/site\/2013\/06\/13\/estudantes-brasileiros-estao-na-final-de-concurso-da-airbus\/"},"wordCount":518,"commentCount":0,"publisher":{"@id":"https:\/\/www.institutodeengenharia.org.br\/site\/#organization"},"articleSection":["Not\u00edcias","Pesquisa e Desenvolvimento"],"inLanguage":"pt-BR","potentialAction":[{"@type":"CommentAction","name":"Comment","target":["https:\/\/www.institutodeengenharia.org.br\/site\/2013\/06\/13\/estudantes-brasileiros-estao-na-final-de-concurso-da-airbus\/#respond"]}]},{"@type":"WebPage","@id":"https:\/\/www.institutodeengenharia.org.br\/site\/2013\/06\/13\/estudantes-brasileiros-estao-na-final-de-concurso-da-airbus\/","url":"https:\/\/www.institutodeengenharia.org.br\/site\/2013\/06\/13\/estudantes-brasileiros-estao-na-final-de-concurso-da-airbus\/","name":"Estudantes brasileiros est\u00e3o na final de concurso da Airbus - Instituto de Engenharia","isPartOf":{"@id":"https:\/\/www.institutodeengenharia.org.br\/site\/#website"},"datePublished":"2013-06-13T23:52:05+00:00","breadcrumb":{"@id":"https:\/\/www.institutodeengenharia.org.br\/site\/2013\/06\/13\/estudantes-brasileiros-estao-na-final-de-concurso-da-airbus\/#breadcrumb"},"inLanguage":"pt-BR","potentialAction":[{"@type":"ReadAction","target":["https:\/\/www.institutodeengenharia.org.br\/site\/2013\/06\/13\/estudantes-brasileiros-estao-na-final-de-concurso-da-airbus\/"]}]},{"@type":"BreadcrumbList","@id":"https:\/\/www.institutodeengenharia.org.br\/site\/2013\/06\/13\/estudantes-brasileiros-estao-na-final-de-concurso-da-airbus\/#breadcrumb","itemListElement":[{"@type":"ListItem","position":1,"name":"In\u00edcio","item":"https:\/\/www.institutodeengenharia.org.br\/site\/"},{"@type":"ListItem","position":2,"name":"Estudantes brasileiros est\u00e3o na final de concurso da Airbus"}]},{"@type":"WebSite","@id":"https:\/\/www.institutodeengenharia.org.br\/site\/#website","url":"https:\/\/www.institutodeengenharia.org.br\/site\/","name":"Instituto de Engenharia","description":"O Instituto de Engenharia promove a Engenharia em benef\u00edcio do desenvolvimento e da qualidade de vida da sociedade.","publisher":{"@id":"https:\/\/www.institutodeengenharia.org.br\/site\/#organization"},"potentialAction":[{"@type":"SearchAction","target":{"@type":"EntryPoint","urlTemplate":"https:\/\/www.institutodeengenharia.org.br\/site\/?s={search_term_string}"},"query-input":{"@type":"PropertyValueSpecification","valueRequired":true,"valueName":"search_term_string"}}],"inLanguage":"pt-BR"},{"@type":"Organization","@id":"https:\/\/www.institutodeengenharia.org.br\/site\/#organization","name":"Instituto de Engenharia","url":"https:\/\/www.institutodeengenharia.org.br\/site\/","logo":{"@type":"ImageObject","inLanguage":"pt-BR","@id":"https:\/\/www.institutodeengenharia.org.br\/site\/#\/schema\/logo\/image\/","url":"https:\/\/www.institutodeengenharia.org.br\/site\/wp-content\/uploads\/2019\/03\/logo-novo-IE2018-1.jpg","contentUrl":"https:\/\/www.institutodeengenharia.org.br\/site\/wp-content\/uploads\/2019\/03\/logo-novo-IE2018-1.jpg","width":1486,"height":1879,"caption":"Instituto de Engenharia"},"image":{"@id":"https:\/\/www.institutodeengenharia.org.br\/site\/#\/schema\/logo\/image\/"},"sameAs":["https:\/\/www.facebook.com\/institutodeengenharia","https:\/\/x.com\/iengenharia","https:\/\/www.instagram.com\/institutodeengenharia\/","https:\/\/www.linkedin.com\/company\/instituto-de-engenharia\/","https:\/\/www.youtube.com\/channel\/UCXiCAlsSMe977vamW915HxA"]},{"@type":"Person","@id":"https:\/\/www.institutodeengenharia.org.br\/site\/#\/schema\/person\/3b1ff109facef084739fc2edcb9a127f","name":"TMax Tecnologia","image":{"@type":"ImageObject","inLanguage":"pt-BR","@id":"https:\/\/secure.gravatar.com\/avatar\/f912434ef7f389c92cb311fcdae346af848465d638912574b3c669070f797701?s=96&d=mm&r=g","url":"https:\/\/secure.gravatar.com\/avatar\/f912434ef7f389c92cb311fcdae346af848465d638912574b3c669070f797701?s=96&d=mm&r=g","contentUrl":"https:\/\/secure.gravatar.com\/avatar\/f912434ef7f389c92cb311fcdae346af848465d638912574b3c669070f797701?s=96&d=mm&r=g","caption":"TMax Tecnologia"},"url":"https:\/\/www.institutodeengenharia.org.br\/site\/author\/tmax\/"}]}},"_links":{"self":[{"href":"https:\/\/www.institutodeengenharia.org.br\/site\/wp-json\/wp\/v2\/posts\/23486","targetHints":{"allow":["GET"]}}],"collection":[{"href":"https:\/\/www.institutodeengenharia.org.br\/site\/wp-json\/wp\/v2\/posts"}],"about":[{"href":"https:\/\/www.institutodeengenharia.org.br\/site\/wp-json\/wp\/v2\/types\/post"}],"author":[{"embeddable":true,"href":"https:\/\/www.institutodeengenharia.org.br\/site\/wp-json\/wp\/v2\/users\/1"}],"replies":[{"embeddable":true,"href":"https:\/\/www.institutodeengenharia.org.br\/site\/wp-json\/wp\/v2\/comments?post=23486"}],"version-history":[{"count":0,"href":"https:\/\/www.institutodeengenharia.org.br\/site\/wp-json\/wp\/v2\/posts\/23486\/revisions"}],"wp:attachment":[{"href":"https:\/\/www.institutodeengenharia.org.br\/site\/wp-json\/wp\/v2\/media?parent=23486"}],"wp:term":[{"taxonomy":"category","embeddable":true,"href":"https:\/\/www.institutodeengenharia.org.br\/site\/wp-json\/wp\/v2\/categories?post=23486"},{"taxonomy":"post_tag","embeddable":true,"href":"https:\/\/www.institutodeengenharia.org.br\/site\/wp-json\/wp\/v2\/tags?post=23486"}],"curies":[{"name":"wp","href":"https:\/\/api.w.org\/{rel}","templated":true}]}}