{"id":23479,"date":"2013-05-29T23:52:00","date_gmt":"2013-05-29T23:52:00","guid":{"rendered":"https:\/\/www.institutodeengenharia.org.br\/?p=23479"},"modified":"2013-05-29T11:48:48","modified_gmt":"2013-05-29T11:48:48","slug":"spaceliner-conheca-o-aviao-hipersonico-europeu","status":"publish","type":"post","link":"https:\/\/www.institutodeengenharia.org.br\/site\/2013\/05\/29\/spaceliner-conheca-o-aviao-hipersonico-europeu\/","title":{"rendered":"SpaceLiner: conhe\u00e7a o avi\u00e3o hipers\u00f4nico europeu"},"content":{"rendered":"<p>Enquanto alguns se perguntam se os avi\u00f5es hipers\u00f4nicos v\u00e3o se tornar realidade, uma equipe europeia mostrou que os projetos para isso est\u00e3o mais adiantados do que se imaginava. <\/p>\n<p>Uma equipe da Alemanha, \u00c1ustria, B\u00e9lgica, Espanha, Holanda, It\u00e1lia e Su\u00ed\u00e7a apresentou os resultados do projeto Fast20XX (Future high-Altitude high-Speed Transport &#8211; transporte futuro de alta altitude e alta velocidade, em tradu\u00e7\u00e3o livre). <\/p>\n<p>O avi\u00e3o hipers\u00f4nico resultado do projeto foi batizado de SpaceLiner. <\/p>\n<p>O que mais impressiona \u00e9 a semelhan\u00e7a do hiperavi\u00e3o com os antigos \u00f4nibus espaciais norte-americanos. <\/p>\n<p>O SpaceLiner ser\u00e1 lan\u00e7ado na vertical, como um foguete. <\/p>\n<p>A grande diferen\u00e7a \u00e9 que o tanque principal \u00e9 ele pr\u00f3prio um avi\u00e3o, que retorna e pousa normalmente em um aeroporto &#8211; nos \u00f4nibus espaciais, o tanque principal entrava em \u00f3rbita e se queimava na reentrada, n\u00e3o sendo reaproveitado. <\/p>\n<p>Os passageiros, contudo, v\u00e3o a bordo do avi\u00e3o propriamente dito, uma aut\u00eantica c\u00e1psula espacial com capacidade para 50 passageiros. <\/p>\n<p>Ela entra em \u00f3rbita cerca de 8 minutos depois do lan\u00e7amento, e desliza em microgravidade a Mach 20 &#8211; uma velocidade 20 vezes maior que a velocidade do som. <\/p>\n<p>Isto dever\u00e1 fazer com que os mais puristas levantem uma sobrancelha &#8211; os avi\u00f5es hipers\u00f4nicos propriamente ditos, cujos motores est\u00e3o em desenvolvimento, pretendem atingir velocidades hipers\u00f4nicas na atmosfera, e n\u00e3o no espa\u00e7o. <\/p>\n<p>De qualquer forma, os c\u00e1lculos indicam que o SpaceLiner poder\u00e1 pousar no outro lado do mundo cerca de 80 minutos depois do lan\u00e7amento &#8211; o pouso tamb\u00e9m ser\u00e1 feito em um aeroporto comum.<\/p>\n<p>Hiperdesafios <\/p>\n<p>Martin Sippel, diretor do projeto, afirma que v\u00e1rias tecnologias ainda ter\u00e3o que ser desenvolvidas e testadas para que o SpaceLiner torne-se uma realidade: &#8220;O SpaceLiner \u00e9 um desafio tanto em termos de tecnologia quanto de opera\u00e7\u00f5es.&#8221; <\/p>\n<p>Contudo, de posse do projeto, as sete ag\u00eancias espaciais envolvidas j\u00e1 est\u00e3o se concentrando na parte espec\u00edfica do desenvolvimento que tocou para cada uma &#8211; a integra\u00e7\u00e3o do avi\u00e3o hipers\u00f4nico ficar\u00e1 a cargo da DLR, a ag\u00eancia espacial alem\u00e3. <\/p>\n<p>Um dos maiores desafios \u00e9 o resfriamento do avi\u00e3o conforme ele reentra na atmosfera, atingindo temperaturas que dever\u00e3o chegar aos 1.800\u00ba C. <\/p>\n<p>A solu\u00e7\u00e3o adotada foi o resfriamento ativo no nariz da aeronave e nos bordos de ataque das asas. A ideia \u00e9 aspergir \u00e1gua a partir de componentes cer\u00e2micos porosos, resfriando a superf\u00edcie conforme a \u00e1gua se evapora. <\/p>\n<p>Outro problema \u00e9 lidar com a aerodin\u00e2mica vari\u00e1vel a que o avi\u00e3o estar\u00e1 sujeito, em sua fase em \u00f3rbita baixa, durante a reentrada, e em seu voo normal at\u00e9 o aeroporto. <\/p>\n<p>Mas os pesquisadores v\u00e3o dar uma aten\u00e7\u00e3o especial tamb\u00e9m aos passageiros. Afinal, astronautas s\u00e3o treinados para suportar um lan\u00e7amento de foguete e uma reentrada na atmosfera. Ser\u00e1 que o voo hipers\u00f4nico ser\u00e1 toler\u00e1vel para passageiros fisicamente menos preparados? <\/p>\n<p>Projeto Alpha <\/p>\n<p>Tudo isso ser\u00e1 testado antes que o SpaceLiner vire realidade. <\/p>\n<p>Segundo Martin Sippel, os testes ser\u00e3o feitos pelo Projeto Alpha, um misto de avi\u00e3o e nave espacial que ser\u00e1 lan\u00e7ado de um Airbus A330 a cerca de 14 quil\u00f4metros de altitude. <\/p>\n<p>O Alpha levar\u00e1 dois passageiros e um piloto, e dever\u00e1 atingir uma altitude de 100 quil\u00f4metros. <\/p>\n<p>&#8220;O turismo espacial feito dessa forma dever\u00e1 ser o primeiro passo e dever\u00e1 ser alcan\u00e7ado nesta d\u00e9cada. Ser\u00e1 um teste para ver se existe mercado para esse tipo de ve\u00edculo espacial,&#8221; disse Sippel.<\/p>\n<p><b>Autor: Inova\u00e7\u00e3o Tecnol\u00f3gica <\/b><\/p>\n","protected":false},"excerpt":{"rendered":"<p>Enquanto alguns se perguntam se os avi\u00f5es hipers\u00f4nicos v\u00e3o se tornar realidade, uma equipe europeia mostrou que os projetos para isso est\u00e3o mais adiantados do que se imaginava. Uma equipe da Alemanha, \u00c1ustria, B\u00e9lgica, Espanha, Holanda, It\u00e1lia e Su\u00ed\u00e7a apresentou os resultados do projeto Fast20XX (Future high-Altitude high-Speed Transport &#8211; transporte futuro de alta altitude [&hellip;]<\/p>\n","protected":false},"author":1,"featured_media":0,"comment_status":"open","ping_status":"open","sticky":false,"template":"","format":"standard","meta":{"footnotes":""},"categories":[6,41],"tags":[],"class_list":{"0":"post-23479","1":"post","2":"type-post","3":"status-publish","4":"format-standard","6":"category-noticias","7":"category-transportes"},"yoast_head":"<!-- This site is optimized with the Yoast SEO plugin v27.2 - https:\/\/yoast.com\/product\/yoast-seo-wordpress\/ -->\n<title>SpaceLiner: conhe\u00e7a o avi\u00e3o hipers\u00f4nico europeu - Instituto de Engenharia<\/title>\n<meta name=\"robots\" content=\"index, follow, max-snippet:-1, max-image-preview:large, max-video-preview:-1\" \/>\n<link rel=\"canonical\" href=\"https:\/\/www.institutodeengenharia.org.br\/site\/2013\/05\/29\/spaceliner-conheca-o-aviao-hipersonico-europeu\/\" \/>\n<meta property=\"og:locale\" content=\"pt_BR\" \/>\n<meta property=\"og:type\" content=\"article\" \/>\n<meta property=\"og:title\" content=\"SpaceLiner: conhe\u00e7a o avi\u00e3o hipers\u00f4nico europeu - Instituto de Engenharia\" \/>\n<meta property=\"og:description\" content=\"Enquanto alguns se perguntam se os avi\u00f5es hipers\u00f4nicos v\u00e3o se tornar realidade, uma equipe europeia mostrou que os projetos para isso est\u00e3o mais adiantados do que se imaginava. Uma equipe da Alemanha, \u00c1ustria, B\u00e9lgica, Espanha, Holanda, It\u00e1lia e Su\u00ed\u00e7a apresentou os resultados do projeto Fast20XX (Future high-Altitude high-Speed Transport &#8211; transporte futuro de alta altitude [&hellip;]\" \/>\n<meta property=\"og:url\" content=\"https:\/\/www.institutodeengenharia.org.br\/site\/2013\/05\/29\/spaceliner-conheca-o-aviao-hipersonico-europeu\/\" \/>\n<meta property=\"og:site_name\" content=\"Instituto de Engenharia\" \/>\n<meta property=\"article:publisher\" content=\"https:\/\/www.facebook.com\/institutodeengenharia\" \/>\n<meta property=\"article:published_time\" content=\"2013-05-29T23:52:00+00:00\" \/>\n<meta name=\"author\" content=\"TMax Tecnologia\" \/>\n<meta name=\"twitter:card\" content=\"summary_large_image\" \/>\n<meta name=\"twitter:creator\" content=\"@iengenharia\" \/>\n<meta name=\"twitter:site\" content=\"@iengenharia\" \/>\n<meta name=\"twitter:label1\" content=\"Escrito por\" \/>\n\t<meta name=\"twitter:data1\" content=\"TMax Tecnologia\" \/>\n\t<meta name=\"twitter:label2\" content=\"Est. tempo de leitura\" \/>\n\t<meta name=\"twitter:data2\" content=\"3 minutos\" \/>\n<script type=\"application\/ld+json\" class=\"yoast-schema-graph\">{\"@context\":\"https:\/\/schema.org\",\"@graph\":[{\"@type\":\"Article\",\"@id\":\"https:\/\/www.institutodeengenharia.org.br\/site\/2013\/05\/29\/spaceliner-conheca-o-aviao-hipersonico-europeu\/#article\",\"isPartOf\":{\"@id\":\"https:\/\/www.institutodeengenharia.org.br\/site\/2013\/05\/29\/spaceliner-conheca-o-aviao-hipersonico-europeu\/\"},\"author\":{\"name\":\"TMax Tecnologia\",\"@id\":\"https:\/\/www.institutodeengenharia.org.br\/site\/#\/schema\/person\/3b1ff109facef084739fc2edcb9a127f\"},\"headline\":\"SpaceLiner: conhe\u00e7a o avi\u00e3o hipers\u00f4nico europeu\",\"datePublished\":\"2013-05-29T23:52:00+00:00\",\"mainEntityOfPage\":{\"@id\":\"https:\/\/www.institutodeengenharia.org.br\/site\/2013\/05\/29\/spaceliner-conheca-o-aviao-hipersonico-europeu\/\"},\"wordCount\":607,\"commentCount\":0,\"publisher\":{\"@id\":\"https:\/\/www.institutodeengenharia.org.br\/site\/#organization\"},\"articleSection\":[\"Not\u00edcias\",\"Transportes\"],\"inLanguage\":\"pt-BR\",\"potentialAction\":[{\"@type\":\"CommentAction\",\"name\":\"Comment\",\"target\":[\"https:\/\/www.institutodeengenharia.org.br\/site\/2013\/05\/29\/spaceliner-conheca-o-aviao-hipersonico-europeu\/#respond\"]}]},{\"@type\":\"WebPage\",\"@id\":\"https:\/\/www.institutodeengenharia.org.br\/site\/2013\/05\/29\/spaceliner-conheca-o-aviao-hipersonico-europeu\/\",\"url\":\"https:\/\/www.institutodeengenharia.org.br\/site\/2013\/05\/29\/spaceliner-conheca-o-aviao-hipersonico-europeu\/\",\"name\":\"SpaceLiner: conhe\u00e7a o avi\u00e3o hipers\u00f4nico europeu - Instituto de Engenharia\",\"isPartOf\":{\"@id\":\"https:\/\/www.institutodeengenharia.org.br\/site\/#website\"},\"datePublished\":\"2013-05-29T23:52:00+00:00\",\"breadcrumb\":{\"@id\":\"https:\/\/www.institutodeengenharia.org.br\/site\/2013\/05\/29\/spaceliner-conheca-o-aviao-hipersonico-europeu\/#breadcrumb\"},\"inLanguage\":\"pt-BR\",\"potentialAction\":[{\"@type\":\"ReadAction\",\"target\":[\"https:\/\/www.institutodeengenharia.org.br\/site\/2013\/05\/29\/spaceliner-conheca-o-aviao-hipersonico-europeu\/\"]}]},{\"@type\":\"BreadcrumbList\",\"@id\":\"https:\/\/www.institutodeengenharia.org.br\/site\/2013\/05\/29\/spaceliner-conheca-o-aviao-hipersonico-europeu\/#breadcrumb\",\"itemListElement\":[{\"@type\":\"ListItem\",\"position\":1,\"name\":\"In\u00edcio\",\"item\":\"https:\/\/www.institutodeengenharia.org.br\/site\/\"},{\"@type\":\"ListItem\",\"position\":2,\"name\":\"SpaceLiner: conhe\u00e7a o avi\u00e3o hipers\u00f4nico europeu\"}]},{\"@type\":\"WebSite\",\"@id\":\"https:\/\/www.institutodeengenharia.org.br\/site\/#website\",\"url\":\"https:\/\/www.institutodeengenharia.org.br\/site\/\",\"name\":\"Instituto de Engenharia\",\"description\":\"O Instituto de Engenharia promove a Engenharia em benef\u00edcio do desenvolvimento e da qualidade de vida da sociedade.\",\"publisher\":{\"@id\":\"https:\/\/www.institutodeengenharia.org.br\/site\/#organization\"},\"potentialAction\":[{\"@type\":\"SearchAction\",\"target\":{\"@type\":\"EntryPoint\",\"urlTemplate\":\"https:\/\/www.institutodeengenharia.org.br\/site\/?s={search_term_string}\"},\"query-input\":{\"@type\":\"PropertyValueSpecification\",\"valueRequired\":true,\"valueName\":\"search_term_string\"}}],\"inLanguage\":\"pt-BR\"},{\"@type\":\"Organization\",\"@id\":\"https:\/\/www.institutodeengenharia.org.br\/site\/#organization\",\"name\":\"Instituto de Engenharia\",\"url\":\"https:\/\/www.institutodeengenharia.org.br\/site\/\",\"logo\":{\"@type\":\"ImageObject\",\"inLanguage\":\"pt-BR\",\"@id\":\"https:\/\/www.institutodeengenharia.org.br\/site\/#\/schema\/logo\/image\/\",\"url\":\"https:\/\/www.institutodeengenharia.org.br\/site\/wp-content\/uploads\/2019\/03\/logo-novo-IE2018-1.jpg\",\"contentUrl\":\"https:\/\/www.institutodeengenharia.org.br\/site\/wp-content\/uploads\/2019\/03\/logo-novo-IE2018-1.jpg\",\"width\":1486,\"height\":1879,\"caption\":\"Instituto de Engenharia\"},\"image\":{\"@id\":\"https:\/\/www.institutodeengenharia.org.br\/site\/#\/schema\/logo\/image\/\"},\"sameAs\":[\"https:\/\/www.facebook.com\/institutodeengenharia\",\"https:\/\/x.com\/iengenharia\",\"https:\/\/www.instagram.com\/institutodeengenharia\/\",\"https:\/\/www.linkedin.com\/company\/instituto-de-engenharia\/\",\"https:\/\/www.youtube.com\/channel\/UCXiCAlsSMe977vamW915HxA\"]},{\"@type\":\"Person\",\"@id\":\"https:\/\/www.institutodeengenharia.org.br\/site\/#\/schema\/person\/3b1ff109facef084739fc2edcb9a127f\",\"name\":\"TMax Tecnologia\",\"image\":{\"@type\":\"ImageObject\",\"inLanguage\":\"pt-BR\",\"@id\":\"https:\/\/secure.gravatar.com\/avatar\/f912434ef7f389c92cb311fcdae346af848465d638912574b3c669070f797701?s=96&d=mm&r=g\",\"url\":\"https:\/\/secure.gravatar.com\/avatar\/f912434ef7f389c92cb311fcdae346af848465d638912574b3c669070f797701?s=96&d=mm&r=g\",\"contentUrl\":\"https:\/\/secure.gravatar.com\/avatar\/f912434ef7f389c92cb311fcdae346af848465d638912574b3c669070f797701?s=96&d=mm&r=g\",\"caption\":\"TMax Tecnologia\"},\"url\":\"https:\/\/www.institutodeengenharia.org.br\/site\/author\/tmax\/\"}]}<\/script>\n<!-- \/ Yoast SEO plugin. -->","yoast_head_json":{"title":"SpaceLiner: conhe\u00e7a o avi\u00e3o hipers\u00f4nico europeu - Instituto de Engenharia","robots":{"index":"index","follow":"follow","max-snippet":"max-snippet:-1","max-image-preview":"max-image-preview:large","max-video-preview":"max-video-preview:-1"},"canonical":"https:\/\/www.institutodeengenharia.org.br\/site\/2013\/05\/29\/spaceliner-conheca-o-aviao-hipersonico-europeu\/","og_locale":"pt_BR","og_type":"article","og_title":"SpaceLiner: conhe\u00e7a o avi\u00e3o hipers\u00f4nico europeu - Instituto de Engenharia","og_description":"Enquanto alguns se perguntam se os avi\u00f5es hipers\u00f4nicos v\u00e3o se tornar realidade, uma equipe europeia mostrou que os projetos para isso est\u00e3o mais adiantados do que se imaginava. Uma equipe da Alemanha, \u00c1ustria, B\u00e9lgica, Espanha, Holanda, It\u00e1lia e Su\u00ed\u00e7a apresentou os resultados do projeto Fast20XX (Future high-Altitude high-Speed Transport &#8211; transporte futuro de alta altitude [&hellip;]","og_url":"https:\/\/www.institutodeengenharia.org.br\/site\/2013\/05\/29\/spaceliner-conheca-o-aviao-hipersonico-europeu\/","og_site_name":"Instituto de Engenharia","article_publisher":"https:\/\/www.facebook.com\/institutodeengenharia","article_published_time":"2013-05-29T23:52:00+00:00","author":"TMax Tecnologia","twitter_card":"summary_large_image","twitter_creator":"@iengenharia","twitter_site":"@iengenharia","twitter_misc":{"Escrito por":"TMax Tecnologia","Est. tempo de leitura":"3 minutos"},"schema":{"@context":"https:\/\/schema.org","@graph":[{"@type":"Article","@id":"https:\/\/www.institutodeengenharia.org.br\/site\/2013\/05\/29\/spaceliner-conheca-o-aviao-hipersonico-europeu\/#article","isPartOf":{"@id":"https:\/\/www.institutodeengenharia.org.br\/site\/2013\/05\/29\/spaceliner-conheca-o-aviao-hipersonico-europeu\/"},"author":{"name":"TMax Tecnologia","@id":"https:\/\/www.institutodeengenharia.org.br\/site\/#\/schema\/person\/3b1ff109facef084739fc2edcb9a127f"},"headline":"SpaceLiner: conhe\u00e7a o avi\u00e3o hipers\u00f4nico europeu","datePublished":"2013-05-29T23:52:00+00:00","mainEntityOfPage":{"@id":"https:\/\/www.institutodeengenharia.org.br\/site\/2013\/05\/29\/spaceliner-conheca-o-aviao-hipersonico-europeu\/"},"wordCount":607,"commentCount":0,"publisher":{"@id":"https:\/\/www.institutodeengenharia.org.br\/site\/#organization"},"articleSection":["Not\u00edcias","Transportes"],"inLanguage":"pt-BR","potentialAction":[{"@type":"CommentAction","name":"Comment","target":["https:\/\/www.institutodeengenharia.org.br\/site\/2013\/05\/29\/spaceliner-conheca-o-aviao-hipersonico-europeu\/#respond"]}]},{"@type":"WebPage","@id":"https:\/\/www.institutodeengenharia.org.br\/site\/2013\/05\/29\/spaceliner-conheca-o-aviao-hipersonico-europeu\/","url":"https:\/\/www.institutodeengenharia.org.br\/site\/2013\/05\/29\/spaceliner-conheca-o-aviao-hipersonico-europeu\/","name":"SpaceLiner: conhe\u00e7a o avi\u00e3o hipers\u00f4nico europeu - Instituto de Engenharia","isPartOf":{"@id":"https:\/\/www.institutodeengenharia.org.br\/site\/#website"},"datePublished":"2013-05-29T23:52:00+00:00","breadcrumb":{"@id":"https:\/\/www.institutodeengenharia.org.br\/site\/2013\/05\/29\/spaceliner-conheca-o-aviao-hipersonico-europeu\/#breadcrumb"},"inLanguage":"pt-BR","potentialAction":[{"@type":"ReadAction","target":["https:\/\/www.institutodeengenharia.org.br\/site\/2013\/05\/29\/spaceliner-conheca-o-aviao-hipersonico-europeu\/"]}]},{"@type":"BreadcrumbList","@id":"https:\/\/www.institutodeengenharia.org.br\/site\/2013\/05\/29\/spaceliner-conheca-o-aviao-hipersonico-europeu\/#breadcrumb","itemListElement":[{"@type":"ListItem","position":1,"name":"In\u00edcio","item":"https:\/\/www.institutodeengenharia.org.br\/site\/"},{"@type":"ListItem","position":2,"name":"SpaceLiner: conhe\u00e7a o avi\u00e3o hipers\u00f4nico europeu"}]},{"@type":"WebSite","@id":"https:\/\/www.institutodeengenharia.org.br\/site\/#website","url":"https:\/\/www.institutodeengenharia.org.br\/site\/","name":"Instituto de Engenharia","description":"O Instituto de Engenharia promove a Engenharia em benef\u00edcio do desenvolvimento e da qualidade de vida da sociedade.","publisher":{"@id":"https:\/\/www.institutodeengenharia.org.br\/site\/#organization"},"potentialAction":[{"@type":"SearchAction","target":{"@type":"EntryPoint","urlTemplate":"https:\/\/www.institutodeengenharia.org.br\/site\/?s={search_term_string}"},"query-input":{"@type":"PropertyValueSpecification","valueRequired":true,"valueName":"search_term_string"}}],"inLanguage":"pt-BR"},{"@type":"Organization","@id":"https:\/\/www.institutodeengenharia.org.br\/site\/#organization","name":"Instituto de Engenharia","url":"https:\/\/www.institutodeengenharia.org.br\/site\/","logo":{"@type":"ImageObject","inLanguage":"pt-BR","@id":"https:\/\/www.institutodeengenharia.org.br\/site\/#\/schema\/logo\/image\/","url":"https:\/\/www.institutodeengenharia.org.br\/site\/wp-content\/uploads\/2019\/03\/logo-novo-IE2018-1.jpg","contentUrl":"https:\/\/www.institutodeengenharia.org.br\/site\/wp-content\/uploads\/2019\/03\/logo-novo-IE2018-1.jpg","width":1486,"height":1879,"caption":"Instituto de Engenharia"},"image":{"@id":"https:\/\/www.institutodeengenharia.org.br\/site\/#\/schema\/logo\/image\/"},"sameAs":["https:\/\/www.facebook.com\/institutodeengenharia","https:\/\/x.com\/iengenharia","https:\/\/www.instagram.com\/institutodeengenharia\/","https:\/\/www.linkedin.com\/company\/instituto-de-engenharia\/","https:\/\/www.youtube.com\/channel\/UCXiCAlsSMe977vamW915HxA"]},{"@type":"Person","@id":"https:\/\/www.institutodeengenharia.org.br\/site\/#\/schema\/person\/3b1ff109facef084739fc2edcb9a127f","name":"TMax Tecnologia","image":{"@type":"ImageObject","inLanguage":"pt-BR","@id":"https:\/\/secure.gravatar.com\/avatar\/f912434ef7f389c92cb311fcdae346af848465d638912574b3c669070f797701?s=96&d=mm&r=g","url":"https:\/\/secure.gravatar.com\/avatar\/f912434ef7f389c92cb311fcdae346af848465d638912574b3c669070f797701?s=96&d=mm&r=g","contentUrl":"https:\/\/secure.gravatar.com\/avatar\/f912434ef7f389c92cb311fcdae346af848465d638912574b3c669070f797701?s=96&d=mm&r=g","caption":"TMax Tecnologia"},"url":"https:\/\/www.institutodeengenharia.org.br\/site\/author\/tmax\/"}]}},"_links":{"self":[{"href":"https:\/\/www.institutodeengenharia.org.br\/site\/wp-json\/wp\/v2\/posts\/23479","targetHints":{"allow":["GET"]}}],"collection":[{"href":"https:\/\/www.institutodeengenharia.org.br\/site\/wp-json\/wp\/v2\/posts"}],"about":[{"href":"https:\/\/www.institutodeengenharia.org.br\/site\/wp-json\/wp\/v2\/types\/post"}],"author":[{"embeddable":true,"href":"https:\/\/www.institutodeengenharia.org.br\/site\/wp-json\/wp\/v2\/users\/1"}],"replies":[{"embeddable":true,"href":"https:\/\/www.institutodeengenharia.org.br\/site\/wp-json\/wp\/v2\/comments?post=23479"}],"version-history":[{"count":0,"href":"https:\/\/www.institutodeengenharia.org.br\/site\/wp-json\/wp\/v2\/posts\/23479\/revisions"}],"wp:attachment":[{"href":"https:\/\/www.institutodeengenharia.org.br\/site\/wp-json\/wp\/v2\/media?parent=23479"}],"wp:term":[{"taxonomy":"category","embeddable":true,"href":"https:\/\/www.institutodeengenharia.org.br\/site\/wp-json\/wp\/v2\/categories?post=23479"},{"taxonomy":"post_tag","embeddable":true,"href":"https:\/\/www.institutodeengenharia.org.br\/site\/wp-json\/wp\/v2\/tags?post=23479"}],"curies":[{"name":"wp","href":"https:\/\/api.w.org\/{rel}","templated":true}]}}