{"id":23476,"date":"2013-05-27T23:51:57","date_gmt":"2013-05-27T23:51:57","guid":{"rendered":"https:\/\/www.institutodeengenharia.org.br\/?p=23476"},"modified":"2013-05-27T16:50:56","modified_gmt":"2013-05-27T16:50:56","slug":"brasil-tera-novo-navio-e-instituto-oceanico","status":"publish","type":"post","link":"https:\/\/www.institutodeengenharia.org.br\/site\/2013\/05\/27\/brasil-tera-novo-navio-e-instituto-oceanico\/","title":{"rendered":"Brasil ter\u00e1 novo navio e instituto oce\u00e2nico"},"content":{"rendered":"<p>A presen\u00e7a da ci\u00eancia brasileira nos oceanos vai ganhar o refor\u00e7o de um novo navio oceanogr\u00e1fico de grande porte e um novo instituto nacional, com quatro centros de pesquisa espalhados pela costa. <\/p>\n<p>O Instituto Nacional de Pesquisas Oce\u00e2nicas e Hidrovi\u00e1rias (Inpoh) come\u00e7ou a surgir na sexta-feira em uma reuni\u00e3o na Academia Brasileira de Ci\u00eancias, no centro do Rio, com a cria\u00e7\u00e3o de uma associa\u00e7\u00e3o civil que pretende se credenciar como organiza\u00e7\u00e3o social (OS), apta a assinar contratos de gest\u00e3o com o poder p\u00fablico e a iniciativa privada. <\/p>\n<p>A ideia \u00e9 que o instituto funcione em um modelo semelhante ao do Centro Nacional de Pesquisa em Energia e Materiais, uma OS que gerencia quatro laborat\u00f3rios nacionais em Campinas &#8211; de luz s\u00edncrotron, bioci\u00eancias, biotecnologia do etanol e nanotecnologia. <\/p>\n<p>Dessa forma, o Inpoh poder\u00e1 firmar contratos com o Minist\u00e9rio da Ci\u00eancia, Tecnologia e Inova\u00e7\u00e3o (MCTI) para gest\u00e3o de projetos e programas espec\u00edficos, sem fazer parte do organograma da pasta &#8211; libertando-o, assim, de v\u00e1rias amarras burocr\u00e1ticas e legais que costumam atravancar o funcionamento da m\u00e1quina p\u00fablica. <\/p>\n<p>Um dos projetos que o instituto dever\u00e1 pleitear \u00e9 o contrato de gest\u00e3o do novo navio, de R$ 162 milh\u00f5es, cuja compra deve ser finalizada nesta semana (mais informa\u00e7\u00f5es nesta p\u00e1gina). &#8220;N\u00e3o \u00e9 algo que est\u00e1 na agenda inicial, mas certamente h\u00e1 a expectativa de que o Inpoh possa se capacitar para isso num segundo momento&#8221;, disse ao Estado o engenheiro oce\u00e2nico Segen Estefen, diretor de Tecnologia e Inova\u00e7\u00e3o da Coppe\/UFRJ, escolhido como diretor provis\u00f3rio da associa\u00e7\u00e3o. <\/p>\n<p>O objetivo maior do Inpoh, segundo ele, ser\u00e1 &#8220;colocar o Brasil em linha com os pa\u00edses desenvolvidos&#8221; no campo das ci\u00eancias oceanogr\u00e1ficas, tanto para fins de pesquisa quanto de explora\u00e7\u00e3o sustent\u00e1vel dos recursos marinhos. &#8220;Eu diria que \u00e9 um marco hist\u00f3rico para o Brasil; um passo de afirma\u00e7\u00e3o sobre a necessidade de conhecermos essa parte oce\u00e2nica do Pa\u00eds, que nas pr\u00f3ximas d\u00e9cadas ter\u00e1 uma relev\u00e2ncia econ\u00f4mica muito importante para o projeto de na\u00e7\u00e3o que buscamos construir&#8221;, afirma Estefen. <\/p>\n<p>O instituto dever\u00e1 ter quatro centros de pesquisa: dois dedicados \u00e0 oceanografia (um para o Atl\u00e2ntico Tropical e outro, para o Atl\u00e2ntico Sul), um dedicado \u00e0 pesca e aquicultura e outro, voltado para portos e hidrovias. <\/p>\n<p>Oficialmente, a localiza\u00e7\u00e3o dos centros ainda n\u00e3o est\u00e1 definida. Segundo fontes ouvidas pelo Estado, por\u00e9m, j\u00e1 estaria praticamente decidido que o do Atl\u00e2ntico Tropical ser\u00e1 no Cear\u00e1, o do Atl\u00e2ntico Sul no Rio Grande do Sul, o de portos e hidrovias no Rio de Janeiro, e o de pesca em Santa Catarina. &#8220;Tem mais influ\u00eancia pol\u00edtica do que justificativa t\u00e9cnica nessas decis\u00f5es&#8221;, afirmou uma fonte.<\/p>\n<p><b>Autor: O Estado de S.Paulo<\/b><\/p>\n","protected":false},"excerpt":{"rendered":"<p>Embarca\u00e7\u00e3o, de R$ 162 milh\u00f5es, e centros de pesquisa refor\u00e7ar\u00e3o presen\u00e7a no mar<\/p>\n","protected":false},"author":1,"featured_media":0,"comment_status":"open","ping_status":"open","sticky":false,"template":"","format":"standard","meta":{"footnotes":""},"categories":[6,35],"tags":[],"class_list":{"0":"post-23476","1":"post","2":"type-post","3":"status-publish","4":"format-standard","6":"category-noticias","7":"category-pesquisa-e-desenvolvimento"},"yoast_head":"<!-- This site is optimized with the Yoast SEO plugin v27.2 - https:\/\/yoast.com\/product\/yoast-seo-wordpress\/ -->\n<title>Brasil ter\u00e1 novo navio e instituto oce\u00e2nico - Instituto de Engenharia<\/title>\n<meta name=\"robots\" content=\"index, follow, max-snippet:-1, max-image-preview:large, max-video-preview:-1\" \/>\n<link rel=\"canonical\" href=\"https:\/\/www.institutodeengenharia.org.br\/site\/2013\/05\/27\/brasil-tera-novo-navio-e-instituto-oceanico\/\" \/>\n<meta property=\"og:locale\" content=\"pt_BR\" \/>\n<meta property=\"og:type\" content=\"article\" \/>\n<meta property=\"og:title\" content=\"Brasil ter\u00e1 novo navio e instituto oce\u00e2nico - Instituto de Engenharia\" \/>\n<meta property=\"og:description\" content=\"Embarca\u00e7\u00e3o, de R$ 162 milh\u00f5es, e centros de pesquisa refor\u00e7ar\u00e3o presen\u00e7a no mar\" \/>\n<meta property=\"og:url\" content=\"https:\/\/www.institutodeengenharia.org.br\/site\/2013\/05\/27\/brasil-tera-novo-navio-e-instituto-oceanico\/\" \/>\n<meta property=\"og:site_name\" content=\"Instituto de Engenharia\" \/>\n<meta property=\"article:publisher\" content=\"https:\/\/www.facebook.com\/institutodeengenharia\" \/>\n<meta property=\"article:published_time\" content=\"2013-05-27T23:51:57+00:00\" \/>\n<meta name=\"author\" content=\"TMax Tecnologia\" \/>\n<meta name=\"twitter:card\" content=\"summary_large_image\" \/>\n<meta name=\"twitter:creator\" content=\"@iengenharia\" \/>\n<meta name=\"twitter:site\" content=\"@iengenharia\" \/>\n<meta name=\"twitter:label1\" content=\"Escrito por\" \/>\n\t<meta name=\"twitter:data1\" content=\"TMax Tecnologia\" \/>\n\t<meta name=\"twitter:label2\" content=\"Est. tempo de leitura\" \/>\n\t<meta name=\"twitter:data2\" content=\"2 minutos\" \/>\n<script type=\"application\/ld+json\" class=\"yoast-schema-graph\">{\"@context\":\"https:\/\/schema.org\",\"@graph\":[{\"@type\":\"Article\",\"@id\":\"https:\/\/www.institutodeengenharia.org.br\/site\/2013\/05\/27\/brasil-tera-novo-navio-e-instituto-oceanico\/#article\",\"isPartOf\":{\"@id\":\"https:\/\/www.institutodeengenharia.org.br\/site\/2013\/05\/27\/brasil-tera-novo-navio-e-instituto-oceanico\/\"},\"author\":{\"name\":\"TMax Tecnologia\",\"@id\":\"https:\/\/www.institutodeengenharia.org.br\/site\/#\/schema\/person\/3b1ff109facef084739fc2edcb9a127f\"},\"headline\":\"Brasil ter\u00e1 novo navio e instituto oce\u00e2nico\",\"datePublished\":\"2013-05-27T23:51:57+00:00\",\"mainEntityOfPage\":{\"@id\":\"https:\/\/www.institutodeengenharia.org.br\/site\/2013\/05\/27\/brasil-tera-novo-navio-e-instituto-oceanico\/\"},\"wordCount\":498,\"commentCount\":0,\"publisher\":{\"@id\":\"https:\/\/www.institutodeengenharia.org.br\/site\/#organization\"},\"articleSection\":[\"Not\u00edcias\",\"Pesquisa e Desenvolvimento\"],\"inLanguage\":\"pt-BR\",\"potentialAction\":[{\"@type\":\"CommentAction\",\"name\":\"Comment\",\"target\":[\"https:\/\/www.institutodeengenharia.org.br\/site\/2013\/05\/27\/brasil-tera-novo-navio-e-instituto-oceanico\/#respond\"]}]},{\"@type\":\"WebPage\",\"@id\":\"https:\/\/www.institutodeengenharia.org.br\/site\/2013\/05\/27\/brasil-tera-novo-navio-e-instituto-oceanico\/\",\"url\":\"https:\/\/www.institutodeengenharia.org.br\/site\/2013\/05\/27\/brasil-tera-novo-navio-e-instituto-oceanico\/\",\"name\":\"Brasil ter\u00e1 novo navio e instituto oce\u00e2nico - Instituto de Engenharia\",\"isPartOf\":{\"@id\":\"https:\/\/www.institutodeengenharia.org.br\/site\/#website\"},\"datePublished\":\"2013-05-27T23:51:57+00:00\",\"breadcrumb\":{\"@id\":\"https:\/\/www.institutodeengenharia.org.br\/site\/2013\/05\/27\/brasil-tera-novo-navio-e-instituto-oceanico\/#breadcrumb\"},\"inLanguage\":\"pt-BR\",\"potentialAction\":[{\"@type\":\"ReadAction\",\"target\":[\"https:\/\/www.institutodeengenharia.org.br\/site\/2013\/05\/27\/brasil-tera-novo-navio-e-instituto-oceanico\/\"]}]},{\"@type\":\"BreadcrumbList\",\"@id\":\"https:\/\/www.institutodeengenharia.org.br\/site\/2013\/05\/27\/brasil-tera-novo-navio-e-instituto-oceanico\/#breadcrumb\",\"itemListElement\":[{\"@type\":\"ListItem\",\"position\":1,\"name\":\"In\u00edcio\",\"item\":\"https:\/\/www.institutodeengenharia.org.br\/site\/\"},{\"@type\":\"ListItem\",\"position\":2,\"name\":\"Brasil ter\u00e1 novo navio e instituto oce\u00e2nico\"}]},{\"@type\":\"WebSite\",\"@id\":\"https:\/\/www.institutodeengenharia.org.br\/site\/#website\",\"url\":\"https:\/\/www.institutodeengenharia.org.br\/site\/\",\"name\":\"Instituto de Engenharia\",\"description\":\"O Instituto de Engenharia promove a Engenharia em benef\u00edcio do desenvolvimento e da qualidade de vida da sociedade.\",\"publisher\":{\"@id\":\"https:\/\/www.institutodeengenharia.org.br\/site\/#organization\"},\"potentialAction\":[{\"@type\":\"SearchAction\",\"target\":{\"@type\":\"EntryPoint\",\"urlTemplate\":\"https:\/\/www.institutodeengenharia.org.br\/site\/?s={search_term_string}\"},\"query-input\":{\"@type\":\"PropertyValueSpecification\",\"valueRequired\":true,\"valueName\":\"search_term_string\"}}],\"inLanguage\":\"pt-BR\"},{\"@type\":\"Organization\",\"@id\":\"https:\/\/www.institutodeengenharia.org.br\/site\/#organization\",\"name\":\"Instituto de Engenharia\",\"url\":\"https:\/\/www.institutodeengenharia.org.br\/site\/\",\"logo\":{\"@type\":\"ImageObject\",\"inLanguage\":\"pt-BR\",\"@id\":\"https:\/\/www.institutodeengenharia.org.br\/site\/#\/schema\/logo\/image\/\",\"url\":\"https:\/\/www.institutodeengenharia.org.br\/site\/wp-content\/uploads\/2019\/03\/logo-novo-IE2018-1.jpg\",\"contentUrl\":\"https:\/\/www.institutodeengenharia.org.br\/site\/wp-content\/uploads\/2019\/03\/logo-novo-IE2018-1.jpg\",\"width\":1486,\"height\":1879,\"caption\":\"Instituto de Engenharia\"},\"image\":{\"@id\":\"https:\/\/www.institutodeengenharia.org.br\/site\/#\/schema\/logo\/image\/\"},\"sameAs\":[\"https:\/\/www.facebook.com\/institutodeengenharia\",\"https:\/\/x.com\/iengenharia\",\"https:\/\/www.instagram.com\/institutodeengenharia\/\",\"https:\/\/www.linkedin.com\/company\/instituto-de-engenharia\/\",\"https:\/\/www.youtube.com\/channel\/UCXiCAlsSMe977vamW915HxA\"]},{\"@type\":\"Person\",\"@id\":\"https:\/\/www.institutodeengenharia.org.br\/site\/#\/schema\/person\/3b1ff109facef084739fc2edcb9a127f\",\"name\":\"TMax Tecnologia\",\"image\":{\"@type\":\"ImageObject\",\"inLanguage\":\"pt-BR\",\"@id\":\"https:\/\/secure.gravatar.com\/avatar\/f912434ef7f389c92cb311fcdae346af848465d638912574b3c669070f797701?s=96&d=mm&r=g\",\"url\":\"https:\/\/secure.gravatar.com\/avatar\/f912434ef7f389c92cb311fcdae346af848465d638912574b3c669070f797701?s=96&d=mm&r=g\",\"contentUrl\":\"https:\/\/secure.gravatar.com\/avatar\/f912434ef7f389c92cb311fcdae346af848465d638912574b3c669070f797701?s=96&d=mm&r=g\",\"caption\":\"TMax Tecnologia\"},\"url\":\"https:\/\/www.institutodeengenharia.org.br\/site\/author\/tmax\/\"}]}<\/script>\n<!-- \/ Yoast SEO plugin. -->","yoast_head_json":{"title":"Brasil ter\u00e1 novo navio e instituto oce\u00e2nico - Instituto de Engenharia","robots":{"index":"index","follow":"follow","max-snippet":"max-snippet:-1","max-image-preview":"max-image-preview:large","max-video-preview":"max-video-preview:-1"},"canonical":"https:\/\/www.institutodeengenharia.org.br\/site\/2013\/05\/27\/brasil-tera-novo-navio-e-instituto-oceanico\/","og_locale":"pt_BR","og_type":"article","og_title":"Brasil ter\u00e1 novo navio e instituto oce\u00e2nico - Instituto de Engenharia","og_description":"Embarca\u00e7\u00e3o, de R$ 162 milh\u00f5es, e centros de pesquisa refor\u00e7ar\u00e3o presen\u00e7a no mar","og_url":"https:\/\/www.institutodeengenharia.org.br\/site\/2013\/05\/27\/brasil-tera-novo-navio-e-instituto-oceanico\/","og_site_name":"Instituto de Engenharia","article_publisher":"https:\/\/www.facebook.com\/institutodeengenharia","article_published_time":"2013-05-27T23:51:57+00:00","author":"TMax Tecnologia","twitter_card":"summary_large_image","twitter_creator":"@iengenharia","twitter_site":"@iengenharia","twitter_misc":{"Escrito por":"TMax Tecnologia","Est. tempo de leitura":"2 minutos"},"schema":{"@context":"https:\/\/schema.org","@graph":[{"@type":"Article","@id":"https:\/\/www.institutodeengenharia.org.br\/site\/2013\/05\/27\/brasil-tera-novo-navio-e-instituto-oceanico\/#article","isPartOf":{"@id":"https:\/\/www.institutodeengenharia.org.br\/site\/2013\/05\/27\/brasil-tera-novo-navio-e-instituto-oceanico\/"},"author":{"name":"TMax Tecnologia","@id":"https:\/\/www.institutodeengenharia.org.br\/site\/#\/schema\/person\/3b1ff109facef084739fc2edcb9a127f"},"headline":"Brasil ter\u00e1 novo navio e instituto oce\u00e2nico","datePublished":"2013-05-27T23:51:57+00:00","mainEntityOfPage":{"@id":"https:\/\/www.institutodeengenharia.org.br\/site\/2013\/05\/27\/brasil-tera-novo-navio-e-instituto-oceanico\/"},"wordCount":498,"commentCount":0,"publisher":{"@id":"https:\/\/www.institutodeengenharia.org.br\/site\/#organization"},"articleSection":["Not\u00edcias","Pesquisa e Desenvolvimento"],"inLanguage":"pt-BR","potentialAction":[{"@type":"CommentAction","name":"Comment","target":["https:\/\/www.institutodeengenharia.org.br\/site\/2013\/05\/27\/brasil-tera-novo-navio-e-instituto-oceanico\/#respond"]}]},{"@type":"WebPage","@id":"https:\/\/www.institutodeengenharia.org.br\/site\/2013\/05\/27\/brasil-tera-novo-navio-e-instituto-oceanico\/","url":"https:\/\/www.institutodeengenharia.org.br\/site\/2013\/05\/27\/brasil-tera-novo-navio-e-instituto-oceanico\/","name":"Brasil ter\u00e1 novo navio e instituto oce\u00e2nico - Instituto de Engenharia","isPartOf":{"@id":"https:\/\/www.institutodeengenharia.org.br\/site\/#website"},"datePublished":"2013-05-27T23:51:57+00:00","breadcrumb":{"@id":"https:\/\/www.institutodeengenharia.org.br\/site\/2013\/05\/27\/brasil-tera-novo-navio-e-instituto-oceanico\/#breadcrumb"},"inLanguage":"pt-BR","potentialAction":[{"@type":"ReadAction","target":["https:\/\/www.institutodeengenharia.org.br\/site\/2013\/05\/27\/brasil-tera-novo-navio-e-instituto-oceanico\/"]}]},{"@type":"BreadcrumbList","@id":"https:\/\/www.institutodeengenharia.org.br\/site\/2013\/05\/27\/brasil-tera-novo-navio-e-instituto-oceanico\/#breadcrumb","itemListElement":[{"@type":"ListItem","position":1,"name":"In\u00edcio","item":"https:\/\/www.institutodeengenharia.org.br\/site\/"},{"@type":"ListItem","position":2,"name":"Brasil ter\u00e1 novo navio e instituto oce\u00e2nico"}]},{"@type":"WebSite","@id":"https:\/\/www.institutodeengenharia.org.br\/site\/#website","url":"https:\/\/www.institutodeengenharia.org.br\/site\/","name":"Instituto de Engenharia","description":"O Instituto de Engenharia promove a Engenharia em benef\u00edcio do desenvolvimento e da qualidade de vida da sociedade.","publisher":{"@id":"https:\/\/www.institutodeengenharia.org.br\/site\/#organization"},"potentialAction":[{"@type":"SearchAction","target":{"@type":"EntryPoint","urlTemplate":"https:\/\/www.institutodeengenharia.org.br\/site\/?s={search_term_string}"},"query-input":{"@type":"PropertyValueSpecification","valueRequired":true,"valueName":"search_term_string"}}],"inLanguage":"pt-BR"},{"@type":"Organization","@id":"https:\/\/www.institutodeengenharia.org.br\/site\/#organization","name":"Instituto de Engenharia","url":"https:\/\/www.institutodeengenharia.org.br\/site\/","logo":{"@type":"ImageObject","inLanguage":"pt-BR","@id":"https:\/\/www.institutodeengenharia.org.br\/site\/#\/schema\/logo\/image\/","url":"https:\/\/www.institutodeengenharia.org.br\/site\/wp-content\/uploads\/2019\/03\/logo-novo-IE2018-1.jpg","contentUrl":"https:\/\/www.institutodeengenharia.org.br\/site\/wp-content\/uploads\/2019\/03\/logo-novo-IE2018-1.jpg","width":1486,"height":1879,"caption":"Instituto de Engenharia"},"image":{"@id":"https:\/\/www.institutodeengenharia.org.br\/site\/#\/schema\/logo\/image\/"},"sameAs":["https:\/\/www.facebook.com\/institutodeengenharia","https:\/\/x.com\/iengenharia","https:\/\/www.instagram.com\/institutodeengenharia\/","https:\/\/www.linkedin.com\/company\/instituto-de-engenharia\/","https:\/\/www.youtube.com\/channel\/UCXiCAlsSMe977vamW915HxA"]},{"@type":"Person","@id":"https:\/\/www.institutodeengenharia.org.br\/site\/#\/schema\/person\/3b1ff109facef084739fc2edcb9a127f","name":"TMax Tecnologia","image":{"@type":"ImageObject","inLanguage":"pt-BR","@id":"https:\/\/secure.gravatar.com\/avatar\/f912434ef7f389c92cb311fcdae346af848465d638912574b3c669070f797701?s=96&d=mm&r=g","url":"https:\/\/secure.gravatar.com\/avatar\/f912434ef7f389c92cb311fcdae346af848465d638912574b3c669070f797701?s=96&d=mm&r=g","contentUrl":"https:\/\/secure.gravatar.com\/avatar\/f912434ef7f389c92cb311fcdae346af848465d638912574b3c669070f797701?s=96&d=mm&r=g","caption":"TMax Tecnologia"},"url":"https:\/\/www.institutodeengenharia.org.br\/site\/author\/tmax\/"}]}},"_links":{"self":[{"href":"https:\/\/www.institutodeengenharia.org.br\/site\/wp-json\/wp\/v2\/posts\/23476","targetHints":{"allow":["GET"]}}],"collection":[{"href":"https:\/\/www.institutodeengenharia.org.br\/site\/wp-json\/wp\/v2\/posts"}],"about":[{"href":"https:\/\/www.institutodeengenharia.org.br\/site\/wp-json\/wp\/v2\/types\/post"}],"author":[{"embeddable":true,"href":"https:\/\/www.institutodeengenharia.org.br\/site\/wp-json\/wp\/v2\/users\/1"}],"replies":[{"embeddable":true,"href":"https:\/\/www.institutodeengenharia.org.br\/site\/wp-json\/wp\/v2\/comments?post=23476"}],"version-history":[{"count":0,"href":"https:\/\/www.institutodeengenharia.org.br\/site\/wp-json\/wp\/v2\/posts\/23476\/revisions"}],"wp:attachment":[{"href":"https:\/\/www.institutodeengenharia.org.br\/site\/wp-json\/wp\/v2\/media?parent=23476"}],"wp:term":[{"taxonomy":"category","embeddable":true,"href":"https:\/\/www.institutodeengenharia.org.br\/site\/wp-json\/wp\/v2\/categories?post=23476"},{"taxonomy":"post_tag","embeddable":true,"href":"https:\/\/www.institutodeengenharia.org.br\/site\/wp-json\/wp\/v2\/tags?post=23476"}],"curies":[{"name":"wp","href":"https:\/\/api.w.org\/{rel}","templated":true}]}}