{"id":23460,"date":"2013-05-23T23:51:44","date_gmt":"2013-05-23T23:51:44","guid":{"rendered":"https:\/\/www.institutodeengenharia.org.br\/?p=23460"},"modified":"2013-05-23T16:03:46","modified_gmt":"2013-05-23T16:03:46","slug":"trem-de-levitacao-magnetica-brasileiro-comeca-a-ser-construido","status":"publish","type":"post","link":"https:\/\/www.institutodeengenharia.org.br\/site\/2013\/05\/23\/trem-de-levitacao-magnetica-brasileiro-comeca-a-ser-construido\/","title":{"rendered":"Trem de levita\u00e7\u00e3o magn\u00e9tica brasileiro come\u00e7a a ser constru\u00eddo"},"content":{"rendered":"<p>Dentro de um ano, os frequentadores do campus da Universidade Federal do Rio de Janeiro (UFRJ) poder\u00e3o usar o primeiro trem que levita da Am\u00e9rica Latina. <\/p>\n<p>J\u00e1 come\u00e7aram as obras da constru\u00e7\u00e3o da esta\u00e7\u00e3o de embarque do Maglev-Cobra, o trem de levita\u00e7\u00e3o magn\u00e9tica da Coppe\/UFRJ, que ligar\u00e1 inicialmente os dois centros de tecnologia do campus. <\/p>\n<p>A implanta\u00e7\u00e3o do Maglev-Cobra \u00e9 fruto de conv\u00eanios firmados com o BNDES e com a FAPERJ (Funda\u00e7\u00e3o de Amparo \u00e0 Pesquisa do Estado do Rio de Janeiro), envolvendo investimentos de R$ 10,5 milh\u00f5es. <\/p>\n<p>Desenvolvido no Laborat\u00f3rio de Aplica\u00e7\u00f5es de Supercondutores (Lasup) da Coppe, sob a coordena\u00e7\u00e3o do professor Richard Stephan, o Maglev-Cobra ter\u00e1 capacidade para transportar at\u00e9 30 passageiros em quatro m\u00f3dulos, que est\u00e3o sendo constru\u00eddos na Cidade Universit\u00e1ria pela empresa Holos. <\/p>\n<p>&#8220;O Maglev-Cobra coloca o Brasil em lugar de destaque no desenvolvimento de tecnologias de levita\u00e7\u00e3o&#8221;, afirma o professor Richard Stephan. <\/p>\n<p>Segundo ele, a China e a Alemanha est\u00e3o criando, no momento, prot\u00f3tipos em laborat\u00f3rio com essa tecnologia, mas o Brasil j\u00e1 est\u00e1 construindo uma linha operacional. <\/p>\n<p>O ve\u00edculo, que dispensa rodas, n\u00e3o emite ru\u00eddo e nem gases de efeito estufa, entrar\u00e1 em opera\u00e7\u00e3o em 2014, antes da Copa do Mundo, percorrendo um trajeto de 200 metros. <\/p>\n<p>Supercondutores <\/p>\n<p>Al\u00e9m de sustent\u00e1vel, o ve\u00edculo tamb\u00e9m \u00e9 econ\u00f4mico. Suas obras de infraestrutura chegam a ser 70% mais baratas do que as obras do metr\u00f4 subterr\u00e2neo, com muito menos impacto na vida da cidade. <\/p>\n<p>A constru\u00e7\u00e3o de um metr\u00f4 no Rio de Janeiro tem o custo de R$ 100 milh\u00f5es por quil\u00f4metro. J\u00e1 o trem de levita\u00e7\u00e3o, calculam os pesquisadores, poder\u00e1 ser implantado por cerca de R$ 33 milh\u00f5es por quil\u00f4metro. <\/p>\n<p>&#8220;Na \u00e1rea de transporte p\u00fablico, podemos dizer que o Maglev \u00e9 um dos ve\u00edculos mais limpos do mundo, em termos de emiss\u00f5es. Trata-se de uma solu\u00e7\u00e3o para o transporte urbano, perfeitamente adapt\u00e1vel a qualquer tipo de topografia&#8221;, ressalta Stephan. <\/p>\n<p>O pioneirismo do Maglev-Cobra est\u00e1 na utiliza\u00e7\u00e3o da t\u00e9cnica de levita\u00e7\u00e3o com emprego de supercondutores e \u00edm\u00e3s de terras raras. <\/p>\n<p>Os supercondutores s\u00e3o refrigerados com nitrog\u00eanio l\u00edquido a uma temperatura de -196\u00baC. Um prot\u00f3tipo funcional utilizado hoje no laborat\u00f3rio de testes desliza por um trilho de 12 metros, com 8 passageiros. <\/p>\n<p>Movido a energia el\u00e9trica, o Maglev possui baixo consumo de energia, cerca de 25 kJ\/pkm (unidade que mede a quantidade de energia gasta para transportar cada passageiro por um quil\u00f4metro). <\/p>\n<p>Para se ter ideia da vantagem da tecnologia em termos de efici\u00eancia energ\u00e9tica, o consumo de um \u00f4nibus comum \u00e9 de 400 kJ\/pkm e o de um avi\u00e3o \u00e9 de 1.200 kJ\/pkm. <\/p>\n<p>Share on twitter TwitterShare on facebook FacebookShare on orkut OrkutShare on myspace M<\/p>\n<p><b>Autor:  Faperj <\/b><\/p>\n","protected":false},"excerpt":{"rendered":"<p>Dentro de um ano, os frequentadores do campus da Universidade Federal do Rio de Janeiro (UFRJ) poder\u00e3o usar o primeiro trem que levita da Am\u00e9rica Latina. J\u00e1 come\u00e7aram as obras da constru\u00e7\u00e3o da esta\u00e7\u00e3o de embarque do Maglev-Cobra, o trem de levita\u00e7\u00e3o magn\u00e9tica da Coppe\/UFRJ, que ligar\u00e1 inicialmente os dois centros de tecnologia do campus. [&hellip;]<\/p>\n","protected":false},"author":1,"featured_media":0,"comment_status":"open","ping_status":"open","sticky":false,"template":"","format":"standard","meta":{"footnotes":""},"categories":[6,41],"tags":[],"class_list":{"0":"post-23460","1":"post","2":"type-post","3":"status-publish","4":"format-standard","6":"category-noticias","7":"category-transportes"},"yoast_head":"<!-- This site is optimized with the Yoast SEO plugin v27.2 - https:\/\/yoast.com\/product\/yoast-seo-wordpress\/ -->\n<title>Trem de levita\u00e7\u00e3o magn\u00e9tica brasileiro come\u00e7a a ser constru\u00eddo - Instituto de Engenharia<\/title>\n<meta name=\"robots\" content=\"index, follow, max-snippet:-1, max-image-preview:large, max-video-preview:-1\" \/>\n<link rel=\"canonical\" href=\"https:\/\/www.institutodeengenharia.org.br\/site\/2013\/05\/23\/trem-de-levitacao-magnetica-brasileiro-comeca-a-ser-construido\/\" \/>\n<meta property=\"og:locale\" content=\"pt_BR\" \/>\n<meta property=\"og:type\" content=\"article\" \/>\n<meta property=\"og:title\" content=\"Trem de levita\u00e7\u00e3o magn\u00e9tica brasileiro come\u00e7a a ser constru\u00eddo - Instituto de Engenharia\" \/>\n<meta property=\"og:description\" content=\"Dentro de um ano, os frequentadores do campus da Universidade Federal do Rio de Janeiro (UFRJ) poder\u00e3o usar o primeiro trem que levita da Am\u00e9rica Latina. J\u00e1 come\u00e7aram as obras da constru\u00e7\u00e3o da esta\u00e7\u00e3o de embarque do Maglev-Cobra, o trem de levita\u00e7\u00e3o magn\u00e9tica da Coppe\/UFRJ, que ligar\u00e1 inicialmente os dois centros de tecnologia do campus. [&hellip;]\" \/>\n<meta property=\"og:url\" content=\"https:\/\/www.institutodeengenharia.org.br\/site\/2013\/05\/23\/trem-de-levitacao-magnetica-brasileiro-comeca-a-ser-construido\/\" \/>\n<meta property=\"og:site_name\" content=\"Instituto de Engenharia\" \/>\n<meta property=\"article:publisher\" content=\"https:\/\/www.facebook.com\/institutodeengenharia\" \/>\n<meta property=\"article:published_time\" content=\"2013-05-23T23:51:44+00:00\" \/>\n<meta name=\"author\" content=\"TMax Tecnologia\" \/>\n<meta name=\"twitter:card\" content=\"summary_large_image\" \/>\n<meta name=\"twitter:creator\" content=\"@iengenharia\" \/>\n<meta name=\"twitter:site\" content=\"@iengenharia\" \/>\n<meta name=\"twitter:label1\" content=\"Escrito por\" \/>\n\t<meta name=\"twitter:data1\" content=\"TMax Tecnologia\" \/>\n\t<meta name=\"twitter:label2\" content=\"Est. tempo de leitura\" \/>\n\t<meta name=\"twitter:data2\" content=\"2 minutos\" \/>\n<script type=\"application\/ld+json\" class=\"yoast-schema-graph\">{\"@context\":\"https:\/\/schema.org\",\"@graph\":[{\"@type\":\"Article\",\"@id\":\"https:\/\/www.institutodeengenharia.org.br\/site\/2013\/05\/23\/trem-de-levitacao-magnetica-brasileiro-comeca-a-ser-construido\/#article\",\"isPartOf\":{\"@id\":\"https:\/\/www.institutodeengenharia.org.br\/site\/2013\/05\/23\/trem-de-levitacao-magnetica-brasileiro-comeca-a-ser-construido\/\"},\"author\":{\"name\":\"TMax Tecnologia\",\"@id\":\"https:\/\/www.institutodeengenharia.org.br\/site\/#\/schema\/person\/3b1ff109facef084739fc2edcb9a127f\"},\"headline\":\"Trem de levita\u00e7\u00e3o magn\u00e9tica brasileiro come\u00e7a a ser constru\u00eddo\",\"datePublished\":\"2013-05-23T23:51:44+00:00\",\"mainEntityOfPage\":{\"@id\":\"https:\/\/www.institutodeengenharia.org.br\/site\/2013\/05\/23\/trem-de-levitacao-magnetica-brasileiro-comeca-a-ser-construido\/\"},\"wordCount\":498,\"commentCount\":0,\"publisher\":{\"@id\":\"https:\/\/www.institutodeengenharia.org.br\/site\/#organization\"},\"articleSection\":[\"Not\u00edcias\",\"Transportes\"],\"inLanguage\":\"pt-BR\",\"potentialAction\":[{\"@type\":\"CommentAction\",\"name\":\"Comment\",\"target\":[\"https:\/\/www.institutodeengenharia.org.br\/site\/2013\/05\/23\/trem-de-levitacao-magnetica-brasileiro-comeca-a-ser-construido\/#respond\"]}]},{\"@type\":\"WebPage\",\"@id\":\"https:\/\/www.institutodeengenharia.org.br\/site\/2013\/05\/23\/trem-de-levitacao-magnetica-brasileiro-comeca-a-ser-construido\/\",\"url\":\"https:\/\/www.institutodeengenharia.org.br\/site\/2013\/05\/23\/trem-de-levitacao-magnetica-brasileiro-comeca-a-ser-construido\/\",\"name\":\"Trem de levita\u00e7\u00e3o magn\u00e9tica brasileiro come\u00e7a a ser constru\u00eddo - Instituto de Engenharia\",\"isPartOf\":{\"@id\":\"https:\/\/www.institutodeengenharia.org.br\/site\/#website\"},\"datePublished\":\"2013-05-23T23:51:44+00:00\",\"breadcrumb\":{\"@id\":\"https:\/\/www.institutodeengenharia.org.br\/site\/2013\/05\/23\/trem-de-levitacao-magnetica-brasileiro-comeca-a-ser-construido\/#breadcrumb\"},\"inLanguage\":\"pt-BR\",\"potentialAction\":[{\"@type\":\"ReadAction\",\"target\":[\"https:\/\/www.institutodeengenharia.org.br\/site\/2013\/05\/23\/trem-de-levitacao-magnetica-brasileiro-comeca-a-ser-construido\/\"]}]},{\"@type\":\"BreadcrumbList\",\"@id\":\"https:\/\/www.institutodeengenharia.org.br\/site\/2013\/05\/23\/trem-de-levitacao-magnetica-brasileiro-comeca-a-ser-construido\/#breadcrumb\",\"itemListElement\":[{\"@type\":\"ListItem\",\"position\":1,\"name\":\"In\u00edcio\",\"item\":\"https:\/\/www.institutodeengenharia.org.br\/site\/\"},{\"@type\":\"ListItem\",\"position\":2,\"name\":\"Trem de levita\u00e7\u00e3o magn\u00e9tica brasileiro come\u00e7a a ser constru\u00eddo\"}]},{\"@type\":\"WebSite\",\"@id\":\"https:\/\/www.institutodeengenharia.org.br\/site\/#website\",\"url\":\"https:\/\/www.institutodeengenharia.org.br\/site\/\",\"name\":\"Instituto de Engenharia\",\"description\":\"O Instituto de Engenharia promove a Engenharia em benef\u00edcio do desenvolvimento e da qualidade de vida da sociedade.\",\"publisher\":{\"@id\":\"https:\/\/www.institutodeengenharia.org.br\/site\/#organization\"},\"potentialAction\":[{\"@type\":\"SearchAction\",\"target\":{\"@type\":\"EntryPoint\",\"urlTemplate\":\"https:\/\/www.institutodeengenharia.org.br\/site\/?s={search_term_string}\"},\"query-input\":{\"@type\":\"PropertyValueSpecification\",\"valueRequired\":true,\"valueName\":\"search_term_string\"}}],\"inLanguage\":\"pt-BR\"},{\"@type\":\"Organization\",\"@id\":\"https:\/\/www.institutodeengenharia.org.br\/site\/#organization\",\"name\":\"Instituto de Engenharia\",\"url\":\"https:\/\/www.institutodeengenharia.org.br\/site\/\",\"logo\":{\"@type\":\"ImageObject\",\"inLanguage\":\"pt-BR\",\"@id\":\"https:\/\/www.institutodeengenharia.org.br\/site\/#\/schema\/logo\/image\/\",\"url\":\"https:\/\/www.institutodeengenharia.org.br\/site\/wp-content\/uploads\/2019\/03\/logo-novo-IE2018-1.jpg\",\"contentUrl\":\"https:\/\/www.institutodeengenharia.org.br\/site\/wp-content\/uploads\/2019\/03\/logo-novo-IE2018-1.jpg\",\"width\":1486,\"height\":1879,\"caption\":\"Instituto de Engenharia\"},\"image\":{\"@id\":\"https:\/\/www.institutodeengenharia.org.br\/site\/#\/schema\/logo\/image\/\"},\"sameAs\":[\"https:\/\/www.facebook.com\/institutodeengenharia\",\"https:\/\/x.com\/iengenharia\",\"https:\/\/www.instagram.com\/institutodeengenharia\/\",\"https:\/\/www.linkedin.com\/company\/instituto-de-engenharia\/\",\"https:\/\/www.youtube.com\/channel\/UCXiCAlsSMe977vamW915HxA\"]},{\"@type\":\"Person\",\"@id\":\"https:\/\/www.institutodeengenharia.org.br\/site\/#\/schema\/person\/3b1ff109facef084739fc2edcb9a127f\",\"name\":\"TMax Tecnologia\",\"image\":{\"@type\":\"ImageObject\",\"inLanguage\":\"pt-BR\",\"@id\":\"https:\/\/secure.gravatar.com\/avatar\/f912434ef7f389c92cb311fcdae346af848465d638912574b3c669070f797701?s=96&d=mm&r=g\",\"url\":\"https:\/\/secure.gravatar.com\/avatar\/f912434ef7f389c92cb311fcdae346af848465d638912574b3c669070f797701?s=96&d=mm&r=g\",\"contentUrl\":\"https:\/\/secure.gravatar.com\/avatar\/f912434ef7f389c92cb311fcdae346af848465d638912574b3c669070f797701?s=96&d=mm&r=g\",\"caption\":\"TMax Tecnologia\"},\"url\":\"https:\/\/www.institutodeengenharia.org.br\/site\/author\/tmax\/\"}]}<\/script>\n<!-- \/ Yoast SEO plugin. -->","yoast_head_json":{"title":"Trem de levita\u00e7\u00e3o magn\u00e9tica brasileiro come\u00e7a a ser constru\u00eddo - Instituto de Engenharia","robots":{"index":"index","follow":"follow","max-snippet":"max-snippet:-1","max-image-preview":"max-image-preview:large","max-video-preview":"max-video-preview:-1"},"canonical":"https:\/\/www.institutodeengenharia.org.br\/site\/2013\/05\/23\/trem-de-levitacao-magnetica-brasileiro-comeca-a-ser-construido\/","og_locale":"pt_BR","og_type":"article","og_title":"Trem de levita\u00e7\u00e3o magn\u00e9tica brasileiro come\u00e7a a ser constru\u00eddo - Instituto de Engenharia","og_description":"Dentro de um ano, os frequentadores do campus da Universidade Federal do Rio de Janeiro (UFRJ) poder\u00e3o usar o primeiro trem que levita da Am\u00e9rica Latina. J\u00e1 come\u00e7aram as obras da constru\u00e7\u00e3o da esta\u00e7\u00e3o de embarque do Maglev-Cobra, o trem de levita\u00e7\u00e3o magn\u00e9tica da Coppe\/UFRJ, que ligar\u00e1 inicialmente os dois centros de tecnologia do campus. [&hellip;]","og_url":"https:\/\/www.institutodeengenharia.org.br\/site\/2013\/05\/23\/trem-de-levitacao-magnetica-brasileiro-comeca-a-ser-construido\/","og_site_name":"Instituto de Engenharia","article_publisher":"https:\/\/www.facebook.com\/institutodeengenharia","article_published_time":"2013-05-23T23:51:44+00:00","author":"TMax Tecnologia","twitter_card":"summary_large_image","twitter_creator":"@iengenharia","twitter_site":"@iengenharia","twitter_misc":{"Escrito por":"TMax Tecnologia","Est. tempo de leitura":"2 minutos"},"schema":{"@context":"https:\/\/schema.org","@graph":[{"@type":"Article","@id":"https:\/\/www.institutodeengenharia.org.br\/site\/2013\/05\/23\/trem-de-levitacao-magnetica-brasileiro-comeca-a-ser-construido\/#article","isPartOf":{"@id":"https:\/\/www.institutodeengenharia.org.br\/site\/2013\/05\/23\/trem-de-levitacao-magnetica-brasileiro-comeca-a-ser-construido\/"},"author":{"name":"TMax Tecnologia","@id":"https:\/\/www.institutodeengenharia.org.br\/site\/#\/schema\/person\/3b1ff109facef084739fc2edcb9a127f"},"headline":"Trem de levita\u00e7\u00e3o magn\u00e9tica brasileiro come\u00e7a a ser constru\u00eddo","datePublished":"2013-05-23T23:51:44+00:00","mainEntityOfPage":{"@id":"https:\/\/www.institutodeengenharia.org.br\/site\/2013\/05\/23\/trem-de-levitacao-magnetica-brasileiro-comeca-a-ser-construido\/"},"wordCount":498,"commentCount":0,"publisher":{"@id":"https:\/\/www.institutodeengenharia.org.br\/site\/#organization"},"articleSection":["Not\u00edcias","Transportes"],"inLanguage":"pt-BR","potentialAction":[{"@type":"CommentAction","name":"Comment","target":["https:\/\/www.institutodeengenharia.org.br\/site\/2013\/05\/23\/trem-de-levitacao-magnetica-brasileiro-comeca-a-ser-construido\/#respond"]}]},{"@type":"WebPage","@id":"https:\/\/www.institutodeengenharia.org.br\/site\/2013\/05\/23\/trem-de-levitacao-magnetica-brasileiro-comeca-a-ser-construido\/","url":"https:\/\/www.institutodeengenharia.org.br\/site\/2013\/05\/23\/trem-de-levitacao-magnetica-brasileiro-comeca-a-ser-construido\/","name":"Trem de levita\u00e7\u00e3o magn\u00e9tica brasileiro come\u00e7a a ser constru\u00eddo - Instituto de Engenharia","isPartOf":{"@id":"https:\/\/www.institutodeengenharia.org.br\/site\/#website"},"datePublished":"2013-05-23T23:51:44+00:00","breadcrumb":{"@id":"https:\/\/www.institutodeengenharia.org.br\/site\/2013\/05\/23\/trem-de-levitacao-magnetica-brasileiro-comeca-a-ser-construido\/#breadcrumb"},"inLanguage":"pt-BR","potentialAction":[{"@type":"ReadAction","target":["https:\/\/www.institutodeengenharia.org.br\/site\/2013\/05\/23\/trem-de-levitacao-magnetica-brasileiro-comeca-a-ser-construido\/"]}]},{"@type":"BreadcrumbList","@id":"https:\/\/www.institutodeengenharia.org.br\/site\/2013\/05\/23\/trem-de-levitacao-magnetica-brasileiro-comeca-a-ser-construido\/#breadcrumb","itemListElement":[{"@type":"ListItem","position":1,"name":"In\u00edcio","item":"https:\/\/www.institutodeengenharia.org.br\/site\/"},{"@type":"ListItem","position":2,"name":"Trem de levita\u00e7\u00e3o magn\u00e9tica brasileiro come\u00e7a a ser constru\u00eddo"}]},{"@type":"WebSite","@id":"https:\/\/www.institutodeengenharia.org.br\/site\/#website","url":"https:\/\/www.institutodeengenharia.org.br\/site\/","name":"Instituto de Engenharia","description":"O Instituto de Engenharia promove a Engenharia em benef\u00edcio do desenvolvimento e da qualidade de vida da sociedade.","publisher":{"@id":"https:\/\/www.institutodeengenharia.org.br\/site\/#organization"},"potentialAction":[{"@type":"SearchAction","target":{"@type":"EntryPoint","urlTemplate":"https:\/\/www.institutodeengenharia.org.br\/site\/?s={search_term_string}"},"query-input":{"@type":"PropertyValueSpecification","valueRequired":true,"valueName":"search_term_string"}}],"inLanguage":"pt-BR"},{"@type":"Organization","@id":"https:\/\/www.institutodeengenharia.org.br\/site\/#organization","name":"Instituto de Engenharia","url":"https:\/\/www.institutodeengenharia.org.br\/site\/","logo":{"@type":"ImageObject","inLanguage":"pt-BR","@id":"https:\/\/www.institutodeengenharia.org.br\/site\/#\/schema\/logo\/image\/","url":"https:\/\/www.institutodeengenharia.org.br\/site\/wp-content\/uploads\/2019\/03\/logo-novo-IE2018-1.jpg","contentUrl":"https:\/\/www.institutodeengenharia.org.br\/site\/wp-content\/uploads\/2019\/03\/logo-novo-IE2018-1.jpg","width":1486,"height":1879,"caption":"Instituto de Engenharia"},"image":{"@id":"https:\/\/www.institutodeengenharia.org.br\/site\/#\/schema\/logo\/image\/"},"sameAs":["https:\/\/www.facebook.com\/institutodeengenharia","https:\/\/x.com\/iengenharia","https:\/\/www.instagram.com\/institutodeengenharia\/","https:\/\/www.linkedin.com\/company\/instituto-de-engenharia\/","https:\/\/www.youtube.com\/channel\/UCXiCAlsSMe977vamW915HxA"]},{"@type":"Person","@id":"https:\/\/www.institutodeengenharia.org.br\/site\/#\/schema\/person\/3b1ff109facef084739fc2edcb9a127f","name":"TMax Tecnologia","image":{"@type":"ImageObject","inLanguage":"pt-BR","@id":"https:\/\/secure.gravatar.com\/avatar\/f912434ef7f389c92cb311fcdae346af848465d638912574b3c669070f797701?s=96&d=mm&r=g","url":"https:\/\/secure.gravatar.com\/avatar\/f912434ef7f389c92cb311fcdae346af848465d638912574b3c669070f797701?s=96&d=mm&r=g","contentUrl":"https:\/\/secure.gravatar.com\/avatar\/f912434ef7f389c92cb311fcdae346af848465d638912574b3c669070f797701?s=96&d=mm&r=g","caption":"TMax Tecnologia"},"url":"https:\/\/www.institutodeengenharia.org.br\/site\/author\/tmax\/"}]}},"_links":{"self":[{"href":"https:\/\/www.institutodeengenharia.org.br\/site\/wp-json\/wp\/v2\/posts\/23460","targetHints":{"allow":["GET"]}}],"collection":[{"href":"https:\/\/www.institutodeengenharia.org.br\/site\/wp-json\/wp\/v2\/posts"}],"about":[{"href":"https:\/\/www.institutodeengenharia.org.br\/site\/wp-json\/wp\/v2\/types\/post"}],"author":[{"embeddable":true,"href":"https:\/\/www.institutodeengenharia.org.br\/site\/wp-json\/wp\/v2\/users\/1"}],"replies":[{"embeddable":true,"href":"https:\/\/www.institutodeengenharia.org.br\/site\/wp-json\/wp\/v2\/comments?post=23460"}],"version-history":[{"count":0,"href":"https:\/\/www.institutodeengenharia.org.br\/site\/wp-json\/wp\/v2\/posts\/23460\/revisions"}],"wp:attachment":[{"href":"https:\/\/www.institutodeengenharia.org.br\/site\/wp-json\/wp\/v2\/media?parent=23460"}],"wp:term":[{"taxonomy":"category","embeddable":true,"href":"https:\/\/www.institutodeengenharia.org.br\/site\/wp-json\/wp\/v2\/categories?post=23460"},{"taxonomy":"post_tag","embeddable":true,"href":"https:\/\/www.institutodeengenharia.org.br\/site\/wp-json\/wp\/v2\/tags?post=23460"}],"curies":[{"name":"wp","href":"https:\/\/api.w.org\/{rel}","templated":true}]}}