{"id":23457,"date":"2013-05-22T23:51:41","date_gmt":"2013-05-22T23:51:41","guid":{"rendered":"https:\/\/www.institutodeengenharia.org.br\/?p=23457"},"modified":"2013-05-22T11:56:46","modified_gmt":"2013-05-22T11:56:46","slug":"brasil-tera-centro-de-pesquisas-em-grafeno","status":"publish","type":"post","link":"https:\/\/www.institutodeengenharia.org.br\/site\/2013\/05\/22\/brasil-tera-centro-de-pesquisas-em-grafeno\/","title":{"rendered":"Brasil ter\u00e1 centro de pesquisas em grafeno"},"content":{"rendered":"<p>O grafeno, que tem sido chamado de &#8220;a mat\u00e9ria-prima do s\u00e9culo 21&#8221;, com uma ampla gama de potenciais aplica\u00e7\u00f5es, j\u00e1 est\u00e1 no rol da pesquisa avan\u00e7ada em andamento no Brasil. <\/p>\n<p>&#8220;Nosso projeto tem, resumidamente, tr\u00eas objetivos: realizar a s\u00edntese artificial do grafeno; caracterizar fisicamente o material produzido, tanto do ponto de vista estrutural quanto eletr\u00f4nico; e, a partir dele, construir dispositivos optoeletr\u00f4nicos, com aplica\u00e7\u00e3o em comunica\u00e7\u00f5es \u00f3pticas e outras&#8221;, disse o pesquisador Antonio H\u00e9lio de Castro Neto. <\/p>\n<p>Castro Neto divide seu tempo como diretor do Centro de Pesquisas em Grafeno da Universidade Nacional de Cingapura e professor de F\u00edsica da Universidade de Boston (Estados Unidos). <\/p>\n<p>Agora tamb\u00e9m est\u00e1 vindo periodicamente ao Brasil para coordenar o projeto &#8220;Grafeno: fot\u00f4nica e optoeletr\u00f4nica&#8221;. <\/p>\n<p>Centro de Pesquisas Avan\u00e7adas em Grafeno <\/p>\n<p>Os trabalhos ser\u00e3o feitos no Centro de Pesquisas Avan\u00e7adas em Grafeno, Nanomateriais e Nanotecnologia (MackGrafe), em constru\u00e7\u00e3o no campus Higien\u00f3polis da Universidade Presbiteriana Mackenzie, em S\u00e3o Paulo. <\/p>\n<p>Primeiro do g\u00eanero no Brasil, com inaugura\u00e7\u00e3o prevista para maio de 2014, o Centro contar\u00e1 com equipamentos sofisticados espa\u00e7osamente distribu\u00eddos por uma \u00e1rea de 6.500 metros quadrados. <\/p>\n<p>Al\u00e9m de produzir conhecimento cient\u00edfico, o MackGrafe ter\u00e1 como atribui\u00e7\u00e3o desenvolver produtos que gerem patentes, licen\u00e7as e royalties \u00e0 institui\u00e7\u00e3o na qual est\u00e1 sediado. <\/p>\n<p>&#8220;A aplica\u00e7\u00e3o mais imediata que temos em mente \u00e9 a cria\u00e7\u00e3o de moduladores de grafeno para uso em comunica\u00e7\u00e3o optoeletr\u00f4nica&#8221;, afirmou Eun\u00e9zio Antonio Thoroh de Souza, coordenador do MackGrafe e um dos pesquisadores do projeto. <\/p>\n<p>&#8220;Sendo transparente, o grafeno pode ser atravessado pela luz, que, ao passar, excita os el\u00e9trons livres na superf\u00edcie da l\u00e2mina, gerando corrente el\u00e9trica. Ent\u00e3o, ocorre a convers\u00e3o praticamente imediata de energia luminosa em energia el\u00e9trica. Essa convers\u00e3o \u00e9 exatamente o que modulador de frequ\u00eancia \u00f3ptica faz&#8221;, explicou Castro Neto. <\/p>\n<p>Castro Neto, considerado uma das maiores autoridades mundiais na \u00e1rea, trabalhou com Andre Geim, um dos ganhadores do Pr\u00eamio Nobel de F\u00edsica de 2010 por sua pesquisa sobre o grafeno, j\u00e1 tendo participado de v\u00e1rios estudos importantes na \u00e1rea do grafeno.<\/p>\n<p>\u00edntese do grafeno <\/p>\n<p>O m\u00e9todo engenhoso utilizado em 2004 por Geim para obter pela primeira vez o material foi aplicar uma fita adesiva sobre uma placa de grafite e, com ela, retirar uma l\u00e2mina de grafeno, pois o grafite \u00e9 formado exatamente pelo &#8220;empilhamento&#8221; dessas redes hexagonais de carbono. <\/p>\n<p>&#8220;Mas os conhecimentos evolu\u00edram muito desde 2004. Atualmente, produzimos grafeno artificialmente, por meio de cat\u00e1lise&#8221;, disse Castro Neto. <\/p>\n<p>&#8220;O ponto de partida \u00e9 aquecer um hidrocarboneto [subst\u00e2ncia qu\u00edmica constitu\u00edda apenas por \u00e1tomos de carbono (C) e de hidrog\u00eanio (H)] em estado gasoso. Por um mecanismo conhecido como deposi\u00e7\u00e3o qu\u00edmica de vapor, os \u00e1tomos de carbono e hidrog\u00eanio aquecidos se depositam sobre uma superf\u00edcie met\u00e1lica [como o cobre, por exemplo] adotada como suporte. Ao se depositarem, eles se arranjam naturalmente na rede hexagonal,&#8221; detalha Thoroh de Souza. <\/p>\n<p>Em raz\u00e3o de sua estrutura quase bidimensional, o grafeno sempre precisa de um suporte. E um dos grandes desafios t\u00e9cnicos associados \u00e0 sua produ\u00e7\u00e3o \u00e9 como transferir a rede de carbonos da base met\u00e1lica para outra base composta por um pol\u00edmero. <\/p>\n<p>&#8220;Um dos m\u00e9todos \u00e9 depositar o pol\u00edmero sobre a placa met\u00e1lica que j\u00e1 aderiu \u00e0 rede de grafeno. E, depois, corroer o metal, deixando o grafeno preso no pol\u00edmero&#8221;, disse Thoroh de Souza. <\/p>\n<p>&#8220;Tudo isso \u00e9 crucial para a aplica\u00e7\u00e3o tecnol\u00f3gica, pois as muitas funcionalidades do grafeno dependem do tipo de suporte, bem como da pureza, do tamanho dos gr\u00e3os e de outras caracter\u00edsticas f\u00edsicas do material&#8221;, comentou Castro Neto. <\/p>\n<p>Segundo os pesquisadores, as perspectivas de aplica\u00e7\u00e3o do grafeno v\u00e3o de telefones celulares a avi\u00f5es. A versatilidade do material deve transformar radicalmente a configura\u00e7\u00e3o e o funcionamento de um sem-n\u00famero de equipamentos usados no dia-a-dia e propiciar a cria\u00e7\u00e3o de muitos outros. <\/p>\n<p>Share on twitter TwitterShare on facebook FacebookShare on orkut OrkutShare on myspace MySpaceShare on digg DiggShare on blogger BloggerShare on delicious DeliciousMore Sharing Services<\/p>\n<p><b>Autor: Ag\u00eancia Fapesp<\/b><\/p>\n","protected":false},"excerpt":{"rendered":"<p>O grafeno, que tem sido chamado de &#8220;a mat\u00e9ria-prima do s\u00e9culo 21&#8221;, com uma ampla gama de potenciais aplica\u00e7\u00f5es, j\u00e1 est\u00e1 no rol da pesquisa avan\u00e7ada em andamento no Brasil. &#8220;Nosso projeto tem, resumidamente, tr\u00eas objetivos: realizar a s\u00edntese artificial do grafeno; caracterizar fisicamente o material produzido, tanto do ponto de vista estrutural quanto eletr\u00f4nico; [&hellip;]<\/p>\n","protected":false},"author":1,"featured_media":0,"comment_status":"open","ping_status":"open","sticky":false,"template":"","format":"standard","meta":{"footnotes":""},"categories":[6,35],"tags":[],"class_list":{"0":"post-23457","1":"post","2":"type-post","3":"status-publish","4":"format-standard","6":"category-noticias","7":"category-pesquisa-e-desenvolvimento"},"yoast_head":"<!-- This site is optimized with the Yoast SEO plugin v27.2 - https:\/\/yoast.com\/product\/yoast-seo-wordpress\/ -->\n<title>Brasil ter\u00e1 centro de pesquisas em grafeno - Instituto de Engenharia<\/title>\n<meta name=\"robots\" content=\"index, follow, max-snippet:-1, max-image-preview:large, max-video-preview:-1\" \/>\n<link rel=\"canonical\" href=\"https:\/\/www.institutodeengenharia.org.br\/site\/2013\/05\/22\/brasil-tera-centro-de-pesquisas-em-grafeno\/\" \/>\n<meta property=\"og:locale\" content=\"pt_BR\" \/>\n<meta property=\"og:type\" content=\"article\" \/>\n<meta property=\"og:title\" content=\"Brasil ter\u00e1 centro de pesquisas em grafeno - Instituto de Engenharia\" \/>\n<meta property=\"og:description\" content=\"O grafeno, que tem sido chamado de &#8220;a mat\u00e9ria-prima do s\u00e9culo 21&#8221;, com uma ampla gama de potenciais aplica\u00e7\u00f5es, j\u00e1 est\u00e1 no rol da pesquisa avan\u00e7ada em andamento no Brasil. &#8220;Nosso projeto tem, resumidamente, tr\u00eas objetivos: realizar a s\u00edntese artificial do grafeno; caracterizar fisicamente o material produzido, tanto do ponto de vista estrutural quanto eletr\u00f4nico; [&hellip;]\" \/>\n<meta property=\"og:url\" content=\"https:\/\/www.institutodeengenharia.org.br\/site\/2013\/05\/22\/brasil-tera-centro-de-pesquisas-em-grafeno\/\" \/>\n<meta property=\"og:site_name\" content=\"Instituto de Engenharia\" \/>\n<meta property=\"article:publisher\" content=\"https:\/\/www.facebook.com\/institutodeengenharia\" \/>\n<meta property=\"article:published_time\" content=\"2013-05-22T23:51:41+00:00\" \/>\n<meta name=\"author\" content=\"TMax Tecnologia\" \/>\n<meta name=\"twitter:card\" content=\"summary_large_image\" \/>\n<meta name=\"twitter:creator\" content=\"@iengenharia\" \/>\n<meta name=\"twitter:site\" content=\"@iengenharia\" \/>\n<meta name=\"twitter:label1\" content=\"Escrito por\" \/>\n\t<meta name=\"twitter:data1\" content=\"TMax Tecnologia\" \/>\n\t<meta name=\"twitter:label2\" content=\"Est. tempo de leitura\" \/>\n\t<meta name=\"twitter:data2\" content=\"4 minutos\" \/>\n<script type=\"application\/ld+json\" class=\"yoast-schema-graph\">{\"@context\":\"https:\/\/schema.org\",\"@graph\":[{\"@type\":\"Article\",\"@id\":\"https:\/\/www.institutodeengenharia.org.br\/site\/2013\/05\/22\/brasil-tera-centro-de-pesquisas-em-grafeno\/#article\",\"isPartOf\":{\"@id\":\"https:\/\/www.institutodeengenharia.org.br\/site\/2013\/05\/22\/brasil-tera-centro-de-pesquisas-em-grafeno\/\"},\"author\":{\"name\":\"TMax Tecnologia\",\"@id\":\"https:\/\/www.institutodeengenharia.org.br\/site\/#\/schema\/person\/3b1ff109facef084739fc2edcb9a127f\"},\"headline\":\"Brasil ter\u00e1 centro de pesquisas em grafeno\",\"datePublished\":\"2013-05-22T23:51:41+00:00\",\"mainEntityOfPage\":{\"@id\":\"https:\/\/www.institutodeengenharia.org.br\/site\/2013\/05\/22\/brasil-tera-centro-de-pesquisas-em-grafeno\/\"},\"wordCount\":716,\"commentCount\":0,\"publisher\":{\"@id\":\"https:\/\/www.institutodeengenharia.org.br\/site\/#organization\"},\"articleSection\":[\"Not\u00edcias\",\"Pesquisa e Desenvolvimento\"],\"inLanguage\":\"pt-BR\",\"potentialAction\":[{\"@type\":\"CommentAction\",\"name\":\"Comment\",\"target\":[\"https:\/\/www.institutodeengenharia.org.br\/site\/2013\/05\/22\/brasil-tera-centro-de-pesquisas-em-grafeno\/#respond\"]}]},{\"@type\":\"WebPage\",\"@id\":\"https:\/\/www.institutodeengenharia.org.br\/site\/2013\/05\/22\/brasil-tera-centro-de-pesquisas-em-grafeno\/\",\"url\":\"https:\/\/www.institutodeengenharia.org.br\/site\/2013\/05\/22\/brasil-tera-centro-de-pesquisas-em-grafeno\/\",\"name\":\"Brasil ter\u00e1 centro de pesquisas em grafeno - Instituto de Engenharia\",\"isPartOf\":{\"@id\":\"https:\/\/www.institutodeengenharia.org.br\/site\/#website\"},\"datePublished\":\"2013-05-22T23:51:41+00:00\",\"breadcrumb\":{\"@id\":\"https:\/\/www.institutodeengenharia.org.br\/site\/2013\/05\/22\/brasil-tera-centro-de-pesquisas-em-grafeno\/#breadcrumb\"},\"inLanguage\":\"pt-BR\",\"potentialAction\":[{\"@type\":\"ReadAction\",\"target\":[\"https:\/\/www.institutodeengenharia.org.br\/site\/2013\/05\/22\/brasil-tera-centro-de-pesquisas-em-grafeno\/\"]}]},{\"@type\":\"BreadcrumbList\",\"@id\":\"https:\/\/www.institutodeengenharia.org.br\/site\/2013\/05\/22\/brasil-tera-centro-de-pesquisas-em-grafeno\/#breadcrumb\",\"itemListElement\":[{\"@type\":\"ListItem\",\"position\":1,\"name\":\"In\u00edcio\",\"item\":\"https:\/\/www.institutodeengenharia.org.br\/site\/\"},{\"@type\":\"ListItem\",\"position\":2,\"name\":\"Brasil ter\u00e1 centro de pesquisas em grafeno\"}]},{\"@type\":\"WebSite\",\"@id\":\"https:\/\/www.institutodeengenharia.org.br\/site\/#website\",\"url\":\"https:\/\/www.institutodeengenharia.org.br\/site\/\",\"name\":\"Instituto de Engenharia\",\"description\":\"O Instituto de Engenharia promove a Engenharia em benef\u00edcio do desenvolvimento e da qualidade de vida da sociedade.\",\"publisher\":{\"@id\":\"https:\/\/www.institutodeengenharia.org.br\/site\/#organization\"},\"potentialAction\":[{\"@type\":\"SearchAction\",\"target\":{\"@type\":\"EntryPoint\",\"urlTemplate\":\"https:\/\/www.institutodeengenharia.org.br\/site\/?s={search_term_string}\"},\"query-input\":{\"@type\":\"PropertyValueSpecification\",\"valueRequired\":true,\"valueName\":\"search_term_string\"}}],\"inLanguage\":\"pt-BR\"},{\"@type\":\"Organization\",\"@id\":\"https:\/\/www.institutodeengenharia.org.br\/site\/#organization\",\"name\":\"Instituto de Engenharia\",\"url\":\"https:\/\/www.institutodeengenharia.org.br\/site\/\",\"logo\":{\"@type\":\"ImageObject\",\"inLanguage\":\"pt-BR\",\"@id\":\"https:\/\/www.institutodeengenharia.org.br\/site\/#\/schema\/logo\/image\/\",\"url\":\"https:\/\/www.institutodeengenharia.org.br\/site\/wp-content\/uploads\/2019\/03\/logo-novo-IE2018-1.jpg\",\"contentUrl\":\"https:\/\/www.institutodeengenharia.org.br\/site\/wp-content\/uploads\/2019\/03\/logo-novo-IE2018-1.jpg\",\"width\":1486,\"height\":1879,\"caption\":\"Instituto de Engenharia\"},\"image\":{\"@id\":\"https:\/\/www.institutodeengenharia.org.br\/site\/#\/schema\/logo\/image\/\"},\"sameAs\":[\"https:\/\/www.facebook.com\/institutodeengenharia\",\"https:\/\/x.com\/iengenharia\",\"https:\/\/www.instagram.com\/institutodeengenharia\/\",\"https:\/\/www.linkedin.com\/company\/instituto-de-engenharia\/\",\"https:\/\/www.youtube.com\/channel\/UCXiCAlsSMe977vamW915HxA\"]},{\"@type\":\"Person\",\"@id\":\"https:\/\/www.institutodeengenharia.org.br\/site\/#\/schema\/person\/3b1ff109facef084739fc2edcb9a127f\",\"name\":\"TMax Tecnologia\",\"image\":{\"@type\":\"ImageObject\",\"inLanguage\":\"pt-BR\",\"@id\":\"https:\/\/secure.gravatar.com\/avatar\/f912434ef7f389c92cb311fcdae346af848465d638912574b3c669070f797701?s=96&d=mm&r=g\",\"url\":\"https:\/\/secure.gravatar.com\/avatar\/f912434ef7f389c92cb311fcdae346af848465d638912574b3c669070f797701?s=96&d=mm&r=g\",\"contentUrl\":\"https:\/\/secure.gravatar.com\/avatar\/f912434ef7f389c92cb311fcdae346af848465d638912574b3c669070f797701?s=96&d=mm&r=g\",\"caption\":\"TMax Tecnologia\"},\"url\":\"https:\/\/www.institutodeengenharia.org.br\/site\/author\/tmax\/\"}]}<\/script>\n<!-- \/ Yoast SEO plugin. -->","yoast_head_json":{"title":"Brasil ter\u00e1 centro de pesquisas em grafeno - Instituto de Engenharia","robots":{"index":"index","follow":"follow","max-snippet":"max-snippet:-1","max-image-preview":"max-image-preview:large","max-video-preview":"max-video-preview:-1"},"canonical":"https:\/\/www.institutodeengenharia.org.br\/site\/2013\/05\/22\/brasil-tera-centro-de-pesquisas-em-grafeno\/","og_locale":"pt_BR","og_type":"article","og_title":"Brasil ter\u00e1 centro de pesquisas em grafeno - Instituto de Engenharia","og_description":"O grafeno, que tem sido chamado de &#8220;a mat\u00e9ria-prima do s\u00e9culo 21&#8221;, com uma ampla gama de potenciais aplica\u00e7\u00f5es, j\u00e1 est\u00e1 no rol da pesquisa avan\u00e7ada em andamento no Brasil. &#8220;Nosso projeto tem, resumidamente, tr\u00eas objetivos: realizar a s\u00edntese artificial do grafeno; caracterizar fisicamente o material produzido, tanto do ponto de vista estrutural quanto eletr\u00f4nico; [&hellip;]","og_url":"https:\/\/www.institutodeengenharia.org.br\/site\/2013\/05\/22\/brasil-tera-centro-de-pesquisas-em-grafeno\/","og_site_name":"Instituto de Engenharia","article_publisher":"https:\/\/www.facebook.com\/institutodeengenharia","article_published_time":"2013-05-22T23:51:41+00:00","author":"TMax Tecnologia","twitter_card":"summary_large_image","twitter_creator":"@iengenharia","twitter_site":"@iengenharia","twitter_misc":{"Escrito por":"TMax Tecnologia","Est. tempo de leitura":"4 minutos"},"schema":{"@context":"https:\/\/schema.org","@graph":[{"@type":"Article","@id":"https:\/\/www.institutodeengenharia.org.br\/site\/2013\/05\/22\/brasil-tera-centro-de-pesquisas-em-grafeno\/#article","isPartOf":{"@id":"https:\/\/www.institutodeengenharia.org.br\/site\/2013\/05\/22\/brasil-tera-centro-de-pesquisas-em-grafeno\/"},"author":{"name":"TMax Tecnologia","@id":"https:\/\/www.institutodeengenharia.org.br\/site\/#\/schema\/person\/3b1ff109facef084739fc2edcb9a127f"},"headline":"Brasil ter\u00e1 centro de pesquisas em grafeno","datePublished":"2013-05-22T23:51:41+00:00","mainEntityOfPage":{"@id":"https:\/\/www.institutodeengenharia.org.br\/site\/2013\/05\/22\/brasil-tera-centro-de-pesquisas-em-grafeno\/"},"wordCount":716,"commentCount":0,"publisher":{"@id":"https:\/\/www.institutodeengenharia.org.br\/site\/#organization"},"articleSection":["Not\u00edcias","Pesquisa e Desenvolvimento"],"inLanguage":"pt-BR","potentialAction":[{"@type":"CommentAction","name":"Comment","target":["https:\/\/www.institutodeengenharia.org.br\/site\/2013\/05\/22\/brasil-tera-centro-de-pesquisas-em-grafeno\/#respond"]}]},{"@type":"WebPage","@id":"https:\/\/www.institutodeengenharia.org.br\/site\/2013\/05\/22\/brasil-tera-centro-de-pesquisas-em-grafeno\/","url":"https:\/\/www.institutodeengenharia.org.br\/site\/2013\/05\/22\/brasil-tera-centro-de-pesquisas-em-grafeno\/","name":"Brasil ter\u00e1 centro de pesquisas em grafeno - Instituto de Engenharia","isPartOf":{"@id":"https:\/\/www.institutodeengenharia.org.br\/site\/#website"},"datePublished":"2013-05-22T23:51:41+00:00","breadcrumb":{"@id":"https:\/\/www.institutodeengenharia.org.br\/site\/2013\/05\/22\/brasil-tera-centro-de-pesquisas-em-grafeno\/#breadcrumb"},"inLanguage":"pt-BR","potentialAction":[{"@type":"ReadAction","target":["https:\/\/www.institutodeengenharia.org.br\/site\/2013\/05\/22\/brasil-tera-centro-de-pesquisas-em-grafeno\/"]}]},{"@type":"BreadcrumbList","@id":"https:\/\/www.institutodeengenharia.org.br\/site\/2013\/05\/22\/brasil-tera-centro-de-pesquisas-em-grafeno\/#breadcrumb","itemListElement":[{"@type":"ListItem","position":1,"name":"In\u00edcio","item":"https:\/\/www.institutodeengenharia.org.br\/site\/"},{"@type":"ListItem","position":2,"name":"Brasil ter\u00e1 centro de pesquisas em grafeno"}]},{"@type":"WebSite","@id":"https:\/\/www.institutodeengenharia.org.br\/site\/#website","url":"https:\/\/www.institutodeengenharia.org.br\/site\/","name":"Instituto de Engenharia","description":"O Instituto de Engenharia promove a Engenharia em benef\u00edcio do desenvolvimento e da qualidade de vida da sociedade.","publisher":{"@id":"https:\/\/www.institutodeengenharia.org.br\/site\/#organization"},"potentialAction":[{"@type":"SearchAction","target":{"@type":"EntryPoint","urlTemplate":"https:\/\/www.institutodeengenharia.org.br\/site\/?s={search_term_string}"},"query-input":{"@type":"PropertyValueSpecification","valueRequired":true,"valueName":"search_term_string"}}],"inLanguage":"pt-BR"},{"@type":"Organization","@id":"https:\/\/www.institutodeengenharia.org.br\/site\/#organization","name":"Instituto de Engenharia","url":"https:\/\/www.institutodeengenharia.org.br\/site\/","logo":{"@type":"ImageObject","inLanguage":"pt-BR","@id":"https:\/\/www.institutodeengenharia.org.br\/site\/#\/schema\/logo\/image\/","url":"https:\/\/www.institutodeengenharia.org.br\/site\/wp-content\/uploads\/2019\/03\/logo-novo-IE2018-1.jpg","contentUrl":"https:\/\/www.institutodeengenharia.org.br\/site\/wp-content\/uploads\/2019\/03\/logo-novo-IE2018-1.jpg","width":1486,"height":1879,"caption":"Instituto de Engenharia"},"image":{"@id":"https:\/\/www.institutodeengenharia.org.br\/site\/#\/schema\/logo\/image\/"},"sameAs":["https:\/\/www.facebook.com\/institutodeengenharia","https:\/\/x.com\/iengenharia","https:\/\/www.instagram.com\/institutodeengenharia\/","https:\/\/www.linkedin.com\/company\/instituto-de-engenharia\/","https:\/\/www.youtube.com\/channel\/UCXiCAlsSMe977vamW915HxA"]},{"@type":"Person","@id":"https:\/\/www.institutodeengenharia.org.br\/site\/#\/schema\/person\/3b1ff109facef084739fc2edcb9a127f","name":"TMax Tecnologia","image":{"@type":"ImageObject","inLanguage":"pt-BR","@id":"https:\/\/secure.gravatar.com\/avatar\/f912434ef7f389c92cb311fcdae346af848465d638912574b3c669070f797701?s=96&d=mm&r=g","url":"https:\/\/secure.gravatar.com\/avatar\/f912434ef7f389c92cb311fcdae346af848465d638912574b3c669070f797701?s=96&d=mm&r=g","contentUrl":"https:\/\/secure.gravatar.com\/avatar\/f912434ef7f389c92cb311fcdae346af848465d638912574b3c669070f797701?s=96&d=mm&r=g","caption":"TMax Tecnologia"},"url":"https:\/\/www.institutodeengenharia.org.br\/site\/author\/tmax\/"}]}},"_links":{"self":[{"href":"https:\/\/www.institutodeengenharia.org.br\/site\/wp-json\/wp\/v2\/posts\/23457","targetHints":{"allow":["GET"]}}],"collection":[{"href":"https:\/\/www.institutodeengenharia.org.br\/site\/wp-json\/wp\/v2\/posts"}],"about":[{"href":"https:\/\/www.institutodeengenharia.org.br\/site\/wp-json\/wp\/v2\/types\/post"}],"author":[{"embeddable":true,"href":"https:\/\/www.institutodeengenharia.org.br\/site\/wp-json\/wp\/v2\/users\/1"}],"replies":[{"embeddable":true,"href":"https:\/\/www.institutodeengenharia.org.br\/site\/wp-json\/wp\/v2\/comments?post=23457"}],"version-history":[{"count":0,"href":"https:\/\/www.institutodeengenharia.org.br\/site\/wp-json\/wp\/v2\/posts\/23457\/revisions"}],"wp:attachment":[{"href":"https:\/\/www.institutodeengenharia.org.br\/site\/wp-json\/wp\/v2\/media?parent=23457"}],"wp:term":[{"taxonomy":"category","embeddable":true,"href":"https:\/\/www.institutodeengenharia.org.br\/site\/wp-json\/wp\/v2\/categories?post=23457"},{"taxonomy":"post_tag","embeddable":true,"href":"https:\/\/www.institutodeengenharia.org.br\/site\/wp-json\/wp\/v2\/tags?post=23457"}],"curies":[{"name":"wp","href":"https:\/\/api.w.org\/{rel}","templated":true}]}}