{"id":23456,"date":"2013-05-22T23:51:40","date_gmt":"2013-05-22T23:51:40","guid":{"rendered":"https:\/\/www.institutodeengenharia.org.br\/?p=23456"},"modified":"2013-05-22T11:27:59","modified_gmt":"2013-05-22T11:27:59","slug":"estudante-do-df-transforma-gurgel-ano-90-em-carro-eletrico","status":"publish","type":"post","link":"https:\/\/www.institutodeengenharia.org.br\/site\/2013\/05\/22\/estudante-do-df-transforma-gurgel-ano-90-em-carro-eletrico\/","title":{"rendered":"Estudante do DF transforma Gurgel ano 90 em carro el\u00e9trico"},"content":{"rendered":"<p>Ap\u00f3s tr\u00eas anos de pesquisa, planejamento, e muito trabalho, o estudante de engenharia mec\u00e2nica Ewerson Freitas, de 20 anos, conseguiu concluir a adapta\u00e7\u00e3o de um carro movido \u00e0 energia el\u00e9trica no Distrito Federal. Segundo o jovem, o carro anda 40 minutos sem parar e chega a fazer 70 km\/h com seis baterias de 12 volts. Com a carga cheia, ele percorre cerca de 45 quil\u00f4metros. Al\u00e9m de reduzir a emiss\u00e3o de gases e poluentes, o carro n\u00e3o tem ru\u00eddos e vibra\u00e7\u00f5es.&nbsp;<\/p>\n<p>\u201cFunciona 100% el\u00e9trico, tem o rendimento perfeito\u201d, diz o estudante. \u201cO consumo dele \u00e9 mais baixo que de um microondas ligado, o equivalente a uma televis\u00e3o de m\u00e9dio porte.\u201d <br \/>\nAs baterias, que levam 10 horas para serem carregadas, ficam localizadas na parte da frente e no porta malas do carro. Para recarreg\u00e1-las, basta ligar o carro a uma tomada. \u201c\u00c9 a mesma coisa que pegar e ligar a geladeira na tomada. Tem uma extens\u00e3o de cinco metros\u201d, diz. \u201cPego a extens\u00e3o, ligo na tomada e carrego.\u201d<\/p>\n<p>Com o apoio de um empres\u00e1rio que conheceu em uma feira de ci\u00eancias, Ewerson comprou por R$ 6 mil um ve\u00edculo do modelo Gurgel, dos anos 90, e substituiu o motor convencional dele.&nbsp;<\/p>\n<p>O custo do total do projeto, diz o estudante, foi de R$ 70 mil, entre pe\u00e7as, horas trabalhadas e experimenta\u00e7\u00e3o. O jovem diz que utilizou 90% de pe\u00e7as nacionais e diversas pe\u00e7as de sucata para a produ\u00e7\u00e3o do motor. \u201cMuita coisa encontramos no ferro velho e alteramos. Fomos montando um Frankenstein, pegando peda\u00e7os\u201d, disse.&nbsp;<\/p>\n<p>Ewerson diz que a grande motiva\u00e7\u00e3o para adaptar um carro movido a baterias foi a quest\u00e3o ambiental. \u201cA ideia principal dele \u00e9 ser um carro que n\u00e3o seja poluente, que n\u00e3o tenha emiss\u00e3o de gases poluentes, que seja um carrinho urbano, mesmo\u201d, diz. \u201cN\u00e3o adianta dizer que \u00e9 ambientalista e usar uma caminhonete poluente gigante e ir sozinho para o trabalho.\u201d<\/p>\n<p>O estudante diz, no entanto, que n\u00e3o pode usar o carro para andar na cidade porque n\u00e3o tem a documenta\u00e7\u00e3o adequada. \u201cPor ser um carro convertido, existe um projeto burocr\u00e1tico imposto pelo governo\u201d, diz. \u201cPara os especialistas no assunto, ter alterado as pe\u00e7as originais do carro pode comprometer, dar problemas. Se eu fizer um carro meu do zero, \u00e9 muito mais f\u00e1cil com a documenta\u00e7\u00e3o do que pegar um carro de montadora e converter ele, burocraticamente falando\u201d.&nbsp;<\/p>\n<p>Agora, Ewerson pretende fazer melhorias no carro que apelidou de \u201cGurgelzinho\u201d, ou \u201cGugu\u201d. O jovem diz que sonha em abrir uma empresa no segmento de ve\u00edculos el\u00e9tricos no futuro, mas que n\u00e3o quer perder o foco. \u201cS\u00e3o s\u00f3 sonhos\u201d, diz.<\/p>\n<p><b>Autor: G1<\/b><\/p>\n","protected":false},"excerpt":{"rendered":"<p>Ve\u00edculo \u00e9 carregado na tomada, anda 40 min sem parar e faz at\u00e9 70 km\/h.<br \/>\nProjeto custou R$ 70 mil; consumo \u00e9 menor que de micro-ondas, diz jovem.<\/p>\n","protected":false},"author":1,"featured_media":0,"comment_status":"open","ping_status":"open","sticky":false,"template":"","format":"standard","meta":{"footnotes":""},"categories":[6,35],"tags":[],"class_list":{"0":"post-23456","1":"post","2":"type-post","3":"status-publish","4":"format-standard","6":"category-noticias","7":"category-pesquisa-e-desenvolvimento"},"yoast_head":"<!-- This site is optimized with the Yoast SEO plugin v27.2 - https:\/\/yoast.com\/product\/yoast-seo-wordpress\/ -->\n<title>Estudante do DF transforma Gurgel ano 90 em carro el\u00e9trico - Instituto de Engenharia<\/title>\n<meta name=\"robots\" content=\"index, follow, max-snippet:-1, max-image-preview:large, max-video-preview:-1\" \/>\n<link rel=\"canonical\" href=\"https:\/\/www.institutodeengenharia.org.br\/site\/2013\/05\/22\/estudante-do-df-transforma-gurgel-ano-90-em-carro-eletrico\/\" \/>\n<meta property=\"og:locale\" content=\"pt_BR\" \/>\n<meta property=\"og:type\" content=\"article\" \/>\n<meta property=\"og:title\" content=\"Estudante do DF transforma Gurgel ano 90 em carro el\u00e9trico - Instituto de Engenharia\" \/>\n<meta property=\"og:description\" content=\"Ve\u00edculo \u00e9 carregado na tomada, anda 40 min sem parar e faz at\u00e9 70 km\/h. Projeto custou R$ 70 mil; consumo \u00e9 menor que de micro-ondas, diz jovem.\" \/>\n<meta property=\"og:url\" content=\"https:\/\/www.institutodeengenharia.org.br\/site\/2013\/05\/22\/estudante-do-df-transforma-gurgel-ano-90-em-carro-eletrico\/\" \/>\n<meta property=\"og:site_name\" content=\"Instituto de Engenharia\" \/>\n<meta property=\"article:publisher\" content=\"https:\/\/www.facebook.com\/institutodeengenharia\" \/>\n<meta property=\"article:published_time\" content=\"2013-05-22T23:51:40+00:00\" \/>\n<meta name=\"author\" content=\"TMax Tecnologia\" \/>\n<meta name=\"twitter:card\" content=\"summary_large_image\" \/>\n<meta name=\"twitter:creator\" content=\"@iengenharia\" \/>\n<meta name=\"twitter:site\" content=\"@iengenharia\" \/>\n<meta name=\"twitter:label1\" content=\"Escrito por\" \/>\n\t<meta name=\"twitter:data1\" content=\"TMax Tecnologia\" \/>\n\t<meta name=\"twitter:label2\" content=\"Est. tempo de leitura\" \/>\n\t<meta name=\"twitter:data2\" content=\"2 minutos\" \/>\n<script type=\"application\/ld+json\" class=\"yoast-schema-graph\">{\"@context\":\"https:\/\/schema.org\",\"@graph\":[{\"@type\":\"Article\",\"@id\":\"https:\/\/www.institutodeengenharia.org.br\/site\/2013\/05\/22\/estudante-do-df-transforma-gurgel-ano-90-em-carro-eletrico\/#article\",\"isPartOf\":{\"@id\":\"https:\/\/www.institutodeengenharia.org.br\/site\/2013\/05\/22\/estudante-do-df-transforma-gurgel-ano-90-em-carro-eletrico\/\"},\"author\":{\"name\":\"TMax Tecnologia\",\"@id\":\"https:\/\/www.institutodeengenharia.org.br\/site\/#\/schema\/person\/3b1ff109facef084739fc2edcb9a127f\"},\"headline\":\"Estudante do DF transforma Gurgel ano 90 em carro el\u00e9trico\",\"datePublished\":\"2013-05-22T23:51:40+00:00\",\"mainEntityOfPage\":{\"@id\":\"https:\/\/www.institutodeengenharia.org.br\/site\/2013\/05\/22\/estudante-do-df-transforma-gurgel-ano-90-em-carro-eletrico\/\"},\"wordCount\":475,\"commentCount\":0,\"publisher\":{\"@id\":\"https:\/\/www.institutodeengenharia.org.br\/site\/#organization\"},\"articleSection\":[\"Not\u00edcias\",\"Pesquisa e Desenvolvimento\"],\"inLanguage\":\"pt-BR\",\"potentialAction\":[{\"@type\":\"CommentAction\",\"name\":\"Comment\",\"target\":[\"https:\/\/www.institutodeengenharia.org.br\/site\/2013\/05\/22\/estudante-do-df-transforma-gurgel-ano-90-em-carro-eletrico\/#respond\"]}]},{\"@type\":\"WebPage\",\"@id\":\"https:\/\/www.institutodeengenharia.org.br\/site\/2013\/05\/22\/estudante-do-df-transforma-gurgel-ano-90-em-carro-eletrico\/\",\"url\":\"https:\/\/www.institutodeengenharia.org.br\/site\/2013\/05\/22\/estudante-do-df-transforma-gurgel-ano-90-em-carro-eletrico\/\",\"name\":\"Estudante do DF transforma Gurgel ano 90 em carro el\u00e9trico - Instituto de Engenharia\",\"isPartOf\":{\"@id\":\"https:\/\/www.institutodeengenharia.org.br\/site\/#website\"},\"datePublished\":\"2013-05-22T23:51:40+00:00\",\"breadcrumb\":{\"@id\":\"https:\/\/www.institutodeengenharia.org.br\/site\/2013\/05\/22\/estudante-do-df-transforma-gurgel-ano-90-em-carro-eletrico\/#breadcrumb\"},\"inLanguage\":\"pt-BR\",\"potentialAction\":[{\"@type\":\"ReadAction\",\"target\":[\"https:\/\/www.institutodeengenharia.org.br\/site\/2013\/05\/22\/estudante-do-df-transforma-gurgel-ano-90-em-carro-eletrico\/\"]}]},{\"@type\":\"BreadcrumbList\",\"@id\":\"https:\/\/www.institutodeengenharia.org.br\/site\/2013\/05\/22\/estudante-do-df-transforma-gurgel-ano-90-em-carro-eletrico\/#breadcrumb\",\"itemListElement\":[{\"@type\":\"ListItem\",\"position\":1,\"name\":\"In\u00edcio\",\"item\":\"https:\/\/www.institutodeengenharia.org.br\/site\/\"},{\"@type\":\"ListItem\",\"position\":2,\"name\":\"Estudante do DF transforma Gurgel ano 90 em carro el\u00e9trico\"}]},{\"@type\":\"WebSite\",\"@id\":\"https:\/\/www.institutodeengenharia.org.br\/site\/#website\",\"url\":\"https:\/\/www.institutodeengenharia.org.br\/site\/\",\"name\":\"Instituto de Engenharia\",\"description\":\"O Instituto de Engenharia promove a Engenharia em benef\u00edcio do desenvolvimento e da qualidade de vida da sociedade.\",\"publisher\":{\"@id\":\"https:\/\/www.institutodeengenharia.org.br\/site\/#organization\"},\"potentialAction\":[{\"@type\":\"SearchAction\",\"target\":{\"@type\":\"EntryPoint\",\"urlTemplate\":\"https:\/\/www.institutodeengenharia.org.br\/site\/?s={search_term_string}\"},\"query-input\":{\"@type\":\"PropertyValueSpecification\",\"valueRequired\":true,\"valueName\":\"search_term_string\"}}],\"inLanguage\":\"pt-BR\"},{\"@type\":\"Organization\",\"@id\":\"https:\/\/www.institutodeengenharia.org.br\/site\/#organization\",\"name\":\"Instituto de Engenharia\",\"url\":\"https:\/\/www.institutodeengenharia.org.br\/site\/\",\"logo\":{\"@type\":\"ImageObject\",\"inLanguage\":\"pt-BR\",\"@id\":\"https:\/\/www.institutodeengenharia.org.br\/site\/#\/schema\/logo\/image\/\",\"url\":\"https:\/\/www.institutodeengenharia.org.br\/site\/wp-content\/uploads\/2019\/03\/logo-novo-IE2018-1.jpg\",\"contentUrl\":\"https:\/\/www.institutodeengenharia.org.br\/site\/wp-content\/uploads\/2019\/03\/logo-novo-IE2018-1.jpg\",\"width\":1486,\"height\":1879,\"caption\":\"Instituto de Engenharia\"},\"image\":{\"@id\":\"https:\/\/www.institutodeengenharia.org.br\/site\/#\/schema\/logo\/image\/\"},\"sameAs\":[\"https:\/\/www.facebook.com\/institutodeengenharia\",\"https:\/\/x.com\/iengenharia\",\"https:\/\/www.instagram.com\/institutodeengenharia\/\",\"https:\/\/www.linkedin.com\/company\/instituto-de-engenharia\/\",\"https:\/\/www.youtube.com\/channel\/UCXiCAlsSMe977vamW915HxA\"]},{\"@type\":\"Person\",\"@id\":\"https:\/\/www.institutodeengenharia.org.br\/site\/#\/schema\/person\/3b1ff109facef084739fc2edcb9a127f\",\"name\":\"TMax Tecnologia\",\"image\":{\"@type\":\"ImageObject\",\"inLanguage\":\"pt-BR\",\"@id\":\"https:\/\/secure.gravatar.com\/avatar\/f912434ef7f389c92cb311fcdae346af848465d638912574b3c669070f797701?s=96&d=mm&r=g\",\"url\":\"https:\/\/secure.gravatar.com\/avatar\/f912434ef7f389c92cb311fcdae346af848465d638912574b3c669070f797701?s=96&d=mm&r=g\",\"contentUrl\":\"https:\/\/secure.gravatar.com\/avatar\/f912434ef7f389c92cb311fcdae346af848465d638912574b3c669070f797701?s=96&d=mm&r=g\",\"caption\":\"TMax Tecnologia\"},\"url\":\"https:\/\/www.institutodeengenharia.org.br\/site\/author\/tmax\/\"}]}<\/script>\n<!-- \/ Yoast SEO plugin. -->","yoast_head_json":{"title":"Estudante do DF transforma Gurgel ano 90 em carro el\u00e9trico - Instituto de Engenharia","robots":{"index":"index","follow":"follow","max-snippet":"max-snippet:-1","max-image-preview":"max-image-preview:large","max-video-preview":"max-video-preview:-1"},"canonical":"https:\/\/www.institutodeengenharia.org.br\/site\/2013\/05\/22\/estudante-do-df-transforma-gurgel-ano-90-em-carro-eletrico\/","og_locale":"pt_BR","og_type":"article","og_title":"Estudante do DF transforma Gurgel ano 90 em carro el\u00e9trico - Instituto de Engenharia","og_description":"Ve\u00edculo \u00e9 carregado na tomada, anda 40 min sem parar e faz at\u00e9 70 km\/h. Projeto custou R$ 70 mil; consumo \u00e9 menor que de micro-ondas, diz jovem.","og_url":"https:\/\/www.institutodeengenharia.org.br\/site\/2013\/05\/22\/estudante-do-df-transforma-gurgel-ano-90-em-carro-eletrico\/","og_site_name":"Instituto de Engenharia","article_publisher":"https:\/\/www.facebook.com\/institutodeengenharia","article_published_time":"2013-05-22T23:51:40+00:00","author":"TMax Tecnologia","twitter_card":"summary_large_image","twitter_creator":"@iengenharia","twitter_site":"@iengenharia","twitter_misc":{"Escrito por":"TMax Tecnologia","Est. tempo de leitura":"2 minutos"},"schema":{"@context":"https:\/\/schema.org","@graph":[{"@type":"Article","@id":"https:\/\/www.institutodeengenharia.org.br\/site\/2013\/05\/22\/estudante-do-df-transforma-gurgel-ano-90-em-carro-eletrico\/#article","isPartOf":{"@id":"https:\/\/www.institutodeengenharia.org.br\/site\/2013\/05\/22\/estudante-do-df-transforma-gurgel-ano-90-em-carro-eletrico\/"},"author":{"name":"TMax Tecnologia","@id":"https:\/\/www.institutodeengenharia.org.br\/site\/#\/schema\/person\/3b1ff109facef084739fc2edcb9a127f"},"headline":"Estudante do DF transforma Gurgel ano 90 em carro el\u00e9trico","datePublished":"2013-05-22T23:51:40+00:00","mainEntityOfPage":{"@id":"https:\/\/www.institutodeengenharia.org.br\/site\/2013\/05\/22\/estudante-do-df-transforma-gurgel-ano-90-em-carro-eletrico\/"},"wordCount":475,"commentCount":0,"publisher":{"@id":"https:\/\/www.institutodeengenharia.org.br\/site\/#organization"},"articleSection":["Not\u00edcias","Pesquisa e Desenvolvimento"],"inLanguage":"pt-BR","potentialAction":[{"@type":"CommentAction","name":"Comment","target":["https:\/\/www.institutodeengenharia.org.br\/site\/2013\/05\/22\/estudante-do-df-transforma-gurgel-ano-90-em-carro-eletrico\/#respond"]}]},{"@type":"WebPage","@id":"https:\/\/www.institutodeengenharia.org.br\/site\/2013\/05\/22\/estudante-do-df-transforma-gurgel-ano-90-em-carro-eletrico\/","url":"https:\/\/www.institutodeengenharia.org.br\/site\/2013\/05\/22\/estudante-do-df-transforma-gurgel-ano-90-em-carro-eletrico\/","name":"Estudante do DF transforma Gurgel ano 90 em carro el\u00e9trico - Instituto de Engenharia","isPartOf":{"@id":"https:\/\/www.institutodeengenharia.org.br\/site\/#website"},"datePublished":"2013-05-22T23:51:40+00:00","breadcrumb":{"@id":"https:\/\/www.institutodeengenharia.org.br\/site\/2013\/05\/22\/estudante-do-df-transforma-gurgel-ano-90-em-carro-eletrico\/#breadcrumb"},"inLanguage":"pt-BR","potentialAction":[{"@type":"ReadAction","target":["https:\/\/www.institutodeengenharia.org.br\/site\/2013\/05\/22\/estudante-do-df-transforma-gurgel-ano-90-em-carro-eletrico\/"]}]},{"@type":"BreadcrumbList","@id":"https:\/\/www.institutodeengenharia.org.br\/site\/2013\/05\/22\/estudante-do-df-transforma-gurgel-ano-90-em-carro-eletrico\/#breadcrumb","itemListElement":[{"@type":"ListItem","position":1,"name":"In\u00edcio","item":"https:\/\/www.institutodeengenharia.org.br\/site\/"},{"@type":"ListItem","position":2,"name":"Estudante do DF transforma Gurgel ano 90 em carro el\u00e9trico"}]},{"@type":"WebSite","@id":"https:\/\/www.institutodeengenharia.org.br\/site\/#website","url":"https:\/\/www.institutodeengenharia.org.br\/site\/","name":"Instituto de Engenharia","description":"O Instituto de Engenharia promove a Engenharia em benef\u00edcio do desenvolvimento e da qualidade de vida da sociedade.","publisher":{"@id":"https:\/\/www.institutodeengenharia.org.br\/site\/#organization"},"potentialAction":[{"@type":"SearchAction","target":{"@type":"EntryPoint","urlTemplate":"https:\/\/www.institutodeengenharia.org.br\/site\/?s={search_term_string}"},"query-input":{"@type":"PropertyValueSpecification","valueRequired":true,"valueName":"search_term_string"}}],"inLanguage":"pt-BR"},{"@type":"Organization","@id":"https:\/\/www.institutodeengenharia.org.br\/site\/#organization","name":"Instituto de Engenharia","url":"https:\/\/www.institutodeengenharia.org.br\/site\/","logo":{"@type":"ImageObject","inLanguage":"pt-BR","@id":"https:\/\/www.institutodeengenharia.org.br\/site\/#\/schema\/logo\/image\/","url":"https:\/\/www.institutodeengenharia.org.br\/site\/wp-content\/uploads\/2019\/03\/logo-novo-IE2018-1.jpg","contentUrl":"https:\/\/www.institutodeengenharia.org.br\/site\/wp-content\/uploads\/2019\/03\/logo-novo-IE2018-1.jpg","width":1486,"height":1879,"caption":"Instituto de Engenharia"},"image":{"@id":"https:\/\/www.institutodeengenharia.org.br\/site\/#\/schema\/logo\/image\/"},"sameAs":["https:\/\/www.facebook.com\/institutodeengenharia","https:\/\/x.com\/iengenharia","https:\/\/www.instagram.com\/institutodeengenharia\/","https:\/\/www.linkedin.com\/company\/instituto-de-engenharia\/","https:\/\/www.youtube.com\/channel\/UCXiCAlsSMe977vamW915HxA"]},{"@type":"Person","@id":"https:\/\/www.institutodeengenharia.org.br\/site\/#\/schema\/person\/3b1ff109facef084739fc2edcb9a127f","name":"TMax Tecnologia","image":{"@type":"ImageObject","inLanguage":"pt-BR","@id":"https:\/\/secure.gravatar.com\/avatar\/f912434ef7f389c92cb311fcdae346af848465d638912574b3c669070f797701?s=96&d=mm&r=g","url":"https:\/\/secure.gravatar.com\/avatar\/f912434ef7f389c92cb311fcdae346af848465d638912574b3c669070f797701?s=96&d=mm&r=g","contentUrl":"https:\/\/secure.gravatar.com\/avatar\/f912434ef7f389c92cb311fcdae346af848465d638912574b3c669070f797701?s=96&d=mm&r=g","caption":"TMax Tecnologia"},"url":"https:\/\/www.institutodeengenharia.org.br\/site\/author\/tmax\/"}]}},"_links":{"self":[{"href":"https:\/\/www.institutodeengenharia.org.br\/site\/wp-json\/wp\/v2\/posts\/23456","targetHints":{"allow":["GET"]}}],"collection":[{"href":"https:\/\/www.institutodeengenharia.org.br\/site\/wp-json\/wp\/v2\/posts"}],"about":[{"href":"https:\/\/www.institutodeengenharia.org.br\/site\/wp-json\/wp\/v2\/types\/post"}],"author":[{"embeddable":true,"href":"https:\/\/www.institutodeengenharia.org.br\/site\/wp-json\/wp\/v2\/users\/1"}],"replies":[{"embeddable":true,"href":"https:\/\/www.institutodeengenharia.org.br\/site\/wp-json\/wp\/v2\/comments?post=23456"}],"version-history":[{"count":0,"href":"https:\/\/www.institutodeengenharia.org.br\/site\/wp-json\/wp\/v2\/posts\/23456\/revisions"}],"wp:attachment":[{"href":"https:\/\/www.institutodeengenharia.org.br\/site\/wp-json\/wp\/v2\/media?parent=23456"}],"wp:term":[{"taxonomy":"category","embeddable":true,"href":"https:\/\/www.institutodeengenharia.org.br\/site\/wp-json\/wp\/v2\/categories?post=23456"},{"taxonomy":"post_tag","embeddable":true,"href":"https:\/\/www.institutodeengenharia.org.br\/site\/wp-json\/wp\/v2\/tags?post=23456"}],"curies":[{"name":"wp","href":"https:\/\/api.w.org\/{rel}","templated":true}]}}