{"id":23448,"date":"2013-05-21T23:51:32","date_gmt":"2013-05-21T23:51:32","guid":{"rendered":"https:\/\/www.institutodeengenharia.org.br\/?p=23448"},"modified":"2013-05-21T14:49:37","modified_gmt":"2013-05-21T14:49:37","slug":"comeca-corrida-por-mineracao-no-fundo-do-mar","status":"publish","type":"post","link":"https:\/\/www.institutodeengenharia.org.br\/site\/2013\/05\/21\/comeca-corrida-por-mineracao-no-fundo-do-mar\/","title":{"rendered":"Come\u00e7a corrida por minera\u00e7\u00e3o no fundo do mar"},"content":{"rendered":"<p>As perspectivas de uma &#8220;corrida do ouro&#8221; nas profundezas do mar, abrindo um pol\u00eamico caminho para a minera\u00e7\u00e3o no leito oce\u00e2nico, est\u00e3o mais pr\u00f3ximas. <\/p>\n<p>A ONU acaba de publicar seu primeiro plano para o gerenciamento da extra\u00e7\u00e3o dos chamados &#8220;n\u00f3dulos&#8221; &#8211; pequenas rochas ricas em minerais &#8211; do fundo do mar. <\/p>\n<p>Um estudo t\u00e9cnico promovido pela Autoridade Internacional do Leito Oce\u00e2nico (ISA, na sigla em ingl\u00eas), o \u00f3rg\u00e3o da ONU que controla a minera\u00e7\u00e3o nos oceanos, diz que as companhias interessadas podem pedir licen\u00e7as a partir de 2016. <\/p>\n<p>A ideia de explorar ouro, cobre, mangan\u00eas, cobalto e outros metais do leito oce\u00e2nico foi considerada por d\u00e9cadas, mas s\u00f3 recentemente se tornou fact\u00edvel, por conta do alto pre\u00e7o dos minerais e metais e de tecnologias mais modernas de explora\u00e7\u00e3o. <\/p>\n<p>De acordo com a Conven\u00e7\u00e3o da ONU sobre o Direito do Mar, a ISA foi estabelecida para estimular e administrar a minera\u00e7\u00e3o do fundo do mar para o benef\u00edcio mais amplo da humanidade &#8211; com uma parcela dos lucros dirigida para os pa\u00edses em desenvolvimento. <\/p>\n<p>Agora o \u00f3rg\u00e3o est\u00e1 dando o passo significativo de n\u00e3o s\u00f3 mais simplesmente manejar pedidos para explora\u00e7\u00e3o mineral, mas tamb\u00e9m considerar como licenciar as primeiras opera\u00e7\u00f5es reais de minera\u00e7\u00e3o e como dividir as receitas. <\/p>\n<p>&#8220;Estamos \u00e0 beira de uma nova era de minera\u00e7\u00e3o do leito marinho profundo&#8221;, disse o conselheiro legal do ISA, Michael Lodge. <\/p>\n<p>Minerais no fundo do mar <\/p>\n<p>Especialistas em prote\u00e7\u00e3o ambiental v\u00eam advertindo h\u00e1 tempos que a minera\u00e7\u00e3o no leito oce\u00e2nico pode ser altamente destrutiva e poderia ter consequ\u00eancias de longo prazo desastrosas para a vida marinha. <\/p>\n<p>O pr\u00f3prio estudo da ONU reconhece que a minera\u00e7\u00e3o provocar\u00e1 &#8220;danos ambientais inevit\u00e1veis&#8221;. <\/p>\n<p>Mas o relat\u00f3rio foi divulgado em meio ao que um porta-voz do \u00f3rg\u00e3o descreve como &#8220;um aumento sem precedentes&#8221; no interesse das companhias estatais e privadas. <\/p>\n<p>O n\u00famero de licen\u00e7as emitidas para a busca de minerais j\u00e1 chega a 17, com outras sete prestes a serem emitidas e muitas mais em an\u00e1lise. Elas cobrem vastas \u00e1reas dos Oceanos Pac\u00edfico, Atl\u00e2ntico e \u00cdndico. <\/p>\n<p>A atra\u00e7\u00e3o \u00e9 \u00f3bvia. Uma an\u00e1lise do leste do Pac\u00edfico &#8211; uma \u00e1rea de 5 milh\u00f5es de quil\u00f4metros quadrados conhecida como zona Clarion-Clipperton &#8211; concluiu que mais de 27 bilh\u00f5es de toneladas de n\u00f3dulos poderiam estar misturadas \u00e0 areia. <\/p>\n<p>Essas pedras poderiam conter 7 bilh\u00f5es de toneladas de mangan\u00eas, 340 milh\u00f5es de toneladas de n\u00edquel, 290 milh\u00f5es de toneladas de cobre e 78 milh\u00f5es de toneladas de cobalto &#8211; apesar de ainda n\u00e3o se saber o quanto disso \u00e9 acess\u00edvel. <\/p>\n<p>No m\u00eas passado, ge\u00f3logos japoneses encontraram o que afirmam ser um tesouro de terras raras no oceano, mas dentro do mar territorial do pa\u00eds, fora do alcance da ISA.<\/p>\n<p>Minera\u00e7\u00e3o marinha e meio ambiente <\/p>\n<p>As perspectivas da minera\u00e7\u00e3o no fundo do mar j\u00e1 geraram um forte debate entre cientistas marinhos. <\/p>\n<p>&#8220;N\u00e3o creio que n\u00f3s tenhamos a propriedade sobre o oceano profundo, no sentido de que possamos fazer o que quisermos com ele&#8221;, afirma Jon Copley, bi\u00f3logo da Universidade de Southampton e chefe de miss\u00e3o do navio de pesquisas brit\u00e2nico James Cook. <\/p>\n<p>&#8220;Em vez disso, n\u00f3s dividimos a responsabilidade por sua condu\u00e7\u00e3o&#8221;, diz. &#8220;N\u00f3s n\u00e3o temos um hist\u00f3rico bom em alcan\u00e7ar um balan\u00e7o em nenhum outro lugar &#8211; pense nas florestas tropicais -, ent\u00e3o a quest\u00e3o \u00e9: &#039;Ser\u00e1 que conseguir\u00edamos acertar?&#8221;, questiona. <\/p>\n<p>O tamb\u00e9m bi\u00f3logo Paul Tyler, do Centro Nacional Oceanogr\u00e1fico, da Gr\u00e3-Bretanha, adverte de que esp\u00e9cies \u00fanicas podem ser colocadas em risco. <\/p>\n<p>&#8220;Se voc\u00ea limpa aquela \u00e1rea pela minera\u00e7\u00e3o, aqueles animais ter\u00e3o que fazer uma dessas duas coisas: ou se dispersam e colonizam outra fissura hidrotermal em outro lugar ou eles morrem&#8221;, comenta. &#8220;E o que acontece quando elas morrem \u00e9 que a fissura se torna biologicamente extinta.&#8221; <\/p>\n<p>A qu\u00edmica marinha Rachel Mills, da Universidade de Southampton, sugere um debate mais amplo sobre a minera\u00e7\u00e3o em geral, com o argumento de que todos n\u00f3s usamos minerais e que as minas em terra s\u00e3o muito maiores do que seria qualquer uma no leito do mar. <\/p>\n<p>Ela fez pesquisas para a Nautilus Minerals, uma empresa canadense que planeja explorar minas nas fissuras hidrotermais na costa da Papua Nova Guin\u00e9. <\/p>\n<p>&#8220;Tudo o que nos cerca, e a maneira como vivemos, depende de fontes minerais, mas n\u00e3o nos perguntamos com frequ\u00eancia de onde eles veem.&#8221; &#8220;Precisamos nos perguntar se h\u00e1 minera\u00e7\u00e3o sustent\u00e1vel em terra e se h\u00e1 minera\u00e7\u00e3o sustent\u00e1vel no mar. Acho que s\u00e3o as mesmas quest\u00f5es morais que devemos colocar se \u00e9 nos Andes ou no Mar de Bismarck&#8221;, diz. <\/p>\n<p>Esse debate deve crescer mais com a proximidade cada vez maior do in\u00edcio das opera\u00e7\u00f5es de minera\u00e7\u00e3o.<\/p>\n<p><b>Autor: Inova\u00e7\u00e3o Tecnol\u00f3gica <\/b><\/p>\n","protected":false},"excerpt":{"rendered":"<p>As perspectivas de uma &#8220;corrida do ouro&#8221; nas profundezas do mar, abrindo um pol\u00eamico caminho para a minera\u00e7\u00e3o no leito oce\u00e2nico, est\u00e3o mais pr\u00f3ximas. A ONU acaba de publicar seu primeiro plano para o gerenciamento da extra\u00e7\u00e3o dos chamados &#8220;n\u00f3dulos&#8221; &#8211; pequenas rochas ricas em minerais &#8211; do fundo do mar. Um estudo t\u00e9cnico promovido [&hellip;]<\/p>\n","protected":false},"author":1,"featured_media":0,"comment_status":"open","ping_status":"open","sticky":false,"template":"","format":"standard","meta":{"footnotes":""},"categories":[31,6],"tags":[],"class_list":{"0":"post-23448","1":"post","2":"type-post","3":"status-publish","4":"format-standard","6":"category-meio-ambiente","7":"category-noticias"},"yoast_head":"<!-- This site is optimized with the Yoast SEO plugin v27.2 - https:\/\/yoast.com\/product\/yoast-seo-wordpress\/ -->\n<title>Come\u00e7a corrida por minera\u00e7\u00e3o no fundo do mar - Instituto de Engenharia<\/title>\n<meta name=\"robots\" content=\"index, follow, max-snippet:-1, max-image-preview:large, max-video-preview:-1\" \/>\n<link rel=\"canonical\" href=\"https:\/\/www.institutodeengenharia.org.br\/site\/2013\/05\/21\/comeca-corrida-por-mineracao-no-fundo-do-mar\/\" \/>\n<meta property=\"og:locale\" content=\"pt_BR\" \/>\n<meta property=\"og:type\" content=\"article\" \/>\n<meta property=\"og:title\" content=\"Come\u00e7a corrida por minera\u00e7\u00e3o no fundo do mar - Instituto de Engenharia\" \/>\n<meta property=\"og:description\" content=\"As perspectivas de uma &#8220;corrida do ouro&#8221; nas profundezas do mar, abrindo um pol\u00eamico caminho para a minera\u00e7\u00e3o no leito oce\u00e2nico, est\u00e3o mais pr\u00f3ximas. A ONU acaba de publicar seu primeiro plano para o gerenciamento da extra\u00e7\u00e3o dos chamados &#8220;n\u00f3dulos&#8221; &#8211; pequenas rochas ricas em minerais &#8211; do fundo do mar. Um estudo t\u00e9cnico promovido [&hellip;]\" \/>\n<meta property=\"og:url\" content=\"https:\/\/www.institutodeengenharia.org.br\/site\/2013\/05\/21\/comeca-corrida-por-mineracao-no-fundo-do-mar\/\" \/>\n<meta property=\"og:site_name\" content=\"Instituto de Engenharia\" \/>\n<meta property=\"article:publisher\" content=\"https:\/\/www.facebook.com\/institutodeengenharia\" \/>\n<meta property=\"article:published_time\" content=\"2013-05-21T23:51:32+00:00\" \/>\n<meta name=\"author\" content=\"TMax Tecnologia\" \/>\n<meta name=\"twitter:card\" content=\"summary_large_image\" \/>\n<meta name=\"twitter:creator\" content=\"@iengenharia\" \/>\n<meta name=\"twitter:site\" content=\"@iengenharia\" \/>\n<meta name=\"twitter:label1\" content=\"Escrito por\" \/>\n\t<meta name=\"twitter:data1\" content=\"TMax Tecnologia\" \/>\n\t<meta name=\"twitter:label2\" content=\"Est. tempo de leitura\" \/>\n\t<meta name=\"twitter:data2\" content=\"4 minutos\" \/>\n<script type=\"application\/ld+json\" class=\"yoast-schema-graph\">{\"@context\":\"https:\/\/schema.org\",\"@graph\":[{\"@type\":\"Article\",\"@id\":\"https:\/\/www.institutodeengenharia.org.br\/site\/2013\/05\/21\/comeca-corrida-por-mineracao-no-fundo-do-mar\/#article\",\"isPartOf\":{\"@id\":\"https:\/\/www.institutodeengenharia.org.br\/site\/2013\/05\/21\/comeca-corrida-por-mineracao-no-fundo-do-mar\/\"},\"author\":{\"name\":\"TMax Tecnologia\",\"@id\":\"https:\/\/www.institutodeengenharia.org.br\/site\/#\/schema\/person\/3b1ff109facef084739fc2edcb9a127f\"},\"headline\":\"Come\u00e7a corrida por minera\u00e7\u00e3o no fundo do mar\",\"datePublished\":\"2013-05-21T23:51:32+00:00\",\"mainEntityOfPage\":{\"@id\":\"https:\/\/www.institutodeengenharia.org.br\/site\/2013\/05\/21\/comeca-corrida-por-mineracao-no-fundo-do-mar\/\"},\"wordCount\":864,\"commentCount\":0,\"publisher\":{\"@id\":\"https:\/\/www.institutodeengenharia.org.br\/site\/#organization\"},\"articleSection\":[\"Meio Ambiente\",\"Not\u00edcias\"],\"inLanguage\":\"pt-BR\",\"potentialAction\":[{\"@type\":\"CommentAction\",\"name\":\"Comment\",\"target\":[\"https:\/\/www.institutodeengenharia.org.br\/site\/2013\/05\/21\/comeca-corrida-por-mineracao-no-fundo-do-mar\/#respond\"]}]},{\"@type\":\"WebPage\",\"@id\":\"https:\/\/www.institutodeengenharia.org.br\/site\/2013\/05\/21\/comeca-corrida-por-mineracao-no-fundo-do-mar\/\",\"url\":\"https:\/\/www.institutodeengenharia.org.br\/site\/2013\/05\/21\/comeca-corrida-por-mineracao-no-fundo-do-mar\/\",\"name\":\"Come\u00e7a corrida por minera\u00e7\u00e3o no fundo do mar - Instituto de Engenharia\",\"isPartOf\":{\"@id\":\"https:\/\/www.institutodeengenharia.org.br\/site\/#website\"},\"datePublished\":\"2013-05-21T23:51:32+00:00\",\"breadcrumb\":{\"@id\":\"https:\/\/www.institutodeengenharia.org.br\/site\/2013\/05\/21\/comeca-corrida-por-mineracao-no-fundo-do-mar\/#breadcrumb\"},\"inLanguage\":\"pt-BR\",\"potentialAction\":[{\"@type\":\"ReadAction\",\"target\":[\"https:\/\/www.institutodeengenharia.org.br\/site\/2013\/05\/21\/comeca-corrida-por-mineracao-no-fundo-do-mar\/\"]}]},{\"@type\":\"BreadcrumbList\",\"@id\":\"https:\/\/www.institutodeengenharia.org.br\/site\/2013\/05\/21\/comeca-corrida-por-mineracao-no-fundo-do-mar\/#breadcrumb\",\"itemListElement\":[{\"@type\":\"ListItem\",\"position\":1,\"name\":\"In\u00edcio\",\"item\":\"https:\/\/www.institutodeengenharia.org.br\/site\/\"},{\"@type\":\"ListItem\",\"position\":2,\"name\":\"Come\u00e7a corrida por minera\u00e7\u00e3o no fundo do mar\"}]},{\"@type\":\"WebSite\",\"@id\":\"https:\/\/www.institutodeengenharia.org.br\/site\/#website\",\"url\":\"https:\/\/www.institutodeengenharia.org.br\/site\/\",\"name\":\"Instituto de Engenharia\",\"description\":\"O Instituto de Engenharia promove a Engenharia em benef\u00edcio do desenvolvimento e da qualidade de vida da sociedade.\",\"publisher\":{\"@id\":\"https:\/\/www.institutodeengenharia.org.br\/site\/#organization\"},\"potentialAction\":[{\"@type\":\"SearchAction\",\"target\":{\"@type\":\"EntryPoint\",\"urlTemplate\":\"https:\/\/www.institutodeengenharia.org.br\/site\/?s={search_term_string}\"},\"query-input\":{\"@type\":\"PropertyValueSpecification\",\"valueRequired\":true,\"valueName\":\"search_term_string\"}}],\"inLanguage\":\"pt-BR\"},{\"@type\":\"Organization\",\"@id\":\"https:\/\/www.institutodeengenharia.org.br\/site\/#organization\",\"name\":\"Instituto de Engenharia\",\"url\":\"https:\/\/www.institutodeengenharia.org.br\/site\/\",\"logo\":{\"@type\":\"ImageObject\",\"inLanguage\":\"pt-BR\",\"@id\":\"https:\/\/www.institutodeengenharia.org.br\/site\/#\/schema\/logo\/image\/\",\"url\":\"https:\/\/www.institutodeengenharia.org.br\/site\/wp-content\/uploads\/2019\/03\/logo-novo-IE2018-1.jpg\",\"contentUrl\":\"https:\/\/www.institutodeengenharia.org.br\/site\/wp-content\/uploads\/2019\/03\/logo-novo-IE2018-1.jpg\",\"width\":1486,\"height\":1879,\"caption\":\"Instituto de Engenharia\"},\"image\":{\"@id\":\"https:\/\/www.institutodeengenharia.org.br\/site\/#\/schema\/logo\/image\/\"},\"sameAs\":[\"https:\/\/www.facebook.com\/institutodeengenharia\",\"https:\/\/x.com\/iengenharia\",\"https:\/\/www.instagram.com\/institutodeengenharia\/\",\"https:\/\/www.linkedin.com\/company\/instituto-de-engenharia\/\",\"https:\/\/www.youtube.com\/channel\/UCXiCAlsSMe977vamW915HxA\"]},{\"@type\":\"Person\",\"@id\":\"https:\/\/www.institutodeengenharia.org.br\/site\/#\/schema\/person\/3b1ff109facef084739fc2edcb9a127f\",\"name\":\"TMax Tecnologia\",\"image\":{\"@type\":\"ImageObject\",\"inLanguage\":\"pt-BR\",\"@id\":\"https:\/\/secure.gravatar.com\/avatar\/f912434ef7f389c92cb311fcdae346af848465d638912574b3c669070f797701?s=96&d=mm&r=g\",\"url\":\"https:\/\/secure.gravatar.com\/avatar\/f912434ef7f389c92cb311fcdae346af848465d638912574b3c669070f797701?s=96&d=mm&r=g\",\"contentUrl\":\"https:\/\/secure.gravatar.com\/avatar\/f912434ef7f389c92cb311fcdae346af848465d638912574b3c669070f797701?s=96&d=mm&r=g\",\"caption\":\"TMax Tecnologia\"},\"url\":\"https:\/\/www.institutodeengenharia.org.br\/site\/author\/tmax\/\"}]}<\/script>\n<!-- \/ Yoast SEO plugin. -->","yoast_head_json":{"title":"Come\u00e7a corrida por minera\u00e7\u00e3o no fundo do mar - Instituto de Engenharia","robots":{"index":"index","follow":"follow","max-snippet":"max-snippet:-1","max-image-preview":"max-image-preview:large","max-video-preview":"max-video-preview:-1"},"canonical":"https:\/\/www.institutodeengenharia.org.br\/site\/2013\/05\/21\/comeca-corrida-por-mineracao-no-fundo-do-mar\/","og_locale":"pt_BR","og_type":"article","og_title":"Come\u00e7a corrida por minera\u00e7\u00e3o no fundo do mar - Instituto de Engenharia","og_description":"As perspectivas de uma &#8220;corrida do ouro&#8221; nas profundezas do mar, abrindo um pol\u00eamico caminho para a minera\u00e7\u00e3o no leito oce\u00e2nico, est\u00e3o mais pr\u00f3ximas. A ONU acaba de publicar seu primeiro plano para o gerenciamento da extra\u00e7\u00e3o dos chamados &#8220;n\u00f3dulos&#8221; &#8211; pequenas rochas ricas em minerais &#8211; do fundo do mar. Um estudo t\u00e9cnico promovido [&hellip;]","og_url":"https:\/\/www.institutodeengenharia.org.br\/site\/2013\/05\/21\/comeca-corrida-por-mineracao-no-fundo-do-mar\/","og_site_name":"Instituto de Engenharia","article_publisher":"https:\/\/www.facebook.com\/institutodeengenharia","article_published_time":"2013-05-21T23:51:32+00:00","author":"TMax Tecnologia","twitter_card":"summary_large_image","twitter_creator":"@iengenharia","twitter_site":"@iengenharia","twitter_misc":{"Escrito por":"TMax Tecnologia","Est. tempo de leitura":"4 minutos"},"schema":{"@context":"https:\/\/schema.org","@graph":[{"@type":"Article","@id":"https:\/\/www.institutodeengenharia.org.br\/site\/2013\/05\/21\/comeca-corrida-por-mineracao-no-fundo-do-mar\/#article","isPartOf":{"@id":"https:\/\/www.institutodeengenharia.org.br\/site\/2013\/05\/21\/comeca-corrida-por-mineracao-no-fundo-do-mar\/"},"author":{"name":"TMax Tecnologia","@id":"https:\/\/www.institutodeengenharia.org.br\/site\/#\/schema\/person\/3b1ff109facef084739fc2edcb9a127f"},"headline":"Come\u00e7a corrida por minera\u00e7\u00e3o no fundo do mar","datePublished":"2013-05-21T23:51:32+00:00","mainEntityOfPage":{"@id":"https:\/\/www.institutodeengenharia.org.br\/site\/2013\/05\/21\/comeca-corrida-por-mineracao-no-fundo-do-mar\/"},"wordCount":864,"commentCount":0,"publisher":{"@id":"https:\/\/www.institutodeengenharia.org.br\/site\/#organization"},"articleSection":["Meio Ambiente","Not\u00edcias"],"inLanguage":"pt-BR","potentialAction":[{"@type":"CommentAction","name":"Comment","target":["https:\/\/www.institutodeengenharia.org.br\/site\/2013\/05\/21\/comeca-corrida-por-mineracao-no-fundo-do-mar\/#respond"]}]},{"@type":"WebPage","@id":"https:\/\/www.institutodeengenharia.org.br\/site\/2013\/05\/21\/comeca-corrida-por-mineracao-no-fundo-do-mar\/","url":"https:\/\/www.institutodeengenharia.org.br\/site\/2013\/05\/21\/comeca-corrida-por-mineracao-no-fundo-do-mar\/","name":"Come\u00e7a corrida por minera\u00e7\u00e3o no fundo do mar - Instituto de Engenharia","isPartOf":{"@id":"https:\/\/www.institutodeengenharia.org.br\/site\/#website"},"datePublished":"2013-05-21T23:51:32+00:00","breadcrumb":{"@id":"https:\/\/www.institutodeengenharia.org.br\/site\/2013\/05\/21\/comeca-corrida-por-mineracao-no-fundo-do-mar\/#breadcrumb"},"inLanguage":"pt-BR","potentialAction":[{"@type":"ReadAction","target":["https:\/\/www.institutodeengenharia.org.br\/site\/2013\/05\/21\/comeca-corrida-por-mineracao-no-fundo-do-mar\/"]}]},{"@type":"BreadcrumbList","@id":"https:\/\/www.institutodeengenharia.org.br\/site\/2013\/05\/21\/comeca-corrida-por-mineracao-no-fundo-do-mar\/#breadcrumb","itemListElement":[{"@type":"ListItem","position":1,"name":"In\u00edcio","item":"https:\/\/www.institutodeengenharia.org.br\/site\/"},{"@type":"ListItem","position":2,"name":"Come\u00e7a corrida por minera\u00e7\u00e3o no fundo do mar"}]},{"@type":"WebSite","@id":"https:\/\/www.institutodeengenharia.org.br\/site\/#website","url":"https:\/\/www.institutodeengenharia.org.br\/site\/","name":"Instituto de Engenharia","description":"O Instituto de Engenharia promove a Engenharia em benef\u00edcio do desenvolvimento e da qualidade de vida da sociedade.","publisher":{"@id":"https:\/\/www.institutodeengenharia.org.br\/site\/#organization"},"potentialAction":[{"@type":"SearchAction","target":{"@type":"EntryPoint","urlTemplate":"https:\/\/www.institutodeengenharia.org.br\/site\/?s={search_term_string}"},"query-input":{"@type":"PropertyValueSpecification","valueRequired":true,"valueName":"search_term_string"}}],"inLanguage":"pt-BR"},{"@type":"Organization","@id":"https:\/\/www.institutodeengenharia.org.br\/site\/#organization","name":"Instituto de Engenharia","url":"https:\/\/www.institutodeengenharia.org.br\/site\/","logo":{"@type":"ImageObject","inLanguage":"pt-BR","@id":"https:\/\/www.institutodeengenharia.org.br\/site\/#\/schema\/logo\/image\/","url":"https:\/\/www.institutodeengenharia.org.br\/site\/wp-content\/uploads\/2019\/03\/logo-novo-IE2018-1.jpg","contentUrl":"https:\/\/www.institutodeengenharia.org.br\/site\/wp-content\/uploads\/2019\/03\/logo-novo-IE2018-1.jpg","width":1486,"height":1879,"caption":"Instituto de Engenharia"},"image":{"@id":"https:\/\/www.institutodeengenharia.org.br\/site\/#\/schema\/logo\/image\/"},"sameAs":["https:\/\/www.facebook.com\/institutodeengenharia","https:\/\/x.com\/iengenharia","https:\/\/www.instagram.com\/institutodeengenharia\/","https:\/\/www.linkedin.com\/company\/instituto-de-engenharia\/","https:\/\/www.youtube.com\/channel\/UCXiCAlsSMe977vamW915HxA"]},{"@type":"Person","@id":"https:\/\/www.institutodeengenharia.org.br\/site\/#\/schema\/person\/3b1ff109facef084739fc2edcb9a127f","name":"TMax Tecnologia","image":{"@type":"ImageObject","inLanguage":"pt-BR","@id":"https:\/\/secure.gravatar.com\/avatar\/f912434ef7f389c92cb311fcdae346af848465d638912574b3c669070f797701?s=96&d=mm&r=g","url":"https:\/\/secure.gravatar.com\/avatar\/f912434ef7f389c92cb311fcdae346af848465d638912574b3c669070f797701?s=96&d=mm&r=g","contentUrl":"https:\/\/secure.gravatar.com\/avatar\/f912434ef7f389c92cb311fcdae346af848465d638912574b3c669070f797701?s=96&d=mm&r=g","caption":"TMax Tecnologia"},"url":"https:\/\/www.institutodeengenharia.org.br\/site\/author\/tmax\/"}]}},"_links":{"self":[{"href":"https:\/\/www.institutodeengenharia.org.br\/site\/wp-json\/wp\/v2\/posts\/23448","targetHints":{"allow":["GET"]}}],"collection":[{"href":"https:\/\/www.institutodeengenharia.org.br\/site\/wp-json\/wp\/v2\/posts"}],"about":[{"href":"https:\/\/www.institutodeengenharia.org.br\/site\/wp-json\/wp\/v2\/types\/post"}],"author":[{"embeddable":true,"href":"https:\/\/www.institutodeengenharia.org.br\/site\/wp-json\/wp\/v2\/users\/1"}],"replies":[{"embeddable":true,"href":"https:\/\/www.institutodeengenharia.org.br\/site\/wp-json\/wp\/v2\/comments?post=23448"}],"version-history":[{"count":0,"href":"https:\/\/www.institutodeengenharia.org.br\/site\/wp-json\/wp\/v2\/posts\/23448\/revisions"}],"wp:attachment":[{"href":"https:\/\/www.institutodeengenharia.org.br\/site\/wp-json\/wp\/v2\/media?parent=23448"}],"wp:term":[{"taxonomy":"category","embeddable":true,"href":"https:\/\/www.institutodeengenharia.org.br\/site\/wp-json\/wp\/v2\/categories?post=23448"},{"taxonomy":"post_tag","embeddable":true,"href":"https:\/\/www.institutodeengenharia.org.br\/site\/wp-json\/wp\/v2\/tags?post=23448"}],"curies":[{"name":"wp","href":"https:\/\/api.w.org\/{rel}","templated":true}]}}