{"id":23444,"date":"2013-05-17T23:51:29","date_gmt":"2013-05-17T23:51:29","guid":{"rendered":"https:\/\/www.institutodeengenharia.org.br\/?p=23444"},"modified":"2013-05-17T11:35:40","modified_gmt":"2013-05-17T11:35:40","slug":"conheca-a-fabrica-movida-a-energia-eolica-que-faz-cadeiras-lencos-e-almofadas","status":"publish","type":"post","link":"https:\/\/www.institutodeengenharia.org.br\/site\/2013\/05\/17\/conheca-a-fabrica-movida-a-energia-eolica-que-faz-cadeiras-lencos-e-almofadas\/","title":{"rendered":"Conhe\u00e7a a f\u00e1brica movida a energia e\u00f3lica que faz cadeiras, len\u00e7os e almofadas"},"content":{"rendered":"<p><iframe loading=\"lazy\" height=\"300\" src=\"http:\/\/player.vimeo.com\/video\/66067378\" frameborder=\"0\" width=\"400\" allowfullscreen=\"\" mozallowfullscreen=\"\" webkitallowfullscreen=\"\"><\/iframe><\/p>\n<p>\nN\u00e3o \u00e9 sempre que falamos sobre engenharia e costura na mesma frase. Mas Merel Karhof, uma designer holandesa, \u00e9 especialista nas duas coisas.&nbsp;<\/p>\n<p>Voc\u00ea deve se lembrar de Karhof do projeto dela de 2010, a F\u00e1brica E\u00f3lica de Costura, uma m\u00e1quina de costura alimentada por um pequeno moinho de vento. Feito do zero, o moinho de 1,20m alavancada pelo vento alimenta um pequeno tear circular, que mexe nos len\u00e7os e tecidos com uma velocidade mec\u00e2nica tranquila. Karhof \u201ccolhe\u201d o tecido a cada um ou dois dias (dependendo do clima) e vende em seu site, juntamente com uma marca que indica quanto tempo demorou para fazer ser feito.&nbsp;<\/p>\n<p>Nesta semana Karhouf mostrou a Windworks, um projeto que pega suas ideia sobre energia e\u00f3lica e coloca um passo adiante. Localizada em um moinho do litoral da sua terra natal Holanda, a instala\u00e7\u00e3o produz mob\u00edlias cortadas e tingidas com \u201c\u201duma fonte de energia gratuita e inesgot\u00e1vel, o vento.\u201d Como funciona? Primeiro, a madeira para as cadeiras \u00e9 cortada por uma serra. Depois, a l\u00e3 \u00e9 tingida usando pigmentos de terra em uma f\u00e1brica nas proximidades. E, por fim, a m\u00e1quina de costurar e\u00f3lica transforma a l\u00e1 em almofadas em tons pasteis para os m\u00f3veis de madeira, junto com len\u00e7os e travesseiros que os visitantes podem comprar em um quiosque no cais ao lado. \u201cCada cachecol recebe uma etiqueta que fala o tempo e data que foi feito\u201d, explica Karhof. \u201cEsta f\u00e1brica m\u00f3vel e\u00f3lica ilustra um processo de produ\u00e7\u00e3o e visualiza como voc\u00ea pode produzir com o vento urbano.\u201d&nbsp;<\/p>\n<p>N\u00f3s falamos bastante sobre artes\u00e3os se aproveitando de energia solar. Mas energia e\u00f3lica, uma das primeiras fontes de energia que humanos conseguiram dominar (depois do fogo), n\u00e3o aparece muito em escala individual, provavelmente porque o poder do vento \u00e9 dif\u00edcil de prever e modular. \u00c9 a\u00ed que as m\u00e1quinas de Karhof se destacam: sua nova m\u00e1quina e\u00f3lica inclui um dispositivo articulado com uma fl\u00e2mula que transforma a m\u00e1quina quando o vento fica muito r\u00e1pido. Desta forma, ela pode se desligar sem ficar sobrecarregada \u2013 tornando a Windworks quase totalmente aut\u00f4noma.<\/p>\n<p><b>Autor: GizModo<\/b><\/p>\n","protected":false},"excerpt":{"rendered":"<p>N\u00e3o \u00e9 sempre que falamos sobre engenharia e costura na mesma frase. Mas Merel Karhof, uma designer holandesa, \u00e9 especialista nas duas coisas.&nbsp; Voc\u00ea deve se lembrar de Karhof do projeto dela de 2010, a F\u00e1brica E\u00f3lica de Costura, uma m\u00e1quina de costura alimentada por um pequeno moinho de vento. Feito do zero, o moinho [&hellip;]<\/p>\n","protected":false},"author":1,"featured_media":0,"comment_status":"open","ping_status":"open","sticky":false,"template":"","format":"standard","meta":{"footnotes":""},"categories":[24,6],"tags":[],"class_list":{"0":"post-23444","1":"post","2":"type-post","3":"status-publish","4":"format-standard","6":"category-energia","7":"category-noticias"},"yoast_head":"<!-- This site is optimized with the Yoast SEO plugin v27.2 - https:\/\/yoast.com\/product\/yoast-seo-wordpress\/ -->\n<title>Conhe\u00e7a a f\u00e1brica movida a energia e\u00f3lica que faz cadeiras, len\u00e7os e almofadas - Instituto de Engenharia<\/title>\n<meta name=\"robots\" content=\"index, follow, max-snippet:-1, max-image-preview:large, max-video-preview:-1\" \/>\n<link rel=\"canonical\" href=\"https:\/\/www.institutodeengenharia.org.br\/site\/2013\/05\/17\/conheca-a-fabrica-movida-a-energia-eolica-que-faz-cadeiras-lencos-e-almofadas\/\" \/>\n<meta property=\"og:locale\" content=\"pt_BR\" \/>\n<meta property=\"og:type\" content=\"article\" \/>\n<meta property=\"og:title\" content=\"Conhe\u00e7a a f\u00e1brica movida a energia e\u00f3lica que faz cadeiras, len\u00e7os e almofadas - Instituto de Engenharia\" \/>\n<meta property=\"og:description\" content=\"N\u00e3o \u00e9 sempre que falamos sobre engenharia e costura na mesma frase. Mas Merel Karhof, uma designer holandesa, \u00e9 especialista nas duas coisas.&nbsp; Voc\u00ea deve se lembrar de Karhof do projeto dela de 2010, a F\u00e1brica E\u00f3lica de Costura, uma m\u00e1quina de costura alimentada por um pequeno moinho de vento. Feito do zero, o moinho [&hellip;]\" \/>\n<meta property=\"og:url\" content=\"https:\/\/www.institutodeengenharia.org.br\/site\/2013\/05\/17\/conheca-a-fabrica-movida-a-energia-eolica-que-faz-cadeiras-lencos-e-almofadas\/\" \/>\n<meta property=\"og:site_name\" content=\"Instituto de Engenharia\" \/>\n<meta property=\"article:publisher\" content=\"https:\/\/www.facebook.com\/institutodeengenharia\" \/>\n<meta property=\"article:published_time\" content=\"2013-05-17T23:51:29+00:00\" \/>\n<meta name=\"author\" content=\"TMax Tecnologia\" \/>\n<meta name=\"twitter:card\" content=\"summary_large_image\" \/>\n<meta name=\"twitter:creator\" content=\"@iengenharia\" \/>\n<meta name=\"twitter:site\" content=\"@iengenharia\" \/>\n<meta name=\"twitter:label1\" content=\"Escrito por\" \/>\n\t<meta name=\"twitter:data1\" content=\"TMax Tecnologia\" \/>\n\t<meta name=\"twitter:label2\" content=\"Est. tempo de leitura\" \/>\n\t<meta name=\"twitter:data2\" content=\"2 minutos\" \/>\n<script type=\"application\/ld+json\" class=\"yoast-schema-graph\">{\"@context\":\"https:\/\/schema.org\",\"@graph\":[{\"@type\":\"Article\",\"@id\":\"https:\/\/www.institutodeengenharia.org.br\/site\/2013\/05\/17\/conheca-a-fabrica-movida-a-energia-eolica-que-faz-cadeiras-lencos-e-almofadas\/#article\",\"isPartOf\":{\"@id\":\"https:\/\/www.institutodeengenharia.org.br\/site\/2013\/05\/17\/conheca-a-fabrica-movida-a-energia-eolica-que-faz-cadeiras-lencos-e-almofadas\/\"},\"author\":{\"name\":\"TMax Tecnologia\",\"@id\":\"https:\/\/www.institutodeengenharia.org.br\/site\/#\/schema\/person\/3b1ff109facef084739fc2edcb9a127f\"},\"headline\":\"Conhe\u00e7a a f\u00e1brica movida a energia e\u00f3lica que faz cadeiras, len\u00e7os e almofadas\",\"datePublished\":\"2013-05-17T23:51:29+00:00\",\"mainEntityOfPage\":{\"@id\":\"https:\/\/www.institutodeengenharia.org.br\/site\/2013\/05\/17\/conheca-a-fabrica-movida-a-energia-eolica-que-faz-cadeiras-lencos-e-almofadas\/\"},\"wordCount\":390,\"commentCount\":0,\"publisher\":{\"@id\":\"https:\/\/www.institutodeengenharia.org.br\/site\/#organization\"},\"articleSection\":[\"Energia\",\"Not\u00edcias\"],\"inLanguage\":\"pt-BR\",\"potentialAction\":[{\"@type\":\"CommentAction\",\"name\":\"Comment\",\"target\":[\"https:\/\/www.institutodeengenharia.org.br\/site\/2013\/05\/17\/conheca-a-fabrica-movida-a-energia-eolica-que-faz-cadeiras-lencos-e-almofadas\/#respond\"]}]},{\"@type\":\"WebPage\",\"@id\":\"https:\/\/www.institutodeengenharia.org.br\/site\/2013\/05\/17\/conheca-a-fabrica-movida-a-energia-eolica-que-faz-cadeiras-lencos-e-almofadas\/\",\"url\":\"https:\/\/www.institutodeengenharia.org.br\/site\/2013\/05\/17\/conheca-a-fabrica-movida-a-energia-eolica-que-faz-cadeiras-lencos-e-almofadas\/\",\"name\":\"Conhe\u00e7a a f\u00e1brica movida a energia e\u00f3lica que faz cadeiras, len\u00e7os e almofadas - Instituto de Engenharia\",\"isPartOf\":{\"@id\":\"https:\/\/www.institutodeengenharia.org.br\/site\/#website\"},\"datePublished\":\"2013-05-17T23:51:29+00:00\",\"breadcrumb\":{\"@id\":\"https:\/\/www.institutodeengenharia.org.br\/site\/2013\/05\/17\/conheca-a-fabrica-movida-a-energia-eolica-que-faz-cadeiras-lencos-e-almofadas\/#breadcrumb\"},\"inLanguage\":\"pt-BR\",\"potentialAction\":[{\"@type\":\"ReadAction\",\"target\":[\"https:\/\/www.institutodeengenharia.org.br\/site\/2013\/05\/17\/conheca-a-fabrica-movida-a-energia-eolica-que-faz-cadeiras-lencos-e-almofadas\/\"]}]},{\"@type\":\"BreadcrumbList\",\"@id\":\"https:\/\/www.institutodeengenharia.org.br\/site\/2013\/05\/17\/conheca-a-fabrica-movida-a-energia-eolica-que-faz-cadeiras-lencos-e-almofadas\/#breadcrumb\",\"itemListElement\":[{\"@type\":\"ListItem\",\"position\":1,\"name\":\"In\u00edcio\",\"item\":\"https:\/\/www.institutodeengenharia.org.br\/site\/\"},{\"@type\":\"ListItem\",\"position\":2,\"name\":\"Conhe\u00e7a a f\u00e1brica movida a energia e\u00f3lica que faz cadeiras, len\u00e7os e almofadas\"}]},{\"@type\":\"WebSite\",\"@id\":\"https:\/\/www.institutodeengenharia.org.br\/site\/#website\",\"url\":\"https:\/\/www.institutodeengenharia.org.br\/site\/\",\"name\":\"Instituto de Engenharia\",\"description\":\"O Instituto de Engenharia promove a Engenharia em benef\u00edcio do desenvolvimento e da qualidade de vida da sociedade.\",\"publisher\":{\"@id\":\"https:\/\/www.institutodeengenharia.org.br\/site\/#organization\"},\"potentialAction\":[{\"@type\":\"SearchAction\",\"target\":{\"@type\":\"EntryPoint\",\"urlTemplate\":\"https:\/\/www.institutodeengenharia.org.br\/site\/?s={search_term_string}\"},\"query-input\":{\"@type\":\"PropertyValueSpecification\",\"valueRequired\":true,\"valueName\":\"search_term_string\"}}],\"inLanguage\":\"pt-BR\"},{\"@type\":\"Organization\",\"@id\":\"https:\/\/www.institutodeengenharia.org.br\/site\/#organization\",\"name\":\"Instituto de Engenharia\",\"url\":\"https:\/\/www.institutodeengenharia.org.br\/site\/\",\"logo\":{\"@type\":\"ImageObject\",\"inLanguage\":\"pt-BR\",\"@id\":\"https:\/\/www.institutodeengenharia.org.br\/site\/#\/schema\/logo\/image\/\",\"url\":\"https:\/\/www.institutodeengenharia.org.br\/site\/wp-content\/uploads\/2019\/03\/logo-novo-IE2018-1.jpg\",\"contentUrl\":\"https:\/\/www.institutodeengenharia.org.br\/site\/wp-content\/uploads\/2019\/03\/logo-novo-IE2018-1.jpg\",\"width\":1486,\"height\":1879,\"caption\":\"Instituto de Engenharia\"},\"image\":{\"@id\":\"https:\/\/www.institutodeengenharia.org.br\/site\/#\/schema\/logo\/image\/\"},\"sameAs\":[\"https:\/\/www.facebook.com\/institutodeengenharia\",\"https:\/\/x.com\/iengenharia\",\"https:\/\/www.instagram.com\/institutodeengenharia\/\",\"https:\/\/www.linkedin.com\/company\/instituto-de-engenharia\/\",\"https:\/\/www.youtube.com\/channel\/UCXiCAlsSMe977vamW915HxA\"]},{\"@type\":\"Person\",\"@id\":\"https:\/\/www.institutodeengenharia.org.br\/site\/#\/schema\/person\/3b1ff109facef084739fc2edcb9a127f\",\"name\":\"TMax Tecnologia\",\"image\":{\"@type\":\"ImageObject\",\"inLanguage\":\"pt-BR\",\"@id\":\"https:\/\/secure.gravatar.com\/avatar\/f912434ef7f389c92cb311fcdae346af848465d638912574b3c669070f797701?s=96&d=mm&r=g\",\"url\":\"https:\/\/secure.gravatar.com\/avatar\/f912434ef7f389c92cb311fcdae346af848465d638912574b3c669070f797701?s=96&d=mm&r=g\",\"contentUrl\":\"https:\/\/secure.gravatar.com\/avatar\/f912434ef7f389c92cb311fcdae346af848465d638912574b3c669070f797701?s=96&d=mm&r=g\",\"caption\":\"TMax Tecnologia\"},\"url\":\"https:\/\/www.institutodeengenharia.org.br\/site\/author\/tmax\/\"}]}<\/script>\n<!-- \/ Yoast SEO plugin. -->","yoast_head_json":{"title":"Conhe\u00e7a a f\u00e1brica movida a energia e\u00f3lica que faz cadeiras, len\u00e7os e almofadas - Instituto de Engenharia","robots":{"index":"index","follow":"follow","max-snippet":"max-snippet:-1","max-image-preview":"max-image-preview:large","max-video-preview":"max-video-preview:-1"},"canonical":"https:\/\/www.institutodeengenharia.org.br\/site\/2013\/05\/17\/conheca-a-fabrica-movida-a-energia-eolica-que-faz-cadeiras-lencos-e-almofadas\/","og_locale":"pt_BR","og_type":"article","og_title":"Conhe\u00e7a a f\u00e1brica movida a energia e\u00f3lica que faz cadeiras, len\u00e7os e almofadas - Instituto de Engenharia","og_description":"N\u00e3o \u00e9 sempre que falamos sobre engenharia e costura na mesma frase. Mas Merel Karhof, uma designer holandesa, \u00e9 especialista nas duas coisas.&nbsp; Voc\u00ea deve se lembrar de Karhof do projeto dela de 2010, a F\u00e1brica E\u00f3lica de Costura, uma m\u00e1quina de costura alimentada por um pequeno moinho de vento. Feito do zero, o moinho [&hellip;]","og_url":"https:\/\/www.institutodeengenharia.org.br\/site\/2013\/05\/17\/conheca-a-fabrica-movida-a-energia-eolica-que-faz-cadeiras-lencos-e-almofadas\/","og_site_name":"Instituto de Engenharia","article_publisher":"https:\/\/www.facebook.com\/institutodeengenharia","article_published_time":"2013-05-17T23:51:29+00:00","author":"TMax Tecnologia","twitter_card":"summary_large_image","twitter_creator":"@iengenharia","twitter_site":"@iengenharia","twitter_misc":{"Escrito por":"TMax Tecnologia","Est. tempo de leitura":"2 minutos"},"schema":{"@context":"https:\/\/schema.org","@graph":[{"@type":"Article","@id":"https:\/\/www.institutodeengenharia.org.br\/site\/2013\/05\/17\/conheca-a-fabrica-movida-a-energia-eolica-que-faz-cadeiras-lencos-e-almofadas\/#article","isPartOf":{"@id":"https:\/\/www.institutodeengenharia.org.br\/site\/2013\/05\/17\/conheca-a-fabrica-movida-a-energia-eolica-que-faz-cadeiras-lencos-e-almofadas\/"},"author":{"name":"TMax Tecnologia","@id":"https:\/\/www.institutodeengenharia.org.br\/site\/#\/schema\/person\/3b1ff109facef084739fc2edcb9a127f"},"headline":"Conhe\u00e7a a f\u00e1brica movida a energia e\u00f3lica que faz cadeiras, len\u00e7os e almofadas","datePublished":"2013-05-17T23:51:29+00:00","mainEntityOfPage":{"@id":"https:\/\/www.institutodeengenharia.org.br\/site\/2013\/05\/17\/conheca-a-fabrica-movida-a-energia-eolica-que-faz-cadeiras-lencos-e-almofadas\/"},"wordCount":390,"commentCount":0,"publisher":{"@id":"https:\/\/www.institutodeengenharia.org.br\/site\/#organization"},"articleSection":["Energia","Not\u00edcias"],"inLanguage":"pt-BR","potentialAction":[{"@type":"CommentAction","name":"Comment","target":["https:\/\/www.institutodeengenharia.org.br\/site\/2013\/05\/17\/conheca-a-fabrica-movida-a-energia-eolica-que-faz-cadeiras-lencos-e-almofadas\/#respond"]}]},{"@type":"WebPage","@id":"https:\/\/www.institutodeengenharia.org.br\/site\/2013\/05\/17\/conheca-a-fabrica-movida-a-energia-eolica-que-faz-cadeiras-lencos-e-almofadas\/","url":"https:\/\/www.institutodeengenharia.org.br\/site\/2013\/05\/17\/conheca-a-fabrica-movida-a-energia-eolica-que-faz-cadeiras-lencos-e-almofadas\/","name":"Conhe\u00e7a a f\u00e1brica movida a energia e\u00f3lica que faz cadeiras, len\u00e7os e almofadas - Instituto de Engenharia","isPartOf":{"@id":"https:\/\/www.institutodeengenharia.org.br\/site\/#website"},"datePublished":"2013-05-17T23:51:29+00:00","breadcrumb":{"@id":"https:\/\/www.institutodeengenharia.org.br\/site\/2013\/05\/17\/conheca-a-fabrica-movida-a-energia-eolica-que-faz-cadeiras-lencos-e-almofadas\/#breadcrumb"},"inLanguage":"pt-BR","potentialAction":[{"@type":"ReadAction","target":["https:\/\/www.institutodeengenharia.org.br\/site\/2013\/05\/17\/conheca-a-fabrica-movida-a-energia-eolica-que-faz-cadeiras-lencos-e-almofadas\/"]}]},{"@type":"BreadcrumbList","@id":"https:\/\/www.institutodeengenharia.org.br\/site\/2013\/05\/17\/conheca-a-fabrica-movida-a-energia-eolica-que-faz-cadeiras-lencos-e-almofadas\/#breadcrumb","itemListElement":[{"@type":"ListItem","position":1,"name":"In\u00edcio","item":"https:\/\/www.institutodeengenharia.org.br\/site\/"},{"@type":"ListItem","position":2,"name":"Conhe\u00e7a a f\u00e1brica movida a energia e\u00f3lica que faz cadeiras, len\u00e7os e almofadas"}]},{"@type":"WebSite","@id":"https:\/\/www.institutodeengenharia.org.br\/site\/#website","url":"https:\/\/www.institutodeengenharia.org.br\/site\/","name":"Instituto de Engenharia","description":"O Instituto de Engenharia promove a Engenharia em benef\u00edcio do desenvolvimento e da qualidade de vida da sociedade.","publisher":{"@id":"https:\/\/www.institutodeengenharia.org.br\/site\/#organization"},"potentialAction":[{"@type":"SearchAction","target":{"@type":"EntryPoint","urlTemplate":"https:\/\/www.institutodeengenharia.org.br\/site\/?s={search_term_string}"},"query-input":{"@type":"PropertyValueSpecification","valueRequired":true,"valueName":"search_term_string"}}],"inLanguage":"pt-BR"},{"@type":"Organization","@id":"https:\/\/www.institutodeengenharia.org.br\/site\/#organization","name":"Instituto de Engenharia","url":"https:\/\/www.institutodeengenharia.org.br\/site\/","logo":{"@type":"ImageObject","inLanguage":"pt-BR","@id":"https:\/\/www.institutodeengenharia.org.br\/site\/#\/schema\/logo\/image\/","url":"https:\/\/www.institutodeengenharia.org.br\/site\/wp-content\/uploads\/2019\/03\/logo-novo-IE2018-1.jpg","contentUrl":"https:\/\/www.institutodeengenharia.org.br\/site\/wp-content\/uploads\/2019\/03\/logo-novo-IE2018-1.jpg","width":1486,"height":1879,"caption":"Instituto de Engenharia"},"image":{"@id":"https:\/\/www.institutodeengenharia.org.br\/site\/#\/schema\/logo\/image\/"},"sameAs":["https:\/\/www.facebook.com\/institutodeengenharia","https:\/\/x.com\/iengenharia","https:\/\/www.instagram.com\/institutodeengenharia\/","https:\/\/www.linkedin.com\/company\/instituto-de-engenharia\/","https:\/\/www.youtube.com\/channel\/UCXiCAlsSMe977vamW915HxA"]},{"@type":"Person","@id":"https:\/\/www.institutodeengenharia.org.br\/site\/#\/schema\/person\/3b1ff109facef084739fc2edcb9a127f","name":"TMax Tecnologia","image":{"@type":"ImageObject","inLanguage":"pt-BR","@id":"https:\/\/secure.gravatar.com\/avatar\/f912434ef7f389c92cb311fcdae346af848465d638912574b3c669070f797701?s=96&d=mm&r=g","url":"https:\/\/secure.gravatar.com\/avatar\/f912434ef7f389c92cb311fcdae346af848465d638912574b3c669070f797701?s=96&d=mm&r=g","contentUrl":"https:\/\/secure.gravatar.com\/avatar\/f912434ef7f389c92cb311fcdae346af848465d638912574b3c669070f797701?s=96&d=mm&r=g","caption":"TMax Tecnologia"},"url":"https:\/\/www.institutodeengenharia.org.br\/site\/author\/tmax\/"}]}},"_links":{"self":[{"href":"https:\/\/www.institutodeengenharia.org.br\/site\/wp-json\/wp\/v2\/posts\/23444","targetHints":{"allow":["GET"]}}],"collection":[{"href":"https:\/\/www.institutodeengenharia.org.br\/site\/wp-json\/wp\/v2\/posts"}],"about":[{"href":"https:\/\/www.institutodeengenharia.org.br\/site\/wp-json\/wp\/v2\/types\/post"}],"author":[{"embeddable":true,"href":"https:\/\/www.institutodeengenharia.org.br\/site\/wp-json\/wp\/v2\/users\/1"}],"replies":[{"embeddable":true,"href":"https:\/\/www.institutodeengenharia.org.br\/site\/wp-json\/wp\/v2\/comments?post=23444"}],"version-history":[{"count":0,"href":"https:\/\/www.institutodeengenharia.org.br\/site\/wp-json\/wp\/v2\/posts\/23444\/revisions"}],"wp:attachment":[{"href":"https:\/\/www.institutodeengenharia.org.br\/site\/wp-json\/wp\/v2\/media?parent=23444"}],"wp:term":[{"taxonomy":"category","embeddable":true,"href":"https:\/\/www.institutodeengenharia.org.br\/site\/wp-json\/wp\/v2\/categories?post=23444"},{"taxonomy":"post_tag","embeddable":true,"href":"https:\/\/www.institutodeengenharia.org.br\/site\/wp-json\/wp\/v2\/tags?post=23444"}],"curies":[{"name":"wp","href":"https:\/\/api.w.org\/{rel}","templated":true}]}}