{"id":23361,"date":"2013-04-29T23:50:42","date_gmt":"2013-04-29T23:50:42","guid":{"rendered":"https:\/\/www.institutodeengenharia.org.br\/?p=23361"},"modified":"2013-04-29T16:04:24","modified_gmt":"2013-04-29T16:04:24","slug":"poliusp-abre-inscricoes-para-posgraduacao-em-tecnologia-e-gestao-na-producao-de-edificios","status":"publish","type":"post","link":"https:\/\/www.institutodeengenharia.org.br\/site\/2013\/04\/29\/poliusp-abre-inscricoes-para-posgraduacao-em-tecnologia-e-gestao-na-producao-de-edificios\/","title":{"rendered":"Poli-USP abre inscri\u00e7\u00f5es para p\u00f3s-gradua\u00e7\u00e3o em Tecnologia e Gest\u00e3o na Produ\u00e7\u00e3o de Edif\u00edcios"},"content":{"rendered":"<p>Est\u00e3o abertas as inscri\u00e7\u00f5es para a 14\u00aa turma do curso de p\u00f3s-gradua\u00e7\u00e3o lato sensu em Tecnologia e Gest\u00e3o na Produ\u00e7\u00e3o de Edif\u00edcios, oferecido pelo Programa Poli-Integra da Escola Polit\u00e9cnica da Universidade de S\u00e3o Paulo (Poli-USP). Voltado para engenheiros e arquitetos que atuam na produ\u00e7\u00e3o de edif\u00edcios, o curso tem o objetivo de desenvolver e aprimorar conhecimentos relacionados a novas tecnologias e formas de gest\u00e3o da produ\u00e7\u00e3o de empreendimentos.&nbsp;<\/p>\n<p>O curso prepara os profissionais que atuam na \u00e1rea de constru\u00e7\u00e3o de edif\u00edcios para a escolha e implanta\u00e7\u00e3o de tecnologias voltadas ao planejamento, organiza\u00e7\u00e3o e produ\u00e7\u00e3o de edif\u00edcios. Al\u00e9m disso, os participantes s\u00e3o estimulados a aprimorar a habilidade de pensar previamente a produ\u00e7\u00e3o da obra e desenvolver o chamado \u201cprojeto para constru\u00e7\u00e3o\u201d \u2013 ou seja, o projeto do processo de produ\u00e7\u00e3o como um todo.&nbsp;<\/p>\n<p>\u201cO curso capacita os profissionais para atender \u00e0s necessidades atuais do setor, que mudou muito com o aquecimento do mercado de constru\u00e7\u00e3o civil nos \u00faltimos anos\u201d, resume o coordenador da especializa\u00e7\u00e3o, o Prof. Dr. Francisco Cardoso, do Departamento de Engenharia de Constru\u00e7\u00e3o Civil da Poli-USP. De acordo com Cardoso, hoje as empresas do setor enfrentam o desafio de construir empreendimentos cada vez mais rapidamente, com recursos limitados e com qualidade. \u201cEm fun\u00e7\u00e3o desta nova realidade, tem aumentado a procura por profissionais atualizados em rela\u00e7\u00e3o aos mais recentes conhecimentos sobre tecnologias e formas de gest\u00e3o da produ\u00e7\u00e3o de edif\u00edcios\u201d, destaca.&nbsp;<\/p>\n<p>Durante o curso, os profissionais t\u00eam a oportunidade de conhecer ou se atualizar em rela\u00e7\u00e3o aos avan\u00e7os em tecnologias de estruturas de concreto armado, veda\u00e7\u00f5es verticais, revestimentos e sistemas prediais e em gest\u00e3o da produ\u00e7\u00e3o. A disciplina sobre \u201cTecnologia de processos construtivos de alvenaria estrutural\u2019, por exemplo, aborda uma das tecnologias de grande import\u00e2ncia nos \u00faltimos anos por possibilitar construir empreendimentos econ\u00f4micos voltados, principalmente, para o mercado de baixa e m\u00e9dia renda, com velocidade e produtividade. Outra disciplina \u00e9 focada na organiza\u00e7\u00e3o de canteiros de obras com o objetivo de diminuir os impactos ambientais e assegurar a chamada produ\u00e7\u00e3o sustent\u00e1vel \u2013 hoje uma condi\u00e7\u00e3o estrat\u00e9gica para a competitividade de qualquer empresa do setor.&nbsp;<\/p>\n<p>Por sua vez, as disciplinas de gest\u00e3o da produ\u00e7\u00e3o abrangem processos como projetos, suprimentos, planejamento, custos, legisla\u00e7\u00e3o e recursos humanos, e t\u00eam o objetivo de preparar os profissionais para se adequarem \u00e0s exig\u00eancias e aos requisitos de desempenho que surgiram nos \u00faltimos anos. A partir do pr\u00f3ximo m\u00eas de julho, por exemplo, entrar\u00e1 em vigor a norma de desempenho de edifica\u00e7\u00f5es residenciais, a NBR 15.575. Publicada pela Associa\u00e7\u00e3o Brasileira de Normas T\u00e9cnicas (ABNT), a norma passar\u00e1 a ser exigida, a partir de julho de 2013, para todas as novas edifica\u00e7\u00f5es residenciais.&nbsp;<\/p>\n<p>\u201cO curso tamb\u00e9m d\u00e1 a possibilidade aos participantes de conhecerem melhor essa legisla\u00e7\u00e3o\u201d, diz a Profa. Dra. M\u00e9rcia Barros, coordenadora adjunta do curso.&nbsp;<\/p>\n<p>De acordo com a profa. Mercia, a gest\u00e3o da produ\u00e7\u00e3o de edif\u00edcios \u00e9 complementar \u00e0 gest\u00e3o da tecnologia e, por isso, s\u00e3o enfatizadas de igual forma durante o curso para que os participantes tenham um entendimento claro de que s\u00e3o \u00e1reas integradas. \u201cO curso tem uma abordagem tecnol\u00f3gica forte para que os participantes dominem essas tecnologias, mas sem perder a no\u00e7\u00e3o de que elas precisam ser inseridas no processo de produ\u00e7\u00e3o para se obter ganhos de desempenho e produtividade. E isso s\u00f3 \u00e9 poss\u00edvel por meio de novas formas de gest\u00e3o\u201d, avalia a profa. M\u00e9rcia&nbsp;<\/p>\n<p><strong>Teoria e pr\u00e1tica \u2013<\/strong> Com dois anos de dura\u00e7\u00e3o, a grade curricular do curso \u00e9 composta por 13 disciplinas obrigat\u00f3rias e duas optativas. Um dos diferenciais do curso \u00e9 que as disciplinas contam com dois tipos de professores \u2013 um docente da Escola Polit\u00e9cnica e um profissional com larga experi\u00eancia pr\u00e1tica e posi\u00e7\u00e3o de lideran\u00e7a no setor. A disciplina optativa sobre \u201cInova\u00e7\u00e3o tecnol\u00f3gica na produ\u00e7\u00e3o de edif\u00edcios\u201d, por exemplo, \u00e9 ministrada pela profa. Mercia e pelo engenheiro Alexandre Amado Britez, gerente de desenvolvimento tecnol\u00f3gico da construtora Cyrella e mestre em engenharia civil pela Poli-USP.&nbsp;<\/p>\n<p><strong>Servi\u00e7os<br \/>\n<\/strong><br \/>\nO curso de p\u00f3s-gradua\u00e7\u00e3o lato sensu em Tecnologia e Gest\u00e3o na Produ\u00e7\u00e3o de Edif\u00edcios (especializa\u00e7\u00e3o) ter\u00e1 in\u00edcio em agosto. As aulas ser\u00e3o ministradas das 19h30 \u00e0s 22h30, duas vezes por semana, nas depend\u00eancias da Escola Polit\u00e9cnica da USP, em S\u00e3o Paulo. Mais informa\u00e7\u00f5es e inscri\u00e7\u00f5es: <a target=\"_blank\" href=\"http:\/\/www.poli-integra.com.br\/\">http:\/\/www.poli-integra.com.br\/<\/a>. <\/p>\n<p><b>Autor: Assessoria de imprensa <\/b><\/p>\n","protected":false},"excerpt":{"rendered":"<p>Est\u00e3o abertas as inscri\u00e7\u00f5es para a 14\u00aa turma do curso de p\u00f3s-gradua\u00e7\u00e3o lato sensu em Tecnologia e Gest\u00e3o na Produ\u00e7\u00e3o de Edif\u00edcios, oferecido pelo Programa Poli-Integra da Escola Polit\u00e9cnica da Universidade de S\u00e3o Paulo (Poli-USP). Voltado para engenheiros e arquitetos que atuam na produ\u00e7\u00e3o de edif\u00edcios, o curso tem o objetivo de desenvolver e aprimorar [&hellip;]<\/p>\n","protected":false},"author":1,"featured_media":0,"comment_status":"open","ping_status":"open","sticky":false,"template":"","format":"standard","meta":{"footnotes":""},"categories":[6,35],"tags":[],"class_list":{"0":"post-23361","1":"post","2":"type-post","3":"status-publish","4":"format-standard","6":"category-noticias","7":"category-pesquisa-e-desenvolvimento"},"yoast_head":"<!-- This site is optimized with the Yoast SEO plugin v27.2 - https:\/\/yoast.com\/product\/yoast-seo-wordpress\/ -->\n<title>Poli-USP abre inscri\u00e7\u00f5es para p\u00f3s-gradua\u00e7\u00e3o em Tecnologia e Gest\u00e3o na Produ\u00e7\u00e3o de Edif\u00edcios - Instituto de Engenharia<\/title>\n<meta name=\"robots\" content=\"index, follow, max-snippet:-1, max-image-preview:large, max-video-preview:-1\" \/>\n<link rel=\"canonical\" href=\"https:\/\/www.institutodeengenharia.org.br\/site\/2013\/04\/29\/poliusp-abre-inscricoes-para-posgraduacao-em-tecnologia-e-gestao-na-producao-de-edificios\/\" \/>\n<meta property=\"og:locale\" content=\"pt_BR\" \/>\n<meta property=\"og:type\" content=\"article\" \/>\n<meta property=\"og:title\" content=\"Poli-USP abre inscri\u00e7\u00f5es para p\u00f3s-gradua\u00e7\u00e3o em Tecnologia e Gest\u00e3o na Produ\u00e7\u00e3o de Edif\u00edcios - Instituto de Engenharia\" \/>\n<meta property=\"og:description\" content=\"Est\u00e3o abertas as inscri\u00e7\u00f5es para a 14\u00aa turma do curso de p\u00f3s-gradua\u00e7\u00e3o lato sensu em Tecnologia e Gest\u00e3o na Produ\u00e7\u00e3o de Edif\u00edcios, oferecido pelo Programa Poli-Integra da Escola Polit\u00e9cnica da Universidade de S\u00e3o Paulo (Poli-USP). Voltado para engenheiros e arquitetos que atuam na produ\u00e7\u00e3o de edif\u00edcios, o curso tem o objetivo de desenvolver e aprimorar [&hellip;]\" \/>\n<meta property=\"og:url\" content=\"https:\/\/www.institutodeengenharia.org.br\/site\/2013\/04\/29\/poliusp-abre-inscricoes-para-posgraduacao-em-tecnologia-e-gestao-na-producao-de-edificios\/\" \/>\n<meta property=\"og:site_name\" content=\"Instituto de Engenharia\" \/>\n<meta property=\"article:publisher\" content=\"https:\/\/www.facebook.com\/institutodeengenharia\" \/>\n<meta property=\"article:published_time\" content=\"2013-04-29T23:50:42+00:00\" \/>\n<meta name=\"author\" content=\"TMax Tecnologia\" \/>\n<meta name=\"twitter:card\" content=\"summary_large_image\" \/>\n<meta name=\"twitter:creator\" content=\"@iengenharia\" \/>\n<meta name=\"twitter:site\" content=\"@iengenharia\" \/>\n<meta name=\"twitter:label1\" content=\"Escrito por\" \/>\n\t<meta name=\"twitter:data1\" content=\"TMax Tecnologia\" \/>\n\t<meta name=\"twitter:label2\" content=\"Est. tempo de leitura\" \/>\n\t<meta name=\"twitter:data2\" content=\"4 minutos\" \/>\n<script type=\"application\/ld+json\" class=\"yoast-schema-graph\">{\"@context\":\"https:\/\/schema.org\",\"@graph\":[{\"@type\":\"Article\",\"@id\":\"https:\/\/www.institutodeengenharia.org.br\/site\/2013\/04\/29\/poliusp-abre-inscricoes-para-posgraduacao-em-tecnologia-e-gestao-na-producao-de-edificios\/#article\",\"isPartOf\":{\"@id\":\"https:\/\/www.institutodeengenharia.org.br\/site\/2013\/04\/29\/poliusp-abre-inscricoes-para-posgraduacao-em-tecnologia-e-gestao-na-producao-de-edificios\/\"},\"author\":{\"name\":\"TMax Tecnologia\",\"@id\":\"https:\/\/www.institutodeengenharia.org.br\/site\/#\/schema\/person\/3b1ff109facef084739fc2edcb9a127f\"},\"headline\":\"Poli-USP abre inscri\u00e7\u00f5es para p\u00f3s-gradua\u00e7\u00e3o em Tecnologia e Gest\u00e3o na Produ\u00e7\u00e3o de Edif\u00edcios\",\"datePublished\":\"2013-04-29T23:50:42+00:00\",\"mainEntityOfPage\":{\"@id\":\"https:\/\/www.institutodeengenharia.org.br\/site\/2013\/04\/29\/poliusp-abre-inscricoes-para-posgraduacao-em-tecnologia-e-gestao-na-producao-de-edificios\/\"},\"wordCount\":813,\"commentCount\":0,\"publisher\":{\"@id\":\"https:\/\/www.institutodeengenharia.org.br\/site\/#organization\"},\"articleSection\":[\"Not\u00edcias\",\"Pesquisa e Desenvolvimento\"],\"inLanguage\":\"pt-BR\",\"potentialAction\":[{\"@type\":\"CommentAction\",\"name\":\"Comment\",\"target\":[\"https:\/\/www.institutodeengenharia.org.br\/site\/2013\/04\/29\/poliusp-abre-inscricoes-para-posgraduacao-em-tecnologia-e-gestao-na-producao-de-edificios\/#respond\"]}]},{\"@type\":\"WebPage\",\"@id\":\"https:\/\/www.institutodeengenharia.org.br\/site\/2013\/04\/29\/poliusp-abre-inscricoes-para-posgraduacao-em-tecnologia-e-gestao-na-producao-de-edificios\/\",\"url\":\"https:\/\/www.institutodeengenharia.org.br\/site\/2013\/04\/29\/poliusp-abre-inscricoes-para-posgraduacao-em-tecnologia-e-gestao-na-producao-de-edificios\/\",\"name\":\"Poli-USP abre inscri\u00e7\u00f5es para p\u00f3s-gradua\u00e7\u00e3o em Tecnologia e Gest\u00e3o na Produ\u00e7\u00e3o de Edif\u00edcios - Instituto de Engenharia\",\"isPartOf\":{\"@id\":\"https:\/\/www.institutodeengenharia.org.br\/site\/#website\"},\"datePublished\":\"2013-04-29T23:50:42+00:00\",\"breadcrumb\":{\"@id\":\"https:\/\/www.institutodeengenharia.org.br\/site\/2013\/04\/29\/poliusp-abre-inscricoes-para-posgraduacao-em-tecnologia-e-gestao-na-producao-de-edificios\/#breadcrumb\"},\"inLanguage\":\"pt-BR\",\"potentialAction\":[{\"@type\":\"ReadAction\",\"target\":[\"https:\/\/www.institutodeengenharia.org.br\/site\/2013\/04\/29\/poliusp-abre-inscricoes-para-posgraduacao-em-tecnologia-e-gestao-na-producao-de-edificios\/\"]}]},{\"@type\":\"BreadcrumbList\",\"@id\":\"https:\/\/www.institutodeengenharia.org.br\/site\/2013\/04\/29\/poliusp-abre-inscricoes-para-posgraduacao-em-tecnologia-e-gestao-na-producao-de-edificios\/#breadcrumb\",\"itemListElement\":[{\"@type\":\"ListItem\",\"position\":1,\"name\":\"In\u00edcio\",\"item\":\"https:\/\/www.institutodeengenharia.org.br\/site\/\"},{\"@type\":\"ListItem\",\"position\":2,\"name\":\"Poli-USP abre inscri\u00e7\u00f5es para p\u00f3s-gradua\u00e7\u00e3o em Tecnologia e Gest\u00e3o na Produ\u00e7\u00e3o de Edif\u00edcios\"}]},{\"@type\":\"WebSite\",\"@id\":\"https:\/\/www.institutodeengenharia.org.br\/site\/#website\",\"url\":\"https:\/\/www.institutodeengenharia.org.br\/site\/\",\"name\":\"Instituto de Engenharia\",\"description\":\"O Instituto de Engenharia promove a Engenharia em benef\u00edcio do desenvolvimento e da qualidade de vida da sociedade.\",\"publisher\":{\"@id\":\"https:\/\/www.institutodeengenharia.org.br\/site\/#organization\"},\"potentialAction\":[{\"@type\":\"SearchAction\",\"target\":{\"@type\":\"EntryPoint\",\"urlTemplate\":\"https:\/\/www.institutodeengenharia.org.br\/site\/?s={search_term_string}\"},\"query-input\":{\"@type\":\"PropertyValueSpecification\",\"valueRequired\":true,\"valueName\":\"search_term_string\"}}],\"inLanguage\":\"pt-BR\"},{\"@type\":\"Organization\",\"@id\":\"https:\/\/www.institutodeengenharia.org.br\/site\/#organization\",\"name\":\"Instituto de Engenharia\",\"url\":\"https:\/\/www.institutodeengenharia.org.br\/site\/\",\"logo\":{\"@type\":\"ImageObject\",\"inLanguage\":\"pt-BR\",\"@id\":\"https:\/\/www.institutodeengenharia.org.br\/site\/#\/schema\/logo\/image\/\",\"url\":\"https:\/\/www.institutodeengenharia.org.br\/site\/wp-content\/uploads\/2019\/03\/logo-novo-IE2018-1.jpg\",\"contentUrl\":\"https:\/\/www.institutodeengenharia.org.br\/site\/wp-content\/uploads\/2019\/03\/logo-novo-IE2018-1.jpg\",\"width\":1486,\"height\":1879,\"caption\":\"Instituto de Engenharia\"},\"image\":{\"@id\":\"https:\/\/www.institutodeengenharia.org.br\/site\/#\/schema\/logo\/image\/\"},\"sameAs\":[\"https:\/\/www.facebook.com\/institutodeengenharia\",\"https:\/\/x.com\/iengenharia\",\"https:\/\/www.instagram.com\/institutodeengenharia\/\",\"https:\/\/www.linkedin.com\/company\/instituto-de-engenharia\/\",\"https:\/\/www.youtube.com\/channel\/UCXiCAlsSMe977vamW915HxA\"]},{\"@type\":\"Person\",\"@id\":\"https:\/\/www.institutodeengenharia.org.br\/site\/#\/schema\/person\/3b1ff109facef084739fc2edcb9a127f\",\"name\":\"TMax Tecnologia\",\"image\":{\"@type\":\"ImageObject\",\"inLanguage\":\"pt-BR\",\"@id\":\"https:\/\/secure.gravatar.com\/avatar\/f912434ef7f389c92cb311fcdae346af848465d638912574b3c669070f797701?s=96&d=mm&r=g\",\"url\":\"https:\/\/secure.gravatar.com\/avatar\/f912434ef7f389c92cb311fcdae346af848465d638912574b3c669070f797701?s=96&d=mm&r=g\",\"contentUrl\":\"https:\/\/secure.gravatar.com\/avatar\/f912434ef7f389c92cb311fcdae346af848465d638912574b3c669070f797701?s=96&d=mm&r=g\",\"caption\":\"TMax Tecnologia\"},\"url\":\"https:\/\/www.institutodeengenharia.org.br\/site\/author\/tmax\/\"}]}<\/script>\n<!-- \/ Yoast SEO plugin. -->","yoast_head_json":{"title":"Poli-USP abre inscri\u00e7\u00f5es para p\u00f3s-gradua\u00e7\u00e3o em Tecnologia e Gest\u00e3o na Produ\u00e7\u00e3o de Edif\u00edcios - Instituto de Engenharia","robots":{"index":"index","follow":"follow","max-snippet":"max-snippet:-1","max-image-preview":"max-image-preview:large","max-video-preview":"max-video-preview:-1"},"canonical":"https:\/\/www.institutodeengenharia.org.br\/site\/2013\/04\/29\/poliusp-abre-inscricoes-para-posgraduacao-em-tecnologia-e-gestao-na-producao-de-edificios\/","og_locale":"pt_BR","og_type":"article","og_title":"Poli-USP abre inscri\u00e7\u00f5es para p\u00f3s-gradua\u00e7\u00e3o em Tecnologia e Gest\u00e3o na Produ\u00e7\u00e3o de Edif\u00edcios - Instituto de Engenharia","og_description":"Est\u00e3o abertas as inscri\u00e7\u00f5es para a 14\u00aa turma do curso de p\u00f3s-gradua\u00e7\u00e3o lato sensu em Tecnologia e Gest\u00e3o na Produ\u00e7\u00e3o de Edif\u00edcios, oferecido pelo Programa Poli-Integra da Escola Polit\u00e9cnica da Universidade de S\u00e3o Paulo (Poli-USP). Voltado para engenheiros e arquitetos que atuam na produ\u00e7\u00e3o de edif\u00edcios, o curso tem o objetivo de desenvolver e aprimorar [&hellip;]","og_url":"https:\/\/www.institutodeengenharia.org.br\/site\/2013\/04\/29\/poliusp-abre-inscricoes-para-posgraduacao-em-tecnologia-e-gestao-na-producao-de-edificios\/","og_site_name":"Instituto de Engenharia","article_publisher":"https:\/\/www.facebook.com\/institutodeengenharia","article_published_time":"2013-04-29T23:50:42+00:00","author":"TMax Tecnologia","twitter_card":"summary_large_image","twitter_creator":"@iengenharia","twitter_site":"@iengenharia","twitter_misc":{"Escrito por":"TMax Tecnologia","Est. tempo de leitura":"4 minutos"},"schema":{"@context":"https:\/\/schema.org","@graph":[{"@type":"Article","@id":"https:\/\/www.institutodeengenharia.org.br\/site\/2013\/04\/29\/poliusp-abre-inscricoes-para-posgraduacao-em-tecnologia-e-gestao-na-producao-de-edificios\/#article","isPartOf":{"@id":"https:\/\/www.institutodeengenharia.org.br\/site\/2013\/04\/29\/poliusp-abre-inscricoes-para-posgraduacao-em-tecnologia-e-gestao-na-producao-de-edificios\/"},"author":{"name":"TMax Tecnologia","@id":"https:\/\/www.institutodeengenharia.org.br\/site\/#\/schema\/person\/3b1ff109facef084739fc2edcb9a127f"},"headline":"Poli-USP abre inscri\u00e7\u00f5es para p\u00f3s-gradua\u00e7\u00e3o em Tecnologia e Gest\u00e3o na Produ\u00e7\u00e3o de Edif\u00edcios","datePublished":"2013-04-29T23:50:42+00:00","mainEntityOfPage":{"@id":"https:\/\/www.institutodeengenharia.org.br\/site\/2013\/04\/29\/poliusp-abre-inscricoes-para-posgraduacao-em-tecnologia-e-gestao-na-producao-de-edificios\/"},"wordCount":813,"commentCount":0,"publisher":{"@id":"https:\/\/www.institutodeengenharia.org.br\/site\/#organization"},"articleSection":["Not\u00edcias","Pesquisa e Desenvolvimento"],"inLanguage":"pt-BR","potentialAction":[{"@type":"CommentAction","name":"Comment","target":["https:\/\/www.institutodeengenharia.org.br\/site\/2013\/04\/29\/poliusp-abre-inscricoes-para-posgraduacao-em-tecnologia-e-gestao-na-producao-de-edificios\/#respond"]}]},{"@type":"WebPage","@id":"https:\/\/www.institutodeengenharia.org.br\/site\/2013\/04\/29\/poliusp-abre-inscricoes-para-posgraduacao-em-tecnologia-e-gestao-na-producao-de-edificios\/","url":"https:\/\/www.institutodeengenharia.org.br\/site\/2013\/04\/29\/poliusp-abre-inscricoes-para-posgraduacao-em-tecnologia-e-gestao-na-producao-de-edificios\/","name":"Poli-USP abre inscri\u00e7\u00f5es para p\u00f3s-gradua\u00e7\u00e3o em Tecnologia e Gest\u00e3o na Produ\u00e7\u00e3o de Edif\u00edcios - Instituto de Engenharia","isPartOf":{"@id":"https:\/\/www.institutodeengenharia.org.br\/site\/#website"},"datePublished":"2013-04-29T23:50:42+00:00","breadcrumb":{"@id":"https:\/\/www.institutodeengenharia.org.br\/site\/2013\/04\/29\/poliusp-abre-inscricoes-para-posgraduacao-em-tecnologia-e-gestao-na-producao-de-edificios\/#breadcrumb"},"inLanguage":"pt-BR","potentialAction":[{"@type":"ReadAction","target":["https:\/\/www.institutodeengenharia.org.br\/site\/2013\/04\/29\/poliusp-abre-inscricoes-para-posgraduacao-em-tecnologia-e-gestao-na-producao-de-edificios\/"]}]},{"@type":"BreadcrumbList","@id":"https:\/\/www.institutodeengenharia.org.br\/site\/2013\/04\/29\/poliusp-abre-inscricoes-para-posgraduacao-em-tecnologia-e-gestao-na-producao-de-edificios\/#breadcrumb","itemListElement":[{"@type":"ListItem","position":1,"name":"In\u00edcio","item":"https:\/\/www.institutodeengenharia.org.br\/site\/"},{"@type":"ListItem","position":2,"name":"Poli-USP abre inscri\u00e7\u00f5es para p\u00f3s-gradua\u00e7\u00e3o em Tecnologia e Gest\u00e3o na Produ\u00e7\u00e3o de Edif\u00edcios"}]},{"@type":"WebSite","@id":"https:\/\/www.institutodeengenharia.org.br\/site\/#website","url":"https:\/\/www.institutodeengenharia.org.br\/site\/","name":"Instituto de Engenharia","description":"O Instituto de Engenharia promove a Engenharia em benef\u00edcio do desenvolvimento e da qualidade de vida da sociedade.","publisher":{"@id":"https:\/\/www.institutodeengenharia.org.br\/site\/#organization"},"potentialAction":[{"@type":"SearchAction","target":{"@type":"EntryPoint","urlTemplate":"https:\/\/www.institutodeengenharia.org.br\/site\/?s={search_term_string}"},"query-input":{"@type":"PropertyValueSpecification","valueRequired":true,"valueName":"search_term_string"}}],"inLanguage":"pt-BR"},{"@type":"Organization","@id":"https:\/\/www.institutodeengenharia.org.br\/site\/#organization","name":"Instituto de Engenharia","url":"https:\/\/www.institutodeengenharia.org.br\/site\/","logo":{"@type":"ImageObject","inLanguage":"pt-BR","@id":"https:\/\/www.institutodeengenharia.org.br\/site\/#\/schema\/logo\/image\/","url":"https:\/\/www.institutodeengenharia.org.br\/site\/wp-content\/uploads\/2019\/03\/logo-novo-IE2018-1.jpg","contentUrl":"https:\/\/www.institutodeengenharia.org.br\/site\/wp-content\/uploads\/2019\/03\/logo-novo-IE2018-1.jpg","width":1486,"height":1879,"caption":"Instituto de Engenharia"},"image":{"@id":"https:\/\/www.institutodeengenharia.org.br\/site\/#\/schema\/logo\/image\/"},"sameAs":["https:\/\/www.facebook.com\/institutodeengenharia","https:\/\/x.com\/iengenharia","https:\/\/www.instagram.com\/institutodeengenharia\/","https:\/\/www.linkedin.com\/company\/instituto-de-engenharia\/","https:\/\/www.youtube.com\/channel\/UCXiCAlsSMe977vamW915HxA"]},{"@type":"Person","@id":"https:\/\/www.institutodeengenharia.org.br\/site\/#\/schema\/person\/3b1ff109facef084739fc2edcb9a127f","name":"TMax Tecnologia","image":{"@type":"ImageObject","inLanguage":"pt-BR","@id":"https:\/\/secure.gravatar.com\/avatar\/f912434ef7f389c92cb311fcdae346af848465d638912574b3c669070f797701?s=96&d=mm&r=g","url":"https:\/\/secure.gravatar.com\/avatar\/f912434ef7f389c92cb311fcdae346af848465d638912574b3c669070f797701?s=96&d=mm&r=g","contentUrl":"https:\/\/secure.gravatar.com\/avatar\/f912434ef7f389c92cb311fcdae346af848465d638912574b3c669070f797701?s=96&d=mm&r=g","caption":"TMax Tecnologia"},"url":"https:\/\/www.institutodeengenharia.org.br\/site\/author\/tmax\/"}]}},"_links":{"self":[{"href":"https:\/\/www.institutodeengenharia.org.br\/site\/wp-json\/wp\/v2\/posts\/23361","targetHints":{"allow":["GET"]}}],"collection":[{"href":"https:\/\/www.institutodeengenharia.org.br\/site\/wp-json\/wp\/v2\/posts"}],"about":[{"href":"https:\/\/www.institutodeengenharia.org.br\/site\/wp-json\/wp\/v2\/types\/post"}],"author":[{"embeddable":true,"href":"https:\/\/www.institutodeengenharia.org.br\/site\/wp-json\/wp\/v2\/users\/1"}],"replies":[{"embeddable":true,"href":"https:\/\/www.institutodeengenharia.org.br\/site\/wp-json\/wp\/v2\/comments?post=23361"}],"version-history":[{"count":0,"href":"https:\/\/www.institutodeengenharia.org.br\/site\/wp-json\/wp\/v2\/posts\/23361\/revisions"}],"wp:attachment":[{"href":"https:\/\/www.institutodeengenharia.org.br\/site\/wp-json\/wp\/v2\/media?parent=23361"}],"wp:term":[{"taxonomy":"category","embeddable":true,"href":"https:\/\/www.institutodeengenharia.org.br\/site\/wp-json\/wp\/v2\/categories?post=23361"},{"taxonomy":"post_tag","embeddable":true,"href":"https:\/\/www.institutodeengenharia.org.br\/site\/wp-json\/wp\/v2\/tags?post=23361"}],"curies":[{"name":"wp","href":"https:\/\/api.w.org\/{rel}","templated":true}]}}