{"id":23354,"date":"2013-04-26T23:50:36","date_gmt":"2013-04-26T23:50:36","guid":{"rendered":"https:\/\/www.institutodeengenharia.org.br\/?p=23354"},"modified":"2013-04-26T15:32:28","modified_gmt":"2013-04-26T15:32:28","slug":"poli-pode-viabilizar-o-plastico-biodegradavel","status":"publish","type":"post","link":"https:\/\/www.institutodeengenharia.org.br\/site\/2013\/04\/26\/poli-pode-viabilizar-o-plastico-biodegradavel\/","title":{"rendered":"Poli pode viabilizar o pl\u00e1stico biodegrad\u00e1vel"},"content":{"rendered":"<p>O Departamento de Engenharia Qu\u00edmica da Poli-USP \u2013 Escola Polit\u00e9cnica da USP \u2013, com apoio da FDTE \u2013 Funda\u00e7\u00e3o para o Desenvolvimento Tecnol\u00f3gico da Engenharia \u2013 implantar\u00e1 em breve uma planta piloto para se produzir o primeiro pl\u00e1stico efetivamente biodegrad\u00e1vel do Brasil. <\/p>\n<p>O produto \u00e9 resultado do desenvolvimento de um tipo de PLLA \u2013 pol\u00edmero de \u00e1cido l\u00e1ctico, obtido a partir da cana-de-a\u00e7\u00facar. O pl\u00e1stico biodegrad\u00e1vel foi desenvolvido pela Biopol, empresa liderada pelo professor Shinichi Shibata, da Universidade de Ryukyus, no Jap\u00e3o. Segundo o professor Cl\u00e1udio Oller, da Poli-USP, com a planta piloto ser\u00e1 poss\u00edvel concluir os testes em escala reduzida, cujos resultados possibilitar\u00e3o a produ\u00e7\u00e3o em escala comercial. <\/p>\n<p>O representante da Biopol no Brasil, Tunehiro Uono, explica que o objetivo da planta piloto \u00e9 possibilitar que o novo pl\u00e1stico seja produzido comercialmente pelas usinas brasileiras de a\u00e7\u00facar e \u00e1lcool. \u201cA id\u00e9ia \u00e9 aproveitar as instala\u00e7\u00f5es de uma usina de a\u00e7\u00facar e \u00e1lcool e transformar parte dela em f\u00e1brica de PLLA, pois o processo produtivo \u00e9 bem parecido\u201d, afirma. <\/p>\n<p>No in\u00edcio de maio, os professores Claudio Oller e Elen Aquino Perpetuo, do Departamento de Engenharia Qu\u00edmica da EPUSP; Edith Ranzini, diretora de opera\u00e7\u00f5es da FDTE; e Tunehiro Uono seguir\u00e3o para a Prov\u00edncia de Okinawa no Jap\u00e3o, para conhecer os resultados das pesquisas sobre o novo pol\u00edmero, cuja patente j\u00e1 foi registrada no Brasil. A FDTE est\u00e1 em fase de negocia\u00e7\u00f5es para obter os recursos necess\u00e1rios para o desenvolvimento do projeto. <\/p>\n<p>Sustentabilidade <\/p>\n<p>Dados da UNICA &#8211; Uni\u00e3o da Ind\u00fastria de Cana de A\u00e7\u00facar &#8211; obtidos pela Biopol, mostram que no Brasil s\u00e3o processados em torno de 600 milh\u00f5es de toneladas de cana por ano. \u201cSe apenas 20 milh\u00f5es desse total forem destinados para a produ\u00e7\u00e3o de PLLA, ser\u00e1 poss\u00edvel obter uma produ\u00e7\u00e3o de pl\u00e1stico suficiente para abastecer todo o mercado nacional, sem aumentar a \u00e1rea plantada de cana\u201d, afirma Uono. Al\u00e9m disso, como \u00e9 um produto de base vegetal, ele se degrada muito r\u00e1pido, ao contr\u00e1rio do material recicl\u00e1vel. Uono explica que o chamado pl\u00e1stico verde existente no mercado \u00e9 utilizado na produ\u00e7\u00e3o de brinquedos e na ind\u00fastria automobil\u00edstica. \u201cO produto que vamos obter nesta parceira com a FDTE e a Poli poder\u00e1 ser direcionado para qualquer setor. O PLLA da cana-de-a\u00e7\u00facar pode ser empregado tanto na produ\u00e7\u00e3o de sacolas pl\u00e1sticas como no setor aliment\u00edcio e no setor farmac\u00eautico. O intuito \u00e9 obter esse pol\u00edmero a pre\u00e7os competitivos. O PLA \u00e0 base de milho j\u00e1 dispon\u00edvel no mercado est\u00e1 na faixa de tr\u00eas d\u00f3lares o quilo. \u201cAcreditamos que o pl\u00e1stico de cana-de-a\u00e7\u00facar possa ser produzido a menos de um d\u00f3lar o quilo\u201d, informa Uono. <\/p>\n<p><b>Autor: Assessoria de imprensa <\/b><\/p>\n","protected":false},"excerpt":{"rendered":"<p>Objetivo dos estudos a serem financiados pela FDTE \u00e9 possibilitar que as usinas de a\u00e7\u00facar e \u00e1lcool produzam novo pol\u00edmero \u00e0 base da cana-de-a\u00e7\u00facar<\/p>\n","protected":false},"author":1,"featured_media":0,"comment_status":"open","ping_status":"open","sticky":false,"template":"","format":"standard","meta":{"footnotes":""},"categories":[31,6],"tags":[],"class_list":{"0":"post-23354","1":"post","2":"type-post","3":"status-publish","4":"format-standard","6":"category-meio-ambiente","7":"category-noticias"},"yoast_head":"<!-- This site is optimized with the Yoast SEO plugin v27.2 - https:\/\/yoast.com\/product\/yoast-seo-wordpress\/ -->\n<title>Poli pode viabilizar o pl\u00e1stico biodegrad\u00e1vel - Instituto de Engenharia<\/title>\n<meta name=\"robots\" content=\"index, follow, max-snippet:-1, max-image-preview:large, max-video-preview:-1\" \/>\n<link rel=\"canonical\" href=\"https:\/\/www.institutodeengenharia.org.br\/site\/2013\/04\/26\/poli-pode-viabilizar-o-plastico-biodegradavel\/\" \/>\n<meta property=\"og:locale\" content=\"pt_BR\" \/>\n<meta property=\"og:type\" content=\"article\" \/>\n<meta property=\"og:title\" content=\"Poli pode viabilizar o pl\u00e1stico biodegrad\u00e1vel - Instituto de Engenharia\" \/>\n<meta property=\"og:description\" content=\"Objetivo dos estudos a serem financiados pela FDTE \u00e9 possibilitar que as usinas de a\u00e7\u00facar e \u00e1lcool produzam novo pol\u00edmero \u00e0 base da cana-de-a\u00e7\u00facar\" \/>\n<meta property=\"og:url\" content=\"https:\/\/www.institutodeengenharia.org.br\/site\/2013\/04\/26\/poli-pode-viabilizar-o-plastico-biodegradavel\/\" \/>\n<meta property=\"og:site_name\" content=\"Instituto de Engenharia\" \/>\n<meta property=\"article:publisher\" content=\"https:\/\/www.facebook.com\/institutodeengenharia\" \/>\n<meta property=\"article:published_time\" content=\"2013-04-26T23:50:36+00:00\" \/>\n<meta name=\"author\" content=\"TMax Tecnologia\" \/>\n<meta name=\"twitter:card\" content=\"summary_large_image\" \/>\n<meta name=\"twitter:creator\" content=\"@iengenharia\" \/>\n<meta name=\"twitter:site\" content=\"@iengenharia\" \/>\n<meta name=\"twitter:label1\" content=\"Escrito por\" \/>\n\t<meta name=\"twitter:data1\" content=\"TMax Tecnologia\" \/>\n\t<meta name=\"twitter:label2\" content=\"Est. tempo de leitura\" \/>\n\t<meta name=\"twitter:data2\" content=\"2 minutos\" \/>\n<script type=\"application\/ld+json\" class=\"yoast-schema-graph\">{\"@context\":\"https:\/\/schema.org\",\"@graph\":[{\"@type\":\"Article\",\"@id\":\"https:\/\/www.institutodeengenharia.org.br\/site\/2013\/04\/26\/poli-pode-viabilizar-o-plastico-biodegradavel\/#article\",\"isPartOf\":{\"@id\":\"https:\/\/www.institutodeengenharia.org.br\/site\/2013\/04\/26\/poli-pode-viabilizar-o-plastico-biodegradavel\/\"},\"author\":{\"name\":\"TMax Tecnologia\",\"@id\":\"https:\/\/www.institutodeengenharia.org.br\/site\/#\/schema\/person\/3b1ff109facef084739fc2edcb9a127f\"},\"headline\":\"Poli pode viabilizar o pl\u00e1stico biodegrad\u00e1vel\",\"datePublished\":\"2013-04-26T23:50:36+00:00\",\"mainEntityOfPage\":{\"@id\":\"https:\/\/www.institutodeengenharia.org.br\/site\/2013\/04\/26\/poli-pode-viabilizar-o-plastico-biodegradavel\/\"},\"wordCount\":492,\"commentCount\":0,\"publisher\":{\"@id\":\"https:\/\/www.institutodeengenharia.org.br\/site\/#organization\"},\"articleSection\":[\"Meio Ambiente\",\"Not\u00edcias\"],\"inLanguage\":\"pt-BR\",\"potentialAction\":[{\"@type\":\"CommentAction\",\"name\":\"Comment\",\"target\":[\"https:\/\/www.institutodeengenharia.org.br\/site\/2013\/04\/26\/poli-pode-viabilizar-o-plastico-biodegradavel\/#respond\"]}]},{\"@type\":\"WebPage\",\"@id\":\"https:\/\/www.institutodeengenharia.org.br\/site\/2013\/04\/26\/poli-pode-viabilizar-o-plastico-biodegradavel\/\",\"url\":\"https:\/\/www.institutodeengenharia.org.br\/site\/2013\/04\/26\/poli-pode-viabilizar-o-plastico-biodegradavel\/\",\"name\":\"Poli pode viabilizar o pl\u00e1stico biodegrad\u00e1vel - Instituto de Engenharia\",\"isPartOf\":{\"@id\":\"https:\/\/www.institutodeengenharia.org.br\/site\/#website\"},\"datePublished\":\"2013-04-26T23:50:36+00:00\",\"breadcrumb\":{\"@id\":\"https:\/\/www.institutodeengenharia.org.br\/site\/2013\/04\/26\/poli-pode-viabilizar-o-plastico-biodegradavel\/#breadcrumb\"},\"inLanguage\":\"pt-BR\",\"potentialAction\":[{\"@type\":\"ReadAction\",\"target\":[\"https:\/\/www.institutodeengenharia.org.br\/site\/2013\/04\/26\/poli-pode-viabilizar-o-plastico-biodegradavel\/\"]}]},{\"@type\":\"BreadcrumbList\",\"@id\":\"https:\/\/www.institutodeengenharia.org.br\/site\/2013\/04\/26\/poli-pode-viabilizar-o-plastico-biodegradavel\/#breadcrumb\",\"itemListElement\":[{\"@type\":\"ListItem\",\"position\":1,\"name\":\"In\u00edcio\",\"item\":\"https:\/\/www.institutodeengenharia.org.br\/site\/\"},{\"@type\":\"ListItem\",\"position\":2,\"name\":\"Poli pode viabilizar o pl\u00e1stico biodegrad\u00e1vel\"}]},{\"@type\":\"WebSite\",\"@id\":\"https:\/\/www.institutodeengenharia.org.br\/site\/#website\",\"url\":\"https:\/\/www.institutodeengenharia.org.br\/site\/\",\"name\":\"Instituto de Engenharia\",\"description\":\"O Instituto de Engenharia promove a Engenharia em benef\u00edcio do desenvolvimento e da qualidade de vida da sociedade.\",\"publisher\":{\"@id\":\"https:\/\/www.institutodeengenharia.org.br\/site\/#organization\"},\"potentialAction\":[{\"@type\":\"SearchAction\",\"target\":{\"@type\":\"EntryPoint\",\"urlTemplate\":\"https:\/\/www.institutodeengenharia.org.br\/site\/?s={search_term_string}\"},\"query-input\":{\"@type\":\"PropertyValueSpecification\",\"valueRequired\":true,\"valueName\":\"search_term_string\"}}],\"inLanguage\":\"pt-BR\"},{\"@type\":\"Organization\",\"@id\":\"https:\/\/www.institutodeengenharia.org.br\/site\/#organization\",\"name\":\"Instituto de Engenharia\",\"url\":\"https:\/\/www.institutodeengenharia.org.br\/site\/\",\"logo\":{\"@type\":\"ImageObject\",\"inLanguage\":\"pt-BR\",\"@id\":\"https:\/\/www.institutodeengenharia.org.br\/site\/#\/schema\/logo\/image\/\",\"url\":\"https:\/\/www.institutodeengenharia.org.br\/site\/wp-content\/uploads\/2019\/03\/logo-novo-IE2018-1.jpg\",\"contentUrl\":\"https:\/\/www.institutodeengenharia.org.br\/site\/wp-content\/uploads\/2019\/03\/logo-novo-IE2018-1.jpg\",\"width\":1486,\"height\":1879,\"caption\":\"Instituto de Engenharia\"},\"image\":{\"@id\":\"https:\/\/www.institutodeengenharia.org.br\/site\/#\/schema\/logo\/image\/\"},\"sameAs\":[\"https:\/\/www.facebook.com\/institutodeengenharia\",\"https:\/\/x.com\/iengenharia\",\"https:\/\/www.instagram.com\/institutodeengenharia\/\",\"https:\/\/www.linkedin.com\/company\/instituto-de-engenharia\/\",\"https:\/\/www.youtube.com\/channel\/UCXiCAlsSMe977vamW915HxA\"]},{\"@type\":\"Person\",\"@id\":\"https:\/\/www.institutodeengenharia.org.br\/site\/#\/schema\/person\/3b1ff109facef084739fc2edcb9a127f\",\"name\":\"TMax Tecnologia\",\"image\":{\"@type\":\"ImageObject\",\"inLanguage\":\"pt-BR\",\"@id\":\"https:\/\/secure.gravatar.com\/avatar\/f912434ef7f389c92cb311fcdae346af848465d638912574b3c669070f797701?s=96&d=mm&r=g\",\"url\":\"https:\/\/secure.gravatar.com\/avatar\/f912434ef7f389c92cb311fcdae346af848465d638912574b3c669070f797701?s=96&d=mm&r=g\",\"contentUrl\":\"https:\/\/secure.gravatar.com\/avatar\/f912434ef7f389c92cb311fcdae346af848465d638912574b3c669070f797701?s=96&d=mm&r=g\",\"caption\":\"TMax Tecnologia\"},\"url\":\"https:\/\/www.institutodeengenharia.org.br\/site\/author\/tmax\/\"}]}<\/script>\n<!-- \/ Yoast SEO plugin. -->","yoast_head_json":{"title":"Poli pode viabilizar o pl\u00e1stico biodegrad\u00e1vel - Instituto de Engenharia","robots":{"index":"index","follow":"follow","max-snippet":"max-snippet:-1","max-image-preview":"max-image-preview:large","max-video-preview":"max-video-preview:-1"},"canonical":"https:\/\/www.institutodeengenharia.org.br\/site\/2013\/04\/26\/poli-pode-viabilizar-o-plastico-biodegradavel\/","og_locale":"pt_BR","og_type":"article","og_title":"Poli pode viabilizar o pl\u00e1stico biodegrad\u00e1vel - Instituto de Engenharia","og_description":"Objetivo dos estudos a serem financiados pela FDTE \u00e9 possibilitar que as usinas de a\u00e7\u00facar e \u00e1lcool produzam novo pol\u00edmero \u00e0 base da cana-de-a\u00e7\u00facar","og_url":"https:\/\/www.institutodeengenharia.org.br\/site\/2013\/04\/26\/poli-pode-viabilizar-o-plastico-biodegradavel\/","og_site_name":"Instituto de Engenharia","article_publisher":"https:\/\/www.facebook.com\/institutodeengenharia","article_published_time":"2013-04-26T23:50:36+00:00","author":"TMax Tecnologia","twitter_card":"summary_large_image","twitter_creator":"@iengenharia","twitter_site":"@iengenharia","twitter_misc":{"Escrito por":"TMax Tecnologia","Est. tempo de leitura":"2 minutos"},"schema":{"@context":"https:\/\/schema.org","@graph":[{"@type":"Article","@id":"https:\/\/www.institutodeengenharia.org.br\/site\/2013\/04\/26\/poli-pode-viabilizar-o-plastico-biodegradavel\/#article","isPartOf":{"@id":"https:\/\/www.institutodeengenharia.org.br\/site\/2013\/04\/26\/poli-pode-viabilizar-o-plastico-biodegradavel\/"},"author":{"name":"TMax Tecnologia","@id":"https:\/\/www.institutodeengenharia.org.br\/site\/#\/schema\/person\/3b1ff109facef084739fc2edcb9a127f"},"headline":"Poli pode viabilizar o pl\u00e1stico biodegrad\u00e1vel","datePublished":"2013-04-26T23:50:36+00:00","mainEntityOfPage":{"@id":"https:\/\/www.institutodeengenharia.org.br\/site\/2013\/04\/26\/poli-pode-viabilizar-o-plastico-biodegradavel\/"},"wordCount":492,"commentCount":0,"publisher":{"@id":"https:\/\/www.institutodeengenharia.org.br\/site\/#organization"},"articleSection":["Meio Ambiente","Not\u00edcias"],"inLanguage":"pt-BR","potentialAction":[{"@type":"CommentAction","name":"Comment","target":["https:\/\/www.institutodeengenharia.org.br\/site\/2013\/04\/26\/poli-pode-viabilizar-o-plastico-biodegradavel\/#respond"]}]},{"@type":"WebPage","@id":"https:\/\/www.institutodeengenharia.org.br\/site\/2013\/04\/26\/poli-pode-viabilizar-o-plastico-biodegradavel\/","url":"https:\/\/www.institutodeengenharia.org.br\/site\/2013\/04\/26\/poli-pode-viabilizar-o-plastico-biodegradavel\/","name":"Poli pode viabilizar o pl\u00e1stico biodegrad\u00e1vel - Instituto de Engenharia","isPartOf":{"@id":"https:\/\/www.institutodeengenharia.org.br\/site\/#website"},"datePublished":"2013-04-26T23:50:36+00:00","breadcrumb":{"@id":"https:\/\/www.institutodeengenharia.org.br\/site\/2013\/04\/26\/poli-pode-viabilizar-o-plastico-biodegradavel\/#breadcrumb"},"inLanguage":"pt-BR","potentialAction":[{"@type":"ReadAction","target":["https:\/\/www.institutodeengenharia.org.br\/site\/2013\/04\/26\/poli-pode-viabilizar-o-plastico-biodegradavel\/"]}]},{"@type":"BreadcrumbList","@id":"https:\/\/www.institutodeengenharia.org.br\/site\/2013\/04\/26\/poli-pode-viabilizar-o-plastico-biodegradavel\/#breadcrumb","itemListElement":[{"@type":"ListItem","position":1,"name":"In\u00edcio","item":"https:\/\/www.institutodeengenharia.org.br\/site\/"},{"@type":"ListItem","position":2,"name":"Poli pode viabilizar o pl\u00e1stico biodegrad\u00e1vel"}]},{"@type":"WebSite","@id":"https:\/\/www.institutodeengenharia.org.br\/site\/#website","url":"https:\/\/www.institutodeengenharia.org.br\/site\/","name":"Instituto de Engenharia","description":"O Instituto de Engenharia promove a Engenharia em benef\u00edcio do desenvolvimento e da qualidade de vida da sociedade.","publisher":{"@id":"https:\/\/www.institutodeengenharia.org.br\/site\/#organization"},"potentialAction":[{"@type":"SearchAction","target":{"@type":"EntryPoint","urlTemplate":"https:\/\/www.institutodeengenharia.org.br\/site\/?s={search_term_string}"},"query-input":{"@type":"PropertyValueSpecification","valueRequired":true,"valueName":"search_term_string"}}],"inLanguage":"pt-BR"},{"@type":"Organization","@id":"https:\/\/www.institutodeengenharia.org.br\/site\/#organization","name":"Instituto de Engenharia","url":"https:\/\/www.institutodeengenharia.org.br\/site\/","logo":{"@type":"ImageObject","inLanguage":"pt-BR","@id":"https:\/\/www.institutodeengenharia.org.br\/site\/#\/schema\/logo\/image\/","url":"https:\/\/www.institutodeengenharia.org.br\/site\/wp-content\/uploads\/2019\/03\/logo-novo-IE2018-1.jpg","contentUrl":"https:\/\/www.institutodeengenharia.org.br\/site\/wp-content\/uploads\/2019\/03\/logo-novo-IE2018-1.jpg","width":1486,"height":1879,"caption":"Instituto de Engenharia"},"image":{"@id":"https:\/\/www.institutodeengenharia.org.br\/site\/#\/schema\/logo\/image\/"},"sameAs":["https:\/\/www.facebook.com\/institutodeengenharia","https:\/\/x.com\/iengenharia","https:\/\/www.instagram.com\/institutodeengenharia\/","https:\/\/www.linkedin.com\/company\/instituto-de-engenharia\/","https:\/\/www.youtube.com\/channel\/UCXiCAlsSMe977vamW915HxA"]},{"@type":"Person","@id":"https:\/\/www.institutodeengenharia.org.br\/site\/#\/schema\/person\/3b1ff109facef084739fc2edcb9a127f","name":"TMax Tecnologia","image":{"@type":"ImageObject","inLanguage":"pt-BR","@id":"https:\/\/secure.gravatar.com\/avatar\/f912434ef7f389c92cb311fcdae346af848465d638912574b3c669070f797701?s=96&d=mm&r=g","url":"https:\/\/secure.gravatar.com\/avatar\/f912434ef7f389c92cb311fcdae346af848465d638912574b3c669070f797701?s=96&d=mm&r=g","contentUrl":"https:\/\/secure.gravatar.com\/avatar\/f912434ef7f389c92cb311fcdae346af848465d638912574b3c669070f797701?s=96&d=mm&r=g","caption":"TMax Tecnologia"},"url":"https:\/\/www.institutodeengenharia.org.br\/site\/author\/tmax\/"}]}},"_links":{"self":[{"href":"https:\/\/www.institutodeengenharia.org.br\/site\/wp-json\/wp\/v2\/posts\/23354","targetHints":{"allow":["GET"]}}],"collection":[{"href":"https:\/\/www.institutodeengenharia.org.br\/site\/wp-json\/wp\/v2\/posts"}],"about":[{"href":"https:\/\/www.institutodeengenharia.org.br\/site\/wp-json\/wp\/v2\/types\/post"}],"author":[{"embeddable":true,"href":"https:\/\/www.institutodeengenharia.org.br\/site\/wp-json\/wp\/v2\/users\/1"}],"replies":[{"embeddable":true,"href":"https:\/\/www.institutodeengenharia.org.br\/site\/wp-json\/wp\/v2\/comments?post=23354"}],"version-history":[{"count":0,"href":"https:\/\/www.institutodeengenharia.org.br\/site\/wp-json\/wp\/v2\/posts\/23354\/revisions"}],"wp:attachment":[{"href":"https:\/\/www.institutodeengenharia.org.br\/site\/wp-json\/wp\/v2\/media?parent=23354"}],"wp:term":[{"taxonomy":"category","embeddable":true,"href":"https:\/\/www.institutodeengenharia.org.br\/site\/wp-json\/wp\/v2\/categories?post=23354"},{"taxonomy":"post_tag","embeddable":true,"href":"https:\/\/www.institutodeengenharia.org.br\/site\/wp-json\/wp\/v2\/tags?post=23354"}],"curies":[{"name":"wp","href":"https:\/\/api.w.org\/{rel}","templated":true}]}}