{"id":23346,"date":"2013-04-25T23:50:30","date_gmt":"2013-04-25T23:50:30","guid":{"rendered":"https:\/\/www.institutodeengenharia.org.br\/?p=23346"},"modified":"2013-04-25T15:22:16","modified_gmt":"2013-04-25T15:22:16","slug":"impactos-de-barragens-na-regiao-amazonica-e-tema-de-debate-na-pucrio","status":"publish","type":"post","link":"https:\/\/www.institutodeengenharia.org.br\/site\/2013\/04\/25\/impactos-de-barragens-na-regiao-amazonica-e-tema-de-debate-na-pucrio\/","title":{"rendered":"Impactos de Barragens na Regi\u00e3o Amaz\u00f4nica \u00e9 tema de debate na PUC-Rio"},"content":{"rendered":"<p>Muito se tem discutido e diversas s\u00e3o as d\u00favidas sobre os impactos da implanta\u00e7\u00e3o de usinas hidrel\u00e9tricas na Regi\u00e3o Amaz\u00f4nica. Entre os debates, est\u00e1 a pol\u00eamica Usina de Belo Monte, atualmente em constru\u00e7\u00e3o no Rio Xingu. Ela ser\u00e1 a terceira maior hidrel\u00e9trica do mundo e poder\u00e1 produzir energia suficiente para abastecer 40% do consumo residencial do pa\u00eds, de acordo com dados do governo. Entretanto, a grande quest\u00e3o fica por conta da constru\u00e7\u00e3o das barragens de hidrel\u00e9tricas, que funcionam como uma barreira de conten\u00e7\u00e3o que atravessa o rio, com a finalidade de represar a \u00e1gua e criar um lago artificial, fazendo com que as usinas n\u00e3o dependam apenas das chuvas e possam, assim, fornecer energia limpa, durante o ano todo, minimizando a necessidade de se ativar as usinas termoel\u00e9tricas, emissoras de CO\u00b2 na atmosfera, aumentando o efeito estufa. <\/p>\n<p>\u00c9 com o intuito de fomentar este assunto e sanar as d\u00favidas que a Academia Nacional de Engenharia (ANE) promove, no dia 14 de maio, \u00e0s 17h, mais um evento da s\u00e9rie \u201cReflex\u00f5es da Engenharia\u201d, desta vez com o tema \u201cImpactos de Barragens na Regi\u00e3o Amaz\u00f4nica\u201d. O encontro ser\u00e1 realizado no Audit\u00f3rio Padre Jos\u00e9 de Anchieta da PUC-Rio e ter\u00e1 a participa\u00e7\u00e3o da engenheira Djenane Pamplona, Vice-Presidente da ANE e professora do Departamento de Engenharia Civil do CTC\/PUC-Rio. O evento conta com o apoio da ABMS (Associa\u00e7\u00e3o Brasileira de Mec\u00e2nica dos Solos e Engenharia Geot\u00e9cnica), do Clube de Engenharia, da AEERJ (Associa\u00e7\u00e3o de Empresas de Engenharia do Rio de Janeiro) e do CBDB (Comit\u00ea Brasileiro de Barragens), entidades de grande tradi\u00e7\u00e3o na engenharia nacional. <\/p>\n<p>O debate tem como prioridade abordar as quest\u00f5es referentes aos impactos das usinas hidrel\u00e9tricas no pa\u00eds, enfatizando tanto os benef\u00edcios econ\u00f4micos, quanto os impactos ambientais e sociais que elas podem apresentar. O evento contar\u00e1 com as palestras &#8220;Impactos sobre Barragens e Reservat\u00f3rios na Regi\u00e3o Amaz\u00f4nica&#8221;, do Eng. Flavio Miguez de Mello, professor da Universidade Federal do Rio de Janeiro, ex-presidente do CBDB e associado da ABMS; \u201cBenef\u00edcios e Impactos da constru\u00e7\u00e3o da UHE Santo Ant\u00f4nio, no Rio Madeira\u201d, com o Engenheiro Eduardo de Melo Pinto, diretor presidente da Santo Antonio Energia; e \u201cCusto-Benef\u00edcio da constru\u00e7\u00e3o de grandes usinas hidroel\u00e9tricas na Regi\u00e3o Amaz\u00f4nica\u201d, com o renomado ambientalista Roberto Smeraldi, diretor da OSCIP (Organiza\u00e7\u00e3o da Sociedade Civil de Interesse P\u00fablico) Amigos da Terra &#8211; Amaz\u00f4nia Brasileira. <\/p>\n<p>Ao final das palestras, o Eng. Alberto Say\u00e3o, professor de Engenharia Geot\u00e9cnica do CTC\/PUC-Rio, membro titular da ANE e ex-presidente da ABMS, coordenar\u00e1 uma sess\u00e3o de debates. \u00c0s 19h, o presidente da ANE, Eng. Paulo Augusto Vivacqua, far\u00e1 a avalia\u00e7\u00e3o final e o encerramento do evento. <\/p>\n<p><em>Servi\u00e7o: <br \/>\nEVENTO IMPACTOS DE BARRAGENS NA REGI\u00c3O AMAZ\u00d4NICA <br \/>\nData: 14 de maio de 2013 <br \/>\nHor\u00e1rio: Das 17h \u00e0s 19h <br \/>\nLocal: PUC-Rio \u2013 Pontif\u00edcia Universidade Cat\u00f3lica do Rio de Janeiro &#8211; Audit\u00f3rio Pe. Anchieta <br \/>\nInscri\u00e7\u00f5es: Entrada franca <br \/>\nEndere\u00e7o: Rua Marqu\u00eas de S\u00e3o Vicente, 225, G\u00e1vea <\/p>\n<p><\/em><\/p>\n<p><b>Autor: Assessoria de imprensa <\/b><\/p>\n","protected":false},"excerpt":{"rendered":"<p>Academia Nacional de Engenharia (ANE) promove evento para discutir quest\u00f5es econ\u00f4micas, ambientais e sociais referentes \u00e0s hidrel\u00e9tricas no norte do pa\u00eds<\/p>\n","protected":false},"author":1,"featured_media":0,"comment_status":"open","ping_status":"open","sticky":false,"template":"","format":"standard","meta":{"footnotes":""},"categories":[31,6],"tags":[],"class_list":{"0":"post-23346","1":"post","2":"type-post","3":"status-publish","4":"format-standard","6":"category-meio-ambiente","7":"category-noticias"},"yoast_head":"<!-- This site is optimized with the Yoast SEO plugin v27.2 - https:\/\/yoast.com\/product\/yoast-seo-wordpress\/ -->\n<title>Impactos de Barragens na Regi\u00e3o Amaz\u00f4nica \u00e9 tema de debate na PUC-Rio - Instituto de Engenharia<\/title>\n<meta name=\"robots\" content=\"index, follow, max-snippet:-1, max-image-preview:large, max-video-preview:-1\" \/>\n<link rel=\"canonical\" href=\"https:\/\/www.institutodeengenharia.org.br\/site\/2013\/04\/25\/impactos-de-barragens-na-regiao-amazonica-e-tema-de-debate-na-pucrio\/\" \/>\n<meta property=\"og:locale\" content=\"pt_BR\" \/>\n<meta property=\"og:type\" content=\"article\" \/>\n<meta property=\"og:title\" content=\"Impactos de Barragens na Regi\u00e3o Amaz\u00f4nica \u00e9 tema de debate na PUC-Rio - Instituto de Engenharia\" \/>\n<meta property=\"og:description\" content=\"Academia Nacional de Engenharia (ANE) promove evento para discutir quest\u00f5es econ\u00f4micas, ambientais e sociais referentes \u00e0s hidrel\u00e9tricas no norte do pa\u00eds\" \/>\n<meta property=\"og:url\" content=\"https:\/\/www.institutodeengenharia.org.br\/site\/2013\/04\/25\/impactos-de-barragens-na-regiao-amazonica-e-tema-de-debate-na-pucrio\/\" \/>\n<meta property=\"og:site_name\" content=\"Instituto de Engenharia\" \/>\n<meta property=\"article:publisher\" content=\"https:\/\/www.facebook.com\/institutodeengenharia\" \/>\n<meta property=\"article:published_time\" content=\"2013-04-25T23:50:30+00:00\" \/>\n<meta name=\"author\" content=\"TMax Tecnologia\" \/>\n<meta name=\"twitter:card\" content=\"summary_large_image\" \/>\n<meta name=\"twitter:creator\" content=\"@iengenharia\" \/>\n<meta name=\"twitter:site\" content=\"@iengenharia\" \/>\n<meta name=\"twitter:label1\" content=\"Escrito por\" \/>\n\t<meta name=\"twitter:data1\" content=\"TMax Tecnologia\" \/>\n\t<meta name=\"twitter:label2\" content=\"Est. tempo de leitura\" \/>\n\t<meta name=\"twitter:data2\" content=\"3 minutos\" \/>\n<script type=\"application\/ld+json\" class=\"yoast-schema-graph\">{\"@context\":\"https:\/\/schema.org\",\"@graph\":[{\"@type\":\"Article\",\"@id\":\"https:\/\/www.institutodeengenharia.org.br\/site\/2013\/04\/25\/impactos-de-barragens-na-regiao-amazonica-e-tema-de-debate-na-pucrio\/#article\",\"isPartOf\":{\"@id\":\"https:\/\/www.institutodeengenharia.org.br\/site\/2013\/04\/25\/impactos-de-barragens-na-regiao-amazonica-e-tema-de-debate-na-pucrio\/\"},\"author\":{\"name\":\"TMax Tecnologia\",\"@id\":\"https:\/\/www.institutodeengenharia.org.br\/site\/#\/schema\/person\/3b1ff109facef084739fc2edcb9a127f\"},\"headline\":\"Impactos de Barragens na Regi\u00e3o Amaz\u00f4nica \u00e9 tema de debate na PUC-Rio\",\"datePublished\":\"2013-04-25T23:50:30+00:00\",\"mainEntityOfPage\":{\"@id\":\"https:\/\/www.institutodeengenharia.org.br\/site\/2013\/04\/25\/impactos-de-barragens-na-regiao-amazonica-e-tema-de-debate-na-pucrio\/\"},\"wordCount\":550,\"commentCount\":0,\"publisher\":{\"@id\":\"https:\/\/www.institutodeengenharia.org.br\/site\/#organization\"},\"articleSection\":[\"Meio Ambiente\",\"Not\u00edcias\"],\"inLanguage\":\"pt-BR\",\"potentialAction\":[{\"@type\":\"CommentAction\",\"name\":\"Comment\",\"target\":[\"https:\/\/www.institutodeengenharia.org.br\/site\/2013\/04\/25\/impactos-de-barragens-na-regiao-amazonica-e-tema-de-debate-na-pucrio\/#respond\"]}]},{\"@type\":\"WebPage\",\"@id\":\"https:\/\/www.institutodeengenharia.org.br\/site\/2013\/04\/25\/impactos-de-barragens-na-regiao-amazonica-e-tema-de-debate-na-pucrio\/\",\"url\":\"https:\/\/www.institutodeengenharia.org.br\/site\/2013\/04\/25\/impactos-de-barragens-na-regiao-amazonica-e-tema-de-debate-na-pucrio\/\",\"name\":\"Impactos de Barragens na Regi\u00e3o Amaz\u00f4nica \u00e9 tema de debate na PUC-Rio - Instituto de Engenharia\",\"isPartOf\":{\"@id\":\"https:\/\/www.institutodeengenharia.org.br\/site\/#website\"},\"datePublished\":\"2013-04-25T23:50:30+00:00\",\"breadcrumb\":{\"@id\":\"https:\/\/www.institutodeengenharia.org.br\/site\/2013\/04\/25\/impactos-de-barragens-na-regiao-amazonica-e-tema-de-debate-na-pucrio\/#breadcrumb\"},\"inLanguage\":\"pt-BR\",\"potentialAction\":[{\"@type\":\"ReadAction\",\"target\":[\"https:\/\/www.institutodeengenharia.org.br\/site\/2013\/04\/25\/impactos-de-barragens-na-regiao-amazonica-e-tema-de-debate-na-pucrio\/\"]}]},{\"@type\":\"BreadcrumbList\",\"@id\":\"https:\/\/www.institutodeengenharia.org.br\/site\/2013\/04\/25\/impactos-de-barragens-na-regiao-amazonica-e-tema-de-debate-na-pucrio\/#breadcrumb\",\"itemListElement\":[{\"@type\":\"ListItem\",\"position\":1,\"name\":\"In\u00edcio\",\"item\":\"https:\/\/www.institutodeengenharia.org.br\/site\/\"},{\"@type\":\"ListItem\",\"position\":2,\"name\":\"Impactos de Barragens na Regi\u00e3o Amaz\u00f4nica \u00e9 tema de debate na PUC-Rio\"}]},{\"@type\":\"WebSite\",\"@id\":\"https:\/\/www.institutodeengenharia.org.br\/site\/#website\",\"url\":\"https:\/\/www.institutodeengenharia.org.br\/site\/\",\"name\":\"Instituto de Engenharia\",\"description\":\"O Instituto de Engenharia promove a Engenharia em benef\u00edcio do desenvolvimento e da qualidade de vida da sociedade.\",\"publisher\":{\"@id\":\"https:\/\/www.institutodeengenharia.org.br\/site\/#organization\"},\"potentialAction\":[{\"@type\":\"SearchAction\",\"target\":{\"@type\":\"EntryPoint\",\"urlTemplate\":\"https:\/\/www.institutodeengenharia.org.br\/site\/?s={search_term_string}\"},\"query-input\":{\"@type\":\"PropertyValueSpecification\",\"valueRequired\":true,\"valueName\":\"search_term_string\"}}],\"inLanguage\":\"pt-BR\"},{\"@type\":\"Organization\",\"@id\":\"https:\/\/www.institutodeengenharia.org.br\/site\/#organization\",\"name\":\"Instituto de Engenharia\",\"url\":\"https:\/\/www.institutodeengenharia.org.br\/site\/\",\"logo\":{\"@type\":\"ImageObject\",\"inLanguage\":\"pt-BR\",\"@id\":\"https:\/\/www.institutodeengenharia.org.br\/site\/#\/schema\/logo\/image\/\",\"url\":\"https:\/\/www.institutodeengenharia.org.br\/site\/wp-content\/uploads\/2019\/03\/logo-novo-IE2018-1.jpg\",\"contentUrl\":\"https:\/\/www.institutodeengenharia.org.br\/site\/wp-content\/uploads\/2019\/03\/logo-novo-IE2018-1.jpg\",\"width\":1486,\"height\":1879,\"caption\":\"Instituto de Engenharia\"},\"image\":{\"@id\":\"https:\/\/www.institutodeengenharia.org.br\/site\/#\/schema\/logo\/image\/\"},\"sameAs\":[\"https:\/\/www.facebook.com\/institutodeengenharia\",\"https:\/\/x.com\/iengenharia\",\"https:\/\/www.instagram.com\/institutodeengenharia\/\",\"https:\/\/www.linkedin.com\/company\/instituto-de-engenharia\/\",\"https:\/\/www.youtube.com\/channel\/UCXiCAlsSMe977vamW915HxA\"]},{\"@type\":\"Person\",\"@id\":\"https:\/\/www.institutodeengenharia.org.br\/site\/#\/schema\/person\/3b1ff109facef084739fc2edcb9a127f\",\"name\":\"TMax Tecnologia\",\"image\":{\"@type\":\"ImageObject\",\"inLanguage\":\"pt-BR\",\"@id\":\"https:\/\/secure.gravatar.com\/avatar\/f912434ef7f389c92cb311fcdae346af848465d638912574b3c669070f797701?s=96&d=mm&r=g\",\"url\":\"https:\/\/secure.gravatar.com\/avatar\/f912434ef7f389c92cb311fcdae346af848465d638912574b3c669070f797701?s=96&d=mm&r=g\",\"contentUrl\":\"https:\/\/secure.gravatar.com\/avatar\/f912434ef7f389c92cb311fcdae346af848465d638912574b3c669070f797701?s=96&d=mm&r=g\",\"caption\":\"TMax Tecnologia\"},\"url\":\"https:\/\/www.institutodeengenharia.org.br\/site\/author\/tmax\/\"}]}<\/script>\n<!-- \/ Yoast SEO plugin. -->","yoast_head_json":{"title":"Impactos de Barragens na Regi\u00e3o Amaz\u00f4nica \u00e9 tema de debate na PUC-Rio - Instituto de Engenharia","robots":{"index":"index","follow":"follow","max-snippet":"max-snippet:-1","max-image-preview":"max-image-preview:large","max-video-preview":"max-video-preview:-1"},"canonical":"https:\/\/www.institutodeengenharia.org.br\/site\/2013\/04\/25\/impactos-de-barragens-na-regiao-amazonica-e-tema-de-debate-na-pucrio\/","og_locale":"pt_BR","og_type":"article","og_title":"Impactos de Barragens na Regi\u00e3o Amaz\u00f4nica \u00e9 tema de debate na PUC-Rio - Instituto de Engenharia","og_description":"Academia Nacional de Engenharia (ANE) promove evento para discutir quest\u00f5es econ\u00f4micas, ambientais e sociais referentes \u00e0s hidrel\u00e9tricas no norte do pa\u00eds","og_url":"https:\/\/www.institutodeengenharia.org.br\/site\/2013\/04\/25\/impactos-de-barragens-na-regiao-amazonica-e-tema-de-debate-na-pucrio\/","og_site_name":"Instituto de Engenharia","article_publisher":"https:\/\/www.facebook.com\/institutodeengenharia","article_published_time":"2013-04-25T23:50:30+00:00","author":"TMax Tecnologia","twitter_card":"summary_large_image","twitter_creator":"@iengenharia","twitter_site":"@iengenharia","twitter_misc":{"Escrito por":"TMax Tecnologia","Est. tempo de leitura":"3 minutos"},"schema":{"@context":"https:\/\/schema.org","@graph":[{"@type":"Article","@id":"https:\/\/www.institutodeengenharia.org.br\/site\/2013\/04\/25\/impactos-de-barragens-na-regiao-amazonica-e-tema-de-debate-na-pucrio\/#article","isPartOf":{"@id":"https:\/\/www.institutodeengenharia.org.br\/site\/2013\/04\/25\/impactos-de-barragens-na-regiao-amazonica-e-tema-de-debate-na-pucrio\/"},"author":{"name":"TMax Tecnologia","@id":"https:\/\/www.institutodeengenharia.org.br\/site\/#\/schema\/person\/3b1ff109facef084739fc2edcb9a127f"},"headline":"Impactos de Barragens na Regi\u00e3o Amaz\u00f4nica \u00e9 tema de debate na PUC-Rio","datePublished":"2013-04-25T23:50:30+00:00","mainEntityOfPage":{"@id":"https:\/\/www.institutodeengenharia.org.br\/site\/2013\/04\/25\/impactos-de-barragens-na-regiao-amazonica-e-tema-de-debate-na-pucrio\/"},"wordCount":550,"commentCount":0,"publisher":{"@id":"https:\/\/www.institutodeengenharia.org.br\/site\/#organization"},"articleSection":["Meio Ambiente","Not\u00edcias"],"inLanguage":"pt-BR","potentialAction":[{"@type":"CommentAction","name":"Comment","target":["https:\/\/www.institutodeengenharia.org.br\/site\/2013\/04\/25\/impactos-de-barragens-na-regiao-amazonica-e-tema-de-debate-na-pucrio\/#respond"]}]},{"@type":"WebPage","@id":"https:\/\/www.institutodeengenharia.org.br\/site\/2013\/04\/25\/impactos-de-barragens-na-regiao-amazonica-e-tema-de-debate-na-pucrio\/","url":"https:\/\/www.institutodeengenharia.org.br\/site\/2013\/04\/25\/impactos-de-barragens-na-regiao-amazonica-e-tema-de-debate-na-pucrio\/","name":"Impactos de Barragens na Regi\u00e3o Amaz\u00f4nica \u00e9 tema de debate na PUC-Rio - Instituto de Engenharia","isPartOf":{"@id":"https:\/\/www.institutodeengenharia.org.br\/site\/#website"},"datePublished":"2013-04-25T23:50:30+00:00","breadcrumb":{"@id":"https:\/\/www.institutodeengenharia.org.br\/site\/2013\/04\/25\/impactos-de-barragens-na-regiao-amazonica-e-tema-de-debate-na-pucrio\/#breadcrumb"},"inLanguage":"pt-BR","potentialAction":[{"@type":"ReadAction","target":["https:\/\/www.institutodeengenharia.org.br\/site\/2013\/04\/25\/impactos-de-barragens-na-regiao-amazonica-e-tema-de-debate-na-pucrio\/"]}]},{"@type":"BreadcrumbList","@id":"https:\/\/www.institutodeengenharia.org.br\/site\/2013\/04\/25\/impactos-de-barragens-na-regiao-amazonica-e-tema-de-debate-na-pucrio\/#breadcrumb","itemListElement":[{"@type":"ListItem","position":1,"name":"In\u00edcio","item":"https:\/\/www.institutodeengenharia.org.br\/site\/"},{"@type":"ListItem","position":2,"name":"Impactos de Barragens na Regi\u00e3o Amaz\u00f4nica \u00e9 tema de debate na PUC-Rio"}]},{"@type":"WebSite","@id":"https:\/\/www.institutodeengenharia.org.br\/site\/#website","url":"https:\/\/www.institutodeengenharia.org.br\/site\/","name":"Instituto de Engenharia","description":"O Instituto de Engenharia promove a Engenharia em benef\u00edcio do desenvolvimento e da qualidade de vida da sociedade.","publisher":{"@id":"https:\/\/www.institutodeengenharia.org.br\/site\/#organization"},"potentialAction":[{"@type":"SearchAction","target":{"@type":"EntryPoint","urlTemplate":"https:\/\/www.institutodeengenharia.org.br\/site\/?s={search_term_string}"},"query-input":{"@type":"PropertyValueSpecification","valueRequired":true,"valueName":"search_term_string"}}],"inLanguage":"pt-BR"},{"@type":"Organization","@id":"https:\/\/www.institutodeengenharia.org.br\/site\/#organization","name":"Instituto de Engenharia","url":"https:\/\/www.institutodeengenharia.org.br\/site\/","logo":{"@type":"ImageObject","inLanguage":"pt-BR","@id":"https:\/\/www.institutodeengenharia.org.br\/site\/#\/schema\/logo\/image\/","url":"https:\/\/www.institutodeengenharia.org.br\/site\/wp-content\/uploads\/2019\/03\/logo-novo-IE2018-1.jpg","contentUrl":"https:\/\/www.institutodeengenharia.org.br\/site\/wp-content\/uploads\/2019\/03\/logo-novo-IE2018-1.jpg","width":1486,"height":1879,"caption":"Instituto de Engenharia"},"image":{"@id":"https:\/\/www.institutodeengenharia.org.br\/site\/#\/schema\/logo\/image\/"},"sameAs":["https:\/\/www.facebook.com\/institutodeengenharia","https:\/\/x.com\/iengenharia","https:\/\/www.instagram.com\/institutodeengenharia\/","https:\/\/www.linkedin.com\/company\/instituto-de-engenharia\/","https:\/\/www.youtube.com\/channel\/UCXiCAlsSMe977vamW915HxA"]},{"@type":"Person","@id":"https:\/\/www.institutodeengenharia.org.br\/site\/#\/schema\/person\/3b1ff109facef084739fc2edcb9a127f","name":"TMax Tecnologia","image":{"@type":"ImageObject","inLanguage":"pt-BR","@id":"https:\/\/secure.gravatar.com\/avatar\/f912434ef7f389c92cb311fcdae346af848465d638912574b3c669070f797701?s=96&d=mm&r=g","url":"https:\/\/secure.gravatar.com\/avatar\/f912434ef7f389c92cb311fcdae346af848465d638912574b3c669070f797701?s=96&d=mm&r=g","contentUrl":"https:\/\/secure.gravatar.com\/avatar\/f912434ef7f389c92cb311fcdae346af848465d638912574b3c669070f797701?s=96&d=mm&r=g","caption":"TMax Tecnologia"},"url":"https:\/\/www.institutodeengenharia.org.br\/site\/author\/tmax\/"}]}},"_links":{"self":[{"href":"https:\/\/www.institutodeengenharia.org.br\/site\/wp-json\/wp\/v2\/posts\/23346","targetHints":{"allow":["GET"]}}],"collection":[{"href":"https:\/\/www.institutodeengenharia.org.br\/site\/wp-json\/wp\/v2\/posts"}],"about":[{"href":"https:\/\/www.institutodeengenharia.org.br\/site\/wp-json\/wp\/v2\/types\/post"}],"author":[{"embeddable":true,"href":"https:\/\/www.institutodeengenharia.org.br\/site\/wp-json\/wp\/v2\/users\/1"}],"replies":[{"embeddable":true,"href":"https:\/\/www.institutodeengenharia.org.br\/site\/wp-json\/wp\/v2\/comments?post=23346"}],"version-history":[{"count":0,"href":"https:\/\/www.institutodeengenharia.org.br\/site\/wp-json\/wp\/v2\/posts\/23346\/revisions"}],"wp:attachment":[{"href":"https:\/\/www.institutodeengenharia.org.br\/site\/wp-json\/wp\/v2\/media?parent=23346"}],"wp:term":[{"taxonomy":"category","embeddable":true,"href":"https:\/\/www.institutodeengenharia.org.br\/site\/wp-json\/wp\/v2\/categories?post=23346"},{"taxonomy":"post_tag","embeddable":true,"href":"https:\/\/www.institutodeengenharia.org.br\/site\/wp-json\/wp\/v2\/tags?post=23346"}],"curies":[{"name":"wp","href":"https:\/\/api.w.org\/{rel}","templated":true}]}}