{"id":23321,"date":"2013-04-19T23:50:08","date_gmt":"2013-04-19T23:50:08","guid":{"rendered":"https:\/\/www.institutodeengenharia.org.br\/?p=23321"},"modified":"2013-04-19T11:35:15","modified_gmt":"2013-04-19T11:35:15","slug":"arena-pernambuco-tem-obras-civis-concluidas","status":"publish","type":"post","link":"https:\/\/www.institutodeengenharia.org.br\/site\/2013\/04\/19\/arena-pernambuco-tem-obras-civis-concluidas\/","title":{"rendered":"Arena Pernambuco tem obras civis conclu\u00eddas"},"content":{"rendered":"<div class=\"youtube-embed\" data-video_id=\"VL-kRWKwcSM\"><iframe loading=\"lazy\" width=\"696\" height=\"392\" src=\"https:\/\/www.youtube.com\/embed\/VL-kRWKwcSM?feature=oembed&#038;enablejsapi=1\" frameborder=\"0\" allowfullscreen><\/iframe><\/div>\n<p>As obras da Arena Pernambuco, em S\u00e3o Louren\u00e7o da Mata (regi\u00e3o metropolitana de Recife), foram formalmente conclu\u00eddas no \u00faltimo domingo (14), ap\u00f3s 30 meses de constru\u00e7\u00e3o. O est\u00e1dio sediar\u00e1 tr\u00eas jogos da Copa das Confedera\u00e7\u00f5es, em 2013, e cinco jogos da Copa do Mundo de 2014. O investimento estimado foi de R$ 532 milh\u00f5es.<\/p>\n<p>Com projeto do escrit\u00f3rio Fernandes Arquitetos Associados, a arena, localizada em uma \u00e1rea de 52 hectares, tem capacidade para 46 mil lugares e sua estrutura \u00e9 adaptada para receber eventos como shows, conven\u00e7\u00f5es e outras competi\u00e7\u00f5es esportivas. O local ter\u00e1 4.700 vagas de estacionamento, das quais 4.500 ser\u00e3o destinadas a ve\u00edculos leves e 200 para \u00f4nibus. <\/p>\n<p>Constru\u00edda com pr\u00e9-moldados de concreto, o est\u00e1dio tem fechamento lateral feito com filme de etileno tetrafluoretileno (ETFE), que permite o melhor aproveitamento da ilumina\u00e7\u00e3o e ventila\u00e7\u00e3o naturais. A \u00e1rea externa ter\u00e1 ainda um sistema de LED que mudar\u00e1 de cor de acordo com o evento realizado <\/p>\n<p>J\u00e1, a cobertura, fixada sobre 68 pilares met\u00e1licos apoiados no concreto, \u00e9 sustentada por estrutura em balan\u00e7o atirantada nos pilares e estrutura espacial em a\u00e7o, com fechamento superior formado por um anel externo fechado com telhas met\u00e1licas termoac\u00fasticas cobertas com manta tipo TPO, e anel interno com fechamento em vidro. A estrutura importada da Espanha foi dividida em 22 m\u00f3dulos, pr\u00e9-moldados no solo, e i\u00e7ada pronta, de modo a antecipar a coloca\u00e7\u00e3o das telhas, forros e vidros. <\/p>\n<p>A Arena fornecer\u00e1 energia atrav\u00e9s de uma usina solar pr\u00f3pria. A energia gerada a partir da capta\u00e7\u00e3o da luz solar deve destinar-se ao abastecimento do est\u00e1dio, por\u00e9m, quando n\u00e3o estiver operando para a arena, vai atender a uma rede de distribui\u00e7\u00e3o convencional. A usina tem potencial instalado de 1 MWp, o equivalente ao consumo m\u00e9dio de 6 mil pessoas. <\/p>\n<p>O est\u00e1dio ainda servir\u00e1 como ponto de partida para a implanta\u00e7\u00e3o da Cidade da Copa, um novo n\u00facleo urbano com \u00e1reas residenciais, de escrit\u00f3rios, educacional e de entretenimento. Segundo o Cons\u00f3rcio Arena Pernambuco, formado pelas empresas Odebrecht Participa\u00e7\u00f5es e Investimentos e Odebrecht Infraestrutura, ser\u00e3o preservados 600 mil m\u00b2 de Mata Atl\u00e2ntica nativa, e adotadas tecnologias que garantem o uso racional de recursos naturais como a reserva e utiliza\u00e7\u00e3o de \u00e1gua de chuva, reuso de \u00e1gua, energia solar e outras solu\u00e7\u00f5es que utilizam a luz e a ventila\u00e7\u00e3o naturais. <\/p>\n<p>&#8220;\u00c9 uma mudan\u00e7a cultural, esse padr\u00e3o de conforto de quem assiste \u00e9 um incentivo \u00e0 cultura. antigamente, os est\u00e1dios tinham alambrado, fosso, e na Arena, o espectador fica quase dentro do gramado&#8221;, afirmou o governador Eduardo Campos. <\/p>\n<p>Al\u00e9m da Arena Pernambuco, outros tr\u00eas est\u00e1dios j\u00e1 foram entregues: Castel\u00e3o (Fortaleza), Fonte Nova (Salvador) e Mineir\u00e3o (Belo Horizonte). Para a Copa das Confedera\u00e7\u00f5es, que ser\u00e1 realizada neste ano, ainda precisam ser finalizados o Man\u00e9 Garrincha (Bras\u00edlia) e o Maracan\u00e3 (Rio de Janeiro).<\/p>\n<p><b>Autor: PiniWeb<\/b><\/p>\n","protected":false},"excerpt":{"rendered":"<p>Com investimento de R$ 532 milh\u00f5es, constru\u00e7\u00e3o do est\u00e1dio com capacidade para 46 mil lugares foi realizada em 30 meses. Veja v\u00eddeo sobre a evolu\u00e7\u00e3o da obra<\/p>\n","protected":false},"author":1,"featured_media":0,"comment_status":"open","ping_status":"open","sticky":false,"template":"","format":"standard","meta":{"footnotes":""},"categories":[10,6],"tags":[],"class_list":{"0":"post-23321","1":"post","2":"type-post","3":"status-publish","4":"format-standard","6":"category-copa-2014","7":"category-noticias"},"yoast_head":"<!-- This site is optimized with the Yoast SEO plugin v27.2 - https:\/\/yoast.com\/product\/yoast-seo-wordpress\/ -->\n<title>Arena Pernambuco tem obras civis conclu\u00eddas - Instituto de Engenharia<\/title>\n<meta name=\"robots\" content=\"index, follow, max-snippet:-1, max-image-preview:large, max-video-preview:-1\" \/>\n<link rel=\"canonical\" href=\"https:\/\/www.institutodeengenharia.org.br\/site\/2013\/04\/19\/arena-pernambuco-tem-obras-civis-concluidas\/\" \/>\n<meta property=\"og:locale\" content=\"pt_BR\" \/>\n<meta property=\"og:type\" content=\"article\" \/>\n<meta property=\"og:title\" content=\"Arena Pernambuco tem obras civis conclu\u00eddas - Instituto de Engenharia\" \/>\n<meta property=\"og:description\" content=\"Com investimento de R$ 532 milh\u00f5es, constru\u00e7\u00e3o do est\u00e1dio com capacidade para 46 mil lugares foi realizada em 30 meses. Veja v\u00eddeo sobre a evolu\u00e7\u00e3o da obra\" \/>\n<meta property=\"og:url\" content=\"https:\/\/www.institutodeengenharia.org.br\/site\/2013\/04\/19\/arena-pernambuco-tem-obras-civis-concluidas\/\" \/>\n<meta property=\"og:site_name\" content=\"Instituto de Engenharia\" \/>\n<meta property=\"article:publisher\" content=\"https:\/\/www.facebook.com\/institutodeengenharia\" \/>\n<meta property=\"article:published_time\" content=\"2013-04-19T23:50:08+00:00\" \/>\n<meta name=\"author\" content=\"TMax Tecnologia\" \/>\n<meta name=\"twitter:card\" content=\"summary_large_image\" \/>\n<meta name=\"twitter:creator\" content=\"@iengenharia\" \/>\n<meta name=\"twitter:site\" content=\"@iengenharia\" \/>\n<meta name=\"twitter:label1\" content=\"Escrito por\" \/>\n\t<meta name=\"twitter:data1\" content=\"TMax Tecnologia\" \/>\n\t<meta name=\"twitter:label2\" content=\"Est. tempo de leitura\" \/>\n\t<meta name=\"twitter:data2\" content=\"3 minutos\" \/>\n<script type=\"application\/ld+json\" class=\"yoast-schema-graph\">{\"@context\":\"https:\/\/schema.org\",\"@graph\":[{\"@type\":\"Article\",\"@id\":\"https:\/\/www.institutodeengenharia.org.br\/site\/2013\/04\/19\/arena-pernambuco-tem-obras-civis-concluidas\/#article\",\"isPartOf\":{\"@id\":\"https:\/\/www.institutodeengenharia.org.br\/site\/2013\/04\/19\/arena-pernambuco-tem-obras-civis-concluidas\/\"},\"author\":{\"name\":\"TMax Tecnologia\",\"@id\":\"https:\/\/www.institutodeengenharia.org.br\/site\/#\/schema\/person\/3b1ff109facef084739fc2edcb9a127f\"},\"headline\":\"Arena Pernambuco tem obras civis conclu\u00eddas\",\"datePublished\":\"2013-04-19T23:50:08+00:00\",\"mainEntityOfPage\":{\"@id\":\"https:\/\/www.institutodeengenharia.org.br\/site\/2013\/04\/19\/arena-pernambuco-tem-obras-civis-concluidas\/\"},\"wordCount\":517,\"commentCount\":0,\"publisher\":{\"@id\":\"https:\/\/www.institutodeengenharia.org.br\/site\/#organization\"},\"articleSection\":[\"Copa 2014\",\"Not\u00edcias\"],\"inLanguage\":\"pt-BR\",\"potentialAction\":[{\"@type\":\"CommentAction\",\"name\":\"Comment\",\"target\":[\"https:\/\/www.institutodeengenharia.org.br\/site\/2013\/04\/19\/arena-pernambuco-tem-obras-civis-concluidas\/#respond\"]}]},{\"@type\":\"WebPage\",\"@id\":\"https:\/\/www.institutodeengenharia.org.br\/site\/2013\/04\/19\/arena-pernambuco-tem-obras-civis-concluidas\/\",\"url\":\"https:\/\/www.institutodeengenharia.org.br\/site\/2013\/04\/19\/arena-pernambuco-tem-obras-civis-concluidas\/\",\"name\":\"Arena Pernambuco tem obras civis conclu\u00eddas - Instituto de Engenharia\",\"isPartOf\":{\"@id\":\"https:\/\/www.institutodeengenharia.org.br\/site\/#website\"},\"datePublished\":\"2013-04-19T23:50:08+00:00\",\"breadcrumb\":{\"@id\":\"https:\/\/www.institutodeengenharia.org.br\/site\/2013\/04\/19\/arena-pernambuco-tem-obras-civis-concluidas\/#breadcrumb\"},\"inLanguage\":\"pt-BR\",\"potentialAction\":[{\"@type\":\"ReadAction\",\"target\":[\"https:\/\/www.institutodeengenharia.org.br\/site\/2013\/04\/19\/arena-pernambuco-tem-obras-civis-concluidas\/\"]}]},{\"@type\":\"BreadcrumbList\",\"@id\":\"https:\/\/www.institutodeengenharia.org.br\/site\/2013\/04\/19\/arena-pernambuco-tem-obras-civis-concluidas\/#breadcrumb\",\"itemListElement\":[{\"@type\":\"ListItem\",\"position\":1,\"name\":\"In\u00edcio\",\"item\":\"https:\/\/www.institutodeengenharia.org.br\/site\/\"},{\"@type\":\"ListItem\",\"position\":2,\"name\":\"Arena Pernambuco tem obras civis conclu\u00eddas\"}]},{\"@type\":\"WebSite\",\"@id\":\"https:\/\/www.institutodeengenharia.org.br\/site\/#website\",\"url\":\"https:\/\/www.institutodeengenharia.org.br\/site\/\",\"name\":\"Instituto de Engenharia\",\"description\":\"O Instituto de Engenharia promove a Engenharia em benef\u00edcio do desenvolvimento e da qualidade de vida da sociedade.\",\"publisher\":{\"@id\":\"https:\/\/www.institutodeengenharia.org.br\/site\/#organization\"},\"potentialAction\":[{\"@type\":\"SearchAction\",\"target\":{\"@type\":\"EntryPoint\",\"urlTemplate\":\"https:\/\/www.institutodeengenharia.org.br\/site\/?s={search_term_string}\"},\"query-input\":{\"@type\":\"PropertyValueSpecification\",\"valueRequired\":true,\"valueName\":\"search_term_string\"}}],\"inLanguage\":\"pt-BR\"},{\"@type\":\"Organization\",\"@id\":\"https:\/\/www.institutodeengenharia.org.br\/site\/#organization\",\"name\":\"Instituto de Engenharia\",\"url\":\"https:\/\/www.institutodeengenharia.org.br\/site\/\",\"logo\":{\"@type\":\"ImageObject\",\"inLanguage\":\"pt-BR\",\"@id\":\"https:\/\/www.institutodeengenharia.org.br\/site\/#\/schema\/logo\/image\/\",\"url\":\"https:\/\/www.institutodeengenharia.org.br\/site\/wp-content\/uploads\/2019\/03\/logo-novo-IE2018-1.jpg\",\"contentUrl\":\"https:\/\/www.institutodeengenharia.org.br\/site\/wp-content\/uploads\/2019\/03\/logo-novo-IE2018-1.jpg\",\"width\":1486,\"height\":1879,\"caption\":\"Instituto de Engenharia\"},\"image\":{\"@id\":\"https:\/\/www.institutodeengenharia.org.br\/site\/#\/schema\/logo\/image\/\"},\"sameAs\":[\"https:\/\/www.facebook.com\/institutodeengenharia\",\"https:\/\/x.com\/iengenharia\",\"https:\/\/www.instagram.com\/institutodeengenharia\/\",\"https:\/\/www.linkedin.com\/company\/instituto-de-engenharia\/\",\"https:\/\/www.youtube.com\/channel\/UCXiCAlsSMe977vamW915HxA\"]},{\"@type\":\"Person\",\"@id\":\"https:\/\/www.institutodeengenharia.org.br\/site\/#\/schema\/person\/3b1ff109facef084739fc2edcb9a127f\",\"name\":\"TMax Tecnologia\",\"image\":{\"@type\":\"ImageObject\",\"inLanguage\":\"pt-BR\",\"@id\":\"https:\/\/secure.gravatar.com\/avatar\/f912434ef7f389c92cb311fcdae346af848465d638912574b3c669070f797701?s=96&d=mm&r=g\",\"url\":\"https:\/\/secure.gravatar.com\/avatar\/f912434ef7f389c92cb311fcdae346af848465d638912574b3c669070f797701?s=96&d=mm&r=g\",\"contentUrl\":\"https:\/\/secure.gravatar.com\/avatar\/f912434ef7f389c92cb311fcdae346af848465d638912574b3c669070f797701?s=96&d=mm&r=g\",\"caption\":\"TMax Tecnologia\"},\"url\":\"https:\/\/www.institutodeengenharia.org.br\/site\/author\/tmax\/\"}]}<\/script>\n<!-- \/ Yoast SEO plugin. -->","yoast_head_json":{"title":"Arena Pernambuco tem obras civis conclu\u00eddas - Instituto de Engenharia","robots":{"index":"index","follow":"follow","max-snippet":"max-snippet:-1","max-image-preview":"max-image-preview:large","max-video-preview":"max-video-preview:-1"},"canonical":"https:\/\/www.institutodeengenharia.org.br\/site\/2013\/04\/19\/arena-pernambuco-tem-obras-civis-concluidas\/","og_locale":"pt_BR","og_type":"article","og_title":"Arena Pernambuco tem obras civis conclu\u00eddas - Instituto de Engenharia","og_description":"Com investimento de R$ 532 milh\u00f5es, constru\u00e7\u00e3o do est\u00e1dio com capacidade para 46 mil lugares foi realizada em 30 meses. Veja v\u00eddeo sobre a evolu\u00e7\u00e3o da obra","og_url":"https:\/\/www.institutodeengenharia.org.br\/site\/2013\/04\/19\/arena-pernambuco-tem-obras-civis-concluidas\/","og_site_name":"Instituto de Engenharia","article_publisher":"https:\/\/www.facebook.com\/institutodeengenharia","article_published_time":"2013-04-19T23:50:08+00:00","author":"TMax Tecnologia","twitter_card":"summary_large_image","twitter_creator":"@iengenharia","twitter_site":"@iengenharia","twitter_misc":{"Escrito por":"TMax Tecnologia","Est. tempo de leitura":"3 minutos"},"schema":{"@context":"https:\/\/schema.org","@graph":[{"@type":"Article","@id":"https:\/\/www.institutodeengenharia.org.br\/site\/2013\/04\/19\/arena-pernambuco-tem-obras-civis-concluidas\/#article","isPartOf":{"@id":"https:\/\/www.institutodeengenharia.org.br\/site\/2013\/04\/19\/arena-pernambuco-tem-obras-civis-concluidas\/"},"author":{"name":"TMax Tecnologia","@id":"https:\/\/www.institutodeengenharia.org.br\/site\/#\/schema\/person\/3b1ff109facef084739fc2edcb9a127f"},"headline":"Arena Pernambuco tem obras civis conclu\u00eddas","datePublished":"2013-04-19T23:50:08+00:00","mainEntityOfPage":{"@id":"https:\/\/www.institutodeengenharia.org.br\/site\/2013\/04\/19\/arena-pernambuco-tem-obras-civis-concluidas\/"},"wordCount":517,"commentCount":0,"publisher":{"@id":"https:\/\/www.institutodeengenharia.org.br\/site\/#organization"},"articleSection":["Copa 2014","Not\u00edcias"],"inLanguage":"pt-BR","potentialAction":[{"@type":"CommentAction","name":"Comment","target":["https:\/\/www.institutodeengenharia.org.br\/site\/2013\/04\/19\/arena-pernambuco-tem-obras-civis-concluidas\/#respond"]}]},{"@type":"WebPage","@id":"https:\/\/www.institutodeengenharia.org.br\/site\/2013\/04\/19\/arena-pernambuco-tem-obras-civis-concluidas\/","url":"https:\/\/www.institutodeengenharia.org.br\/site\/2013\/04\/19\/arena-pernambuco-tem-obras-civis-concluidas\/","name":"Arena Pernambuco tem obras civis conclu\u00eddas - Instituto de Engenharia","isPartOf":{"@id":"https:\/\/www.institutodeengenharia.org.br\/site\/#website"},"datePublished":"2013-04-19T23:50:08+00:00","breadcrumb":{"@id":"https:\/\/www.institutodeengenharia.org.br\/site\/2013\/04\/19\/arena-pernambuco-tem-obras-civis-concluidas\/#breadcrumb"},"inLanguage":"pt-BR","potentialAction":[{"@type":"ReadAction","target":["https:\/\/www.institutodeengenharia.org.br\/site\/2013\/04\/19\/arena-pernambuco-tem-obras-civis-concluidas\/"]}]},{"@type":"BreadcrumbList","@id":"https:\/\/www.institutodeengenharia.org.br\/site\/2013\/04\/19\/arena-pernambuco-tem-obras-civis-concluidas\/#breadcrumb","itemListElement":[{"@type":"ListItem","position":1,"name":"In\u00edcio","item":"https:\/\/www.institutodeengenharia.org.br\/site\/"},{"@type":"ListItem","position":2,"name":"Arena Pernambuco tem obras civis conclu\u00eddas"}]},{"@type":"WebSite","@id":"https:\/\/www.institutodeengenharia.org.br\/site\/#website","url":"https:\/\/www.institutodeengenharia.org.br\/site\/","name":"Instituto de Engenharia","description":"O Instituto de Engenharia promove a Engenharia em benef\u00edcio do desenvolvimento e da qualidade de vida da sociedade.","publisher":{"@id":"https:\/\/www.institutodeengenharia.org.br\/site\/#organization"},"potentialAction":[{"@type":"SearchAction","target":{"@type":"EntryPoint","urlTemplate":"https:\/\/www.institutodeengenharia.org.br\/site\/?s={search_term_string}"},"query-input":{"@type":"PropertyValueSpecification","valueRequired":true,"valueName":"search_term_string"}}],"inLanguage":"pt-BR"},{"@type":"Organization","@id":"https:\/\/www.institutodeengenharia.org.br\/site\/#organization","name":"Instituto de Engenharia","url":"https:\/\/www.institutodeengenharia.org.br\/site\/","logo":{"@type":"ImageObject","inLanguage":"pt-BR","@id":"https:\/\/www.institutodeengenharia.org.br\/site\/#\/schema\/logo\/image\/","url":"https:\/\/www.institutodeengenharia.org.br\/site\/wp-content\/uploads\/2019\/03\/logo-novo-IE2018-1.jpg","contentUrl":"https:\/\/www.institutodeengenharia.org.br\/site\/wp-content\/uploads\/2019\/03\/logo-novo-IE2018-1.jpg","width":1486,"height":1879,"caption":"Instituto de Engenharia"},"image":{"@id":"https:\/\/www.institutodeengenharia.org.br\/site\/#\/schema\/logo\/image\/"},"sameAs":["https:\/\/www.facebook.com\/institutodeengenharia","https:\/\/x.com\/iengenharia","https:\/\/www.instagram.com\/institutodeengenharia\/","https:\/\/www.linkedin.com\/company\/instituto-de-engenharia\/","https:\/\/www.youtube.com\/channel\/UCXiCAlsSMe977vamW915HxA"]},{"@type":"Person","@id":"https:\/\/www.institutodeengenharia.org.br\/site\/#\/schema\/person\/3b1ff109facef084739fc2edcb9a127f","name":"TMax Tecnologia","image":{"@type":"ImageObject","inLanguage":"pt-BR","@id":"https:\/\/secure.gravatar.com\/avatar\/f912434ef7f389c92cb311fcdae346af848465d638912574b3c669070f797701?s=96&d=mm&r=g","url":"https:\/\/secure.gravatar.com\/avatar\/f912434ef7f389c92cb311fcdae346af848465d638912574b3c669070f797701?s=96&d=mm&r=g","contentUrl":"https:\/\/secure.gravatar.com\/avatar\/f912434ef7f389c92cb311fcdae346af848465d638912574b3c669070f797701?s=96&d=mm&r=g","caption":"TMax Tecnologia"},"url":"https:\/\/www.institutodeengenharia.org.br\/site\/author\/tmax\/"}]}},"_links":{"self":[{"href":"https:\/\/www.institutodeengenharia.org.br\/site\/wp-json\/wp\/v2\/posts\/23321","targetHints":{"allow":["GET"]}}],"collection":[{"href":"https:\/\/www.institutodeengenharia.org.br\/site\/wp-json\/wp\/v2\/posts"}],"about":[{"href":"https:\/\/www.institutodeengenharia.org.br\/site\/wp-json\/wp\/v2\/types\/post"}],"author":[{"embeddable":true,"href":"https:\/\/www.institutodeengenharia.org.br\/site\/wp-json\/wp\/v2\/users\/1"}],"replies":[{"embeddable":true,"href":"https:\/\/www.institutodeengenharia.org.br\/site\/wp-json\/wp\/v2\/comments?post=23321"}],"version-history":[{"count":0,"href":"https:\/\/www.institutodeengenharia.org.br\/site\/wp-json\/wp\/v2\/posts\/23321\/revisions"}],"wp:attachment":[{"href":"https:\/\/www.institutodeengenharia.org.br\/site\/wp-json\/wp\/v2\/media?parent=23321"}],"wp:term":[{"taxonomy":"category","embeddable":true,"href":"https:\/\/www.institutodeengenharia.org.br\/site\/wp-json\/wp\/v2\/categories?post=23321"},{"taxonomy":"post_tag","embeddable":true,"href":"https:\/\/www.institutodeengenharia.org.br\/site\/wp-json\/wp\/v2\/tags?post=23321"}],"curies":[{"name":"wp","href":"https:\/\/api.w.org\/{rel}","templated":true}]}}