{"id":23310,"date":"2013-04-16T23:49:59","date_gmt":"2013-04-16T23:49:59","guid":{"rendered":"https:\/\/www.institutodeengenharia.org.br\/?p=23310"},"modified":"2013-04-16T11:42:46","modified_gmt":"2013-04-16T11:42:46","slug":"brasileiro-abre-novas-fronteiras-para-nanofabricacao","status":"publish","type":"post","link":"https:\/\/www.institutodeengenharia.org.br\/site\/2013\/04\/16\/brasileiro-abre-novas-fronteiras-para-nanofabricacao\/","title":{"rendered":"Brasileiro abre novas fronteiras para nanofabrica\u00e7\u00e3o"},"content":{"rendered":"<p>O pesquisador brasileiro Vitor Manfrinato, atualmente no MIT, nos Estados Unidos, est\u00e1 ajudando a abrir novas fronteiras para a nanofabrica\u00e7\u00e3o. <\/p>\n<p>Para que as nanoci\u00eancias gerem nanotecnologias, \u00e9 necess\u00e1rio fabricar objetos e estruturas em escala nanom\u00e9trica &#8211; nisto consiste a nanofabrica\u00e7\u00e3o, que trabalha com objetos nas dimens\u00f5es do milion\u00e9simo de metro. <\/p>\n<p>Todos os avan\u00e7os atuais na eletr\u00f4nica, na fot\u00f4nica e na computa\u00e7\u00e3o qu\u00e2ntica &#8211; a prov\u00e1vel a linha de desenvolvimento futuro do hardware &#8211; j\u00e1 dependem da nanofabrica\u00e7\u00e3o. <\/p>\n<p>Um dos mecanismos mais comuns de fabricar objetos em nanoescala \u00e9 a litografia, que serve tanto para fabricar componentes eletr\u00f4nicos, como os transistores dos processadores de computador, quanto para fazer moldes onde mol\u00e9culas possam se automontar para formar estruturas &#8220;de baixo para cima&#8221;. <\/p>\n<p>O grande desafio \u00e9 fazer a ponte entre a litografia tradicional e a nanolitografia, que precisa operar em dimens\u00f5es que est\u00e3o se aproximando das dimens\u00f5es moleculares e at\u00f4micas. <\/p>\n<p>Manfrinato e seus colegas desenvolveram uma nova t\u00e9cnica que permite a constru\u00e7\u00e3o de estruturas precisas com apenas 2 nan\u00f4metros. <\/p>\n<p>Para se ter uma ideia das dimens\u00f5es envolvidas, basta ver que uma estrutura de de 2 nan\u00f4metros de comprimento ter\u00e1 meros 10 \u00e1tomos de uma ponta \u00e0 outra. <\/p>\n<p>Al\u00e9m do que, isso \u00e9 10 vezes menor do que a dimens\u00e3o dos transistores mais modernos. <\/p>\n<p>O interesse na nanolitografia \u00e9 mundial porque esta \u00e9 a t\u00e9cnica usada por toda a ind\u00fastria eletr\u00f4nica &#8211; aprimor\u00e1-la \u00e9 muito mais f\u00e1cil do que ter que construir uma f\u00e1brica totalmente nova, baseada em outra tecnologia. <\/p>\n<p>Por outro lado, essa precis\u00e3o aproxima a nanolitografia dos campos emergentes que prometem complementar, ou eventualmente substituir, a eletr\u00f4nica, como a plasm\u00f4nica, a spintr\u00f4nica e a eletr\u00f4nica molecular. <\/p>\n<p>Segundo Manfrinato, o maior desafio para a nanolitografia nessas dimens\u00f5es \u00e9 o colapso das sali\u00eancias que est\u00e3o sendo constru\u00eddas devido \u00e0 for\u00e7a de capilaridade e a problemas de ades\u00e3o do resiste ao substrato. <\/p>\n<p>Isso, por outro lado, sinaliza que seu trabalho poder\u00e1 atingir dimens\u00f5es ainda menores. <\/p>\n<p>&#8220;Um sistema otimizado de resiste dever\u00e1 resultar em resolu\u00e7\u00f5es ainda mais elevadas,&#8221; disse o pesquisador brasileiro. <\/p>\n<p><em>Bibliografia: <\/p>\n<p>Resolution Limits of Electron-Beam Lithography toward the Atomic Scale <br \/>\nVitor R. Manfrinato, Lihua Zhang, Dong Su, Huigao Duan, Richard G. Hobbs, Eric A. Stach, Karl K. Berggren <br \/>\nNano Letters <br \/>\nVol.: 13 (4), pp 1555-1558 <br \/>\nDOI: 10.1021\/nl304715p<\/em><\/p>\n<p><b>Autor: Inova\u00e7\u00e3o Tecnol\u00f3gica <\/b><\/p>\n","protected":false},"excerpt":{"rendered":"<p>O pesquisador brasileiro Vitor Manfrinato, atualmente no MIT, nos Estados Unidos, est\u00e1 ajudando a abrir novas fronteiras para a nanofabrica\u00e7\u00e3o. Para que as nanoci\u00eancias gerem nanotecnologias, \u00e9 necess\u00e1rio fabricar objetos e estruturas em escala nanom\u00e9trica &#8211; nisto consiste a nanofabrica\u00e7\u00e3o, que trabalha com objetos nas dimens\u00f5es do milion\u00e9simo de metro. Todos os avan\u00e7os atuais na [&hellip;]<\/p>\n","protected":false},"author":1,"featured_media":0,"comment_status":"open","ping_status":"open","sticky":false,"template":"","format":"standard","meta":{"footnotes":""},"categories":[6,35],"tags":[],"class_list":{"0":"post-23310","1":"post","2":"type-post","3":"status-publish","4":"format-standard","6":"category-noticias","7":"category-pesquisa-e-desenvolvimento"},"yoast_head":"<!-- This site is optimized with the Yoast SEO plugin v27.2 - https:\/\/yoast.com\/product\/yoast-seo-wordpress\/ -->\n<title>Brasileiro abre novas fronteiras para nanofabrica\u00e7\u00e3o - Instituto de Engenharia<\/title>\n<meta name=\"robots\" content=\"index, follow, max-snippet:-1, max-image-preview:large, max-video-preview:-1\" \/>\n<link rel=\"canonical\" href=\"https:\/\/www.institutodeengenharia.org.br\/site\/2013\/04\/16\/brasileiro-abre-novas-fronteiras-para-nanofabricacao\/\" \/>\n<meta property=\"og:locale\" content=\"pt_BR\" \/>\n<meta property=\"og:type\" content=\"article\" \/>\n<meta property=\"og:title\" content=\"Brasileiro abre novas fronteiras para nanofabrica\u00e7\u00e3o - Instituto de Engenharia\" \/>\n<meta property=\"og:description\" content=\"O pesquisador brasileiro Vitor Manfrinato, atualmente no MIT, nos Estados Unidos, est\u00e1 ajudando a abrir novas fronteiras para a nanofabrica\u00e7\u00e3o. Para que as nanoci\u00eancias gerem nanotecnologias, \u00e9 necess\u00e1rio fabricar objetos e estruturas em escala nanom\u00e9trica &#8211; nisto consiste a nanofabrica\u00e7\u00e3o, que trabalha com objetos nas dimens\u00f5es do milion\u00e9simo de metro. Todos os avan\u00e7os atuais na [&hellip;]\" \/>\n<meta property=\"og:url\" content=\"https:\/\/www.institutodeengenharia.org.br\/site\/2013\/04\/16\/brasileiro-abre-novas-fronteiras-para-nanofabricacao\/\" \/>\n<meta property=\"og:site_name\" content=\"Instituto de Engenharia\" \/>\n<meta property=\"article:publisher\" content=\"https:\/\/www.facebook.com\/institutodeengenharia\" \/>\n<meta property=\"article:published_time\" content=\"2013-04-16T23:49:59+00:00\" \/>\n<meta name=\"author\" content=\"TMax Tecnologia\" \/>\n<meta name=\"twitter:card\" content=\"summary_large_image\" \/>\n<meta name=\"twitter:creator\" content=\"@iengenharia\" \/>\n<meta name=\"twitter:site\" content=\"@iengenharia\" \/>\n<meta name=\"twitter:label1\" content=\"Escrito por\" \/>\n\t<meta name=\"twitter:data1\" content=\"TMax Tecnologia\" \/>\n\t<meta name=\"twitter:label2\" content=\"Est. tempo de leitura\" \/>\n\t<meta name=\"twitter:data2\" content=\"2 minutos\" \/>\n<script type=\"application\/ld+json\" class=\"yoast-schema-graph\">{\"@context\":\"https:\/\/schema.org\",\"@graph\":[{\"@type\":\"Article\",\"@id\":\"https:\/\/www.institutodeengenharia.org.br\/site\/2013\/04\/16\/brasileiro-abre-novas-fronteiras-para-nanofabricacao\/#article\",\"isPartOf\":{\"@id\":\"https:\/\/www.institutodeengenharia.org.br\/site\/2013\/04\/16\/brasileiro-abre-novas-fronteiras-para-nanofabricacao\/\"},\"author\":{\"name\":\"TMax Tecnologia\",\"@id\":\"https:\/\/www.institutodeengenharia.org.br\/site\/#\/schema\/person\/3b1ff109facef084739fc2edcb9a127f\"},\"headline\":\"Brasileiro abre novas fronteiras para nanofabrica\u00e7\u00e3o\",\"datePublished\":\"2013-04-16T23:49:59+00:00\",\"mainEntityOfPage\":{\"@id\":\"https:\/\/www.institutodeengenharia.org.br\/site\/2013\/04\/16\/brasileiro-abre-novas-fronteiras-para-nanofabricacao\/\"},\"wordCount\":417,\"commentCount\":0,\"publisher\":{\"@id\":\"https:\/\/www.institutodeengenharia.org.br\/site\/#organization\"},\"articleSection\":[\"Not\u00edcias\",\"Pesquisa e Desenvolvimento\"],\"inLanguage\":\"pt-BR\",\"potentialAction\":[{\"@type\":\"CommentAction\",\"name\":\"Comment\",\"target\":[\"https:\/\/www.institutodeengenharia.org.br\/site\/2013\/04\/16\/brasileiro-abre-novas-fronteiras-para-nanofabricacao\/#respond\"]}]},{\"@type\":\"WebPage\",\"@id\":\"https:\/\/www.institutodeengenharia.org.br\/site\/2013\/04\/16\/brasileiro-abre-novas-fronteiras-para-nanofabricacao\/\",\"url\":\"https:\/\/www.institutodeengenharia.org.br\/site\/2013\/04\/16\/brasileiro-abre-novas-fronteiras-para-nanofabricacao\/\",\"name\":\"Brasileiro abre novas fronteiras para nanofabrica\u00e7\u00e3o - Instituto de Engenharia\",\"isPartOf\":{\"@id\":\"https:\/\/www.institutodeengenharia.org.br\/site\/#website\"},\"datePublished\":\"2013-04-16T23:49:59+00:00\",\"breadcrumb\":{\"@id\":\"https:\/\/www.institutodeengenharia.org.br\/site\/2013\/04\/16\/brasileiro-abre-novas-fronteiras-para-nanofabricacao\/#breadcrumb\"},\"inLanguage\":\"pt-BR\",\"potentialAction\":[{\"@type\":\"ReadAction\",\"target\":[\"https:\/\/www.institutodeengenharia.org.br\/site\/2013\/04\/16\/brasileiro-abre-novas-fronteiras-para-nanofabricacao\/\"]}]},{\"@type\":\"BreadcrumbList\",\"@id\":\"https:\/\/www.institutodeengenharia.org.br\/site\/2013\/04\/16\/brasileiro-abre-novas-fronteiras-para-nanofabricacao\/#breadcrumb\",\"itemListElement\":[{\"@type\":\"ListItem\",\"position\":1,\"name\":\"In\u00edcio\",\"item\":\"https:\/\/www.institutodeengenharia.org.br\/site\/\"},{\"@type\":\"ListItem\",\"position\":2,\"name\":\"Brasileiro abre novas fronteiras para nanofabrica\u00e7\u00e3o\"}]},{\"@type\":\"WebSite\",\"@id\":\"https:\/\/www.institutodeengenharia.org.br\/site\/#website\",\"url\":\"https:\/\/www.institutodeengenharia.org.br\/site\/\",\"name\":\"Instituto de Engenharia\",\"description\":\"O Instituto de Engenharia promove a Engenharia em benef\u00edcio do desenvolvimento e da qualidade de vida da sociedade.\",\"publisher\":{\"@id\":\"https:\/\/www.institutodeengenharia.org.br\/site\/#organization\"},\"potentialAction\":[{\"@type\":\"SearchAction\",\"target\":{\"@type\":\"EntryPoint\",\"urlTemplate\":\"https:\/\/www.institutodeengenharia.org.br\/site\/?s={search_term_string}\"},\"query-input\":{\"@type\":\"PropertyValueSpecification\",\"valueRequired\":true,\"valueName\":\"search_term_string\"}}],\"inLanguage\":\"pt-BR\"},{\"@type\":\"Organization\",\"@id\":\"https:\/\/www.institutodeengenharia.org.br\/site\/#organization\",\"name\":\"Instituto de Engenharia\",\"url\":\"https:\/\/www.institutodeengenharia.org.br\/site\/\",\"logo\":{\"@type\":\"ImageObject\",\"inLanguage\":\"pt-BR\",\"@id\":\"https:\/\/www.institutodeengenharia.org.br\/site\/#\/schema\/logo\/image\/\",\"url\":\"https:\/\/www.institutodeengenharia.org.br\/site\/wp-content\/uploads\/2019\/03\/logo-novo-IE2018-1.jpg\",\"contentUrl\":\"https:\/\/www.institutodeengenharia.org.br\/site\/wp-content\/uploads\/2019\/03\/logo-novo-IE2018-1.jpg\",\"width\":1486,\"height\":1879,\"caption\":\"Instituto de Engenharia\"},\"image\":{\"@id\":\"https:\/\/www.institutodeengenharia.org.br\/site\/#\/schema\/logo\/image\/\"},\"sameAs\":[\"https:\/\/www.facebook.com\/institutodeengenharia\",\"https:\/\/x.com\/iengenharia\",\"https:\/\/www.instagram.com\/institutodeengenharia\/\",\"https:\/\/www.linkedin.com\/company\/instituto-de-engenharia\/\",\"https:\/\/www.youtube.com\/channel\/UCXiCAlsSMe977vamW915HxA\"]},{\"@type\":\"Person\",\"@id\":\"https:\/\/www.institutodeengenharia.org.br\/site\/#\/schema\/person\/3b1ff109facef084739fc2edcb9a127f\",\"name\":\"TMax Tecnologia\",\"image\":{\"@type\":\"ImageObject\",\"inLanguage\":\"pt-BR\",\"@id\":\"https:\/\/secure.gravatar.com\/avatar\/f912434ef7f389c92cb311fcdae346af848465d638912574b3c669070f797701?s=96&d=mm&r=g\",\"url\":\"https:\/\/secure.gravatar.com\/avatar\/f912434ef7f389c92cb311fcdae346af848465d638912574b3c669070f797701?s=96&d=mm&r=g\",\"contentUrl\":\"https:\/\/secure.gravatar.com\/avatar\/f912434ef7f389c92cb311fcdae346af848465d638912574b3c669070f797701?s=96&d=mm&r=g\",\"caption\":\"TMax Tecnologia\"},\"url\":\"https:\/\/www.institutodeengenharia.org.br\/site\/author\/tmax\/\"}]}<\/script>\n<!-- \/ Yoast SEO plugin. -->","yoast_head_json":{"title":"Brasileiro abre novas fronteiras para nanofabrica\u00e7\u00e3o - Instituto de Engenharia","robots":{"index":"index","follow":"follow","max-snippet":"max-snippet:-1","max-image-preview":"max-image-preview:large","max-video-preview":"max-video-preview:-1"},"canonical":"https:\/\/www.institutodeengenharia.org.br\/site\/2013\/04\/16\/brasileiro-abre-novas-fronteiras-para-nanofabricacao\/","og_locale":"pt_BR","og_type":"article","og_title":"Brasileiro abre novas fronteiras para nanofabrica\u00e7\u00e3o - Instituto de Engenharia","og_description":"O pesquisador brasileiro Vitor Manfrinato, atualmente no MIT, nos Estados Unidos, est\u00e1 ajudando a abrir novas fronteiras para a nanofabrica\u00e7\u00e3o. Para que as nanoci\u00eancias gerem nanotecnologias, \u00e9 necess\u00e1rio fabricar objetos e estruturas em escala nanom\u00e9trica &#8211; nisto consiste a nanofabrica\u00e7\u00e3o, que trabalha com objetos nas dimens\u00f5es do milion\u00e9simo de metro. Todos os avan\u00e7os atuais na [&hellip;]","og_url":"https:\/\/www.institutodeengenharia.org.br\/site\/2013\/04\/16\/brasileiro-abre-novas-fronteiras-para-nanofabricacao\/","og_site_name":"Instituto de Engenharia","article_publisher":"https:\/\/www.facebook.com\/institutodeengenharia","article_published_time":"2013-04-16T23:49:59+00:00","author":"TMax Tecnologia","twitter_card":"summary_large_image","twitter_creator":"@iengenharia","twitter_site":"@iengenharia","twitter_misc":{"Escrito por":"TMax Tecnologia","Est. tempo de leitura":"2 minutos"},"schema":{"@context":"https:\/\/schema.org","@graph":[{"@type":"Article","@id":"https:\/\/www.institutodeengenharia.org.br\/site\/2013\/04\/16\/brasileiro-abre-novas-fronteiras-para-nanofabricacao\/#article","isPartOf":{"@id":"https:\/\/www.institutodeengenharia.org.br\/site\/2013\/04\/16\/brasileiro-abre-novas-fronteiras-para-nanofabricacao\/"},"author":{"name":"TMax Tecnologia","@id":"https:\/\/www.institutodeengenharia.org.br\/site\/#\/schema\/person\/3b1ff109facef084739fc2edcb9a127f"},"headline":"Brasileiro abre novas fronteiras para nanofabrica\u00e7\u00e3o","datePublished":"2013-04-16T23:49:59+00:00","mainEntityOfPage":{"@id":"https:\/\/www.institutodeengenharia.org.br\/site\/2013\/04\/16\/brasileiro-abre-novas-fronteiras-para-nanofabricacao\/"},"wordCount":417,"commentCount":0,"publisher":{"@id":"https:\/\/www.institutodeengenharia.org.br\/site\/#organization"},"articleSection":["Not\u00edcias","Pesquisa e Desenvolvimento"],"inLanguage":"pt-BR","potentialAction":[{"@type":"CommentAction","name":"Comment","target":["https:\/\/www.institutodeengenharia.org.br\/site\/2013\/04\/16\/brasileiro-abre-novas-fronteiras-para-nanofabricacao\/#respond"]}]},{"@type":"WebPage","@id":"https:\/\/www.institutodeengenharia.org.br\/site\/2013\/04\/16\/brasileiro-abre-novas-fronteiras-para-nanofabricacao\/","url":"https:\/\/www.institutodeengenharia.org.br\/site\/2013\/04\/16\/brasileiro-abre-novas-fronteiras-para-nanofabricacao\/","name":"Brasileiro abre novas fronteiras para nanofabrica\u00e7\u00e3o - Instituto de Engenharia","isPartOf":{"@id":"https:\/\/www.institutodeengenharia.org.br\/site\/#website"},"datePublished":"2013-04-16T23:49:59+00:00","breadcrumb":{"@id":"https:\/\/www.institutodeengenharia.org.br\/site\/2013\/04\/16\/brasileiro-abre-novas-fronteiras-para-nanofabricacao\/#breadcrumb"},"inLanguage":"pt-BR","potentialAction":[{"@type":"ReadAction","target":["https:\/\/www.institutodeengenharia.org.br\/site\/2013\/04\/16\/brasileiro-abre-novas-fronteiras-para-nanofabricacao\/"]}]},{"@type":"BreadcrumbList","@id":"https:\/\/www.institutodeengenharia.org.br\/site\/2013\/04\/16\/brasileiro-abre-novas-fronteiras-para-nanofabricacao\/#breadcrumb","itemListElement":[{"@type":"ListItem","position":1,"name":"In\u00edcio","item":"https:\/\/www.institutodeengenharia.org.br\/site\/"},{"@type":"ListItem","position":2,"name":"Brasileiro abre novas fronteiras para nanofabrica\u00e7\u00e3o"}]},{"@type":"WebSite","@id":"https:\/\/www.institutodeengenharia.org.br\/site\/#website","url":"https:\/\/www.institutodeengenharia.org.br\/site\/","name":"Instituto de Engenharia","description":"O Instituto de Engenharia promove a Engenharia em benef\u00edcio do desenvolvimento e da qualidade de vida da sociedade.","publisher":{"@id":"https:\/\/www.institutodeengenharia.org.br\/site\/#organization"},"potentialAction":[{"@type":"SearchAction","target":{"@type":"EntryPoint","urlTemplate":"https:\/\/www.institutodeengenharia.org.br\/site\/?s={search_term_string}"},"query-input":{"@type":"PropertyValueSpecification","valueRequired":true,"valueName":"search_term_string"}}],"inLanguage":"pt-BR"},{"@type":"Organization","@id":"https:\/\/www.institutodeengenharia.org.br\/site\/#organization","name":"Instituto de Engenharia","url":"https:\/\/www.institutodeengenharia.org.br\/site\/","logo":{"@type":"ImageObject","inLanguage":"pt-BR","@id":"https:\/\/www.institutodeengenharia.org.br\/site\/#\/schema\/logo\/image\/","url":"https:\/\/www.institutodeengenharia.org.br\/site\/wp-content\/uploads\/2019\/03\/logo-novo-IE2018-1.jpg","contentUrl":"https:\/\/www.institutodeengenharia.org.br\/site\/wp-content\/uploads\/2019\/03\/logo-novo-IE2018-1.jpg","width":1486,"height":1879,"caption":"Instituto de Engenharia"},"image":{"@id":"https:\/\/www.institutodeengenharia.org.br\/site\/#\/schema\/logo\/image\/"},"sameAs":["https:\/\/www.facebook.com\/institutodeengenharia","https:\/\/x.com\/iengenharia","https:\/\/www.instagram.com\/institutodeengenharia\/","https:\/\/www.linkedin.com\/company\/instituto-de-engenharia\/","https:\/\/www.youtube.com\/channel\/UCXiCAlsSMe977vamW915HxA"]},{"@type":"Person","@id":"https:\/\/www.institutodeengenharia.org.br\/site\/#\/schema\/person\/3b1ff109facef084739fc2edcb9a127f","name":"TMax Tecnologia","image":{"@type":"ImageObject","inLanguage":"pt-BR","@id":"https:\/\/secure.gravatar.com\/avatar\/f912434ef7f389c92cb311fcdae346af848465d638912574b3c669070f797701?s=96&d=mm&r=g","url":"https:\/\/secure.gravatar.com\/avatar\/f912434ef7f389c92cb311fcdae346af848465d638912574b3c669070f797701?s=96&d=mm&r=g","contentUrl":"https:\/\/secure.gravatar.com\/avatar\/f912434ef7f389c92cb311fcdae346af848465d638912574b3c669070f797701?s=96&d=mm&r=g","caption":"TMax Tecnologia"},"url":"https:\/\/www.institutodeengenharia.org.br\/site\/author\/tmax\/"}]}},"_links":{"self":[{"href":"https:\/\/www.institutodeengenharia.org.br\/site\/wp-json\/wp\/v2\/posts\/23310","targetHints":{"allow":["GET"]}}],"collection":[{"href":"https:\/\/www.institutodeengenharia.org.br\/site\/wp-json\/wp\/v2\/posts"}],"about":[{"href":"https:\/\/www.institutodeengenharia.org.br\/site\/wp-json\/wp\/v2\/types\/post"}],"author":[{"embeddable":true,"href":"https:\/\/www.institutodeengenharia.org.br\/site\/wp-json\/wp\/v2\/users\/1"}],"replies":[{"embeddable":true,"href":"https:\/\/www.institutodeengenharia.org.br\/site\/wp-json\/wp\/v2\/comments?post=23310"}],"version-history":[{"count":0,"href":"https:\/\/www.institutodeengenharia.org.br\/site\/wp-json\/wp\/v2\/posts\/23310\/revisions"}],"wp:attachment":[{"href":"https:\/\/www.institutodeengenharia.org.br\/site\/wp-json\/wp\/v2\/media?parent=23310"}],"wp:term":[{"taxonomy":"category","embeddable":true,"href":"https:\/\/www.institutodeengenharia.org.br\/site\/wp-json\/wp\/v2\/categories?post=23310"},{"taxonomy":"post_tag","embeddable":true,"href":"https:\/\/www.institutodeengenharia.org.br\/site\/wp-json\/wp\/v2\/tags?post=23310"}],"curies":[{"name":"wp","href":"https:\/\/api.w.org\/{rel}","templated":true}]}}