{"id":23305,"date":"2013-04-16T23:49:56","date_gmt":"2013-04-16T23:49:56","guid":{"rendered":"https:\/\/www.institutodeengenharia.org.br\/?p=23305"},"modified":"2013-04-16T10:56:28","modified_gmt":"2013-04-16T10:56:28","slug":"conheca-o-projeto-da-nova-estacao-brasileira-na-antartica","status":"publish","type":"post","link":"https:\/\/www.institutodeengenharia.org.br\/site\/2013\/04\/16\/conheca-o-projeto-da-nova-estacao-brasileira-na-antartica\/","title":{"rendered":"Conhe\u00e7a o projeto da nova esta\u00e7\u00e3o brasileira na Ant\u00e1rtica"},"content":{"rendered":"<p><em>Projeto da nova esta\u00e7\u00e3o brasileira na Ant\u00e1rtica, de autoria de uma equipe coordenada por F\u00e1bio Henrique Faria.[Imagem: Divulga\u00e7\u00e3o]<\/p>\n<p>\n<\/em>A Marinha do Brasil e o Instituto de Arquitetos do Brasil (IAB) anunciaram os vencedores do concurso para selecionar o projeto da nova Esta\u00e7\u00e3o Ant\u00e1rtica Comandante Ferraz, a base brasileira na Ant\u00e1rtica. <\/p>\n<p>O projeto escolhido foi elaborado por uma equipe de Curitiba (PR) chefiada por F\u00e1bio Henrique Faria. <\/p>\n<p>Segundo a Comiss\u00e3o Julgadora, o projeto &#8220;apresenta uma composi\u00e7\u00e3o formal singela e ao mesmo tempo marcante&#8221;, levando em considera\u00e7\u00e3o uma estrutura compacta, mas bem setorizada. <\/p>\n<p>Uma das principais exig\u00eancias para o projeto era que a estrutura pudesse ser constru\u00edda externamente e montada muito rapidamente na Ant\u00e1rtica, devido aos constrangimentos clim\u00e1ticos. <\/p>\n<p>A previs\u00e3o \u00e9 que o processo licitat\u00f3rio para a execu\u00e7\u00e3o do projeto termine no fim deste ano. O lan\u00e7amento da pedra fundamental da esta\u00e7\u00e3o est\u00e1 previsto para o pr\u00f3ximo ver\u00e3o ant\u00e1rtico. <\/p>\n<p>A Marinha trabalha para iniciar a opera\u00e7\u00e3o da nova esta\u00e7\u00e3o at\u00e9 mar\u00e7o de 2015. <\/p>\n<p>A Esta\u00e7\u00e3o Comandante Ferraz original foi destru\u00edda por um inc\u00eandio em Fevereiro de 2012. <\/p>\n<p>O concurso para selecionar o projeto para a reconstru\u00e7\u00e3o da esta\u00e7\u00e3o foi promovido pela Marinha do Brasil, com organiza\u00e7\u00e3o do IAB, e lan\u00e7ado em 22 de janeiro deste ano. Foram 109 equipes inscritas, com 74 trabalhos entregues.<\/p>\n<p><img loading=\"lazy\" decoding=\"async\" width=\"550\" height=\"270\" alt=\"\" src=\"\/site\/userfiles\/base_2(1).jpg\" \/><\/p>\n<p><em>As novas instala\u00e7\u00f5es dever\u00e3o ter uma complexa infraestrutura composta por 19 laborat\u00f3rios, com extremidades envidra\u00e7adas para aproveitar a luz natural. [Imagem: Divulga\u00e7\u00e3o\/Equipe de F\u00e1bio Henrique Faria]&nbsp;<\/p>\n<p>\n<\/em>Nova esta\u00e7\u00e3o na Ant\u00e1rtica <\/p>\n<p>Com uma \u00e1rea total em torno de 3,2 mil m2, a nova esta\u00e7\u00e3o ser\u00e1 constru\u00edda no mesmo local onde estava a anterior, com um investimento previsto de R$ 72 milh\u00f5es. <\/p>\n<p>A capacidade estimada da esta\u00e7\u00e3o \u00e9 de 64 pessoas durante o ver\u00e3o e de 34 no inverno. A esta\u00e7\u00e3o abrigar\u00e1 uma popula\u00e7\u00e3o formada por militares da Marinha e pesquisadores. <\/p>\n<p>As novas instala\u00e7\u00f5es dever\u00e3o ter uma complexa infraestrutura composta por 19 laborat\u00f3rios, sistemas de \u00e1gua pot\u00e1vel, energia, de coleta e separa\u00e7\u00e3o de res\u00edduos s\u00f3lidos, rede avan\u00e7ada de comunica\u00e7\u00f5es de dados e de voz, seguran\u00e7a, log\u00edstica, instala\u00e7\u00f5es mec\u00e2nicas e sistemas especiais, como fontes de energias renov\u00e1veis. <\/p>\n<p>Al\u00e9m disso, ter\u00e1 biblioteca, academia de gin\u00e1stica, lan house, centro cir\u00fargico de emerg\u00eancia, entre outros ambientes necess\u00e1rios ao seu pleno funcionamento. <\/p>\n<p>Men\u00e7\u00f5es honrosas <\/p>\n<p>O concurso premiou, al\u00e9m dos tr\u00eas principais trabalhos, quatro projetos com men\u00e7\u00f5es honrosas.<\/p>\n<p><img loading=\"lazy\" decoding=\"async\" width=\"550\" height=\"220\" alt=\"\" src=\"\/site\/userfiles\/base_3.jpg\" \/><\/p>\n<p><em>[Imagem: Projeto coordenado por Ricardo de Melo]<\/p>\n<p><img loading=\"lazy\" decoding=\"async\" width=\"550\" height=\"190\" alt=\"\" src=\"\/site\/userfiles\/base_4.jpg\" \/><\/p>\n<p>[Imagem: Projeto coordenado por Mario Biselli]<\/p>\n<p><img loading=\"lazy\" decoding=\"async\" width=\"550\" height=\"220\" alt=\"\" src=\"\/site\/userfiles\/base_5.jpg\" \/><\/p>\n<p>[Imagem: Projeto coordenado por An\u00e1lia Amorim]<\/p>\n<p><img loading=\"lazy\" decoding=\"async\" width=\"550\" height=\"180\" alt=\"\" src=\"\/site\/userfiles\/base_6.jpg\" \/><\/p>\n<p>[Imagem: Projeto coordenado por Vera Magiano Hazan]<\/em><\/p>\n<p><b>Autor: Inova\u00e7\u00e3o Tecnol\u00f3gica<\/b><\/p>\n","protected":false},"excerpt":{"rendered":"<p>Projeto da nova esta\u00e7\u00e3o brasileira na Ant\u00e1rtica, de autoria de uma equipe coordenada por F\u00e1bio Henrique Faria.[Imagem: Divulga\u00e7\u00e3o] A Marinha do Brasil e o Instituto de Arquitetos do Brasil (IAB) anunciaram os vencedores do concurso para selecionar o projeto da nova Esta\u00e7\u00e3o Ant\u00e1rtica Comandante Ferraz, a base brasileira na Ant\u00e1rtica. O projeto escolhido foi elaborado [&hellip;]<\/p>\n","protected":false},"author":1,"featured_media":23306,"comment_status":"open","ping_status":"open","sticky":false,"template":"","format":"standard","meta":{"footnotes":""},"categories":[31,6],"tags":[],"class_list":{"0":"post-23305","1":"post","2":"type-post","3":"status-publish","4":"format-standard","5":"has-post-thumbnail","7":"category-meio-ambiente","8":"category-noticias"},"yoast_head":"<!-- This site is optimized with the Yoast SEO plugin v27.2 - https:\/\/yoast.com\/product\/yoast-seo-wordpress\/ -->\n<title>Conhe\u00e7a o projeto da nova esta\u00e7\u00e3o brasileira na Ant\u00e1rtica - Instituto de Engenharia<\/title>\n<meta name=\"robots\" content=\"index, follow, max-snippet:-1, max-image-preview:large, max-video-preview:-1\" \/>\n<link rel=\"canonical\" href=\"https:\/\/www.institutodeengenharia.org.br\/site\/2013\/04\/16\/conheca-o-projeto-da-nova-estacao-brasileira-na-antartica\/\" \/>\n<meta property=\"og:locale\" content=\"pt_BR\" \/>\n<meta property=\"og:type\" content=\"article\" \/>\n<meta property=\"og:title\" content=\"Conhe\u00e7a o projeto da nova esta\u00e7\u00e3o brasileira na Ant\u00e1rtica - Instituto de Engenharia\" \/>\n<meta property=\"og:description\" content=\"Projeto da nova esta\u00e7\u00e3o brasileira na Ant\u00e1rtica, de autoria de uma equipe coordenada por F\u00e1bio Henrique Faria.[Imagem: Divulga\u00e7\u00e3o] A Marinha do Brasil e o Instituto de Arquitetos do Brasil (IAB) anunciaram os vencedores do concurso para selecionar o projeto da nova Esta\u00e7\u00e3o Ant\u00e1rtica Comandante Ferraz, a base brasileira na Ant\u00e1rtica. O projeto escolhido foi elaborado [&hellip;]\" \/>\n<meta property=\"og:url\" content=\"https:\/\/www.institutodeengenharia.org.br\/site\/2013\/04\/16\/conheca-o-projeto-da-nova-estacao-brasileira-na-antartica\/\" \/>\n<meta property=\"og:site_name\" content=\"Instituto de Engenharia\" \/>\n<meta property=\"article:publisher\" content=\"https:\/\/www.facebook.com\/institutodeengenharia\" \/>\n<meta property=\"article:published_time\" content=\"2013-04-16T23:49:56+00:00\" \/>\n<meta property=\"og:image\" content=\"https:\/\/www.institutodeengenharia.org.br\/site\/wp-content\/uploads\/2017\/10\/base_1(1).jpg\" \/>\n\t<meta property=\"og:image:width\" content=\"550\" \/>\n\t<meta property=\"og:image:height\" content=\"315\" \/>\n\t<meta property=\"og:image:type\" content=\"image\/jpeg\" \/>\n<meta name=\"author\" content=\"TMax Tecnologia\" \/>\n<meta name=\"twitter:card\" content=\"summary_large_image\" \/>\n<meta name=\"twitter:creator\" content=\"@iengenharia\" \/>\n<meta name=\"twitter:site\" content=\"@iengenharia\" \/>\n<meta name=\"twitter:label1\" content=\"Escrito por\" \/>\n\t<meta name=\"twitter:data1\" content=\"TMax Tecnologia\" \/>\n\t<meta name=\"twitter:label2\" content=\"Est. tempo de leitura\" \/>\n\t<meta name=\"twitter:data2\" content=\"2 minutos\" \/>\n<script type=\"application\/ld+json\" class=\"yoast-schema-graph\">{\"@context\":\"https:\/\/schema.org\",\"@graph\":[{\"@type\":\"Article\",\"@id\":\"https:\/\/www.institutodeengenharia.org.br\/site\/2013\/04\/16\/conheca-o-projeto-da-nova-estacao-brasileira-na-antartica\/#article\",\"isPartOf\":{\"@id\":\"https:\/\/www.institutodeengenharia.org.br\/site\/2013\/04\/16\/conheca-o-projeto-da-nova-estacao-brasileira-na-antartica\/\"},\"author\":{\"name\":\"TMax Tecnologia\",\"@id\":\"https:\/\/www.institutodeengenharia.org.br\/site\/#\/schema\/person\/3b1ff109facef084739fc2edcb9a127f\"},\"headline\":\"Conhe\u00e7a o projeto da nova esta\u00e7\u00e3o brasileira na Ant\u00e1rtica\",\"datePublished\":\"2013-04-16T23:49:56+00:00\",\"mainEntityOfPage\":{\"@id\":\"https:\/\/www.institutodeengenharia.org.br\/site\/2013\/04\/16\/conheca-o-projeto-da-nova-estacao-brasileira-na-antartica\/\"},\"wordCount\":487,\"commentCount\":0,\"publisher\":{\"@id\":\"https:\/\/www.institutodeengenharia.org.br\/site\/#organization\"},\"image\":{\"@id\":\"https:\/\/www.institutodeengenharia.org.br\/site\/2013\/04\/16\/conheca-o-projeto-da-nova-estacao-brasileira-na-antartica\/#primaryimage\"},\"thumbnailUrl\":\"https:\/\/www.institutodeengenharia.org.br\/site\/wp-content\/uploads\/2017\/10\/base_1(1).jpg\",\"articleSection\":[\"Meio Ambiente\",\"Not\u00edcias\"],\"inLanguage\":\"pt-BR\",\"potentialAction\":[{\"@type\":\"CommentAction\",\"name\":\"Comment\",\"target\":[\"https:\/\/www.institutodeengenharia.org.br\/site\/2013\/04\/16\/conheca-o-projeto-da-nova-estacao-brasileira-na-antartica\/#respond\"]}]},{\"@type\":\"WebPage\",\"@id\":\"https:\/\/www.institutodeengenharia.org.br\/site\/2013\/04\/16\/conheca-o-projeto-da-nova-estacao-brasileira-na-antartica\/\",\"url\":\"https:\/\/www.institutodeengenharia.org.br\/site\/2013\/04\/16\/conheca-o-projeto-da-nova-estacao-brasileira-na-antartica\/\",\"name\":\"Conhe\u00e7a o projeto da nova esta\u00e7\u00e3o brasileira na Ant\u00e1rtica - Instituto de Engenharia\",\"isPartOf\":{\"@id\":\"https:\/\/www.institutodeengenharia.org.br\/site\/#website\"},\"primaryImageOfPage\":{\"@id\":\"https:\/\/www.institutodeengenharia.org.br\/site\/2013\/04\/16\/conheca-o-projeto-da-nova-estacao-brasileira-na-antartica\/#primaryimage\"},\"image\":{\"@id\":\"https:\/\/www.institutodeengenharia.org.br\/site\/2013\/04\/16\/conheca-o-projeto-da-nova-estacao-brasileira-na-antartica\/#primaryimage\"},\"thumbnailUrl\":\"https:\/\/www.institutodeengenharia.org.br\/site\/wp-content\/uploads\/2017\/10\/base_1(1).jpg\",\"datePublished\":\"2013-04-16T23:49:56+00:00\",\"breadcrumb\":{\"@id\":\"https:\/\/www.institutodeengenharia.org.br\/site\/2013\/04\/16\/conheca-o-projeto-da-nova-estacao-brasileira-na-antartica\/#breadcrumb\"},\"inLanguage\":\"pt-BR\",\"potentialAction\":[{\"@type\":\"ReadAction\",\"target\":[\"https:\/\/www.institutodeengenharia.org.br\/site\/2013\/04\/16\/conheca-o-projeto-da-nova-estacao-brasileira-na-antartica\/\"]}]},{\"@type\":\"ImageObject\",\"inLanguage\":\"pt-BR\",\"@id\":\"https:\/\/www.institutodeengenharia.org.br\/site\/2013\/04\/16\/conheca-o-projeto-da-nova-estacao-brasileira-na-antartica\/#primaryimage\",\"url\":\"https:\/\/www.institutodeengenharia.org.br\/site\/wp-content\/uploads\/2017\/10\/base_1(1).jpg\",\"contentUrl\":\"https:\/\/www.institutodeengenharia.org.br\/site\/wp-content\/uploads\/2017\/10\/base_1(1).jpg\",\"width\":550,\"height\":315},{\"@type\":\"BreadcrumbList\",\"@id\":\"https:\/\/www.institutodeengenharia.org.br\/site\/2013\/04\/16\/conheca-o-projeto-da-nova-estacao-brasileira-na-antartica\/#breadcrumb\",\"itemListElement\":[{\"@type\":\"ListItem\",\"position\":1,\"name\":\"In\u00edcio\",\"item\":\"https:\/\/www.institutodeengenharia.org.br\/site\/\"},{\"@type\":\"ListItem\",\"position\":2,\"name\":\"Conhe\u00e7a o projeto da nova esta\u00e7\u00e3o brasileira na Ant\u00e1rtica\"}]},{\"@type\":\"WebSite\",\"@id\":\"https:\/\/www.institutodeengenharia.org.br\/site\/#website\",\"url\":\"https:\/\/www.institutodeengenharia.org.br\/site\/\",\"name\":\"Instituto de Engenharia\",\"description\":\"O Instituto de Engenharia promove a Engenharia em benef\u00edcio do desenvolvimento e da qualidade de vida da sociedade.\",\"publisher\":{\"@id\":\"https:\/\/www.institutodeengenharia.org.br\/site\/#organization\"},\"potentialAction\":[{\"@type\":\"SearchAction\",\"target\":{\"@type\":\"EntryPoint\",\"urlTemplate\":\"https:\/\/www.institutodeengenharia.org.br\/site\/?s={search_term_string}\"},\"query-input\":{\"@type\":\"PropertyValueSpecification\",\"valueRequired\":true,\"valueName\":\"search_term_string\"}}],\"inLanguage\":\"pt-BR\"},{\"@type\":\"Organization\",\"@id\":\"https:\/\/www.institutodeengenharia.org.br\/site\/#organization\",\"name\":\"Instituto de Engenharia\",\"url\":\"https:\/\/www.institutodeengenharia.org.br\/site\/\",\"logo\":{\"@type\":\"ImageObject\",\"inLanguage\":\"pt-BR\",\"@id\":\"https:\/\/www.institutodeengenharia.org.br\/site\/#\/schema\/logo\/image\/\",\"url\":\"https:\/\/www.institutodeengenharia.org.br\/site\/wp-content\/uploads\/2019\/03\/logo-novo-IE2018-1.jpg\",\"contentUrl\":\"https:\/\/www.institutodeengenharia.org.br\/site\/wp-content\/uploads\/2019\/03\/logo-novo-IE2018-1.jpg\",\"width\":1486,\"height\":1879,\"caption\":\"Instituto de Engenharia\"},\"image\":{\"@id\":\"https:\/\/www.institutodeengenharia.org.br\/site\/#\/schema\/logo\/image\/\"},\"sameAs\":[\"https:\/\/www.facebook.com\/institutodeengenharia\",\"https:\/\/x.com\/iengenharia\",\"https:\/\/www.instagram.com\/institutodeengenharia\/\",\"https:\/\/www.linkedin.com\/company\/instituto-de-engenharia\/\",\"https:\/\/www.youtube.com\/channel\/UCXiCAlsSMe977vamW915HxA\"]},{\"@type\":\"Person\",\"@id\":\"https:\/\/www.institutodeengenharia.org.br\/site\/#\/schema\/person\/3b1ff109facef084739fc2edcb9a127f\",\"name\":\"TMax Tecnologia\",\"image\":{\"@type\":\"ImageObject\",\"inLanguage\":\"pt-BR\",\"@id\":\"https:\/\/secure.gravatar.com\/avatar\/f912434ef7f389c92cb311fcdae346af848465d638912574b3c669070f797701?s=96&d=mm&r=g\",\"url\":\"https:\/\/secure.gravatar.com\/avatar\/f912434ef7f389c92cb311fcdae346af848465d638912574b3c669070f797701?s=96&d=mm&r=g\",\"contentUrl\":\"https:\/\/secure.gravatar.com\/avatar\/f912434ef7f389c92cb311fcdae346af848465d638912574b3c669070f797701?s=96&d=mm&r=g\",\"caption\":\"TMax Tecnologia\"},\"url\":\"https:\/\/www.institutodeengenharia.org.br\/site\/author\/tmax\/\"}]}<\/script>\n<!-- \/ Yoast SEO plugin. -->","yoast_head_json":{"title":"Conhe\u00e7a o projeto da nova esta\u00e7\u00e3o brasileira na Ant\u00e1rtica - Instituto de Engenharia","robots":{"index":"index","follow":"follow","max-snippet":"max-snippet:-1","max-image-preview":"max-image-preview:large","max-video-preview":"max-video-preview:-1"},"canonical":"https:\/\/www.institutodeengenharia.org.br\/site\/2013\/04\/16\/conheca-o-projeto-da-nova-estacao-brasileira-na-antartica\/","og_locale":"pt_BR","og_type":"article","og_title":"Conhe\u00e7a o projeto da nova esta\u00e7\u00e3o brasileira na Ant\u00e1rtica - Instituto de Engenharia","og_description":"Projeto da nova esta\u00e7\u00e3o brasileira na Ant\u00e1rtica, de autoria de uma equipe coordenada por F\u00e1bio Henrique Faria.[Imagem: Divulga\u00e7\u00e3o] A Marinha do Brasil e o Instituto de Arquitetos do Brasil (IAB) anunciaram os vencedores do concurso para selecionar o projeto da nova Esta\u00e7\u00e3o Ant\u00e1rtica Comandante Ferraz, a base brasileira na Ant\u00e1rtica. O projeto escolhido foi elaborado [&hellip;]","og_url":"https:\/\/www.institutodeengenharia.org.br\/site\/2013\/04\/16\/conheca-o-projeto-da-nova-estacao-brasileira-na-antartica\/","og_site_name":"Instituto de Engenharia","article_publisher":"https:\/\/www.facebook.com\/institutodeengenharia","article_published_time":"2013-04-16T23:49:56+00:00","og_image":[{"width":550,"height":315,"url":"https:\/\/www.institutodeengenharia.org.br\/site\/wp-content\/uploads\/2017\/10\/base_1(1).jpg","type":"image\/jpeg"}],"author":"TMax Tecnologia","twitter_card":"summary_large_image","twitter_creator":"@iengenharia","twitter_site":"@iengenharia","twitter_misc":{"Escrito por":"TMax Tecnologia","Est. tempo de leitura":"2 minutos"},"schema":{"@context":"https:\/\/schema.org","@graph":[{"@type":"Article","@id":"https:\/\/www.institutodeengenharia.org.br\/site\/2013\/04\/16\/conheca-o-projeto-da-nova-estacao-brasileira-na-antartica\/#article","isPartOf":{"@id":"https:\/\/www.institutodeengenharia.org.br\/site\/2013\/04\/16\/conheca-o-projeto-da-nova-estacao-brasileira-na-antartica\/"},"author":{"name":"TMax Tecnologia","@id":"https:\/\/www.institutodeengenharia.org.br\/site\/#\/schema\/person\/3b1ff109facef084739fc2edcb9a127f"},"headline":"Conhe\u00e7a o projeto da nova esta\u00e7\u00e3o brasileira na Ant\u00e1rtica","datePublished":"2013-04-16T23:49:56+00:00","mainEntityOfPage":{"@id":"https:\/\/www.institutodeengenharia.org.br\/site\/2013\/04\/16\/conheca-o-projeto-da-nova-estacao-brasileira-na-antartica\/"},"wordCount":487,"commentCount":0,"publisher":{"@id":"https:\/\/www.institutodeengenharia.org.br\/site\/#organization"},"image":{"@id":"https:\/\/www.institutodeengenharia.org.br\/site\/2013\/04\/16\/conheca-o-projeto-da-nova-estacao-brasileira-na-antartica\/#primaryimage"},"thumbnailUrl":"https:\/\/www.institutodeengenharia.org.br\/site\/wp-content\/uploads\/2017\/10\/base_1(1).jpg","articleSection":["Meio Ambiente","Not\u00edcias"],"inLanguage":"pt-BR","potentialAction":[{"@type":"CommentAction","name":"Comment","target":["https:\/\/www.institutodeengenharia.org.br\/site\/2013\/04\/16\/conheca-o-projeto-da-nova-estacao-brasileira-na-antartica\/#respond"]}]},{"@type":"WebPage","@id":"https:\/\/www.institutodeengenharia.org.br\/site\/2013\/04\/16\/conheca-o-projeto-da-nova-estacao-brasileira-na-antartica\/","url":"https:\/\/www.institutodeengenharia.org.br\/site\/2013\/04\/16\/conheca-o-projeto-da-nova-estacao-brasileira-na-antartica\/","name":"Conhe\u00e7a o projeto da nova esta\u00e7\u00e3o brasileira na Ant\u00e1rtica - Instituto de Engenharia","isPartOf":{"@id":"https:\/\/www.institutodeengenharia.org.br\/site\/#website"},"primaryImageOfPage":{"@id":"https:\/\/www.institutodeengenharia.org.br\/site\/2013\/04\/16\/conheca-o-projeto-da-nova-estacao-brasileira-na-antartica\/#primaryimage"},"image":{"@id":"https:\/\/www.institutodeengenharia.org.br\/site\/2013\/04\/16\/conheca-o-projeto-da-nova-estacao-brasileira-na-antartica\/#primaryimage"},"thumbnailUrl":"https:\/\/www.institutodeengenharia.org.br\/site\/wp-content\/uploads\/2017\/10\/base_1(1).jpg","datePublished":"2013-04-16T23:49:56+00:00","breadcrumb":{"@id":"https:\/\/www.institutodeengenharia.org.br\/site\/2013\/04\/16\/conheca-o-projeto-da-nova-estacao-brasileira-na-antartica\/#breadcrumb"},"inLanguage":"pt-BR","potentialAction":[{"@type":"ReadAction","target":["https:\/\/www.institutodeengenharia.org.br\/site\/2013\/04\/16\/conheca-o-projeto-da-nova-estacao-brasileira-na-antartica\/"]}]},{"@type":"ImageObject","inLanguage":"pt-BR","@id":"https:\/\/www.institutodeengenharia.org.br\/site\/2013\/04\/16\/conheca-o-projeto-da-nova-estacao-brasileira-na-antartica\/#primaryimage","url":"https:\/\/www.institutodeengenharia.org.br\/site\/wp-content\/uploads\/2017\/10\/base_1(1).jpg","contentUrl":"https:\/\/www.institutodeengenharia.org.br\/site\/wp-content\/uploads\/2017\/10\/base_1(1).jpg","width":550,"height":315},{"@type":"BreadcrumbList","@id":"https:\/\/www.institutodeengenharia.org.br\/site\/2013\/04\/16\/conheca-o-projeto-da-nova-estacao-brasileira-na-antartica\/#breadcrumb","itemListElement":[{"@type":"ListItem","position":1,"name":"In\u00edcio","item":"https:\/\/www.institutodeengenharia.org.br\/site\/"},{"@type":"ListItem","position":2,"name":"Conhe\u00e7a o projeto da nova esta\u00e7\u00e3o brasileira na Ant\u00e1rtica"}]},{"@type":"WebSite","@id":"https:\/\/www.institutodeengenharia.org.br\/site\/#website","url":"https:\/\/www.institutodeengenharia.org.br\/site\/","name":"Instituto de Engenharia","description":"O Instituto de Engenharia promove a Engenharia em benef\u00edcio do desenvolvimento e da qualidade de vida da sociedade.","publisher":{"@id":"https:\/\/www.institutodeengenharia.org.br\/site\/#organization"},"potentialAction":[{"@type":"SearchAction","target":{"@type":"EntryPoint","urlTemplate":"https:\/\/www.institutodeengenharia.org.br\/site\/?s={search_term_string}"},"query-input":{"@type":"PropertyValueSpecification","valueRequired":true,"valueName":"search_term_string"}}],"inLanguage":"pt-BR"},{"@type":"Organization","@id":"https:\/\/www.institutodeengenharia.org.br\/site\/#organization","name":"Instituto de Engenharia","url":"https:\/\/www.institutodeengenharia.org.br\/site\/","logo":{"@type":"ImageObject","inLanguage":"pt-BR","@id":"https:\/\/www.institutodeengenharia.org.br\/site\/#\/schema\/logo\/image\/","url":"https:\/\/www.institutodeengenharia.org.br\/site\/wp-content\/uploads\/2019\/03\/logo-novo-IE2018-1.jpg","contentUrl":"https:\/\/www.institutodeengenharia.org.br\/site\/wp-content\/uploads\/2019\/03\/logo-novo-IE2018-1.jpg","width":1486,"height":1879,"caption":"Instituto de Engenharia"},"image":{"@id":"https:\/\/www.institutodeengenharia.org.br\/site\/#\/schema\/logo\/image\/"},"sameAs":["https:\/\/www.facebook.com\/institutodeengenharia","https:\/\/x.com\/iengenharia","https:\/\/www.instagram.com\/institutodeengenharia\/","https:\/\/www.linkedin.com\/company\/instituto-de-engenharia\/","https:\/\/www.youtube.com\/channel\/UCXiCAlsSMe977vamW915HxA"]},{"@type":"Person","@id":"https:\/\/www.institutodeengenharia.org.br\/site\/#\/schema\/person\/3b1ff109facef084739fc2edcb9a127f","name":"TMax Tecnologia","image":{"@type":"ImageObject","inLanguage":"pt-BR","@id":"https:\/\/secure.gravatar.com\/avatar\/f912434ef7f389c92cb311fcdae346af848465d638912574b3c669070f797701?s=96&d=mm&r=g","url":"https:\/\/secure.gravatar.com\/avatar\/f912434ef7f389c92cb311fcdae346af848465d638912574b3c669070f797701?s=96&d=mm&r=g","contentUrl":"https:\/\/secure.gravatar.com\/avatar\/f912434ef7f389c92cb311fcdae346af848465d638912574b3c669070f797701?s=96&d=mm&r=g","caption":"TMax Tecnologia"},"url":"https:\/\/www.institutodeengenharia.org.br\/site\/author\/tmax\/"}]}},"_links":{"self":[{"href":"https:\/\/www.institutodeengenharia.org.br\/site\/wp-json\/wp\/v2\/posts\/23305","targetHints":{"allow":["GET"]}}],"collection":[{"href":"https:\/\/www.institutodeengenharia.org.br\/site\/wp-json\/wp\/v2\/posts"}],"about":[{"href":"https:\/\/www.institutodeengenharia.org.br\/site\/wp-json\/wp\/v2\/types\/post"}],"author":[{"embeddable":true,"href":"https:\/\/www.institutodeengenharia.org.br\/site\/wp-json\/wp\/v2\/users\/1"}],"replies":[{"embeddable":true,"href":"https:\/\/www.institutodeengenharia.org.br\/site\/wp-json\/wp\/v2\/comments?post=23305"}],"version-history":[{"count":0,"href":"https:\/\/www.institutodeengenharia.org.br\/site\/wp-json\/wp\/v2\/posts\/23305\/revisions"}],"wp:featuredmedia":[{"embeddable":true,"href":"https:\/\/www.institutodeengenharia.org.br\/site\/wp-json\/wp\/v2\/media\/23306"}],"wp:attachment":[{"href":"https:\/\/www.institutodeengenharia.org.br\/site\/wp-json\/wp\/v2\/media?parent=23305"}],"wp:term":[{"taxonomy":"category","embeddable":true,"href":"https:\/\/www.institutodeengenharia.org.br\/site\/wp-json\/wp\/v2\/categories?post=23305"},{"taxonomy":"post_tag","embeddable":true,"href":"https:\/\/www.institutodeengenharia.org.br\/site\/wp-json\/wp\/v2\/tags?post=23305"}],"curies":[{"name":"wp","href":"https:\/\/api.w.org\/{rel}","templated":true}]}}