{"id":23283,"date":"2013-04-09T23:49:38","date_gmt":"2013-04-09T23:49:38","guid":{"rendered":"https:\/\/www.institutodeengenharia.org.br\/?p=23283"},"modified":"2013-04-09T11:34:03","modified_gmt":"2013-04-09T11:34:03","slug":"o-proximo-supermaterial-que-vai-mudar-o-mundo-e-cultivado-nao-produzido","status":"publish","type":"post","link":"https:\/\/www.institutodeengenharia.org.br\/site\/2013\/04\/09\/o-proximo-supermaterial-que-vai-mudar-o-mundo-e-cultivado-nao-produzido\/","title":{"rendered":"O pr\u00f3ximo supermaterial que vai mudar o mundo \u00e9 cultivado, n\u00e3o produzido"},"content":{"rendered":"<p>A nanocelulose est\u00e1 prestes a ser o material resistente como kevlar, superleve e comedor de g\u00e1s do efeito estufa do futuro. E a melhor parte? \u00c9 feito de nada al\u00e9m de algas.&nbsp;<\/p>\n<p>J\u00e1 sendo anunciado como \u201cmaterial maravilhoso\u201d por cientistas envolvidos, a nanocelulose foi mostrada na semana passada durante o Encontro e Exposi\u00e7\u00e3o Nacional da Sociedade Americana de Qu\u00edmica, uma reuni\u00e3o com as maiores sociedades cient\u00edficas do mundo. R. Malcolm Brown JR., que est\u00e1 envolvido com o desenvolvimento do material h\u00e1 40 anos, est\u00e1 bastante feliz com o progresso recente:&nbsp;<\/p>\n<p>Se conseguirmos completar os passos finais, vamos ter conclu\u00eddo uma das potencialmente mais importantes transforma\u00e7\u00f5es na agricultura da hist\u00f3ria. Vamos ter plantas produzindo nanocelulose abundantemente e com baixo custo. Pode se tornar a mat\u00e9ria-prima para produ\u00e7\u00e3o sustent\u00e1vel de biocombust\u00edveis e muitos outros produtos. Quando produzem a nanocelulose, as algas absorvem o di\u00f3xido de carbono, o principal g\u00e1s do efeito estufa associado ao aquecimento global.&nbsp;<\/p>\n<p>A celulose, em sua forma macro, \u00e9 uma das coisas mais abundantes no planeta. \u00c9 disso que a casca da \u00e1rvore \u00e9 feito. Ela \u00e9 a fibra da sua tigela de cereais. Mas assim como muitas outras coisas, a celulose \u00e9 uma fera diferente na escala sub-nanom\u00e9trica. Lembra alguma coisa? Quando a nanocelulose \u00e9 refinada da forma certa \u2013 em cadeias de longos pol\u00edmeros ou cristalizada \u2013 ela pode ser colocada em uso em armaduras leves, biocombust\u00edvel, novas telas finas, e at\u00e9 substitutos para \u00f3rg\u00e3os em transplantes. A coisa tem potencial s\u00e9rio.&nbsp;<\/p>\n<p>Inicialmente, a produ\u00e7\u00e3o de nanocelulose envolvia grandes tanques de cria\u00e7\u00e3o de bact\u00e9rias, o que exige coisas como comida. Mas avan\u00e7os recentes ajudaram a preparar uma nova forma de produ\u00e7\u00e3o: algas azuis, que diferentemente de bact\u00e9rias normais, podem produzir a pr\u00f3pria comida do sol, e detonar gases do efeito estufa no processo. Voc\u00ea n\u00e3o poderia pedir mais do que isso.&nbsp;<\/p>\n<p>At\u00e9 agora, cientistas conseguiram fazer as algas produzirem pol\u00edmeros, ou grandes cadeias de celulose, e est\u00e3o trabalhando para criar coisas mais completas. As opera\u00e7\u00f5es ainda est\u00e3o saindo de amostras de laborat\u00f3rios para lugares abertos. A pesquisa com nanocelulose j\u00e1 dura d\u00e9cadas, mas Brown, que participa desde o come\u00e7o, considera este passo \u201cuma das descobertas mais importantes da biologia das plantas\u201d. Parece que temos muita coisa por vir.<\/p>\n<p><b>Autor: GizModo<\/b><\/p>\n","protected":false},"excerpt":{"rendered":"<p>A nanocelulose est\u00e1 prestes a ser o material resistente como kevlar, superleve e comedor de g\u00e1s do efeito estufa do futuro. E a melhor parte? \u00c9 feito de nada al\u00e9m de algas.&nbsp; J\u00e1 sendo anunciado como \u201cmaterial maravilhoso\u201d por cientistas envolvidos, a nanocelulose foi mostrada na semana passada durante o Encontro e Exposi\u00e7\u00e3o Nacional da [&hellip;]<\/p>\n","protected":false},"author":1,"featured_media":23284,"comment_status":"open","ping_status":"open","sticky":false,"template":"","format":"standard","meta":{"footnotes":""},"categories":[6,35],"tags":[],"class_list":{"0":"post-23283","1":"post","2":"type-post","3":"status-publish","4":"format-standard","5":"has-post-thumbnail","7":"category-noticias","8":"category-pesquisa-e-desenvolvimento"},"yoast_head":"<!-- This site is optimized with the Yoast SEO plugin v27.2 - https:\/\/yoast.com\/product\/yoast-seo-wordpress\/ -->\n<title>O pr\u00f3ximo supermaterial que vai mudar o mundo \u00e9 cultivado, n\u00e3o produzido - Instituto de Engenharia<\/title>\n<meta name=\"robots\" content=\"index, follow, max-snippet:-1, max-image-preview:large, max-video-preview:-1\" \/>\n<link rel=\"canonical\" href=\"https:\/\/www.institutodeengenharia.org.br\/site\/2013\/04\/09\/o-proximo-supermaterial-que-vai-mudar-o-mundo-e-cultivado-nao-produzido\/\" \/>\n<meta property=\"og:locale\" content=\"pt_BR\" \/>\n<meta property=\"og:type\" content=\"article\" \/>\n<meta property=\"og:title\" content=\"O pr\u00f3ximo supermaterial que vai mudar o mundo \u00e9 cultivado, n\u00e3o produzido - Instituto de Engenharia\" \/>\n<meta property=\"og:description\" content=\"A nanocelulose est\u00e1 prestes a ser o material resistente como kevlar, superleve e comedor de g\u00e1s do efeito estufa do futuro. E a melhor parte? \u00c9 feito de nada al\u00e9m de algas.&nbsp; J\u00e1 sendo anunciado como \u201cmaterial maravilhoso\u201d por cientistas envolvidos, a nanocelulose foi mostrada na semana passada durante o Encontro e Exposi\u00e7\u00e3o Nacional da [&hellip;]\" \/>\n<meta property=\"og:url\" content=\"https:\/\/www.institutodeengenharia.org.br\/site\/2013\/04\/09\/o-proximo-supermaterial-que-vai-mudar-o-mundo-e-cultivado-nao-produzido\/\" \/>\n<meta property=\"og:site_name\" content=\"Instituto de Engenharia\" \/>\n<meta property=\"article:publisher\" content=\"https:\/\/www.facebook.com\/institutodeengenharia\" \/>\n<meta property=\"article:published_time\" content=\"2013-04-09T23:49:38+00:00\" \/>\n<meta property=\"og:image\" content=\"https:\/\/www.institutodeengenharia.org.br\/site\/wp-content\/uploads\/2017\/10\/algas.jpg\" \/>\n\t<meta property=\"og:image:width\" content=\"640\" \/>\n\t<meta property=\"og:image:height\" content=\"360\" \/>\n\t<meta property=\"og:image:type\" content=\"image\/jpeg\" \/>\n<meta name=\"author\" content=\"TMax Tecnologia\" \/>\n<meta name=\"twitter:card\" content=\"summary_large_image\" \/>\n<meta name=\"twitter:creator\" content=\"@iengenharia\" \/>\n<meta name=\"twitter:site\" content=\"@iengenharia\" \/>\n<meta name=\"twitter:label1\" content=\"Escrito por\" \/>\n\t<meta name=\"twitter:data1\" content=\"TMax Tecnologia\" \/>\n\t<meta name=\"twitter:label2\" content=\"Est. tempo de leitura\" \/>\n\t<meta name=\"twitter:data2\" content=\"2 minutos\" \/>\n<script type=\"application\/ld+json\" class=\"yoast-schema-graph\">{\"@context\":\"https:\/\/schema.org\",\"@graph\":[{\"@type\":\"Article\",\"@id\":\"https:\/\/www.institutodeengenharia.org.br\/site\/2013\/04\/09\/o-proximo-supermaterial-que-vai-mudar-o-mundo-e-cultivado-nao-produzido\/#article\",\"isPartOf\":{\"@id\":\"https:\/\/www.institutodeengenharia.org.br\/site\/2013\/04\/09\/o-proximo-supermaterial-que-vai-mudar-o-mundo-e-cultivado-nao-produzido\/\"},\"author\":{\"name\":\"TMax Tecnologia\",\"@id\":\"https:\/\/www.institutodeengenharia.org.br\/site\/#\/schema\/person\/3b1ff109facef084739fc2edcb9a127f\"},\"headline\":\"O pr\u00f3ximo supermaterial que vai mudar o mundo \u00e9 cultivado, n\u00e3o produzido\",\"datePublished\":\"2013-04-09T23:49:38+00:00\",\"mainEntityOfPage\":{\"@id\":\"https:\/\/www.institutodeengenharia.org.br\/site\/2013\/04\/09\/o-proximo-supermaterial-que-vai-mudar-o-mundo-e-cultivado-nao-produzido\/\"},\"wordCount\":417,\"commentCount\":0,\"publisher\":{\"@id\":\"https:\/\/www.institutodeengenharia.org.br\/site\/#organization\"},\"image\":{\"@id\":\"https:\/\/www.institutodeengenharia.org.br\/site\/2013\/04\/09\/o-proximo-supermaterial-que-vai-mudar-o-mundo-e-cultivado-nao-produzido\/#primaryimage\"},\"thumbnailUrl\":\"https:\/\/www.institutodeengenharia.org.br\/site\/wp-content\/uploads\/2017\/10\/algas.jpg\",\"articleSection\":[\"Not\u00edcias\",\"Pesquisa e Desenvolvimento\"],\"inLanguage\":\"pt-BR\",\"potentialAction\":[{\"@type\":\"CommentAction\",\"name\":\"Comment\",\"target\":[\"https:\/\/www.institutodeengenharia.org.br\/site\/2013\/04\/09\/o-proximo-supermaterial-que-vai-mudar-o-mundo-e-cultivado-nao-produzido\/#respond\"]}]},{\"@type\":\"WebPage\",\"@id\":\"https:\/\/www.institutodeengenharia.org.br\/site\/2013\/04\/09\/o-proximo-supermaterial-que-vai-mudar-o-mundo-e-cultivado-nao-produzido\/\",\"url\":\"https:\/\/www.institutodeengenharia.org.br\/site\/2013\/04\/09\/o-proximo-supermaterial-que-vai-mudar-o-mundo-e-cultivado-nao-produzido\/\",\"name\":\"O pr\u00f3ximo supermaterial que vai mudar o mundo \u00e9 cultivado, n\u00e3o produzido - Instituto de Engenharia\",\"isPartOf\":{\"@id\":\"https:\/\/www.institutodeengenharia.org.br\/site\/#website\"},\"primaryImageOfPage\":{\"@id\":\"https:\/\/www.institutodeengenharia.org.br\/site\/2013\/04\/09\/o-proximo-supermaterial-que-vai-mudar-o-mundo-e-cultivado-nao-produzido\/#primaryimage\"},\"image\":{\"@id\":\"https:\/\/www.institutodeengenharia.org.br\/site\/2013\/04\/09\/o-proximo-supermaterial-que-vai-mudar-o-mundo-e-cultivado-nao-produzido\/#primaryimage\"},\"thumbnailUrl\":\"https:\/\/www.institutodeengenharia.org.br\/site\/wp-content\/uploads\/2017\/10\/algas.jpg\",\"datePublished\":\"2013-04-09T23:49:38+00:00\",\"breadcrumb\":{\"@id\":\"https:\/\/www.institutodeengenharia.org.br\/site\/2013\/04\/09\/o-proximo-supermaterial-que-vai-mudar-o-mundo-e-cultivado-nao-produzido\/#breadcrumb\"},\"inLanguage\":\"pt-BR\",\"potentialAction\":[{\"@type\":\"ReadAction\",\"target\":[\"https:\/\/www.institutodeengenharia.org.br\/site\/2013\/04\/09\/o-proximo-supermaterial-que-vai-mudar-o-mundo-e-cultivado-nao-produzido\/\"]}]},{\"@type\":\"ImageObject\",\"inLanguage\":\"pt-BR\",\"@id\":\"https:\/\/www.institutodeengenharia.org.br\/site\/2013\/04\/09\/o-proximo-supermaterial-que-vai-mudar-o-mundo-e-cultivado-nao-produzido\/#primaryimage\",\"url\":\"https:\/\/www.institutodeengenharia.org.br\/site\/wp-content\/uploads\/2017\/10\/algas.jpg\",\"contentUrl\":\"https:\/\/www.institutodeengenharia.org.br\/site\/wp-content\/uploads\/2017\/10\/algas.jpg\",\"width\":640,\"height\":360},{\"@type\":\"BreadcrumbList\",\"@id\":\"https:\/\/www.institutodeengenharia.org.br\/site\/2013\/04\/09\/o-proximo-supermaterial-que-vai-mudar-o-mundo-e-cultivado-nao-produzido\/#breadcrumb\",\"itemListElement\":[{\"@type\":\"ListItem\",\"position\":1,\"name\":\"In\u00edcio\",\"item\":\"https:\/\/www.institutodeengenharia.org.br\/site\/\"},{\"@type\":\"ListItem\",\"position\":2,\"name\":\"O pr\u00f3ximo supermaterial que vai mudar o mundo \u00e9 cultivado, n\u00e3o produzido\"}]},{\"@type\":\"WebSite\",\"@id\":\"https:\/\/www.institutodeengenharia.org.br\/site\/#website\",\"url\":\"https:\/\/www.institutodeengenharia.org.br\/site\/\",\"name\":\"Instituto de Engenharia\",\"description\":\"O Instituto de Engenharia promove a Engenharia em benef\u00edcio do desenvolvimento e da qualidade de vida da sociedade.\",\"publisher\":{\"@id\":\"https:\/\/www.institutodeengenharia.org.br\/site\/#organization\"},\"potentialAction\":[{\"@type\":\"SearchAction\",\"target\":{\"@type\":\"EntryPoint\",\"urlTemplate\":\"https:\/\/www.institutodeengenharia.org.br\/site\/?s={search_term_string}\"},\"query-input\":{\"@type\":\"PropertyValueSpecification\",\"valueRequired\":true,\"valueName\":\"search_term_string\"}}],\"inLanguage\":\"pt-BR\"},{\"@type\":\"Organization\",\"@id\":\"https:\/\/www.institutodeengenharia.org.br\/site\/#organization\",\"name\":\"Instituto de Engenharia\",\"url\":\"https:\/\/www.institutodeengenharia.org.br\/site\/\",\"logo\":{\"@type\":\"ImageObject\",\"inLanguage\":\"pt-BR\",\"@id\":\"https:\/\/www.institutodeengenharia.org.br\/site\/#\/schema\/logo\/image\/\",\"url\":\"https:\/\/www.institutodeengenharia.org.br\/site\/wp-content\/uploads\/2019\/03\/logo-novo-IE2018-1.jpg\",\"contentUrl\":\"https:\/\/www.institutodeengenharia.org.br\/site\/wp-content\/uploads\/2019\/03\/logo-novo-IE2018-1.jpg\",\"width\":1486,\"height\":1879,\"caption\":\"Instituto de Engenharia\"},\"image\":{\"@id\":\"https:\/\/www.institutodeengenharia.org.br\/site\/#\/schema\/logo\/image\/\"},\"sameAs\":[\"https:\/\/www.facebook.com\/institutodeengenharia\",\"https:\/\/x.com\/iengenharia\",\"https:\/\/www.instagram.com\/institutodeengenharia\/\",\"https:\/\/www.linkedin.com\/company\/instituto-de-engenharia\/\",\"https:\/\/www.youtube.com\/channel\/UCXiCAlsSMe977vamW915HxA\"]},{\"@type\":\"Person\",\"@id\":\"https:\/\/www.institutodeengenharia.org.br\/site\/#\/schema\/person\/3b1ff109facef084739fc2edcb9a127f\",\"name\":\"TMax Tecnologia\",\"image\":{\"@type\":\"ImageObject\",\"inLanguage\":\"pt-BR\",\"@id\":\"https:\/\/secure.gravatar.com\/avatar\/f912434ef7f389c92cb311fcdae346af848465d638912574b3c669070f797701?s=96&d=mm&r=g\",\"url\":\"https:\/\/secure.gravatar.com\/avatar\/f912434ef7f389c92cb311fcdae346af848465d638912574b3c669070f797701?s=96&d=mm&r=g\",\"contentUrl\":\"https:\/\/secure.gravatar.com\/avatar\/f912434ef7f389c92cb311fcdae346af848465d638912574b3c669070f797701?s=96&d=mm&r=g\",\"caption\":\"TMax Tecnologia\"},\"url\":\"https:\/\/www.institutodeengenharia.org.br\/site\/author\/tmax\/\"}]}<\/script>\n<!-- \/ Yoast SEO plugin. -->","yoast_head_json":{"title":"O pr\u00f3ximo supermaterial que vai mudar o mundo \u00e9 cultivado, n\u00e3o produzido - Instituto de Engenharia","robots":{"index":"index","follow":"follow","max-snippet":"max-snippet:-1","max-image-preview":"max-image-preview:large","max-video-preview":"max-video-preview:-1"},"canonical":"https:\/\/www.institutodeengenharia.org.br\/site\/2013\/04\/09\/o-proximo-supermaterial-que-vai-mudar-o-mundo-e-cultivado-nao-produzido\/","og_locale":"pt_BR","og_type":"article","og_title":"O pr\u00f3ximo supermaterial que vai mudar o mundo \u00e9 cultivado, n\u00e3o produzido - Instituto de Engenharia","og_description":"A nanocelulose est\u00e1 prestes a ser o material resistente como kevlar, superleve e comedor de g\u00e1s do efeito estufa do futuro. E a melhor parte? \u00c9 feito de nada al\u00e9m de algas.&nbsp; J\u00e1 sendo anunciado como \u201cmaterial maravilhoso\u201d por cientistas envolvidos, a nanocelulose foi mostrada na semana passada durante o Encontro e Exposi\u00e7\u00e3o Nacional da [&hellip;]","og_url":"https:\/\/www.institutodeengenharia.org.br\/site\/2013\/04\/09\/o-proximo-supermaterial-que-vai-mudar-o-mundo-e-cultivado-nao-produzido\/","og_site_name":"Instituto de Engenharia","article_publisher":"https:\/\/www.facebook.com\/institutodeengenharia","article_published_time":"2013-04-09T23:49:38+00:00","og_image":[{"width":640,"height":360,"url":"https:\/\/www.institutodeengenharia.org.br\/site\/wp-content\/uploads\/2017\/10\/algas.jpg","type":"image\/jpeg"}],"author":"TMax Tecnologia","twitter_card":"summary_large_image","twitter_creator":"@iengenharia","twitter_site":"@iengenharia","twitter_misc":{"Escrito por":"TMax Tecnologia","Est. tempo de leitura":"2 minutos"},"schema":{"@context":"https:\/\/schema.org","@graph":[{"@type":"Article","@id":"https:\/\/www.institutodeengenharia.org.br\/site\/2013\/04\/09\/o-proximo-supermaterial-que-vai-mudar-o-mundo-e-cultivado-nao-produzido\/#article","isPartOf":{"@id":"https:\/\/www.institutodeengenharia.org.br\/site\/2013\/04\/09\/o-proximo-supermaterial-que-vai-mudar-o-mundo-e-cultivado-nao-produzido\/"},"author":{"name":"TMax Tecnologia","@id":"https:\/\/www.institutodeengenharia.org.br\/site\/#\/schema\/person\/3b1ff109facef084739fc2edcb9a127f"},"headline":"O pr\u00f3ximo supermaterial que vai mudar o mundo \u00e9 cultivado, n\u00e3o produzido","datePublished":"2013-04-09T23:49:38+00:00","mainEntityOfPage":{"@id":"https:\/\/www.institutodeengenharia.org.br\/site\/2013\/04\/09\/o-proximo-supermaterial-que-vai-mudar-o-mundo-e-cultivado-nao-produzido\/"},"wordCount":417,"commentCount":0,"publisher":{"@id":"https:\/\/www.institutodeengenharia.org.br\/site\/#organization"},"image":{"@id":"https:\/\/www.institutodeengenharia.org.br\/site\/2013\/04\/09\/o-proximo-supermaterial-que-vai-mudar-o-mundo-e-cultivado-nao-produzido\/#primaryimage"},"thumbnailUrl":"https:\/\/www.institutodeengenharia.org.br\/site\/wp-content\/uploads\/2017\/10\/algas.jpg","articleSection":["Not\u00edcias","Pesquisa e Desenvolvimento"],"inLanguage":"pt-BR","potentialAction":[{"@type":"CommentAction","name":"Comment","target":["https:\/\/www.institutodeengenharia.org.br\/site\/2013\/04\/09\/o-proximo-supermaterial-que-vai-mudar-o-mundo-e-cultivado-nao-produzido\/#respond"]}]},{"@type":"WebPage","@id":"https:\/\/www.institutodeengenharia.org.br\/site\/2013\/04\/09\/o-proximo-supermaterial-que-vai-mudar-o-mundo-e-cultivado-nao-produzido\/","url":"https:\/\/www.institutodeengenharia.org.br\/site\/2013\/04\/09\/o-proximo-supermaterial-que-vai-mudar-o-mundo-e-cultivado-nao-produzido\/","name":"O pr\u00f3ximo supermaterial que vai mudar o mundo \u00e9 cultivado, n\u00e3o produzido - Instituto de Engenharia","isPartOf":{"@id":"https:\/\/www.institutodeengenharia.org.br\/site\/#website"},"primaryImageOfPage":{"@id":"https:\/\/www.institutodeengenharia.org.br\/site\/2013\/04\/09\/o-proximo-supermaterial-que-vai-mudar-o-mundo-e-cultivado-nao-produzido\/#primaryimage"},"image":{"@id":"https:\/\/www.institutodeengenharia.org.br\/site\/2013\/04\/09\/o-proximo-supermaterial-que-vai-mudar-o-mundo-e-cultivado-nao-produzido\/#primaryimage"},"thumbnailUrl":"https:\/\/www.institutodeengenharia.org.br\/site\/wp-content\/uploads\/2017\/10\/algas.jpg","datePublished":"2013-04-09T23:49:38+00:00","breadcrumb":{"@id":"https:\/\/www.institutodeengenharia.org.br\/site\/2013\/04\/09\/o-proximo-supermaterial-que-vai-mudar-o-mundo-e-cultivado-nao-produzido\/#breadcrumb"},"inLanguage":"pt-BR","potentialAction":[{"@type":"ReadAction","target":["https:\/\/www.institutodeengenharia.org.br\/site\/2013\/04\/09\/o-proximo-supermaterial-que-vai-mudar-o-mundo-e-cultivado-nao-produzido\/"]}]},{"@type":"ImageObject","inLanguage":"pt-BR","@id":"https:\/\/www.institutodeengenharia.org.br\/site\/2013\/04\/09\/o-proximo-supermaterial-que-vai-mudar-o-mundo-e-cultivado-nao-produzido\/#primaryimage","url":"https:\/\/www.institutodeengenharia.org.br\/site\/wp-content\/uploads\/2017\/10\/algas.jpg","contentUrl":"https:\/\/www.institutodeengenharia.org.br\/site\/wp-content\/uploads\/2017\/10\/algas.jpg","width":640,"height":360},{"@type":"BreadcrumbList","@id":"https:\/\/www.institutodeengenharia.org.br\/site\/2013\/04\/09\/o-proximo-supermaterial-que-vai-mudar-o-mundo-e-cultivado-nao-produzido\/#breadcrumb","itemListElement":[{"@type":"ListItem","position":1,"name":"In\u00edcio","item":"https:\/\/www.institutodeengenharia.org.br\/site\/"},{"@type":"ListItem","position":2,"name":"O pr\u00f3ximo supermaterial que vai mudar o mundo \u00e9 cultivado, n\u00e3o produzido"}]},{"@type":"WebSite","@id":"https:\/\/www.institutodeengenharia.org.br\/site\/#website","url":"https:\/\/www.institutodeengenharia.org.br\/site\/","name":"Instituto de Engenharia","description":"O Instituto de Engenharia promove a Engenharia em benef\u00edcio do desenvolvimento e da qualidade de vida da sociedade.","publisher":{"@id":"https:\/\/www.institutodeengenharia.org.br\/site\/#organization"},"potentialAction":[{"@type":"SearchAction","target":{"@type":"EntryPoint","urlTemplate":"https:\/\/www.institutodeengenharia.org.br\/site\/?s={search_term_string}"},"query-input":{"@type":"PropertyValueSpecification","valueRequired":true,"valueName":"search_term_string"}}],"inLanguage":"pt-BR"},{"@type":"Organization","@id":"https:\/\/www.institutodeengenharia.org.br\/site\/#organization","name":"Instituto de Engenharia","url":"https:\/\/www.institutodeengenharia.org.br\/site\/","logo":{"@type":"ImageObject","inLanguage":"pt-BR","@id":"https:\/\/www.institutodeengenharia.org.br\/site\/#\/schema\/logo\/image\/","url":"https:\/\/www.institutodeengenharia.org.br\/site\/wp-content\/uploads\/2019\/03\/logo-novo-IE2018-1.jpg","contentUrl":"https:\/\/www.institutodeengenharia.org.br\/site\/wp-content\/uploads\/2019\/03\/logo-novo-IE2018-1.jpg","width":1486,"height":1879,"caption":"Instituto de Engenharia"},"image":{"@id":"https:\/\/www.institutodeengenharia.org.br\/site\/#\/schema\/logo\/image\/"},"sameAs":["https:\/\/www.facebook.com\/institutodeengenharia","https:\/\/x.com\/iengenharia","https:\/\/www.instagram.com\/institutodeengenharia\/","https:\/\/www.linkedin.com\/company\/instituto-de-engenharia\/","https:\/\/www.youtube.com\/channel\/UCXiCAlsSMe977vamW915HxA"]},{"@type":"Person","@id":"https:\/\/www.institutodeengenharia.org.br\/site\/#\/schema\/person\/3b1ff109facef084739fc2edcb9a127f","name":"TMax Tecnologia","image":{"@type":"ImageObject","inLanguage":"pt-BR","@id":"https:\/\/secure.gravatar.com\/avatar\/f912434ef7f389c92cb311fcdae346af848465d638912574b3c669070f797701?s=96&d=mm&r=g","url":"https:\/\/secure.gravatar.com\/avatar\/f912434ef7f389c92cb311fcdae346af848465d638912574b3c669070f797701?s=96&d=mm&r=g","contentUrl":"https:\/\/secure.gravatar.com\/avatar\/f912434ef7f389c92cb311fcdae346af848465d638912574b3c669070f797701?s=96&d=mm&r=g","caption":"TMax Tecnologia"},"url":"https:\/\/www.institutodeengenharia.org.br\/site\/author\/tmax\/"}]}},"_links":{"self":[{"href":"https:\/\/www.institutodeengenharia.org.br\/site\/wp-json\/wp\/v2\/posts\/23283","targetHints":{"allow":["GET"]}}],"collection":[{"href":"https:\/\/www.institutodeengenharia.org.br\/site\/wp-json\/wp\/v2\/posts"}],"about":[{"href":"https:\/\/www.institutodeengenharia.org.br\/site\/wp-json\/wp\/v2\/types\/post"}],"author":[{"embeddable":true,"href":"https:\/\/www.institutodeengenharia.org.br\/site\/wp-json\/wp\/v2\/users\/1"}],"replies":[{"embeddable":true,"href":"https:\/\/www.institutodeengenharia.org.br\/site\/wp-json\/wp\/v2\/comments?post=23283"}],"version-history":[{"count":0,"href":"https:\/\/www.institutodeengenharia.org.br\/site\/wp-json\/wp\/v2\/posts\/23283\/revisions"}],"wp:featuredmedia":[{"embeddable":true,"href":"https:\/\/www.institutodeengenharia.org.br\/site\/wp-json\/wp\/v2\/media\/23284"}],"wp:attachment":[{"href":"https:\/\/www.institutodeengenharia.org.br\/site\/wp-json\/wp\/v2\/media?parent=23283"}],"wp:term":[{"taxonomy":"category","embeddable":true,"href":"https:\/\/www.institutodeengenharia.org.br\/site\/wp-json\/wp\/v2\/categories?post=23283"},{"taxonomy":"post_tag","embeddable":true,"href":"https:\/\/www.institutodeengenharia.org.br\/site\/wp-json\/wp\/v2\/tags?post=23283"}],"curies":[{"name":"wp","href":"https:\/\/api.w.org\/{rel}","templated":true}]}}