{"id":23281,"date":"2013-04-05T23:49:36","date_gmt":"2013-04-05T23:49:36","guid":{"rendered":"https:\/\/www.institutodeengenharia.org.br\/?p=23281"},"modified":"2013-04-05T16:41:10","modified_gmt":"2013-04-05T16:41:10","slug":"os-15-paises-que-lideram-em-energia-eolica","status":"publish","type":"post","link":"https:\/\/www.institutodeengenharia.org.br\/site\/2013\/04\/05\/os-15-paises-que-lideram-em-energia-eolica\/","title":{"rendered":"Os 15 pa\u00edses que lideram em energia e\u00f3lica"},"content":{"rendered":"<p>Segundo um novo relat\u00f3rio do Conselho Global de Energia E\u00f3lica (GWEC, na sigla em ingl\u00eas), a capacidade instalada de gera\u00e7\u00e3o de energia e\u00f3lica mundial passou de 6,1 GW para 282,4 GW nos \u00faltimos 16 anos. Na pr\u00e1tica, hoje o mundo pode produzir o equivalente a 20 hidrel\u00e9tricas de Itaipu em energia a partir do poder do vento. Apesar dos investimentos t\u00edmidos no setor, ocasionados pelas incertezas econ\u00f4micas, a matriz e\u00f3lica mundial cresceu 19% em 2012. Confira a seguir quem s\u00e3o os senhores da e\u00f3lica atualmente. <\/p>\n<p><strong>1 &#8211; China <br \/>\n<\/strong>Dona de 1\/4 da capacidade e\u00f3lica mundial, a China \u00e9 o pa\u00eds que lidera a expans\u00e3o do setor, com 75,5 mil megawatts (MW) instalados (26,8 % da participa\u00e7\u00e3o global) at\u00e9 final de 2012. Trata-se de 30 vezes a capacidade e\u00f3lica total do Brasil, de 2,5 mil MW. <\/p>\n<p>De acordo com o relat\u00f3rio do GWEC, no ano passado, o gigante asi\u00e1tico tamb\u00e9m tomou a frente do processo de expans\u00e3o, instalando mais 13,2 mil MW, cerca de 30% do total mundial registrado no per\u00edodo.&nbsp;<\/p>\n<p><strong>2 &#8211; Estados Unidos <br \/>\n<\/strong>Os Estados Unidos aparecem em segundo lugar no ranking do GWEC, com uma capacidade e\u00f3lica acumulada de 60 mil MW, o que corresponde a 21,2% do total mundial. Em 2012, o pa\u00eds foi respons\u00e1vel pelo segundo maior investimento no setor, instalando 13 mil MW, cerca de 29% do crescimento da e\u00f3lica verificado no mundo de janeiro \u00e0 dezembro do mesmo ano.&nbsp;<\/p>\n<p><strong>3 &#8211; Alemanha <br \/>\n<\/strong>O terceiro lugar do ranking ficou com a Alemanha, que registra uma capacidade e\u00f3lica total instalada de 31,3 mil MW, o que equivale a 11,1% do acumulado mundial. A Alemanha tamb\u00e9m foi o terceiro pa\u00eds que mais contribuiu para o crescimento do setor no ano passado, com 2,4 mil MW instalados no per\u00edodo, representando 5% da participa\u00e7\u00e3o global.&nbsp;<\/p>\n<p><strong>4 &#8211; Espanha<\/strong> <br \/>\nEm quinze anos, a capacidade total instalada de energia e\u00f3lica espanhola atingiu 22,7 mil MW, o que representa 8,1% do potencial instalado dos projetos e\u00f3licos mundiais. Apesar da crise, em 2012 o pa\u00eds teve o s\u00e9timo maior crescimento do setor, registrando aumento de 1,1 mil MW de capacidade, uma participa\u00e7\u00e3o no crescimento global da e\u00f3lica de 2,5% no mesmo per\u00edodo.&nbsp;<\/p>\n<p><strong>5 &#8211; \u00cdndia <br \/>\n<\/strong>Os ventos tamb\u00e9m sopram forte na \u00cdndia, que soma 18,4 mil MW em projetos e\u00f3licos, o quinto maior desempenho mundial, com participa\u00e7\u00e3o de 6,5%. No ano passado, o pa\u00eds registrou aumento de 2,3 mil MW, cerca de 5% do total investido no mundo, a terceira maior expans\u00e3o no per\u00edodo.&nbsp;<\/p>\n<p><strong>6 &#8211; Reino Unido <br \/>\n<\/strong>A sexta coloca\u00e7\u00e3o no ranking do GWEC \u00e9 ocupada pelo Reino Unido, que acumula uma capacidade e\u00f3lica total de 8,4 mil MW (cerca de 3% de participa\u00e7\u00e3o mundial). No ano passado, como seus antecessores e a despeito da crise, o pa\u00eds teve um bom desempenho &#8211; instalou mais 1,9 mil MW, respondendo por 4,2% do crescimento mundial do setor no per\u00edodo, a quinta maior expans\u00e3o.&nbsp;<\/p>\n<p><strong>7 &#8211; It\u00e1lia<\/strong> <br \/>\nA It\u00e1lia \u00e9 o s\u00e9timo l\u00edder em energia e\u00f3lica no mundo, somando 8,1 mil MW em capacidade instalada, com participa\u00e7\u00e3o mundial de 2.9%. J\u00e1 em rela\u00e7\u00e3o \u00e0 expans\u00e3o, entre janeiro e dezembro do ano passado, o pa\u00eds registrou o sexto maior crescimento, com um total de 1,2 mil MW instalados, 2,8% do total global.&nbsp;<\/p>\n<p><strong>8 &#8211; Fran\u00e7a <br \/>\n<\/strong>A oitava coloca\u00e7\u00e3o no ranking foi para a Fran\u00e7a que, entre 1996 e 2012, acumulou uma capacidade e\u00f3lica total de 7,1 mil MW, o que representa 2,5% de participa\u00e7\u00e3o mundial. No ano passado, o pa\u00eds teve um crescimento no setor pouco expressivo, adicionando mais 404 MW.&nbsp;<\/p>\n<p><strong>9 &#8211; Canad\u00e1 <br \/>\n<\/strong>Marcando presen\u00e7a entre os maiores e mais agressivos mercados de e\u00f3lica, o Canad\u00e1 possui a nona maior capacidade total instalada. <br \/>\nS\u00e3o 6,2 mil MW em projetos e\u00f3licos que, ao todo, respondem por 2,2% da participa\u00e7\u00e3o mundial. Em 2012, o pa\u00eds registrou um aumento de 935 MW, cerca de 2,1% do crescimento global do setor no mesmo per\u00edodo.&nbsp;<\/p>\n<p><strong>10 &#8211; Portugal <br \/>\n<\/strong>Na d\u00e9cima posi\u00e7\u00e3o do ranking dos l\u00edderes, aparece Portugal. Sozinho, ele responde por 1.6% da capacidade de gera\u00e7\u00e3o e\u00f3lica total instalada do mundo. Ao todo, o pa\u00eds acumula 4,5 mil MW em projetos e\u00f3licos, quase o dobro da capacidade instalada do Brasil.&nbsp;<\/p>\n<p><strong>11 &#8211; Dinamarca <br \/>\n<\/strong>Na d\u00e9cima primeira posi\u00e7\u00e3o do ranking aparece a Dinamarca. O pa\u00eds fechou 2012 com uma capacidade total instalada de gera\u00e7\u00e3o e\u00f3lica de 4,1 mil MW. Em rela\u00e7\u00e3o a 2011, o incremento ao longo de doze meses n\u00e3o foi dos mais not\u00e1veis, ficando em apenas 217 MW.&nbsp;<\/p>\n<p><strong>12 &#8211; Su\u00e9cia<\/strong> <br \/>\nA Su\u00e9cia \u00e9 o decimo segundo pa\u00eds com maior capacidade de gera\u00e7\u00e3o e\u00f3lica instalada. Em 2012, o pa\u00eds adicionou 846MW ao parque, fechando o ano com 3,7 mil MW totais.&nbsp;<\/p>\n<p><strong>13 &#8211; Jap\u00e3o<\/strong> <br \/>\nPalco da trag\u00e9dia nuclear de Fukushima, o Jap\u00e3o tamb\u00e9m est\u00e1 entre os pa\u00edses que mais investem em energia e\u00f3lica no mundo. Ao todo, o parque e\u00f3lico japon\u00eas conta com 2,6 mil MW em capacidade instalada. O incremento em 2011 foi de 88MW.&nbsp;<\/p>\n<p><strong>14 &#8211; Austr\u00e1lia <br \/>\n<\/strong>Em 2012, a Austr\u00e1lia somou quase 2,6 mil MW de capacidade instalada de gera\u00e7\u00e3o de energia e\u00f3lica, o que coloca o pa\u00eds entre os l\u00edderes do setor no mundo. Ao longo do ano, foram adicionados 358 MW.<\/p>\n<p><strong>15 &#8211; Brasil <br \/>\n<\/strong>De acordo com o relat\u00f3rio do GWEC, o Brasil \u00e9 o d\u00e9cimo quinto pa\u00eds com o maior potencial e\u00f3lico instalado no mundo e o maior da Am\u00e9rica Latina. Ao todo, o parque e\u00f3lico brasileiro conta com 2,5 mil MW em projetos. Em 2012, o pa\u00eds teve o oitavo maior crescimento, com um incremento de 1GW, que ajudou a duplicar o potencial dessa matriz limpa. Segundo a Associa\u00e7\u00e3o Brasileira de Energia E\u00f3lica (ABEE\u00f3lica ), somente em 2012 foram instalados 38 novos parques e\u00f3licos, totalizando 108 empreendimentos.&nbsp;<br \/>\n&nbsp;<\/p>\n<p><b>Autor: Exame.com<\/b><\/p>\n","protected":false},"excerpt":{"rendered":"<p>Relat\u00f3rio do Conselho Global de Energia E\u00f3lica mostra que a capacidade instalada mundial dessa fonte aumentou 19% em 2012. No Brasil, a presen\u00e7a da \u00e9olica na matriz quase duplicou, colocando o pa\u00eds entre os 15 que mais investem no poder do vento<\/p>\n","protected":false},"author":1,"featured_media":0,"comment_status":"open","ping_status":"open","sticky":false,"template":"","format":"standard","meta":{"footnotes":""},"categories":[24,6],"tags":[],"class_list":{"0":"post-23281","1":"post","2":"type-post","3":"status-publish","4":"format-standard","6":"category-energia","7":"category-noticias"},"yoast_head":"<!-- This site is optimized with the Yoast SEO plugin v27.2 - https:\/\/yoast.com\/product\/yoast-seo-wordpress\/ -->\n<title>Os 15 pa\u00edses que lideram em energia e\u00f3lica - Instituto de Engenharia<\/title>\n<meta name=\"robots\" content=\"index, follow, max-snippet:-1, max-image-preview:large, max-video-preview:-1\" \/>\n<link rel=\"canonical\" href=\"https:\/\/www.institutodeengenharia.org.br\/site\/2013\/04\/05\/os-15-paises-que-lideram-em-energia-eolica\/\" \/>\n<meta property=\"og:locale\" content=\"pt_BR\" \/>\n<meta property=\"og:type\" content=\"article\" \/>\n<meta property=\"og:title\" content=\"Os 15 pa\u00edses que lideram em energia e\u00f3lica - Instituto de Engenharia\" \/>\n<meta property=\"og:description\" content=\"Relat\u00f3rio do Conselho Global de Energia E\u00f3lica mostra que a capacidade instalada mundial dessa fonte aumentou 19% em 2012. No Brasil, a presen\u00e7a da \u00e9olica na matriz quase duplicou, colocando o pa\u00eds entre os 15 que mais investem no poder do vento\" \/>\n<meta property=\"og:url\" content=\"https:\/\/www.institutodeengenharia.org.br\/site\/2013\/04\/05\/os-15-paises-que-lideram-em-energia-eolica\/\" \/>\n<meta property=\"og:site_name\" content=\"Instituto de Engenharia\" \/>\n<meta property=\"article:publisher\" content=\"https:\/\/www.facebook.com\/institutodeengenharia\" \/>\n<meta property=\"article:published_time\" content=\"2013-04-05T23:49:36+00:00\" \/>\n<meta name=\"author\" content=\"TMax Tecnologia\" \/>\n<meta name=\"twitter:card\" content=\"summary_large_image\" \/>\n<meta name=\"twitter:creator\" content=\"@iengenharia\" \/>\n<meta name=\"twitter:site\" content=\"@iengenharia\" \/>\n<meta name=\"twitter:label1\" content=\"Escrito por\" \/>\n\t<meta name=\"twitter:data1\" content=\"TMax Tecnologia\" \/>\n\t<meta name=\"twitter:label2\" content=\"Est. tempo de leitura\" \/>\n\t<meta name=\"twitter:data2\" content=\"5 minutos\" \/>\n<script type=\"application\/ld+json\" class=\"yoast-schema-graph\">{\"@context\":\"https:\/\/schema.org\",\"@graph\":[{\"@type\":\"Article\",\"@id\":\"https:\/\/www.institutodeengenharia.org.br\/site\/2013\/04\/05\/os-15-paises-que-lideram-em-energia-eolica\/#article\",\"isPartOf\":{\"@id\":\"https:\/\/www.institutodeengenharia.org.br\/site\/2013\/04\/05\/os-15-paises-que-lideram-em-energia-eolica\/\"},\"author\":{\"name\":\"TMax Tecnologia\",\"@id\":\"https:\/\/www.institutodeengenharia.org.br\/site\/#\/schema\/person\/3b1ff109facef084739fc2edcb9a127f\"},\"headline\":\"Os 15 pa\u00edses que lideram em energia e\u00f3lica\",\"datePublished\":\"2013-04-05T23:49:36+00:00\",\"mainEntityOfPage\":{\"@id\":\"https:\/\/www.institutodeengenharia.org.br\/site\/2013\/04\/05\/os-15-paises-que-lideram-em-energia-eolica\/\"},\"wordCount\":999,\"commentCount\":0,\"publisher\":{\"@id\":\"https:\/\/www.institutodeengenharia.org.br\/site\/#organization\"},\"articleSection\":[\"Energia\",\"Not\u00edcias\"],\"inLanguage\":\"pt-BR\",\"potentialAction\":[{\"@type\":\"CommentAction\",\"name\":\"Comment\",\"target\":[\"https:\/\/www.institutodeengenharia.org.br\/site\/2013\/04\/05\/os-15-paises-que-lideram-em-energia-eolica\/#respond\"]}]},{\"@type\":\"WebPage\",\"@id\":\"https:\/\/www.institutodeengenharia.org.br\/site\/2013\/04\/05\/os-15-paises-que-lideram-em-energia-eolica\/\",\"url\":\"https:\/\/www.institutodeengenharia.org.br\/site\/2013\/04\/05\/os-15-paises-que-lideram-em-energia-eolica\/\",\"name\":\"Os 15 pa\u00edses que lideram em energia e\u00f3lica - Instituto de Engenharia\",\"isPartOf\":{\"@id\":\"https:\/\/www.institutodeengenharia.org.br\/site\/#website\"},\"datePublished\":\"2013-04-05T23:49:36+00:00\",\"breadcrumb\":{\"@id\":\"https:\/\/www.institutodeengenharia.org.br\/site\/2013\/04\/05\/os-15-paises-que-lideram-em-energia-eolica\/#breadcrumb\"},\"inLanguage\":\"pt-BR\",\"potentialAction\":[{\"@type\":\"ReadAction\",\"target\":[\"https:\/\/www.institutodeengenharia.org.br\/site\/2013\/04\/05\/os-15-paises-que-lideram-em-energia-eolica\/\"]}]},{\"@type\":\"BreadcrumbList\",\"@id\":\"https:\/\/www.institutodeengenharia.org.br\/site\/2013\/04\/05\/os-15-paises-que-lideram-em-energia-eolica\/#breadcrumb\",\"itemListElement\":[{\"@type\":\"ListItem\",\"position\":1,\"name\":\"In\u00edcio\",\"item\":\"https:\/\/www.institutodeengenharia.org.br\/site\/\"},{\"@type\":\"ListItem\",\"position\":2,\"name\":\"Os 15 pa\u00edses que lideram em energia e\u00f3lica\"}]},{\"@type\":\"WebSite\",\"@id\":\"https:\/\/www.institutodeengenharia.org.br\/site\/#website\",\"url\":\"https:\/\/www.institutodeengenharia.org.br\/site\/\",\"name\":\"Instituto de Engenharia\",\"description\":\"O Instituto de Engenharia promove a Engenharia em benef\u00edcio do desenvolvimento e da qualidade de vida da sociedade.\",\"publisher\":{\"@id\":\"https:\/\/www.institutodeengenharia.org.br\/site\/#organization\"},\"potentialAction\":[{\"@type\":\"SearchAction\",\"target\":{\"@type\":\"EntryPoint\",\"urlTemplate\":\"https:\/\/www.institutodeengenharia.org.br\/site\/?s={search_term_string}\"},\"query-input\":{\"@type\":\"PropertyValueSpecification\",\"valueRequired\":true,\"valueName\":\"search_term_string\"}}],\"inLanguage\":\"pt-BR\"},{\"@type\":\"Organization\",\"@id\":\"https:\/\/www.institutodeengenharia.org.br\/site\/#organization\",\"name\":\"Instituto de Engenharia\",\"url\":\"https:\/\/www.institutodeengenharia.org.br\/site\/\",\"logo\":{\"@type\":\"ImageObject\",\"inLanguage\":\"pt-BR\",\"@id\":\"https:\/\/www.institutodeengenharia.org.br\/site\/#\/schema\/logo\/image\/\",\"url\":\"https:\/\/www.institutodeengenharia.org.br\/site\/wp-content\/uploads\/2019\/03\/logo-novo-IE2018-1.jpg\",\"contentUrl\":\"https:\/\/www.institutodeengenharia.org.br\/site\/wp-content\/uploads\/2019\/03\/logo-novo-IE2018-1.jpg\",\"width\":1486,\"height\":1879,\"caption\":\"Instituto de Engenharia\"},\"image\":{\"@id\":\"https:\/\/www.institutodeengenharia.org.br\/site\/#\/schema\/logo\/image\/\"},\"sameAs\":[\"https:\/\/www.facebook.com\/institutodeengenharia\",\"https:\/\/x.com\/iengenharia\",\"https:\/\/www.instagram.com\/institutodeengenharia\/\",\"https:\/\/www.linkedin.com\/company\/instituto-de-engenharia\/\",\"https:\/\/www.youtube.com\/channel\/UCXiCAlsSMe977vamW915HxA\"]},{\"@type\":\"Person\",\"@id\":\"https:\/\/www.institutodeengenharia.org.br\/site\/#\/schema\/person\/3b1ff109facef084739fc2edcb9a127f\",\"name\":\"TMax Tecnologia\",\"image\":{\"@type\":\"ImageObject\",\"inLanguage\":\"pt-BR\",\"@id\":\"https:\/\/secure.gravatar.com\/avatar\/f912434ef7f389c92cb311fcdae346af848465d638912574b3c669070f797701?s=96&d=mm&r=g\",\"url\":\"https:\/\/secure.gravatar.com\/avatar\/f912434ef7f389c92cb311fcdae346af848465d638912574b3c669070f797701?s=96&d=mm&r=g\",\"contentUrl\":\"https:\/\/secure.gravatar.com\/avatar\/f912434ef7f389c92cb311fcdae346af848465d638912574b3c669070f797701?s=96&d=mm&r=g\",\"caption\":\"TMax Tecnologia\"},\"url\":\"https:\/\/www.institutodeengenharia.org.br\/site\/author\/tmax\/\"}]}<\/script>\n<!-- \/ Yoast SEO plugin. -->","yoast_head_json":{"title":"Os 15 pa\u00edses que lideram em energia e\u00f3lica - Instituto de Engenharia","robots":{"index":"index","follow":"follow","max-snippet":"max-snippet:-1","max-image-preview":"max-image-preview:large","max-video-preview":"max-video-preview:-1"},"canonical":"https:\/\/www.institutodeengenharia.org.br\/site\/2013\/04\/05\/os-15-paises-que-lideram-em-energia-eolica\/","og_locale":"pt_BR","og_type":"article","og_title":"Os 15 pa\u00edses que lideram em energia e\u00f3lica - Instituto de Engenharia","og_description":"Relat\u00f3rio do Conselho Global de Energia E\u00f3lica mostra que a capacidade instalada mundial dessa fonte aumentou 19% em 2012. No Brasil, a presen\u00e7a da \u00e9olica na matriz quase duplicou, colocando o pa\u00eds entre os 15 que mais investem no poder do vento","og_url":"https:\/\/www.institutodeengenharia.org.br\/site\/2013\/04\/05\/os-15-paises-que-lideram-em-energia-eolica\/","og_site_name":"Instituto de Engenharia","article_publisher":"https:\/\/www.facebook.com\/institutodeengenharia","article_published_time":"2013-04-05T23:49:36+00:00","author":"TMax Tecnologia","twitter_card":"summary_large_image","twitter_creator":"@iengenharia","twitter_site":"@iengenharia","twitter_misc":{"Escrito por":"TMax Tecnologia","Est. tempo de leitura":"5 minutos"},"schema":{"@context":"https:\/\/schema.org","@graph":[{"@type":"Article","@id":"https:\/\/www.institutodeengenharia.org.br\/site\/2013\/04\/05\/os-15-paises-que-lideram-em-energia-eolica\/#article","isPartOf":{"@id":"https:\/\/www.institutodeengenharia.org.br\/site\/2013\/04\/05\/os-15-paises-que-lideram-em-energia-eolica\/"},"author":{"name":"TMax Tecnologia","@id":"https:\/\/www.institutodeengenharia.org.br\/site\/#\/schema\/person\/3b1ff109facef084739fc2edcb9a127f"},"headline":"Os 15 pa\u00edses que lideram em energia e\u00f3lica","datePublished":"2013-04-05T23:49:36+00:00","mainEntityOfPage":{"@id":"https:\/\/www.institutodeengenharia.org.br\/site\/2013\/04\/05\/os-15-paises-que-lideram-em-energia-eolica\/"},"wordCount":999,"commentCount":0,"publisher":{"@id":"https:\/\/www.institutodeengenharia.org.br\/site\/#organization"},"articleSection":["Energia","Not\u00edcias"],"inLanguage":"pt-BR","potentialAction":[{"@type":"CommentAction","name":"Comment","target":["https:\/\/www.institutodeengenharia.org.br\/site\/2013\/04\/05\/os-15-paises-que-lideram-em-energia-eolica\/#respond"]}]},{"@type":"WebPage","@id":"https:\/\/www.institutodeengenharia.org.br\/site\/2013\/04\/05\/os-15-paises-que-lideram-em-energia-eolica\/","url":"https:\/\/www.institutodeengenharia.org.br\/site\/2013\/04\/05\/os-15-paises-que-lideram-em-energia-eolica\/","name":"Os 15 pa\u00edses que lideram em energia e\u00f3lica - Instituto de Engenharia","isPartOf":{"@id":"https:\/\/www.institutodeengenharia.org.br\/site\/#website"},"datePublished":"2013-04-05T23:49:36+00:00","breadcrumb":{"@id":"https:\/\/www.institutodeengenharia.org.br\/site\/2013\/04\/05\/os-15-paises-que-lideram-em-energia-eolica\/#breadcrumb"},"inLanguage":"pt-BR","potentialAction":[{"@type":"ReadAction","target":["https:\/\/www.institutodeengenharia.org.br\/site\/2013\/04\/05\/os-15-paises-que-lideram-em-energia-eolica\/"]}]},{"@type":"BreadcrumbList","@id":"https:\/\/www.institutodeengenharia.org.br\/site\/2013\/04\/05\/os-15-paises-que-lideram-em-energia-eolica\/#breadcrumb","itemListElement":[{"@type":"ListItem","position":1,"name":"In\u00edcio","item":"https:\/\/www.institutodeengenharia.org.br\/site\/"},{"@type":"ListItem","position":2,"name":"Os 15 pa\u00edses que lideram em energia e\u00f3lica"}]},{"@type":"WebSite","@id":"https:\/\/www.institutodeengenharia.org.br\/site\/#website","url":"https:\/\/www.institutodeengenharia.org.br\/site\/","name":"Instituto de Engenharia","description":"O Instituto de Engenharia promove a Engenharia em benef\u00edcio do desenvolvimento e da qualidade de vida da sociedade.","publisher":{"@id":"https:\/\/www.institutodeengenharia.org.br\/site\/#organization"},"potentialAction":[{"@type":"SearchAction","target":{"@type":"EntryPoint","urlTemplate":"https:\/\/www.institutodeengenharia.org.br\/site\/?s={search_term_string}"},"query-input":{"@type":"PropertyValueSpecification","valueRequired":true,"valueName":"search_term_string"}}],"inLanguage":"pt-BR"},{"@type":"Organization","@id":"https:\/\/www.institutodeengenharia.org.br\/site\/#organization","name":"Instituto de Engenharia","url":"https:\/\/www.institutodeengenharia.org.br\/site\/","logo":{"@type":"ImageObject","inLanguage":"pt-BR","@id":"https:\/\/www.institutodeengenharia.org.br\/site\/#\/schema\/logo\/image\/","url":"https:\/\/www.institutodeengenharia.org.br\/site\/wp-content\/uploads\/2019\/03\/logo-novo-IE2018-1.jpg","contentUrl":"https:\/\/www.institutodeengenharia.org.br\/site\/wp-content\/uploads\/2019\/03\/logo-novo-IE2018-1.jpg","width":1486,"height":1879,"caption":"Instituto de Engenharia"},"image":{"@id":"https:\/\/www.institutodeengenharia.org.br\/site\/#\/schema\/logo\/image\/"},"sameAs":["https:\/\/www.facebook.com\/institutodeengenharia","https:\/\/x.com\/iengenharia","https:\/\/www.instagram.com\/institutodeengenharia\/","https:\/\/www.linkedin.com\/company\/instituto-de-engenharia\/","https:\/\/www.youtube.com\/channel\/UCXiCAlsSMe977vamW915HxA"]},{"@type":"Person","@id":"https:\/\/www.institutodeengenharia.org.br\/site\/#\/schema\/person\/3b1ff109facef084739fc2edcb9a127f","name":"TMax Tecnologia","image":{"@type":"ImageObject","inLanguage":"pt-BR","@id":"https:\/\/secure.gravatar.com\/avatar\/f912434ef7f389c92cb311fcdae346af848465d638912574b3c669070f797701?s=96&d=mm&r=g","url":"https:\/\/secure.gravatar.com\/avatar\/f912434ef7f389c92cb311fcdae346af848465d638912574b3c669070f797701?s=96&d=mm&r=g","contentUrl":"https:\/\/secure.gravatar.com\/avatar\/f912434ef7f389c92cb311fcdae346af848465d638912574b3c669070f797701?s=96&d=mm&r=g","caption":"TMax Tecnologia"},"url":"https:\/\/www.institutodeengenharia.org.br\/site\/author\/tmax\/"}]}},"_links":{"self":[{"href":"https:\/\/www.institutodeengenharia.org.br\/site\/wp-json\/wp\/v2\/posts\/23281","targetHints":{"allow":["GET"]}}],"collection":[{"href":"https:\/\/www.institutodeengenharia.org.br\/site\/wp-json\/wp\/v2\/posts"}],"about":[{"href":"https:\/\/www.institutodeengenharia.org.br\/site\/wp-json\/wp\/v2\/types\/post"}],"author":[{"embeddable":true,"href":"https:\/\/www.institutodeengenharia.org.br\/site\/wp-json\/wp\/v2\/users\/1"}],"replies":[{"embeddable":true,"href":"https:\/\/www.institutodeengenharia.org.br\/site\/wp-json\/wp\/v2\/comments?post=23281"}],"version-history":[{"count":0,"href":"https:\/\/www.institutodeengenharia.org.br\/site\/wp-json\/wp\/v2\/posts\/23281\/revisions"}],"wp:attachment":[{"href":"https:\/\/www.institutodeengenharia.org.br\/site\/wp-json\/wp\/v2\/media?parent=23281"}],"wp:term":[{"taxonomy":"category","embeddable":true,"href":"https:\/\/www.institutodeengenharia.org.br\/site\/wp-json\/wp\/v2\/categories?post=23281"},{"taxonomy":"post_tag","embeddable":true,"href":"https:\/\/www.institutodeengenharia.org.br\/site\/wp-json\/wp\/v2\/tags?post=23281"}],"curies":[{"name":"wp","href":"https:\/\/api.w.org\/{rel}","templated":true}]}}