{"id":23280,"date":"2013-04-05T23:49:35","date_gmt":"2013-04-05T23:49:35","guid":{"rendered":"https:\/\/www.institutodeengenharia.org.br\/?p=23280"},"modified":"2013-04-05T16:30:51","modified_gmt":"2013-04-05T16:30:51","slug":"as-capitais-com-mais-ciclovias-e-por-que-nao-comemorar","status":"publish","type":"post","link":"https:\/\/www.institutodeengenharia.org.br\/site\/2013\/04\/05\/as-capitais-com-mais-ciclovias-e-por-que-nao-comemorar\/","title":{"rendered":"As capitais com mais ciclovias (e por que n\u00e3o comemorar)"},"content":{"rendered":"<p>A cria\u00e7\u00e3o de vias exclusivas para bicicletas, um ve\u00edculo limpo e sustent\u00e1vel, est\u00e1 longe de receber a aten\u00e7\u00e3o que merece no planejamento de mobilidade urbano das cidades. \u00c9 o que mostra um levantamento da ONG Mobilize Brasil, que resolveu reunir em um novo site as informa\u00e7\u00f5es sobre diversos tipos de modais, dos carros e \u00f4nibus aos trens e metr\u00f4s. Os n\u00fameros relativos \u00e0s magrelas decepcionam. A soma das malhas ciclovi\u00e1rias das 12 capitais que possuem vias exlclusivas para bikes n\u00e3o chega nem perto dos 1200 km de vias exclusivas que os ciclistas t\u00eam \u00e0 sua disposi\u00e7\u00e3o s\u00f3 em Berlim e Amsterd\u00e3. Veja a seguir qual a exten\u00e7\u00e3o das ciclovias nas capitais e a rela\u00e7\u00e3o dessas pistas com a malha vi\u00e1ria total, que serve aos transportes motorizados e mais poluentes.&nbsp;<\/p>\n<p><strong>Rio de Janeiro<\/strong> <br \/>\nEstrutura ciclovi\u00e1ria: 300 km <\/p>\n<p>Extens\u00e3o de ciclovias em rela\u00e7\u00e3o \u00e0 extens\u00e3o do sistema vi\u00e1rio (em %): 3,17 <\/p>\n<p>Sistema vi\u00e1rio: 9464 km <\/p>\n<p>Emiss\u00f5es do setor de transporte: 4.574.864 ton\/ano de CO2 eq.&nbsp;<\/p>\n<p><strong>Bras\u00edlia <br \/>\n<\/strong>Estrutura ciclovi\u00e1ria: 160 km <\/p>\n<p>Sistema vi\u00e1rio: 10.500 km <\/p>\n<p>Extens\u00e3o de ciclovias em rela\u00e7\u00e3o \u00e0 extens\u00e3o do sistema vi\u00e1rio (em %): 1,52 <\/p>\n<p>Emiss\u00f5es do setor de transporte: 3.190.676 ton\/ano de CO2 eq.&nbsp;<\/p>\n<p><strong>Curitiba <br \/>\n<\/strong>Estrutura ciclovi\u00e1ria: 127 km <\/p>\n<p>Sistema vi\u00e1rio: 4700 km <\/p>\n<p>Extens\u00e3o de ciclovias em rela\u00e7\u00e3o \u00e0 extens\u00e3o do sistema vi\u00e1rio (em %): 2,7 <\/p>\n<p>Emiss\u00f5es do setor de transporte: 2.578.404 ton\/ano de CO2 eq.&nbsp;<\/p>\n<p><strong>Campo Grande <br \/>\n<\/strong>Estrutura ciclovi\u00e1ria: 79 km <\/p>\n<p>Sistema vi\u00e1rio: 3.966 km <\/p>\n<p>Extens\u00e3o de ciclovias em rela\u00e7\u00e3o \u00e0 extens\u00e3o do sistema vi\u00e1rio (em %): 1,99 <\/p>\n<p>Emiss\u00f5es do setor de transporte: n\u00e3o informado&nbsp;<\/p>\n<p><strong>S\u00e3o Paulo<\/strong> <br \/>\nEstrutura ciclovi\u00e1ria: 69.8 km <\/p>\n<p>Sistema vi\u00e1rio: 18.000 km <\/p>\n<p>Extens\u00e3o de ciclovias em rela\u00e7\u00e3o \u00e0 extens\u00e3o do sistema vi\u00e1rio (em %): 0,39 <\/p>\n<p>Emiss\u00f5es do setor de transporte: 12.605.199 ton\/ano de CO2 eq.&nbsp;<\/p>\n<p><strong>Fortaleza<\/strong> <br \/>\nEstrutura ciclovi\u00e1ria: 70 km <\/p>\n<p>Sistema vi\u00e1rio: 3.887 km <\/p>\n<p>Extens\u00e3o de ciclovias em rela\u00e7\u00e3o \u00e0 extens\u00e3o do sistema vi\u00e1rio (em %): 1,81 <\/p>\n<p>Emiss\u00f5es do setor de transporte: 1.273.178 ton\/ano de CO2 eq.&nbsp;<\/p>\n<p><strong>Aracaju<\/strong> <br \/>\nEstrutura ciclovi\u00e1ria: 55 km <\/p>\n<p>Sistema vi\u00e1rio: n\u00e3o informado <\/p>\n<p>Extens\u00e3o de ciclovias em rela\u00e7\u00e3o \u00e0 extens\u00e3o do sistema vi\u00e1rio (em %): n\u00e3o informado <\/p>\n<p>Emiss\u00f5es do setor de transporte: n\u00e3o informado&nbsp;<\/p>\n<p><strong>Recife <br \/>\n<\/strong>Estrutura ciclovi\u00e1ria (km): 28.5 km <\/p>\n<p>Sistema vi\u00e1rio: n\u00e3o informado <\/p>\n<p>Extens\u00e3o de ciclovias em rela\u00e7\u00e3o \u00e0 extens\u00e3o do sistema vi\u00e1rio (em %): n\u00e3o informado <\/p>\n<p>Emiss\u00f5es do setor de transporte: 985.143 ton\/ano de CO2 eq.&nbsp;<\/p>\n<p><strong>Florian\u00f3polis <br \/>\n<\/strong>Estrutura ciclovi\u00e1ria: 37 km <\/p>\n<p>Sistema vi\u00e1rio: 1.809 km <\/p>\n<p>Extens\u00e3o de ciclovias em rela\u00e7\u00e3o \u00e0 extens\u00e3o do sistema vi\u00e1rio (em %): 2,02 <\/p>\n<p>Emiss\u00f5es do setor de transporte: n\u00e3o informado&nbsp;<\/p>\n<p><strong>Belo Horizonte <br \/>\n<\/strong>Estrutura ciclovi\u00e1ria: 36 km <\/p>\n<p>Sistema vi\u00e1rio: 4529 km <\/p>\n<p>Extens\u00e3o de ciclovias em rela\u00e7\u00e3o \u00e0 extens\u00e3o do sistema vi\u00e1rio (em %): 0,79 <\/p>\n<p>Emiss\u00f5es do setor de transporte: 2.840.285 ton\/ano de CO2 eq.&nbsp;<\/p>\n<p><strong>Salvador<\/strong> <br \/>\nEstrutura ciclovi\u00e1ria:19 km <\/p>\n<p>Sistema vi\u00e1rio: 5.000 km <\/p>\n<p>Extens\u00e3o de ciclovias em rela\u00e7\u00e3o \u00e0 extens\u00e3o do sistema vi\u00e1rio (em %): 0,38 <\/p>\n<p>Emiss\u00f5es do setor de transporte: 1.967.923 ton\/ano de CO2 eq.&nbsp;<\/p>\n<p><strong>Cuiab\u00e1 <br \/>\n<\/strong>Estrutura ciclovi\u00e1ria (km): 15 <\/p>\n<p>Sistema vi\u00e1rio: 1789 km <\/p>\n<p>Extens\u00e3o de ciclovias em rela\u00e7\u00e3o \u00e0 extens\u00e3o do sistema vi\u00e1rio (em %): 0,81 <\/p>\n<p>Emiss\u00f5es do setor de transporte: 1.029.815 ton\/ano de CO2 eq.&nbsp;<\/p>\n<p><strong>Porto Alegre <br \/>\n<\/strong>Estrutura ciclovi\u00e1ria: 12 km <\/p>\n<p>Sistema vi\u00e1rio: 2733 km <\/p>\n<p>Extens\u00e3o de ciclovias em rela\u00e7\u00e3o \u00e0 extens\u00e3o do sistema vi\u00e1rio (em %): 0,44% <\/p>\n<p>Emiss\u00f5es do setor de transporte: 1.858.990 ton\/ano de CO2 eq.&nbsp;<\/p>\n<p><strong>Sensor de bikes <br \/>\n<\/strong>Agora, conhe\u00e7a 9 ideias vision\u00e1rias para melhorar a vida dos ciclistas nas cidades <\/p>\n<p><b>Autor: Exame.com<\/b><\/p>\n","protected":false},"excerpt":{"rendered":"<p>Levantamento da ONG Mobilize Brasil mostra quanto espa\u00e7o as bikes t\u00eam nas principais capitais. A soma das malhas ciclovi\u00e1rias destas 12 cidades passa longe dos mais de 1200 km de vias que os ciclistas t\u00eam \u00e0 disposi\u00e7\u00e3o s\u00f3 em Berlim e Amsterd\u00e3<\/p>\n","protected":false},"author":1,"featured_media":0,"comment_status":"open","ping_status":"open","sticky":false,"template":"","format":"standard","meta":{"footnotes":""},"categories":[6,41],"tags":[],"class_list":{"0":"post-23280","1":"post","2":"type-post","3":"status-publish","4":"format-standard","6":"category-noticias","7":"category-transportes"},"yoast_head":"<!-- This site is optimized with the Yoast SEO plugin v27.2 - https:\/\/yoast.com\/product\/yoast-seo-wordpress\/ -->\n<title>As capitais com mais ciclovias (e por que n\u00e3o comemorar)  - Instituto de Engenharia<\/title>\n<meta name=\"robots\" content=\"index, follow, max-snippet:-1, max-image-preview:large, max-video-preview:-1\" \/>\n<link rel=\"canonical\" href=\"https:\/\/www.institutodeengenharia.org.br\/site\/2013\/04\/05\/as-capitais-com-mais-ciclovias-e-por-que-nao-comemorar\/\" \/>\n<meta property=\"og:locale\" content=\"pt_BR\" \/>\n<meta property=\"og:type\" content=\"article\" \/>\n<meta property=\"og:title\" content=\"As capitais com mais ciclovias (e por que n\u00e3o comemorar)  - Instituto de Engenharia\" \/>\n<meta property=\"og:description\" content=\"Levantamento da ONG Mobilize Brasil mostra quanto espa\u00e7o as bikes t\u00eam nas principais capitais. A soma das malhas ciclovi\u00e1rias destas 12 cidades passa longe dos mais de 1200 km de vias que os ciclistas t\u00eam \u00e0 disposi\u00e7\u00e3o s\u00f3 em Berlim e Amsterd\u00e3\" \/>\n<meta property=\"og:url\" content=\"https:\/\/www.institutodeengenharia.org.br\/site\/2013\/04\/05\/as-capitais-com-mais-ciclovias-e-por-que-nao-comemorar\/\" \/>\n<meta property=\"og:site_name\" content=\"Instituto de Engenharia\" \/>\n<meta property=\"article:publisher\" content=\"https:\/\/www.facebook.com\/institutodeengenharia\" \/>\n<meta property=\"article:published_time\" content=\"2013-04-05T23:49:35+00:00\" \/>\n<meta name=\"author\" content=\"TMax Tecnologia\" \/>\n<meta name=\"twitter:card\" content=\"summary_large_image\" \/>\n<meta name=\"twitter:creator\" content=\"@iengenharia\" \/>\n<meta name=\"twitter:site\" content=\"@iengenharia\" \/>\n<meta name=\"twitter:label1\" content=\"Escrito por\" \/>\n\t<meta name=\"twitter:data1\" content=\"TMax Tecnologia\" \/>\n\t<meta name=\"twitter:label2\" content=\"Est. tempo de leitura\" \/>\n\t<meta name=\"twitter:data2\" content=\"3 minutos\" \/>\n<script type=\"application\/ld+json\" class=\"yoast-schema-graph\">{\"@context\":\"https:\/\/schema.org\",\"@graph\":[{\"@type\":\"Article\",\"@id\":\"https:\/\/www.institutodeengenharia.org.br\/site\/2013\/04\/05\/as-capitais-com-mais-ciclovias-e-por-que-nao-comemorar\/#article\",\"isPartOf\":{\"@id\":\"https:\/\/www.institutodeengenharia.org.br\/site\/2013\/04\/05\/as-capitais-com-mais-ciclovias-e-por-que-nao-comemorar\/\"},\"author\":{\"name\":\"TMax Tecnologia\",\"@id\":\"https:\/\/www.institutodeengenharia.org.br\/site\/#\/schema\/person\/3b1ff109facef084739fc2edcb9a127f\"},\"headline\":\"As capitais com mais ciclovias (e por que n\u00e3o comemorar)\",\"datePublished\":\"2013-04-05T23:49:35+00:00\",\"mainEntityOfPage\":{\"@id\":\"https:\/\/www.institutodeengenharia.org.br\/site\/2013\/04\/05\/as-capitais-com-mais-ciclovias-e-por-que-nao-comemorar\/\"},\"wordCount\":640,\"commentCount\":0,\"publisher\":{\"@id\":\"https:\/\/www.institutodeengenharia.org.br\/site\/#organization\"},\"articleSection\":[\"Not\u00edcias\",\"Transportes\"],\"inLanguage\":\"pt-BR\",\"potentialAction\":[{\"@type\":\"CommentAction\",\"name\":\"Comment\",\"target\":[\"https:\/\/www.institutodeengenharia.org.br\/site\/2013\/04\/05\/as-capitais-com-mais-ciclovias-e-por-que-nao-comemorar\/#respond\"]}]},{\"@type\":\"WebPage\",\"@id\":\"https:\/\/www.institutodeengenharia.org.br\/site\/2013\/04\/05\/as-capitais-com-mais-ciclovias-e-por-que-nao-comemorar\/\",\"url\":\"https:\/\/www.institutodeengenharia.org.br\/site\/2013\/04\/05\/as-capitais-com-mais-ciclovias-e-por-que-nao-comemorar\/\",\"name\":\"As capitais com mais ciclovias (e por que n\u00e3o comemorar) - Instituto de Engenharia\",\"isPartOf\":{\"@id\":\"https:\/\/www.institutodeengenharia.org.br\/site\/#website\"},\"datePublished\":\"2013-04-05T23:49:35+00:00\",\"breadcrumb\":{\"@id\":\"https:\/\/www.institutodeengenharia.org.br\/site\/2013\/04\/05\/as-capitais-com-mais-ciclovias-e-por-que-nao-comemorar\/#breadcrumb\"},\"inLanguage\":\"pt-BR\",\"potentialAction\":[{\"@type\":\"ReadAction\",\"target\":[\"https:\/\/www.institutodeengenharia.org.br\/site\/2013\/04\/05\/as-capitais-com-mais-ciclovias-e-por-que-nao-comemorar\/\"]}]},{\"@type\":\"BreadcrumbList\",\"@id\":\"https:\/\/www.institutodeengenharia.org.br\/site\/2013\/04\/05\/as-capitais-com-mais-ciclovias-e-por-que-nao-comemorar\/#breadcrumb\",\"itemListElement\":[{\"@type\":\"ListItem\",\"position\":1,\"name\":\"In\u00edcio\",\"item\":\"https:\/\/www.institutodeengenharia.org.br\/site\/\"},{\"@type\":\"ListItem\",\"position\":2,\"name\":\"As capitais com mais ciclovias (e por que n\u00e3o comemorar)\"}]},{\"@type\":\"WebSite\",\"@id\":\"https:\/\/www.institutodeengenharia.org.br\/site\/#website\",\"url\":\"https:\/\/www.institutodeengenharia.org.br\/site\/\",\"name\":\"Instituto de Engenharia\",\"description\":\"O Instituto de Engenharia promove a Engenharia em benef\u00edcio do desenvolvimento e da qualidade de vida da sociedade.\",\"publisher\":{\"@id\":\"https:\/\/www.institutodeengenharia.org.br\/site\/#organization\"},\"potentialAction\":[{\"@type\":\"SearchAction\",\"target\":{\"@type\":\"EntryPoint\",\"urlTemplate\":\"https:\/\/www.institutodeengenharia.org.br\/site\/?s={search_term_string}\"},\"query-input\":{\"@type\":\"PropertyValueSpecification\",\"valueRequired\":true,\"valueName\":\"search_term_string\"}}],\"inLanguage\":\"pt-BR\"},{\"@type\":\"Organization\",\"@id\":\"https:\/\/www.institutodeengenharia.org.br\/site\/#organization\",\"name\":\"Instituto de Engenharia\",\"url\":\"https:\/\/www.institutodeengenharia.org.br\/site\/\",\"logo\":{\"@type\":\"ImageObject\",\"inLanguage\":\"pt-BR\",\"@id\":\"https:\/\/www.institutodeengenharia.org.br\/site\/#\/schema\/logo\/image\/\",\"url\":\"https:\/\/www.institutodeengenharia.org.br\/site\/wp-content\/uploads\/2019\/03\/logo-novo-IE2018-1.jpg\",\"contentUrl\":\"https:\/\/www.institutodeengenharia.org.br\/site\/wp-content\/uploads\/2019\/03\/logo-novo-IE2018-1.jpg\",\"width\":1486,\"height\":1879,\"caption\":\"Instituto de Engenharia\"},\"image\":{\"@id\":\"https:\/\/www.institutodeengenharia.org.br\/site\/#\/schema\/logo\/image\/\"},\"sameAs\":[\"https:\/\/www.facebook.com\/institutodeengenharia\",\"https:\/\/x.com\/iengenharia\",\"https:\/\/www.instagram.com\/institutodeengenharia\/\",\"https:\/\/www.linkedin.com\/company\/instituto-de-engenharia\/\",\"https:\/\/www.youtube.com\/channel\/UCXiCAlsSMe977vamW915HxA\"]},{\"@type\":\"Person\",\"@id\":\"https:\/\/www.institutodeengenharia.org.br\/site\/#\/schema\/person\/3b1ff109facef084739fc2edcb9a127f\",\"name\":\"TMax Tecnologia\",\"image\":{\"@type\":\"ImageObject\",\"inLanguage\":\"pt-BR\",\"@id\":\"https:\/\/secure.gravatar.com\/avatar\/f912434ef7f389c92cb311fcdae346af848465d638912574b3c669070f797701?s=96&d=mm&r=g\",\"url\":\"https:\/\/secure.gravatar.com\/avatar\/f912434ef7f389c92cb311fcdae346af848465d638912574b3c669070f797701?s=96&d=mm&r=g\",\"contentUrl\":\"https:\/\/secure.gravatar.com\/avatar\/f912434ef7f389c92cb311fcdae346af848465d638912574b3c669070f797701?s=96&d=mm&r=g\",\"caption\":\"TMax Tecnologia\"},\"url\":\"https:\/\/www.institutodeengenharia.org.br\/site\/author\/tmax\/\"}]}<\/script>\n<!-- \/ Yoast SEO plugin. -->","yoast_head_json":{"title":"As capitais com mais ciclovias (e por que n\u00e3o comemorar)  - Instituto de Engenharia","robots":{"index":"index","follow":"follow","max-snippet":"max-snippet:-1","max-image-preview":"max-image-preview:large","max-video-preview":"max-video-preview:-1"},"canonical":"https:\/\/www.institutodeengenharia.org.br\/site\/2013\/04\/05\/as-capitais-com-mais-ciclovias-e-por-que-nao-comemorar\/","og_locale":"pt_BR","og_type":"article","og_title":"As capitais com mais ciclovias (e por que n\u00e3o comemorar)  - Instituto de Engenharia","og_description":"Levantamento da ONG Mobilize Brasil mostra quanto espa\u00e7o as bikes t\u00eam nas principais capitais. A soma das malhas ciclovi\u00e1rias destas 12 cidades passa longe dos mais de 1200 km de vias que os ciclistas t\u00eam \u00e0 disposi\u00e7\u00e3o s\u00f3 em Berlim e Amsterd\u00e3","og_url":"https:\/\/www.institutodeengenharia.org.br\/site\/2013\/04\/05\/as-capitais-com-mais-ciclovias-e-por-que-nao-comemorar\/","og_site_name":"Instituto de Engenharia","article_publisher":"https:\/\/www.facebook.com\/institutodeengenharia","article_published_time":"2013-04-05T23:49:35+00:00","author":"TMax Tecnologia","twitter_card":"summary_large_image","twitter_creator":"@iengenharia","twitter_site":"@iengenharia","twitter_misc":{"Escrito por":"TMax Tecnologia","Est. tempo de leitura":"3 minutos"},"schema":{"@context":"https:\/\/schema.org","@graph":[{"@type":"Article","@id":"https:\/\/www.institutodeengenharia.org.br\/site\/2013\/04\/05\/as-capitais-com-mais-ciclovias-e-por-que-nao-comemorar\/#article","isPartOf":{"@id":"https:\/\/www.institutodeengenharia.org.br\/site\/2013\/04\/05\/as-capitais-com-mais-ciclovias-e-por-que-nao-comemorar\/"},"author":{"name":"TMax Tecnologia","@id":"https:\/\/www.institutodeengenharia.org.br\/site\/#\/schema\/person\/3b1ff109facef084739fc2edcb9a127f"},"headline":"As capitais com mais ciclovias (e por que n\u00e3o comemorar)","datePublished":"2013-04-05T23:49:35+00:00","mainEntityOfPage":{"@id":"https:\/\/www.institutodeengenharia.org.br\/site\/2013\/04\/05\/as-capitais-com-mais-ciclovias-e-por-que-nao-comemorar\/"},"wordCount":640,"commentCount":0,"publisher":{"@id":"https:\/\/www.institutodeengenharia.org.br\/site\/#organization"},"articleSection":["Not\u00edcias","Transportes"],"inLanguage":"pt-BR","potentialAction":[{"@type":"CommentAction","name":"Comment","target":["https:\/\/www.institutodeengenharia.org.br\/site\/2013\/04\/05\/as-capitais-com-mais-ciclovias-e-por-que-nao-comemorar\/#respond"]}]},{"@type":"WebPage","@id":"https:\/\/www.institutodeengenharia.org.br\/site\/2013\/04\/05\/as-capitais-com-mais-ciclovias-e-por-que-nao-comemorar\/","url":"https:\/\/www.institutodeengenharia.org.br\/site\/2013\/04\/05\/as-capitais-com-mais-ciclovias-e-por-que-nao-comemorar\/","name":"As capitais com mais ciclovias (e por que n\u00e3o comemorar) - Instituto de Engenharia","isPartOf":{"@id":"https:\/\/www.institutodeengenharia.org.br\/site\/#website"},"datePublished":"2013-04-05T23:49:35+00:00","breadcrumb":{"@id":"https:\/\/www.institutodeengenharia.org.br\/site\/2013\/04\/05\/as-capitais-com-mais-ciclovias-e-por-que-nao-comemorar\/#breadcrumb"},"inLanguage":"pt-BR","potentialAction":[{"@type":"ReadAction","target":["https:\/\/www.institutodeengenharia.org.br\/site\/2013\/04\/05\/as-capitais-com-mais-ciclovias-e-por-que-nao-comemorar\/"]}]},{"@type":"BreadcrumbList","@id":"https:\/\/www.institutodeengenharia.org.br\/site\/2013\/04\/05\/as-capitais-com-mais-ciclovias-e-por-que-nao-comemorar\/#breadcrumb","itemListElement":[{"@type":"ListItem","position":1,"name":"In\u00edcio","item":"https:\/\/www.institutodeengenharia.org.br\/site\/"},{"@type":"ListItem","position":2,"name":"As capitais com mais ciclovias (e por que n\u00e3o comemorar)"}]},{"@type":"WebSite","@id":"https:\/\/www.institutodeengenharia.org.br\/site\/#website","url":"https:\/\/www.institutodeengenharia.org.br\/site\/","name":"Instituto de Engenharia","description":"O Instituto de Engenharia promove a Engenharia em benef\u00edcio do desenvolvimento e da qualidade de vida da sociedade.","publisher":{"@id":"https:\/\/www.institutodeengenharia.org.br\/site\/#organization"},"potentialAction":[{"@type":"SearchAction","target":{"@type":"EntryPoint","urlTemplate":"https:\/\/www.institutodeengenharia.org.br\/site\/?s={search_term_string}"},"query-input":{"@type":"PropertyValueSpecification","valueRequired":true,"valueName":"search_term_string"}}],"inLanguage":"pt-BR"},{"@type":"Organization","@id":"https:\/\/www.institutodeengenharia.org.br\/site\/#organization","name":"Instituto de Engenharia","url":"https:\/\/www.institutodeengenharia.org.br\/site\/","logo":{"@type":"ImageObject","inLanguage":"pt-BR","@id":"https:\/\/www.institutodeengenharia.org.br\/site\/#\/schema\/logo\/image\/","url":"https:\/\/www.institutodeengenharia.org.br\/site\/wp-content\/uploads\/2019\/03\/logo-novo-IE2018-1.jpg","contentUrl":"https:\/\/www.institutodeengenharia.org.br\/site\/wp-content\/uploads\/2019\/03\/logo-novo-IE2018-1.jpg","width":1486,"height":1879,"caption":"Instituto de Engenharia"},"image":{"@id":"https:\/\/www.institutodeengenharia.org.br\/site\/#\/schema\/logo\/image\/"},"sameAs":["https:\/\/www.facebook.com\/institutodeengenharia","https:\/\/x.com\/iengenharia","https:\/\/www.instagram.com\/institutodeengenharia\/","https:\/\/www.linkedin.com\/company\/instituto-de-engenharia\/","https:\/\/www.youtube.com\/channel\/UCXiCAlsSMe977vamW915HxA"]},{"@type":"Person","@id":"https:\/\/www.institutodeengenharia.org.br\/site\/#\/schema\/person\/3b1ff109facef084739fc2edcb9a127f","name":"TMax Tecnologia","image":{"@type":"ImageObject","inLanguage":"pt-BR","@id":"https:\/\/secure.gravatar.com\/avatar\/f912434ef7f389c92cb311fcdae346af848465d638912574b3c669070f797701?s=96&d=mm&r=g","url":"https:\/\/secure.gravatar.com\/avatar\/f912434ef7f389c92cb311fcdae346af848465d638912574b3c669070f797701?s=96&d=mm&r=g","contentUrl":"https:\/\/secure.gravatar.com\/avatar\/f912434ef7f389c92cb311fcdae346af848465d638912574b3c669070f797701?s=96&d=mm&r=g","caption":"TMax Tecnologia"},"url":"https:\/\/www.institutodeengenharia.org.br\/site\/author\/tmax\/"}]}},"_links":{"self":[{"href":"https:\/\/www.institutodeengenharia.org.br\/site\/wp-json\/wp\/v2\/posts\/23280","targetHints":{"allow":["GET"]}}],"collection":[{"href":"https:\/\/www.institutodeengenharia.org.br\/site\/wp-json\/wp\/v2\/posts"}],"about":[{"href":"https:\/\/www.institutodeengenharia.org.br\/site\/wp-json\/wp\/v2\/types\/post"}],"author":[{"embeddable":true,"href":"https:\/\/www.institutodeengenharia.org.br\/site\/wp-json\/wp\/v2\/users\/1"}],"replies":[{"embeddable":true,"href":"https:\/\/www.institutodeengenharia.org.br\/site\/wp-json\/wp\/v2\/comments?post=23280"}],"version-history":[{"count":0,"href":"https:\/\/www.institutodeengenharia.org.br\/site\/wp-json\/wp\/v2\/posts\/23280\/revisions"}],"wp:attachment":[{"href":"https:\/\/www.institutodeengenharia.org.br\/site\/wp-json\/wp\/v2\/media?parent=23280"}],"wp:term":[{"taxonomy":"category","embeddable":true,"href":"https:\/\/www.institutodeengenharia.org.br\/site\/wp-json\/wp\/v2\/categories?post=23280"},{"taxonomy":"post_tag","embeddable":true,"href":"https:\/\/www.institutodeengenharia.org.br\/site\/wp-json\/wp\/v2\/tags?post=23280"}],"curies":[{"name":"wp","href":"https:\/\/api.w.org\/{rel}","templated":true}]}}