{"id":23262,"date":"2013-04-03T23:49:22","date_gmt":"2013-04-03T23:49:22","guid":{"rendered":"https:\/\/www.institutodeengenharia.org.br\/?p=23262"},"modified":"2013-04-03T15:26:22","modified_gmt":"2013-04-03T15:26:22","slug":"a-incrivel-bicicleta-eletrica-do-futuro-ncycle","status":"publish","type":"post","link":"https:\/\/www.institutodeengenharia.org.br\/site\/2013\/04\/03\/a-incrivel-bicicleta-eletrica-do-futuro-ncycle\/","title":{"rendered":"A incr\u00edvel bicicleta el\u00e9trica do futuro: nCycle"},"content":{"rendered":"<p>Com o avan\u00e7o da tecnologia e a moderniza\u00e7\u00e3o dos meios de transporte, as bicicletas tamb\u00e9m est\u00e3o sendo adaptadas e melhoradas. Modelos el\u00e9tricos, dobr\u00e1veis e antipolui\u00e7\u00e3o come\u00e7am a sair do papel e ganhar as ruas, mostrando que s\u00e3o vi\u00e1veis op\u00e7\u00f5es mais seguras e pr\u00e1ticas para as grandes cidades. <\/p>\n<p>No entanto, os designers Hussain Almossawi e Marin Myftiu foram al\u00e9m e desenvolveram um conceito de bicicleta que promete revolucionar o modo de andar na magrela. \u00c9 a nCycle, uma bike mais elegante, leve e que possui um escudo em forma de concha para proteger o sistema el\u00e9trico da umidade interna e, assim, conservar a bateria e aumentar seu desempenho e dura\u00e7\u00e3o. Ela \u00e9 considerada inovadora por conta de caracter\u00edsticas como: bolso interno para colocar pequenos itens, um sistema de bloqueio integrado sem a necessidade de uma corrente, e chave para amarrar e prender a bike. Tamb\u00e9m h\u00e1 far\u00f3is e alto-falantes integrados e um display hologr\u00e1fico. <\/p>\n<p>Existe tamb\u00e9m uma vers\u00e3o mais elaborada que \u00e9 auxiliada por um motor el\u00e9trico localizado na parte de tr\u00e1s da bicicleta. De maneira geral, as bicicletas dobr\u00e1veis apresentam defici\u00eancias est\u00e9ticas e ficam meio desajeitadas, por isso, a nCycle, gra\u00e7as a sua estrutura no formato \u201csanduiche\u201d, pode ser dobrada em dois segundos e continuar resistente e equilibrada, at\u00e9 parando em p\u00e9 se for necess\u00e1rio. <\/p>\n<p><img loading=\"lazy\" decoding=\"async\" width=\"525\" height=\"321\" alt=\"\" src=\"\/site\/userfiles\/bike_2(5).jpg\" \/><\/p>\n<p>O seu sistema de bloqueio integrado representa o que h\u00e1 de melhor em seguran\u00e7a, portabilidade e facilidade de uso, segundo os idealizadores. Isso porque o guid\u00e3o \u00e9 adequado para se encaixar na maioria dos postes e barras de a\u00e7o dispon\u00edveis nas cidades. O processo de bloqueio e desbloqueio \u00e9 simples, r\u00e1pido e consiste em \u201cabra\u00e7ar\u201d o poste com a al\u00e7a junto do guid\u00e3o, puxar o tubo de uma das al\u00e7as e clicar dentro de outra al\u00e7a. <\/p>\n<p><img loading=\"lazy\" decoding=\"async\" width=\"525\" height=\"321\" alt=\"\" src=\"\/site\/userfiles\/bike_3(2).jpg\" \/><\/p>\n<p>At\u00e9 a cesta da bicicleta \u00e9 diferente. Ao contr\u00e1rio das tradicionais cestas volumosas e feias, a da nCycle fica localizada entre as duas placas de metal e permite que ela &#8220;desapare\u00e7a&#8221; quando n\u00e3o estiver em uso. Quando \u00e9 usada, n\u00e3o chama muita aten\u00e7\u00e3o. <\/p>\n<p><img loading=\"lazy\" decoding=\"async\" width=\"525\" height=\"321\" alt=\"\" src=\"\/site\/userfiles\/bike_4(1).jpg\" \/><\/p>\n<p>Seus far\u00f3is e alto-falantes s\u00e3o alimentados pela bateria principal e, como est\u00e3o juntos do guid\u00e3o, ambos s\u00e3o a prova de roubo. A bike possui um sistema de bluetooth integrado e a op\u00e7\u00e3o de o usu\u00e1rio colocar um visor, em vez do suporte para celular, e que melhora a visibilidade e seguran\u00e7a do ciclista. <\/p>\n<p><img loading=\"lazy\" decoding=\"async\" width=\"525\" height=\"321\" alt=\"\" src=\"\/site\/userfiles\/bike_5.jpg\" \/><\/p>\n<p>Confira o v\u00eddeo abaixo (em ingl\u00eas) sobre a nCycle: <\/p>\n<p><iframe loading=\"lazy\" width=\"560\" height=\"315\" src=\"http:\/\/www.youtube.com\/embed\/lDpzSEByMrY\" frameborder=\"0\" allowfullscreen><\/iframe><\/p>\n<p><b>Autor: eCycle<\/b><\/p>\n","protected":false},"excerpt":{"rendered":"<p>Com o avan\u00e7o da tecnologia e a moderniza\u00e7\u00e3o dos meios de transporte, as bicicletas tamb\u00e9m est\u00e3o sendo adaptadas e melhoradas. Modelos el\u00e9tricos, dobr\u00e1veis e antipolui\u00e7\u00e3o come\u00e7am a sair do papel e ganhar as ruas, mostrando que s\u00e3o vi\u00e1veis op\u00e7\u00f5es mais seguras e pr\u00e1ticas para as grandes cidades. No entanto, os designers Hussain Almossawi e Marin [&hellip;]<\/p>\n","protected":false},"author":1,"featured_media":23263,"comment_status":"open","ping_status":"open","sticky":false,"template":"","format":"standard","meta":{"footnotes":""},"categories":[6,41],"tags":[],"class_list":{"0":"post-23262","1":"post","2":"type-post","3":"status-publish","4":"format-standard","5":"has-post-thumbnail","7":"category-noticias","8":"category-transportes"},"yoast_head":"<!-- This site is optimized with the Yoast SEO plugin v27.2 - https:\/\/yoast.com\/product\/yoast-seo-wordpress\/ -->\n<title>A incr\u00edvel bicicleta el\u00e9trica do futuro: nCycle - Instituto de Engenharia<\/title>\n<meta name=\"robots\" content=\"index, follow, max-snippet:-1, max-image-preview:large, max-video-preview:-1\" \/>\n<link rel=\"canonical\" href=\"https:\/\/www.institutodeengenharia.org.br\/site\/2013\/04\/03\/a-incrivel-bicicleta-eletrica-do-futuro-ncycle\/\" \/>\n<meta property=\"og:locale\" content=\"pt_BR\" \/>\n<meta property=\"og:type\" content=\"article\" \/>\n<meta property=\"og:title\" content=\"A incr\u00edvel bicicleta el\u00e9trica do futuro: nCycle - Instituto de Engenharia\" \/>\n<meta property=\"og:description\" content=\"Com o avan\u00e7o da tecnologia e a moderniza\u00e7\u00e3o dos meios de transporte, as bicicletas tamb\u00e9m est\u00e3o sendo adaptadas e melhoradas. Modelos el\u00e9tricos, dobr\u00e1veis e antipolui\u00e7\u00e3o come\u00e7am a sair do papel e ganhar as ruas, mostrando que s\u00e3o vi\u00e1veis op\u00e7\u00f5es mais seguras e pr\u00e1ticas para as grandes cidades. No entanto, os designers Hussain Almossawi e Marin [&hellip;]\" \/>\n<meta property=\"og:url\" content=\"https:\/\/www.institutodeengenharia.org.br\/site\/2013\/04\/03\/a-incrivel-bicicleta-eletrica-do-futuro-ncycle\/\" \/>\n<meta property=\"og:site_name\" content=\"Instituto de Engenharia\" \/>\n<meta property=\"article:publisher\" content=\"https:\/\/www.facebook.com\/institutodeengenharia\" \/>\n<meta property=\"article:published_time\" content=\"2013-04-03T23:49:22+00:00\" \/>\n<meta property=\"og:image\" content=\"https:\/\/www.institutodeengenharia.org.br\/site\/wp-content\/uploads\/2017\/10\/bike_1(4).jpg\" \/>\n\t<meta property=\"og:image:width\" content=\"525\" \/>\n\t<meta property=\"og:image:height\" content=\"321\" \/>\n\t<meta property=\"og:image:type\" content=\"image\/jpeg\" \/>\n<meta name=\"author\" content=\"TMax Tecnologia\" \/>\n<meta name=\"twitter:card\" content=\"summary_large_image\" \/>\n<meta name=\"twitter:creator\" content=\"@iengenharia\" \/>\n<meta name=\"twitter:site\" content=\"@iengenharia\" \/>\n<meta name=\"twitter:label1\" content=\"Escrito por\" \/>\n\t<meta name=\"twitter:data1\" content=\"TMax Tecnologia\" \/>\n\t<meta name=\"twitter:label2\" content=\"Est. tempo de leitura\" \/>\n\t<meta name=\"twitter:data2\" content=\"2 minutos\" \/>\n<script type=\"application\/ld+json\" class=\"yoast-schema-graph\">{\"@context\":\"https:\/\/schema.org\",\"@graph\":[{\"@type\":\"Article\",\"@id\":\"https:\/\/www.institutodeengenharia.org.br\/site\/2013\/04\/03\/a-incrivel-bicicleta-eletrica-do-futuro-ncycle\/#article\",\"isPartOf\":{\"@id\":\"https:\/\/www.institutodeengenharia.org.br\/site\/2013\/04\/03\/a-incrivel-bicicleta-eletrica-do-futuro-ncycle\/\"},\"author\":{\"name\":\"TMax Tecnologia\",\"@id\":\"https:\/\/www.institutodeengenharia.org.br\/site\/#\/schema\/person\/3b1ff109facef084739fc2edcb9a127f\"},\"headline\":\"A incr\u00edvel bicicleta el\u00e9trica do futuro: nCycle\",\"datePublished\":\"2013-04-03T23:49:22+00:00\",\"mainEntityOfPage\":{\"@id\":\"https:\/\/www.institutodeengenharia.org.br\/site\/2013\/04\/03\/a-incrivel-bicicleta-eletrica-do-futuro-ncycle\/\"},\"wordCount\":453,\"commentCount\":0,\"publisher\":{\"@id\":\"https:\/\/www.institutodeengenharia.org.br\/site\/#organization\"},\"image\":{\"@id\":\"https:\/\/www.institutodeengenharia.org.br\/site\/2013\/04\/03\/a-incrivel-bicicleta-eletrica-do-futuro-ncycle\/#primaryimage\"},\"thumbnailUrl\":\"https:\/\/www.institutodeengenharia.org.br\/site\/wp-content\/uploads\/2017\/10\/bike_1(4).jpg\",\"articleSection\":[\"Not\u00edcias\",\"Transportes\"],\"inLanguage\":\"pt-BR\",\"potentialAction\":[{\"@type\":\"CommentAction\",\"name\":\"Comment\",\"target\":[\"https:\/\/www.institutodeengenharia.org.br\/site\/2013\/04\/03\/a-incrivel-bicicleta-eletrica-do-futuro-ncycle\/#respond\"]}]},{\"@type\":\"WebPage\",\"@id\":\"https:\/\/www.institutodeengenharia.org.br\/site\/2013\/04\/03\/a-incrivel-bicicleta-eletrica-do-futuro-ncycle\/\",\"url\":\"https:\/\/www.institutodeengenharia.org.br\/site\/2013\/04\/03\/a-incrivel-bicicleta-eletrica-do-futuro-ncycle\/\",\"name\":\"A incr\u00edvel bicicleta el\u00e9trica do futuro: nCycle - Instituto de Engenharia\",\"isPartOf\":{\"@id\":\"https:\/\/www.institutodeengenharia.org.br\/site\/#website\"},\"primaryImageOfPage\":{\"@id\":\"https:\/\/www.institutodeengenharia.org.br\/site\/2013\/04\/03\/a-incrivel-bicicleta-eletrica-do-futuro-ncycle\/#primaryimage\"},\"image\":{\"@id\":\"https:\/\/www.institutodeengenharia.org.br\/site\/2013\/04\/03\/a-incrivel-bicicleta-eletrica-do-futuro-ncycle\/#primaryimage\"},\"thumbnailUrl\":\"https:\/\/www.institutodeengenharia.org.br\/site\/wp-content\/uploads\/2017\/10\/bike_1(4).jpg\",\"datePublished\":\"2013-04-03T23:49:22+00:00\",\"breadcrumb\":{\"@id\":\"https:\/\/www.institutodeengenharia.org.br\/site\/2013\/04\/03\/a-incrivel-bicicleta-eletrica-do-futuro-ncycle\/#breadcrumb\"},\"inLanguage\":\"pt-BR\",\"potentialAction\":[{\"@type\":\"ReadAction\",\"target\":[\"https:\/\/www.institutodeengenharia.org.br\/site\/2013\/04\/03\/a-incrivel-bicicleta-eletrica-do-futuro-ncycle\/\"]}]},{\"@type\":\"ImageObject\",\"inLanguage\":\"pt-BR\",\"@id\":\"https:\/\/www.institutodeengenharia.org.br\/site\/2013\/04\/03\/a-incrivel-bicicleta-eletrica-do-futuro-ncycle\/#primaryimage\",\"url\":\"https:\/\/www.institutodeengenharia.org.br\/site\/wp-content\/uploads\/2017\/10\/bike_1(4).jpg\",\"contentUrl\":\"https:\/\/www.institutodeengenharia.org.br\/site\/wp-content\/uploads\/2017\/10\/bike_1(4).jpg\",\"width\":525,\"height\":321},{\"@type\":\"BreadcrumbList\",\"@id\":\"https:\/\/www.institutodeengenharia.org.br\/site\/2013\/04\/03\/a-incrivel-bicicleta-eletrica-do-futuro-ncycle\/#breadcrumb\",\"itemListElement\":[{\"@type\":\"ListItem\",\"position\":1,\"name\":\"In\u00edcio\",\"item\":\"https:\/\/www.institutodeengenharia.org.br\/site\/\"},{\"@type\":\"ListItem\",\"position\":2,\"name\":\"A incr\u00edvel bicicleta el\u00e9trica do futuro: nCycle\"}]},{\"@type\":\"WebSite\",\"@id\":\"https:\/\/www.institutodeengenharia.org.br\/site\/#website\",\"url\":\"https:\/\/www.institutodeengenharia.org.br\/site\/\",\"name\":\"Instituto de Engenharia\",\"description\":\"O Instituto de Engenharia promove a Engenharia em benef\u00edcio do desenvolvimento e da qualidade de vida da sociedade.\",\"publisher\":{\"@id\":\"https:\/\/www.institutodeengenharia.org.br\/site\/#organization\"},\"potentialAction\":[{\"@type\":\"SearchAction\",\"target\":{\"@type\":\"EntryPoint\",\"urlTemplate\":\"https:\/\/www.institutodeengenharia.org.br\/site\/?s={search_term_string}\"},\"query-input\":{\"@type\":\"PropertyValueSpecification\",\"valueRequired\":true,\"valueName\":\"search_term_string\"}}],\"inLanguage\":\"pt-BR\"},{\"@type\":\"Organization\",\"@id\":\"https:\/\/www.institutodeengenharia.org.br\/site\/#organization\",\"name\":\"Instituto de Engenharia\",\"url\":\"https:\/\/www.institutodeengenharia.org.br\/site\/\",\"logo\":{\"@type\":\"ImageObject\",\"inLanguage\":\"pt-BR\",\"@id\":\"https:\/\/www.institutodeengenharia.org.br\/site\/#\/schema\/logo\/image\/\",\"url\":\"https:\/\/www.institutodeengenharia.org.br\/site\/wp-content\/uploads\/2019\/03\/logo-novo-IE2018-1.jpg\",\"contentUrl\":\"https:\/\/www.institutodeengenharia.org.br\/site\/wp-content\/uploads\/2019\/03\/logo-novo-IE2018-1.jpg\",\"width\":1486,\"height\":1879,\"caption\":\"Instituto de Engenharia\"},\"image\":{\"@id\":\"https:\/\/www.institutodeengenharia.org.br\/site\/#\/schema\/logo\/image\/\"},\"sameAs\":[\"https:\/\/www.facebook.com\/institutodeengenharia\",\"https:\/\/x.com\/iengenharia\",\"https:\/\/www.instagram.com\/institutodeengenharia\/\",\"https:\/\/www.linkedin.com\/company\/instituto-de-engenharia\/\",\"https:\/\/www.youtube.com\/channel\/UCXiCAlsSMe977vamW915HxA\"]},{\"@type\":\"Person\",\"@id\":\"https:\/\/www.institutodeengenharia.org.br\/site\/#\/schema\/person\/3b1ff109facef084739fc2edcb9a127f\",\"name\":\"TMax Tecnologia\",\"image\":{\"@type\":\"ImageObject\",\"inLanguage\":\"pt-BR\",\"@id\":\"https:\/\/secure.gravatar.com\/avatar\/f912434ef7f389c92cb311fcdae346af848465d638912574b3c669070f797701?s=96&d=mm&r=g\",\"url\":\"https:\/\/secure.gravatar.com\/avatar\/f912434ef7f389c92cb311fcdae346af848465d638912574b3c669070f797701?s=96&d=mm&r=g\",\"contentUrl\":\"https:\/\/secure.gravatar.com\/avatar\/f912434ef7f389c92cb311fcdae346af848465d638912574b3c669070f797701?s=96&d=mm&r=g\",\"caption\":\"TMax Tecnologia\"},\"url\":\"https:\/\/www.institutodeengenharia.org.br\/site\/author\/tmax\/\"}]}<\/script>\n<!-- \/ Yoast SEO plugin. -->","yoast_head_json":{"title":"A incr\u00edvel bicicleta el\u00e9trica do futuro: nCycle - Instituto de Engenharia","robots":{"index":"index","follow":"follow","max-snippet":"max-snippet:-1","max-image-preview":"max-image-preview:large","max-video-preview":"max-video-preview:-1"},"canonical":"https:\/\/www.institutodeengenharia.org.br\/site\/2013\/04\/03\/a-incrivel-bicicleta-eletrica-do-futuro-ncycle\/","og_locale":"pt_BR","og_type":"article","og_title":"A incr\u00edvel bicicleta el\u00e9trica do futuro: nCycle - Instituto de Engenharia","og_description":"Com o avan\u00e7o da tecnologia e a moderniza\u00e7\u00e3o dos meios de transporte, as bicicletas tamb\u00e9m est\u00e3o sendo adaptadas e melhoradas. Modelos el\u00e9tricos, dobr\u00e1veis e antipolui\u00e7\u00e3o come\u00e7am a sair do papel e ganhar as ruas, mostrando que s\u00e3o vi\u00e1veis op\u00e7\u00f5es mais seguras e pr\u00e1ticas para as grandes cidades. No entanto, os designers Hussain Almossawi e Marin [&hellip;]","og_url":"https:\/\/www.institutodeengenharia.org.br\/site\/2013\/04\/03\/a-incrivel-bicicleta-eletrica-do-futuro-ncycle\/","og_site_name":"Instituto de Engenharia","article_publisher":"https:\/\/www.facebook.com\/institutodeengenharia","article_published_time":"2013-04-03T23:49:22+00:00","og_image":[{"width":525,"height":321,"url":"https:\/\/www.institutodeengenharia.org.br\/site\/wp-content\/uploads\/2017\/10\/bike_1(4).jpg","type":"image\/jpeg"}],"author":"TMax Tecnologia","twitter_card":"summary_large_image","twitter_creator":"@iengenharia","twitter_site":"@iengenharia","twitter_misc":{"Escrito por":"TMax Tecnologia","Est. tempo de leitura":"2 minutos"},"schema":{"@context":"https:\/\/schema.org","@graph":[{"@type":"Article","@id":"https:\/\/www.institutodeengenharia.org.br\/site\/2013\/04\/03\/a-incrivel-bicicleta-eletrica-do-futuro-ncycle\/#article","isPartOf":{"@id":"https:\/\/www.institutodeengenharia.org.br\/site\/2013\/04\/03\/a-incrivel-bicicleta-eletrica-do-futuro-ncycle\/"},"author":{"name":"TMax Tecnologia","@id":"https:\/\/www.institutodeengenharia.org.br\/site\/#\/schema\/person\/3b1ff109facef084739fc2edcb9a127f"},"headline":"A incr\u00edvel bicicleta el\u00e9trica do futuro: nCycle","datePublished":"2013-04-03T23:49:22+00:00","mainEntityOfPage":{"@id":"https:\/\/www.institutodeengenharia.org.br\/site\/2013\/04\/03\/a-incrivel-bicicleta-eletrica-do-futuro-ncycle\/"},"wordCount":453,"commentCount":0,"publisher":{"@id":"https:\/\/www.institutodeengenharia.org.br\/site\/#organization"},"image":{"@id":"https:\/\/www.institutodeengenharia.org.br\/site\/2013\/04\/03\/a-incrivel-bicicleta-eletrica-do-futuro-ncycle\/#primaryimage"},"thumbnailUrl":"https:\/\/www.institutodeengenharia.org.br\/site\/wp-content\/uploads\/2017\/10\/bike_1(4).jpg","articleSection":["Not\u00edcias","Transportes"],"inLanguage":"pt-BR","potentialAction":[{"@type":"CommentAction","name":"Comment","target":["https:\/\/www.institutodeengenharia.org.br\/site\/2013\/04\/03\/a-incrivel-bicicleta-eletrica-do-futuro-ncycle\/#respond"]}]},{"@type":"WebPage","@id":"https:\/\/www.institutodeengenharia.org.br\/site\/2013\/04\/03\/a-incrivel-bicicleta-eletrica-do-futuro-ncycle\/","url":"https:\/\/www.institutodeengenharia.org.br\/site\/2013\/04\/03\/a-incrivel-bicicleta-eletrica-do-futuro-ncycle\/","name":"A incr\u00edvel bicicleta el\u00e9trica do futuro: nCycle - Instituto de Engenharia","isPartOf":{"@id":"https:\/\/www.institutodeengenharia.org.br\/site\/#website"},"primaryImageOfPage":{"@id":"https:\/\/www.institutodeengenharia.org.br\/site\/2013\/04\/03\/a-incrivel-bicicleta-eletrica-do-futuro-ncycle\/#primaryimage"},"image":{"@id":"https:\/\/www.institutodeengenharia.org.br\/site\/2013\/04\/03\/a-incrivel-bicicleta-eletrica-do-futuro-ncycle\/#primaryimage"},"thumbnailUrl":"https:\/\/www.institutodeengenharia.org.br\/site\/wp-content\/uploads\/2017\/10\/bike_1(4).jpg","datePublished":"2013-04-03T23:49:22+00:00","breadcrumb":{"@id":"https:\/\/www.institutodeengenharia.org.br\/site\/2013\/04\/03\/a-incrivel-bicicleta-eletrica-do-futuro-ncycle\/#breadcrumb"},"inLanguage":"pt-BR","potentialAction":[{"@type":"ReadAction","target":["https:\/\/www.institutodeengenharia.org.br\/site\/2013\/04\/03\/a-incrivel-bicicleta-eletrica-do-futuro-ncycle\/"]}]},{"@type":"ImageObject","inLanguage":"pt-BR","@id":"https:\/\/www.institutodeengenharia.org.br\/site\/2013\/04\/03\/a-incrivel-bicicleta-eletrica-do-futuro-ncycle\/#primaryimage","url":"https:\/\/www.institutodeengenharia.org.br\/site\/wp-content\/uploads\/2017\/10\/bike_1(4).jpg","contentUrl":"https:\/\/www.institutodeengenharia.org.br\/site\/wp-content\/uploads\/2017\/10\/bike_1(4).jpg","width":525,"height":321},{"@type":"BreadcrumbList","@id":"https:\/\/www.institutodeengenharia.org.br\/site\/2013\/04\/03\/a-incrivel-bicicleta-eletrica-do-futuro-ncycle\/#breadcrumb","itemListElement":[{"@type":"ListItem","position":1,"name":"In\u00edcio","item":"https:\/\/www.institutodeengenharia.org.br\/site\/"},{"@type":"ListItem","position":2,"name":"A incr\u00edvel bicicleta el\u00e9trica do futuro: nCycle"}]},{"@type":"WebSite","@id":"https:\/\/www.institutodeengenharia.org.br\/site\/#website","url":"https:\/\/www.institutodeengenharia.org.br\/site\/","name":"Instituto de Engenharia","description":"O Instituto de Engenharia promove a Engenharia em benef\u00edcio do desenvolvimento e da qualidade de vida da sociedade.","publisher":{"@id":"https:\/\/www.institutodeengenharia.org.br\/site\/#organization"},"potentialAction":[{"@type":"SearchAction","target":{"@type":"EntryPoint","urlTemplate":"https:\/\/www.institutodeengenharia.org.br\/site\/?s={search_term_string}"},"query-input":{"@type":"PropertyValueSpecification","valueRequired":true,"valueName":"search_term_string"}}],"inLanguage":"pt-BR"},{"@type":"Organization","@id":"https:\/\/www.institutodeengenharia.org.br\/site\/#organization","name":"Instituto de Engenharia","url":"https:\/\/www.institutodeengenharia.org.br\/site\/","logo":{"@type":"ImageObject","inLanguage":"pt-BR","@id":"https:\/\/www.institutodeengenharia.org.br\/site\/#\/schema\/logo\/image\/","url":"https:\/\/www.institutodeengenharia.org.br\/site\/wp-content\/uploads\/2019\/03\/logo-novo-IE2018-1.jpg","contentUrl":"https:\/\/www.institutodeengenharia.org.br\/site\/wp-content\/uploads\/2019\/03\/logo-novo-IE2018-1.jpg","width":1486,"height":1879,"caption":"Instituto de Engenharia"},"image":{"@id":"https:\/\/www.institutodeengenharia.org.br\/site\/#\/schema\/logo\/image\/"},"sameAs":["https:\/\/www.facebook.com\/institutodeengenharia","https:\/\/x.com\/iengenharia","https:\/\/www.instagram.com\/institutodeengenharia\/","https:\/\/www.linkedin.com\/company\/instituto-de-engenharia\/","https:\/\/www.youtube.com\/channel\/UCXiCAlsSMe977vamW915HxA"]},{"@type":"Person","@id":"https:\/\/www.institutodeengenharia.org.br\/site\/#\/schema\/person\/3b1ff109facef084739fc2edcb9a127f","name":"TMax Tecnologia","image":{"@type":"ImageObject","inLanguage":"pt-BR","@id":"https:\/\/secure.gravatar.com\/avatar\/f912434ef7f389c92cb311fcdae346af848465d638912574b3c669070f797701?s=96&d=mm&r=g","url":"https:\/\/secure.gravatar.com\/avatar\/f912434ef7f389c92cb311fcdae346af848465d638912574b3c669070f797701?s=96&d=mm&r=g","contentUrl":"https:\/\/secure.gravatar.com\/avatar\/f912434ef7f389c92cb311fcdae346af848465d638912574b3c669070f797701?s=96&d=mm&r=g","caption":"TMax Tecnologia"},"url":"https:\/\/www.institutodeengenharia.org.br\/site\/author\/tmax\/"}]}},"_links":{"self":[{"href":"https:\/\/www.institutodeengenharia.org.br\/site\/wp-json\/wp\/v2\/posts\/23262","targetHints":{"allow":["GET"]}}],"collection":[{"href":"https:\/\/www.institutodeengenharia.org.br\/site\/wp-json\/wp\/v2\/posts"}],"about":[{"href":"https:\/\/www.institutodeengenharia.org.br\/site\/wp-json\/wp\/v2\/types\/post"}],"author":[{"embeddable":true,"href":"https:\/\/www.institutodeengenharia.org.br\/site\/wp-json\/wp\/v2\/users\/1"}],"replies":[{"embeddable":true,"href":"https:\/\/www.institutodeengenharia.org.br\/site\/wp-json\/wp\/v2\/comments?post=23262"}],"version-history":[{"count":0,"href":"https:\/\/www.institutodeengenharia.org.br\/site\/wp-json\/wp\/v2\/posts\/23262\/revisions"}],"wp:featuredmedia":[{"embeddable":true,"href":"https:\/\/www.institutodeengenharia.org.br\/site\/wp-json\/wp\/v2\/media\/23263"}],"wp:attachment":[{"href":"https:\/\/www.institutodeengenharia.org.br\/site\/wp-json\/wp\/v2\/media?parent=23262"}],"wp:term":[{"taxonomy":"category","embeddable":true,"href":"https:\/\/www.institutodeengenharia.org.br\/site\/wp-json\/wp\/v2\/categories?post=23262"},{"taxonomy":"post_tag","embeddable":true,"href":"https:\/\/www.institutodeengenharia.org.br\/site\/wp-json\/wp\/v2\/tags?post=23262"}],"curies":[{"name":"wp","href":"https:\/\/api.w.org\/{rel}","templated":true}]}}