{"id":23254,"date":"2013-04-01T23:49:15","date_gmt":"2013-04-01T23:49:15","guid":{"rendered":"https:\/\/www.institutodeengenharia.org.br\/?p=23254"},"modified":"2013-04-01T13:58:53","modified_gmt":"2013-04-01T13:58:53","slug":"360-km-de-metro-em-sp-era-a-previsao-em-1968","status":"publish","type":"post","link":"https:\/\/www.institutodeengenharia.org.br\/site\/2013\/04\/01\/360-km-de-metro-em-sp-era-a-previsao-em-1968\/","title":{"rendered":"360 km de metr\u00f4 em SP. Era a previs\u00e3o em 1968"},"content":{"rendered":"<p>Uma linha amarela ligando a Esta\u00e7\u00e3o Jockey Club, na zona oeste, \u00e0 Via Anchieta, na sul, cruza com a linha vermelha, que vai da Esta\u00e7\u00e3o Casa Verde \u00e0 Vila Maria, ambas na zona norte. O projeto original do metr\u00f4 paulista, que est\u00e1 completando 45 anos, se parece s\u00f3 um pouco com o que virou realidade. A proposta indicava que S\u00e3o Paulo deveria ganhar 75 esta\u00e7\u00f5es, oito a mais do que as existentes hoje. <\/p>\n<p>O tra\u00e7ado da rede b\u00e1sica, entregue em 1968 \u00e0 gest\u00e3o do prefeito Jos\u00e9 Vicente Faria Lima (1965-1969) &#8211; \u00e0 \u00e9poca, a Companhia do Metropolitano pertencia ao governo municipal -, era composto por quatro linhas, denominadas conforme o tra\u00e7ado. <\/p>\n<p>Elaborado pelo cons\u00f3rcio alem\u00e3o HMD (das empresas Hochtief, Montreal Empreendimentos e Deconsult), o esquema era ousado, com ambi\u00e7\u00e3o de transformar a mobilidade em uma metr\u00f3pole que j\u00e1 sofria com os congestionamentos e a falta de um bom transporte coletivo. <\/p>\n<p>Visto hoje, o projeto pode ser interpretado como o &#8220;futuro do pret\u00e9rito&#8221; da rede metrovi\u00e1ria da capital, feito para uma cidade que acabou n\u00e3o acontecendo. Talvez, a pr\u00f3pria n\u00e3o concretiza\u00e7\u00e3o dessa cidade idealizada se deva, em parte, ao fato de que apenas algumas das proje\u00e7\u00f5es para o metr\u00f4 tenham sa\u00eddo do papel. A principal \u00e9 o que se chama atualmente de Linha 1-Azul, aberta em 1974, tr\u00eas anos ap\u00f3s a data prometida. <\/p>\n<p>No tempo de Faria Lima, at\u00e9 os prazos eram arrojados. Os estudos tinham como cen\u00e1rio e meta o ano de 1987. <\/p>\n<p>Pela proposta alem\u00e3, naquele ano, os paulistanos deveriam ter \u00e0 disposi\u00e7\u00e3o 66,2 quil\u00f4metros de metr\u00f4, uma extens\u00e3o que s\u00f3 seria atingida (pasmem) mais de duas d\u00e9cadas depois. <\/p>\n<p>Hoje, a rede metrovi\u00e1ria tem 74 quil\u00f4metros de comprimento, acanhada perto de cidades menores, como Londres (402 quil\u00f4metros) e Santiago do Chile (103 quil\u00f4metros). <\/p>\n<p>Cultura do carro. O ent\u00e3o prefeito foi ainda mais longe e, na introdu\u00e7\u00e3o que escreveu para o projeto original, afirmou que S\u00e3o Paulo precisaria de 360 quil\u00f4metros de linhas de metr\u00f4 em 1990. Mas por que os sucessivos governos do munic\u00edpio e, depois, do Estado falharam em seguir at\u00e9 mesmo o plano de 1968, entregando os ramais em um ritmo muito lento? <\/p>\n<p>De acordo com o Metr\u00f4, al\u00e9m da insufici\u00eancia de recursos, a cultura do autom\u00f3vel &#8220;refletiu-se diretamente, ent\u00e3o, no ritmo insatisfat\u00f3rio de metr\u00f4 para a dimens\u00e3o em que a metr\u00f3pole foi se transformando&#8221;. <\/p>\n<p>Por sua vez, o presidente da Associa\u00e7\u00e3o dos Engenheiros e Arquitetos de Metr\u00f4 (Aeamesp), Jos\u00e9 Geraldo Bai\u00e3o, avalia que a execu\u00e7\u00e3o foi estancada porque a fonte de dinheiro secou. &#8220;Depois de inaugurarmos a primeira linha em 1974, houve a crise do petr\u00f3leo. Foi um incentivo a mais para investir em transporte eletrificado, mas, ao mesmo tempo, tivemos problemas financeiros que ficaram mais latentes nas d\u00e9cadas de 1980 e 1990.&#8221; <\/p>\n<p>Em 1968, a cidade tinha 5,8 milh\u00f5es de habitantes. Hoje, s\u00e3o 11 milh\u00f5es de moradores. Muitos deles vivendo nos extremos da capital, que s\u00e3o carentes de metr\u00f4. <\/p>\n<p>A arquiteta e urbanista Lucila Lacreta, diretora do Movimento Defenda S\u00e3o Paulo, acredita que a capital seria melhor hoje se, em 1987, todo o projeto tivesse sido concretizado. <\/p>\n<p>&#8220;Provavelmente, teriam a capacidade de continuar planejando mais metr\u00f4 conforme o crescimento da cidade.&#8221; Para ela, o curso da administra\u00e7\u00e3o p\u00fablica na \u00e9poca da ditadura militar seguiu pelo caminho errado, apostando no modelo rodovi\u00e1rio. <\/p>\n<p>Fantasmas. A maior das linhas do projeto inicial era a que ligaria o Jockey \u00e0 Via Anchieta, com 23,8 quil\u00f4metros e 26 esta\u00e7\u00f5es. A mais parecida com as de hoje, a Santana-Jabaquara, teria 21 quil\u00f4metros, 23 esta\u00e7\u00f5es e um ramal at\u00e9 Moema, na zona sul, parcialmente constru\u00eddo a partir da Esta\u00e7\u00e3o Para\u00edso. <\/p>\n<p>Na atual Esta\u00e7\u00e3o Pedro II \u00e9 poss\u00edvel ver outra constru\u00e7\u00e3o fantasma: a plataforma do que seria a parada do ramal Pedro II-Vila Bertioga, na zona leste. <\/p>\n<p>O atual governo do Estado promete &#8220;a maior amplia\u00e7\u00e3o de metr\u00f4&#8221; da hist\u00f3ria paulistana, com quatro linhas em obras (extens\u00f5es da 4-Amarela e da 5-Lil\u00e1s e constru\u00e7\u00e3o da 15-Prata e 17-Ouro).<\/p>\n<p><b>Autor: Revista Ferrovi\u00e1ria<\/b><\/p>\n","protected":false},"excerpt":{"rendered":"<p>Uma linha amarela ligando a Esta\u00e7\u00e3o Jockey Club, na zona oeste, \u00e0 Via Anchieta, na sul, cruza com a linha vermelha, que vai da Esta\u00e7\u00e3o Casa Verde \u00e0 Vila Maria, ambas na zona norte. O projeto original do metr\u00f4 paulista, que est\u00e1 completando 45 anos, se parece s\u00f3 um pouco com o que virou realidade. [&hellip;]<\/p>\n","protected":false},"author":1,"featured_media":0,"comment_status":"open","ping_status":"open","sticky":false,"template":"","format":"standard","meta":{"footnotes":""},"categories":[6,41],"tags":[],"class_list":{"0":"post-23254","1":"post","2":"type-post","3":"status-publish","4":"format-standard","6":"category-noticias","7":"category-transportes"},"yoast_head":"<!-- This site is optimized with the Yoast SEO plugin v27.2 - https:\/\/yoast.com\/product\/yoast-seo-wordpress\/ -->\n<title>360 km de metr\u00f4 em SP. Era a previs\u00e3o em 1968 - Instituto de Engenharia<\/title>\n<meta name=\"robots\" content=\"index, follow, max-snippet:-1, max-image-preview:large, max-video-preview:-1\" \/>\n<link rel=\"canonical\" href=\"https:\/\/www.institutodeengenharia.org.br\/site\/2013\/04\/01\/360-km-de-metro-em-sp-era-a-previsao-em-1968\/\" \/>\n<meta property=\"og:locale\" content=\"pt_BR\" \/>\n<meta property=\"og:type\" content=\"article\" \/>\n<meta property=\"og:title\" content=\"360 km de metr\u00f4 em SP. Era a previs\u00e3o em 1968 - Instituto de Engenharia\" \/>\n<meta property=\"og:description\" content=\"Uma linha amarela ligando a Esta\u00e7\u00e3o Jockey Club, na zona oeste, \u00e0 Via Anchieta, na sul, cruza com a linha vermelha, que vai da Esta\u00e7\u00e3o Casa Verde \u00e0 Vila Maria, ambas na zona norte. O projeto original do metr\u00f4 paulista, que est\u00e1 completando 45 anos, se parece s\u00f3 um pouco com o que virou realidade. [&hellip;]\" \/>\n<meta property=\"og:url\" content=\"https:\/\/www.institutodeengenharia.org.br\/site\/2013\/04\/01\/360-km-de-metro-em-sp-era-a-previsao-em-1968\/\" \/>\n<meta property=\"og:site_name\" content=\"Instituto de Engenharia\" \/>\n<meta property=\"article:publisher\" content=\"https:\/\/www.facebook.com\/institutodeengenharia\" \/>\n<meta property=\"article:published_time\" content=\"2013-04-01T23:49:15+00:00\" \/>\n<meta name=\"author\" content=\"TMax Tecnologia\" \/>\n<meta name=\"twitter:card\" content=\"summary_large_image\" \/>\n<meta name=\"twitter:creator\" content=\"@iengenharia\" \/>\n<meta name=\"twitter:site\" content=\"@iengenharia\" \/>\n<meta name=\"twitter:label1\" content=\"Escrito por\" \/>\n\t<meta name=\"twitter:data1\" content=\"TMax Tecnologia\" \/>\n\t<meta name=\"twitter:label2\" content=\"Est. tempo de leitura\" \/>\n\t<meta name=\"twitter:data2\" content=\"3 minutos\" \/>\n<script type=\"application\/ld+json\" class=\"yoast-schema-graph\">{\"@context\":\"https:\/\/schema.org\",\"@graph\":[{\"@type\":\"Article\",\"@id\":\"https:\/\/www.institutodeengenharia.org.br\/site\/2013\/04\/01\/360-km-de-metro-em-sp-era-a-previsao-em-1968\/#article\",\"isPartOf\":{\"@id\":\"https:\/\/www.institutodeengenharia.org.br\/site\/2013\/04\/01\/360-km-de-metro-em-sp-era-a-previsao-em-1968\/\"},\"author\":{\"name\":\"TMax Tecnologia\",\"@id\":\"https:\/\/www.institutodeengenharia.org.br\/site\/#\/schema\/person\/3b1ff109facef084739fc2edcb9a127f\"},\"headline\":\"360 km de metr\u00f4 em SP. Era a previs\u00e3o em 1968\",\"datePublished\":\"2013-04-01T23:49:15+00:00\",\"mainEntityOfPage\":{\"@id\":\"https:\/\/www.institutodeengenharia.org.br\/site\/2013\/04\/01\/360-km-de-metro-em-sp-era-a-previsao-em-1968\/\"},\"wordCount\":709,\"commentCount\":0,\"publisher\":{\"@id\":\"https:\/\/www.institutodeengenharia.org.br\/site\/#organization\"},\"articleSection\":[\"Not\u00edcias\",\"Transportes\"],\"inLanguage\":\"pt-BR\",\"potentialAction\":[{\"@type\":\"CommentAction\",\"name\":\"Comment\",\"target\":[\"https:\/\/www.institutodeengenharia.org.br\/site\/2013\/04\/01\/360-km-de-metro-em-sp-era-a-previsao-em-1968\/#respond\"]}]},{\"@type\":\"WebPage\",\"@id\":\"https:\/\/www.institutodeengenharia.org.br\/site\/2013\/04\/01\/360-km-de-metro-em-sp-era-a-previsao-em-1968\/\",\"url\":\"https:\/\/www.institutodeengenharia.org.br\/site\/2013\/04\/01\/360-km-de-metro-em-sp-era-a-previsao-em-1968\/\",\"name\":\"360 km de metr\u00f4 em SP. Era a previs\u00e3o em 1968 - Instituto de Engenharia\",\"isPartOf\":{\"@id\":\"https:\/\/www.institutodeengenharia.org.br\/site\/#website\"},\"datePublished\":\"2013-04-01T23:49:15+00:00\",\"breadcrumb\":{\"@id\":\"https:\/\/www.institutodeengenharia.org.br\/site\/2013\/04\/01\/360-km-de-metro-em-sp-era-a-previsao-em-1968\/#breadcrumb\"},\"inLanguage\":\"pt-BR\",\"potentialAction\":[{\"@type\":\"ReadAction\",\"target\":[\"https:\/\/www.institutodeengenharia.org.br\/site\/2013\/04\/01\/360-km-de-metro-em-sp-era-a-previsao-em-1968\/\"]}]},{\"@type\":\"BreadcrumbList\",\"@id\":\"https:\/\/www.institutodeengenharia.org.br\/site\/2013\/04\/01\/360-km-de-metro-em-sp-era-a-previsao-em-1968\/#breadcrumb\",\"itemListElement\":[{\"@type\":\"ListItem\",\"position\":1,\"name\":\"In\u00edcio\",\"item\":\"https:\/\/www.institutodeengenharia.org.br\/site\/\"},{\"@type\":\"ListItem\",\"position\":2,\"name\":\"360 km de metr\u00f4 em SP. Era a previs\u00e3o em 1968\"}]},{\"@type\":\"WebSite\",\"@id\":\"https:\/\/www.institutodeengenharia.org.br\/site\/#website\",\"url\":\"https:\/\/www.institutodeengenharia.org.br\/site\/\",\"name\":\"Instituto de Engenharia\",\"description\":\"O Instituto de Engenharia promove a Engenharia em benef\u00edcio do desenvolvimento e da qualidade de vida da sociedade.\",\"publisher\":{\"@id\":\"https:\/\/www.institutodeengenharia.org.br\/site\/#organization\"},\"potentialAction\":[{\"@type\":\"SearchAction\",\"target\":{\"@type\":\"EntryPoint\",\"urlTemplate\":\"https:\/\/www.institutodeengenharia.org.br\/site\/?s={search_term_string}\"},\"query-input\":{\"@type\":\"PropertyValueSpecification\",\"valueRequired\":true,\"valueName\":\"search_term_string\"}}],\"inLanguage\":\"pt-BR\"},{\"@type\":\"Organization\",\"@id\":\"https:\/\/www.institutodeengenharia.org.br\/site\/#organization\",\"name\":\"Instituto de Engenharia\",\"url\":\"https:\/\/www.institutodeengenharia.org.br\/site\/\",\"logo\":{\"@type\":\"ImageObject\",\"inLanguage\":\"pt-BR\",\"@id\":\"https:\/\/www.institutodeengenharia.org.br\/site\/#\/schema\/logo\/image\/\",\"url\":\"https:\/\/www.institutodeengenharia.org.br\/site\/wp-content\/uploads\/2019\/03\/logo-novo-IE2018-1.jpg\",\"contentUrl\":\"https:\/\/www.institutodeengenharia.org.br\/site\/wp-content\/uploads\/2019\/03\/logo-novo-IE2018-1.jpg\",\"width\":1486,\"height\":1879,\"caption\":\"Instituto de Engenharia\"},\"image\":{\"@id\":\"https:\/\/www.institutodeengenharia.org.br\/site\/#\/schema\/logo\/image\/\"},\"sameAs\":[\"https:\/\/www.facebook.com\/institutodeengenharia\",\"https:\/\/x.com\/iengenharia\",\"https:\/\/www.instagram.com\/institutodeengenharia\/\",\"https:\/\/www.linkedin.com\/company\/instituto-de-engenharia\/\",\"https:\/\/www.youtube.com\/channel\/UCXiCAlsSMe977vamW915HxA\"]},{\"@type\":\"Person\",\"@id\":\"https:\/\/www.institutodeengenharia.org.br\/site\/#\/schema\/person\/3b1ff109facef084739fc2edcb9a127f\",\"name\":\"TMax Tecnologia\",\"image\":{\"@type\":\"ImageObject\",\"inLanguage\":\"pt-BR\",\"@id\":\"https:\/\/secure.gravatar.com\/avatar\/f912434ef7f389c92cb311fcdae346af848465d638912574b3c669070f797701?s=96&d=mm&r=g\",\"url\":\"https:\/\/secure.gravatar.com\/avatar\/f912434ef7f389c92cb311fcdae346af848465d638912574b3c669070f797701?s=96&d=mm&r=g\",\"contentUrl\":\"https:\/\/secure.gravatar.com\/avatar\/f912434ef7f389c92cb311fcdae346af848465d638912574b3c669070f797701?s=96&d=mm&r=g\",\"caption\":\"TMax Tecnologia\"},\"url\":\"https:\/\/www.institutodeengenharia.org.br\/site\/author\/tmax\/\"}]}<\/script>\n<!-- \/ Yoast SEO plugin. -->","yoast_head_json":{"title":"360 km de metr\u00f4 em SP. Era a previs\u00e3o em 1968 - Instituto de Engenharia","robots":{"index":"index","follow":"follow","max-snippet":"max-snippet:-1","max-image-preview":"max-image-preview:large","max-video-preview":"max-video-preview:-1"},"canonical":"https:\/\/www.institutodeengenharia.org.br\/site\/2013\/04\/01\/360-km-de-metro-em-sp-era-a-previsao-em-1968\/","og_locale":"pt_BR","og_type":"article","og_title":"360 km de metr\u00f4 em SP. Era a previs\u00e3o em 1968 - Instituto de Engenharia","og_description":"Uma linha amarela ligando a Esta\u00e7\u00e3o Jockey Club, na zona oeste, \u00e0 Via Anchieta, na sul, cruza com a linha vermelha, que vai da Esta\u00e7\u00e3o Casa Verde \u00e0 Vila Maria, ambas na zona norte. O projeto original do metr\u00f4 paulista, que est\u00e1 completando 45 anos, se parece s\u00f3 um pouco com o que virou realidade. [&hellip;]","og_url":"https:\/\/www.institutodeengenharia.org.br\/site\/2013\/04\/01\/360-km-de-metro-em-sp-era-a-previsao-em-1968\/","og_site_name":"Instituto de Engenharia","article_publisher":"https:\/\/www.facebook.com\/institutodeengenharia","article_published_time":"2013-04-01T23:49:15+00:00","author":"TMax Tecnologia","twitter_card":"summary_large_image","twitter_creator":"@iengenharia","twitter_site":"@iengenharia","twitter_misc":{"Escrito por":"TMax Tecnologia","Est. tempo de leitura":"3 minutos"},"schema":{"@context":"https:\/\/schema.org","@graph":[{"@type":"Article","@id":"https:\/\/www.institutodeengenharia.org.br\/site\/2013\/04\/01\/360-km-de-metro-em-sp-era-a-previsao-em-1968\/#article","isPartOf":{"@id":"https:\/\/www.institutodeengenharia.org.br\/site\/2013\/04\/01\/360-km-de-metro-em-sp-era-a-previsao-em-1968\/"},"author":{"name":"TMax Tecnologia","@id":"https:\/\/www.institutodeengenharia.org.br\/site\/#\/schema\/person\/3b1ff109facef084739fc2edcb9a127f"},"headline":"360 km de metr\u00f4 em SP. Era a previs\u00e3o em 1968","datePublished":"2013-04-01T23:49:15+00:00","mainEntityOfPage":{"@id":"https:\/\/www.institutodeengenharia.org.br\/site\/2013\/04\/01\/360-km-de-metro-em-sp-era-a-previsao-em-1968\/"},"wordCount":709,"commentCount":0,"publisher":{"@id":"https:\/\/www.institutodeengenharia.org.br\/site\/#organization"},"articleSection":["Not\u00edcias","Transportes"],"inLanguage":"pt-BR","potentialAction":[{"@type":"CommentAction","name":"Comment","target":["https:\/\/www.institutodeengenharia.org.br\/site\/2013\/04\/01\/360-km-de-metro-em-sp-era-a-previsao-em-1968\/#respond"]}]},{"@type":"WebPage","@id":"https:\/\/www.institutodeengenharia.org.br\/site\/2013\/04\/01\/360-km-de-metro-em-sp-era-a-previsao-em-1968\/","url":"https:\/\/www.institutodeengenharia.org.br\/site\/2013\/04\/01\/360-km-de-metro-em-sp-era-a-previsao-em-1968\/","name":"360 km de metr\u00f4 em SP. Era a previs\u00e3o em 1968 - Instituto de Engenharia","isPartOf":{"@id":"https:\/\/www.institutodeengenharia.org.br\/site\/#website"},"datePublished":"2013-04-01T23:49:15+00:00","breadcrumb":{"@id":"https:\/\/www.institutodeengenharia.org.br\/site\/2013\/04\/01\/360-km-de-metro-em-sp-era-a-previsao-em-1968\/#breadcrumb"},"inLanguage":"pt-BR","potentialAction":[{"@type":"ReadAction","target":["https:\/\/www.institutodeengenharia.org.br\/site\/2013\/04\/01\/360-km-de-metro-em-sp-era-a-previsao-em-1968\/"]}]},{"@type":"BreadcrumbList","@id":"https:\/\/www.institutodeengenharia.org.br\/site\/2013\/04\/01\/360-km-de-metro-em-sp-era-a-previsao-em-1968\/#breadcrumb","itemListElement":[{"@type":"ListItem","position":1,"name":"In\u00edcio","item":"https:\/\/www.institutodeengenharia.org.br\/site\/"},{"@type":"ListItem","position":2,"name":"360 km de metr\u00f4 em SP. Era a previs\u00e3o em 1968"}]},{"@type":"WebSite","@id":"https:\/\/www.institutodeengenharia.org.br\/site\/#website","url":"https:\/\/www.institutodeengenharia.org.br\/site\/","name":"Instituto de Engenharia","description":"O Instituto de Engenharia promove a Engenharia em benef\u00edcio do desenvolvimento e da qualidade de vida da sociedade.","publisher":{"@id":"https:\/\/www.institutodeengenharia.org.br\/site\/#organization"},"potentialAction":[{"@type":"SearchAction","target":{"@type":"EntryPoint","urlTemplate":"https:\/\/www.institutodeengenharia.org.br\/site\/?s={search_term_string}"},"query-input":{"@type":"PropertyValueSpecification","valueRequired":true,"valueName":"search_term_string"}}],"inLanguage":"pt-BR"},{"@type":"Organization","@id":"https:\/\/www.institutodeengenharia.org.br\/site\/#organization","name":"Instituto de Engenharia","url":"https:\/\/www.institutodeengenharia.org.br\/site\/","logo":{"@type":"ImageObject","inLanguage":"pt-BR","@id":"https:\/\/www.institutodeengenharia.org.br\/site\/#\/schema\/logo\/image\/","url":"https:\/\/www.institutodeengenharia.org.br\/site\/wp-content\/uploads\/2019\/03\/logo-novo-IE2018-1.jpg","contentUrl":"https:\/\/www.institutodeengenharia.org.br\/site\/wp-content\/uploads\/2019\/03\/logo-novo-IE2018-1.jpg","width":1486,"height":1879,"caption":"Instituto de Engenharia"},"image":{"@id":"https:\/\/www.institutodeengenharia.org.br\/site\/#\/schema\/logo\/image\/"},"sameAs":["https:\/\/www.facebook.com\/institutodeengenharia","https:\/\/x.com\/iengenharia","https:\/\/www.instagram.com\/institutodeengenharia\/","https:\/\/www.linkedin.com\/company\/instituto-de-engenharia\/","https:\/\/www.youtube.com\/channel\/UCXiCAlsSMe977vamW915HxA"]},{"@type":"Person","@id":"https:\/\/www.institutodeengenharia.org.br\/site\/#\/schema\/person\/3b1ff109facef084739fc2edcb9a127f","name":"TMax Tecnologia","image":{"@type":"ImageObject","inLanguage":"pt-BR","@id":"https:\/\/secure.gravatar.com\/avatar\/f912434ef7f389c92cb311fcdae346af848465d638912574b3c669070f797701?s=96&d=mm&r=g","url":"https:\/\/secure.gravatar.com\/avatar\/f912434ef7f389c92cb311fcdae346af848465d638912574b3c669070f797701?s=96&d=mm&r=g","contentUrl":"https:\/\/secure.gravatar.com\/avatar\/f912434ef7f389c92cb311fcdae346af848465d638912574b3c669070f797701?s=96&d=mm&r=g","caption":"TMax Tecnologia"},"url":"https:\/\/www.institutodeengenharia.org.br\/site\/author\/tmax\/"}]}},"_links":{"self":[{"href":"https:\/\/www.institutodeengenharia.org.br\/site\/wp-json\/wp\/v2\/posts\/23254","targetHints":{"allow":["GET"]}}],"collection":[{"href":"https:\/\/www.institutodeengenharia.org.br\/site\/wp-json\/wp\/v2\/posts"}],"about":[{"href":"https:\/\/www.institutodeengenharia.org.br\/site\/wp-json\/wp\/v2\/types\/post"}],"author":[{"embeddable":true,"href":"https:\/\/www.institutodeengenharia.org.br\/site\/wp-json\/wp\/v2\/users\/1"}],"replies":[{"embeddable":true,"href":"https:\/\/www.institutodeengenharia.org.br\/site\/wp-json\/wp\/v2\/comments?post=23254"}],"version-history":[{"count":0,"href":"https:\/\/www.institutodeengenharia.org.br\/site\/wp-json\/wp\/v2\/posts\/23254\/revisions"}],"wp:attachment":[{"href":"https:\/\/www.institutodeengenharia.org.br\/site\/wp-json\/wp\/v2\/media?parent=23254"}],"wp:term":[{"taxonomy":"category","embeddable":true,"href":"https:\/\/www.institutodeengenharia.org.br\/site\/wp-json\/wp\/v2\/categories?post=23254"},{"taxonomy":"post_tag","embeddable":true,"href":"https:\/\/www.institutodeengenharia.org.br\/site\/wp-json\/wp\/v2\/tags?post=23254"}],"curies":[{"name":"wp","href":"https:\/\/api.w.org\/{rel}","templated":true}]}}