{"id":23253,"date":"2013-04-01T23:49:14","date_gmt":"2013-04-01T23:49:14","guid":{"rendered":"https:\/\/www.institutodeengenharia.org.br\/?p=23253"},"modified":"2013-04-01T10:35:03","modified_gmt":"2013-04-01T10:35:03","slug":"exposicao-na-alemanha-traz-casa-aquario-que-gera-biomassa","status":"publish","type":"post","link":"https:\/\/www.institutodeengenharia.org.br\/site\/2013\/04\/01\/exposicao-na-alemanha-traz-casa-aquario-que-gera-biomassa\/","title":{"rendered":"Exposi\u00e7\u00e3o na Alemanha traz casa aqu\u00e1rio que gera biomassa"},"content":{"rendered":"<p>As paredes da casa funcionam como fazendas de cria\u00e7\u00e3o de algas. Ao todo 129 placas com \u00e1gua nas paredes externas sudeste e sudoeste da casa aproveitam a exposi\u00e7\u00e3o \u00e0 luz do sol e recebem continuamente nutrientes l\u00edquidos e CO2 para que as microalgas possam se desenvolver.<\/p>\n<p>Quando atingem um certo tamanho, elas s\u00e3o retiradas e repassadas para uma usina de biog\u00e1s, fora do pr\u00e9dio, onde ser\u00e3o fermentadas para a cria\u00e7\u00e3o de g\u00e1s biol\u00f3gico. As algas s\u00e3o capazes de produzir at\u00e9 cinco vezes mais energia por hectare do que plantas terrestres.&nbsp;<\/p>\n<p>Al\u00e9m disso, os raios de sol aquecem a \u00e1gua contida nas placas, como em uma unidade solar t\u00e9rmica convencional. Este calor pode ser usado imediatamente na casa, ou acumulado em um conjunto de tubula\u00e7\u00f5es e reservat\u00f3rios, localizados a 80 metros de profundidade. Desta maneira, \u00e9 poss\u00edvel armazenar o calor de forma mais eficiente e aproveitar uma outra forma de energia, a geot\u00e9rmica.&nbsp;<\/p>\n<p>Chamada de BIQ, a &#8220;casa aqu\u00e1rio&#8221;, de quatro andares custou 3,4 milh\u00f5es de euros (R$ 8,8 milh\u00f5es) e \u00e9 uma boa s\u00edntese deste tipo de inova\u00e7\u00e3o. Constru\u00edda por uma parceria entre a construtora Otto Wulff e a Strategic Science Consult Hamburg (SSC), o pr\u00e9dio faz uso das energias solar, geot\u00e9rmica e de biomassa. <br \/>\nOs construtores estimam que o edif\u00edcio seja capaz de gerar 42 KWh por ano.&nbsp;<\/p>\n<p>Prot\u00f3tipo <br \/>\nA casa em Hamburgo est\u00e1 em um quarteir\u00e3o com v\u00e1rios prot\u00f3tipos e faz parte da IBA, International Bauaustellung, uma exposi\u00e7\u00e3o internacional de constru\u00e7\u00f5es modernas, que fica em cartaz at\u00e9 novembro deste ano.&nbsp;<\/p>\n<p>O prefeito de Hamburgo, Olaf Scholz, disse \u00e0 BBC Brasil que o quarteir\u00e3o foi desenvolvido &#8220;com as mais modernas e futur\u00edsticas tecnologias que podemos utilizar para moradias, com materiais inovadores e tipos de energia renov\u00e1veis&#8221;.&nbsp;<\/p>\n<p>Martin Kerner da SSC participou da pesquisa que envolveu universidades e empresas alem\u00e3es dentro do projeto TERM (na tradu\u00e7\u00e3o livre, Tecnologias para o desenvolvimento do recurso Microalga) e garantiu que se trata da primeira constru\u00e7\u00e3o deste tipo.&nbsp;<\/p>\n<p>&#8220;Espero que n\u00f3s sejamos bem-sucedidos e que esta tecnologia contribua para gerar cada vez mais uma biomassa valiosa e de maneira eficiente dentro das cidades&#8221;, declarou.<\/p>\n<p>Pr\u00e9dio que muda de cor<\/p>\n<p>Uma outra curiosidade \u00e9 que a fachada composta por aqu\u00e1rios muda de tonalidade de acordo com a quantidade de microalgas que fazem a fotoss\u00edntese. &#8220;A produ\u00e7\u00e3o de energia renov\u00e1vel no BIQ n\u00e3o \u00e9 uma central de energia que opera escondida no centro da constru\u00e7\u00e3o, em segredo, mas \u00e9 um elemento vis\u00edvel do design e uma parte expl\u00edcita do conceito arquitet\u00f4nico&#8221;, conta o gerente comercial da IBA, Uli Hellweg.&nbsp;<\/p>\n<p>As placas de \u00e1gua tamb\u00e9m tem uma fun\u00e7\u00e3o importante de controlar a entrada de luminosidade nos 15 apartamentos, que tem tamanhos variados, de 50 a 120 m\u00b2.&nbsp;<\/p>\n<p>O grande problema da tecnologia \u00e9 que sem sol, n\u00e3o se gera energia, mas al\u00e9m dos pain\u00e9is, o edif\u00edcio conta ainda com uma rede de tubula\u00e7\u00f5es e reservat\u00f3rios que chegam at\u00e9 os 80 metros de profundidade para aproveitar a energia geot\u00e9rmica.&nbsp;<\/p>\n<p>O diretor da construtora Stefan Wulff conta que o processo de constru\u00e7\u00e3o n\u00e3o foi f\u00e1cil. &#8220;Construir uma bio-fachada foi um grande desafio e muitas vezes foi necess\u00e1rio uma vis\u00e3o ampla e muita paci\u00eancia&#8221;, comentou.&nbsp;<\/p>\n<p>Quarteir\u00e3o do futuro&nbsp;<\/p>\n<p>Logo ao lado da BIQ est\u00e1 uma casa que tem um telhado de tecido, que gira de forma acompanhar o sol e maximiza, assim, a capta\u00e7\u00e3o de luminosidade nas placas capazes de usar a energia solar. <br \/>\nCada pr\u00e9dio vizinho tem uma ideia inovadora, mesmo que ela parece antiga. A madeira, por exemplo, foi um dos destaques deste projeto, sendo usada em v\u00e1rios edif\u00edcios, principalmente por ser um isolante t\u00e9rmico mais eficaz do que o concreto ou o metal usado geralmente em fachadas.&nbsp;<\/p>\n<p>No pr\u00e9dio chamado de &#8220;cubo de madeira&#8221;, as paredes externas s\u00e3o formadas por um sandu\u00edche feito de v\u00e1rias camadas de madeira e montados sem nenhum tipo de prego. Ao inv\u00e9s disto, pinos, tamb\u00e9m vegetais, foram usados para fixar a estrutura, que assim se tornou completamente recicl\u00e1vel<\/p>\n<p><b>Autor: BBC<\/b><\/p>\n","protected":false},"excerpt":{"rendered":"<p>A casa n\u00famero 17 de Inselpark em Hamburgo chama a aten\u00e7\u00e3o de quem passa pelo local por se assemelhar a um aqu\u00e1rio. As paredes, formadas por placas com \u00e1gua e bolhas, fazem parte de um inovador conceito de casa autossustent\u00e1vel: a casa que gera sua pr\u00f3pria biomassa.<\/p>\n","protected":false},"author":1,"featured_media":0,"comment_status":"open","ping_status":"open","sticky":false,"template":"","format":"standard","meta":{"footnotes":""},"categories":[31,6],"tags":[],"class_list":{"0":"post-23253","1":"post","2":"type-post","3":"status-publish","4":"format-standard","6":"category-meio-ambiente","7":"category-noticias"},"yoast_head":"<!-- This site is optimized with the Yoast SEO plugin v27.2 - https:\/\/yoast.com\/product\/yoast-seo-wordpress\/ -->\n<title>Exposi\u00e7\u00e3o na Alemanha traz casa aqu\u00e1rio que gera biomassa - Instituto de Engenharia<\/title>\n<meta name=\"robots\" content=\"index, follow, max-snippet:-1, max-image-preview:large, max-video-preview:-1\" \/>\n<link rel=\"canonical\" href=\"https:\/\/www.institutodeengenharia.org.br\/site\/2013\/04\/01\/exposicao-na-alemanha-traz-casa-aquario-que-gera-biomassa\/\" \/>\n<meta property=\"og:locale\" content=\"pt_BR\" \/>\n<meta property=\"og:type\" content=\"article\" \/>\n<meta property=\"og:title\" content=\"Exposi\u00e7\u00e3o na Alemanha traz casa aqu\u00e1rio que gera biomassa - Instituto de Engenharia\" \/>\n<meta property=\"og:description\" content=\"A casa n\u00famero 17 de Inselpark em Hamburgo chama a aten\u00e7\u00e3o de quem passa pelo local por se assemelhar a um aqu\u00e1rio. As paredes, formadas por placas com \u00e1gua e bolhas, fazem parte de um inovador conceito de casa autossustent\u00e1vel: a casa que gera sua pr\u00f3pria biomassa.\" \/>\n<meta property=\"og:url\" content=\"https:\/\/www.institutodeengenharia.org.br\/site\/2013\/04\/01\/exposicao-na-alemanha-traz-casa-aquario-que-gera-biomassa\/\" \/>\n<meta property=\"og:site_name\" content=\"Instituto de Engenharia\" \/>\n<meta property=\"article:publisher\" content=\"https:\/\/www.facebook.com\/institutodeengenharia\" \/>\n<meta property=\"article:published_time\" content=\"2013-04-01T23:49:14+00:00\" \/>\n<meta name=\"author\" content=\"TMax Tecnologia\" \/>\n<meta name=\"twitter:card\" content=\"summary_large_image\" \/>\n<meta name=\"twitter:creator\" content=\"@iengenharia\" \/>\n<meta name=\"twitter:site\" content=\"@iengenharia\" \/>\n<meta name=\"twitter:label1\" content=\"Escrito por\" \/>\n\t<meta name=\"twitter:data1\" content=\"TMax Tecnologia\" \/>\n\t<meta name=\"twitter:label2\" content=\"Est. tempo de leitura\" \/>\n\t<meta name=\"twitter:data2\" content=\"4 minutos\" \/>\n<script type=\"application\/ld+json\" class=\"yoast-schema-graph\">{\"@context\":\"https:\/\/schema.org\",\"@graph\":[{\"@type\":\"Article\",\"@id\":\"https:\/\/www.institutodeengenharia.org.br\/site\/2013\/04\/01\/exposicao-na-alemanha-traz-casa-aquario-que-gera-biomassa\/#article\",\"isPartOf\":{\"@id\":\"https:\/\/www.institutodeengenharia.org.br\/site\/2013\/04\/01\/exposicao-na-alemanha-traz-casa-aquario-que-gera-biomassa\/\"},\"author\":{\"name\":\"TMax Tecnologia\",\"@id\":\"https:\/\/www.institutodeengenharia.org.br\/site\/#\/schema\/person\/3b1ff109facef084739fc2edcb9a127f\"},\"headline\":\"Exposi\u00e7\u00e3o na Alemanha traz casa aqu\u00e1rio que gera biomassa\",\"datePublished\":\"2013-04-01T23:49:14+00:00\",\"mainEntityOfPage\":{\"@id\":\"https:\/\/www.institutodeengenharia.org.br\/site\/2013\/04\/01\/exposicao-na-alemanha-traz-casa-aquario-que-gera-biomassa\/\"},\"wordCount\":741,\"commentCount\":0,\"publisher\":{\"@id\":\"https:\/\/www.institutodeengenharia.org.br\/site\/#organization\"},\"articleSection\":[\"Meio Ambiente\",\"Not\u00edcias\"],\"inLanguage\":\"pt-BR\",\"potentialAction\":[{\"@type\":\"CommentAction\",\"name\":\"Comment\",\"target\":[\"https:\/\/www.institutodeengenharia.org.br\/site\/2013\/04\/01\/exposicao-na-alemanha-traz-casa-aquario-que-gera-biomassa\/#respond\"]}]},{\"@type\":\"WebPage\",\"@id\":\"https:\/\/www.institutodeengenharia.org.br\/site\/2013\/04\/01\/exposicao-na-alemanha-traz-casa-aquario-que-gera-biomassa\/\",\"url\":\"https:\/\/www.institutodeengenharia.org.br\/site\/2013\/04\/01\/exposicao-na-alemanha-traz-casa-aquario-que-gera-biomassa\/\",\"name\":\"Exposi\u00e7\u00e3o na Alemanha traz casa aqu\u00e1rio que gera biomassa - Instituto de Engenharia\",\"isPartOf\":{\"@id\":\"https:\/\/www.institutodeengenharia.org.br\/site\/#website\"},\"datePublished\":\"2013-04-01T23:49:14+00:00\",\"breadcrumb\":{\"@id\":\"https:\/\/www.institutodeengenharia.org.br\/site\/2013\/04\/01\/exposicao-na-alemanha-traz-casa-aquario-que-gera-biomassa\/#breadcrumb\"},\"inLanguage\":\"pt-BR\",\"potentialAction\":[{\"@type\":\"ReadAction\",\"target\":[\"https:\/\/www.institutodeengenharia.org.br\/site\/2013\/04\/01\/exposicao-na-alemanha-traz-casa-aquario-que-gera-biomassa\/\"]}]},{\"@type\":\"BreadcrumbList\",\"@id\":\"https:\/\/www.institutodeengenharia.org.br\/site\/2013\/04\/01\/exposicao-na-alemanha-traz-casa-aquario-que-gera-biomassa\/#breadcrumb\",\"itemListElement\":[{\"@type\":\"ListItem\",\"position\":1,\"name\":\"In\u00edcio\",\"item\":\"https:\/\/www.institutodeengenharia.org.br\/site\/\"},{\"@type\":\"ListItem\",\"position\":2,\"name\":\"Exposi\u00e7\u00e3o na Alemanha traz casa aqu\u00e1rio que gera biomassa\"}]},{\"@type\":\"WebSite\",\"@id\":\"https:\/\/www.institutodeengenharia.org.br\/site\/#website\",\"url\":\"https:\/\/www.institutodeengenharia.org.br\/site\/\",\"name\":\"Instituto de Engenharia\",\"description\":\"O Instituto de Engenharia promove a Engenharia em benef\u00edcio do desenvolvimento e da qualidade de vida da sociedade.\",\"publisher\":{\"@id\":\"https:\/\/www.institutodeengenharia.org.br\/site\/#organization\"},\"potentialAction\":[{\"@type\":\"SearchAction\",\"target\":{\"@type\":\"EntryPoint\",\"urlTemplate\":\"https:\/\/www.institutodeengenharia.org.br\/site\/?s={search_term_string}\"},\"query-input\":{\"@type\":\"PropertyValueSpecification\",\"valueRequired\":true,\"valueName\":\"search_term_string\"}}],\"inLanguage\":\"pt-BR\"},{\"@type\":\"Organization\",\"@id\":\"https:\/\/www.institutodeengenharia.org.br\/site\/#organization\",\"name\":\"Instituto de Engenharia\",\"url\":\"https:\/\/www.institutodeengenharia.org.br\/site\/\",\"logo\":{\"@type\":\"ImageObject\",\"inLanguage\":\"pt-BR\",\"@id\":\"https:\/\/www.institutodeengenharia.org.br\/site\/#\/schema\/logo\/image\/\",\"url\":\"https:\/\/www.institutodeengenharia.org.br\/site\/wp-content\/uploads\/2019\/03\/logo-novo-IE2018-1.jpg\",\"contentUrl\":\"https:\/\/www.institutodeengenharia.org.br\/site\/wp-content\/uploads\/2019\/03\/logo-novo-IE2018-1.jpg\",\"width\":1486,\"height\":1879,\"caption\":\"Instituto de Engenharia\"},\"image\":{\"@id\":\"https:\/\/www.institutodeengenharia.org.br\/site\/#\/schema\/logo\/image\/\"},\"sameAs\":[\"https:\/\/www.facebook.com\/institutodeengenharia\",\"https:\/\/x.com\/iengenharia\",\"https:\/\/www.instagram.com\/institutodeengenharia\/\",\"https:\/\/www.linkedin.com\/company\/instituto-de-engenharia\/\",\"https:\/\/www.youtube.com\/channel\/UCXiCAlsSMe977vamW915HxA\"]},{\"@type\":\"Person\",\"@id\":\"https:\/\/www.institutodeengenharia.org.br\/site\/#\/schema\/person\/3b1ff109facef084739fc2edcb9a127f\",\"name\":\"TMax Tecnologia\",\"image\":{\"@type\":\"ImageObject\",\"inLanguage\":\"pt-BR\",\"@id\":\"https:\/\/secure.gravatar.com\/avatar\/f912434ef7f389c92cb311fcdae346af848465d638912574b3c669070f797701?s=96&d=mm&r=g\",\"url\":\"https:\/\/secure.gravatar.com\/avatar\/f912434ef7f389c92cb311fcdae346af848465d638912574b3c669070f797701?s=96&d=mm&r=g\",\"contentUrl\":\"https:\/\/secure.gravatar.com\/avatar\/f912434ef7f389c92cb311fcdae346af848465d638912574b3c669070f797701?s=96&d=mm&r=g\",\"caption\":\"TMax Tecnologia\"},\"url\":\"https:\/\/www.institutodeengenharia.org.br\/site\/author\/tmax\/\"}]}<\/script>\n<!-- \/ Yoast SEO plugin. -->","yoast_head_json":{"title":"Exposi\u00e7\u00e3o na Alemanha traz casa aqu\u00e1rio que gera biomassa - Instituto de Engenharia","robots":{"index":"index","follow":"follow","max-snippet":"max-snippet:-1","max-image-preview":"max-image-preview:large","max-video-preview":"max-video-preview:-1"},"canonical":"https:\/\/www.institutodeengenharia.org.br\/site\/2013\/04\/01\/exposicao-na-alemanha-traz-casa-aquario-que-gera-biomassa\/","og_locale":"pt_BR","og_type":"article","og_title":"Exposi\u00e7\u00e3o na Alemanha traz casa aqu\u00e1rio que gera biomassa - Instituto de Engenharia","og_description":"A casa n\u00famero 17 de Inselpark em Hamburgo chama a aten\u00e7\u00e3o de quem passa pelo local por se assemelhar a um aqu\u00e1rio. As paredes, formadas por placas com \u00e1gua e bolhas, fazem parte de um inovador conceito de casa autossustent\u00e1vel: a casa que gera sua pr\u00f3pria biomassa.","og_url":"https:\/\/www.institutodeengenharia.org.br\/site\/2013\/04\/01\/exposicao-na-alemanha-traz-casa-aquario-que-gera-biomassa\/","og_site_name":"Instituto de Engenharia","article_publisher":"https:\/\/www.facebook.com\/institutodeengenharia","article_published_time":"2013-04-01T23:49:14+00:00","author":"TMax Tecnologia","twitter_card":"summary_large_image","twitter_creator":"@iengenharia","twitter_site":"@iengenharia","twitter_misc":{"Escrito por":"TMax Tecnologia","Est. tempo de leitura":"4 minutos"},"schema":{"@context":"https:\/\/schema.org","@graph":[{"@type":"Article","@id":"https:\/\/www.institutodeengenharia.org.br\/site\/2013\/04\/01\/exposicao-na-alemanha-traz-casa-aquario-que-gera-biomassa\/#article","isPartOf":{"@id":"https:\/\/www.institutodeengenharia.org.br\/site\/2013\/04\/01\/exposicao-na-alemanha-traz-casa-aquario-que-gera-biomassa\/"},"author":{"name":"TMax Tecnologia","@id":"https:\/\/www.institutodeengenharia.org.br\/site\/#\/schema\/person\/3b1ff109facef084739fc2edcb9a127f"},"headline":"Exposi\u00e7\u00e3o na Alemanha traz casa aqu\u00e1rio que gera biomassa","datePublished":"2013-04-01T23:49:14+00:00","mainEntityOfPage":{"@id":"https:\/\/www.institutodeengenharia.org.br\/site\/2013\/04\/01\/exposicao-na-alemanha-traz-casa-aquario-que-gera-biomassa\/"},"wordCount":741,"commentCount":0,"publisher":{"@id":"https:\/\/www.institutodeengenharia.org.br\/site\/#organization"},"articleSection":["Meio Ambiente","Not\u00edcias"],"inLanguage":"pt-BR","potentialAction":[{"@type":"CommentAction","name":"Comment","target":["https:\/\/www.institutodeengenharia.org.br\/site\/2013\/04\/01\/exposicao-na-alemanha-traz-casa-aquario-que-gera-biomassa\/#respond"]}]},{"@type":"WebPage","@id":"https:\/\/www.institutodeengenharia.org.br\/site\/2013\/04\/01\/exposicao-na-alemanha-traz-casa-aquario-que-gera-biomassa\/","url":"https:\/\/www.institutodeengenharia.org.br\/site\/2013\/04\/01\/exposicao-na-alemanha-traz-casa-aquario-que-gera-biomassa\/","name":"Exposi\u00e7\u00e3o na Alemanha traz casa aqu\u00e1rio que gera biomassa - Instituto de Engenharia","isPartOf":{"@id":"https:\/\/www.institutodeengenharia.org.br\/site\/#website"},"datePublished":"2013-04-01T23:49:14+00:00","breadcrumb":{"@id":"https:\/\/www.institutodeengenharia.org.br\/site\/2013\/04\/01\/exposicao-na-alemanha-traz-casa-aquario-que-gera-biomassa\/#breadcrumb"},"inLanguage":"pt-BR","potentialAction":[{"@type":"ReadAction","target":["https:\/\/www.institutodeengenharia.org.br\/site\/2013\/04\/01\/exposicao-na-alemanha-traz-casa-aquario-que-gera-biomassa\/"]}]},{"@type":"BreadcrumbList","@id":"https:\/\/www.institutodeengenharia.org.br\/site\/2013\/04\/01\/exposicao-na-alemanha-traz-casa-aquario-que-gera-biomassa\/#breadcrumb","itemListElement":[{"@type":"ListItem","position":1,"name":"In\u00edcio","item":"https:\/\/www.institutodeengenharia.org.br\/site\/"},{"@type":"ListItem","position":2,"name":"Exposi\u00e7\u00e3o na Alemanha traz casa aqu\u00e1rio que gera biomassa"}]},{"@type":"WebSite","@id":"https:\/\/www.institutodeengenharia.org.br\/site\/#website","url":"https:\/\/www.institutodeengenharia.org.br\/site\/","name":"Instituto de Engenharia","description":"O Instituto de Engenharia promove a Engenharia em benef\u00edcio do desenvolvimento e da qualidade de vida da sociedade.","publisher":{"@id":"https:\/\/www.institutodeengenharia.org.br\/site\/#organization"},"potentialAction":[{"@type":"SearchAction","target":{"@type":"EntryPoint","urlTemplate":"https:\/\/www.institutodeengenharia.org.br\/site\/?s={search_term_string}"},"query-input":{"@type":"PropertyValueSpecification","valueRequired":true,"valueName":"search_term_string"}}],"inLanguage":"pt-BR"},{"@type":"Organization","@id":"https:\/\/www.institutodeengenharia.org.br\/site\/#organization","name":"Instituto de Engenharia","url":"https:\/\/www.institutodeengenharia.org.br\/site\/","logo":{"@type":"ImageObject","inLanguage":"pt-BR","@id":"https:\/\/www.institutodeengenharia.org.br\/site\/#\/schema\/logo\/image\/","url":"https:\/\/www.institutodeengenharia.org.br\/site\/wp-content\/uploads\/2019\/03\/logo-novo-IE2018-1.jpg","contentUrl":"https:\/\/www.institutodeengenharia.org.br\/site\/wp-content\/uploads\/2019\/03\/logo-novo-IE2018-1.jpg","width":1486,"height":1879,"caption":"Instituto de Engenharia"},"image":{"@id":"https:\/\/www.institutodeengenharia.org.br\/site\/#\/schema\/logo\/image\/"},"sameAs":["https:\/\/www.facebook.com\/institutodeengenharia","https:\/\/x.com\/iengenharia","https:\/\/www.instagram.com\/institutodeengenharia\/","https:\/\/www.linkedin.com\/company\/instituto-de-engenharia\/","https:\/\/www.youtube.com\/channel\/UCXiCAlsSMe977vamW915HxA"]},{"@type":"Person","@id":"https:\/\/www.institutodeengenharia.org.br\/site\/#\/schema\/person\/3b1ff109facef084739fc2edcb9a127f","name":"TMax Tecnologia","image":{"@type":"ImageObject","inLanguage":"pt-BR","@id":"https:\/\/secure.gravatar.com\/avatar\/f912434ef7f389c92cb311fcdae346af848465d638912574b3c669070f797701?s=96&d=mm&r=g","url":"https:\/\/secure.gravatar.com\/avatar\/f912434ef7f389c92cb311fcdae346af848465d638912574b3c669070f797701?s=96&d=mm&r=g","contentUrl":"https:\/\/secure.gravatar.com\/avatar\/f912434ef7f389c92cb311fcdae346af848465d638912574b3c669070f797701?s=96&d=mm&r=g","caption":"TMax Tecnologia"},"url":"https:\/\/www.institutodeengenharia.org.br\/site\/author\/tmax\/"}]}},"_links":{"self":[{"href":"https:\/\/www.institutodeengenharia.org.br\/site\/wp-json\/wp\/v2\/posts\/23253","targetHints":{"allow":["GET"]}}],"collection":[{"href":"https:\/\/www.institutodeengenharia.org.br\/site\/wp-json\/wp\/v2\/posts"}],"about":[{"href":"https:\/\/www.institutodeengenharia.org.br\/site\/wp-json\/wp\/v2\/types\/post"}],"author":[{"embeddable":true,"href":"https:\/\/www.institutodeengenharia.org.br\/site\/wp-json\/wp\/v2\/users\/1"}],"replies":[{"embeddable":true,"href":"https:\/\/www.institutodeengenharia.org.br\/site\/wp-json\/wp\/v2\/comments?post=23253"}],"version-history":[{"count":0,"href":"https:\/\/www.institutodeengenharia.org.br\/site\/wp-json\/wp\/v2\/posts\/23253\/revisions"}],"wp:attachment":[{"href":"https:\/\/www.institutodeengenharia.org.br\/site\/wp-json\/wp\/v2\/media?parent=23253"}],"wp:term":[{"taxonomy":"category","embeddable":true,"href":"https:\/\/www.institutodeengenharia.org.br\/site\/wp-json\/wp\/v2\/categories?post=23253"},{"taxonomy":"post_tag","embeddable":true,"href":"https:\/\/www.institutodeengenharia.org.br\/site\/wp-json\/wp\/v2\/tags?post=23253"}],"curies":[{"name":"wp","href":"https:\/\/api.w.org\/{rel}","templated":true}]}}