{"id":23252,"date":"2013-04-01T23:49:13","date_gmt":"2013-04-01T23:49:13","guid":{"rendered":"https:\/\/www.institutodeengenharia.org.br\/?p=23252"},"modified":"2013-04-01T10:07:04","modified_gmt":"2013-04-01T10:07:04","slug":"brasil-tera-mina-subterranea-de-uranio","status":"publish","type":"post","link":"https:\/\/www.institutodeengenharia.org.br\/site\/2013\/04\/01\/brasil-tera-mina-subterranea-de-uranio\/","title":{"rendered":"Brasil ter\u00e1 mina subterr\u00e2nea de ur\u00e2nio"},"content":{"rendered":"<p>Foi dado o primeiro passo para a minera\u00e7\u00e3o subterr\u00e2nea na \u00fanica mina de ur\u00e2nio em atividade do Brasil, localizada no munic\u00edpio de Caetit\u00e9 (BA). <\/p>\n<p>Implantada em 2000, a mina j\u00e1 produziu 3.370 toneladas do min\u00e9rio a c\u00e9u aberto. <\/p>\n<p>A Comiss\u00e3o Nacional de Energia Nuclear (CNEN) atendeu ao pedido das Ind\u00fastrias Nucleares do Brasil (INB), dona da mina, e aprovou o local para a extra\u00e7\u00e3o subterr\u00e2nea. <\/p>\n<p>A decis\u00e3o da CNEN considera, entre outras quest\u00f5es, que a empresa p\u00fablica atendeu as normas de licenciamento e cumpriu as demais exig\u00eancias legais. <\/p>\n<p>A lavra subterr\u00e2nea permitir\u00e1 alcan\u00e7ar uma parte do min\u00e9rio que n\u00e3o pode ser explorada na modalidade a c\u00e9u aberto. <\/p>\n<p>A mina subterr\u00e2nea ter\u00e1 capacidade de produzir 400 toneladas por ano de concentrado de ur\u00e2nio. <\/p>\n<p>A CNEN tamb\u00e9m autorizou a INB a exportar 17 mil toneladas de torta 2, que \u00e9 o res\u00edduo proveniente do tratamento qu\u00edmico do min\u00e9rio monazita. Das 17 mil toneladas, 13 mil est\u00e3o na unidade da INB em Caldas (MG). <\/p>\n<p>Autossufici\u00eancia em ur\u00e2nio <\/p>\n<p>A mais importante prov\u00edncia uran\u00edfera brasileira est\u00e1 localizada no sudoeste da Bahia, pr\u00f3xima aos Munic\u00edpios de Caetit\u00e9 e Lagoa Real. <\/p>\n<p>Suas caracter\u00edsticas &#8211; teor e dimens\u00e3o de reservas estimadas em 100.000 toneladas exclusivamente de ur\u00e2nio, sem outros minerais de interesse associados &#8211; foram determinantes na op\u00e7\u00e3o da INB por sua explora\u00e7\u00e3o. <\/p>\n<p>Esta quantidade \u00e9 suficiente para o suprimento da Central Nuclear Almirante \u00c1lvaro Alberto (Angra 1, 2 e 3) e mais as usinas previstas no Plano Nacional de Energia 2030 durante toda a vida \u00fatil destas instala\u00e7\u00f5es. <\/p>\n<p>Com capacidade de produ\u00e7\u00e3o de 400 toneladas\/ano de concentrado de ur\u00e2nio, a meta da INB para os pr\u00f3ximos anos \u00e9 a sua duplica\u00e7\u00e3o para 800 toneladas\/ano. <\/p>\n<p>A mina atual, a c\u00e9u aberto, n\u00e3o \u00e9 um local definido, com o min\u00e9rio espalhado por uma extensa \u00e1rea. <\/p>\n<p>Isso exigiu a constru\u00e7\u00e3o de uma planta modular, concebida com a finalidade de promover o aproveitamento do ur\u00e2nio em cerca de 33 ocorr\u00eancias que comp\u00f5em a reserva atualmente conhecida. <\/p>\n<p>Beneficiamento do ur\u00e2nio <\/p>\n<p>O processo de beneficiamento do min\u00e9rio de ur\u00e2nio \u00e9 o de lixivia\u00e7\u00e3o em pilhas, ou est\u00e1tica. <\/p>\n<p>Depois de britado, o min\u00e9rio \u00e9 disposto em pilhas e irrigado com solu\u00e7\u00e3o de \u00e1cido sulf\u00farico para a retirada do ur\u00e2nio nele contido. <\/p>\n<p>Esta t\u00e9cnica dispensa fases de moagem, agita\u00e7\u00e3o mec\u00e2nica e filtra\u00e7\u00e3o, permitindo, al\u00e9m de uma substancial redu\u00e7\u00e3o nos investimentos, uma opera\u00e7\u00e3o a custos menores, em face do reduzido n\u00famero de equipamentos e unidades operacionais envolvidos. <\/p>\n<p>A concentra\u00e7\u00e3o do ur\u00e2nio \u00e9 realizada pelo processo de extra\u00e7\u00e3o por solventes org\u00e2nicos, seguida da separa\u00e7\u00e3o por precipita\u00e7\u00e3o, secagem e acondicionamento em tambores. <\/p>\n<p>No aspecto ambiental, a aus\u00eancia de rejeitos s\u00f3lidos finos e a menor utiliza\u00e7\u00e3o de insumos qu\u00edmicos minimiza os impactos &#8211; os efluentes l\u00edquidos do processo s\u00e3o reciclados, garantindo que o \u00e1cido n\u00e3o seja liberado para o meio ambiente. <\/p>\n<p>A INB planeja substituir a etapa de lixivia\u00e7\u00e3o em pilhas pela lixivia\u00e7\u00e3o convencional (agitada), que permite maior rendimento de recupera\u00e7\u00e3o do ur\u00e2nio.<\/p>\n<p><b>Autor: INB<\/b><\/p>\n","protected":false},"excerpt":{"rendered":"<p>Foi dado o primeiro passo para a minera\u00e7\u00e3o subterr\u00e2nea na \u00fanica mina de ur\u00e2nio em atividade do Brasil, localizada no munic\u00edpio de Caetit\u00e9 (BA). Implantada em 2000, a mina j\u00e1 produziu 3.370 toneladas do min\u00e9rio a c\u00e9u aberto. A Comiss\u00e3o Nacional de Energia Nuclear (CNEN) atendeu ao pedido das Ind\u00fastrias Nucleares do Brasil (INB), dona [&hellip;]<\/p>\n","protected":false},"author":1,"featured_media":0,"comment_status":"open","ping_status":"open","sticky":false,"template":"","format":"standard","meta":{"footnotes":""},"categories":[24,6],"tags":[],"class_list":{"0":"post-23252","1":"post","2":"type-post","3":"status-publish","4":"format-standard","6":"category-energia","7":"category-noticias"},"yoast_head":"<!-- This site is optimized with the Yoast SEO plugin v27.2 - https:\/\/yoast.com\/product\/yoast-seo-wordpress\/ -->\n<title>Brasil ter\u00e1 mina subterr\u00e2nea de ur\u00e2nio - Instituto de Engenharia<\/title>\n<meta name=\"robots\" content=\"index, follow, max-snippet:-1, max-image-preview:large, max-video-preview:-1\" \/>\n<link rel=\"canonical\" href=\"https:\/\/www.institutodeengenharia.org.br\/site\/2013\/04\/01\/brasil-tera-mina-subterranea-de-uranio\/\" \/>\n<meta property=\"og:locale\" content=\"pt_BR\" \/>\n<meta property=\"og:type\" content=\"article\" \/>\n<meta property=\"og:title\" content=\"Brasil ter\u00e1 mina subterr\u00e2nea de ur\u00e2nio - Instituto de Engenharia\" \/>\n<meta property=\"og:description\" content=\"Foi dado o primeiro passo para a minera\u00e7\u00e3o subterr\u00e2nea na \u00fanica mina de ur\u00e2nio em atividade do Brasil, localizada no munic\u00edpio de Caetit\u00e9 (BA). Implantada em 2000, a mina j\u00e1 produziu 3.370 toneladas do min\u00e9rio a c\u00e9u aberto. A Comiss\u00e3o Nacional de Energia Nuclear (CNEN) atendeu ao pedido das Ind\u00fastrias Nucleares do Brasil (INB), dona [&hellip;]\" \/>\n<meta property=\"og:url\" content=\"https:\/\/www.institutodeengenharia.org.br\/site\/2013\/04\/01\/brasil-tera-mina-subterranea-de-uranio\/\" \/>\n<meta property=\"og:site_name\" content=\"Instituto de Engenharia\" \/>\n<meta property=\"article:publisher\" content=\"https:\/\/www.facebook.com\/institutodeengenharia\" \/>\n<meta property=\"article:published_time\" content=\"2013-04-01T23:49:13+00:00\" \/>\n<meta name=\"author\" content=\"TMax Tecnologia\" \/>\n<meta name=\"twitter:card\" content=\"summary_large_image\" \/>\n<meta name=\"twitter:creator\" content=\"@iengenharia\" \/>\n<meta name=\"twitter:site\" content=\"@iengenharia\" \/>\n<meta name=\"twitter:label1\" content=\"Escrito por\" \/>\n\t<meta name=\"twitter:data1\" content=\"TMax Tecnologia\" \/>\n\t<meta name=\"twitter:label2\" content=\"Est. tempo de leitura\" \/>\n\t<meta name=\"twitter:data2\" content=\"3 minutos\" \/>\n<script type=\"application\/ld+json\" class=\"yoast-schema-graph\">{\"@context\":\"https:\/\/schema.org\",\"@graph\":[{\"@type\":\"Article\",\"@id\":\"https:\/\/www.institutodeengenharia.org.br\/site\/2013\/04\/01\/brasil-tera-mina-subterranea-de-uranio\/#article\",\"isPartOf\":{\"@id\":\"https:\/\/www.institutodeengenharia.org.br\/site\/2013\/04\/01\/brasil-tera-mina-subterranea-de-uranio\/\"},\"author\":{\"name\":\"TMax Tecnologia\",\"@id\":\"https:\/\/www.institutodeengenharia.org.br\/site\/#\/schema\/person\/3b1ff109facef084739fc2edcb9a127f\"},\"headline\":\"Brasil ter\u00e1 mina subterr\u00e2nea de ur\u00e2nio\",\"datePublished\":\"2013-04-01T23:49:13+00:00\",\"mainEntityOfPage\":{\"@id\":\"https:\/\/www.institutodeengenharia.org.br\/site\/2013\/04\/01\/brasil-tera-mina-subterranea-de-uranio\/\"},\"wordCount\":557,\"commentCount\":0,\"publisher\":{\"@id\":\"https:\/\/www.institutodeengenharia.org.br\/site\/#organization\"},\"articleSection\":[\"Energia\",\"Not\u00edcias\"],\"inLanguage\":\"pt-BR\",\"potentialAction\":[{\"@type\":\"CommentAction\",\"name\":\"Comment\",\"target\":[\"https:\/\/www.institutodeengenharia.org.br\/site\/2013\/04\/01\/brasil-tera-mina-subterranea-de-uranio\/#respond\"]}]},{\"@type\":\"WebPage\",\"@id\":\"https:\/\/www.institutodeengenharia.org.br\/site\/2013\/04\/01\/brasil-tera-mina-subterranea-de-uranio\/\",\"url\":\"https:\/\/www.institutodeengenharia.org.br\/site\/2013\/04\/01\/brasil-tera-mina-subterranea-de-uranio\/\",\"name\":\"Brasil ter\u00e1 mina subterr\u00e2nea de ur\u00e2nio - Instituto de Engenharia\",\"isPartOf\":{\"@id\":\"https:\/\/www.institutodeengenharia.org.br\/site\/#website\"},\"datePublished\":\"2013-04-01T23:49:13+00:00\",\"breadcrumb\":{\"@id\":\"https:\/\/www.institutodeengenharia.org.br\/site\/2013\/04\/01\/brasil-tera-mina-subterranea-de-uranio\/#breadcrumb\"},\"inLanguage\":\"pt-BR\",\"potentialAction\":[{\"@type\":\"ReadAction\",\"target\":[\"https:\/\/www.institutodeengenharia.org.br\/site\/2013\/04\/01\/brasil-tera-mina-subterranea-de-uranio\/\"]}]},{\"@type\":\"BreadcrumbList\",\"@id\":\"https:\/\/www.institutodeengenharia.org.br\/site\/2013\/04\/01\/brasil-tera-mina-subterranea-de-uranio\/#breadcrumb\",\"itemListElement\":[{\"@type\":\"ListItem\",\"position\":1,\"name\":\"In\u00edcio\",\"item\":\"https:\/\/www.institutodeengenharia.org.br\/site\/\"},{\"@type\":\"ListItem\",\"position\":2,\"name\":\"Brasil ter\u00e1 mina subterr\u00e2nea de ur\u00e2nio\"}]},{\"@type\":\"WebSite\",\"@id\":\"https:\/\/www.institutodeengenharia.org.br\/site\/#website\",\"url\":\"https:\/\/www.institutodeengenharia.org.br\/site\/\",\"name\":\"Instituto de Engenharia\",\"description\":\"O Instituto de Engenharia promove a Engenharia em benef\u00edcio do desenvolvimento e da qualidade de vida da sociedade.\",\"publisher\":{\"@id\":\"https:\/\/www.institutodeengenharia.org.br\/site\/#organization\"},\"potentialAction\":[{\"@type\":\"SearchAction\",\"target\":{\"@type\":\"EntryPoint\",\"urlTemplate\":\"https:\/\/www.institutodeengenharia.org.br\/site\/?s={search_term_string}\"},\"query-input\":{\"@type\":\"PropertyValueSpecification\",\"valueRequired\":true,\"valueName\":\"search_term_string\"}}],\"inLanguage\":\"pt-BR\"},{\"@type\":\"Organization\",\"@id\":\"https:\/\/www.institutodeengenharia.org.br\/site\/#organization\",\"name\":\"Instituto de Engenharia\",\"url\":\"https:\/\/www.institutodeengenharia.org.br\/site\/\",\"logo\":{\"@type\":\"ImageObject\",\"inLanguage\":\"pt-BR\",\"@id\":\"https:\/\/www.institutodeengenharia.org.br\/site\/#\/schema\/logo\/image\/\",\"url\":\"https:\/\/www.institutodeengenharia.org.br\/site\/wp-content\/uploads\/2019\/03\/logo-novo-IE2018-1.jpg\",\"contentUrl\":\"https:\/\/www.institutodeengenharia.org.br\/site\/wp-content\/uploads\/2019\/03\/logo-novo-IE2018-1.jpg\",\"width\":1486,\"height\":1879,\"caption\":\"Instituto de Engenharia\"},\"image\":{\"@id\":\"https:\/\/www.institutodeengenharia.org.br\/site\/#\/schema\/logo\/image\/\"},\"sameAs\":[\"https:\/\/www.facebook.com\/institutodeengenharia\",\"https:\/\/x.com\/iengenharia\",\"https:\/\/www.instagram.com\/institutodeengenharia\/\",\"https:\/\/www.linkedin.com\/company\/instituto-de-engenharia\/\",\"https:\/\/www.youtube.com\/channel\/UCXiCAlsSMe977vamW915HxA\"]},{\"@type\":\"Person\",\"@id\":\"https:\/\/www.institutodeengenharia.org.br\/site\/#\/schema\/person\/3b1ff109facef084739fc2edcb9a127f\",\"name\":\"TMax Tecnologia\",\"image\":{\"@type\":\"ImageObject\",\"inLanguage\":\"pt-BR\",\"@id\":\"https:\/\/secure.gravatar.com\/avatar\/f912434ef7f389c92cb311fcdae346af848465d638912574b3c669070f797701?s=96&d=mm&r=g\",\"url\":\"https:\/\/secure.gravatar.com\/avatar\/f912434ef7f389c92cb311fcdae346af848465d638912574b3c669070f797701?s=96&d=mm&r=g\",\"contentUrl\":\"https:\/\/secure.gravatar.com\/avatar\/f912434ef7f389c92cb311fcdae346af848465d638912574b3c669070f797701?s=96&d=mm&r=g\",\"caption\":\"TMax Tecnologia\"},\"url\":\"https:\/\/www.institutodeengenharia.org.br\/site\/author\/tmax\/\"}]}<\/script>\n<!-- \/ Yoast SEO plugin. -->","yoast_head_json":{"title":"Brasil ter\u00e1 mina subterr\u00e2nea de ur\u00e2nio - Instituto de Engenharia","robots":{"index":"index","follow":"follow","max-snippet":"max-snippet:-1","max-image-preview":"max-image-preview:large","max-video-preview":"max-video-preview:-1"},"canonical":"https:\/\/www.institutodeengenharia.org.br\/site\/2013\/04\/01\/brasil-tera-mina-subterranea-de-uranio\/","og_locale":"pt_BR","og_type":"article","og_title":"Brasil ter\u00e1 mina subterr\u00e2nea de ur\u00e2nio - Instituto de Engenharia","og_description":"Foi dado o primeiro passo para a minera\u00e7\u00e3o subterr\u00e2nea na \u00fanica mina de ur\u00e2nio em atividade do Brasil, localizada no munic\u00edpio de Caetit\u00e9 (BA). Implantada em 2000, a mina j\u00e1 produziu 3.370 toneladas do min\u00e9rio a c\u00e9u aberto. A Comiss\u00e3o Nacional de Energia Nuclear (CNEN) atendeu ao pedido das Ind\u00fastrias Nucleares do Brasil (INB), dona [&hellip;]","og_url":"https:\/\/www.institutodeengenharia.org.br\/site\/2013\/04\/01\/brasil-tera-mina-subterranea-de-uranio\/","og_site_name":"Instituto de Engenharia","article_publisher":"https:\/\/www.facebook.com\/institutodeengenharia","article_published_time":"2013-04-01T23:49:13+00:00","author":"TMax Tecnologia","twitter_card":"summary_large_image","twitter_creator":"@iengenharia","twitter_site":"@iengenharia","twitter_misc":{"Escrito por":"TMax Tecnologia","Est. tempo de leitura":"3 minutos"},"schema":{"@context":"https:\/\/schema.org","@graph":[{"@type":"Article","@id":"https:\/\/www.institutodeengenharia.org.br\/site\/2013\/04\/01\/brasil-tera-mina-subterranea-de-uranio\/#article","isPartOf":{"@id":"https:\/\/www.institutodeengenharia.org.br\/site\/2013\/04\/01\/brasil-tera-mina-subterranea-de-uranio\/"},"author":{"name":"TMax Tecnologia","@id":"https:\/\/www.institutodeengenharia.org.br\/site\/#\/schema\/person\/3b1ff109facef084739fc2edcb9a127f"},"headline":"Brasil ter\u00e1 mina subterr\u00e2nea de ur\u00e2nio","datePublished":"2013-04-01T23:49:13+00:00","mainEntityOfPage":{"@id":"https:\/\/www.institutodeengenharia.org.br\/site\/2013\/04\/01\/brasil-tera-mina-subterranea-de-uranio\/"},"wordCount":557,"commentCount":0,"publisher":{"@id":"https:\/\/www.institutodeengenharia.org.br\/site\/#organization"},"articleSection":["Energia","Not\u00edcias"],"inLanguage":"pt-BR","potentialAction":[{"@type":"CommentAction","name":"Comment","target":["https:\/\/www.institutodeengenharia.org.br\/site\/2013\/04\/01\/brasil-tera-mina-subterranea-de-uranio\/#respond"]}]},{"@type":"WebPage","@id":"https:\/\/www.institutodeengenharia.org.br\/site\/2013\/04\/01\/brasil-tera-mina-subterranea-de-uranio\/","url":"https:\/\/www.institutodeengenharia.org.br\/site\/2013\/04\/01\/brasil-tera-mina-subterranea-de-uranio\/","name":"Brasil ter\u00e1 mina subterr\u00e2nea de ur\u00e2nio - Instituto de Engenharia","isPartOf":{"@id":"https:\/\/www.institutodeengenharia.org.br\/site\/#website"},"datePublished":"2013-04-01T23:49:13+00:00","breadcrumb":{"@id":"https:\/\/www.institutodeengenharia.org.br\/site\/2013\/04\/01\/brasil-tera-mina-subterranea-de-uranio\/#breadcrumb"},"inLanguage":"pt-BR","potentialAction":[{"@type":"ReadAction","target":["https:\/\/www.institutodeengenharia.org.br\/site\/2013\/04\/01\/brasil-tera-mina-subterranea-de-uranio\/"]}]},{"@type":"BreadcrumbList","@id":"https:\/\/www.institutodeengenharia.org.br\/site\/2013\/04\/01\/brasil-tera-mina-subterranea-de-uranio\/#breadcrumb","itemListElement":[{"@type":"ListItem","position":1,"name":"In\u00edcio","item":"https:\/\/www.institutodeengenharia.org.br\/site\/"},{"@type":"ListItem","position":2,"name":"Brasil ter\u00e1 mina subterr\u00e2nea de ur\u00e2nio"}]},{"@type":"WebSite","@id":"https:\/\/www.institutodeengenharia.org.br\/site\/#website","url":"https:\/\/www.institutodeengenharia.org.br\/site\/","name":"Instituto de Engenharia","description":"O Instituto de Engenharia promove a Engenharia em benef\u00edcio do desenvolvimento e da qualidade de vida da sociedade.","publisher":{"@id":"https:\/\/www.institutodeengenharia.org.br\/site\/#organization"},"potentialAction":[{"@type":"SearchAction","target":{"@type":"EntryPoint","urlTemplate":"https:\/\/www.institutodeengenharia.org.br\/site\/?s={search_term_string}"},"query-input":{"@type":"PropertyValueSpecification","valueRequired":true,"valueName":"search_term_string"}}],"inLanguage":"pt-BR"},{"@type":"Organization","@id":"https:\/\/www.institutodeengenharia.org.br\/site\/#organization","name":"Instituto de Engenharia","url":"https:\/\/www.institutodeengenharia.org.br\/site\/","logo":{"@type":"ImageObject","inLanguage":"pt-BR","@id":"https:\/\/www.institutodeengenharia.org.br\/site\/#\/schema\/logo\/image\/","url":"https:\/\/www.institutodeengenharia.org.br\/site\/wp-content\/uploads\/2019\/03\/logo-novo-IE2018-1.jpg","contentUrl":"https:\/\/www.institutodeengenharia.org.br\/site\/wp-content\/uploads\/2019\/03\/logo-novo-IE2018-1.jpg","width":1486,"height":1879,"caption":"Instituto de Engenharia"},"image":{"@id":"https:\/\/www.institutodeengenharia.org.br\/site\/#\/schema\/logo\/image\/"},"sameAs":["https:\/\/www.facebook.com\/institutodeengenharia","https:\/\/x.com\/iengenharia","https:\/\/www.instagram.com\/institutodeengenharia\/","https:\/\/www.linkedin.com\/company\/instituto-de-engenharia\/","https:\/\/www.youtube.com\/channel\/UCXiCAlsSMe977vamW915HxA"]},{"@type":"Person","@id":"https:\/\/www.institutodeengenharia.org.br\/site\/#\/schema\/person\/3b1ff109facef084739fc2edcb9a127f","name":"TMax Tecnologia","image":{"@type":"ImageObject","inLanguage":"pt-BR","@id":"https:\/\/secure.gravatar.com\/avatar\/f912434ef7f389c92cb311fcdae346af848465d638912574b3c669070f797701?s=96&d=mm&r=g","url":"https:\/\/secure.gravatar.com\/avatar\/f912434ef7f389c92cb311fcdae346af848465d638912574b3c669070f797701?s=96&d=mm&r=g","contentUrl":"https:\/\/secure.gravatar.com\/avatar\/f912434ef7f389c92cb311fcdae346af848465d638912574b3c669070f797701?s=96&d=mm&r=g","caption":"TMax Tecnologia"},"url":"https:\/\/www.institutodeengenharia.org.br\/site\/author\/tmax\/"}]}},"_links":{"self":[{"href":"https:\/\/www.institutodeengenharia.org.br\/site\/wp-json\/wp\/v2\/posts\/23252","targetHints":{"allow":["GET"]}}],"collection":[{"href":"https:\/\/www.institutodeengenharia.org.br\/site\/wp-json\/wp\/v2\/posts"}],"about":[{"href":"https:\/\/www.institutodeengenharia.org.br\/site\/wp-json\/wp\/v2\/types\/post"}],"author":[{"embeddable":true,"href":"https:\/\/www.institutodeengenharia.org.br\/site\/wp-json\/wp\/v2\/users\/1"}],"replies":[{"embeddable":true,"href":"https:\/\/www.institutodeengenharia.org.br\/site\/wp-json\/wp\/v2\/comments?post=23252"}],"version-history":[{"count":0,"href":"https:\/\/www.institutodeengenharia.org.br\/site\/wp-json\/wp\/v2\/posts\/23252\/revisions"}],"wp:attachment":[{"href":"https:\/\/www.institutodeengenharia.org.br\/site\/wp-json\/wp\/v2\/media?parent=23252"}],"wp:term":[{"taxonomy":"category","embeddable":true,"href":"https:\/\/www.institutodeengenharia.org.br\/site\/wp-json\/wp\/v2\/categories?post=23252"},{"taxonomy":"post_tag","embeddable":true,"href":"https:\/\/www.institutodeengenharia.org.br\/site\/wp-json\/wp\/v2\/tags?post=23252"}],"curies":[{"name":"wp","href":"https:\/\/api.w.org\/{rel}","templated":true}]}}