{"id":23248,"date":"2013-03-28T23:49:09","date_gmt":"2013-03-28T23:49:09","guid":{"rendered":"https:\/\/www.institutodeengenharia.org.br\/?p=23248"},"modified":"2013-03-28T11:57:31","modified_gmt":"2013-03-28T11:57:31","slug":"fabricas-vegetais-sustentaveis-erguemse-nas-sombras-de-fukushima","status":"publish","type":"post","link":"https:\/\/www.institutodeengenharia.org.br\/site\/2013\/03\/28\/fabricas-vegetais-sustentaveis-erguemse-nas-sombras-de-fukushima\/","title":{"rendered":"F\u00e1bricas vegetais sustent\u00e1veis erguem-se nas sombras de Fukushima"},"content":{"rendered":"<p>&#8220;Eu n\u00e3o posso deixar de sentir responsabilidade pelo desastre nuclear. Ele destruiu comunidades inteiras. Ap\u00f3s os desastres prometi para mim mesmo encontrar uma forma de ajudar em um processo de recupera\u00e7\u00e3o que pode levar 20 ou 30 anos.&#8221; <\/p>\n<p>As palavras s\u00e3o Eiju Hangai, ex-diretor da Tepco, que havia deixado a empresa meses antes dos desastres de Fukushima. <\/p>\n<p>E ele pensou e trabalhou r\u00e1pido. <\/p>\n<p>O ex-executivo acaba de inaugurar em Minamisoma, a 25 km da zona de exclus\u00e3o nuclear, o Fukushima Recovery Solar-Agri Park. <\/p>\n<p>S\u00e3o grandes domos infl\u00e1veis, constru\u00eddos entre milhares de pain\u00e9is solares, formando um projeto de agricultura sustent\u00e1vel totalmente alimentada por energia solar. <\/p>\n<p>Hangai chama os domos de &#8220;f\u00e1bricas vegetais&#8221;, onde os agricultores afetados pelo desastre nuclear poder\u00e3o recome\u00e7ar sua vida. <\/p>\n<p>F\u00e1bricas vegetais <\/p>\n<p>As f\u00e1bricas vegetais n\u00e3o s\u00e3o estufas comuns. <\/p>\n<p>Com um leiaute em forma de roda, elas s\u00e3o constitu\u00eddos por &#8220;bolsas&#8221; rotativas que levam as culturas do centro para fora em intervalos regulares.<\/p>\n<p>Isto significa que os agricultores n\u00e3o ter\u00e3o que caminhar de um lado para o outro para semear e colher, podendo trabalhar sempre no centro de cada uma das rodas. <\/p>\n<p>Segundo Hangai, essa t\u00e9cnica duplica a capacidade e a efici\u00eancia dos domos em rela\u00e7\u00e3o \u00e0s estufas convencionais. <\/p>\n<p>A expectativa \u00e9 que os domos iniciais produzam 64 toneladas de verduras anualmente por meio da t\u00e9cnica de hidroponia &#8211; o projeto j\u00e1 possui um contrato com redes de supermercados para venda integral da produ\u00e7\u00e3o. <\/p>\n<p>Como as verduras ficar\u00e3o isoladas do meio ambiente, n\u00e3o h\u00e1 risco de contamina\u00e7\u00e3o radioativa pelo ar ou pela chuva. <\/p>\n<p>Os pain\u00e9is solares do parque produzir\u00e3o um excedente de eletricidade que ser\u00e1 vendido para a concession\u00e1ria local. <\/p>\n<p>Ocupando uma \u00e1rea de 2,4 hectares, o parque servir\u00e1 tamb\u00e9m como escola, onde as crian\u00e7as ter\u00e3o aulas sobre a import\u00e2ncia do cultivo sustent\u00e1vel e das energias renov\u00e1veis &#8211; l\u00e1 n\u00e3o ser\u00e1 necess\u00e1rio nenhum esfor\u00e7o para que as pessoas saibam quem ganha e quem perde com a energia nuclear. <\/p>\n<p>V\u00e1rias grandes empresas ajudaram a financiar o projeto, entre elas a Toshiba e a Mitsubishi, al\u00e9m de fundos governamentais.<\/p>\n<p><b>Autor: New Scientist <\/b><\/p>\n","protected":false},"excerpt":{"rendered":"<p>&#8220;Eu n\u00e3o posso deixar de sentir responsabilidade pelo desastre nuclear. Ele destruiu comunidades inteiras. Ap\u00f3s os desastres prometi para mim mesmo encontrar uma forma de ajudar em um processo de recupera\u00e7\u00e3o que pode levar 20 ou 30 anos.&#8221; As palavras s\u00e3o Eiju Hangai, ex-diretor da Tepco, que havia deixado a empresa meses antes dos desastres [&hellip;]<\/p>\n","protected":false},"author":1,"featured_media":0,"comment_status":"open","ping_status":"open","sticky":false,"template":"","format":"standard","meta":{"footnotes":""},"categories":[31,6],"tags":[],"class_list":{"0":"post-23248","1":"post","2":"type-post","3":"status-publish","4":"format-standard","6":"category-meio-ambiente","7":"category-noticias"},"yoast_head":"<!-- This site is optimized with the Yoast SEO plugin v27.2 - https:\/\/yoast.com\/product\/yoast-seo-wordpress\/ -->\n<title>F\u00e1bricas vegetais sustent\u00e1veis erguem-se nas sombras de Fukushima - Instituto de Engenharia<\/title>\n<meta name=\"robots\" content=\"index, follow, max-snippet:-1, max-image-preview:large, max-video-preview:-1\" \/>\n<link rel=\"canonical\" href=\"https:\/\/www.institutodeengenharia.org.br\/site\/2013\/03\/28\/fabricas-vegetais-sustentaveis-erguemse-nas-sombras-de-fukushima\/\" \/>\n<meta property=\"og:locale\" content=\"pt_BR\" \/>\n<meta property=\"og:type\" content=\"article\" \/>\n<meta property=\"og:title\" content=\"F\u00e1bricas vegetais sustent\u00e1veis erguem-se nas sombras de Fukushima - Instituto de Engenharia\" \/>\n<meta property=\"og:description\" content=\"&#8220;Eu n\u00e3o posso deixar de sentir responsabilidade pelo desastre nuclear. Ele destruiu comunidades inteiras. Ap\u00f3s os desastres prometi para mim mesmo encontrar uma forma de ajudar em um processo de recupera\u00e7\u00e3o que pode levar 20 ou 30 anos.&#8221; As palavras s\u00e3o Eiju Hangai, ex-diretor da Tepco, que havia deixado a empresa meses antes dos desastres [&hellip;]\" \/>\n<meta property=\"og:url\" content=\"https:\/\/www.institutodeengenharia.org.br\/site\/2013\/03\/28\/fabricas-vegetais-sustentaveis-erguemse-nas-sombras-de-fukushima\/\" \/>\n<meta property=\"og:site_name\" content=\"Instituto de Engenharia\" \/>\n<meta property=\"article:publisher\" content=\"https:\/\/www.facebook.com\/institutodeengenharia\" \/>\n<meta property=\"article:published_time\" content=\"2013-03-28T23:49:09+00:00\" \/>\n<meta name=\"author\" content=\"TMax Tecnologia\" \/>\n<meta name=\"twitter:card\" content=\"summary_large_image\" \/>\n<meta name=\"twitter:creator\" content=\"@iengenharia\" \/>\n<meta name=\"twitter:site\" content=\"@iengenharia\" \/>\n<meta name=\"twitter:label1\" content=\"Escrito por\" \/>\n\t<meta name=\"twitter:data1\" content=\"TMax Tecnologia\" \/>\n\t<meta name=\"twitter:label2\" content=\"Est. tempo de leitura\" \/>\n\t<meta name=\"twitter:data2\" content=\"2 minutos\" \/>\n<script type=\"application\/ld+json\" class=\"yoast-schema-graph\">{\"@context\":\"https:\/\/schema.org\",\"@graph\":[{\"@type\":\"Article\",\"@id\":\"https:\/\/www.institutodeengenharia.org.br\/site\/2013\/03\/28\/fabricas-vegetais-sustentaveis-erguemse-nas-sombras-de-fukushima\/#article\",\"isPartOf\":{\"@id\":\"https:\/\/www.institutodeengenharia.org.br\/site\/2013\/03\/28\/fabricas-vegetais-sustentaveis-erguemse-nas-sombras-de-fukushima\/\"},\"author\":{\"name\":\"TMax Tecnologia\",\"@id\":\"https:\/\/www.institutodeengenharia.org.br\/site\/#\/schema\/person\/3b1ff109facef084739fc2edcb9a127f\"},\"headline\":\"F\u00e1bricas vegetais sustent\u00e1veis erguem-se nas sombras de Fukushima\",\"datePublished\":\"2013-03-28T23:49:09+00:00\",\"mainEntityOfPage\":{\"@id\":\"https:\/\/www.institutodeengenharia.org.br\/site\/2013\/03\/28\/fabricas-vegetais-sustentaveis-erguemse-nas-sombras-de-fukushima\/\"},\"wordCount\":390,\"commentCount\":0,\"publisher\":{\"@id\":\"https:\/\/www.institutodeengenharia.org.br\/site\/#organization\"},\"articleSection\":[\"Meio Ambiente\",\"Not\u00edcias\"],\"inLanguage\":\"pt-BR\",\"potentialAction\":[{\"@type\":\"CommentAction\",\"name\":\"Comment\",\"target\":[\"https:\/\/www.institutodeengenharia.org.br\/site\/2013\/03\/28\/fabricas-vegetais-sustentaveis-erguemse-nas-sombras-de-fukushima\/#respond\"]}]},{\"@type\":\"WebPage\",\"@id\":\"https:\/\/www.institutodeengenharia.org.br\/site\/2013\/03\/28\/fabricas-vegetais-sustentaveis-erguemse-nas-sombras-de-fukushima\/\",\"url\":\"https:\/\/www.institutodeengenharia.org.br\/site\/2013\/03\/28\/fabricas-vegetais-sustentaveis-erguemse-nas-sombras-de-fukushima\/\",\"name\":\"F\u00e1bricas vegetais sustent\u00e1veis erguem-se nas sombras de Fukushima - Instituto de Engenharia\",\"isPartOf\":{\"@id\":\"https:\/\/www.institutodeengenharia.org.br\/site\/#website\"},\"datePublished\":\"2013-03-28T23:49:09+00:00\",\"breadcrumb\":{\"@id\":\"https:\/\/www.institutodeengenharia.org.br\/site\/2013\/03\/28\/fabricas-vegetais-sustentaveis-erguemse-nas-sombras-de-fukushima\/#breadcrumb\"},\"inLanguage\":\"pt-BR\",\"potentialAction\":[{\"@type\":\"ReadAction\",\"target\":[\"https:\/\/www.institutodeengenharia.org.br\/site\/2013\/03\/28\/fabricas-vegetais-sustentaveis-erguemse-nas-sombras-de-fukushima\/\"]}]},{\"@type\":\"BreadcrumbList\",\"@id\":\"https:\/\/www.institutodeengenharia.org.br\/site\/2013\/03\/28\/fabricas-vegetais-sustentaveis-erguemse-nas-sombras-de-fukushima\/#breadcrumb\",\"itemListElement\":[{\"@type\":\"ListItem\",\"position\":1,\"name\":\"In\u00edcio\",\"item\":\"https:\/\/www.institutodeengenharia.org.br\/site\/\"},{\"@type\":\"ListItem\",\"position\":2,\"name\":\"F\u00e1bricas vegetais sustent\u00e1veis erguem-se nas sombras de Fukushima\"}]},{\"@type\":\"WebSite\",\"@id\":\"https:\/\/www.institutodeengenharia.org.br\/site\/#website\",\"url\":\"https:\/\/www.institutodeengenharia.org.br\/site\/\",\"name\":\"Instituto de Engenharia\",\"description\":\"O Instituto de Engenharia promove a Engenharia em benef\u00edcio do desenvolvimento e da qualidade de vida da sociedade.\",\"publisher\":{\"@id\":\"https:\/\/www.institutodeengenharia.org.br\/site\/#organization\"},\"potentialAction\":[{\"@type\":\"SearchAction\",\"target\":{\"@type\":\"EntryPoint\",\"urlTemplate\":\"https:\/\/www.institutodeengenharia.org.br\/site\/?s={search_term_string}\"},\"query-input\":{\"@type\":\"PropertyValueSpecification\",\"valueRequired\":true,\"valueName\":\"search_term_string\"}}],\"inLanguage\":\"pt-BR\"},{\"@type\":\"Organization\",\"@id\":\"https:\/\/www.institutodeengenharia.org.br\/site\/#organization\",\"name\":\"Instituto de Engenharia\",\"url\":\"https:\/\/www.institutodeengenharia.org.br\/site\/\",\"logo\":{\"@type\":\"ImageObject\",\"inLanguage\":\"pt-BR\",\"@id\":\"https:\/\/www.institutodeengenharia.org.br\/site\/#\/schema\/logo\/image\/\",\"url\":\"https:\/\/www.institutodeengenharia.org.br\/site\/wp-content\/uploads\/2019\/03\/logo-novo-IE2018-1.jpg\",\"contentUrl\":\"https:\/\/www.institutodeengenharia.org.br\/site\/wp-content\/uploads\/2019\/03\/logo-novo-IE2018-1.jpg\",\"width\":1486,\"height\":1879,\"caption\":\"Instituto de Engenharia\"},\"image\":{\"@id\":\"https:\/\/www.institutodeengenharia.org.br\/site\/#\/schema\/logo\/image\/\"},\"sameAs\":[\"https:\/\/www.facebook.com\/institutodeengenharia\",\"https:\/\/x.com\/iengenharia\",\"https:\/\/www.instagram.com\/institutodeengenharia\/\",\"https:\/\/www.linkedin.com\/company\/instituto-de-engenharia\/\",\"https:\/\/www.youtube.com\/channel\/UCXiCAlsSMe977vamW915HxA\"]},{\"@type\":\"Person\",\"@id\":\"https:\/\/www.institutodeengenharia.org.br\/site\/#\/schema\/person\/3b1ff109facef084739fc2edcb9a127f\",\"name\":\"TMax Tecnologia\",\"image\":{\"@type\":\"ImageObject\",\"inLanguage\":\"pt-BR\",\"@id\":\"https:\/\/secure.gravatar.com\/avatar\/f912434ef7f389c92cb311fcdae346af848465d638912574b3c669070f797701?s=96&d=mm&r=g\",\"url\":\"https:\/\/secure.gravatar.com\/avatar\/f912434ef7f389c92cb311fcdae346af848465d638912574b3c669070f797701?s=96&d=mm&r=g\",\"contentUrl\":\"https:\/\/secure.gravatar.com\/avatar\/f912434ef7f389c92cb311fcdae346af848465d638912574b3c669070f797701?s=96&d=mm&r=g\",\"caption\":\"TMax Tecnologia\"},\"url\":\"https:\/\/www.institutodeengenharia.org.br\/site\/author\/tmax\/\"}]}<\/script>\n<!-- \/ Yoast SEO plugin. -->","yoast_head_json":{"title":"F\u00e1bricas vegetais sustent\u00e1veis erguem-se nas sombras de Fukushima - Instituto de Engenharia","robots":{"index":"index","follow":"follow","max-snippet":"max-snippet:-1","max-image-preview":"max-image-preview:large","max-video-preview":"max-video-preview:-1"},"canonical":"https:\/\/www.institutodeengenharia.org.br\/site\/2013\/03\/28\/fabricas-vegetais-sustentaveis-erguemse-nas-sombras-de-fukushima\/","og_locale":"pt_BR","og_type":"article","og_title":"F\u00e1bricas vegetais sustent\u00e1veis erguem-se nas sombras de Fukushima - Instituto de Engenharia","og_description":"&#8220;Eu n\u00e3o posso deixar de sentir responsabilidade pelo desastre nuclear. Ele destruiu comunidades inteiras. Ap\u00f3s os desastres prometi para mim mesmo encontrar uma forma de ajudar em um processo de recupera\u00e7\u00e3o que pode levar 20 ou 30 anos.&#8221; As palavras s\u00e3o Eiju Hangai, ex-diretor da Tepco, que havia deixado a empresa meses antes dos desastres [&hellip;]","og_url":"https:\/\/www.institutodeengenharia.org.br\/site\/2013\/03\/28\/fabricas-vegetais-sustentaveis-erguemse-nas-sombras-de-fukushima\/","og_site_name":"Instituto de Engenharia","article_publisher":"https:\/\/www.facebook.com\/institutodeengenharia","article_published_time":"2013-03-28T23:49:09+00:00","author":"TMax Tecnologia","twitter_card":"summary_large_image","twitter_creator":"@iengenharia","twitter_site":"@iengenharia","twitter_misc":{"Escrito por":"TMax Tecnologia","Est. tempo de leitura":"2 minutos"},"schema":{"@context":"https:\/\/schema.org","@graph":[{"@type":"Article","@id":"https:\/\/www.institutodeengenharia.org.br\/site\/2013\/03\/28\/fabricas-vegetais-sustentaveis-erguemse-nas-sombras-de-fukushima\/#article","isPartOf":{"@id":"https:\/\/www.institutodeengenharia.org.br\/site\/2013\/03\/28\/fabricas-vegetais-sustentaveis-erguemse-nas-sombras-de-fukushima\/"},"author":{"name":"TMax Tecnologia","@id":"https:\/\/www.institutodeengenharia.org.br\/site\/#\/schema\/person\/3b1ff109facef084739fc2edcb9a127f"},"headline":"F\u00e1bricas vegetais sustent\u00e1veis erguem-se nas sombras de Fukushima","datePublished":"2013-03-28T23:49:09+00:00","mainEntityOfPage":{"@id":"https:\/\/www.institutodeengenharia.org.br\/site\/2013\/03\/28\/fabricas-vegetais-sustentaveis-erguemse-nas-sombras-de-fukushima\/"},"wordCount":390,"commentCount":0,"publisher":{"@id":"https:\/\/www.institutodeengenharia.org.br\/site\/#organization"},"articleSection":["Meio Ambiente","Not\u00edcias"],"inLanguage":"pt-BR","potentialAction":[{"@type":"CommentAction","name":"Comment","target":["https:\/\/www.institutodeengenharia.org.br\/site\/2013\/03\/28\/fabricas-vegetais-sustentaveis-erguemse-nas-sombras-de-fukushima\/#respond"]}]},{"@type":"WebPage","@id":"https:\/\/www.institutodeengenharia.org.br\/site\/2013\/03\/28\/fabricas-vegetais-sustentaveis-erguemse-nas-sombras-de-fukushima\/","url":"https:\/\/www.institutodeengenharia.org.br\/site\/2013\/03\/28\/fabricas-vegetais-sustentaveis-erguemse-nas-sombras-de-fukushima\/","name":"F\u00e1bricas vegetais sustent\u00e1veis erguem-se nas sombras de Fukushima - Instituto de Engenharia","isPartOf":{"@id":"https:\/\/www.institutodeengenharia.org.br\/site\/#website"},"datePublished":"2013-03-28T23:49:09+00:00","breadcrumb":{"@id":"https:\/\/www.institutodeengenharia.org.br\/site\/2013\/03\/28\/fabricas-vegetais-sustentaveis-erguemse-nas-sombras-de-fukushima\/#breadcrumb"},"inLanguage":"pt-BR","potentialAction":[{"@type":"ReadAction","target":["https:\/\/www.institutodeengenharia.org.br\/site\/2013\/03\/28\/fabricas-vegetais-sustentaveis-erguemse-nas-sombras-de-fukushima\/"]}]},{"@type":"BreadcrumbList","@id":"https:\/\/www.institutodeengenharia.org.br\/site\/2013\/03\/28\/fabricas-vegetais-sustentaveis-erguemse-nas-sombras-de-fukushima\/#breadcrumb","itemListElement":[{"@type":"ListItem","position":1,"name":"In\u00edcio","item":"https:\/\/www.institutodeengenharia.org.br\/site\/"},{"@type":"ListItem","position":2,"name":"F\u00e1bricas vegetais sustent\u00e1veis erguem-se nas sombras de Fukushima"}]},{"@type":"WebSite","@id":"https:\/\/www.institutodeengenharia.org.br\/site\/#website","url":"https:\/\/www.institutodeengenharia.org.br\/site\/","name":"Instituto de Engenharia","description":"O Instituto de Engenharia promove a Engenharia em benef\u00edcio do desenvolvimento e da qualidade de vida da sociedade.","publisher":{"@id":"https:\/\/www.institutodeengenharia.org.br\/site\/#organization"},"potentialAction":[{"@type":"SearchAction","target":{"@type":"EntryPoint","urlTemplate":"https:\/\/www.institutodeengenharia.org.br\/site\/?s={search_term_string}"},"query-input":{"@type":"PropertyValueSpecification","valueRequired":true,"valueName":"search_term_string"}}],"inLanguage":"pt-BR"},{"@type":"Organization","@id":"https:\/\/www.institutodeengenharia.org.br\/site\/#organization","name":"Instituto de Engenharia","url":"https:\/\/www.institutodeengenharia.org.br\/site\/","logo":{"@type":"ImageObject","inLanguage":"pt-BR","@id":"https:\/\/www.institutodeengenharia.org.br\/site\/#\/schema\/logo\/image\/","url":"https:\/\/www.institutodeengenharia.org.br\/site\/wp-content\/uploads\/2019\/03\/logo-novo-IE2018-1.jpg","contentUrl":"https:\/\/www.institutodeengenharia.org.br\/site\/wp-content\/uploads\/2019\/03\/logo-novo-IE2018-1.jpg","width":1486,"height":1879,"caption":"Instituto de Engenharia"},"image":{"@id":"https:\/\/www.institutodeengenharia.org.br\/site\/#\/schema\/logo\/image\/"},"sameAs":["https:\/\/www.facebook.com\/institutodeengenharia","https:\/\/x.com\/iengenharia","https:\/\/www.instagram.com\/institutodeengenharia\/","https:\/\/www.linkedin.com\/company\/instituto-de-engenharia\/","https:\/\/www.youtube.com\/channel\/UCXiCAlsSMe977vamW915HxA"]},{"@type":"Person","@id":"https:\/\/www.institutodeengenharia.org.br\/site\/#\/schema\/person\/3b1ff109facef084739fc2edcb9a127f","name":"TMax Tecnologia","image":{"@type":"ImageObject","inLanguage":"pt-BR","@id":"https:\/\/secure.gravatar.com\/avatar\/f912434ef7f389c92cb311fcdae346af848465d638912574b3c669070f797701?s=96&d=mm&r=g","url":"https:\/\/secure.gravatar.com\/avatar\/f912434ef7f389c92cb311fcdae346af848465d638912574b3c669070f797701?s=96&d=mm&r=g","contentUrl":"https:\/\/secure.gravatar.com\/avatar\/f912434ef7f389c92cb311fcdae346af848465d638912574b3c669070f797701?s=96&d=mm&r=g","caption":"TMax Tecnologia"},"url":"https:\/\/www.institutodeengenharia.org.br\/site\/author\/tmax\/"}]}},"_links":{"self":[{"href":"https:\/\/www.institutodeengenharia.org.br\/site\/wp-json\/wp\/v2\/posts\/23248","targetHints":{"allow":["GET"]}}],"collection":[{"href":"https:\/\/www.institutodeengenharia.org.br\/site\/wp-json\/wp\/v2\/posts"}],"about":[{"href":"https:\/\/www.institutodeengenharia.org.br\/site\/wp-json\/wp\/v2\/types\/post"}],"author":[{"embeddable":true,"href":"https:\/\/www.institutodeengenharia.org.br\/site\/wp-json\/wp\/v2\/users\/1"}],"replies":[{"embeddable":true,"href":"https:\/\/www.institutodeengenharia.org.br\/site\/wp-json\/wp\/v2\/comments?post=23248"}],"version-history":[{"count":0,"href":"https:\/\/www.institutodeengenharia.org.br\/site\/wp-json\/wp\/v2\/posts\/23248\/revisions"}],"wp:attachment":[{"href":"https:\/\/www.institutodeengenharia.org.br\/site\/wp-json\/wp\/v2\/media?parent=23248"}],"wp:term":[{"taxonomy":"category","embeddable":true,"href":"https:\/\/www.institutodeengenharia.org.br\/site\/wp-json\/wp\/v2\/categories?post=23248"},{"taxonomy":"post_tag","embeddable":true,"href":"https:\/\/www.institutodeengenharia.org.br\/site\/wp-json\/wp\/v2\/tags?post=23248"}],"curies":[{"name":"wp","href":"https:\/\/api.w.org\/{rel}","templated":true}]}}