{"id":23242,"date":"2013-03-27T23:49:04","date_gmt":"2013-03-27T23:49:04","guid":{"rendered":"https:\/\/www.institutodeengenharia.org.br\/?p=23242"},"modified":"2013-03-27T11:41:38","modified_gmt":"2013-03-27T11:41:38","slug":"gerador-de-pistao-livre-da-mais-liberdade-aos-carros-eletricos","status":"publish","type":"post","link":"https:\/\/www.institutodeengenharia.org.br\/site\/2013\/03\/27\/gerador-de-pistao-livre-da-mais-liberdade-aos-carros-eletricos\/","title":{"rendered":"Gerador de pist\u00e3o livre d\u00e1 mais liberdade aos carros el\u00e9tricos"},"content":{"rendered":"<p>Engenheiros do Centro Espacial Alem\u00e3o (DLR) criaram um tipo inteiramente novo de motoriza\u00e7\u00e3o capaz de aumentar a autonomia dos ve\u00edculos el\u00e9tricos. <\/p>\n<p>Trata-se de um gerador linear de pist\u00e3o livre. <\/p>\n<p>\u00c9 essencialmente um motor a combust\u00e3o dedicado a gerar eletricidade para alimentar carros el\u00e9tricos quando as baterias ficam descarregadas. <\/p>\n<p>A diferen\u00e7a \u00e9 que, com um pist\u00e3o livre, o motor \u00e9 muito mais simples, dispensando biela, virabrequim, comandos de v\u00e1lvulas e todos os outros componentes grandes e pesados dos motores tradicionais. <\/p>\n<p>Ele se enquadra em uma categoria chamada &#8220;extensores de autonomia&#8221; dos ve\u00edculos el\u00e9tricos &#8211; a inten\u00e7\u00e3o \u00e9 substituir os motores el\u00e9tricos usados nos atuais carros h\u00edbridos, que misturam motores a combust\u00e3o, geradores e motores el\u00e9tricos. <\/p>\n<p>Motor linear de pist\u00e3o livre <\/p>\n<p>A maior vantagem do motor de pist\u00e3o livre \u00e9 que ele aceita virtualmente qualquer tipo de combust\u00edvel, l\u00edquido ou gasoso. <\/p>\n<p>O conceito n\u00e3o \u00e9 novo, mas s\u00f3 agora ele se mostrou funcional, gra\u00e7as ao que os engenheiros da DLR chamam de &#8220;mola de g\u00e1s&#8221; &#8211; o mecanismo que faz com que o pist\u00e3o volte depois da explos\u00e3o funciona com base em um g\u00e1s. <\/p>\n<p>O gerador linear de pist\u00e3o livre retira a energia do combust\u00edvel de forma similar a um motor de carro convencional. Contudo, em vez de converter o movimento linear dos pist\u00f5es em movimento rotacional de um eixo, ele gera eletricidade diretamente. <\/p>\n<p>A igni\u00e7\u00e3o detona a mistura ar-combust\u00edvel dentro de uma c\u00e2mara de combust\u00e3o, que se expande e empurra o pist\u00e3o em dire\u00e7\u00e3o \u00e0s molas de g\u00e1s, que desaceleram o pist\u00e3o e o mandam de volta. <\/p>\n<p>Esse movimento linear faz com que um \u00edm\u00e3 passe no interior de um conjunto de bobinas, gerando eletricidade. <\/p>\n<p>Combust\u00edvel l\u00edquido ou gasoso <\/p>\n<p>O sistema de controle criado pelos engenheiros alem\u00e3es controla o movimento do pist\u00e3o com uma precis\u00e3o na casa dos d\u00e9cimos de mil\u00edmetro, permitindo ajustar a taxa de compress\u00e3o, a velocidade do pist\u00e3o e a capacidade c\u00fabica da c\u00e2mara de combust\u00e3o. <\/p>\n<p>Isso significa que praticamente qualquer combust\u00edvel pode ser utilizado, incluindo gasolina, diesel, etanol, g\u00e1s natural ou hidrog\u00eanio. <\/p>\n<p>Outra vantagem \u00e9 que o funcionamento do gerador &#8211; e o combust\u00edvel que ele consome &#8211; pode ser ajustado continuamente, de acordo com o padr\u00e3o de uso do carro el\u00e9trico. <\/p>\n<p>A grande vantagem dos extensores de autonomia \u00e9 que eles substituem os conjuntos motor\/gerador dos ve\u00edculos h\u00edbridos atuais, muito mais pesados, e permitem a constru\u00e7\u00e3o de ve\u00edculos el\u00e9tricos com conjuntos de baterias menores, mais leves e mais baratos. <\/p>\n<p>&#8220;Com nosso demonstrador funcional, n\u00f3s mostramos pela primeira vez que nosso princ\u00edpio de gerador linear de pist\u00e3o livre pode ser implementado. No pr\u00f3ximo passo, precisaremos trabalhar com a ind\u00fastria para desenvolver essa tecnologia e construir um prot\u00f3tipo,&#8221; disse Horst Friedrich, coordenador do projeto.<\/p>\n<p><b>Autor: Inova\u00e7\u00e3o Tecnol\u00f3gica <\/b><\/p>\n","protected":false},"excerpt":{"rendered":"<p>Engenheiros do Centro Espacial Alem\u00e3o (DLR) criaram um tipo inteiramente novo de motoriza\u00e7\u00e3o capaz de aumentar a autonomia dos ve\u00edculos el\u00e9tricos. Trata-se de um gerador linear de pist\u00e3o livre. \u00c9 essencialmente um motor a combust\u00e3o dedicado a gerar eletricidade para alimentar carros el\u00e9tricos quando as baterias ficam descarregadas. A diferen\u00e7a \u00e9 que, com um pist\u00e3o [&hellip;]<\/p>\n","protected":false},"author":1,"featured_media":0,"comment_status":"open","ping_status":"open","sticky":false,"template":"","format":"standard","meta":{"footnotes":""},"categories":[6,35],"tags":[],"class_list":{"0":"post-23242","1":"post","2":"type-post","3":"status-publish","4":"format-standard","6":"category-noticias","7":"category-pesquisa-e-desenvolvimento"},"yoast_head":"<!-- This site is optimized with the Yoast SEO plugin v27.2 - https:\/\/yoast.com\/product\/yoast-seo-wordpress\/ -->\n<title>Gerador de pist\u00e3o livre d\u00e1 mais liberdade aos carros el\u00e9tricos - Instituto de Engenharia<\/title>\n<meta name=\"robots\" content=\"index, follow, max-snippet:-1, max-image-preview:large, max-video-preview:-1\" \/>\n<link rel=\"canonical\" href=\"https:\/\/www.institutodeengenharia.org.br\/site\/2013\/03\/27\/gerador-de-pistao-livre-da-mais-liberdade-aos-carros-eletricos\/\" \/>\n<meta property=\"og:locale\" content=\"pt_BR\" \/>\n<meta property=\"og:type\" content=\"article\" \/>\n<meta property=\"og:title\" content=\"Gerador de pist\u00e3o livre d\u00e1 mais liberdade aos carros el\u00e9tricos - Instituto de Engenharia\" \/>\n<meta property=\"og:description\" content=\"Engenheiros do Centro Espacial Alem\u00e3o (DLR) criaram um tipo inteiramente novo de motoriza\u00e7\u00e3o capaz de aumentar a autonomia dos ve\u00edculos el\u00e9tricos. Trata-se de um gerador linear de pist\u00e3o livre. \u00c9 essencialmente um motor a combust\u00e3o dedicado a gerar eletricidade para alimentar carros el\u00e9tricos quando as baterias ficam descarregadas. A diferen\u00e7a \u00e9 que, com um pist\u00e3o [&hellip;]\" \/>\n<meta property=\"og:url\" content=\"https:\/\/www.institutodeengenharia.org.br\/site\/2013\/03\/27\/gerador-de-pistao-livre-da-mais-liberdade-aos-carros-eletricos\/\" \/>\n<meta property=\"og:site_name\" content=\"Instituto de Engenharia\" \/>\n<meta property=\"article:publisher\" content=\"https:\/\/www.facebook.com\/institutodeengenharia\" \/>\n<meta property=\"article:published_time\" content=\"2013-03-27T23:49:04+00:00\" \/>\n<meta name=\"author\" content=\"TMax Tecnologia\" \/>\n<meta name=\"twitter:card\" content=\"summary_large_image\" \/>\n<meta name=\"twitter:creator\" content=\"@iengenharia\" \/>\n<meta name=\"twitter:site\" content=\"@iengenharia\" \/>\n<meta name=\"twitter:label1\" content=\"Escrito por\" \/>\n\t<meta name=\"twitter:data1\" content=\"TMax Tecnologia\" \/>\n\t<meta name=\"twitter:label2\" content=\"Est. tempo de leitura\" \/>\n\t<meta name=\"twitter:data2\" content=\"3 minutos\" \/>\n<script type=\"application\/ld+json\" class=\"yoast-schema-graph\">{\"@context\":\"https:\/\/schema.org\",\"@graph\":[{\"@type\":\"Article\",\"@id\":\"https:\/\/www.institutodeengenharia.org.br\/site\/2013\/03\/27\/gerador-de-pistao-livre-da-mais-liberdade-aos-carros-eletricos\/#article\",\"isPartOf\":{\"@id\":\"https:\/\/www.institutodeengenharia.org.br\/site\/2013\/03\/27\/gerador-de-pistao-livre-da-mais-liberdade-aos-carros-eletricos\/\"},\"author\":{\"name\":\"TMax Tecnologia\",\"@id\":\"https:\/\/www.institutodeengenharia.org.br\/site\/#\/schema\/person\/3b1ff109facef084739fc2edcb9a127f\"},\"headline\":\"Gerador de pist\u00e3o livre d\u00e1 mais liberdade aos carros el\u00e9tricos\",\"datePublished\":\"2013-03-27T23:49:04+00:00\",\"mainEntityOfPage\":{\"@id\":\"https:\/\/www.institutodeengenharia.org.br\/site\/2013\/03\/27\/gerador-de-pistao-livre-da-mais-liberdade-aos-carros-eletricos\/\"},\"wordCount\":523,\"commentCount\":0,\"publisher\":{\"@id\":\"https:\/\/www.institutodeengenharia.org.br\/site\/#organization\"},\"articleSection\":[\"Not\u00edcias\",\"Pesquisa e Desenvolvimento\"],\"inLanguage\":\"pt-BR\",\"potentialAction\":[{\"@type\":\"CommentAction\",\"name\":\"Comment\",\"target\":[\"https:\/\/www.institutodeengenharia.org.br\/site\/2013\/03\/27\/gerador-de-pistao-livre-da-mais-liberdade-aos-carros-eletricos\/#respond\"]}]},{\"@type\":\"WebPage\",\"@id\":\"https:\/\/www.institutodeengenharia.org.br\/site\/2013\/03\/27\/gerador-de-pistao-livre-da-mais-liberdade-aos-carros-eletricos\/\",\"url\":\"https:\/\/www.institutodeengenharia.org.br\/site\/2013\/03\/27\/gerador-de-pistao-livre-da-mais-liberdade-aos-carros-eletricos\/\",\"name\":\"Gerador de pist\u00e3o livre d\u00e1 mais liberdade aos carros el\u00e9tricos - Instituto de Engenharia\",\"isPartOf\":{\"@id\":\"https:\/\/www.institutodeengenharia.org.br\/site\/#website\"},\"datePublished\":\"2013-03-27T23:49:04+00:00\",\"breadcrumb\":{\"@id\":\"https:\/\/www.institutodeengenharia.org.br\/site\/2013\/03\/27\/gerador-de-pistao-livre-da-mais-liberdade-aos-carros-eletricos\/#breadcrumb\"},\"inLanguage\":\"pt-BR\",\"potentialAction\":[{\"@type\":\"ReadAction\",\"target\":[\"https:\/\/www.institutodeengenharia.org.br\/site\/2013\/03\/27\/gerador-de-pistao-livre-da-mais-liberdade-aos-carros-eletricos\/\"]}]},{\"@type\":\"BreadcrumbList\",\"@id\":\"https:\/\/www.institutodeengenharia.org.br\/site\/2013\/03\/27\/gerador-de-pistao-livre-da-mais-liberdade-aos-carros-eletricos\/#breadcrumb\",\"itemListElement\":[{\"@type\":\"ListItem\",\"position\":1,\"name\":\"In\u00edcio\",\"item\":\"https:\/\/www.institutodeengenharia.org.br\/site\/\"},{\"@type\":\"ListItem\",\"position\":2,\"name\":\"Gerador de pist\u00e3o livre d\u00e1 mais liberdade aos carros el\u00e9tricos\"}]},{\"@type\":\"WebSite\",\"@id\":\"https:\/\/www.institutodeengenharia.org.br\/site\/#website\",\"url\":\"https:\/\/www.institutodeengenharia.org.br\/site\/\",\"name\":\"Instituto de Engenharia\",\"description\":\"O Instituto de Engenharia promove a Engenharia em benef\u00edcio do desenvolvimento e da qualidade de vida da sociedade.\",\"publisher\":{\"@id\":\"https:\/\/www.institutodeengenharia.org.br\/site\/#organization\"},\"potentialAction\":[{\"@type\":\"SearchAction\",\"target\":{\"@type\":\"EntryPoint\",\"urlTemplate\":\"https:\/\/www.institutodeengenharia.org.br\/site\/?s={search_term_string}\"},\"query-input\":{\"@type\":\"PropertyValueSpecification\",\"valueRequired\":true,\"valueName\":\"search_term_string\"}}],\"inLanguage\":\"pt-BR\"},{\"@type\":\"Organization\",\"@id\":\"https:\/\/www.institutodeengenharia.org.br\/site\/#organization\",\"name\":\"Instituto de Engenharia\",\"url\":\"https:\/\/www.institutodeengenharia.org.br\/site\/\",\"logo\":{\"@type\":\"ImageObject\",\"inLanguage\":\"pt-BR\",\"@id\":\"https:\/\/www.institutodeengenharia.org.br\/site\/#\/schema\/logo\/image\/\",\"url\":\"https:\/\/www.institutodeengenharia.org.br\/site\/wp-content\/uploads\/2019\/03\/logo-novo-IE2018-1.jpg\",\"contentUrl\":\"https:\/\/www.institutodeengenharia.org.br\/site\/wp-content\/uploads\/2019\/03\/logo-novo-IE2018-1.jpg\",\"width\":1486,\"height\":1879,\"caption\":\"Instituto de Engenharia\"},\"image\":{\"@id\":\"https:\/\/www.institutodeengenharia.org.br\/site\/#\/schema\/logo\/image\/\"},\"sameAs\":[\"https:\/\/www.facebook.com\/institutodeengenharia\",\"https:\/\/x.com\/iengenharia\",\"https:\/\/www.instagram.com\/institutodeengenharia\/\",\"https:\/\/www.linkedin.com\/company\/instituto-de-engenharia\/\",\"https:\/\/www.youtube.com\/channel\/UCXiCAlsSMe977vamW915HxA\"]},{\"@type\":\"Person\",\"@id\":\"https:\/\/www.institutodeengenharia.org.br\/site\/#\/schema\/person\/3b1ff109facef084739fc2edcb9a127f\",\"name\":\"TMax Tecnologia\",\"image\":{\"@type\":\"ImageObject\",\"inLanguage\":\"pt-BR\",\"@id\":\"https:\/\/secure.gravatar.com\/avatar\/f912434ef7f389c92cb311fcdae346af848465d638912574b3c669070f797701?s=96&d=mm&r=g\",\"url\":\"https:\/\/secure.gravatar.com\/avatar\/f912434ef7f389c92cb311fcdae346af848465d638912574b3c669070f797701?s=96&d=mm&r=g\",\"contentUrl\":\"https:\/\/secure.gravatar.com\/avatar\/f912434ef7f389c92cb311fcdae346af848465d638912574b3c669070f797701?s=96&d=mm&r=g\",\"caption\":\"TMax Tecnologia\"},\"url\":\"https:\/\/www.institutodeengenharia.org.br\/site\/author\/tmax\/\"}]}<\/script>\n<!-- \/ Yoast SEO plugin. -->","yoast_head_json":{"title":"Gerador de pist\u00e3o livre d\u00e1 mais liberdade aos carros el\u00e9tricos - Instituto de Engenharia","robots":{"index":"index","follow":"follow","max-snippet":"max-snippet:-1","max-image-preview":"max-image-preview:large","max-video-preview":"max-video-preview:-1"},"canonical":"https:\/\/www.institutodeengenharia.org.br\/site\/2013\/03\/27\/gerador-de-pistao-livre-da-mais-liberdade-aos-carros-eletricos\/","og_locale":"pt_BR","og_type":"article","og_title":"Gerador de pist\u00e3o livre d\u00e1 mais liberdade aos carros el\u00e9tricos - Instituto de Engenharia","og_description":"Engenheiros do Centro Espacial Alem\u00e3o (DLR) criaram um tipo inteiramente novo de motoriza\u00e7\u00e3o capaz de aumentar a autonomia dos ve\u00edculos el\u00e9tricos. Trata-se de um gerador linear de pist\u00e3o livre. \u00c9 essencialmente um motor a combust\u00e3o dedicado a gerar eletricidade para alimentar carros el\u00e9tricos quando as baterias ficam descarregadas. A diferen\u00e7a \u00e9 que, com um pist\u00e3o [&hellip;]","og_url":"https:\/\/www.institutodeengenharia.org.br\/site\/2013\/03\/27\/gerador-de-pistao-livre-da-mais-liberdade-aos-carros-eletricos\/","og_site_name":"Instituto de Engenharia","article_publisher":"https:\/\/www.facebook.com\/institutodeengenharia","article_published_time":"2013-03-27T23:49:04+00:00","author":"TMax Tecnologia","twitter_card":"summary_large_image","twitter_creator":"@iengenharia","twitter_site":"@iengenharia","twitter_misc":{"Escrito por":"TMax Tecnologia","Est. tempo de leitura":"3 minutos"},"schema":{"@context":"https:\/\/schema.org","@graph":[{"@type":"Article","@id":"https:\/\/www.institutodeengenharia.org.br\/site\/2013\/03\/27\/gerador-de-pistao-livre-da-mais-liberdade-aos-carros-eletricos\/#article","isPartOf":{"@id":"https:\/\/www.institutodeengenharia.org.br\/site\/2013\/03\/27\/gerador-de-pistao-livre-da-mais-liberdade-aos-carros-eletricos\/"},"author":{"name":"TMax Tecnologia","@id":"https:\/\/www.institutodeengenharia.org.br\/site\/#\/schema\/person\/3b1ff109facef084739fc2edcb9a127f"},"headline":"Gerador de pist\u00e3o livre d\u00e1 mais liberdade aos carros el\u00e9tricos","datePublished":"2013-03-27T23:49:04+00:00","mainEntityOfPage":{"@id":"https:\/\/www.institutodeengenharia.org.br\/site\/2013\/03\/27\/gerador-de-pistao-livre-da-mais-liberdade-aos-carros-eletricos\/"},"wordCount":523,"commentCount":0,"publisher":{"@id":"https:\/\/www.institutodeengenharia.org.br\/site\/#organization"},"articleSection":["Not\u00edcias","Pesquisa e Desenvolvimento"],"inLanguage":"pt-BR","potentialAction":[{"@type":"CommentAction","name":"Comment","target":["https:\/\/www.institutodeengenharia.org.br\/site\/2013\/03\/27\/gerador-de-pistao-livre-da-mais-liberdade-aos-carros-eletricos\/#respond"]}]},{"@type":"WebPage","@id":"https:\/\/www.institutodeengenharia.org.br\/site\/2013\/03\/27\/gerador-de-pistao-livre-da-mais-liberdade-aos-carros-eletricos\/","url":"https:\/\/www.institutodeengenharia.org.br\/site\/2013\/03\/27\/gerador-de-pistao-livre-da-mais-liberdade-aos-carros-eletricos\/","name":"Gerador de pist\u00e3o livre d\u00e1 mais liberdade aos carros el\u00e9tricos - Instituto de Engenharia","isPartOf":{"@id":"https:\/\/www.institutodeengenharia.org.br\/site\/#website"},"datePublished":"2013-03-27T23:49:04+00:00","breadcrumb":{"@id":"https:\/\/www.institutodeengenharia.org.br\/site\/2013\/03\/27\/gerador-de-pistao-livre-da-mais-liberdade-aos-carros-eletricos\/#breadcrumb"},"inLanguage":"pt-BR","potentialAction":[{"@type":"ReadAction","target":["https:\/\/www.institutodeengenharia.org.br\/site\/2013\/03\/27\/gerador-de-pistao-livre-da-mais-liberdade-aos-carros-eletricos\/"]}]},{"@type":"BreadcrumbList","@id":"https:\/\/www.institutodeengenharia.org.br\/site\/2013\/03\/27\/gerador-de-pistao-livre-da-mais-liberdade-aos-carros-eletricos\/#breadcrumb","itemListElement":[{"@type":"ListItem","position":1,"name":"In\u00edcio","item":"https:\/\/www.institutodeengenharia.org.br\/site\/"},{"@type":"ListItem","position":2,"name":"Gerador de pist\u00e3o livre d\u00e1 mais liberdade aos carros el\u00e9tricos"}]},{"@type":"WebSite","@id":"https:\/\/www.institutodeengenharia.org.br\/site\/#website","url":"https:\/\/www.institutodeengenharia.org.br\/site\/","name":"Instituto de Engenharia","description":"O Instituto de Engenharia promove a Engenharia em benef\u00edcio do desenvolvimento e da qualidade de vida da sociedade.","publisher":{"@id":"https:\/\/www.institutodeengenharia.org.br\/site\/#organization"},"potentialAction":[{"@type":"SearchAction","target":{"@type":"EntryPoint","urlTemplate":"https:\/\/www.institutodeengenharia.org.br\/site\/?s={search_term_string}"},"query-input":{"@type":"PropertyValueSpecification","valueRequired":true,"valueName":"search_term_string"}}],"inLanguage":"pt-BR"},{"@type":"Organization","@id":"https:\/\/www.institutodeengenharia.org.br\/site\/#organization","name":"Instituto de Engenharia","url":"https:\/\/www.institutodeengenharia.org.br\/site\/","logo":{"@type":"ImageObject","inLanguage":"pt-BR","@id":"https:\/\/www.institutodeengenharia.org.br\/site\/#\/schema\/logo\/image\/","url":"https:\/\/www.institutodeengenharia.org.br\/site\/wp-content\/uploads\/2019\/03\/logo-novo-IE2018-1.jpg","contentUrl":"https:\/\/www.institutodeengenharia.org.br\/site\/wp-content\/uploads\/2019\/03\/logo-novo-IE2018-1.jpg","width":1486,"height":1879,"caption":"Instituto de Engenharia"},"image":{"@id":"https:\/\/www.institutodeengenharia.org.br\/site\/#\/schema\/logo\/image\/"},"sameAs":["https:\/\/www.facebook.com\/institutodeengenharia","https:\/\/x.com\/iengenharia","https:\/\/www.instagram.com\/institutodeengenharia\/","https:\/\/www.linkedin.com\/company\/instituto-de-engenharia\/","https:\/\/www.youtube.com\/channel\/UCXiCAlsSMe977vamW915HxA"]},{"@type":"Person","@id":"https:\/\/www.institutodeengenharia.org.br\/site\/#\/schema\/person\/3b1ff109facef084739fc2edcb9a127f","name":"TMax Tecnologia","image":{"@type":"ImageObject","inLanguage":"pt-BR","@id":"https:\/\/secure.gravatar.com\/avatar\/f912434ef7f389c92cb311fcdae346af848465d638912574b3c669070f797701?s=96&d=mm&r=g","url":"https:\/\/secure.gravatar.com\/avatar\/f912434ef7f389c92cb311fcdae346af848465d638912574b3c669070f797701?s=96&d=mm&r=g","contentUrl":"https:\/\/secure.gravatar.com\/avatar\/f912434ef7f389c92cb311fcdae346af848465d638912574b3c669070f797701?s=96&d=mm&r=g","caption":"TMax Tecnologia"},"url":"https:\/\/www.institutodeengenharia.org.br\/site\/author\/tmax\/"}]}},"_links":{"self":[{"href":"https:\/\/www.institutodeengenharia.org.br\/site\/wp-json\/wp\/v2\/posts\/23242","targetHints":{"allow":["GET"]}}],"collection":[{"href":"https:\/\/www.institutodeengenharia.org.br\/site\/wp-json\/wp\/v2\/posts"}],"about":[{"href":"https:\/\/www.institutodeengenharia.org.br\/site\/wp-json\/wp\/v2\/types\/post"}],"author":[{"embeddable":true,"href":"https:\/\/www.institutodeengenharia.org.br\/site\/wp-json\/wp\/v2\/users\/1"}],"replies":[{"embeddable":true,"href":"https:\/\/www.institutodeengenharia.org.br\/site\/wp-json\/wp\/v2\/comments?post=23242"}],"version-history":[{"count":0,"href":"https:\/\/www.institutodeengenharia.org.br\/site\/wp-json\/wp\/v2\/posts\/23242\/revisions"}],"wp:attachment":[{"href":"https:\/\/www.institutodeengenharia.org.br\/site\/wp-json\/wp\/v2\/media?parent=23242"}],"wp:term":[{"taxonomy":"category","embeddable":true,"href":"https:\/\/www.institutodeengenharia.org.br\/site\/wp-json\/wp\/v2\/categories?post=23242"},{"taxonomy":"post_tag","embeddable":true,"href":"https:\/\/www.institutodeengenharia.org.br\/site\/wp-json\/wp\/v2\/tags?post=23242"}],"curies":[{"name":"wp","href":"https:\/\/api.w.org\/{rel}","templated":true}]}}