{"id":23191,"date":"2013-03-07T23:48:23","date_gmt":"2013-03-07T23:48:23","guid":{"rendered":"https:\/\/www.institutodeengenharia.org.br\/?p=23191"},"modified":"2013-03-07T11:31:32","modified_gmt":"2013-03-07T11:31:32","slug":"taxis-eletricos-comecam-a-circular-no-rio-de-janeiro","status":"publish","type":"post","link":"https:\/\/www.institutodeengenharia.org.br\/site\/2013\/03\/07\/taxis-eletricos-comecam-a-circular-no-rio-de-janeiro\/","title":{"rendered":"T\u00e1xis el\u00e9tricos come\u00e7am a circular no Rio de Janeiro"},"content":{"rendered":"<p>Come\u00e7aram a circular os primeiros t\u00e1xis el\u00e9tricos do Rio, um projeto que tamb\u00e9m est\u00e1 em andamento na cidade de S\u00e3o Paulo. <\/p>\n<p>O projeto, uma parceria entre a prefeitura do Rio e a montadora Nissan, dever\u00e1 levar 15 t\u00e1xis desse tipo \u00e0s ruas at\u00e9 o fim do ano. <\/p>\n<p>A partir de 2014, a ideia \u00e9 expandir o servi\u00e7o. Os carros el\u00e9tricos n\u00e3o emitem poluentes e s\u00e3o totalmente silenciosos. <\/p>\n<p>A Nissan foi a \u00fanica empresa a apresentar proposta na chamada p\u00fablica realizada pela Prefeitura do Rio durante o m\u00eas de janeiro para selecionar ve\u00edculos el\u00e9tricos que pudessem atuar no servi\u00e7o de t\u00e1xis na cidade. <\/p>\n<p>Carros verdes <\/p>\n<p>Os ve\u00edculos, que t\u00eam uma autonomia de 160 km, s\u00e3o do modelo Leaf (folha em ingl\u00eas, uma refer\u00eancia ao lado &#8220;verde&#8221; dos carros el\u00e9tricos). <\/p>\n<p>Lan\u00e7ado comercialmente nos Estados Unidos, na Europa e no Jap\u00e3o em dezembro de 2010, o modelo j\u00e1 tem mais de 50 mil unidades vendidas em todo o mundo. <\/p>\n<p>O m\u00f3dulo de 24 baterias de \u00edons de l\u00edtio pode ser recarregado em carregadores caseiros em at\u00e9 oito horas, ou em apenas 20 minutos com os carregadores r\u00e1pidos, que ser\u00e3o instalados em postos da Petrobras. <\/p>\n<p>Os motoristas n\u00e3o ter\u00e3o que arcar com os custos de abastecimento e nem pagar aluguel dos carros &#8211; os t\u00e1xis ficar\u00e3o emprestados por cerca de tr\u00eas anos. <\/p>\n<p>Todos os dias, os dois motoristas dever\u00e3o busc\u00e1-los em um pr\u00e9dio da prefeitura, em Botafogo, e lev\u00e1-los ao aeroporto. <\/p>\n<p>Com carga que possibilita rodar at\u00e9 160 quil\u00f4metros sem abastecer, os taxistas poder\u00e3o recarregar em postos da Petrobras na Barra da Tijuca e na Lagoa. Para receberem os ve\u00edculos, os profissionais passaram por treinamento de dois meses. <\/p>\n<p>O prefeito destacou o car\u00e1ter experimental da iniciativa: &#8220;\u00c9 uma fase experimental mesmo. O ideal \u00e9 que a gente consiga desenvolver subs\u00eddios para que as pessoas possam adquirir esse tipo de carro. S\u00e3o experi\u00eancias que v\u00e3o criando uma cultura&#8221;. <\/p>\n<p><b>Autor: Ag\u00eancia Brasil e Prefeitura do Rio <\/b><\/p>\n","protected":false},"excerpt":{"rendered":"<p>Come\u00e7aram a circular os primeiros t\u00e1xis el\u00e9tricos do Rio, um projeto que tamb\u00e9m est\u00e1 em andamento na cidade de S\u00e3o Paulo. O projeto, uma parceria entre a prefeitura do Rio e a montadora Nissan, dever\u00e1 levar 15 t\u00e1xis desse tipo \u00e0s ruas at\u00e9 o fim do ano. A partir de 2014, a ideia \u00e9 expandir [&hellip;]<\/p>\n","protected":false},"author":1,"featured_media":0,"comment_status":"open","ping_status":"open","sticky":false,"template":"","format":"standard","meta":{"footnotes":""},"categories":[6,41],"tags":[],"class_list":{"0":"post-23191","1":"post","2":"type-post","3":"status-publish","4":"format-standard","6":"category-noticias","7":"category-transportes"},"yoast_head":"<!-- This site is optimized with the Yoast SEO plugin v27.2 - https:\/\/yoast.com\/product\/yoast-seo-wordpress\/ -->\n<title>T\u00e1xis el\u00e9tricos come\u00e7am a circular no Rio de Janeiro - Instituto de Engenharia<\/title>\n<meta name=\"robots\" content=\"index, follow, max-snippet:-1, max-image-preview:large, max-video-preview:-1\" \/>\n<link rel=\"canonical\" href=\"https:\/\/www.institutodeengenharia.org.br\/site\/2013\/03\/07\/taxis-eletricos-comecam-a-circular-no-rio-de-janeiro\/\" \/>\n<meta property=\"og:locale\" content=\"pt_BR\" \/>\n<meta property=\"og:type\" content=\"article\" \/>\n<meta property=\"og:title\" content=\"T\u00e1xis el\u00e9tricos come\u00e7am a circular no Rio de Janeiro - Instituto de Engenharia\" \/>\n<meta property=\"og:description\" content=\"Come\u00e7aram a circular os primeiros t\u00e1xis el\u00e9tricos do Rio, um projeto que tamb\u00e9m est\u00e1 em andamento na cidade de S\u00e3o Paulo. O projeto, uma parceria entre a prefeitura do Rio e a montadora Nissan, dever\u00e1 levar 15 t\u00e1xis desse tipo \u00e0s ruas at\u00e9 o fim do ano. A partir de 2014, a ideia \u00e9 expandir [&hellip;]\" \/>\n<meta property=\"og:url\" content=\"https:\/\/www.institutodeengenharia.org.br\/site\/2013\/03\/07\/taxis-eletricos-comecam-a-circular-no-rio-de-janeiro\/\" \/>\n<meta property=\"og:site_name\" content=\"Instituto de Engenharia\" \/>\n<meta property=\"article:publisher\" content=\"https:\/\/www.facebook.com\/institutodeengenharia\" \/>\n<meta property=\"article:published_time\" content=\"2013-03-07T23:48:23+00:00\" \/>\n<meta name=\"author\" content=\"TMax Tecnologia\" \/>\n<meta name=\"twitter:card\" content=\"summary_large_image\" \/>\n<meta name=\"twitter:creator\" content=\"@iengenharia\" \/>\n<meta name=\"twitter:site\" content=\"@iengenharia\" \/>\n<meta name=\"twitter:label1\" content=\"Escrito por\" \/>\n\t<meta name=\"twitter:data1\" content=\"TMax Tecnologia\" \/>\n\t<meta name=\"twitter:label2\" content=\"Est. tempo de leitura\" \/>\n\t<meta name=\"twitter:data2\" content=\"2 minutos\" \/>\n<script type=\"application\/ld+json\" class=\"yoast-schema-graph\">{\"@context\":\"https:\/\/schema.org\",\"@graph\":[{\"@type\":\"Article\",\"@id\":\"https:\/\/www.institutodeengenharia.org.br\/site\/2013\/03\/07\/taxis-eletricos-comecam-a-circular-no-rio-de-janeiro\/#article\",\"isPartOf\":{\"@id\":\"https:\/\/www.institutodeengenharia.org.br\/site\/2013\/03\/07\/taxis-eletricos-comecam-a-circular-no-rio-de-janeiro\/\"},\"author\":{\"name\":\"TMax Tecnologia\",\"@id\":\"https:\/\/www.institutodeengenharia.org.br\/site\/#\/schema\/person\/3b1ff109facef084739fc2edcb9a127f\"},\"headline\":\"T\u00e1xis el\u00e9tricos come\u00e7am a circular no Rio de Janeiro\",\"datePublished\":\"2013-03-07T23:48:23+00:00\",\"mainEntityOfPage\":{\"@id\":\"https:\/\/www.institutodeengenharia.org.br\/site\/2013\/03\/07\/taxis-eletricos-comecam-a-circular-no-rio-de-janeiro\/\"},\"wordCount\":367,\"commentCount\":0,\"publisher\":{\"@id\":\"https:\/\/www.institutodeengenharia.org.br\/site\/#organization\"},\"articleSection\":[\"Not\u00edcias\",\"Transportes\"],\"inLanguage\":\"pt-BR\",\"potentialAction\":[{\"@type\":\"CommentAction\",\"name\":\"Comment\",\"target\":[\"https:\/\/www.institutodeengenharia.org.br\/site\/2013\/03\/07\/taxis-eletricos-comecam-a-circular-no-rio-de-janeiro\/#respond\"]}]},{\"@type\":\"WebPage\",\"@id\":\"https:\/\/www.institutodeengenharia.org.br\/site\/2013\/03\/07\/taxis-eletricos-comecam-a-circular-no-rio-de-janeiro\/\",\"url\":\"https:\/\/www.institutodeengenharia.org.br\/site\/2013\/03\/07\/taxis-eletricos-comecam-a-circular-no-rio-de-janeiro\/\",\"name\":\"T\u00e1xis el\u00e9tricos come\u00e7am a circular no Rio de Janeiro - Instituto de Engenharia\",\"isPartOf\":{\"@id\":\"https:\/\/www.institutodeengenharia.org.br\/site\/#website\"},\"datePublished\":\"2013-03-07T23:48:23+00:00\",\"breadcrumb\":{\"@id\":\"https:\/\/www.institutodeengenharia.org.br\/site\/2013\/03\/07\/taxis-eletricos-comecam-a-circular-no-rio-de-janeiro\/#breadcrumb\"},\"inLanguage\":\"pt-BR\",\"potentialAction\":[{\"@type\":\"ReadAction\",\"target\":[\"https:\/\/www.institutodeengenharia.org.br\/site\/2013\/03\/07\/taxis-eletricos-comecam-a-circular-no-rio-de-janeiro\/\"]}]},{\"@type\":\"BreadcrumbList\",\"@id\":\"https:\/\/www.institutodeengenharia.org.br\/site\/2013\/03\/07\/taxis-eletricos-comecam-a-circular-no-rio-de-janeiro\/#breadcrumb\",\"itemListElement\":[{\"@type\":\"ListItem\",\"position\":1,\"name\":\"In\u00edcio\",\"item\":\"https:\/\/www.institutodeengenharia.org.br\/site\/\"},{\"@type\":\"ListItem\",\"position\":2,\"name\":\"T\u00e1xis el\u00e9tricos come\u00e7am a circular no Rio de Janeiro\"}]},{\"@type\":\"WebSite\",\"@id\":\"https:\/\/www.institutodeengenharia.org.br\/site\/#website\",\"url\":\"https:\/\/www.institutodeengenharia.org.br\/site\/\",\"name\":\"Instituto de Engenharia\",\"description\":\"O Instituto de Engenharia promove a Engenharia em benef\u00edcio do desenvolvimento e da qualidade de vida da sociedade.\",\"publisher\":{\"@id\":\"https:\/\/www.institutodeengenharia.org.br\/site\/#organization\"},\"potentialAction\":[{\"@type\":\"SearchAction\",\"target\":{\"@type\":\"EntryPoint\",\"urlTemplate\":\"https:\/\/www.institutodeengenharia.org.br\/site\/?s={search_term_string}\"},\"query-input\":{\"@type\":\"PropertyValueSpecification\",\"valueRequired\":true,\"valueName\":\"search_term_string\"}}],\"inLanguage\":\"pt-BR\"},{\"@type\":\"Organization\",\"@id\":\"https:\/\/www.institutodeengenharia.org.br\/site\/#organization\",\"name\":\"Instituto de Engenharia\",\"url\":\"https:\/\/www.institutodeengenharia.org.br\/site\/\",\"logo\":{\"@type\":\"ImageObject\",\"inLanguage\":\"pt-BR\",\"@id\":\"https:\/\/www.institutodeengenharia.org.br\/site\/#\/schema\/logo\/image\/\",\"url\":\"https:\/\/www.institutodeengenharia.org.br\/site\/wp-content\/uploads\/2019\/03\/logo-novo-IE2018-1.jpg\",\"contentUrl\":\"https:\/\/www.institutodeengenharia.org.br\/site\/wp-content\/uploads\/2019\/03\/logo-novo-IE2018-1.jpg\",\"width\":1486,\"height\":1879,\"caption\":\"Instituto de Engenharia\"},\"image\":{\"@id\":\"https:\/\/www.institutodeengenharia.org.br\/site\/#\/schema\/logo\/image\/\"},\"sameAs\":[\"https:\/\/www.facebook.com\/institutodeengenharia\",\"https:\/\/x.com\/iengenharia\",\"https:\/\/www.instagram.com\/institutodeengenharia\/\",\"https:\/\/www.linkedin.com\/company\/instituto-de-engenharia\/\",\"https:\/\/www.youtube.com\/channel\/UCXiCAlsSMe977vamW915HxA\"]},{\"@type\":\"Person\",\"@id\":\"https:\/\/www.institutodeengenharia.org.br\/site\/#\/schema\/person\/3b1ff109facef084739fc2edcb9a127f\",\"name\":\"TMax Tecnologia\",\"image\":{\"@type\":\"ImageObject\",\"inLanguage\":\"pt-BR\",\"@id\":\"https:\/\/secure.gravatar.com\/avatar\/f912434ef7f389c92cb311fcdae346af848465d638912574b3c669070f797701?s=96&d=mm&r=g\",\"url\":\"https:\/\/secure.gravatar.com\/avatar\/f912434ef7f389c92cb311fcdae346af848465d638912574b3c669070f797701?s=96&d=mm&r=g\",\"contentUrl\":\"https:\/\/secure.gravatar.com\/avatar\/f912434ef7f389c92cb311fcdae346af848465d638912574b3c669070f797701?s=96&d=mm&r=g\",\"caption\":\"TMax Tecnologia\"},\"url\":\"https:\/\/www.institutodeengenharia.org.br\/site\/author\/tmax\/\"}]}<\/script>\n<!-- \/ Yoast SEO plugin. -->","yoast_head_json":{"title":"T\u00e1xis el\u00e9tricos come\u00e7am a circular no Rio de Janeiro - Instituto de Engenharia","robots":{"index":"index","follow":"follow","max-snippet":"max-snippet:-1","max-image-preview":"max-image-preview:large","max-video-preview":"max-video-preview:-1"},"canonical":"https:\/\/www.institutodeengenharia.org.br\/site\/2013\/03\/07\/taxis-eletricos-comecam-a-circular-no-rio-de-janeiro\/","og_locale":"pt_BR","og_type":"article","og_title":"T\u00e1xis el\u00e9tricos come\u00e7am a circular no Rio de Janeiro - Instituto de Engenharia","og_description":"Come\u00e7aram a circular os primeiros t\u00e1xis el\u00e9tricos do Rio, um projeto que tamb\u00e9m est\u00e1 em andamento na cidade de S\u00e3o Paulo. O projeto, uma parceria entre a prefeitura do Rio e a montadora Nissan, dever\u00e1 levar 15 t\u00e1xis desse tipo \u00e0s ruas at\u00e9 o fim do ano. A partir de 2014, a ideia \u00e9 expandir [&hellip;]","og_url":"https:\/\/www.institutodeengenharia.org.br\/site\/2013\/03\/07\/taxis-eletricos-comecam-a-circular-no-rio-de-janeiro\/","og_site_name":"Instituto de Engenharia","article_publisher":"https:\/\/www.facebook.com\/institutodeengenharia","article_published_time":"2013-03-07T23:48:23+00:00","author":"TMax Tecnologia","twitter_card":"summary_large_image","twitter_creator":"@iengenharia","twitter_site":"@iengenharia","twitter_misc":{"Escrito por":"TMax Tecnologia","Est. tempo de leitura":"2 minutos"},"schema":{"@context":"https:\/\/schema.org","@graph":[{"@type":"Article","@id":"https:\/\/www.institutodeengenharia.org.br\/site\/2013\/03\/07\/taxis-eletricos-comecam-a-circular-no-rio-de-janeiro\/#article","isPartOf":{"@id":"https:\/\/www.institutodeengenharia.org.br\/site\/2013\/03\/07\/taxis-eletricos-comecam-a-circular-no-rio-de-janeiro\/"},"author":{"name":"TMax Tecnologia","@id":"https:\/\/www.institutodeengenharia.org.br\/site\/#\/schema\/person\/3b1ff109facef084739fc2edcb9a127f"},"headline":"T\u00e1xis el\u00e9tricos come\u00e7am a circular no Rio de Janeiro","datePublished":"2013-03-07T23:48:23+00:00","mainEntityOfPage":{"@id":"https:\/\/www.institutodeengenharia.org.br\/site\/2013\/03\/07\/taxis-eletricos-comecam-a-circular-no-rio-de-janeiro\/"},"wordCount":367,"commentCount":0,"publisher":{"@id":"https:\/\/www.institutodeengenharia.org.br\/site\/#organization"},"articleSection":["Not\u00edcias","Transportes"],"inLanguage":"pt-BR","potentialAction":[{"@type":"CommentAction","name":"Comment","target":["https:\/\/www.institutodeengenharia.org.br\/site\/2013\/03\/07\/taxis-eletricos-comecam-a-circular-no-rio-de-janeiro\/#respond"]}]},{"@type":"WebPage","@id":"https:\/\/www.institutodeengenharia.org.br\/site\/2013\/03\/07\/taxis-eletricos-comecam-a-circular-no-rio-de-janeiro\/","url":"https:\/\/www.institutodeengenharia.org.br\/site\/2013\/03\/07\/taxis-eletricos-comecam-a-circular-no-rio-de-janeiro\/","name":"T\u00e1xis el\u00e9tricos come\u00e7am a circular no Rio de Janeiro - Instituto de Engenharia","isPartOf":{"@id":"https:\/\/www.institutodeengenharia.org.br\/site\/#website"},"datePublished":"2013-03-07T23:48:23+00:00","breadcrumb":{"@id":"https:\/\/www.institutodeengenharia.org.br\/site\/2013\/03\/07\/taxis-eletricos-comecam-a-circular-no-rio-de-janeiro\/#breadcrumb"},"inLanguage":"pt-BR","potentialAction":[{"@type":"ReadAction","target":["https:\/\/www.institutodeengenharia.org.br\/site\/2013\/03\/07\/taxis-eletricos-comecam-a-circular-no-rio-de-janeiro\/"]}]},{"@type":"BreadcrumbList","@id":"https:\/\/www.institutodeengenharia.org.br\/site\/2013\/03\/07\/taxis-eletricos-comecam-a-circular-no-rio-de-janeiro\/#breadcrumb","itemListElement":[{"@type":"ListItem","position":1,"name":"In\u00edcio","item":"https:\/\/www.institutodeengenharia.org.br\/site\/"},{"@type":"ListItem","position":2,"name":"T\u00e1xis el\u00e9tricos come\u00e7am a circular no Rio de Janeiro"}]},{"@type":"WebSite","@id":"https:\/\/www.institutodeengenharia.org.br\/site\/#website","url":"https:\/\/www.institutodeengenharia.org.br\/site\/","name":"Instituto de Engenharia","description":"O Instituto de Engenharia promove a Engenharia em benef\u00edcio do desenvolvimento e da qualidade de vida da sociedade.","publisher":{"@id":"https:\/\/www.institutodeengenharia.org.br\/site\/#organization"},"potentialAction":[{"@type":"SearchAction","target":{"@type":"EntryPoint","urlTemplate":"https:\/\/www.institutodeengenharia.org.br\/site\/?s={search_term_string}"},"query-input":{"@type":"PropertyValueSpecification","valueRequired":true,"valueName":"search_term_string"}}],"inLanguage":"pt-BR"},{"@type":"Organization","@id":"https:\/\/www.institutodeengenharia.org.br\/site\/#organization","name":"Instituto de Engenharia","url":"https:\/\/www.institutodeengenharia.org.br\/site\/","logo":{"@type":"ImageObject","inLanguage":"pt-BR","@id":"https:\/\/www.institutodeengenharia.org.br\/site\/#\/schema\/logo\/image\/","url":"https:\/\/www.institutodeengenharia.org.br\/site\/wp-content\/uploads\/2019\/03\/logo-novo-IE2018-1.jpg","contentUrl":"https:\/\/www.institutodeengenharia.org.br\/site\/wp-content\/uploads\/2019\/03\/logo-novo-IE2018-1.jpg","width":1486,"height":1879,"caption":"Instituto de Engenharia"},"image":{"@id":"https:\/\/www.institutodeengenharia.org.br\/site\/#\/schema\/logo\/image\/"},"sameAs":["https:\/\/www.facebook.com\/institutodeengenharia","https:\/\/x.com\/iengenharia","https:\/\/www.instagram.com\/institutodeengenharia\/","https:\/\/www.linkedin.com\/company\/instituto-de-engenharia\/","https:\/\/www.youtube.com\/channel\/UCXiCAlsSMe977vamW915HxA"]},{"@type":"Person","@id":"https:\/\/www.institutodeengenharia.org.br\/site\/#\/schema\/person\/3b1ff109facef084739fc2edcb9a127f","name":"TMax Tecnologia","image":{"@type":"ImageObject","inLanguage":"pt-BR","@id":"https:\/\/secure.gravatar.com\/avatar\/f912434ef7f389c92cb311fcdae346af848465d638912574b3c669070f797701?s=96&d=mm&r=g","url":"https:\/\/secure.gravatar.com\/avatar\/f912434ef7f389c92cb311fcdae346af848465d638912574b3c669070f797701?s=96&d=mm&r=g","contentUrl":"https:\/\/secure.gravatar.com\/avatar\/f912434ef7f389c92cb311fcdae346af848465d638912574b3c669070f797701?s=96&d=mm&r=g","caption":"TMax Tecnologia"},"url":"https:\/\/www.institutodeengenharia.org.br\/site\/author\/tmax\/"}]}},"_links":{"self":[{"href":"https:\/\/www.institutodeengenharia.org.br\/site\/wp-json\/wp\/v2\/posts\/23191","targetHints":{"allow":["GET"]}}],"collection":[{"href":"https:\/\/www.institutodeengenharia.org.br\/site\/wp-json\/wp\/v2\/posts"}],"about":[{"href":"https:\/\/www.institutodeengenharia.org.br\/site\/wp-json\/wp\/v2\/types\/post"}],"author":[{"embeddable":true,"href":"https:\/\/www.institutodeengenharia.org.br\/site\/wp-json\/wp\/v2\/users\/1"}],"replies":[{"embeddable":true,"href":"https:\/\/www.institutodeengenharia.org.br\/site\/wp-json\/wp\/v2\/comments?post=23191"}],"version-history":[{"count":0,"href":"https:\/\/www.institutodeengenharia.org.br\/site\/wp-json\/wp\/v2\/posts\/23191\/revisions"}],"wp:attachment":[{"href":"https:\/\/www.institutodeengenharia.org.br\/site\/wp-json\/wp\/v2\/media?parent=23191"}],"wp:term":[{"taxonomy":"category","embeddable":true,"href":"https:\/\/www.institutodeengenharia.org.br\/site\/wp-json\/wp\/v2\/categories?post=23191"},{"taxonomy":"post_tag","embeddable":true,"href":"https:\/\/www.institutodeengenharia.org.br\/site\/wp-json\/wp\/v2\/tags?post=23191"}],"curies":[{"name":"wp","href":"https:\/\/api.w.org\/{rel}","templated":true}]}}