{"id":23175,"date":"2013-02-26T23:48:08","date_gmt":"2013-02-26T23:48:08","guid":{"rendered":"https:\/\/www.institutodeengenharia.org.br\/?p=23175"},"modified":"2013-02-26T15:42:40","modified_gmt":"2013-02-26T15:42:40","slug":"viajar-meio-sentado-meio-em-pe-e-proposta-para-transito-urbano","status":"publish","type":"post","link":"https:\/\/www.institutodeengenharia.org.br\/site\/2013\/02\/26\/viajar-meio-sentado-meio-em-pe-e-proposta-para-transito-urbano\/","title":{"rendered":"Viajar meio sentado, meio em p\u00e9, \u00e9 proposta para tr\u00e2nsito urbano"},"content":{"rendered":"<p>\n<em>Rinspeed microMAX ocupa pouco espa\u00e7o na rua (menos que um Mille) e pode levar pessoas e bagagem <\/p>\n<p><\/em><br \/>\nEmbora nos grandes centros urbanos dos pa\u00edses centrais o crescimento da frota seja quase exclusivamente vegetativo, ela continua a aumentar. Como espa\u00e7o para amplia\u00e7\u00e3o das vias est\u00e1 esgotado, algo precisa acontecer para manter o fluxo de ve\u00edculos no futuro dentro de par\u00e2metros razo\u00e1veis. At\u00e9 entre os emergentes o problema de circula\u00e7\u00e3o vai se agravar ao longo do tempo. <\/p>\n<p>Se n\u00e3o se torna poss\u00edvel alargar ou abrir novas ruas e avenidas, o jeito \u00e9 diminuir o tamanho dos ve\u00edculos. Carros estreitos apresentam limites. H\u00e1 planos da Volkswagen, mas at\u00e9 agora n\u00e3o existe um citadino de produ\u00e7\u00e3o seriada, de dois lugares, em que o passageiro viaje atr\u00e1s do motorista, reduzindo de forma dr\u00e1stica a largura. Outra forma \u00e9 encurtar o comprimento. Mas tamb\u00e9m a\u00ed os ganhos s\u00e3o limitados. <\/p>\n<p>A \u00fanica dimens\u00e3o em que os autom\u00f3veis podem crescer, sem ocupar espa\u00e7o vi\u00e1rio, \u00e9 para cima. Assim, mais pessoas se acomodariam a bordo, sem agravar tanto os problemas de tr\u00e2nsito. Elevar o teto aumenta \u00e1rea frontal e piora a aerodin\u00e2mica, por\u00e9m n\u00e3o \u00e9 problema em baixas velocidades dos deslocamentos urbanos. <\/p>\n<p>Agora surge um carro-conceito da vision\u00e1ria empresa su\u00ed\u00e7a Rinspeed. O fundador e principal executivo, Frank Rinderknecht, consegue todos os anos, no Sal\u00e3o de Genebra, apresentar algo novo. Sempre criativo, \u00e0s vezes prop\u00f5e coisas que beiram o del\u00edrio, mas dessa vez decidiu n\u00e3o exagerar. <\/p>\n<p>Na pr\u00f3xima edi\u00e7\u00e3o do sal\u00e3o, de 7 a 17 de mar\u00e7o, Frank apresentar\u00e1 o microMAX que, para ele, revolucionaria a locomo\u00e7\u00e3o de curta dist\u00e2ncia, capaz de juntar os meios de transporte pessoal e p\u00fablico. &#8220;Recursos modernos de compartilhamento de ve\u00edculos s\u00e3o baseados na internet e em telefones inteligentes, em tempo real. Para ir ao trabalho ou \u00e0s compras pode-se consultar quem est\u00e1 disposto a oferecer ou aceitar uma carona. Para isso, o microMAX oferece flexibilidade \u00fanica em raz\u00e3o dos bancos que permitem a motoristas e passageiros &#039;sentar eretos&#039; sem causar inc\u00f4modos em curtas dist\u00e2ncias&#8221;, explica. <\/p>\n<p>O carro tem apenas 3,6 metros de comprimento (9 cm menos que um Mille, por exemplo) e espa\u00e7o amplo para motorista, tr\u00eas passageiros e um carrinho de beb\u00ea ou de compras. Com 2,2 metros de altura, permite instalar bancos em que as pessoas viajam quase em p\u00e9, sem perder muito conforto, e protegidas por cintos de seguran\u00e7a de tr\u00eas pontos. A sensa\u00e7\u00e3o \u00e9 de estar em uma sala de casa, pois inclui m\u00e1quina de caf\u00e9, minibar refrigerado e sistema completo de conectividade e entretenimento. <\/p>\n<p>O executivo espera que o seu ve\u00edculo n\u00e3o sirva apenas como t\u00e1xi, mas tamb\u00e9m possa atrair pessoas engajadas na ideia do transporte solid\u00e1rio e preocupadas em diminuir os congestionamentos e as emiss\u00f5es de di\u00f3xido de carbono (g\u00e1s estufa). Ele tamb\u00e9m imagina que um modelo desse tipo deva utilizar apenas propuls\u00e3o el\u00e9trica. Nada comentou como conseguiria homologar o microMAX sem bolsas de ar e itens de seguran\u00e7a passiva. <\/p>\n<p>Viagens em posi\u00e7\u00e3o quase em p\u00e9 ou semissentada surgiram na companhia a\u00e9rea irlandesa de baixo custo Ryanair. A proposta era diminuir ainda mais as tarifas em voos curtos, ao transportar mais passageiros no mesmo espa\u00e7o. At\u00e9 os cintos de tr\u00eas pontos eram semelhantes. A ideia, por\u00e9m, n\u00e3o prosperou. <\/p>\n<p><b>Autor: UOL<\/b><\/p>\n","protected":false},"excerpt":{"rendered":"<p>Rinspeed microMAX ocupa pouco espa\u00e7o na rua (menos que um Mille) e pode levar pessoas e bagagem Embora nos grandes centros urbanos dos pa\u00edses centrais o crescimento da frota seja quase exclusivamente vegetativo, ela continua a aumentar. Como espa\u00e7o para amplia\u00e7\u00e3o das vias est\u00e1 esgotado, algo precisa acontecer para manter o fluxo de ve\u00edculos no [&hellip;]<\/p>\n","protected":false},"author":1,"featured_media":23176,"comment_status":"open","ping_status":"open","sticky":false,"template":"","format":"standard","meta":{"footnotes":""},"categories":[6,41],"tags":[],"class_list":{"0":"post-23175","1":"post","2":"type-post","3":"status-publish","4":"format-standard","5":"has-post-thumbnail","7":"category-noticias","8":"category-transportes"},"yoast_head":"<!-- This site is optimized with the Yoast SEO plugin v27.2 - https:\/\/yoast.com\/product\/yoast-seo-wordpress\/ -->\n<title>Viajar meio sentado, meio em p\u00e9, \u00e9 proposta para tr\u00e2nsito urbano - Instituto de Engenharia<\/title>\n<meta name=\"robots\" content=\"index, follow, max-snippet:-1, max-image-preview:large, max-video-preview:-1\" \/>\n<link rel=\"canonical\" href=\"https:\/\/www.institutodeengenharia.org.br\/site\/2013\/02\/26\/viajar-meio-sentado-meio-em-pe-e-proposta-para-transito-urbano\/\" \/>\n<meta property=\"og:locale\" content=\"pt_BR\" \/>\n<meta property=\"og:type\" content=\"article\" \/>\n<meta property=\"og:title\" content=\"Viajar meio sentado, meio em p\u00e9, \u00e9 proposta para tr\u00e2nsito urbano - Instituto de Engenharia\" \/>\n<meta property=\"og:description\" content=\"Rinspeed microMAX ocupa pouco espa\u00e7o na rua (menos que um Mille) e pode levar pessoas e bagagem Embora nos grandes centros urbanos dos pa\u00edses centrais o crescimento da frota seja quase exclusivamente vegetativo, ela continua a aumentar. Como espa\u00e7o para amplia\u00e7\u00e3o das vias est\u00e1 esgotado, algo precisa acontecer para manter o fluxo de ve\u00edculos no [&hellip;]\" \/>\n<meta property=\"og:url\" content=\"https:\/\/www.institutodeengenharia.org.br\/site\/2013\/02\/26\/viajar-meio-sentado-meio-em-pe-e-proposta-para-transito-urbano\/\" \/>\n<meta property=\"og:site_name\" content=\"Instituto de Engenharia\" \/>\n<meta property=\"article:publisher\" content=\"https:\/\/www.facebook.com\/institutodeengenharia\" \/>\n<meta property=\"article:published_time\" content=\"2013-02-26T23:48:08+00:00\" \/>\n<meta property=\"og:image\" content=\"https:\/\/www.institutodeengenharia.org.br\/site\/wp-content\/uploads\/2017\/10\/transporte_1.png\" \/>\n\t<meta property=\"og:image:width\" content=\"615\" \/>\n\t<meta property=\"og:image:height\" content=\"300\" \/>\n\t<meta property=\"og:image:type\" content=\"image\/png\" \/>\n<meta name=\"author\" content=\"TMax Tecnologia\" \/>\n<meta name=\"twitter:card\" content=\"summary_large_image\" \/>\n<meta name=\"twitter:creator\" content=\"@iengenharia\" \/>\n<meta name=\"twitter:site\" content=\"@iengenharia\" \/>\n<meta name=\"twitter:label1\" content=\"Escrito por\" \/>\n\t<meta name=\"twitter:data1\" content=\"TMax Tecnologia\" \/>\n\t<meta name=\"twitter:label2\" content=\"Est. tempo de leitura\" \/>\n\t<meta name=\"twitter:data2\" content=\"3 minutos\" \/>\n<script type=\"application\/ld+json\" class=\"yoast-schema-graph\">{\"@context\":\"https:\/\/schema.org\",\"@graph\":[{\"@type\":\"Article\",\"@id\":\"https:\/\/www.institutodeengenharia.org.br\/site\/2013\/02\/26\/viajar-meio-sentado-meio-em-pe-e-proposta-para-transito-urbano\/#article\",\"isPartOf\":{\"@id\":\"https:\/\/www.institutodeengenharia.org.br\/site\/2013\/02\/26\/viajar-meio-sentado-meio-em-pe-e-proposta-para-transito-urbano\/\"},\"author\":{\"name\":\"TMax Tecnologia\",\"@id\":\"https:\/\/www.institutodeengenharia.org.br\/site\/#\/schema\/person\/3b1ff109facef084739fc2edcb9a127f\"},\"headline\":\"Viajar meio sentado, meio em p\u00e9, \u00e9 proposta para tr\u00e2nsito urbano\",\"datePublished\":\"2013-02-26T23:48:08+00:00\",\"mainEntityOfPage\":{\"@id\":\"https:\/\/www.institutodeengenharia.org.br\/site\/2013\/02\/26\/viajar-meio-sentado-meio-em-pe-e-proposta-para-transito-urbano\/\"},\"wordCount\":600,\"commentCount\":0,\"publisher\":{\"@id\":\"https:\/\/www.institutodeengenharia.org.br\/site\/#organization\"},\"image\":{\"@id\":\"https:\/\/www.institutodeengenharia.org.br\/site\/2013\/02\/26\/viajar-meio-sentado-meio-em-pe-e-proposta-para-transito-urbano\/#primaryimage\"},\"thumbnailUrl\":\"https:\/\/www.institutodeengenharia.org.br\/site\/wp-content\/uploads\/2017\/10\/transporte_1.png\",\"articleSection\":[\"Not\u00edcias\",\"Transportes\"],\"inLanguage\":\"pt-BR\",\"potentialAction\":[{\"@type\":\"CommentAction\",\"name\":\"Comment\",\"target\":[\"https:\/\/www.institutodeengenharia.org.br\/site\/2013\/02\/26\/viajar-meio-sentado-meio-em-pe-e-proposta-para-transito-urbano\/#respond\"]}]},{\"@type\":\"WebPage\",\"@id\":\"https:\/\/www.institutodeengenharia.org.br\/site\/2013\/02\/26\/viajar-meio-sentado-meio-em-pe-e-proposta-para-transito-urbano\/\",\"url\":\"https:\/\/www.institutodeengenharia.org.br\/site\/2013\/02\/26\/viajar-meio-sentado-meio-em-pe-e-proposta-para-transito-urbano\/\",\"name\":\"Viajar meio sentado, meio em p\u00e9, \u00e9 proposta para tr\u00e2nsito urbano - Instituto de Engenharia\",\"isPartOf\":{\"@id\":\"https:\/\/www.institutodeengenharia.org.br\/site\/#website\"},\"primaryImageOfPage\":{\"@id\":\"https:\/\/www.institutodeengenharia.org.br\/site\/2013\/02\/26\/viajar-meio-sentado-meio-em-pe-e-proposta-para-transito-urbano\/#primaryimage\"},\"image\":{\"@id\":\"https:\/\/www.institutodeengenharia.org.br\/site\/2013\/02\/26\/viajar-meio-sentado-meio-em-pe-e-proposta-para-transito-urbano\/#primaryimage\"},\"thumbnailUrl\":\"https:\/\/www.institutodeengenharia.org.br\/site\/wp-content\/uploads\/2017\/10\/transporte_1.png\",\"datePublished\":\"2013-02-26T23:48:08+00:00\",\"breadcrumb\":{\"@id\":\"https:\/\/www.institutodeengenharia.org.br\/site\/2013\/02\/26\/viajar-meio-sentado-meio-em-pe-e-proposta-para-transito-urbano\/#breadcrumb\"},\"inLanguage\":\"pt-BR\",\"potentialAction\":[{\"@type\":\"ReadAction\",\"target\":[\"https:\/\/www.institutodeengenharia.org.br\/site\/2013\/02\/26\/viajar-meio-sentado-meio-em-pe-e-proposta-para-transito-urbano\/\"]}]},{\"@type\":\"ImageObject\",\"inLanguage\":\"pt-BR\",\"@id\":\"https:\/\/www.institutodeengenharia.org.br\/site\/2013\/02\/26\/viajar-meio-sentado-meio-em-pe-e-proposta-para-transito-urbano\/#primaryimage\",\"url\":\"https:\/\/www.institutodeengenharia.org.br\/site\/wp-content\/uploads\/2017\/10\/transporte_1.png\",\"contentUrl\":\"https:\/\/www.institutodeengenharia.org.br\/site\/wp-content\/uploads\/2017\/10\/transporte_1.png\",\"width\":615,\"height\":300},{\"@type\":\"BreadcrumbList\",\"@id\":\"https:\/\/www.institutodeengenharia.org.br\/site\/2013\/02\/26\/viajar-meio-sentado-meio-em-pe-e-proposta-para-transito-urbano\/#breadcrumb\",\"itemListElement\":[{\"@type\":\"ListItem\",\"position\":1,\"name\":\"In\u00edcio\",\"item\":\"https:\/\/www.institutodeengenharia.org.br\/site\/\"},{\"@type\":\"ListItem\",\"position\":2,\"name\":\"Viajar meio sentado, meio em p\u00e9, \u00e9 proposta para tr\u00e2nsito urbano\"}]},{\"@type\":\"WebSite\",\"@id\":\"https:\/\/www.institutodeengenharia.org.br\/site\/#website\",\"url\":\"https:\/\/www.institutodeengenharia.org.br\/site\/\",\"name\":\"Instituto de Engenharia\",\"description\":\"O Instituto de Engenharia promove a Engenharia em benef\u00edcio do desenvolvimento e da qualidade de vida da sociedade.\",\"publisher\":{\"@id\":\"https:\/\/www.institutodeengenharia.org.br\/site\/#organization\"},\"potentialAction\":[{\"@type\":\"SearchAction\",\"target\":{\"@type\":\"EntryPoint\",\"urlTemplate\":\"https:\/\/www.institutodeengenharia.org.br\/site\/?s={search_term_string}\"},\"query-input\":{\"@type\":\"PropertyValueSpecification\",\"valueRequired\":true,\"valueName\":\"search_term_string\"}}],\"inLanguage\":\"pt-BR\"},{\"@type\":\"Organization\",\"@id\":\"https:\/\/www.institutodeengenharia.org.br\/site\/#organization\",\"name\":\"Instituto de Engenharia\",\"url\":\"https:\/\/www.institutodeengenharia.org.br\/site\/\",\"logo\":{\"@type\":\"ImageObject\",\"inLanguage\":\"pt-BR\",\"@id\":\"https:\/\/www.institutodeengenharia.org.br\/site\/#\/schema\/logo\/image\/\",\"url\":\"https:\/\/www.institutodeengenharia.org.br\/site\/wp-content\/uploads\/2019\/03\/logo-novo-IE2018-1.jpg\",\"contentUrl\":\"https:\/\/www.institutodeengenharia.org.br\/site\/wp-content\/uploads\/2019\/03\/logo-novo-IE2018-1.jpg\",\"width\":1486,\"height\":1879,\"caption\":\"Instituto de Engenharia\"},\"image\":{\"@id\":\"https:\/\/www.institutodeengenharia.org.br\/site\/#\/schema\/logo\/image\/\"},\"sameAs\":[\"https:\/\/www.facebook.com\/institutodeengenharia\",\"https:\/\/x.com\/iengenharia\",\"https:\/\/www.instagram.com\/institutodeengenharia\/\",\"https:\/\/www.linkedin.com\/company\/instituto-de-engenharia\/\",\"https:\/\/www.youtube.com\/channel\/UCXiCAlsSMe977vamW915HxA\"]},{\"@type\":\"Person\",\"@id\":\"https:\/\/www.institutodeengenharia.org.br\/site\/#\/schema\/person\/3b1ff109facef084739fc2edcb9a127f\",\"name\":\"TMax Tecnologia\",\"image\":{\"@type\":\"ImageObject\",\"inLanguage\":\"pt-BR\",\"@id\":\"https:\/\/secure.gravatar.com\/avatar\/f912434ef7f389c92cb311fcdae346af848465d638912574b3c669070f797701?s=96&d=mm&r=g\",\"url\":\"https:\/\/secure.gravatar.com\/avatar\/f912434ef7f389c92cb311fcdae346af848465d638912574b3c669070f797701?s=96&d=mm&r=g\",\"contentUrl\":\"https:\/\/secure.gravatar.com\/avatar\/f912434ef7f389c92cb311fcdae346af848465d638912574b3c669070f797701?s=96&d=mm&r=g\",\"caption\":\"TMax Tecnologia\"},\"url\":\"https:\/\/www.institutodeengenharia.org.br\/site\/author\/tmax\/\"}]}<\/script>\n<!-- \/ Yoast SEO plugin. -->","yoast_head_json":{"title":"Viajar meio sentado, meio em p\u00e9, \u00e9 proposta para tr\u00e2nsito urbano - Instituto de Engenharia","robots":{"index":"index","follow":"follow","max-snippet":"max-snippet:-1","max-image-preview":"max-image-preview:large","max-video-preview":"max-video-preview:-1"},"canonical":"https:\/\/www.institutodeengenharia.org.br\/site\/2013\/02\/26\/viajar-meio-sentado-meio-em-pe-e-proposta-para-transito-urbano\/","og_locale":"pt_BR","og_type":"article","og_title":"Viajar meio sentado, meio em p\u00e9, \u00e9 proposta para tr\u00e2nsito urbano - Instituto de Engenharia","og_description":"Rinspeed microMAX ocupa pouco espa\u00e7o na rua (menos que um Mille) e pode levar pessoas e bagagem Embora nos grandes centros urbanos dos pa\u00edses centrais o crescimento da frota seja quase exclusivamente vegetativo, ela continua a aumentar. Como espa\u00e7o para amplia\u00e7\u00e3o das vias est\u00e1 esgotado, algo precisa acontecer para manter o fluxo de ve\u00edculos no [&hellip;]","og_url":"https:\/\/www.institutodeengenharia.org.br\/site\/2013\/02\/26\/viajar-meio-sentado-meio-em-pe-e-proposta-para-transito-urbano\/","og_site_name":"Instituto de Engenharia","article_publisher":"https:\/\/www.facebook.com\/institutodeengenharia","article_published_time":"2013-02-26T23:48:08+00:00","og_image":[{"width":615,"height":300,"url":"https:\/\/www.institutodeengenharia.org.br\/site\/wp-content\/uploads\/2017\/10\/transporte_1.png","type":"image\/png"}],"author":"TMax Tecnologia","twitter_card":"summary_large_image","twitter_creator":"@iengenharia","twitter_site":"@iengenharia","twitter_misc":{"Escrito por":"TMax Tecnologia","Est. tempo de leitura":"3 minutos"},"schema":{"@context":"https:\/\/schema.org","@graph":[{"@type":"Article","@id":"https:\/\/www.institutodeengenharia.org.br\/site\/2013\/02\/26\/viajar-meio-sentado-meio-em-pe-e-proposta-para-transito-urbano\/#article","isPartOf":{"@id":"https:\/\/www.institutodeengenharia.org.br\/site\/2013\/02\/26\/viajar-meio-sentado-meio-em-pe-e-proposta-para-transito-urbano\/"},"author":{"name":"TMax Tecnologia","@id":"https:\/\/www.institutodeengenharia.org.br\/site\/#\/schema\/person\/3b1ff109facef084739fc2edcb9a127f"},"headline":"Viajar meio sentado, meio em p\u00e9, \u00e9 proposta para tr\u00e2nsito urbano","datePublished":"2013-02-26T23:48:08+00:00","mainEntityOfPage":{"@id":"https:\/\/www.institutodeengenharia.org.br\/site\/2013\/02\/26\/viajar-meio-sentado-meio-em-pe-e-proposta-para-transito-urbano\/"},"wordCount":600,"commentCount":0,"publisher":{"@id":"https:\/\/www.institutodeengenharia.org.br\/site\/#organization"},"image":{"@id":"https:\/\/www.institutodeengenharia.org.br\/site\/2013\/02\/26\/viajar-meio-sentado-meio-em-pe-e-proposta-para-transito-urbano\/#primaryimage"},"thumbnailUrl":"https:\/\/www.institutodeengenharia.org.br\/site\/wp-content\/uploads\/2017\/10\/transporte_1.png","articleSection":["Not\u00edcias","Transportes"],"inLanguage":"pt-BR","potentialAction":[{"@type":"CommentAction","name":"Comment","target":["https:\/\/www.institutodeengenharia.org.br\/site\/2013\/02\/26\/viajar-meio-sentado-meio-em-pe-e-proposta-para-transito-urbano\/#respond"]}]},{"@type":"WebPage","@id":"https:\/\/www.institutodeengenharia.org.br\/site\/2013\/02\/26\/viajar-meio-sentado-meio-em-pe-e-proposta-para-transito-urbano\/","url":"https:\/\/www.institutodeengenharia.org.br\/site\/2013\/02\/26\/viajar-meio-sentado-meio-em-pe-e-proposta-para-transito-urbano\/","name":"Viajar meio sentado, meio em p\u00e9, \u00e9 proposta para tr\u00e2nsito urbano - Instituto de Engenharia","isPartOf":{"@id":"https:\/\/www.institutodeengenharia.org.br\/site\/#website"},"primaryImageOfPage":{"@id":"https:\/\/www.institutodeengenharia.org.br\/site\/2013\/02\/26\/viajar-meio-sentado-meio-em-pe-e-proposta-para-transito-urbano\/#primaryimage"},"image":{"@id":"https:\/\/www.institutodeengenharia.org.br\/site\/2013\/02\/26\/viajar-meio-sentado-meio-em-pe-e-proposta-para-transito-urbano\/#primaryimage"},"thumbnailUrl":"https:\/\/www.institutodeengenharia.org.br\/site\/wp-content\/uploads\/2017\/10\/transporte_1.png","datePublished":"2013-02-26T23:48:08+00:00","breadcrumb":{"@id":"https:\/\/www.institutodeengenharia.org.br\/site\/2013\/02\/26\/viajar-meio-sentado-meio-em-pe-e-proposta-para-transito-urbano\/#breadcrumb"},"inLanguage":"pt-BR","potentialAction":[{"@type":"ReadAction","target":["https:\/\/www.institutodeengenharia.org.br\/site\/2013\/02\/26\/viajar-meio-sentado-meio-em-pe-e-proposta-para-transito-urbano\/"]}]},{"@type":"ImageObject","inLanguage":"pt-BR","@id":"https:\/\/www.institutodeengenharia.org.br\/site\/2013\/02\/26\/viajar-meio-sentado-meio-em-pe-e-proposta-para-transito-urbano\/#primaryimage","url":"https:\/\/www.institutodeengenharia.org.br\/site\/wp-content\/uploads\/2017\/10\/transporte_1.png","contentUrl":"https:\/\/www.institutodeengenharia.org.br\/site\/wp-content\/uploads\/2017\/10\/transporte_1.png","width":615,"height":300},{"@type":"BreadcrumbList","@id":"https:\/\/www.institutodeengenharia.org.br\/site\/2013\/02\/26\/viajar-meio-sentado-meio-em-pe-e-proposta-para-transito-urbano\/#breadcrumb","itemListElement":[{"@type":"ListItem","position":1,"name":"In\u00edcio","item":"https:\/\/www.institutodeengenharia.org.br\/site\/"},{"@type":"ListItem","position":2,"name":"Viajar meio sentado, meio em p\u00e9, \u00e9 proposta para tr\u00e2nsito urbano"}]},{"@type":"WebSite","@id":"https:\/\/www.institutodeengenharia.org.br\/site\/#website","url":"https:\/\/www.institutodeengenharia.org.br\/site\/","name":"Instituto de Engenharia","description":"O Instituto de Engenharia promove a Engenharia em benef\u00edcio do desenvolvimento e da qualidade de vida da sociedade.","publisher":{"@id":"https:\/\/www.institutodeengenharia.org.br\/site\/#organization"},"potentialAction":[{"@type":"SearchAction","target":{"@type":"EntryPoint","urlTemplate":"https:\/\/www.institutodeengenharia.org.br\/site\/?s={search_term_string}"},"query-input":{"@type":"PropertyValueSpecification","valueRequired":true,"valueName":"search_term_string"}}],"inLanguage":"pt-BR"},{"@type":"Organization","@id":"https:\/\/www.institutodeengenharia.org.br\/site\/#organization","name":"Instituto de Engenharia","url":"https:\/\/www.institutodeengenharia.org.br\/site\/","logo":{"@type":"ImageObject","inLanguage":"pt-BR","@id":"https:\/\/www.institutodeengenharia.org.br\/site\/#\/schema\/logo\/image\/","url":"https:\/\/www.institutodeengenharia.org.br\/site\/wp-content\/uploads\/2019\/03\/logo-novo-IE2018-1.jpg","contentUrl":"https:\/\/www.institutodeengenharia.org.br\/site\/wp-content\/uploads\/2019\/03\/logo-novo-IE2018-1.jpg","width":1486,"height":1879,"caption":"Instituto de Engenharia"},"image":{"@id":"https:\/\/www.institutodeengenharia.org.br\/site\/#\/schema\/logo\/image\/"},"sameAs":["https:\/\/www.facebook.com\/institutodeengenharia","https:\/\/x.com\/iengenharia","https:\/\/www.instagram.com\/institutodeengenharia\/","https:\/\/www.linkedin.com\/company\/instituto-de-engenharia\/","https:\/\/www.youtube.com\/channel\/UCXiCAlsSMe977vamW915HxA"]},{"@type":"Person","@id":"https:\/\/www.institutodeengenharia.org.br\/site\/#\/schema\/person\/3b1ff109facef084739fc2edcb9a127f","name":"TMax Tecnologia","image":{"@type":"ImageObject","inLanguage":"pt-BR","@id":"https:\/\/secure.gravatar.com\/avatar\/f912434ef7f389c92cb311fcdae346af848465d638912574b3c669070f797701?s=96&d=mm&r=g","url":"https:\/\/secure.gravatar.com\/avatar\/f912434ef7f389c92cb311fcdae346af848465d638912574b3c669070f797701?s=96&d=mm&r=g","contentUrl":"https:\/\/secure.gravatar.com\/avatar\/f912434ef7f389c92cb311fcdae346af848465d638912574b3c669070f797701?s=96&d=mm&r=g","caption":"TMax Tecnologia"},"url":"https:\/\/www.institutodeengenharia.org.br\/site\/author\/tmax\/"}]}},"_links":{"self":[{"href":"https:\/\/www.institutodeengenharia.org.br\/site\/wp-json\/wp\/v2\/posts\/23175","targetHints":{"allow":["GET"]}}],"collection":[{"href":"https:\/\/www.institutodeengenharia.org.br\/site\/wp-json\/wp\/v2\/posts"}],"about":[{"href":"https:\/\/www.institutodeengenharia.org.br\/site\/wp-json\/wp\/v2\/types\/post"}],"author":[{"embeddable":true,"href":"https:\/\/www.institutodeengenharia.org.br\/site\/wp-json\/wp\/v2\/users\/1"}],"replies":[{"embeddable":true,"href":"https:\/\/www.institutodeengenharia.org.br\/site\/wp-json\/wp\/v2\/comments?post=23175"}],"version-history":[{"count":0,"href":"https:\/\/www.institutodeengenharia.org.br\/site\/wp-json\/wp\/v2\/posts\/23175\/revisions"}],"wp:featuredmedia":[{"embeddable":true,"href":"https:\/\/www.institutodeengenharia.org.br\/site\/wp-json\/wp\/v2\/media\/23176"}],"wp:attachment":[{"href":"https:\/\/www.institutodeengenharia.org.br\/site\/wp-json\/wp\/v2\/media?parent=23175"}],"wp:term":[{"taxonomy":"category","embeddable":true,"href":"https:\/\/www.institutodeengenharia.org.br\/site\/wp-json\/wp\/v2\/categories?post=23175"},{"taxonomy":"post_tag","embeddable":true,"href":"https:\/\/www.institutodeengenharia.org.br\/site\/wp-json\/wp\/v2\/tags?post=23175"}],"curies":[{"name":"wp","href":"https:\/\/api.w.org\/{rel}","templated":true}]}}