{"id":23088,"date":"2013-01-23T23:46:57","date_gmt":"2013-01-23T23:46:57","guid":{"rendered":"https:\/\/www.institutodeengenharia.org.br\/?p=23088"},"modified":"2013-01-23T10:58:07","modified_gmt":"2013-01-23T10:58:07","slug":"aeb-lanca-novo-programa-nacional-de-atividades-espaciais","status":"publish","type":"post","link":"https:\/\/www.institutodeengenharia.org.br\/site\/2013\/01\/23\/aeb-lanca-novo-programa-nacional-de-atividades-espaciais\/","title":{"rendered":"AEB lan\u00e7a novo Programa Nacional de Atividades Espaciais"},"content":{"rendered":"<p>A Ag\u00eancia Espacial Brasileira (AEB) antecipou a revis\u00e3o do Programa Nacional de Atividades Espaciais (PNAE), que deveria ser repensado em 2014. <\/p>\n<p>O novo documento estabelece as diretrizes e a\u00e7\u00f5es do Programa Espacial Brasileiro entre 2012 e 2021. <\/p>\n<p>As principais metas do novo PNAE s\u00e3o o aumento da participa\u00e7\u00e3o da ind\u00fastria nacional no setor aeroespacial e a implanta\u00e7\u00e3o de um programa de dom\u00ednio de tecnologias cr\u00edticas para o pa\u00eds. <\/p>\n<p>A forma\u00e7\u00e3o e capacita\u00e7\u00e3o de pessoal e a amplia\u00e7\u00e3o da coopera\u00e7\u00e3o internacional tamb\u00e9m s\u00e3o temas priorit\u00e1rios no documento. <\/p>\n<p>Tecnologias cr\u00edticas <\/p>\n<p>&#8220;Avaliamos os resultados dos tr\u00eas PNAEs anteriores (1996, 1998 e 2005) e tamb\u00e9m recebemos contribui\u00e7\u00f5es de importantes institui\u00e7\u00f5es governamentais e privadas em anos recentes&#8221;, disse o presidente AEB, Jos\u00e9 Raimundo Coelho. <\/p>\n<p>Al\u00e9m disso, foi feita uma an\u00e1lise da organiza\u00e7\u00e3o e do funcionamento do Sistema Nacional de Desenvolvimento das Atividades Espaciais (SINDAE). <\/p>\n<p>&#8220;Precisamos ser capazes de usufruir, soberanamente e em grande escala, dos benef\u00edcios das tecnologias, da inova\u00e7\u00e3o, da ind\u00fastria e das aplica\u00e7\u00f5es do setor em prol da sociedade brasileira,&#8221; disse o executivo. <\/p>\n<p>Para isso, ele acredita ser necess\u00e1rio priorizar o desenvolvimento e o dom\u00ednio das tecnologias cr\u00edticas, &#8220;indispens\u00e1veis ao avan\u00e7o industrial e \u00e0 conquista da necess\u00e1ria autonomia nacional em atividade t\u00e3o estrat\u00e9gica&#8221;. <\/p>\n<p>Para Jos\u00e9 Raimundo, esse dom\u00ednio s\u00f3 ser\u00e1 alcan\u00e7ado com intensa e efetiva participa\u00e7\u00e3o sin\u00e9rgica do governo, centros de pesquisa, universidades e ind\u00fastrias. <\/p>\n<p>Projetos espaciais do Brasil <\/p>\n<p>O novo documento prev\u00ea a conclus\u00e3o e consolida\u00e7\u00e3o de diversos projetos at\u00e9 2016. <\/p>\n<p>Entre eles destacam-se os projetos dos Sat\u00e9lites Sino-Brasileiro de Recursos Terrestres CBERS-3 e CBERS-4, o foguete Cyclone-4, o Ve\u00edculo Lan\u00e7ador de Sat\u00e9lites (VLS), o Ve\u00edculo Lan\u00e7ador de Microssat\u00e9lites (VLM), o sat\u00e9lite Amaz\u00f4nia-1 e o Sat\u00e9lite Geoestacion\u00e1rio de Defesa e Comunica\u00e7\u00f5es Estrat\u00e9gicas (SGDC). <\/p>\n<p>No per\u00edodo de 2016 a 2021, denominado como fase de expans\u00e3o, pretende-se buscar o desenvolvimento de novos projetos de maior complexidade tecnol\u00f3gica, compreendendo a continuidade do programa Amaz\u00f4nia (AMZ-1B, AMZ-2), o desenvolvimento de um sat\u00e9lite meteorol\u00f3gico geoestacion\u00e1rio, o lan\u00e7amento do segundo sat\u00e9lite de comunica\u00e7\u00e3o e o desenvolvimento do sat\u00e9lite radar de abertura sint\u00e9tica. <\/p>\n<p>Centros de lan\u00e7amento <\/p>\n<p>O quarto sat\u00e9lite da s\u00e9rie CBERS, o CBERS-3, dever\u00e1 ser lan\u00e7ado ainda em 2013. O sat\u00e9lite \u00e9 importante no monitoramento e na gest\u00e3o territoriais. <\/p>\n<p>Tamb\u00e9m em 2013, o Centro de Lan\u00e7amento de Alc\u00e2ntara (CLA), dever\u00e1 ficar pronto para os lan\u00e7amentos do VLS e do Cyclone-4. <\/p>\n<p>O Centro de Lan\u00e7amento da Barreira do Inferno, localizado em Parnamirim (RN) tamb\u00e9m passar\u00e1 por reformas. &#8220;Estamos propondo a moderniza\u00e7\u00e3o de boa parte da infraestrutura do CLBI e a recomposi\u00e7\u00e3o de outra, utilizando a experi\u00eancia que adquirimos no CLA. Os dois centros de lan\u00e7amentos s\u00e3o considerados estrat\u00e9gicos&#8221;, conta o presidente da AEB. <\/p>\n<p><b>Autor: AEB<\/b><\/p>\n","protected":false},"excerpt":{"rendered":"<p>A Ag\u00eancia Espacial Brasileira (AEB) antecipou a revis\u00e3o do Programa Nacional de Atividades Espaciais (PNAE), que deveria ser repensado em 2014. O novo documento estabelece as diretrizes e a\u00e7\u00f5es do Programa Espacial Brasileiro entre 2012 e 2021. As principais metas do novo PNAE s\u00e3o o aumento da participa\u00e7\u00e3o da ind\u00fastria nacional no setor aeroespacial e [&hellip;]<\/p>\n","protected":false},"author":1,"featured_media":0,"comment_status":"open","ping_status":"open","sticky":false,"template":"","format":"standard","meta":{"footnotes":""},"categories":[6,35],"tags":[],"class_list":{"0":"post-23088","1":"post","2":"type-post","3":"status-publish","4":"format-standard","6":"category-noticias","7":"category-pesquisa-e-desenvolvimento"},"yoast_head":"<!-- This site is optimized with the Yoast SEO plugin v27.2 - https:\/\/yoast.com\/product\/yoast-seo-wordpress\/ -->\n<title>AEB lan\u00e7a novo Programa Nacional de Atividades Espaciais - Instituto de Engenharia<\/title>\n<meta name=\"robots\" content=\"index, follow, max-snippet:-1, max-image-preview:large, max-video-preview:-1\" \/>\n<link rel=\"canonical\" href=\"https:\/\/www.institutodeengenharia.org.br\/site\/2013\/01\/23\/aeb-lanca-novo-programa-nacional-de-atividades-espaciais\/\" \/>\n<meta property=\"og:locale\" content=\"pt_BR\" \/>\n<meta property=\"og:type\" content=\"article\" \/>\n<meta property=\"og:title\" content=\"AEB lan\u00e7a novo Programa Nacional de Atividades Espaciais - Instituto de Engenharia\" \/>\n<meta property=\"og:description\" content=\"A Ag\u00eancia Espacial Brasileira (AEB) antecipou a revis\u00e3o do Programa Nacional de Atividades Espaciais (PNAE), que deveria ser repensado em 2014. O novo documento estabelece as diretrizes e a\u00e7\u00f5es do Programa Espacial Brasileiro entre 2012 e 2021. As principais metas do novo PNAE s\u00e3o o aumento da participa\u00e7\u00e3o da ind\u00fastria nacional no setor aeroespacial e [&hellip;]\" \/>\n<meta property=\"og:url\" content=\"https:\/\/www.institutodeengenharia.org.br\/site\/2013\/01\/23\/aeb-lanca-novo-programa-nacional-de-atividades-espaciais\/\" \/>\n<meta property=\"og:site_name\" content=\"Instituto de Engenharia\" \/>\n<meta property=\"article:publisher\" content=\"https:\/\/www.facebook.com\/institutodeengenharia\" \/>\n<meta property=\"article:published_time\" content=\"2013-01-23T23:46:57+00:00\" \/>\n<meta name=\"author\" content=\"TMax Tecnologia\" \/>\n<meta name=\"twitter:card\" content=\"summary_large_image\" \/>\n<meta name=\"twitter:creator\" content=\"@iengenharia\" \/>\n<meta name=\"twitter:site\" content=\"@iengenharia\" \/>\n<meta name=\"twitter:label1\" content=\"Escrito por\" \/>\n\t<meta name=\"twitter:data1\" content=\"TMax Tecnologia\" \/>\n\t<meta name=\"twitter:label2\" content=\"Est. tempo de leitura\" \/>\n\t<meta name=\"twitter:data2\" content=\"3 minutos\" \/>\n<script type=\"application\/ld+json\" class=\"yoast-schema-graph\">{\"@context\":\"https:\/\/schema.org\",\"@graph\":[{\"@type\":\"Article\",\"@id\":\"https:\/\/www.institutodeengenharia.org.br\/site\/2013\/01\/23\/aeb-lanca-novo-programa-nacional-de-atividades-espaciais\/#article\",\"isPartOf\":{\"@id\":\"https:\/\/www.institutodeengenharia.org.br\/site\/2013\/01\/23\/aeb-lanca-novo-programa-nacional-de-atividades-espaciais\/\"},\"author\":{\"name\":\"TMax Tecnologia\",\"@id\":\"https:\/\/www.institutodeengenharia.org.br\/site\/#\/schema\/person\/3b1ff109facef084739fc2edcb9a127f\"},\"headline\":\"AEB lan\u00e7a novo Programa Nacional de Atividades Espaciais\",\"datePublished\":\"2013-01-23T23:46:57+00:00\",\"mainEntityOfPage\":{\"@id\":\"https:\/\/www.institutodeengenharia.org.br\/site\/2013\/01\/23\/aeb-lanca-novo-programa-nacional-de-atividades-espaciais\/\"},\"wordCount\":520,\"commentCount\":0,\"publisher\":{\"@id\":\"https:\/\/www.institutodeengenharia.org.br\/site\/#organization\"},\"articleSection\":[\"Not\u00edcias\",\"Pesquisa e Desenvolvimento\"],\"inLanguage\":\"pt-BR\",\"potentialAction\":[{\"@type\":\"CommentAction\",\"name\":\"Comment\",\"target\":[\"https:\/\/www.institutodeengenharia.org.br\/site\/2013\/01\/23\/aeb-lanca-novo-programa-nacional-de-atividades-espaciais\/#respond\"]}]},{\"@type\":\"WebPage\",\"@id\":\"https:\/\/www.institutodeengenharia.org.br\/site\/2013\/01\/23\/aeb-lanca-novo-programa-nacional-de-atividades-espaciais\/\",\"url\":\"https:\/\/www.institutodeengenharia.org.br\/site\/2013\/01\/23\/aeb-lanca-novo-programa-nacional-de-atividades-espaciais\/\",\"name\":\"AEB lan\u00e7a novo Programa Nacional de Atividades Espaciais - Instituto de Engenharia\",\"isPartOf\":{\"@id\":\"https:\/\/www.institutodeengenharia.org.br\/site\/#website\"},\"datePublished\":\"2013-01-23T23:46:57+00:00\",\"breadcrumb\":{\"@id\":\"https:\/\/www.institutodeengenharia.org.br\/site\/2013\/01\/23\/aeb-lanca-novo-programa-nacional-de-atividades-espaciais\/#breadcrumb\"},\"inLanguage\":\"pt-BR\",\"potentialAction\":[{\"@type\":\"ReadAction\",\"target\":[\"https:\/\/www.institutodeengenharia.org.br\/site\/2013\/01\/23\/aeb-lanca-novo-programa-nacional-de-atividades-espaciais\/\"]}]},{\"@type\":\"BreadcrumbList\",\"@id\":\"https:\/\/www.institutodeengenharia.org.br\/site\/2013\/01\/23\/aeb-lanca-novo-programa-nacional-de-atividades-espaciais\/#breadcrumb\",\"itemListElement\":[{\"@type\":\"ListItem\",\"position\":1,\"name\":\"In\u00edcio\",\"item\":\"https:\/\/www.institutodeengenharia.org.br\/site\/\"},{\"@type\":\"ListItem\",\"position\":2,\"name\":\"AEB lan\u00e7a novo Programa Nacional de Atividades Espaciais\"}]},{\"@type\":\"WebSite\",\"@id\":\"https:\/\/www.institutodeengenharia.org.br\/site\/#website\",\"url\":\"https:\/\/www.institutodeengenharia.org.br\/site\/\",\"name\":\"Instituto de Engenharia\",\"description\":\"O Instituto de Engenharia promove a Engenharia em benef\u00edcio do desenvolvimento e da qualidade de vida da sociedade.\",\"publisher\":{\"@id\":\"https:\/\/www.institutodeengenharia.org.br\/site\/#organization\"},\"potentialAction\":[{\"@type\":\"SearchAction\",\"target\":{\"@type\":\"EntryPoint\",\"urlTemplate\":\"https:\/\/www.institutodeengenharia.org.br\/site\/?s={search_term_string}\"},\"query-input\":{\"@type\":\"PropertyValueSpecification\",\"valueRequired\":true,\"valueName\":\"search_term_string\"}}],\"inLanguage\":\"pt-BR\"},{\"@type\":\"Organization\",\"@id\":\"https:\/\/www.institutodeengenharia.org.br\/site\/#organization\",\"name\":\"Instituto de Engenharia\",\"url\":\"https:\/\/www.institutodeengenharia.org.br\/site\/\",\"logo\":{\"@type\":\"ImageObject\",\"inLanguage\":\"pt-BR\",\"@id\":\"https:\/\/www.institutodeengenharia.org.br\/site\/#\/schema\/logo\/image\/\",\"url\":\"https:\/\/www.institutodeengenharia.org.br\/site\/wp-content\/uploads\/2019\/03\/logo-novo-IE2018-1.jpg\",\"contentUrl\":\"https:\/\/www.institutodeengenharia.org.br\/site\/wp-content\/uploads\/2019\/03\/logo-novo-IE2018-1.jpg\",\"width\":1486,\"height\":1879,\"caption\":\"Instituto de Engenharia\"},\"image\":{\"@id\":\"https:\/\/www.institutodeengenharia.org.br\/site\/#\/schema\/logo\/image\/\"},\"sameAs\":[\"https:\/\/www.facebook.com\/institutodeengenharia\",\"https:\/\/x.com\/iengenharia\",\"https:\/\/www.instagram.com\/institutodeengenharia\/\",\"https:\/\/www.linkedin.com\/company\/instituto-de-engenharia\/\",\"https:\/\/www.youtube.com\/channel\/UCXiCAlsSMe977vamW915HxA\"]},{\"@type\":\"Person\",\"@id\":\"https:\/\/www.institutodeengenharia.org.br\/site\/#\/schema\/person\/3b1ff109facef084739fc2edcb9a127f\",\"name\":\"TMax Tecnologia\",\"image\":{\"@type\":\"ImageObject\",\"inLanguage\":\"pt-BR\",\"@id\":\"https:\/\/secure.gravatar.com\/avatar\/f912434ef7f389c92cb311fcdae346af848465d638912574b3c669070f797701?s=96&d=mm&r=g\",\"url\":\"https:\/\/secure.gravatar.com\/avatar\/f912434ef7f389c92cb311fcdae346af848465d638912574b3c669070f797701?s=96&d=mm&r=g\",\"contentUrl\":\"https:\/\/secure.gravatar.com\/avatar\/f912434ef7f389c92cb311fcdae346af848465d638912574b3c669070f797701?s=96&d=mm&r=g\",\"caption\":\"TMax Tecnologia\"},\"url\":\"https:\/\/www.institutodeengenharia.org.br\/site\/author\/tmax\/\"}]}<\/script>\n<!-- \/ Yoast SEO plugin. -->","yoast_head_json":{"title":"AEB lan\u00e7a novo Programa Nacional de Atividades Espaciais - Instituto de Engenharia","robots":{"index":"index","follow":"follow","max-snippet":"max-snippet:-1","max-image-preview":"max-image-preview:large","max-video-preview":"max-video-preview:-1"},"canonical":"https:\/\/www.institutodeengenharia.org.br\/site\/2013\/01\/23\/aeb-lanca-novo-programa-nacional-de-atividades-espaciais\/","og_locale":"pt_BR","og_type":"article","og_title":"AEB lan\u00e7a novo Programa Nacional de Atividades Espaciais - Instituto de Engenharia","og_description":"A Ag\u00eancia Espacial Brasileira (AEB) antecipou a revis\u00e3o do Programa Nacional de Atividades Espaciais (PNAE), que deveria ser repensado em 2014. O novo documento estabelece as diretrizes e a\u00e7\u00f5es do Programa Espacial Brasileiro entre 2012 e 2021. As principais metas do novo PNAE s\u00e3o o aumento da participa\u00e7\u00e3o da ind\u00fastria nacional no setor aeroespacial e [&hellip;]","og_url":"https:\/\/www.institutodeengenharia.org.br\/site\/2013\/01\/23\/aeb-lanca-novo-programa-nacional-de-atividades-espaciais\/","og_site_name":"Instituto de Engenharia","article_publisher":"https:\/\/www.facebook.com\/institutodeengenharia","article_published_time":"2013-01-23T23:46:57+00:00","author":"TMax Tecnologia","twitter_card":"summary_large_image","twitter_creator":"@iengenharia","twitter_site":"@iengenharia","twitter_misc":{"Escrito por":"TMax Tecnologia","Est. tempo de leitura":"3 minutos"},"schema":{"@context":"https:\/\/schema.org","@graph":[{"@type":"Article","@id":"https:\/\/www.institutodeengenharia.org.br\/site\/2013\/01\/23\/aeb-lanca-novo-programa-nacional-de-atividades-espaciais\/#article","isPartOf":{"@id":"https:\/\/www.institutodeengenharia.org.br\/site\/2013\/01\/23\/aeb-lanca-novo-programa-nacional-de-atividades-espaciais\/"},"author":{"name":"TMax Tecnologia","@id":"https:\/\/www.institutodeengenharia.org.br\/site\/#\/schema\/person\/3b1ff109facef084739fc2edcb9a127f"},"headline":"AEB lan\u00e7a novo Programa Nacional de Atividades Espaciais","datePublished":"2013-01-23T23:46:57+00:00","mainEntityOfPage":{"@id":"https:\/\/www.institutodeengenharia.org.br\/site\/2013\/01\/23\/aeb-lanca-novo-programa-nacional-de-atividades-espaciais\/"},"wordCount":520,"commentCount":0,"publisher":{"@id":"https:\/\/www.institutodeengenharia.org.br\/site\/#organization"},"articleSection":["Not\u00edcias","Pesquisa e Desenvolvimento"],"inLanguage":"pt-BR","potentialAction":[{"@type":"CommentAction","name":"Comment","target":["https:\/\/www.institutodeengenharia.org.br\/site\/2013\/01\/23\/aeb-lanca-novo-programa-nacional-de-atividades-espaciais\/#respond"]}]},{"@type":"WebPage","@id":"https:\/\/www.institutodeengenharia.org.br\/site\/2013\/01\/23\/aeb-lanca-novo-programa-nacional-de-atividades-espaciais\/","url":"https:\/\/www.institutodeengenharia.org.br\/site\/2013\/01\/23\/aeb-lanca-novo-programa-nacional-de-atividades-espaciais\/","name":"AEB lan\u00e7a novo Programa Nacional de Atividades Espaciais - Instituto de Engenharia","isPartOf":{"@id":"https:\/\/www.institutodeengenharia.org.br\/site\/#website"},"datePublished":"2013-01-23T23:46:57+00:00","breadcrumb":{"@id":"https:\/\/www.institutodeengenharia.org.br\/site\/2013\/01\/23\/aeb-lanca-novo-programa-nacional-de-atividades-espaciais\/#breadcrumb"},"inLanguage":"pt-BR","potentialAction":[{"@type":"ReadAction","target":["https:\/\/www.institutodeengenharia.org.br\/site\/2013\/01\/23\/aeb-lanca-novo-programa-nacional-de-atividades-espaciais\/"]}]},{"@type":"BreadcrumbList","@id":"https:\/\/www.institutodeengenharia.org.br\/site\/2013\/01\/23\/aeb-lanca-novo-programa-nacional-de-atividades-espaciais\/#breadcrumb","itemListElement":[{"@type":"ListItem","position":1,"name":"In\u00edcio","item":"https:\/\/www.institutodeengenharia.org.br\/site\/"},{"@type":"ListItem","position":2,"name":"AEB lan\u00e7a novo Programa Nacional de Atividades Espaciais"}]},{"@type":"WebSite","@id":"https:\/\/www.institutodeengenharia.org.br\/site\/#website","url":"https:\/\/www.institutodeengenharia.org.br\/site\/","name":"Instituto de Engenharia","description":"O Instituto de Engenharia promove a Engenharia em benef\u00edcio do desenvolvimento e da qualidade de vida da sociedade.","publisher":{"@id":"https:\/\/www.institutodeengenharia.org.br\/site\/#organization"},"potentialAction":[{"@type":"SearchAction","target":{"@type":"EntryPoint","urlTemplate":"https:\/\/www.institutodeengenharia.org.br\/site\/?s={search_term_string}"},"query-input":{"@type":"PropertyValueSpecification","valueRequired":true,"valueName":"search_term_string"}}],"inLanguage":"pt-BR"},{"@type":"Organization","@id":"https:\/\/www.institutodeengenharia.org.br\/site\/#organization","name":"Instituto de Engenharia","url":"https:\/\/www.institutodeengenharia.org.br\/site\/","logo":{"@type":"ImageObject","inLanguage":"pt-BR","@id":"https:\/\/www.institutodeengenharia.org.br\/site\/#\/schema\/logo\/image\/","url":"https:\/\/www.institutodeengenharia.org.br\/site\/wp-content\/uploads\/2019\/03\/logo-novo-IE2018-1.jpg","contentUrl":"https:\/\/www.institutodeengenharia.org.br\/site\/wp-content\/uploads\/2019\/03\/logo-novo-IE2018-1.jpg","width":1486,"height":1879,"caption":"Instituto de Engenharia"},"image":{"@id":"https:\/\/www.institutodeengenharia.org.br\/site\/#\/schema\/logo\/image\/"},"sameAs":["https:\/\/www.facebook.com\/institutodeengenharia","https:\/\/x.com\/iengenharia","https:\/\/www.instagram.com\/institutodeengenharia\/","https:\/\/www.linkedin.com\/company\/instituto-de-engenharia\/","https:\/\/www.youtube.com\/channel\/UCXiCAlsSMe977vamW915HxA"]},{"@type":"Person","@id":"https:\/\/www.institutodeengenharia.org.br\/site\/#\/schema\/person\/3b1ff109facef084739fc2edcb9a127f","name":"TMax Tecnologia","image":{"@type":"ImageObject","inLanguage":"pt-BR","@id":"https:\/\/secure.gravatar.com\/avatar\/f912434ef7f389c92cb311fcdae346af848465d638912574b3c669070f797701?s=96&d=mm&r=g","url":"https:\/\/secure.gravatar.com\/avatar\/f912434ef7f389c92cb311fcdae346af848465d638912574b3c669070f797701?s=96&d=mm&r=g","contentUrl":"https:\/\/secure.gravatar.com\/avatar\/f912434ef7f389c92cb311fcdae346af848465d638912574b3c669070f797701?s=96&d=mm&r=g","caption":"TMax Tecnologia"},"url":"https:\/\/www.institutodeengenharia.org.br\/site\/author\/tmax\/"}]}},"_links":{"self":[{"href":"https:\/\/www.institutodeengenharia.org.br\/site\/wp-json\/wp\/v2\/posts\/23088","targetHints":{"allow":["GET"]}}],"collection":[{"href":"https:\/\/www.institutodeengenharia.org.br\/site\/wp-json\/wp\/v2\/posts"}],"about":[{"href":"https:\/\/www.institutodeengenharia.org.br\/site\/wp-json\/wp\/v2\/types\/post"}],"author":[{"embeddable":true,"href":"https:\/\/www.institutodeengenharia.org.br\/site\/wp-json\/wp\/v2\/users\/1"}],"replies":[{"embeddable":true,"href":"https:\/\/www.institutodeengenharia.org.br\/site\/wp-json\/wp\/v2\/comments?post=23088"}],"version-history":[{"count":0,"href":"https:\/\/www.institutodeengenharia.org.br\/site\/wp-json\/wp\/v2\/posts\/23088\/revisions"}],"wp:attachment":[{"href":"https:\/\/www.institutodeengenharia.org.br\/site\/wp-json\/wp\/v2\/media?parent=23088"}],"wp:term":[{"taxonomy":"category","embeddable":true,"href":"https:\/\/www.institutodeengenharia.org.br\/site\/wp-json\/wp\/v2\/categories?post=23088"},{"taxonomy":"post_tag","embeddable":true,"href":"https:\/\/www.institutodeengenharia.org.br\/site\/wp-json\/wp\/v2\/tags?post=23088"}],"curies":[{"name":"wp","href":"https:\/\/api.w.org\/{rel}","templated":true}]}}