{"id":23073,"date":"2013-01-17T23:46:45","date_gmt":"2013-01-17T23:46:45","guid":{"rendered":"https:\/\/www.institutodeengenharia.org.br\/?p=23073"},"modified":"2013-01-17T16:06:51","modified_gmt":"2013-01-17T16:06:51","slug":"maior-observatorio-de-raios-gama-tera-participacao-brasileira","status":"publish","type":"post","link":"https:\/\/www.institutodeengenharia.org.br\/site\/2013\/01\/17\/maior-observatorio-de-raios-gama-tera-participacao-brasileira\/","title":{"rendered":"Maior observat\u00f3rio de raios gama ter\u00e1 participa\u00e7\u00e3o brasileira"},"content":{"rendered":"<p>\nUm grupo de aproximadamente mil pesquisadores de 28 pa\u00edses, entre os quais dez brasileiros, pretende construir at\u00e9 2015 o maior observat\u00f3rio do mundo dedicado ao estudo de corpos celestes que emitem radia\u00e7\u00e3o gama &#8211; a radia\u00e7\u00e3o de mais alta energia. <\/p>\n<p>Denominado Cherenkov Telescope Array (CTA), o observat\u00f3rio ser\u00e1 instalado em dois lugares diferentes, um no hemisf\u00e9rio Sul e o outro no hemisf\u00e9rio Norte. <\/p>\n<p>Chile, Argentina e Nam\u00edbia s\u00e3o candidatos para receber o experimento. No hemisf\u00e9rio Norte, os Estados Unidos e a Espanha j\u00e1 manifestaram interesse. A escolha das sedes ser\u00e1 decidida at\u00e9 o fim de 2013. <\/p>\n<p>O observat\u00f3rio ter\u00e1 100 telesc\u00f3pios terrestres sens\u00edveis \u00e0 radia\u00e7\u00e3o gama, distribu\u00eddos igualmente nos dois hemisf\u00e9rios. <\/p>\n<p>Os equipamentos ir\u00e3o operar em conjunto, orientados para observar um \u00fanico corpo celeste por vez, como remanescentes de supernovas, gal\u00e1xias com n\u00facleo ativo e quasares que emitem radia\u00e7\u00e3o gama. Com isso, a precis\u00e3o do estudo desses objetos celestes ser\u00e1 muito maior do que a se tem atualmente. <\/p>\n<p>O CTA usar\u00e1 uma rede de telesc\u00f3pios especiais capazes de detectar a radia\u00e7\u00e3o de Cherenkov, gerada pela cascata de part\u00edculas relativ\u00edsticas produzidas quando um raio gama de alta energia atinge a atmosfera da Terra. <\/p>\n<p>Astrof\u00edsica de part\u00edculas <\/p>\n<p>&#8220;O \u00fanico observat\u00f3rio de astronomia gama em funcionamento hoje &#8211; o Observat\u00f3rio Hess [High Energy Stereoscopic System], instalado na Nam\u00edbia &#8211; possui cinco telesc\u00f3pios operando em conjunto. O CTA ser\u00e1 capaz de medir a radia\u00e7\u00e3o gama produzida durante fen\u00f4menos astrof\u00edsicos com sensibilidade dez vezes maior&#8221;, disse Luiz Vitor de Souza Filho, professor do Instituto de F\u00edsica de S\u00e3o Carlos (IFSC), da USP, um dos pesquisadores brasileiros participantes do projeto. <\/p>\n<p>De acordo com Souza Filho, os pesquisadores brasileiros t\u00eam muito interesse no tipo de astrof\u00edsica que o CTA ir\u00e1 estudar, que conecta a astrof\u00edsica tradicional com a astrof\u00edsica de part\u00edculas (os raios c\u00f3smicos). <\/p>\n<p>Isso porque o experimento possibilitar\u00e1 aumentar a compreens\u00e3o sobre como essa radia\u00e7\u00e3o \u00e9 emitida, como essas part\u00edculas se propagam e podem ser detectadas e como s\u00e3o formados os corpos celestes que emitem raios gama com energia entre 10 GeV e 100 TeV, entre outras quest\u00f5es. <\/p>\n<p>Al\u00e9m do grupo do IFSC, participam da constru\u00e7\u00e3o do CTA pesquisadores do Instituto de Astronomia, Geof\u00edsica e Ci\u00eancias Atmosf\u00e9ricas (IAG) da USP, da Universidade Federal de S\u00e3o Carlos (UFSCar), do Centro Brasileiro de Pesquisas F\u00edsicas (CBPF) e da Universidade Federal do Rio de Janeiro (UFRJ). <\/p>\n<p>Prote\u00e7\u00e3o dos espelhos <\/p>\n<p>Al\u00e9m da produ\u00e7\u00e3o de conhecimento, os cientistas brasileiros tamb\u00e9m pretendem contribuir na constru\u00e7\u00e3o da instrumenta\u00e7\u00e3o do CTA. <\/p>\n<p>&#8220;\u00c9 quase mandat\u00f3rio que um pa\u00eds-membro que queira ter acesso aos dados gerados pelo experimento em igualdade com os demais integrantes tem que contribuir com a constru\u00e7\u00e3o. Por conta disso, estamos desenvolvendo dois projetos de instrumenta\u00e7\u00e3o para o CTA&#8221;, contou Souza Filho. <\/p>\n<p>Um dos projetos \u00e9 voltado para o desenvolvimento do revestimento dos espelhos que recobrir\u00e3o os telesc\u00f3pios, que t\u00eam a fun\u00e7\u00e3o de refletir a luz e ao mesmo tempo proteger o equipamento das intemp\u00e9ries clim\u00e1ticas. <\/p>\n<p>Como ficar\u00e1 exposta na atmosfera, a parte refletora dos telesc\u00f3pios ter\u00e1 que durar muito tempo e ser muito bem-feita, de forma que n\u00e3o se solte do vidro e afete as propriedades refletoras e protetoras do espelho. <\/p>\n<p>Para assegurar que isso n\u00e3o ocorra, um grupo de pesquisadores do IFSC, sob a coordena\u00e7\u00e3o de Souza Filho, investiga t\u00e9cnicas de aluminiza\u00e7\u00e3o e deposi\u00e7\u00e3o de superf\u00edcie refletora e protetora para os espelhos dos telesc\u00f3pios do CTA em parceria com a empresa Opto Eletr\u00f4nica. <\/p>\n<p>&#8220;Os espelhos n\u00e3o precisar\u00e3o ser t\u00e3o precisos quanto os dos telesc\u00f3pios \u00f3pticos instalados nos observat\u00f3rios no Chile operados pelo Observat\u00f3rio Europeu do Sul [ESO, na sigla em ingl\u00eas], mas ter\u00e3o que durar muito mais tempo&#8221;, explicou Souza Filho. <\/p>\n<p>Estruturas met\u00e1licas <\/p>\n<p>Outro projeto na parte de instrumenta\u00e7\u00e3o do CTA que contar\u00e1 com a contribui\u00e7\u00e3o dos pesquisadores brasileiros \u00e9 o desenvolvimento de estruturas met\u00e1licas de sustenta\u00e7\u00e3o aos telesc\u00f3pios. <\/p>\n<p>Com cerca de 16 metros de comprimento, essas estruturas precisam suportar um conjunto de instrumentos eletr\u00f4nicos que pesam 2,5 toneladas em suas extremidades e que n\u00e3o podem envergar mais do que 20 mil\u00edmetros para n\u00e3o prejudicar as imagens produzidas pelos telesc\u00f3pios. <\/p>\n<p>Por meio de um projeto realizado em parceria com a empresa Orbital Engenharia, de S\u00e3o Jos\u00e9 dos Campos, no interior de S\u00e3o Paulo, os pesquisadores projetaram uma estrutura que foi aprovada pela colabora\u00e7\u00e3o internacional envolvida na constru\u00e7\u00e3o do CTA. <\/p>\n<p>&#8220;J\u00e1 t\u00ednhamos know-how na constru\u00e7\u00e3o desse tipo de instrumenta\u00e7\u00e3o por conta do desenvolvimento de tecnologias muito parecidas com essas, que projetamos para o Observat\u00f3rio Pierre Auger, na Argentina&#8221;, disse Souza Filho. <\/p>\n<p>Os pesquisadores do IFSC atualmente desenvolvem os prot\u00f3tipos do revestimento dos espelhos e da estrutura mec\u00e2nica dos telesc\u00f3pios, que dever\u00e3o ser conclu\u00eddos at\u00e9 2013 para que o CTA possa come\u00e7ar a ser constru\u00eddo em 2013 e entrar em opera\u00e7\u00e3o em 2015. <\/p>\n<p>Teste da relatividade <\/p>\n<p>Segundo Souza Filho, o escopo de pesquisa do CTA ser\u00e1 bastante amplo. Na \u00e1rea de astrof\u00edsica, alguns dos temas que poder\u00e3o ser explorados por meio do novo observat\u00f3rio s\u00e3o buracos negros e regi\u00f5es formadoras de estrelas. <\/p>\n<p>Na \u00e1rea de f\u00edsica de part\u00edculas, por meio do empreendimento poder\u00e3o ser realizados estudos de quebra de vari\u00e2ncia de Lorentz &#8211; um teste muito espec\u00edfico de relatividade restrita. &#8220;Por meio do observat\u00f3rio, ser\u00e1 poss\u00edvel realizar o teste mais restrito da relatividade que j\u00e1 foi feito at\u00e9 hoje em longas dist\u00e2ncias e em longas escalas&#8221;, estimou Souza Filho. <\/p>\n<p>Al\u00e9m disso, o observat\u00f3rio dever\u00e1 ser dedicado a realizar buscas de regi\u00f5es candidatas a apresentar concentra\u00e7\u00f5es de mat\u00e9ria escura e a identificar novas fontes extraterrestres emissoras de raios gama de altas energias. Hoje s\u00e3o conhecidas cerca de cem fontes, n\u00famero que poder\u00e1 se multiplicar com o CTA. <\/p>\n<p>&#8220;O escopo cient\u00edfico do novo observat\u00f3rio \u00e9 impressionante e tem uma vertente dupla. Ao mesmo tempo que possibilitar\u00e1 estudar quest\u00f5es mais importantes para a astrof\u00edsica, o experimento tamb\u00e9m dever\u00e1 ampliar o conhecimento na f\u00edsica de part\u00edculas elementares&#8221;, avaliou Souza Filho. <\/p>\n<p>Para escolher quais os poss\u00edveis lugares que dever\u00e3o sediar o observat\u00f3rio foi lan\u00e7ada uma chamada que estabeleceu, entre as condi\u00e7\u00f5es m\u00ednimas necess\u00e1rias para receber o experimento, que a regi\u00e3o tenha uma atmosfera muito bem limpa, esteja a pelo menos 2 mil metros acima do n\u00edvel do mar, n\u00e3o tenha contamina\u00e7\u00e3o de luz e tenha pouca forma\u00e7\u00e3o de chuva e nuvens. No Brasil n\u00e3o h\u00e1 regi\u00e3o com todas essas caracter\u00edsticas. <\/p>\n<p><b>Autor: Ag\u00eancia Fapesp <\/b><\/p>\n","protected":false},"excerpt":{"rendered":"<p>Um grupo de aproximadamente mil pesquisadores de 28 pa\u00edses, entre os quais dez brasileiros, pretende construir at\u00e9 2015 o maior observat\u00f3rio do mundo dedicado ao estudo de corpos celestes que emitem radia\u00e7\u00e3o gama &#8211; a radia\u00e7\u00e3o de mais alta energia. Denominado Cherenkov Telescope Array (CTA), o observat\u00f3rio ser\u00e1 instalado em dois lugares diferentes, um no [&hellip;]<\/p>\n","protected":false},"author":1,"featured_media":23074,"comment_status":"open","ping_status":"open","sticky":false,"template":"","format":"standard","meta":{"footnotes":""},"categories":[6,35],"tags":[],"class_list":{"0":"post-23073","1":"post","2":"type-post","3":"status-publish","4":"format-standard","5":"has-post-thumbnail","7":"category-noticias","8":"category-pesquisa-e-desenvolvimento"},"yoast_head":"<!-- This site is optimized with the Yoast SEO plugin v27.2 - https:\/\/yoast.com\/product\/yoast-seo-wordpress\/ -->\n<title>Maior observat\u00f3rio de raios gama ter\u00e1 participa\u00e7\u00e3o brasileira - Instituto de Engenharia<\/title>\n<meta name=\"robots\" content=\"index, follow, max-snippet:-1, max-image-preview:large, max-video-preview:-1\" \/>\n<link rel=\"canonical\" href=\"https:\/\/www.institutodeengenharia.org.br\/site\/2013\/01\/17\/maior-observatorio-de-raios-gama-tera-participacao-brasileira\/\" \/>\n<meta property=\"og:locale\" content=\"pt_BR\" \/>\n<meta property=\"og:type\" content=\"article\" \/>\n<meta property=\"og:title\" content=\"Maior observat\u00f3rio de raios gama ter\u00e1 participa\u00e7\u00e3o brasileira - Instituto de Engenharia\" \/>\n<meta property=\"og:description\" content=\"Um grupo de aproximadamente mil pesquisadores de 28 pa\u00edses, entre os quais dez brasileiros, pretende construir at\u00e9 2015 o maior observat\u00f3rio do mundo dedicado ao estudo de corpos celestes que emitem radia\u00e7\u00e3o gama &#8211; a radia\u00e7\u00e3o de mais alta energia. Denominado Cherenkov Telescope Array (CTA), o observat\u00f3rio ser\u00e1 instalado em dois lugares diferentes, um no [&hellip;]\" \/>\n<meta property=\"og:url\" content=\"https:\/\/www.institutodeengenharia.org.br\/site\/2013\/01\/17\/maior-observatorio-de-raios-gama-tera-participacao-brasileira\/\" \/>\n<meta property=\"og:site_name\" content=\"Instituto de Engenharia\" \/>\n<meta property=\"article:publisher\" content=\"https:\/\/www.facebook.com\/institutodeengenharia\" \/>\n<meta property=\"article:published_time\" content=\"2013-01-17T23:46:45+00:00\" \/>\n<meta property=\"og:image\" content=\"https:\/\/www.institutodeengenharia.org.br\/site\/wp-content\/uploads\/2017\/10\/telescopio(3).jpg\" \/>\n\t<meta property=\"og:image:width\" content=\"550\" \/>\n\t<meta property=\"og:image:height\" content=\"244\" \/>\n\t<meta property=\"og:image:type\" content=\"image\/jpeg\" \/>\n<meta name=\"author\" content=\"TMax Tecnologia\" \/>\n<meta name=\"twitter:card\" content=\"summary_large_image\" \/>\n<meta name=\"twitter:creator\" content=\"@iengenharia\" \/>\n<meta name=\"twitter:site\" content=\"@iengenharia\" \/>\n<meta name=\"twitter:label1\" content=\"Escrito por\" \/>\n\t<meta name=\"twitter:data1\" content=\"TMax Tecnologia\" \/>\n\t<meta name=\"twitter:label2\" content=\"Est. tempo de leitura\" \/>\n\t<meta name=\"twitter:data2\" content=\"6 minutos\" \/>\n<script type=\"application\/ld+json\" class=\"yoast-schema-graph\">{\"@context\":\"https:\/\/schema.org\",\"@graph\":[{\"@type\":\"Article\",\"@id\":\"https:\/\/www.institutodeengenharia.org.br\/site\/2013\/01\/17\/maior-observatorio-de-raios-gama-tera-participacao-brasileira\/#article\",\"isPartOf\":{\"@id\":\"https:\/\/www.institutodeengenharia.org.br\/site\/2013\/01\/17\/maior-observatorio-de-raios-gama-tera-participacao-brasileira\/\"},\"author\":{\"name\":\"TMax Tecnologia\",\"@id\":\"https:\/\/www.institutodeengenharia.org.br\/site\/#\/schema\/person\/3b1ff109facef084739fc2edcb9a127f\"},\"headline\":\"Maior observat\u00f3rio de raios gama ter\u00e1 participa\u00e7\u00e3o brasileira\",\"datePublished\":\"2013-01-17T23:46:45+00:00\",\"mainEntityOfPage\":{\"@id\":\"https:\/\/www.institutodeengenharia.org.br\/site\/2013\/01\/17\/maior-observatorio-de-raios-gama-tera-participacao-brasileira\/\"},\"wordCount\":1184,\"commentCount\":0,\"publisher\":{\"@id\":\"https:\/\/www.institutodeengenharia.org.br\/site\/#organization\"},\"image\":{\"@id\":\"https:\/\/www.institutodeengenharia.org.br\/site\/2013\/01\/17\/maior-observatorio-de-raios-gama-tera-participacao-brasileira\/#primaryimage\"},\"thumbnailUrl\":\"https:\/\/www.institutodeengenharia.org.br\/site\/wp-content\/uploads\/2017\/10\/telescopio(3).jpg\",\"articleSection\":[\"Not\u00edcias\",\"Pesquisa e Desenvolvimento\"],\"inLanguage\":\"pt-BR\",\"potentialAction\":[{\"@type\":\"CommentAction\",\"name\":\"Comment\",\"target\":[\"https:\/\/www.institutodeengenharia.org.br\/site\/2013\/01\/17\/maior-observatorio-de-raios-gama-tera-participacao-brasileira\/#respond\"]}]},{\"@type\":\"WebPage\",\"@id\":\"https:\/\/www.institutodeengenharia.org.br\/site\/2013\/01\/17\/maior-observatorio-de-raios-gama-tera-participacao-brasileira\/\",\"url\":\"https:\/\/www.institutodeengenharia.org.br\/site\/2013\/01\/17\/maior-observatorio-de-raios-gama-tera-participacao-brasileira\/\",\"name\":\"Maior observat\u00f3rio de raios gama ter\u00e1 participa\u00e7\u00e3o brasileira - Instituto de Engenharia\",\"isPartOf\":{\"@id\":\"https:\/\/www.institutodeengenharia.org.br\/site\/#website\"},\"primaryImageOfPage\":{\"@id\":\"https:\/\/www.institutodeengenharia.org.br\/site\/2013\/01\/17\/maior-observatorio-de-raios-gama-tera-participacao-brasileira\/#primaryimage\"},\"image\":{\"@id\":\"https:\/\/www.institutodeengenharia.org.br\/site\/2013\/01\/17\/maior-observatorio-de-raios-gama-tera-participacao-brasileira\/#primaryimage\"},\"thumbnailUrl\":\"https:\/\/www.institutodeengenharia.org.br\/site\/wp-content\/uploads\/2017\/10\/telescopio(3).jpg\",\"datePublished\":\"2013-01-17T23:46:45+00:00\",\"breadcrumb\":{\"@id\":\"https:\/\/www.institutodeengenharia.org.br\/site\/2013\/01\/17\/maior-observatorio-de-raios-gama-tera-participacao-brasileira\/#breadcrumb\"},\"inLanguage\":\"pt-BR\",\"potentialAction\":[{\"@type\":\"ReadAction\",\"target\":[\"https:\/\/www.institutodeengenharia.org.br\/site\/2013\/01\/17\/maior-observatorio-de-raios-gama-tera-participacao-brasileira\/\"]}]},{\"@type\":\"ImageObject\",\"inLanguage\":\"pt-BR\",\"@id\":\"https:\/\/www.institutodeengenharia.org.br\/site\/2013\/01\/17\/maior-observatorio-de-raios-gama-tera-participacao-brasileira\/#primaryimage\",\"url\":\"https:\/\/www.institutodeengenharia.org.br\/site\/wp-content\/uploads\/2017\/10\/telescopio(3).jpg\",\"contentUrl\":\"https:\/\/www.institutodeengenharia.org.br\/site\/wp-content\/uploads\/2017\/10\/telescopio(3).jpg\",\"width\":550,\"height\":244},{\"@type\":\"BreadcrumbList\",\"@id\":\"https:\/\/www.institutodeengenharia.org.br\/site\/2013\/01\/17\/maior-observatorio-de-raios-gama-tera-participacao-brasileira\/#breadcrumb\",\"itemListElement\":[{\"@type\":\"ListItem\",\"position\":1,\"name\":\"In\u00edcio\",\"item\":\"https:\/\/www.institutodeengenharia.org.br\/site\/\"},{\"@type\":\"ListItem\",\"position\":2,\"name\":\"Maior observat\u00f3rio de raios gama ter\u00e1 participa\u00e7\u00e3o brasileira\"}]},{\"@type\":\"WebSite\",\"@id\":\"https:\/\/www.institutodeengenharia.org.br\/site\/#website\",\"url\":\"https:\/\/www.institutodeengenharia.org.br\/site\/\",\"name\":\"Instituto de Engenharia\",\"description\":\"O Instituto de Engenharia promove a Engenharia em benef\u00edcio do desenvolvimento e da qualidade de vida da sociedade.\",\"publisher\":{\"@id\":\"https:\/\/www.institutodeengenharia.org.br\/site\/#organization\"},\"potentialAction\":[{\"@type\":\"SearchAction\",\"target\":{\"@type\":\"EntryPoint\",\"urlTemplate\":\"https:\/\/www.institutodeengenharia.org.br\/site\/?s={search_term_string}\"},\"query-input\":{\"@type\":\"PropertyValueSpecification\",\"valueRequired\":true,\"valueName\":\"search_term_string\"}}],\"inLanguage\":\"pt-BR\"},{\"@type\":\"Organization\",\"@id\":\"https:\/\/www.institutodeengenharia.org.br\/site\/#organization\",\"name\":\"Instituto de Engenharia\",\"url\":\"https:\/\/www.institutodeengenharia.org.br\/site\/\",\"logo\":{\"@type\":\"ImageObject\",\"inLanguage\":\"pt-BR\",\"@id\":\"https:\/\/www.institutodeengenharia.org.br\/site\/#\/schema\/logo\/image\/\",\"url\":\"https:\/\/www.institutodeengenharia.org.br\/site\/wp-content\/uploads\/2019\/03\/logo-novo-IE2018-1.jpg\",\"contentUrl\":\"https:\/\/www.institutodeengenharia.org.br\/site\/wp-content\/uploads\/2019\/03\/logo-novo-IE2018-1.jpg\",\"width\":1486,\"height\":1879,\"caption\":\"Instituto de Engenharia\"},\"image\":{\"@id\":\"https:\/\/www.institutodeengenharia.org.br\/site\/#\/schema\/logo\/image\/\"},\"sameAs\":[\"https:\/\/www.facebook.com\/institutodeengenharia\",\"https:\/\/x.com\/iengenharia\",\"https:\/\/www.instagram.com\/institutodeengenharia\/\",\"https:\/\/www.linkedin.com\/company\/instituto-de-engenharia\/\",\"https:\/\/www.youtube.com\/channel\/UCXiCAlsSMe977vamW915HxA\"]},{\"@type\":\"Person\",\"@id\":\"https:\/\/www.institutodeengenharia.org.br\/site\/#\/schema\/person\/3b1ff109facef084739fc2edcb9a127f\",\"name\":\"TMax Tecnologia\",\"image\":{\"@type\":\"ImageObject\",\"inLanguage\":\"pt-BR\",\"@id\":\"https:\/\/secure.gravatar.com\/avatar\/f912434ef7f389c92cb311fcdae346af848465d638912574b3c669070f797701?s=96&d=mm&r=g\",\"url\":\"https:\/\/secure.gravatar.com\/avatar\/f912434ef7f389c92cb311fcdae346af848465d638912574b3c669070f797701?s=96&d=mm&r=g\",\"contentUrl\":\"https:\/\/secure.gravatar.com\/avatar\/f912434ef7f389c92cb311fcdae346af848465d638912574b3c669070f797701?s=96&d=mm&r=g\",\"caption\":\"TMax Tecnologia\"},\"url\":\"https:\/\/www.institutodeengenharia.org.br\/site\/author\/tmax\/\"}]}<\/script>\n<!-- \/ Yoast SEO plugin. -->","yoast_head_json":{"title":"Maior observat\u00f3rio de raios gama ter\u00e1 participa\u00e7\u00e3o brasileira - Instituto de Engenharia","robots":{"index":"index","follow":"follow","max-snippet":"max-snippet:-1","max-image-preview":"max-image-preview:large","max-video-preview":"max-video-preview:-1"},"canonical":"https:\/\/www.institutodeengenharia.org.br\/site\/2013\/01\/17\/maior-observatorio-de-raios-gama-tera-participacao-brasileira\/","og_locale":"pt_BR","og_type":"article","og_title":"Maior observat\u00f3rio de raios gama ter\u00e1 participa\u00e7\u00e3o brasileira - Instituto de Engenharia","og_description":"Um grupo de aproximadamente mil pesquisadores de 28 pa\u00edses, entre os quais dez brasileiros, pretende construir at\u00e9 2015 o maior observat\u00f3rio do mundo dedicado ao estudo de corpos celestes que emitem radia\u00e7\u00e3o gama &#8211; a radia\u00e7\u00e3o de mais alta energia. Denominado Cherenkov Telescope Array (CTA), o observat\u00f3rio ser\u00e1 instalado em dois lugares diferentes, um no [&hellip;]","og_url":"https:\/\/www.institutodeengenharia.org.br\/site\/2013\/01\/17\/maior-observatorio-de-raios-gama-tera-participacao-brasileira\/","og_site_name":"Instituto de Engenharia","article_publisher":"https:\/\/www.facebook.com\/institutodeengenharia","article_published_time":"2013-01-17T23:46:45+00:00","og_image":[{"width":550,"height":244,"url":"https:\/\/www.institutodeengenharia.org.br\/site\/wp-content\/uploads\/2017\/10\/telescopio(3).jpg","type":"image\/jpeg"}],"author":"TMax Tecnologia","twitter_card":"summary_large_image","twitter_creator":"@iengenharia","twitter_site":"@iengenharia","twitter_misc":{"Escrito por":"TMax Tecnologia","Est. tempo de leitura":"6 minutos"},"schema":{"@context":"https:\/\/schema.org","@graph":[{"@type":"Article","@id":"https:\/\/www.institutodeengenharia.org.br\/site\/2013\/01\/17\/maior-observatorio-de-raios-gama-tera-participacao-brasileira\/#article","isPartOf":{"@id":"https:\/\/www.institutodeengenharia.org.br\/site\/2013\/01\/17\/maior-observatorio-de-raios-gama-tera-participacao-brasileira\/"},"author":{"name":"TMax Tecnologia","@id":"https:\/\/www.institutodeengenharia.org.br\/site\/#\/schema\/person\/3b1ff109facef084739fc2edcb9a127f"},"headline":"Maior observat\u00f3rio de raios gama ter\u00e1 participa\u00e7\u00e3o brasileira","datePublished":"2013-01-17T23:46:45+00:00","mainEntityOfPage":{"@id":"https:\/\/www.institutodeengenharia.org.br\/site\/2013\/01\/17\/maior-observatorio-de-raios-gama-tera-participacao-brasileira\/"},"wordCount":1184,"commentCount":0,"publisher":{"@id":"https:\/\/www.institutodeengenharia.org.br\/site\/#organization"},"image":{"@id":"https:\/\/www.institutodeengenharia.org.br\/site\/2013\/01\/17\/maior-observatorio-de-raios-gama-tera-participacao-brasileira\/#primaryimage"},"thumbnailUrl":"https:\/\/www.institutodeengenharia.org.br\/site\/wp-content\/uploads\/2017\/10\/telescopio(3).jpg","articleSection":["Not\u00edcias","Pesquisa e Desenvolvimento"],"inLanguage":"pt-BR","potentialAction":[{"@type":"CommentAction","name":"Comment","target":["https:\/\/www.institutodeengenharia.org.br\/site\/2013\/01\/17\/maior-observatorio-de-raios-gama-tera-participacao-brasileira\/#respond"]}]},{"@type":"WebPage","@id":"https:\/\/www.institutodeengenharia.org.br\/site\/2013\/01\/17\/maior-observatorio-de-raios-gama-tera-participacao-brasileira\/","url":"https:\/\/www.institutodeengenharia.org.br\/site\/2013\/01\/17\/maior-observatorio-de-raios-gama-tera-participacao-brasileira\/","name":"Maior observat\u00f3rio de raios gama ter\u00e1 participa\u00e7\u00e3o brasileira - Instituto de Engenharia","isPartOf":{"@id":"https:\/\/www.institutodeengenharia.org.br\/site\/#website"},"primaryImageOfPage":{"@id":"https:\/\/www.institutodeengenharia.org.br\/site\/2013\/01\/17\/maior-observatorio-de-raios-gama-tera-participacao-brasileira\/#primaryimage"},"image":{"@id":"https:\/\/www.institutodeengenharia.org.br\/site\/2013\/01\/17\/maior-observatorio-de-raios-gama-tera-participacao-brasileira\/#primaryimage"},"thumbnailUrl":"https:\/\/www.institutodeengenharia.org.br\/site\/wp-content\/uploads\/2017\/10\/telescopio(3).jpg","datePublished":"2013-01-17T23:46:45+00:00","breadcrumb":{"@id":"https:\/\/www.institutodeengenharia.org.br\/site\/2013\/01\/17\/maior-observatorio-de-raios-gama-tera-participacao-brasileira\/#breadcrumb"},"inLanguage":"pt-BR","potentialAction":[{"@type":"ReadAction","target":["https:\/\/www.institutodeengenharia.org.br\/site\/2013\/01\/17\/maior-observatorio-de-raios-gama-tera-participacao-brasileira\/"]}]},{"@type":"ImageObject","inLanguage":"pt-BR","@id":"https:\/\/www.institutodeengenharia.org.br\/site\/2013\/01\/17\/maior-observatorio-de-raios-gama-tera-participacao-brasileira\/#primaryimage","url":"https:\/\/www.institutodeengenharia.org.br\/site\/wp-content\/uploads\/2017\/10\/telescopio(3).jpg","contentUrl":"https:\/\/www.institutodeengenharia.org.br\/site\/wp-content\/uploads\/2017\/10\/telescopio(3).jpg","width":550,"height":244},{"@type":"BreadcrumbList","@id":"https:\/\/www.institutodeengenharia.org.br\/site\/2013\/01\/17\/maior-observatorio-de-raios-gama-tera-participacao-brasileira\/#breadcrumb","itemListElement":[{"@type":"ListItem","position":1,"name":"In\u00edcio","item":"https:\/\/www.institutodeengenharia.org.br\/site\/"},{"@type":"ListItem","position":2,"name":"Maior observat\u00f3rio de raios gama ter\u00e1 participa\u00e7\u00e3o brasileira"}]},{"@type":"WebSite","@id":"https:\/\/www.institutodeengenharia.org.br\/site\/#website","url":"https:\/\/www.institutodeengenharia.org.br\/site\/","name":"Instituto de Engenharia","description":"O Instituto de Engenharia promove a Engenharia em benef\u00edcio do desenvolvimento e da qualidade de vida da sociedade.","publisher":{"@id":"https:\/\/www.institutodeengenharia.org.br\/site\/#organization"},"potentialAction":[{"@type":"SearchAction","target":{"@type":"EntryPoint","urlTemplate":"https:\/\/www.institutodeengenharia.org.br\/site\/?s={search_term_string}"},"query-input":{"@type":"PropertyValueSpecification","valueRequired":true,"valueName":"search_term_string"}}],"inLanguage":"pt-BR"},{"@type":"Organization","@id":"https:\/\/www.institutodeengenharia.org.br\/site\/#organization","name":"Instituto de Engenharia","url":"https:\/\/www.institutodeengenharia.org.br\/site\/","logo":{"@type":"ImageObject","inLanguage":"pt-BR","@id":"https:\/\/www.institutodeengenharia.org.br\/site\/#\/schema\/logo\/image\/","url":"https:\/\/www.institutodeengenharia.org.br\/site\/wp-content\/uploads\/2019\/03\/logo-novo-IE2018-1.jpg","contentUrl":"https:\/\/www.institutodeengenharia.org.br\/site\/wp-content\/uploads\/2019\/03\/logo-novo-IE2018-1.jpg","width":1486,"height":1879,"caption":"Instituto de Engenharia"},"image":{"@id":"https:\/\/www.institutodeengenharia.org.br\/site\/#\/schema\/logo\/image\/"},"sameAs":["https:\/\/www.facebook.com\/institutodeengenharia","https:\/\/x.com\/iengenharia","https:\/\/www.instagram.com\/institutodeengenharia\/","https:\/\/www.linkedin.com\/company\/instituto-de-engenharia\/","https:\/\/www.youtube.com\/channel\/UCXiCAlsSMe977vamW915HxA"]},{"@type":"Person","@id":"https:\/\/www.institutodeengenharia.org.br\/site\/#\/schema\/person\/3b1ff109facef084739fc2edcb9a127f","name":"TMax Tecnologia","image":{"@type":"ImageObject","inLanguage":"pt-BR","@id":"https:\/\/secure.gravatar.com\/avatar\/f912434ef7f389c92cb311fcdae346af848465d638912574b3c669070f797701?s=96&d=mm&r=g","url":"https:\/\/secure.gravatar.com\/avatar\/f912434ef7f389c92cb311fcdae346af848465d638912574b3c669070f797701?s=96&d=mm&r=g","contentUrl":"https:\/\/secure.gravatar.com\/avatar\/f912434ef7f389c92cb311fcdae346af848465d638912574b3c669070f797701?s=96&d=mm&r=g","caption":"TMax Tecnologia"},"url":"https:\/\/www.institutodeengenharia.org.br\/site\/author\/tmax\/"}]}},"_links":{"self":[{"href":"https:\/\/www.institutodeengenharia.org.br\/site\/wp-json\/wp\/v2\/posts\/23073","targetHints":{"allow":["GET"]}}],"collection":[{"href":"https:\/\/www.institutodeengenharia.org.br\/site\/wp-json\/wp\/v2\/posts"}],"about":[{"href":"https:\/\/www.institutodeengenharia.org.br\/site\/wp-json\/wp\/v2\/types\/post"}],"author":[{"embeddable":true,"href":"https:\/\/www.institutodeengenharia.org.br\/site\/wp-json\/wp\/v2\/users\/1"}],"replies":[{"embeddable":true,"href":"https:\/\/www.institutodeengenharia.org.br\/site\/wp-json\/wp\/v2\/comments?post=23073"}],"version-history":[{"count":0,"href":"https:\/\/www.institutodeengenharia.org.br\/site\/wp-json\/wp\/v2\/posts\/23073\/revisions"}],"wp:featuredmedia":[{"embeddable":true,"href":"https:\/\/www.institutodeengenharia.org.br\/site\/wp-json\/wp\/v2\/media\/23074"}],"wp:attachment":[{"href":"https:\/\/www.institutodeengenharia.org.br\/site\/wp-json\/wp\/v2\/media?parent=23073"}],"wp:term":[{"taxonomy":"category","embeddable":true,"href":"https:\/\/www.institutodeengenharia.org.br\/site\/wp-json\/wp\/v2\/categories?post=23073"},{"taxonomy":"post_tag","embeddable":true,"href":"https:\/\/www.institutodeengenharia.org.br\/site\/wp-json\/wp\/v2\/tags?post=23073"}],"curies":[{"name":"wp","href":"https:\/\/api.w.org\/{rel}","templated":true}]}}