{"id":23044,"date":"2013-01-10T23:46:20","date_gmt":"2013-01-10T23:46:20","guid":{"rendered":"https:\/\/www.institutodeengenharia.org.br\/?p=23044"},"modified":"2013-01-10T15:30:24","modified_gmt":"2013-01-10T15:30:24","slug":"onda-de-calor-faz-australia-criar-mais-cores-para-escala-de-temperatura","status":"publish","type":"post","link":"https:\/\/www.institutodeengenharia.org.br\/site\/2013\/01\/10\/onda-de-calor-faz-australia-criar-mais-cores-para-escala-de-temperatura\/","title":{"rendered":"Onda de calor faz Austr\u00e1lia criar mais cores para escala de temperatura"},"content":{"rendered":"<p>Os meteorologistas adicionaram as cores roxo escuro e magenta para representar as temperaturas entre 51\u00baC e 54\u00baC, que podem ser alcan\u00e7adas na pr\u00f3xima semana<\/p>\n<p>O pa\u00eds est\u00e1 enfrentando uma forte onda de calor, que piora ainda mais os inc\u00eandios em florestas da regi\u00e3o sudeste, comuns durante o ver\u00e3o. <\/p>\n<p>Oito dos 20 dias de maior m\u00e9dia de temperatura j\u00e1 registrada na Austr\u00e1lia ocorreram na primeira semana de 2013. E, apesar da chegada de uma frente fria, que trouxe um pouco de al\u00edvio, os meteorologistas preveem uma nova onda de calor para o fim de semana. <\/p>\n<p>Segundo pesquisadores, curiosamente, uma das causas imediatas dos problemas com o clima australiano foi a chuva. O fen\u00f4meno clim\u00e1tico La Ni\u00f1a durou mais tempo nos dois \u00faltimos anos, e isso parece ter causado mais chuvas nas regi\u00f5es sul e sudeste da Austr\u00e1lia <\/p>\n<p>\n\u00c1rvores e outras plantas cresceram muito e rapidamente. O problema \u00e9 que, quando a temperatura aumenta, esta vegeta\u00e7\u00e3o se transforma em combust\u00edvel para os inc\u00eandios. <\/p>\n<p>O segundo semestre de 2012 foi extremamente seco na regi\u00e3o, com as temperaturas 0,11\u00baC acima da m\u00e9dia di\u00e1ria. Esse cen\u00e1rio criou condi\u00e7\u00f5es perfeitas para os grandes inc\u00eandios. <\/p>\n<p>Aquecimento global?Nessas circunst\u00e2ncias, quando a interfer\u00eancia humana parece ser ineficaz, pol\u00edticos rapidamente apontam para uma ideia vaga de aquecimento global. <\/p>\n<p>&#8220;Apesar de n\u00e3o citarmos a mudan\u00e7a clim\u00e1tica (como causa para) qualquer evento, sabemos que, com o passar do tempo e como um resultado da mudan\u00e7a clim\u00e1tica, vamos ter mais eventos e condi\u00e7\u00f5es de clima extremos&#8221;, afirmou a primeira-ministra australiana, Julia Gillard. <\/p>\n<p>Pol\u00edticos australianos sugeriram que mais carbono ser\u00e1 liberado pelos inc\u00eandios que est\u00e3o consumindo as \u00e1rvores neste come\u00e7o de 2013 do que pelas usinas de carv\u00e3o nas pr\u00f3ximas d\u00e9cadas. <\/p>\n<p>Cientistas, por\u00e9m, t\u00eam mantido o sil\u00eancio a respeito. <\/p>\n<p>Em um relat\u00f3rio publicado em 2012, especialistas australianos previram o aumento do risco de inc\u00eandio em algumas das \u00e1reas que agora sofrem com as chamas, incluindo a Tasm\u00e2nia e o sul da Austr\u00e1lia. Mas o documento n\u00e3o identificou claramente a causa do problema. <\/p>\n<p>&#8220;Apesar de as tend\u00eancias serem consistentes com os impactos previstos da mudan\u00e7a clim\u00e1tica, este estudo n\u00e3o pode separar a influ\u00eancia da mudan\u00e7a clim\u00e1tica, se houver alguma, da (influ\u00eancia) da varia\u00e7\u00e3o natural&#8221;, afirmou o relat\u00f3rio. <\/p>\n<p>E, apesar da suposi\u00e7\u00e3o de que o aquecimento global esteja em uma esp\u00e9cie de pausa nas \u00faltimas duas d\u00e9cadas, novos dados dos Estados Unidos sugerem que 2012 foi o ano mais quente j\u00e1 registrado. <\/p>\n<p>No Brasil, os reservat\u00f3rios de todo o pa\u00eds est\u00e3o operando abaixo da capacidade devido \u00e0 seca dos \u00faltimos meses e o consumo de energia el\u00e9trica aumentou com a onda de calor registrada no final do ano. <\/p>\n<p>Riscos ao corpoCientistas afirmam que parte deste aumento de temperatura pode ter sido causado por atividades humanas. <\/p>\n<p>Mas, segundo o professor Roger Pielke Jr., da Universidade do Colorado, \u00e9 perigoso afirmar que um evento &#8211; seja o clima nos Estados Unidos ou os inc\u00eandios na Austr\u00e1lia &#8211; consiste em prova clara de mudan\u00e7a clim\u00e1tica induzida pela atividade humana. <\/p>\n<p>&#8220;Estas alega\u00e7\u00f5es simplesmente geram a rea\u00e7\u00e3o que vemos entre os c\u00e9ticos sobre a desacelera\u00e7\u00e3o nas temperaturas globais em longos per\u00edodos de tempo&#8221;, disse o professor \u00e0 BBC. &#8220;O sistema clim\u00e1tico \u00e9 complexo o bastante para fornecer frutos para ambos os lados colherem&#8221;, acrescentou. <\/p>\n<p>Ao mesmo tempo, o corpo humano tamb\u00e9m sente: com o aumento das temperaturas, aumentam os riscos de desidrata\u00e7\u00e3o, exaust\u00e3o e insola\u00e7\u00e3o, por exemplo. <\/p>\n<p>Pesquisas indicam que h\u00e1 perigos para a sa\u00fade quando a temperatura chega a 35\u00baC em ambiente de muita umidade. Aos 40\u00baC, mesmo em baixa umidade os perigos s\u00e3o altos. <\/p>\n<p><b>Autor: BBC<\/b><\/p>\n","protected":false},"excerpt":{"rendered":"<p>O Servi\u00e7o de Meteorologia da Austr\u00e1lia foi obrigado a adicionar novas cores na escala de temperatura para indicar quando os term\u00f4metros ficam acima de 50\u00baC<\/p>\n","protected":false},"author":1,"featured_media":23045,"comment_status":"open","ping_status":"open","sticky":false,"template":"","format":"standard","meta":{"footnotes":""},"categories":[31,6],"tags":[],"class_list":{"0":"post-23044","1":"post","2":"type-post","3":"status-publish","4":"format-standard","5":"has-post-thumbnail","7":"category-meio-ambiente","8":"category-noticias"},"yoast_head":"<!-- This site is optimized with the Yoast SEO plugin v27.2 - https:\/\/yoast.com\/product\/yoast-seo-wordpress\/ -->\n<title>Onda de calor faz Austr\u00e1lia criar mais cores para escala de temperatura - Instituto de Engenharia<\/title>\n<meta name=\"robots\" content=\"index, follow, max-snippet:-1, max-image-preview:large, max-video-preview:-1\" \/>\n<link rel=\"canonical\" href=\"https:\/\/www.institutodeengenharia.org.br\/site\/2013\/01\/10\/onda-de-calor-faz-australia-criar-mais-cores-para-escala-de-temperatura\/\" \/>\n<meta property=\"og:locale\" content=\"pt_BR\" \/>\n<meta property=\"og:type\" content=\"article\" \/>\n<meta property=\"og:title\" content=\"Onda de calor faz Austr\u00e1lia criar mais cores para escala de temperatura - Instituto de Engenharia\" \/>\n<meta property=\"og:description\" content=\"O Servi\u00e7o de Meteorologia da Austr\u00e1lia foi obrigado a adicionar novas cores na escala de temperatura para indicar quando os term\u00f4metros ficam acima de 50\u00baC\" \/>\n<meta property=\"og:url\" content=\"https:\/\/www.institutodeengenharia.org.br\/site\/2013\/01\/10\/onda-de-calor-faz-australia-criar-mais-cores-para-escala-de-temperatura\/\" \/>\n<meta property=\"og:site_name\" content=\"Instituto de Engenharia\" \/>\n<meta property=\"article:publisher\" content=\"https:\/\/www.facebook.com\/institutodeengenharia\" \/>\n<meta property=\"article:published_time\" content=\"2013-01-10T23:46:20+00:00\" \/>\n<meta property=\"og:image\" content=\"https:\/\/www.institutodeengenharia.org.br\/site\/wp-content\/uploads\/2017\/10\/australia.jpg\" \/>\n\t<meta property=\"og:image:width\" content=\"464\" \/>\n\t<meta property=\"og:image:height\" content=\"261\" \/>\n\t<meta property=\"og:image:type\" content=\"image\/jpeg\" \/>\n<meta name=\"author\" content=\"TMax Tecnologia\" \/>\n<meta name=\"twitter:card\" content=\"summary_large_image\" \/>\n<meta name=\"twitter:creator\" content=\"@iengenharia\" \/>\n<meta name=\"twitter:site\" content=\"@iengenharia\" \/>\n<meta name=\"twitter:label1\" content=\"Escrito por\" \/>\n\t<meta name=\"twitter:data1\" content=\"TMax Tecnologia\" \/>\n\t<meta name=\"twitter:label2\" content=\"Est. tempo de leitura\" \/>\n\t<meta name=\"twitter:data2\" content=\"3 minutos\" \/>\n<script type=\"application\/ld+json\" class=\"yoast-schema-graph\">{\"@context\":\"https:\/\/schema.org\",\"@graph\":[{\"@type\":\"Article\",\"@id\":\"https:\/\/www.institutodeengenharia.org.br\/site\/2013\/01\/10\/onda-de-calor-faz-australia-criar-mais-cores-para-escala-de-temperatura\/#article\",\"isPartOf\":{\"@id\":\"https:\/\/www.institutodeengenharia.org.br\/site\/2013\/01\/10\/onda-de-calor-faz-australia-criar-mais-cores-para-escala-de-temperatura\/\"},\"author\":{\"name\":\"TMax Tecnologia\",\"@id\":\"https:\/\/www.institutodeengenharia.org.br\/site\/#\/schema\/person\/3b1ff109facef084739fc2edcb9a127f\"},\"headline\":\"Onda de calor faz Austr\u00e1lia criar mais cores para escala de temperatura\",\"datePublished\":\"2013-01-10T23:46:20+00:00\",\"mainEntityOfPage\":{\"@id\":\"https:\/\/www.institutodeengenharia.org.br\/site\/2013\/01\/10\/onda-de-calor-faz-australia-criar-mais-cores-para-escala-de-temperatura\/\"},\"wordCount\":670,\"commentCount\":0,\"publisher\":{\"@id\":\"https:\/\/www.institutodeengenharia.org.br\/site\/#organization\"},\"image\":{\"@id\":\"https:\/\/www.institutodeengenharia.org.br\/site\/2013\/01\/10\/onda-de-calor-faz-australia-criar-mais-cores-para-escala-de-temperatura\/#primaryimage\"},\"thumbnailUrl\":\"https:\/\/www.institutodeengenharia.org.br\/site\/wp-content\/uploads\/2017\/10\/australia.jpg\",\"articleSection\":[\"Meio Ambiente\",\"Not\u00edcias\"],\"inLanguage\":\"pt-BR\",\"potentialAction\":[{\"@type\":\"CommentAction\",\"name\":\"Comment\",\"target\":[\"https:\/\/www.institutodeengenharia.org.br\/site\/2013\/01\/10\/onda-de-calor-faz-australia-criar-mais-cores-para-escala-de-temperatura\/#respond\"]}]},{\"@type\":\"WebPage\",\"@id\":\"https:\/\/www.institutodeengenharia.org.br\/site\/2013\/01\/10\/onda-de-calor-faz-australia-criar-mais-cores-para-escala-de-temperatura\/\",\"url\":\"https:\/\/www.institutodeengenharia.org.br\/site\/2013\/01\/10\/onda-de-calor-faz-australia-criar-mais-cores-para-escala-de-temperatura\/\",\"name\":\"Onda de calor faz Austr\u00e1lia criar mais cores para escala de temperatura - Instituto de Engenharia\",\"isPartOf\":{\"@id\":\"https:\/\/www.institutodeengenharia.org.br\/site\/#website\"},\"primaryImageOfPage\":{\"@id\":\"https:\/\/www.institutodeengenharia.org.br\/site\/2013\/01\/10\/onda-de-calor-faz-australia-criar-mais-cores-para-escala-de-temperatura\/#primaryimage\"},\"image\":{\"@id\":\"https:\/\/www.institutodeengenharia.org.br\/site\/2013\/01\/10\/onda-de-calor-faz-australia-criar-mais-cores-para-escala-de-temperatura\/#primaryimage\"},\"thumbnailUrl\":\"https:\/\/www.institutodeengenharia.org.br\/site\/wp-content\/uploads\/2017\/10\/australia.jpg\",\"datePublished\":\"2013-01-10T23:46:20+00:00\",\"breadcrumb\":{\"@id\":\"https:\/\/www.institutodeengenharia.org.br\/site\/2013\/01\/10\/onda-de-calor-faz-australia-criar-mais-cores-para-escala-de-temperatura\/#breadcrumb\"},\"inLanguage\":\"pt-BR\",\"potentialAction\":[{\"@type\":\"ReadAction\",\"target\":[\"https:\/\/www.institutodeengenharia.org.br\/site\/2013\/01\/10\/onda-de-calor-faz-australia-criar-mais-cores-para-escala-de-temperatura\/\"]}]},{\"@type\":\"ImageObject\",\"inLanguage\":\"pt-BR\",\"@id\":\"https:\/\/www.institutodeengenharia.org.br\/site\/2013\/01\/10\/onda-de-calor-faz-australia-criar-mais-cores-para-escala-de-temperatura\/#primaryimage\",\"url\":\"https:\/\/www.institutodeengenharia.org.br\/site\/wp-content\/uploads\/2017\/10\/australia.jpg\",\"contentUrl\":\"https:\/\/www.institutodeengenharia.org.br\/site\/wp-content\/uploads\/2017\/10\/australia.jpg\",\"width\":464,\"height\":261},{\"@type\":\"BreadcrumbList\",\"@id\":\"https:\/\/www.institutodeengenharia.org.br\/site\/2013\/01\/10\/onda-de-calor-faz-australia-criar-mais-cores-para-escala-de-temperatura\/#breadcrumb\",\"itemListElement\":[{\"@type\":\"ListItem\",\"position\":1,\"name\":\"In\u00edcio\",\"item\":\"https:\/\/www.institutodeengenharia.org.br\/site\/\"},{\"@type\":\"ListItem\",\"position\":2,\"name\":\"Onda de calor faz Austr\u00e1lia criar mais cores para escala de temperatura\"}]},{\"@type\":\"WebSite\",\"@id\":\"https:\/\/www.institutodeengenharia.org.br\/site\/#website\",\"url\":\"https:\/\/www.institutodeengenharia.org.br\/site\/\",\"name\":\"Instituto de Engenharia\",\"description\":\"O Instituto de Engenharia promove a Engenharia em benef\u00edcio do desenvolvimento e da qualidade de vida da sociedade.\",\"publisher\":{\"@id\":\"https:\/\/www.institutodeengenharia.org.br\/site\/#organization\"},\"potentialAction\":[{\"@type\":\"SearchAction\",\"target\":{\"@type\":\"EntryPoint\",\"urlTemplate\":\"https:\/\/www.institutodeengenharia.org.br\/site\/?s={search_term_string}\"},\"query-input\":{\"@type\":\"PropertyValueSpecification\",\"valueRequired\":true,\"valueName\":\"search_term_string\"}}],\"inLanguage\":\"pt-BR\"},{\"@type\":\"Organization\",\"@id\":\"https:\/\/www.institutodeengenharia.org.br\/site\/#organization\",\"name\":\"Instituto de Engenharia\",\"url\":\"https:\/\/www.institutodeengenharia.org.br\/site\/\",\"logo\":{\"@type\":\"ImageObject\",\"inLanguage\":\"pt-BR\",\"@id\":\"https:\/\/www.institutodeengenharia.org.br\/site\/#\/schema\/logo\/image\/\",\"url\":\"https:\/\/www.institutodeengenharia.org.br\/site\/wp-content\/uploads\/2019\/03\/logo-novo-IE2018-1.jpg\",\"contentUrl\":\"https:\/\/www.institutodeengenharia.org.br\/site\/wp-content\/uploads\/2019\/03\/logo-novo-IE2018-1.jpg\",\"width\":1486,\"height\":1879,\"caption\":\"Instituto de Engenharia\"},\"image\":{\"@id\":\"https:\/\/www.institutodeengenharia.org.br\/site\/#\/schema\/logo\/image\/\"},\"sameAs\":[\"https:\/\/www.facebook.com\/institutodeengenharia\",\"https:\/\/x.com\/iengenharia\",\"https:\/\/www.instagram.com\/institutodeengenharia\/\",\"https:\/\/www.linkedin.com\/company\/instituto-de-engenharia\/\",\"https:\/\/www.youtube.com\/channel\/UCXiCAlsSMe977vamW915HxA\"]},{\"@type\":\"Person\",\"@id\":\"https:\/\/www.institutodeengenharia.org.br\/site\/#\/schema\/person\/3b1ff109facef084739fc2edcb9a127f\",\"name\":\"TMax Tecnologia\",\"image\":{\"@type\":\"ImageObject\",\"inLanguage\":\"pt-BR\",\"@id\":\"https:\/\/secure.gravatar.com\/avatar\/f912434ef7f389c92cb311fcdae346af848465d638912574b3c669070f797701?s=96&d=mm&r=g\",\"url\":\"https:\/\/secure.gravatar.com\/avatar\/f912434ef7f389c92cb311fcdae346af848465d638912574b3c669070f797701?s=96&d=mm&r=g\",\"contentUrl\":\"https:\/\/secure.gravatar.com\/avatar\/f912434ef7f389c92cb311fcdae346af848465d638912574b3c669070f797701?s=96&d=mm&r=g\",\"caption\":\"TMax Tecnologia\"},\"url\":\"https:\/\/www.institutodeengenharia.org.br\/site\/author\/tmax\/\"}]}<\/script>\n<!-- \/ Yoast SEO plugin. -->","yoast_head_json":{"title":"Onda de calor faz Austr\u00e1lia criar mais cores para escala de temperatura - Instituto de Engenharia","robots":{"index":"index","follow":"follow","max-snippet":"max-snippet:-1","max-image-preview":"max-image-preview:large","max-video-preview":"max-video-preview:-1"},"canonical":"https:\/\/www.institutodeengenharia.org.br\/site\/2013\/01\/10\/onda-de-calor-faz-australia-criar-mais-cores-para-escala-de-temperatura\/","og_locale":"pt_BR","og_type":"article","og_title":"Onda de calor faz Austr\u00e1lia criar mais cores para escala de temperatura - Instituto de Engenharia","og_description":"O Servi\u00e7o de Meteorologia da Austr\u00e1lia foi obrigado a adicionar novas cores na escala de temperatura para indicar quando os term\u00f4metros ficam acima de 50\u00baC","og_url":"https:\/\/www.institutodeengenharia.org.br\/site\/2013\/01\/10\/onda-de-calor-faz-australia-criar-mais-cores-para-escala-de-temperatura\/","og_site_name":"Instituto de Engenharia","article_publisher":"https:\/\/www.facebook.com\/institutodeengenharia","article_published_time":"2013-01-10T23:46:20+00:00","og_image":[{"width":464,"height":261,"url":"https:\/\/www.institutodeengenharia.org.br\/site\/wp-content\/uploads\/2017\/10\/australia.jpg","type":"image\/jpeg"}],"author":"TMax Tecnologia","twitter_card":"summary_large_image","twitter_creator":"@iengenharia","twitter_site":"@iengenharia","twitter_misc":{"Escrito por":"TMax Tecnologia","Est. tempo de leitura":"3 minutos"},"schema":{"@context":"https:\/\/schema.org","@graph":[{"@type":"Article","@id":"https:\/\/www.institutodeengenharia.org.br\/site\/2013\/01\/10\/onda-de-calor-faz-australia-criar-mais-cores-para-escala-de-temperatura\/#article","isPartOf":{"@id":"https:\/\/www.institutodeengenharia.org.br\/site\/2013\/01\/10\/onda-de-calor-faz-australia-criar-mais-cores-para-escala-de-temperatura\/"},"author":{"name":"TMax Tecnologia","@id":"https:\/\/www.institutodeengenharia.org.br\/site\/#\/schema\/person\/3b1ff109facef084739fc2edcb9a127f"},"headline":"Onda de calor faz Austr\u00e1lia criar mais cores para escala de temperatura","datePublished":"2013-01-10T23:46:20+00:00","mainEntityOfPage":{"@id":"https:\/\/www.institutodeengenharia.org.br\/site\/2013\/01\/10\/onda-de-calor-faz-australia-criar-mais-cores-para-escala-de-temperatura\/"},"wordCount":670,"commentCount":0,"publisher":{"@id":"https:\/\/www.institutodeengenharia.org.br\/site\/#organization"},"image":{"@id":"https:\/\/www.institutodeengenharia.org.br\/site\/2013\/01\/10\/onda-de-calor-faz-australia-criar-mais-cores-para-escala-de-temperatura\/#primaryimage"},"thumbnailUrl":"https:\/\/www.institutodeengenharia.org.br\/site\/wp-content\/uploads\/2017\/10\/australia.jpg","articleSection":["Meio Ambiente","Not\u00edcias"],"inLanguage":"pt-BR","potentialAction":[{"@type":"CommentAction","name":"Comment","target":["https:\/\/www.institutodeengenharia.org.br\/site\/2013\/01\/10\/onda-de-calor-faz-australia-criar-mais-cores-para-escala-de-temperatura\/#respond"]}]},{"@type":"WebPage","@id":"https:\/\/www.institutodeengenharia.org.br\/site\/2013\/01\/10\/onda-de-calor-faz-australia-criar-mais-cores-para-escala-de-temperatura\/","url":"https:\/\/www.institutodeengenharia.org.br\/site\/2013\/01\/10\/onda-de-calor-faz-australia-criar-mais-cores-para-escala-de-temperatura\/","name":"Onda de calor faz Austr\u00e1lia criar mais cores para escala de temperatura - Instituto de Engenharia","isPartOf":{"@id":"https:\/\/www.institutodeengenharia.org.br\/site\/#website"},"primaryImageOfPage":{"@id":"https:\/\/www.institutodeengenharia.org.br\/site\/2013\/01\/10\/onda-de-calor-faz-australia-criar-mais-cores-para-escala-de-temperatura\/#primaryimage"},"image":{"@id":"https:\/\/www.institutodeengenharia.org.br\/site\/2013\/01\/10\/onda-de-calor-faz-australia-criar-mais-cores-para-escala-de-temperatura\/#primaryimage"},"thumbnailUrl":"https:\/\/www.institutodeengenharia.org.br\/site\/wp-content\/uploads\/2017\/10\/australia.jpg","datePublished":"2013-01-10T23:46:20+00:00","breadcrumb":{"@id":"https:\/\/www.institutodeengenharia.org.br\/site\/2013\/01\/10\/onda-de-calor-faz-australia-criar-mais-cores-para-escala-de-temperatura\/#breadcrumb"},"inLanguage":"pt-BR","potentialAction":[{"@type":"ReadAction","target":["https:\/\/www.institutodeengenharia.org.br\/site\/2013\/01\/10\/onda-de-calor-faz-australia-criar-mais-cores-para-escala-de-temperatura\/"]}]},{"@type":"ImageObject","inLanguage":"pt-BR","@id":"https:\/\/www.institutodeengenharia.org.br\/site\/2013\/01\/10\/onda-de-calor-faz-australia-criar-mais-cores-para-escala-de-temperatura\/#primaryimage","url":"https:\/\/www.institutodeengenharia.org.br\/site\/wp-content\/uploads\/2017\/10\/australia.jpg","contentUrl":"https:\/\/www.institutodeengenharia.org.br\/site\/wp-content\/uploads\/2017\/10\/australia.jpg","width":464,"height":261},{"@type":"BreadcrumbList","@id":"https:\/\/www.institutodeengenharia.org.br\/site\/2013\/01\/10\/onda-de-calor-faz-australia-criar-mais-cores-para-escala-de-temperatura\/#breadcrumb","itemListElement":[{"@type":"ListItem","position":1,"name":"In\u00edcio","item":"https:\/\/www.institutodeengenharia.org.br\/site\/"},{"@type":"ListItem","position":2,"name":"Onda de calor faz Austr\u00e1lia criar mais cores para escala de temperatura"}]},{"@type":"WebSite","@id":"https:\/\/www.institutodeengenharia.org.br\/site\/#website","url":"https:\/\/www.institutodeengenharia.org.br\/site\/","name":"Instituto de Engenharia","description":"O Instituto de Engenharia promove a Engenharia em benef\u00edcio do desenvolvimento e da qualidade de vida da sociedade.","publisher":{"@id":"https:\/\/www.institutodeengenharia.org.br\/site\/#organization"},"potentialAction":[{"@type":"SearchAction","target":{"@type":"EntryPoint","urlTemplate":"https:\/\/www.institutodeengenharia.org.br\/site\/?s={search_term_string}"},"query-input":{"@type":"PropertyValueSpecification","valueRequired":true,"valueName":"search_term_string"}}],"inLanguage":"pt-BR"},{"@type":"Organization","@id":"https:\/\/www.institutodeengenharia.org.br\/site\/#organization","name":"Instituto de Engenharia","url":"https:\/\/www.institutodeengenharia.org.br\/site\/","logo":{"@type":"ImageObject","inLanguage":"pt-BR","@id":"https:\/\/www.institutodeengenharia.org.br\/site\/#\/schema\/logo\/image\/","url":"https:\/\/www.institutodeengenharia.org.br\/site\/wp-content\/uploads\/2019\/03\/logo-novo-IE2018-1.jpg","contentUrl":"https:\/\/www.institutodeengenharia.org.br\/site\/wp-content\/uploads\/2019\/03\/logo-novo-IE2018-1.jpg","width":1486,"height":1879,"caption":"Instituto de Engenharia"},"image":{"@id":"https:\/\/www.institutodeengenharia.org.br\/site\/#\/schema\/logo\/image\/"},"sameAs":["https:\/\/www.facebook.com\/institutodeengenharia","https:\/\/x.com\/iengenharia","https:\/\/www.instagram.com\/institutodeengenharia\/","https:\/\/www.linkedin.com\/company\/instituto-de-engenharia\/","https:\/\/www.youtube.com\/channel\/UCXiCAlsSMe977vamW915HxA"]},{"@type":"Person","@id":"https:\/\/www.institutodeengenharia.org.br\/site\/#\/schema\/person\/3b1ff109facef084739fc2edcb9a127f","name":"TMax Tecnologia","image":{"@type":"ImageObject","inLanguage":"pt-BR","@id":"https:\/\/secure.gravatar.com\/avatar\/f912434ef7f389c92cb311fcdae346af848465d638912574b3c669070f797701?s=96&d=mm&r=g","url":"https:\/\/secure.gravatar.com\/avatar\/f912434ef7f389c92cb311fcdae346af848465d638912574b3c669070f797701?s=96&d=mm&r=g","contentUrl":"https:\/\/secure.gravatar.com\/avatar\/f912434ef7f389c92cb311fcdae346af848465d638912574b3c669070f797701?s=96&d=mm&r=g","caption":"TMax Tecnologia"},"url":"https:\/\/www.institutodeengenharia.org.br\/site\/author\/tmax\/"}]}},"_links":{"self":[{"href":"https:\/\/www.institutodeengenharia.org.br\/site\/wp-json\/wp\/v2\/posts\/23044","targetHints":{"allow":["GET"]}}],"collection":[{"href":"https:\/\/www.institutodeengenharia.org.br\/site\/wp-json\/wp\/v2\/posts"}],"about":[{"href":"https:\/\/www.institutodeengenharia.org.br\/site\/wp-json\/wp\/v2\/types\/post"}],"author":[{"embeddable":true,"href":"https:\/\/www.institutodeengenharia.org.br\/site\/wp-json\/wp\/v2\/users\/1"}],"replies":[{"embeddable":true,"href":"https:\/\/www.institutodeengenharia.org.br\/site\/wp-json\/wp\/v2\/comments?post=23044"}],"version-history":[{"count":0,"href":"https:\/\/www.institutodeengenharia.org.br\/site\/wp-json\/wp\/v2\/posts\/23044\/revisions"}],"wp:featuredmedia":[{"embeddable":true,"href":"https:\/\/www.institutodeengenharia.org.br\/site\/wp-json\/wp\/v2\/media\/23045"}],"wp:attachment":[{"href":"https:\/\/www.institutodeengenharia.org.br\/site\/wp-json\/wp\/v2\/media?parent=23044"}],"wp:term":[{"taxonomy":"category","embeddable":true,"href":"https:\/\/www.institutodeengenharia.org.br\/site\/wp-json\/wp\/v2\/categories?post=23044"},{"taxonomy":"post_tag","embeddable":true,"href":"https:\/\/www.institutodeengenharia.org.br\/site\/wp-json\/wp\/v2\/tags?post=23044"}],"curies":[{"name":"wp","href":"https:\/\/api.w.org\/{rel}","templated":true}]}}