{"id":22840,"date":"2012-10-23T23:43:42","date_gmt":"2012-10-23T23:43:42","guid":{"rendered":"https:\/\/www.institutodeengenharia.org.br\/?p=22840"},"modified":"2012-10-23T11:22:05","modified_gmt":"2012-10-23T11:22:05","slug":"bagaco-de-cana-move-turbina-a-vapor-em-termeletrica","status":"publish","type":"post","link":"https:\/\/www.institutodeengenharia.org.br\/site\/2012\/10\/23\/bagaco-de-cana-move-turbina-a-vapor-em-termeletrica\/","title":{"rendered":"Baga\u00e7o de cana move turbina a vapor em termel\u00e9trica"},"content":{"rendered":"<p>Na Escola Polit\u00e9cnica (Poli) da USP, pesquisa mostra que o baga\u00e7o de cana-de-a\u00e7\u00facar pode ser aproveitado pelas usinas de a\u00e7\u00facar e etanol para produzir eletricidade em uma central termel\u00e9trica com turbinas a vapor. O estudo do engenheiro eletricista Fernando Alves dos Santos estima que uma usina de m\u00e9dio porte geraria 42 megawatts de energia el\u00e9trica por hora, consumindo anualmente 500 mil toneladas de baga\u00e7o, usado como combust\u00edvel das caldeiras que produzem o vapor. A produ\u00e7\u00e3o, al\u00e9m de suprir o abastecimento de energia da pr\u00f3pria usina, gera excedentes que podem ser comercializados. <\/p>\n<p>A pesquisa analisou o potencial da biomassa de cana na gera\u00e7\u00e3o de energia el\u00e9trica, onde \u00e9 produzida e como pode ser aproveitada. \u201cA biomassa \u00e9 composta pelo baga\u00e7o de cana-de-a\u00e7\u00facar, um res\u00edduo industrial obtido ap\u00f3s a moagem da cana para extra\u00e7\u00e3o do caldo, que ser\u00e1 usado na produ\u00e7\u00e3o de a\u00e7\u00facar e etanol\u201d, diz Santos. <\/p>\n<p>O baga\u00e7o \u00e9 queimado em caldeiras produtoras de vapor, substituindo combust\u00edveis de fontes n\u00e3o-renov\u00e1veis, como g\u00e1s natural e carv\u00e3o. \u201cO vapor alimenta uma turbina, movimentando h\u00e9lices que geram energia mec\u00e2nica\u201d, conta o engenheiro. \u201cNa extremidade da turbina h\u00e1 um gerador que converte a energia mec\u00e2nicia em energia el\u00e9trica.\u201d <\/p>\n<p>A partir do ranking de produ\u00e7\u00e3o das usinas de m\u00e9dio porte no Estado de S\u00e3o Paulo, a pesquisa estimou uma m\u00e9dia anual de 2 milh\u00f5es de toneladas de cana mo\u00eddas por usina. \u201cCom 500 mil toneladas de res\u00edduos, cada termel\u00e9trica poderia produzir 42 megawatts de eletricidade por hora, durante 4.600 horas por ano\u201d, ressalta Santos. \u201cQuanto mais cana \u00e9 mo\u00edda, maior \u00e9 o potencial energ\u00e9tico.\u201d <\/p>\n<p>instala\u00e7\u00e3o da termel\u00e9trica, al\u00e9m de poder suprir o consumo da pr\u00f3pria usina, tamb\u00e9m abre a possibilidade de comercializa\u00e7\u00e3o dos excedentes de energia. \u201cEstima-se uma usina de m\u00e9dio porte consuma cerca de 13 megawatts de eletricidade por hora\u201d, observa o engenheiro. \u201cO que sobra pode ser comercializado em leil\u00f5es de fontes de energia renov\u00e1veis ou vendido a um consumidor cativo, como uma ind\u00fastria de grande porte, que tenha o direito de comprar energia de um determinado produtor e n\u00e3o da concession\u00e1ria local.\u201d <\/p>\n<p>Santos lembra que as usinas j\u00e1 necessitam de vapor em equipamentos como evaporadores de caldo, cozedores e colunas de destilaria. \u201cA energia gerada pela termel\u00e9trica \u00e9 um subproduto do processo produtivo, pois antes do vapor produzido nas caldeiras ser consumido, ele passa pela turbina\u201d, diz. \u201cPor isso se diz que esse sistema \u00e9 de co-gera\u00e7\u00e3o, pois aproveita a energia t\u00e9rmica consumida na ind\u00fastria para produzir energia el\u00e9trica.\u201d <\/p>\n<p>A pesquisa apresenta c\u00e1lculos e indica\u00e7\u00f5es para os empres\u00e1rios interessados em instalar termel\u00e9tricas nas usinas. \u201cUma das recomenda\u00e7\u00f5es \u00e9 melhorar a efici\u00eancia dos equipamentos consumidores de vapor usados na produ\u00e7\u00e3o de a\u00e7\u00facar e etanol, o que liberaria mais vapor para a gera\u00e7\u00e3o de energia\u201d, afirma Santos. O trabalho foi orientado pelo professor Luiz Natal Rossi, da Poli. <\/p>\n<p>O engenheiro tamb\u00e9m sugere o incremento da biomassa com a adi\u00e7\u00e3o de palha de cana ao baga\u00e7o. \u201cA palha, ao inv\u00e9s de ser descartada no campo durante a colheita, seria trazida para a ind\u00fastria\u201d, aponta. \u201cMisturada ao baga\u00e7o, a palha agrega menos umidade e aumenta o poder calor\u00edfico, ampliando o potencial de gera\u00e7\u00e3o de vapor e consequentemente a capacidade de produzir energia.\u201d <\/p>\n<p><b>Autor: Exame.com<\/b><\/p>\n","protected":false},"excerpt":{"rendered":"<p>Res\u00edduo de usina de a\u00e7\u00facar e etanol \u00e9 combust\u00edvel de caldeira que produz vapor para gera\u00e7\u00e3o de eletricidade<\/p>\n","protected":false},"author":1,"featured_media":22841,"comment_status":"open","ping_status":"open","sticky":false,"template":"","format":"standard","meta":{"footnotes":""},"categories":[6,35],"tags":[],"class_list":{"0":"post-22840","1":"post","2":"type-post","3":"status-publish","4":"format-standard","5":"has-post-thumbnail","7":"category-noticias","8":"category-pesquisa-e-desenvolvimento"},"yoast_head":"<!-- This site is optimized with the Yoast SEO plugin v27.2 - https:\/\/yoast.com\/product\/yoast-seo-wordpress\/ -->\n<title>Baga\u00e7o de cana move turbina a vapor em termel\u00e9trica - Instituto de Engenharia<\/title>\n<meta name=\"robots\" content=\"index, follow, max-snippet:-1, max-image-preview:large, max-video-preview:-1\" \/>\n<link rel=\"canonical\" href=\"https:\/\/www.institutodeengenharia.org.br\/site\/2012\/10\/23\/bagaco-de-cana-move-turbina-a-vapor-em-termeletrica\/\" \/>\n<meta property=\"og:locale\" content=\"pt_BR\" \/>\n<meta property=\"og:type\" content=\"article\" \/>\n<meta property=\"og:title\" content=\"Baga\u00e7o de cana move turbina a vapor em termel\u00e9trica - Instituto de Engenharia\" \/>\n<meta property=\"og:description\" content=\"Res\u00edduo de usina de a\u00e7\u00facar e etanol \u00e9 combust\u00edvel de caldeira que produz vapor para gera\u00e7\u00e3o de eletricidade\" \/>\n<meta property=\"og:url\" content=\"https:\/\/www.institutodeengenharia.org.br\/site\/2012\/10\/23\/bagaco-de-cana-move-turbina-a-vapor-em-termeletrica\/\" \/>\n<meta property=\"og:site_name\" content=\"Instituto de Engenharia\" \/>\n<meta property=\"article:publisher\" content=\"https:\/\/www.facebook.com\/institutodeengenharia\" \/>\n<meta property=\"article:published_time\" content=\"2012-10-23T23:43:42+00:00\" \/>\n<meta property=\"og:image\" content=\"https:\/\/www.institutodeengenharia.org.br\/site\/wp-content\/uploads\/2017\/10\/bagaco.jpg\" \/>\n\t<meta property=\"og:image:width\" content=\"590\" \/>\n\t<meta property=\"og:image:height\" content=\"443\" \/>\n\t<meta property=\"og:image:type\" content=\"image\/jpeg\" \/>\n<meta name=\"author\" content=\"TMax Tecnologia\" \/>\n<meta name=\"twitter:card\" content=\"summary_large_image\" \/>\n<meta name=\"twitter:creator\" content=\"@iengenharia\" \/>\n<meta name=\"twitter:site\" content=\"@iengenharia\" \/>\n<meta name=\"twitter:label1\" content=\"Escrito por\" \/>\n\t<meta name=\"twitter:data1\" content=\"TMax Tecnologia\" \/>\n\t<meta name=\"twitter:label2\" content=\"Est. tempo de leitura\" \/>\n\t<meta name=\"twitter:data2\" content=\"3 minutos\" \/>\n<script type=\"application\/ld+json\" class=\"yoast-schema-graph\">{\"@context\":\"https:\/\/schema.org\",\"@graph\":[{\"@type\":\"Article\",\"@id\":\"https:\/\/www.institutodeengenharia.org.br\/site\/2012\/10\/23\/bagaco-de-cana-move-turbina-a-vapor-em-termeletrica\/#article\",\"isPartOf\":{\"@id\":\"https:\/\/www.institutodeengenharia.org.br\/site\/2012\/10\/23\/bagaco-de-cana-move-turbina-a-vapor-em-termeletrica\/\"},\"author\":{\"name\":\"TMax Tecnologia\",\"@id\":\"https:\/\/www.institutodeengenharia.org.br\/site\/#\/schema\/person\/3b1ff109facef084739fc2edcb9a127f\"},\"headline\":\"Baga\u00e7o de cana move turbina a vapor em termel\u00e9trica\",\"datePublished\":\"2012-10-23T23:43:42+00:00\",\"mainEntityOfPage\":{\"@id\":\"https:\/\/www.institutodeengenharia.org.br\/site\/2012\/10\/23\/bagaco-de-cana-move-turbina-a-vapor-em-termeletrica\/\"},\"wordCount\":599,\"commentCount\":0,\"publisher\":{\"@id\":\"https:\/\/www.institutodeengenharia.org.br\/site\/#organization\"},\"image\":{\"@id\":\"https:\/\/www.institutodeengenharia.org.br\/site\/2012\/10\/23\/bagaco-de-cana-move-turbina-a-vapor-em-termeletrica\/#primaryimage\"},\"thumbnailUrl\":\"https:\/\/www.institutodeengenharia.org.br\/site\/wp-content\/uploads\/2017\/10\/bagaco.jpg\",\"articleSection\":[\"Not\u00edcias\",\"Pesquisa e Desenvolvimento\"],\"inLanguage\":\"pt-BR\",\"potentialAction\":[{\"@type\":\"CommentAction\",\"name\":\"Comment\",\"target\":[\"https:\/\/www.institutodeengenharia.org.br\/site\/2012\/10\/23\/bagaco-de-cana-move-turbina-a-vapor-em-termeletrica\/#respond\"]}]},{\"@type\":\"WebPage\",\"@id\":\"https:\/\/www.institutodeengenharia.org.br\/site\/2012\/10\/23\/bagaco-de-cana-move-turbina-a-vapor-em-termeletrica\/\",\"url\":\"https:\/\/www.institutodeengenharia.org.br\/site\/2012\/10\/23\/bagaco-de-cana-move-turbina-a-vapor-em-termeletrica\/\",\"name\":\"Baga\u00e7o de cana move turbina a vapor em termel\u00e9trica - Instituto de Engenharia\",\"isPartOf\":{\"@id\":\"https:\/\/www.institutodeengenharia.org.br\/site\/#website\"},\"primaryImageOfPage\":{\"@id\":\"https:\/\/www.institutodeengenharia.org.br\/site\/2012\/10\/23\/bagaco-de-cana-move-turbina-a-vapor-em-termeletrica\/#primaryimage\"},\"image\":{\"@id\":\"https:\/\/www.institutodeengenharia.org.br\/site\/2012\/10\/23\/bagaco-de-cana-move-turbina-a-vapor-em-termeletrica\/#primaryimage\"},\"thumbnailUrl\":\"https:\/\/www.institutodeengenharia.org.br\/site\/wp-content\/uploads\/2017\/10\/bagaco.jpg\",\"datePublished\":\"2012-10-23T23:43:42+00:00\",\"breadcrumb\":{\"@id\":\"https:\/\/www.institutodeengenharia.org.br\/site\/2012\/10\/23\/bagaco-de-cana-move-turbina-a-vapor-em-termeletrica\/#breadcrumb\"},\"inLanguage\":\"pt-BR\",\"potentialAction\":[{\"@type\":\"ReadAction\",\"target\":[\"https:\/\/www.institutodeengenharia.org.br\/site\/2012\/10\/23\/bagaco-de-cana-move-turbina-a-vapor-em-termeletrica\/\"]}]},{\"@type\":\"ImageObject\",\"inLanguage\":\"pt-BR\",\"@id\":\"https:\/\/www.institutodeengenharia.org.br\/site\/2012\/10\/23\/bagaco-de-cana-move-turbina-a-vapor-em-termeletrica\/#primaryimage\",\"url\":\"https:\/\/www.institutodeengenharia.org.br\/site\/wp-content\/uploads\/2017\/10\/bagaco.jpg\",\"contentUrl\":\"https:\/\/www.institutodeengenharia.org.br\/site\/wp-content\/uploads\/2017\/10\/bagaco.jpg\",\"width\":590,\"height\":443},{\"@type\":\"BreadcrumbList\",\"@id\":\"https:\/\/www.institutodeengenharia.org.br\/site\/2012\/10\/23\/bagaco-de-cana-move-turbina-a-vapor-em-termeletrica\/#breadcrumb\",\"itemListElement\":[{\"@type\":\"ListItem\",\"position\":1,\"name\":\"In\u00edcio\",\"item\":\"https:\/\/www.institutodeengenharia.org.br\/site\/\"},{\"@type\":\"ListItem\",\"position\":2,\"name\":\"Baga\u00e7o de cana move turbina a vapor em termel\u00e9trica\"}]},{\"@type\":\"WebSite\",\"@id\":\"https:\/\/www.institutodeengenharia.org.br\/site\/#website\",\"url\":\"https:\/\/www.institutodeengenharia.org.br\/site\/\",\"name\":\"Instituto de Engenharia\",\"description\":\"O Instituto de Engenharia promove a Engenharia em benef\u00edcio do desenvolvimento e da qualidade de vida da sociedade.\",\"publisher\":{\"@id\":\"https:\/\/www.institutodeengenharia.org.br\/site\/#organization\"},\"potentialAction\":[{\"@type\":\"SearchAction\",\"target\":{\"@type\":\"EntryPoint\",\"urlTemplate\":\"https:\/\/www.institutodeengenharia.org.br\/site\/?s={search_term_string}\"},\"query-input\":{\"@type\":\"PropertyValueSpecification\",\"valueRequired\":true,\"valueName\":\"search_term_string\"}}],\"inLanguage\":\"pt-BR\"},{\"@type\":\"Organization\",\"@id\":\"https:\/\/www.institutodeengenharia.org.br\/site\/#organization\",\"name\":\"Instituto de Engenharia\",\"url\":\"https:\/\/www.institutodeengenharia.org.br\/site\/\",\"logo\":{\"@type\":\"ImageObject\",\"inLanguage\":\"pt-BR\",\"@id\":\"https:\/\/www.institutodeengenharia.org.br\/site\/#\/schema\/logo\/image\/\",\"url\":\"https:\/\/www.institutodeengenharia.org.br\/site\/wp-content\/uploads\/2019\/03\/logo-novo-IE2018-1.jpg\",\"contentUrl\":\"https:\/\/www.institutodeengenharia.org.br\/site\/wp-content\/uploads\/2019\/03\/logo-novo-IE2018-1.jpg\",\"width\":1486,\"height\":1879,\"caption\":\"Instituto de Engenharia\"},\"image\":{\"@id\":\"https:\/\/www.institutodeengenharia.org.br\/site\/#\/schema\/logo\/image\/\"},\"sameAs\":[\"https:\/\/www.facebook.com\/institutodeengenharia\",\"https:\/\/x.com\/iengenharia\",\"https:\/\/www.instagram.com\/institutodeengenharia\/\",\"https:\/\/www.linkedin.com\/company\/instituto-de-engenharia\/\",\"https:\/\/www.youtube.com\/channel\/UCXiCAlsSMe977vamW915HxA\"]},{\"@type\":\"Person\",\"@id\":\"https:\/\/www.institutodeengenharia.org.br\/site\/#\/schema\/person\/3b1ff109facef084739fc2edcb9a127f\",\"name\":\"TMax Tecnologia\",\"image\":{\"@type\":\"ImageObject\",\"inLanguage\":\"pt-BR\",\"@id\":\"https:\/\/secure.gravatar.com\/avatar\/f912434ef7f389c92cb311fcdae346af848465d638912574b3c669070f797701?s=96&d=mm&r=g\",\"url\":\"https:\/\/secure.gravatar.com\/avatar\/f912434ef7f389c92cb311fcdae346af848465d638912574b3c669070f797701?s=96&d=mm&r=g\",\"contentUrl\":\"https:\/\/secure.gravatar.com\/avatar\/f912434ef7f389c92cb311fcdae346af848465d638912574b3c669070f797701?s=96&d=mm&r=g\",\"caption\":\"TMax Tecnologia\"},\"url\":\"https:\/\/www.institutodeengenharia.org.br\/site\/author\/tmax\/\"}]}<\/script>\n<!-- \/ Yoast SEO plugin. -->","yoast_head_json":{"title":"Baga\u00e7o de cana move turbina a vapor em termel\u00e9trica - Instituto de Engenharia","robots":{"index":"index","follow":"follow","max-snippet":"max-snippet:-1","max-image-preview":"max-image-preview:large","max-video-preview":"max-video-preview:-1"},"canonical":"https:\/\/www.institutodeengenharia.org.br\/site\/2012\/10\/23\/bagaco-de-cana-move-turbina-a-vapor-em-termeletrica\/","og_locale":"pt_BR","og_type":"article","og_title":"Baga\u00e7o de cana move turbina a vapor em termel\u00e9trica - Instituto de Engenharia","og_description":"Res\u00edduo de usina de a\u00e7\u00facar e etanol \u00e9 combust\u00edvel de caldeira que produz vapor para gera\u00e7\u00e3o de eletricidade","og_url":"https:\/\/www.institutodeengenharia.org.br\/site\/2012\/10\/23\/bagaco-de-cana-move-turbina-a-vapor-em-termeletrica\/","og_site_name":"Instituto de Engenharia","article_publisher":"https:\/\/www.facebook.com\/institutodeengenharia","article_published_time":"2012-10-23T23:43:42+00:00","og_image":[{"width":590,"height":443,"url":"https:\/\/www.institutodeengenharia.org.br\/site\/wp-content\/uploads\/2017\/10\/bagaco.jpg","type":"image\/jpeg"}],"author":"TMax Tecnologia","twitter_card":"summary_large_image","twitter_creator":"@iengenharia","twitter_site":"@iengenharia","twitter_misc":{"Escrito por":"TMax Tecnologia","Est. tempo de leitura":"3 minutos"},"schema":{"@context":"https:\/\/schema.org","@graph":[{"@type":"Article","@id":"https:\/\/www.institutodeengenharia.org.br\/site\/2012\/10\/23\/bagaco-de-cana-move-turbina-a-vapor-em-termeletrica\/#article","isPartOf":{"@id":"https:\/\/www.institutodeengenharia.org.br\/site\/2012\/10\/23\/bagaco-de-cana-move-turbina-a-vapor-em-termeletrica\/"},"author":{"name":"TMax Tecnologia","@id":"https:\/\/www.institutodeengenharia.org.br\/site\/#\/schema\/person\/3b1ff109facef084739fc2edcb9a127f"},"headline":"Baga\u00e7o de cana move turbina a vapor em termel\u00e9trica","datePublished":"2012-10-23T23:43:42+00:00","mainEntityOfPage":{"@id":"https:\/\/www.institutodeengenharia.org.br\/site\/2012\/10\/23\/bagaco-de-cana-move-turbina-a-vapor-em-termeletrica\/"},"wordCount":599,"commentCount":0,"publisher":{"@id":"https:\/\/www.institutodeengenharia.org.br\/site\/#organization"},"image":{"@id":"https:\/\/www.institutodeengenharia.org.br\/site\/2012\/10\/23\/bagaco-de-cana-move-turbina-a-vapor-em-termeletrica\/#primaryimage"},"thumbnailUrl":"https:\/\/www.institutodeengenharia.org.br\/site\/wp-content\/uploads\/2017\/10\/bagaco.jpg","articleSection":["Not\u00edcias","Pesquisa e Desenvolvimento"],"inLanguage":"pt-BR","potentialAction":[{"@type":"CommentAction","name":"Comment","target":["https:\/\/www.institutodeengenharia.org.br\/site\/2012\/10\/23\/bagaco-de-cana-move-turbina-a-vapor-em-termeletrica\/#respond"]}]},{"@type":"WebPage","@id":"https:\/\/www.institutodeengenharia.org.br\/site\/2012\/10\/23\/bagaco-de-cana-move-turbina-a-vapor-em-termeletrica\/","url":"https:\/\/www.institutodeengenharia.org.br\/site\/2012\/10\/23\/bagaco-de-cana-move-turbina-a-vapor-em-termeletrica\/","name":"Baga\u00e7o de cana move turbina a vapor em termel\u00e9trica - Instituto de Engenharia","isPartOf":{"@id":"https:\/\/www.institutodeengenharia.org.br\/site\/#website"},"primaryImageOfPage":{"@id":"https:\/\/www.institutodeengenharia.org.br\/site\/2012\/10\/23\/bagaco-de-cana-move-turbina-a-vapor-em-termeletrica\/#primaryimage"},"image":{"@id":"https:\/\/www.institutodeengenharia.org.br\/site\/2012\/10\/23\/bagaco-de-cana-move-turbina-a-vapor-em-termeletrica\/#primaryimage"},"thumbnailUrl":"https:\/\/www.institutodeengenharia.org.br\/site\/wp-content\/uploads\/2017\/10\/bagaco.jpg","datePublished":"2012-10-23T23:43:42+00:00","breadcrumb":{"@id":"https:\/\/www.institutodeengenharia.org.br\/site\/2012\/10\/23\/bagaco-de-cana-move-turbina-a-vapor-em-termeletrica\/#breadcrumb"},"inLanguage":"pt-BR","potentialAction":[{"@type":"ReadAction","target":["https:\/\/www.institutodeengenharia.org.br\/site\/2012\/10\/23\/bagaco-de-cana-move-turbina-a-vapor-em-termeletrica\/"]}]},{"@type":"ImageObject","inLanguage":"pt-BR","@id":"https:\/\/www.institutodeengenharia.org.br\/site\/2012\/10\/23\/bagaco-de-cana-move-turbina-a-vapor-em-termeletrica\/#primaryimage","url":"https:\/\/www.institutodeengenharia.org.br\/site\/wp-content\/uploads\/2017\/10\/bagaco.jpg","contentUrl":"https:\/\/www.institutodeengenharia.org.br\/site\/wp-content\/uploads\/2017\/10\/bagaco.jpg","width":590,"height":443},{"@type":"BreadcrumbList","@id":"https:\/\/www.institutodeengenharia.org.br\/site\/2012\/10\/23\/bagaco-de-cana-move-turbina-a-vapor-em-termeletrica\/#breadcrumb","itemListElement":[{"@type":"ListItem","position":1,"name":"In\u00edcio","item":"https:\/\/www.institutodeengenharia.org.br\/site\/"},{"@type":"ListItem","position":2,"name":"Baga\u00e7o de cana move turbina a vapor em termel\u00e9trica"}]},{"@type":"WebSite","@id":"https:\/\/www.institutodeengenharia.org.br\/site\/#website","url":"https:\/\/www.institutodeengenharia.org.br\/site\/","name":"Instituto de Engenharia","description":"O Instituto de Engenharia promove a Engenharia em benef\u00edcio do desenvolvimento e da qualidade de vida da sociedade.","publisher":{"@id":"https:\/\/www.institutodeengenharia.org.br\/site\/#organization"},"potentialAction":[{"@type":"SearchAction","target":{"@type":"EntryPoint","urlTemplate":"https:\/\/www.institutodeengenharia.org.br\/site\/?s={search_term_string}"},"query-input":{"@type":"PropertyValueSpecification","valueRequired":true,"valueName":"search_term_string"}}],"inLanguage":"pt-BR"},{"@type":"Organization","@id":"https:\/\/www.institutodeengenharia.org.br\/site\/#organization","name":"Instituto de Engenharia","url":"https:\/\/www.institutodeengenharia.org.br\/site\/","logo":{"@type":"ImageObject","inLanguage":"pt-BR","@id":"https:\/\/www.institutodeengenharia.org.br\/site\/#\/schema\/logo\/image\/","url":"https:\/\/www.institutodeengenharia.org.br\/site\/wp-content\/uploads\/2019\/03\/logo-novo-IE2018-1.jpg","contentUrl":"https:\/\/www.institutodeengenharia.org.br\/site\/wp-content\/uploads\/2019\/03\/logo-novo-IE2018-1.jpg","width":1486,"height":1879,"caption":"Instituto de Engenharia"},"image":{"@id":"https:\/\/www.institutodeengenharia.org.br\/site\/#\/schema\/logo\/image\/"},"sameAs":["https:\/\/www.facebook.com\/institutodeengenharia","https:\/\/x.com\/iengenharia","https:\/\/www.instagram.com\/institutodeengenharia\/","https:\/\/www.linkedin.com\/company\/instituto-de-engenharia\/","https:\/\/www.youtube.com\/channel\/UCXiCAlsSMe977vamW915HxA"]},{"@type":"Person","@id":"https:\/\/www.institutodeengenharia.org.br\/site\/#\/schema\/person\/3b1ff109facef084739fc2edcb9a127f","name":"TMax Tecnologia","image":{"@type":"ImageObject","inLanguage":"pt-BR","@id":"https:\/\/secure.gravatar.com\/avatar\/f912434ef7f389c92cb311fcdae346af848465d638912574b3c669070f797701?s=96&d=mm&r=g","url":"https:\/\/secure.gravatar.com\/avatar\/f912434ef7f389c92cb311fcdae346af848465d638912574b3c669070f797701?s=96&d=mm&r=g","contentUrl":"https:\/\/secure.gravatar.com\/avatar\/f912434ef7f389c92cb311fcdae346af848465d638912574b3c669070f797701?s=96&d=mm&r=g","caption":"TMax Tecnologia"},"url":"https:\/\/www.institutodeengenharia.org.br\/site\/author\/tmax\/"}]}},"_links":{"self":[{"href":"https:\/\/www.institutodeengenharia.org.br\/site\/wp-json\/wp\/v2\/posts\/22840","targetHints":{"allow":["GET"]}}],"collection":[{"href":"https:\/\/www.institutodeengenharia.org.br\/site\/wp-json\/wp\/v2\/posts"}],"about":[{"href":"https:\/\/www.institutodeengenharia.org.br\/site\/wp-json\/wp\/v2\/types\/post"}],"author":[{"embeddable":true,"href":"https:\/\/www.institutodeengenharia.org.br\/site\/wp-json\/wp\/v2\/users\/1"}],"replies":[{"embeddable":true,"href":"https:\/\/www.institutodeengenharia.org.br\/site\/wp-json\/wp\/v2\/comments?post=22840"}],"version-history":[{"count":0,"href":"https:\/\/www.institutodeengenharia.org.br\/site\/wp-json\/wp\/v2\/posts\/22840\/revisions"}],"wp:featuredmedia":[{"embeddable":true,"href":"https:\/\/www.institutodeengenharia.org.br\/site\/wp-json\/wp\/v2\/media\/22841"}],"wp:attachment":[{"href":"https:\/\/www.institutodeengenharia.org.br\/site\/wp-json\/wp\/v2\/media?parent=22840"}],"wp:term":[{"taxonomy":"category","embeddable":true,"href":"https:\/\/www.institutodeengenharia.org.br\/site\/wp-json\/wp\/v2\/categories?post=22840"},{"taxonomy":"post_tag","embeddable":true,"href":"https:\/\/www.institutodeengenharia.org.br\/site\/wp-json\/wp\/v2\/tags?post=22840"}],"curies":[{"name":"wp","href":"https:\/\/api.w.org\/{rel}","templated":true}]}}