{"id":22621,"date":"2012-08-17T23:40:54","date_gmt":"2012-08-17T23:40:54","guid":{"rendered":"https:\/\/www.institutodeengenharia.org.br\/?p=22621"},"modified":"2012-08-17T12:16:04","modified_gmt":"2012-08-17T12:16:04","slug":"pronunciamento-de-abertura-do-capitulo-iii-dos-caminhos-da-engenharia-brasileira","status":"publish","type":"post","link":"https:\/\/www.institutodeengenharia.org.br\/site\/2012\/08\/17\/pronunciamento-de-abertura-do-capitulo-iii-dos-caminhos-da-engenharia-brasileira\/","title":{"rendered":"Pronunciamento de abertura do cap\u00edtulo III dos Caminhos da Engenharia Brasileira"},"content":{"rendered":"<p>O Instituto de Engenharia, desde sempre, ao longo de seus 95 anos de funcionamento ativo, influente e ininterrupto, se dedica primordialmente aos temas da Engenharia, conquanto t\u00e9cnica, ci\u00eancia e arte. Para n\u00f3s, a Engenharia tem de ser praticada em benef\u00edcio da humanidade e, assim, ser um instrumento de progresso, como base da Economia, e de cidadania, como base da Pol\u00edtica Governamental. Por isso, somos obrigados, na qualidade de profissionais e cidad\u00e3os, dentro dos princ\u00edpios \u00e9ticos que pautam a miss\u00e3o do Instituto, a alertar a sociedade sobre problemas e desvios na condu\u00e7\u00e3o dos interesses nacionais. <\/p>\n<p>No in\u00edcio deste s\u00e9culo XXI, o Brasil come\u00e7ou a emergir da prolongada crise econ\u00f4mica que se instalou no mundo durante o \u00faltimo quartil do s\u00e9culo XX. At\u00e9 hoje, at\u00f4nita, a humanidade busca compreender a ess\u00eancia do chamado processo da Globaliza\u00e7\u00e3o. Os valores mudaram, e continuam mudando, de maneira acentuada. O meio circulante no mundo todo supera exageradamente aquele atribu\u00edvel aos bens palp\u00e1veis, dur\u00e1veis ou fung\u00edveis. A comunica\u00e7\u00e3o on-line foi contaminada por tagarelice f\u00fatil, nos escrit\u00f3rios e em qualquer lugar e ocasi\u00e3o sejam encontros sociais, sejam encontros de trabalho. Acabamos de ver a disposi\u00e7\u00e3o das operadoras de telecomunica\u00e7\u00e3o em investir 40 bilh\u00f5es de reais nos sistemas, tudo para atender 90% de trivialidades, para n\u00e3o dizer inutilidades. A isto se atribuem valores aleat\u00f3rios sem nenhum lastro monet\u00e1rio. H\u00e1 algo de muito estranho na economia de hoje, em face dos fundamentos conhecidos at\u00e9 bem pouco tempo atr\u00e1s! <\/p>\n<p>Neste cen\u00e1rio, a Engenharia Brasileira foi abandonada na d\u00e9cada dos anos 80. De repente o gigante que estava adormecido em ber\u00e7o espl\u00eandido, despertou na virada do s\u00e9culo e descobriu que precisa dessa atividade econ\u00f4mica e que, por causa da des\u00eddia dos dirigentes do pa\u00eds, hoje conta com um n\u00famero muito pequeno de engenheiros em atividade. Todos os nossos alertas passados, hoje se v\u00ea, n\u00e3o foram choros de cassandras. Mas a Engenharia continua a postos. Esta \u00e9 a raz\u00e3o do ciclo de debates que o Instituto de Engenharia iniciou em 2011, sob o t\u00edtulo de \u201cCaminhos da Engenharia\u201d. Queremos demonstrar que conhecemos a ess\u00eancia dos problemas e sabemos os caminhos a percorrer em suas solu\u00e7\u00f5es. <\/p>\n<p>Senhores governantes, absolutamente n\u00e3o h\u00e1 nenhuma necessidade de recorrermos aos estrangeiros, como se fossem fonte \u00fanica para nossa salva\u00e7\u00e3o. A propalada transfer\u00eancia de tecnologia \u00e9 uma fal\u00e1cia cabal. Nos tempos passados, atentem bem, nunca ningu\u00e9m transferiu tecnologia para ningu\u00e9m. Nos dias de hoje, com o mundo globalizado e o acesso amplo \u00e0s utilidades dispon\u00edveis na internet, cai por terra, fragorosamente, o equivocado argumento a que agora me refiro. E saibam tamb\u00e9m, que a tecnologia pertence \u00e0 engenharia, atividade universal. Engenharia \u00e9 F\u00edsica e Qu\u00edmica aplicadas, com lastro na Matem\u00e1tica. Nossos engenheiros s\u00e3o bastantes em si mesmos, para analisar problemas, equaciona-los e resolve-los. <\/p>\n<p>No primeiro dos eventos, o IE examinou os grandes entraves na infraestrutura brasileira. Falamos sobre Inova\u00e7\u00e3o e Competitividade, sobre Sustentabilidade, sobre Log\u00edstica e sobre o ensino no Brasil. No segundo evento, analisamos a quest\u00e3o do Conte\u00fado Nacional, para verificarmos a compet\u00eancia de nossa classe. Hoje debateremos a quest\u00e3o essencial da Energia El\u00e9trica no Brasil, em busca de uma adequada an\u00e1lise deste fundamental setor da infraestrutura econ\u00f4mica. <\/p>\n<p>Por\u00e9m, infelizmente, n\u00e3o posso me ater aos fatores essencialmente t\u00e9cnicos. Tenho que falar que o problema brasileiro tem ra\u00edzes muito mais profundas. Falta educa\u00e7\u00e3o b\u00e1sica no Pa\u00eds. Foram anos e anos de apologia da ignor\u00e2ncia. Houve a sataniza\u00e7\u00e3o da instru\u00e7\u00e3o. A imensa maioria de nosso povo \u00e9 constitu\u00edda de analfabetos funcionais. N\u00e3o nos iludamos, o analfabetismo e o desprezo pela instru\u00e7\u00e3o conduz a deformidades culturais. N\u00e3o se entende a \u00e9tica. Grassa a corrup\u00e7\u00e3o. \u00c9 um vale-tudo infernal. \u00c9 um desperd\u00edcio assustador. Desta esb\u00f3rnia, fatalmente vir\u00e1 uma ressaca monumental. <\/p>\n<p>Est\u00e1 na hora de desarmarmos os esp\u00edritos e promovermos um grande encontro das for\u00e7as vivas da Na\u00e7\u00e3o para uma discuss\u00e3o honesta dos problemas que afetam o desenvolvimento intelectual, moral e, por via de conseq\u00fc\u00eancia, material de nosso povo. <\/p>\n<p>Inicialmente, parece ser imprescind\u00edvel estabelecer o fundamento da honestidade nos cora\u00e7\u00f5es e mentes. \u00c9 preciso abandonar o manique\u00edsmo, sentimento incompat\u00edvel com a sociedade global, ora em prim\u00f3rdios de forma\u00e7\u00e3o, que parece ser inexor\u00e1vel em uma nova era da humanidade. Um pouco de pragmatismo pode ajudar. \u00c9 preciso romper com o conformismo de que as coisas, principalmente as mal\u00e9ficas, s\u00e3o imut\u00e1veis. Um pouco de coragem pode ajudar. \u00c9 preciso adotar o reconhecimento de nossas limita\u00e7\u00f5es individuais, na estatura \u00e9tica e nos reais conhecimentos educacionais que tivermos. Um pouco de salutar humildade pode ajudar. <\/p>\n<p>H\u00e1 quase cem anos, em 1914, Rui Barbosa dizia no Senado: \u201cDe tanto ver triunfar as nulidades, de tanto ver prosperar a desonra, de tanto ver crescer a injusti\u00e7a, de tanto ver agigantarem-se os poderes nas m\u00e3os dos maus, o homem chega a desanimar-se da virtude, a rir-se da honra, a ter vergonha de ser honesto\u201d. \u00c9 t\u00e3o presente esta observa\u00e7\u00e3o centen\u00e1ria, que cabe a indaga\u00e7\u00e3o se o esp\u00edrito do brasileiro \u00e9 imoral pela pr\u00f3pria natureza ou se este comporta-se amoralmente por aliena\u00e7\u00e3o. Por\u00e9m, a m\u00e1 doutrina vem de cima, atrav\u00e9s de uma legisla\u00e7\u00e3o coercitiva, feita para cercear o delito e que, por assim ser, constitui o roteiro da fraude e da inimputabilidade. Por exemplo, a lei de licita\u00e7\u00f5es e contratos, que afeta diretamente a atividade do engenheiro, induz o leitor \u00e0 id\u00e9ia de que os neg\u00f3cios p\u00fablicos s\u00e3o movidos pela corrup\u00e7\u00e3o e, por isso, a cada passo, diz o que se pro\u00edbe e n\u00e3o o que se colima. Como conseq\u00fc\u00eancia, propaga-se a falsa id\u00e9ia que o il\u00edcito \u00e9 parte integrante da profiss\u00e3o, infelizmente lastreada no mau comportamento de alguns poucos espertalh\u00f5es que a desonram, com vergonha de serem honestos. Pior que isto, \u00e9 o compasso negocial imposto pelos maus agentes p\u00fablicos que, nas licita\u00e7\u00f5es e contratos, geram os usos e costumes da leni\u00eancia, como se a eles coubesse o direito a comiss\u00f5es de vendas. Pior ainda, foi a necessidade de resolver o problema atrav\u00e9s de outros agentes no combate aos desvios de conduta, com a plenipot\u00eancia outorgada ao Minist\u00e9rio P\u00fablico ou, j\u00e1 em franco progresso, com a supra-autoridade dos Tribunais de Contas. Os procedimentos de inquiri\u00e7\u00e3o e mo\u00e7\u00e3o, antes pontuais sob indubit\u00e1veis ind\u00edcios, hoje partem da ila\u00e7\u00e3o de que tudo deve ser fiscalizado, sob o foco de que a dec\u00eancia \u00e9 exce\u00e7\u00e3o. N\u00e3o est\u00e1 na hora de revermos esta insensatez? <\/p>\n<p>Todo esse arcabou\u00e7o comportamental vai atravancando o progresso do pa\u00eds em clima de terror policialesco, infelizmente com pouqu\u00edssima ou quase nenhuma puni\u00e7\u00e3o. Punidos s\u00e3o os inocentes com a detrata\u00e7\u00e3o prolongada de seus nomes e premiados s\u00e3o os malfeitores, com o proverbial t\u00e9rmino das investiga\u00e7\u00f5es em \u201cpizza\u201d. <\/p>\n<p>\u00c9 neste sentido que estamos propondo um pacto pelo progresso, fundado nos princ\u00edpios \u00e9ticos da honestidade, da humildade e da coragem. Vamos nos unir e reunir. Trata-se de miss\u00e3o \u00e1rdua e talvez lenta de se cumprir. Mas n\u00e3o \u00e9 imposs\u00edvel. <\/p>\n","protected":false},"excerpt":{"rendered":"<p>O Instituto de Engenharia, desde sempre, ao longo de seus 95 anos de funcionamento ativo, influente e ininterrupto, se dedica primordialmente aos temas da Engenharia, conquanto t\u00e9cnica, ci\u00eancia e arte. Para n\u00f3s, a Engenharia tem de ser praticada em benef\u00edcio da humanidade e, assim, ser um instrumento de progresso, como base da Economia, e de [&hellip;]<\/p>\n","protected":false},"author":1,"featured_media":0,"comment_status":"open","ping_status":"open","sticky":false,"template":"","format":"standard","meta":{"footnotes":""},"categories":[82],"tags":[],"class_list":{"0":"post-22621","1":"post","2":"type-post","3":"status-publish","4":"format-standard","6":"category-aluizio-de-barros-fagundes"},"yoast_head":"<!-- This site is optimized with the Yoast SEO plugin v27.2 - https:\/\/yoast.com\/product\/yoast-seo-wordpress\/ -->\n<title>Pronunciamento de abertura do cap\u00edtulo III dos Caminhos da Engenharia Brasileira - Instituto de Engenharia<\/title>\n<meta name=\"robots\" content=\"index, follow, max-snippet:-1, max-image-preview:large, max-video-preview:-1\" \/>\n<link rel=\"canonical\" href=\"https:\/\/www.institutodeengenharia.org.br\/site\/2012\/08\/17\/pronunciamento-de-abertura-do-capitulo-iii-dos-caminhos-da-engenharia-brasileira\/\" \/>\n<meta property=\"og:locale\" content=\"pt_BR\" \/>\n<meta property=\"og:type\" content=\"article\" \/>\n<meta property=\"og:title\" content=\"Pronunciamento de abertura do cap\u00edtulo III dos Caminhos da Engenharia Brasileira - Instituto de Engenharia\" \/>\n<meta property=\"og:description\" content=\"O Instituto de Engenharia, desde sempre, ao longo de seus 95 anos de funcionamento ativo, influente e ininterrupto, se dedica primordialmente aos temas da Engenharia, conquanto t\u00e9cnica, ci\u00eancia e arte. Para n\u00f3s, a Engenharia tem de ser praticada em benef\u00edcio da humanidade e, assim, ser um instrumento de progresso, como base da Economia, e de [&hellip;]\" \/>\n<meta property=\"og:url\" content=\"https:\/\/www.institutodeengenharia.org.br\/site\/2012\/08\/17\/pronunciamento-de-abertura-do-capitulo-iii-dos-caminhos-da-engenharia-brasileira\/\" \/>\n<meta property=\"og:site_name\" content=\"Instituto de Engenharia\" \/>\n<meta property=\"article:publisher\" content=\"https:\/\/www.facebook.com\/institutodeengenharia\" \/>\n<meta property=\"article:published_time\" content=\"2012-08-17T23:40:54+00:00\" \/>\n<meta name=\"author\" content=\"TMax Tecnologia\" \/>\n<meta name=\"twitter:card\" content=\"summary_large_image\" \/>\n<meta name=\"twitter:creator\" content=\"@iengenharia\" \/>\n<meta name=\"twitter:site\" content=\"@iengenharia\" \/>\n<meta name=\"twitter:label1\" content=\"Escrito por\" \/>\n\t<meta name=\"twitter:data1\" content=\"TMax Tecnologia\" \/>\n\t<meta name=\"twitter:label2\" content=\"Est. tempo de leitura\" \/>\n\t<meta name=\"twitter:data2\" content=\"6 minutos\" \/>\n<script type=\"application\/ld+json\" class=\"yoast-schema-graph\">{\"@context\":\"https:\/\/schema.org\",\"@graph\":[{\"@type\":\"Article\",\"@id\":\"https:\/\/www.institutodeengenharia.org.br\/site\/2012\/08\/17\/pronunciamento-de-abertura-do-capitulo-iii-dos-caminhos-da-engenharia-brasileira\/#article\",\"isPartOf\":{\"@id\":\"https:\/\/www.institutodeengenharia.org.br\/site\/2012\/08\/17\/pronunciamento-de-abertura-do-capitulo-iii-dos-caminhos-da-engenharia-brasileira\/\"},\"author\":{\"name\":\"TMax Tecnologia\",\"@id\":\"https:\/\/www.institutodeengenharia.org.br\/site\/#\/schema\/person\/3b1ff109facef084739fc2edcb9a127f\"},\"headline\":\"Pronunciamento de abertura do cap\u00edtulo III dos Caminhos da Engenharia Brasileira\",\"datePublished\":\"2012-08-17T23:40:54+00:00\",\"mainEntityOfPage\":{\"@id\":\"https:\/\/www.institutodeengenharia.org.br\/site\/2012\/08\/17\/pronunciamento-de-abertura-do-capitulo-iii-dos-caminhos-da-engenharia-brasileira\/\"},\"wordCount\":1267,\"commentCount\":0,\"publisher\":{\"@id\":\"https:\/\/www.institutodeengenharia.org.br\/site\/#organization\"},\"articleSection\":[\"Aluizio de Barros Fagundes\"],\"inLanguage\":\"pt-BR\",\"potentialAction\":[{\"@type\":\"CommentAction\",\"name\":\"Comment\",\"target\":[\"https:\/\/www.institutodeengenharia.org.br\/site\/2012\/08\/17\/pronunciamento-de-abertura-do-capitulo-iii-dos-caminhos-da-engenharia-brasileira\/#respond\"]}]},{\"@type\":\"WebPage\",\"@id\":\"https:\/\/www.institutodeengenharia.org.br\/site\/2012\/08\/17\/pronunciamento-de-abertura-do-capitulo-iii-dos-caminhos-da-engenharia-brasileira\/\",\"url\":\"https:\/\/www.institutodeengenharia.org.br\/site\/2012\/08\/17\/pronunciamento-de-abertura-do-capitulo-iii-dos-caminhos-da-engenharia-brasileira\/\",\"name\":\"Pronunciamento de abertura do cap\u00edtulo III dos Caminhos da Engenharia Brasileira - Instituto de Engenharia\",\"isPartOf\":{\"@id\":\"https:\/\/www.institutodeengenharia.org.br\/site\/#website\"},\"datePublished\":\"2012-08-17T23:40:54+00:00\",\"breadcrumb\":{\"@id\":\"https:\/\/www.institutodeengenharia.org.br\/site\/2012\/08\/17\/pronunciamento-de-abertura-do-capitulo-iii-dos-caminhos-da-engenharia-brasileira\/#breadcrumb\"},\"inLanguage\":\"pt-BR\",\"potentialAction\":[{\"@type\":\"ReadAction\",\"target\":[\"https:\/\/www.institutodeengenharia.org.br\/site\/2012\/08\/17\/pronunciamento-de-abertura-do-capitulo-iii-dos-caminhos-da-engenharia-brasileira\/\"]}]},{\"@type\":\"BreadcrumbList\",\"@id\":\"https:\/\/www.institutodeengenharia.org.br\/site\/2012\/08\/17\/pronunciamento-de-abertura-do-capitulo-iii-dos-caminhos-da-engenharia-brasileira\/#breadcrumb\",\"itemListElement\":[{\"@type\":\"ListItem\",\"position\":1,\"name\":\"In\u00edcio\",\"item\":\"https:\/\/www.institutodeengenharia.org.br\/site\/\"},{\"@type\":\"ListItem\",\"position\":2,\"name\":\"Pronunciamento de abertura do cap\u00edtulo III dos Caminhos da Engenharia Brasileira\"}]},{\"@type\":\"WebSite\",\"@id\":\"https:\/\/www.institutodeengenharia.org.br\/site\/#website\",\"url\":\"https:\/\/www.institutodeengenharia.org.br\/site\/\",\"name\":\"Instituto de Engenharia\",\"description\":\"O Instituto de Engenharia promove a Engenharia em benef\u00edcio do desenvolvimento e da qualidade de vida da sociedade.\",\"publisher\":{\"@id\":\"https:\/\/www.institutodeengenharia.org.br\/site\/#organization\"},\"potentialAction\":[{\"@type\":\"SearchAction\",\"target\":{\"@type\":\"EntryPoint\",\"urlTemplate\":\"https:\/\/www.institutodeengenharia.org.br\/site\/?s={search_term_string}\"},\"query-input\":{\"@type\":\"PropertyValueSpecification\",\"valueRequired\":true,\"valueName\":\"search_term_string\"}}],\"inLanguage\":\"pt-BR\"},{\"@type\":\"Organization\",\"@id\":\"https:\/\/www.institutodeengenharia.org.br\/site\/#organization\",\"name\":\"Instituto de Engenharia\",\"url\":\"https:\/\/www.institutodeengenharia.org.br\/site\/\",\"logo\":{\"@type\":\"ImageObject\",\"inLanguage\":\"pt-BR\",\"@id\":\"https:\/\/www.institutodeengenharia.org.br\/site\/#\/schema\/logo\/image\/\",\"url\":\"https:\/\/www.institutodeengenharia.org.br\/site\/wp-content\/uploads\/2019\/03\/logo-novo-IE2018-1.jpg\",\"contentUrl\":\"https:\/\/www.institutodeengenharia.org.br\/site\/wp-content\/uploads\/2019\/03\/logo-novo-IE2018-1.jpg\",\"width\":1486,\"height\":1879,\"caption\":\"Instituto de Engenharia\"},\"image\":{\"@id\":\"https:\/\/www.institutodeengenharia.org.br\/site\/#\/schema\/logo\/image\/\"},\"sameAs\":[\"https:\/\/www.facebook.com\/institutodeengenharia\",\"https:\/\/x.com\/iengenharia\",\"https:\/\/www.instagram.com\/institutodeengenharia\/\",\"https:\/\/www.linkedin.com\/company\/instituto-de-engenharia\/\",\"https:\/\/www.youtube.com\/channel\/UCXiCAlsSMe977vamW915HxA\"]},{\"@type\":\"Person\",\"@id\":\"https:\/\/www.institutodeengenharia.org.br\/site\/#\/schema\/person\/3b1ff109facef084739fc2edcb9a127f\",\"name\":\"TMax Tecnologia\",\"image\":{\"@type\":\"ImageObject\",\"inLanguage\":\"pt-BR\",\"@id\":\"https:\/\/secure.gravatar.com\/avatar\/f912434ef7f389c92cb311fcdae346af848465d638912574b3c669070f797701?s=96&d=mm&r=g\",\"url\":\"https:\/\/secure.gravatar.com\/avatar\/f912434ef7f389c92cb311fcdae346af848465d638912574b3c669070f797701?s=96&d=mm&r=g\",\"contentUrl\":\"https:\/\/secure.gravatar.com\/avatar\/f912434ef7f389c92cb311fcdae346af848465d638912574b3c669070f797701?s=96&d=mm&r=g\",\"caption\":\"TMax Tecnologia\"},\"url\":\"https:\/\/www.institutodeengenharia.org.br\/site\/author\/tmax\/\"}]}<\/script>\n<!-- \/ Yoast SEO plugin. -->","yoast_head_json":{"title":"Pronunciamento de abertura do cap\u00edtulo III dos Caminhos da Engenharia Brasileira - Instituto de Engenharia","robots":{"index":"index","follow":"follow","max-snippet":"max-snippet:-1","max-image-preview":"max-image-preview:large","max-video-preview":"max-video-preview:-1"},"canonical":"https:\/\/www.institutodeengenharia.org.br\/site\/2012\/08\/17\/pronunciamento-de-abertura-do-capitulo-iii-dos-caminhos-da-engenharia-brasileira\/","og_locale":"pt_BR","og_type":"article","og_title":"Pronunciamento de abertura do cap\u00edtulo III dos Caminhos da Engenharia Brasileira - Instituto de Engenharia","og_description":"O Instituto de Engenharia, desde sempre, ao longo de seus 95 anos de funcionamento ativo, influente e ininterrupto, se dedica primordialmente aos temas da Engenharia, conquanto t\u00e9cnica, ci\u00eancia e arte. Para n\u00f3s, a Engenharia tem de ser praticada em benef\u00edcio da humanidade e, assim, ser um instrumento de progresso, como base da Economia, e de [&hellip;]","og_url":"https:\/\/www.institutodeengenharia.org.br\/site\/2012\/08\/17\/pronunciamento-de-abertura-do-capitulo-iii-dos-caminhos-da-engenharia-brasileira\/","og_site_name":"Instituto de Engenharia","article_publisher":"https:\/\/www.facebook.com\/institutodeengenharia","article_published_time":"2012-08-17T23:40:54+00:00","author":"TMax Tecnologia","twitter_card":"summary_large_image","twitter_creator":"@iengenharia","twitter_site":"@iengenharia","twitter_misc":{"Escrito por":"TMax Tecnologia","Est. tempo de leitura":"6 minutos"},"schema":{"@context":"https:\/\/schema.org","@graph":[{"@type":"Article","@id":"https:\/\/www.institutodeengenharia.org.br\/site\/2012\/08\/17\/pronunciamento-de-abertura-do-capitulo-iii-dos-caminhos-da-engenharia-brasileira\/#article","isPartOf":{"@id":"https:\/\/www.institutodeengenharia.org.br\/site\/2012\/08\/17\/pronunciamento-de-abertura-do-capitulo-iii-dos-caminhos-da-engenharia-brasileira\/"},"author":{"name":"TMax Tecnologia","@id":"https:\/\/www.institutodeengenharia.org.br\/site\/#\/schema\/person\/3b1ff109facef084739fc2edcb9a127f"},"headline":"Pronunciamento de abertura do cap\u00edtulo III dos Caminhos da Engenharia Brasileira","datePublished":"2012-08-17T23:40:54+00:00","mainEntityOfPage":{"@id":"https:\/\/www.institutodeengenharia.org.br\/site\/2012\/08\/17\/pronunciamento-de-abertura-do-capitulo-iii-dos-caminhos-da-engenharia-brasileira\/"},"wordCount":1267,"commentCount":0,"publisher":{"@id":"https:\/\/www.institutodeengenharia.org.br\/site\/#organization"},"articleSection":["Aluizio de Barros Fagundes"],"inLanguage":"pt-BR","potentialAction":[{"@type":"CommentAction","name":"Comment","target":["https:\/\/www.institutodeengenharia.org.br\/site\/2012\/08\/17\/pronunciamento-de-abertura-do-capitulo-iii-dos-caminhos-da-engenharia-brasileira\/#respond"]}]},{"@type":"WebPage","@id":"https:\/\/www.institutodeengenharia.org.br\/site\/2012\/08\/17\/pronunciamento-de-abertura-do-capitulo-iii-dos-caminhos-da-engenharia-brasileira\/","url":"https:\/\/www.institutodeengenharia.org.br\/site\/2012\/08\/17\/pronunciamento-de-abertura-do-capitulo-iii-dos-caminhos-da-engenharia-brasileira\/","name":"Pronunciamento de abertura do cap\u00edtulo III dos Caminhos da Engenharia Brasileira - Instituto de Engenharia","isPartOf":{"@id":"https:\/\/www.institutodeengenharia.org.br\/site\/#website"},"datePublished":"2012-08-17T23:40:54+00:00","breadcrumb":{"@id":"https:\/\/www.institutodeengenharia.org.br\/site\/2012\/08\/17\/pronunciamento-de-abertura-do-capitulo-iii-dos-caminhos-da-engenharia-brasileira\/#breadcrumb"},"inLanguage":"pt-BR","potentialAction":[{"@type":"ReadAction","target":["https:\/\/www.institutodeengenharia.org.br\/site\/2012\/08\/17\/pronunciamento-de-abertura-do-capitulo-iii-dos-caminhos-da-engenharia-brasileira\/"]}]},{"@type":"BreadcrumbList","@id":"https:\/\/www.institutodeengenharia.org.br\/site\/2012\/08\/17\/pronunciamento-de-abertura-do-capitulo-iii-dos-caminhos-da-engenharia-brasileira\/#breadcrumb","itemListElement":[{"@type":"ListItem","position":1,"name":"In\u00edcio","item":"https:\/\/www.institutodeengenharia.org.br\/site\/"},{"@type":"ListItem","position":2,"name":"Pronunciamento de abertura do cap\u00edtulo III dos Caminhos da Engenharia Brasileira"}]},{"@type":"WebSite","@id":"https:\/\/www.institutodeengenharia.org.br\/site\/#website","url":"https:\/\/www.institutodeengenharia.org.br\/site\/","name":"Instituto de Engenharia","description":"O Instituto de Engenharia promove a Engenharia em benef\u00edcio do desenvolvimento e da qualidade de vida da sociedade.","publisher":{"@id":"https:\/\/www.institutodeengenharia.org.br\/site\/#organization"},"potentialAction":[{"@type":"SearchAction","target":{"@type":"EntryPoint","urlTemplate":"https:\/\/www.institutodeengenharia.org.br\/site\/?s={search_term_string}"},"query-input":{"@type":"PropertyValueSpecification","valueRequired":true,"valueName":"search_term_string"}}],"inLanguage":"pt-BR"},{"@type":"Organization","@id":"https:\/\/www.institutodeengenharia.org.br\/site\/#organization","name":"Instituto de Engenharia","url":"https:\/\/www.institutodeengenharia.org.br\/site\/","logo":{"@type":"ImageObject","inLanguage":"pt-BR","@id":"https:\/\/www.institutodeengenharia.org.br\/site\/#\/schema\/logo\/image\/","url":"https:\/\/www.institutodeengenharia.org.br\/site\/wp-content\/uploads\/2019\/03\/logo-novo-IE2018-1.jpg","contentUrl":"https:\/\/www.institutodeengenharia.org.br\/site\/wp-content\/uploads\/2019\/03\/logo-novo-IE2018-1.jpg","width":1486,"height":1879,"caption":"Instituto de Engenharia"},"image":{"@id":"https:\/\/www.institutodeengenharia.org.br\/site\/#\/schema\/logo\/image\/"},"sameAs":["https:\/\/www.facebook.com\/institutodeengenharia","https:\/\/x.com\/iengenharia","https:\/\/www.instagram.com\/institutodeengenharia\/","https:\/\/www.linkedin.com\/company\/instituto-de-engenharia\/","https:\/\/www.youtube.com\/channel\/UCXiCAlsSMe977vamW915HxA"]},{"@type":"Person","@id":"https:\/\/www.institutodeengenharia.org.br\/site\/#\/schema\/person\/3b1ff109facef084739fc2edcb9a127f","name":"TMax Tecnologia","image":{"@type":"ImageObject","inLanguage":"pt-BR","@id":"https:\/\/secure.gravatar.com\/avatar\/f912434ef7f389c92cb311fcdae346af848465d638912574b3c669070f797701?s=96&d=mm&r=g","url":"https:\/\/secure.gravatar.com\/avatar\/f912434ef7f389c92cb311fcdae346af848465d638912574b3c669070f797701?s=96&d=mm&r=g","contentUrl":"https:\/\/secure.gravatar.com\/avatar\/f912434ef7f389c92cb311fcdae346af848465d638912574b3c669070f797701?s=96&d=mm&r=g","caption":"TMax Tecnologia"},"url":"https:\/\/www.institutodeengenharia.org.br\/site\/author\/tmax\/"}]}},"_links":{"self":[{"href":"https:\/\/www.institutodeengenharia.org.br\/site\/wp-json\/wp\/v2\/posts\/22621","targetHints":{"allow":["GET"]}}],"collection":[{"href":"https:\/\/www.institutodeengenharia.org.br\/site\/wp-json\/wp\/v2\/posts"}],"about":[{"href":"https:\/\/www.institutodeengenharia.org.br\/site\/wp-json\/wp\/v2\/types\/post"}],"author":[{"embeddable":true,"href":"https:\/\/www.institutodeengenharia.org.br\/site\/wp-json\/wp\/v2\/users\/1"}],"replies":[{"embeddable":true,"href":"https:\/\/www.institutodeengenharia.org.br\/site\/wp-json\/wp\/v2\/comments?post=22621"}],"version-history":[{"count":0,"href":"https:\/\/www.institutodeengenharia.org.br\/site\/wp-json\/wp\/v2\/posts\/22621\/revisions"}],"wp:attachment":[{"href":"https:\/\/www.institutodeengenharia.org.br\/site\/wp-json\/wp\/v2\/media?parent=22621"}],"wp:term":[{"taxonomy":"category","embeddable":true,"href":"https:\/\/www.institutodeengenharia.org.br\/site\/wp-json\/wp\/v2\/categories?post=22621"},{"taxonomy":"post_tag","embeddable":true,"href":"https:\/\/www.institutodeengenharia.org.br\/site\/wp-json\/wp\/v2\/tags?post=22621"}],"curies":[{"name":"wp","href":"https:\/\/api.w.org\/{rel}","templated":true}]}}