{"id":22485,"date":"2012-07-03T23:39:05","date_gmt":"2012-07-03T23:39:05","guid":{"rendered":"https:\/\/www.institutodeengenharia.org.br\/?p=22485"},"modified":"2012-07-03T15:42:34","modified_gmt":"2012-07-03T15:42:34","slug":"a-revolucao-de-32-segundo-getulio-vargas","status":"publish","type":"post","link":"https:\/\/www.institutodeengenharia.org.br\/site\/2012\/07\/03\/a-revolucao-de-32-segundo-getulio-vargas\/","title":{"rendered":"A Revolu\u00e7\u00e3o de 32 segundo Get\u00falio Vargas"},"content":{"rendered":"<p>Para n\u00f3s, paulistas, o conhecimento dos fatos hist\u00f3ricos que antecederam o movimento constitucionalista de 32 se limitam praticamente aos acontecimentos de natureza c\u00edvico- militar ocorridos em solo paulista sendo pouco conhecidas as negocia\u00e7\u00f5es de cunho pol\u00edtico que ocorriam diretamente no Catete, sede do Governo Provis\u00f3rio chefiado por Get\u00falio Vargas, no sentido de se levar em banho- maria as aspira\u00e7\u00f5es de S\u00e3o Paulo at\u00e9 que uma nova assembleia nacional constituinte fosse eleita.&nbsp;<\/p>\n<p>Como se sabe, consumada a Revolu\u00e7\u00e3o de 30, a Junta Militar que assumiu o Governo federal ap\u00f3s a deposi\u00e7\u00e3o de Washington Luiz convidou Get\u00falio Vargas a assumir a presid\u00eancia da rep\u00fablica de um Governo Provis\u00f3rio. De acordo com o Decreto 11398 de 11 de novembro de 1930 investiu-se de poderes ditatoriais que declarava dissolvido o Congresso Nacional, assim como todos os \u00f3rg\u00e3os legislativos estaduais e municipais. No lugar dos governadores seriam nomeados para cada estado interventores federais. Conforme combinado com a junta governativa Get\u00falio assume o Governo em 3 de novembro daquele ano.&nbsp;<\/p>\n<p>Get\u00falio Vargas durante um per\u00edodo de sua vida entre 1930 e 1942, praticamente coincidente com sua perman\u00eancia no Poder tinha por h\u00e1bito anotar em caderninhos o dia a dia de suas atividades, \u00e0s vezes com riqueza de detalhes, incluindo coment\u00e1rios acerca dos encontros realizados em sua extensa agenda pol\u00edtica, preocupa\u00e7\u00f5es sobre intrigas e boatos que proliferavam naquela \u00e9poca, al\u00e9m de suas pr\u00f3prias medita\u00e7\u00f5es &#8211; um verdadeiro di\u00e1rio pessoal. Estes manuscritos foram reunidos e editados pelo Centro de Pesquisas e Documenta\u00e7\u00e3o de Hist\u00f3ria Contempor\u00e2nea \u2013 CPDOC da Funda\u00e7\u00e3o Get\u00falio Vargas sob a coordena\u00e7\u00e3o de Celina Vargas do Amaral Peixoto, sua neta.&nbsp;<\/p>\n<p>A partir da leitura deste Di\u00e1rio publicado pela Editora Siciliano em 1995 procurei \u201cpin\u00e7ar\u201d do texto os fatos que julguei importantes reportados pelo pr\u00f3prio Get\u00falio pelos acontecimentos de S\u00e3o Paulo ocorridos ao longo de um per\u00edodo de um ano e meio anterior \u00e0 eclos\u00e3o da revolu\u00e7\u00e3o constitucionalista iniciado em 9 de julho de 1932.&nbsp;<\/p>\n<p>Deve ser salientado que naqueles tempos as noticias, incluindo \u00e0quelas chegadas ao Pal\u00e1cio, eram transmitidas apenas por cartas, telegramas, r\u00e1dio e depoimentos pessoais de mensageiros, ministros, assessores e militares chegados de viagem usualmente por ferrovia. O radio e os telefones a longas dist\u00e2ncias ainda funcionavam precariamente \u00e0 \u00e9poca. Para se ter uma ideia disso, a informa\u00e7\u00e3o da revolta paulista s\u00f3 chegou aos ouvidos de um Get\u00falio surpreso no dia 10 de julho.&nbsp;<\/p>\n<p>Desde sua posse, Get\u00falio j\u00e1 manifestava uma grande preocupa\u00e7\u00e3o pelos acontecimentos de S\u00e3o Paulo nomeando Jo\u00e3o Alberto interventor em substitui\u00e7\u00e3o a Plinio Barreto que chefiou interinamente o estado de 6 a 25 de novembro de 1930 sucedendo a Jos\u00e9 Maria Whitaker nomeado pela junta Militar que dep\u00f4s Washington Luiz. Com a posse de Jo\u00e3o Alberto aumentou a disputa pelo esp\u00f3lio do antigo Partido Republicano Paulista disputado pelo Partido Democr\u00e1tico e a Legi\u00e3o Revolucion\u00e1ria fundada por Miguel Costa logo depois da Revolu\u00e7\u00e3o de 30 com o objetivo de agrupar o setor tenentista e popular no estado e dar sustenta\u00e7\u00e3o ao interventor Jo\u00e3o Alberto que, desde o primeiro momento, sofreu forte oposi\u00e7\u00e3o da elite paulista.&nbsp;<\/p>\n<p>Jo\u00e3o Alberto tinha o apoio de Miguel Costa, fundador da Legi\u00e3o Revolucion\u00e1ria, sendo nomeado, ent\u00e3o, comandante da For\u00e7a P\u00fablica paulista e secret\u00e1rio de Seguran\u00e7a do Estado. Para o comando da 2\u00aa Regi\u00e3o Militar foi designado o General Isidoro Dias Lopes, revolucion\u00e1rio de 22, sendo no entanto substitu\u00eddo pelo General Gois Monteiro ainda em 1931 por desaven\u00e7as com Vargas.&nbsp;<\/p>\n<p>Jo\u00e3o Alberto permaneceu no cargo at\u00e9 ser substitu\u00eddo pelo magistrado paulista Laudo Ferreira de Camargo em 25 de julho de 1931 ap\u00f3s terem sido frustradas as tentativas em torno do nome do ex &#8211; interventor Plinio Barreto, afinal preterido em fun\u00e7\u00e3o da imensa oposi\u00e7\u00e3o a seu nome por v\u00e1rios grupos pol\u00edticos. Com a queda de Jo\u00e3o Alberto Miguel Costa foi afastado da Secretaria de Seguran\u00e7a, mas manteve-se no comando da For\u00e7a P\u00fablica.&nbsp;<\/p>\n<p>Com a ren\u00fancia de Laudo de Camargo, Get\u00falio nomeia em 13 de novembro de 1931 o coronel Manuel Rabelo que j\u00e1 havia sido cogitado anteriormente como interventor interino desconsiderando a recomenda\u00e7\u00e3o de Jo\u00e3o Alberto que queria nomear para o cargo Souza Dantas, seu antigo secret\u00e1rio da Fazenda. Este fato contribuiu para a crise com as elites pol\u00edticas paulistas que se opunham ao controle do estado pelo tenentismo representado por Manuel Rabelo. Isto redundou no rompimento do Partido Democr\u00e1tico com o Governo Provis\u00f3rio em janeiro de 1932.&nbsp;<\/p>\n<p>Manuel Rabelo deixa a interventoria em 7 de mar\u00e7o de 1932 sendo substitu\u00eddo por Pedro de Toledo, um civil paulista por\u00e9m n\u00e3o ligado aos elementos que hostilizavam a Revolu\u00e7\u00e3o. Este nome foi sugerido a Get\u00falio por Flores da Cunha e Mauricio Cardoso, ministro da Justi\u00e7a de Get\u00falio. <br \/>\nPedro de Toledo mantem intensas negocia\u00e7\u00f5es pol\u00edticas tentando organizar seu secretariado com nomes do Partido Republicano Paulista e do Partido Democr\u00e1tico com o aval de Get\u00falio. Mas a situa\u00e7\u00e3o de S\u00e3o Paulo se agrava com a imposi\u00e7\u00e3o de um novo secretariado pela Frente \u00danica Paulista. Miguel Costa \u00e9 demitido do Comando da For\u00e7a P\u00fablica pelo Secret\u00e1rio da Justi\u00e7a. O coronel Rabelo, enviado por Get\u00falio \u00e0 S\u00e3o Paulo, assume o comando da 2\u00aa Regi\u00e3o Militar e logo envia um emiss\u00e1rio ao Catete manifestando sua desconfian\u00e7a com rela\u00e7\u00e3o ao novo governo paulista.&nbsp;<\/p>\n<p>No dia 9 de julho de 1932, o Interventor Pedro de Toledo, j\u00e1 aclamado Governador Civil da Revolu\u00e7\u00e3o ap\u00f3s o epis\u00f3dio de 23 de maio, telegrafava ao ditador Get\u00falio Vargas: &#8220;Esgotados os meios que ao meu alcance estiveram para evitar o movimento que acaba de se verificar na guarni\u00e7\u00e3o desta Regi\u00e3o ao qual aderiu o povo paulista, n\u00e3o me foi poss\u00edvel caminhar ao rev\u00e9s dos sentimentos do meu povo&#8221;. Come\u00e7ava a Revolu\u00e7\u00e3o Constitucionalista quando tropas da 2\u00aa Regi\u00e3o Militar e da For\u00e7a P\u00fablica de S\u00e3o Paulo, comandadas por Isidoro Dias Lopes e Euclides Figueiredo levantaram-se contra o Governo Provis\u00f3rio.&nbsp;<\/p>\n<p>Para uma melhor compreens\u00e3o dos epis\u00f3dios que precederam a revolu\u00e7\u00e3o dos paulistas, sob a \u00f3tica do Governo Provis\u00f3rio, apresentam-se a seguir trechos selecionados do Di\u00e1rio escritos no per\u00edodo de 21 de janeiro de 1931 \u00e0 13 de julho de 1932 pelo pr\u00f3prio Get\u00falio Vargas:&nbsp;<\/p>\n<p><strong>DI\u00c1RIO DE GETULIO VARGAS <br \/>\n<\/strong>1931 <br \/>\nJANEIRO <br \/>\n21 A 24 <br \/>\nVISITA DE MORATO INSISTINDO NA SAIDA DE JO\u00c3O ALBERTO DO GOVERNO DE S\u00c3O PAULO <br \/>\n29 <br \/>\nCOMPARECE O INTERVENTOR JO\u00c3O ALBERTO, OSVALDO ARANHA E JUAREZ T\u00c1VORA <br \/>\n30 <br \/>\nRECEBO O MINISTRO DA FAZENDA E O INTERVENTOR DE S\u00c3O PAULO COM QUEM TRATAMOS DE SOCORRER AS FINAN\u00c7AS PAULISTAS, DA ELABORA\u00c7\u00c3O DE UMA LEI SOBRE A COMPRA DOS STOKS DE CAF\u00c9 E DA COBRAN\u00c7A EM ESP\u00c9CIE SOBRE AS NOVAS SAFRAS. <br \/>\nFEVEREIRO <br \/>\n4 <br \/>\nPELA MANH\u00c3 RECRUDESCENCIA DA CRISE ITALIANA EM S\u00c3O PAULO <br \/>\n5 A 15 <br \/>\nSOLU\u00c7\u00c3O DA QUEST\u00c3O DO CAF\u00c9 PELA COMPRA DOS STOKS <br \/>\n16 E 17 <br \/>\nJO\u00c3O ALBERTO VEM DE S\u00c3O PAULO. QUER AFASTAR ISIDORO DO COMANDO DA REGI\u00c3O E COLOC\u00c1-LO COMO MINISTRO DA GUERRA. MANOBRAS NESTE SENTIDO, OFENSIVA CONTRA LEITE DE CASTRO FEITA POR JO\u00c3O ALBERTO ATRAV\u00c9S DE GOIS MONTEIRO, ENTREVISTA DE MENDON\u00c7A LIMA, AVISO DE QUE ESTE FORA TENTAR A GUARNI\u00c7\u00c3O DO PARAN\u00c1. RESISTO \u00c0 INVESTIDA. <br \/>\n18 A 21 <br \/>\nCONTINUA\u00c7\u00c3O DOS BOATOS ACERCA DA ENTREVISTA DE MENDON\u00c7A LIMA. NO PARAN\u00c1 , TENTATIVA DE MUDAN\u00c7A DO MINISTRO DA GUERRA- SUBSTITUI\u00c7\u00c3O DE LEITE DE CASTRO POR ISIDORO LOPES. ARANHA DIZ QUE ESTE CONSPIRAVA SER DITADOR EM CUMPLICIDADE COM A GUARNI\u00c7\u00c3O DE S\u00c3O PAULO E O PARTIDO DEMOCR\u00c1TICO. O MAJOR MENDON\u00c7A LIMA JUSTIFICA-SE E ACUSA O GENERAL ISIDORO. <br \/>\n27 <br \/>\nREUNIu-SE AQUI O CORONEL JO\u00c3O ALBERTO, INTERVENTOR DE S\u00c3O PAULO,COM O SEU SECRET\u00c1RIO DE FAZENDA, DR SOUZA DANTAS, E O MINISTRO DA FAZENDA, DR WHITAKER. TIVEMOS LONGA COMFERENCIA EXAMINANDO AS DIVERSAS MEDIDAS NECESS\u00c1RIAS PARA EVITAR A QUEDA DO CAF\u00c9 E A DO CAMBIO. <br \/>\nMAR\u00c7O <br \/>\n20 A 28 <br \/>\nO INTERVENTOR DE S\u00c3O PAULO VEM PLEITEAR A CONTINUA\u00c7\u00c3O DE SE INTERVIR NO MERCADO DE CAF\u00c9 A FIM DE EVITAR MAIOR BAIXA DESTE PRODUTO. QUEST\u00c3O DE LIMITES ENTRE MINAS E S\u00c3O PAULO. <br \/>\nMAR\u00c7O <br \/>\n28 <br \/>\nREGRESSO DE LUZARDO QUE APARECE ACOMPANHADO DE VIRGILIO MELO FRANCO. ESTE SEGUE PARA S\u00c3O PAULO, COMO EMISSARIO, PARA ACOMODAR OS DESAVINDOS E TRAZER-ME INFORMA\u00c7\u00d5ES. <br \/>\nABRIL <br \/>\n4 A 9 <br \/>\nESBO\u00c7AM-SE.OU ANTES, AGRAVAM-SE AS CRISES DE S\u00c3O PAULO, RIO DE JANEIRO E A DE BERNARDES EM MINAS. EM S\u00c3O PAULO OS DEMOCR\u00c1TICOS ROMPEM COM O INTERVENTOR. ESTE E MIGUEL COSTA CONFERENCIAM COM O MINISTRO DA JUSTI\u00c7A. RECEBO A VISITA DO GENERAL ISIDORO. <br \/>\n10 <br \/>\nALMO\u00c7AM COMIGO OS GENERAIS ISISIDORO E LUZARDO. COM ELES ASSENTO A IDA DO PRIMEIRO PARA O ESTADO DO RIO E DO SEGUNDO PARA S\u00c3O PAULO, COMO INTERVENTORES. <br \/>\n11 <br \/>\nRECEBI A VISITA DE VIRGILIO MELO FRANCO COM UMA CARTA DE OSVALDO. VINHA DIZER-ME QUE O CONVITE FEITO A ISIDORO E LUZARDO N\u00c3O TIVERAM DA PARTE DELES O NECESS\u00c1RIO SIGILO, TORNARA-SE PUBLICO. AS DECLARA\u00c7\u00d5ES DE MORATO DAVAM A COMPREENDER UM ENTENDIMENTO PREVIO ENTRE LIBERTADORES E DEMOCRATICOS. <br \/>\nO CASO TOMAVA O ASPECTO DE UMA IMPOSI\u00c7\u00c3O POL\u00cdTICA IRRITANDO OS MILITARES REVOLUCIONARIOS CONTRA A DECIS\u00c3O E CONTRA LUZARDO. TRAZIA-ME UMA CARTA DO MINISTRO DA JUSTI\u00c7A: A SOLU\u00c7\u00c3O N\u00c3O SERVIA. <br \/>\nSOUBE AINDA QUE JO\u00c3O ALBERTO E MIGUEL COSTA AINDA N\u00c3O HAVIAM SIDO CHAMADOS PELO MINISTRO DA JUSTI\u00c7A QUE N\u00c3O HAVIA RECEBIDO MEU RECADO NESTE SENTIDO. <br \/>\nRESPONDI QUE A SOLU\u00c7\u00c3O AINDA N\u00c3O ERA DEFINITIVA, FORA CONSULTADO UM DOS ASPECTOS DA QUEST\u00c3O. FALTAVA OUVIR A OUTRA PARTE E MANDEI CHAMAR O JO\u00c3O ALBERTO. <br \/>\n14 E 15 <br \/>\nJO\u00c3O ALBERTO VEIO FALAR-ME. EXPLICOU A STUA\u00c7\u00c3O FICANDO RESOLVIDA SUA PERMANENCIA NO CARGO <br \/>\nPEDI A EIRAS QUE FOSSE A S\u00c3O PAULO FALAR COM ISIDORO, COMUNICAR-LHE A RESOLU\u00c7\u00c3O TOMADA QUANTO A S\u00c3O PAULO E AO ESTADO DO RIO. <br \/>\n16 <br \/>\nCOM O MINISTRO DA JUSTI\u00c7A, VIRGILIO DE MELO FRANCO E JULIO DE MESQUITA TRATAMOS DO CASO DE S\u00c3O PAULO. <br \/>\n27 A 29 <br \/>\nO EMBAIXADOR MACEDO SOARES FEZ ONTEM EM S\u00c3O PAULO UM DISCURSO INCOVENIENTE SOBRE A POL\u00cdTICA DO ESTADO DIZENDO-SE AUTORIZADO POR MIM. <br \/>\nA VERDADE ERA QUE EU APENAS O AUTORIZARAA FALAR AOS SEUS AMIGOS TRANQUILIZANDO-OS QUANTO A BOA VONTADE DO GOVERNO EM SOLUCIONAR OPORTUNAMENTE O CASO PAULISTA. <br \/>\nELE FEZ DECLARA\u00c7\u00d5ES INCONVENIENTES E ABUSIVAS. O MINISTRO DA JUSTI\u00c7A COMUNICOU-ME PELO TELEFONE E DESAUTORIZOU O EMBAIXADOR PELOS JORNAIS. GRANDE EXALTA\u00c7\u00c3O EM S\u00c3O PAULO, MOTIM NA FOR\u00c7A PUBLICA, REPRESS\u00c3O IMEDIATA. RECEBO O TELEFONE DE MACEDO SOARES CONTESTANDO O MINISTRO DA JUSTI\u00c7A E ME COMUNICANDO. RESOLVO DESAUTORA-LO E EXONERAR DO CARGO. <br \/>\n30 <br \/>\nO DISCURSO DE MACEDO SOARES EM S\u00c3O PAULO PROVOCOU EXALTA\u00c7\u00c3O DE ESPIRITOS, UMA TENTATIVA DE REBELI\u00c3O NA FOR\u00c7A PUBLICA DE S\u00c3O PAULO LOGO DOMINADA.. DESSAUTORIZO AS DECLARA\u00c7\u00d5ES DE MACEDO SOARES QUE SOLICITA DEMISS\u00c3O. <br \/>\nUM OFICIAL ENCARREGADO DO INQU\u00c9RITOSOBRE A SUBLEVA\u00c7\u00c3O DE S\u00c3O PAULO TRAZ O INFORME DE QUE O COMANDANTE DA FOR\u00c7A PUBLICA ACUSOU O GENERAL ISIDORO COMO INSTIGADOR, PEDINDO A NOMEA\u00c7\u00c3O DE UM OFICIAL DE POSTO CORRESPONDENTE AO DAQUELE GENERAL PARA PRESIDIR O INQUERITO. <br \/>\nMAIO <br \/>\n1 <br \/>\nA TARDE RECEBO O GENERAL FRAGOSO A QUEM CONVIDO PARA PRESIDIR O INQUERITOSOBRE A REBELDIA DA POLICIA DE S\u00c3O PAULO. <br \/>\n6 A 8 <br \/>\nFORAM DIAS PENOSOS E CHEIOS DE CONFUS\u00c3O. S\u00c3O PAULO CONTINUA SER UM PONTO DE INQUETA\u00c7\u00c3OE AMEA\u00c7AS. ISIDORO CHAMADO N\u00c3O VEIO ALEGANDO DOEN\u00c7AS. <br \/>\n19 A 25 <br \/>\nAGITA\u00c7\u00c3O EM S\u00c3O PAULO EM TORNO DO GENERAL ISIDORO. VINDA DESTE AO RIO. <br \/>\nJUNHO <br \/>\n7 A 11 <br \/>\nRETIREI O GENERAL ISIDORO DE S\u00c3O PAULO. RETIRA O PEDIDO DE DEMISS\u00c3O E ACEITA A INSPETORIA DAS REGI\u00d5ES. <br \/>\n12 A 16 <br \/>\nACALMAM-SE OS RESSENTIMENTOS DO GENERAL ISIDORO COM O OFERECIMENTO DE SUA NOMEA\u00c7\u00c3O. <br \/>\n30 DE JUNHO A 7 DE JULHO <br \/>\nS\u00c3O PAULO CONTINUA INQUIETANDO. <br \/>\n7 A 14 <br \/>\nJO\u00c3O ALBERTO COMUNICA SUA RESOLU\u00c7\u00c3O DE DEIXAR A INTERVENTORIA DE S\u00c3O PAULO. PROCURO UM SUBSTITUTO, ENVIO WHITAKER A S\u00c3O PAULO, DOU INCUBENCIAS A JO\u00c3O ALBERTO, OU\u00c7O OS DEMOCR\u00c1TICOS ETC. PROMETO AGUARDAR CARTA DE JO\u00c3O ALBERTO. <br \/>\n15 A 18 <br \/>\nRECEBO A CARTA DE JO\u00c3O ALBERTO COMUNICANDO A ACEITA\u00c7\u00c3O DE PLINIO, A AQUIESCENCIA DE GOIS, MIGUEL COSTA, EX\u00c9RCITO E POLICIA.INDICADOS TAMBEM O NOME DOS SECRET\u00c1RIOS. CHEGA PLINIO BARRETO COM QUEM ME ENTENDO, CONFIRMANDO O CONVITE E ACEITANDO AS PESSOAS INDICADAS PARA SECRET\u00c1RIOS. <br \/>\nLEVANTAM-SE PROTESTOS AQUI E EM S\u00c3O PAULO CONTRA A CANDIDATURA DE PLINIO EXUMANDO-SE UM ARTIGO DESTE ATACANDO OS OFICIAIS REVOLTOSOS DO COPACABANA. ESCCREVE- ME DEPOIS O CHEFE DE POL\u00cdCIA DO ESTADO QUE PONDERA QUE O NOME DE PLINIO N\u00c3O SATISFAZ AOS INTERESSES DA TRANQUILIDADE DE S\u00c3O PAULO. <br \/>\nCHEGA O GENERAL GOIS TRAZENDO CARTA DE MIGUEL COSTA PROPONDO ESCOLHER OUTRO INTERVENTORQUE SE ORGANIZE O GOVERNO COM SECRET\u00c1RIOS REPRESENTANDO OS DIFERENTES GRUPOS POL\u00cdTICOS.REDUZO ADALBERTO CORREIA QUE SE MANIFESTARA CONTRA PLINIO. <br \/>\nO CASO DE S\u00c3O PAULO COMPLICA-SE. CONVERSEI COM GOIS MONTEIRO, MIGUEL COSTA, FLORIVALDO LINHARES E VERNEY. TODOS AFIRMAM QUE SER\u00c1 EMPOSSADO PLINIO BARRETO SE O GOVERNO DETERMINAR, MAS QUE ESTE NOME N\u00c3O SATISFAR\u00c1 S\u00c3O PAULO COMO SOLU\u00c7\u00c3O TRANQUILIZADORA PELA OPOSI\u00c7\u00c3O DE VARIOS GRUPOS POL\u00cdTICOS, PORQUE SE TORNOU CANDITATURA DE FAC\u00c7\u00d5ES <br \/>\nMANIFESTA\u00c7\u00d5ES, CONFLITOS E GREVES EM S\u00c3O PAULO. PLINIO BARRETO ESCREVE A JO\u00c3O ALBERTO DESISTINDO DA CANDIDATURA . <br \/>\n18 a24 <br \/>\nCONTINUA EMDISCUSS\u00c3O O CASO DE S\u00c3O PAULO. Resolvo enviar Osvaldo Aranha a S\u00e3o Paulo em companhia de Gois Monteiro para assegurar a posse de Plinio e no caso deste desistir, escolher outro nome que seja uma garantia de tranquilidade para o Estado. Foi escolhido Lauro de Camargo magistrado estadual. Grande satisfa\u00e7\u00e3o no estado e fora dele, impress\u00e3o geral de prestigio do governo. Antes da decis\u00e3o, v\u00e1rios pr\u00f3ceres da revolu\u00e7\u00e3o reunidos com o ministro da guerra fizeram reafirma\u00e7\u00e3o de apoio ao governo a fim de que pudesse agir com mais seguran\u00e7a. Recebo muitos comprimentos pela solu\u00e7\u00e3o do caso de S\u00e3o Paulo. <br \/>\n25 a 7 de agosto <br \/>\nOs principais acontecimentos foram crise pol\u00edtica em S\u00e3o Paulo provocada pelas nomea\u00e7\u00f5es feitas pelo interventor; diverg\u00eancias dos generais Miguel Costa e Gois Monteiro com o interventor; conspira\u00e7\u00e3o do general Isidoro auxiliados pelos coron\u00e9is Teopombo, Meira e Figueiredo; interven\u00e7\u00e3o de Assis Brasil a favor de Isidoro. <br \/>\n31 DE AGOSTO A 6 DE SETEMBRO <br \/>\nO MINISTRO DA FAZENDA SEGUIU PARA S\u00c3O PAULO. DEVE TRAZER O NOME DO FUTURO PRESIDENTE DO BANCO DO BRASIL. <br \/>\n9 A 14 <br \/>\nTOMA POSSE O SR ALMEIDA PRADO, NOVO PRESIDENTE DO BANCO DO BRASIL. <br \/>\n21 <br \/>\nMIGUEL COSTA INSTALA O CONGRESSO DA LEGI\u00c3O REVOLUCION\u00c1RIA DE S\u00c3O PAULO. PROVAVEL DE S\u00c3O PAULO E MINAS, APREENS\u00c3O DO GENERAL GOIS MONTEIRO <br \/>\n22 A 29 <br \/>\nCONTINUAM OS INFORMES SOBRE OS ENTENDIMENTOS DOS LEGINARIOS DE MINAS E DE S\u00c3O PAULO COM AS RESPECTIVAS POLICIAS PARA FORMAR UMA ORGANIZA\u00c7\u00c3O HOSTIL AO GOVERNO. VINDA DO SECRETARIO DO INTERIOR DE S\u00c3O PAULO E DO GENERAL GOIS MONTEIRO, PALESTRAM COM O GENERAL LEITE DE CASTRO PARA QUE SEJAM TOMADAS PROVIDENCIAS REFOR\u00c7ANDO O EXERCITO NOS DOIS ESTADOS. <br \/>\nMOVIMENTO DOS AGRICULTORES DE CAF\u00c9 EM S\u00c3O PAULO CONTRA O MINISTRO DA FAZENDA POR CAUSA DO DECRETO SOBRE A FISCALIZA\u00c7\u00c3O DO CONSELHO NACIONAL DO CAF\u00c9. <br \/>\nOUTUBRO <br \/>\n2 A 6 <br \/>\nS\u00c3O PAULO COMPLICA-SE. O INTERVENTOR AMEA\u00c7A RENUNCIAR AO CARGO SE PERMANECER MIGUEL COSTA NO COMANDO DA FOR\u00c7A PUBLICA. O GENERAL GOIS ACHA-SE AQUI H\u00c1 VARIOS DIAS AGUARDANDO REFOR\u00c7OS DE HOMENS E MATERIAL EM VIRTUDE DA INFERIORIDADE DO EXERCITO NAQUELE ESTADO RELATIVAMENTE \u00c0 POLICIA. O CORONEL RABELO, COMANDANTE INTERINO DA REGI\u00c3O, FALA POR TELEFONE DIRETAMENTE AO GUANABARA PEDINDO REFOR\u00c7OS E DIZENDO QUE A SITUA\u00c7\u00c3O \u00c9 GRAVE E EMINENTE A RENUNCIA DO INTERVENTOR SEM FOR\u00c7AS PARA MANTER-SE NO GOVERNO. A FIM DE EVITAR ALARME COM A REMESSA DE FOR\u00c7AS PREFIRO CHAMAR AQUI MIGUEL COSTA E FALAR-LHE CLARO. <br \/>\n7 A 11 <br \/>\nCHEGO A UM ACORDO COM MIGUEL COSTA QUE PROMETE DEIXAR O COMANDO DA FOR\u00c7A PUBLICA PAULISTA. <br \/>\n15 A 18 <br \/>\nFICA RESOLVIDO O CASO SURGIDO EM S\u00c3O PAULO. ACOMODAM-SE AS DIVERGENCIAS ENTRE O MINISTRO DA FAZENDA E OUTROS QUE FIZERAM CONTRA ELE UMA OFENSIVA OR\u00c7AMENTARIA. <br \/>\n30 E 31 <br \/>\nAS COISAS EM S\u00c3O PAULO COMPLICAM-SE. AGITA\u00c7\u00c3O DOS AGRICULTORES DE S\u00c3O PAULO CONTRA O MINISTRO DA FAZENDA. CONVERSO COM O CAPIT\u00c3O JO\u00c3O ALBERTO QUE SEGUE PARA S\u00c3O PAULO A FIM DE ENCONTRAR UMA SOLU\u00c7\u00c3O PARA O CASO. <br \/>\nNOVEMBRO <br \/>\n1 A 8 <br \/>\nASSENTADA A DISPENSA DO SECRETARIO DA FAZENDA DE S\u00c3O PAULO. <br \/>\n9 A 12 <br \/>\nJO\u00c3O ALBERTO COMPLICA O CASO DE S\u00c3O PAULO PEITEANDO A SAIDA DE TODO O GOVERNO QUANDO DEVIA SER APENAS DO SECRETARIO DA FAZENDA. <br \/>\n13 A 15 <br \/>\nJO\u00c3O ALBERTO APROVEITA PARA COLOCAR NO GOVERNO SEUS ANTIGOS SECRETARIOS E VEM PLEITEAR A NOMEA\u00c7\u00c3O DO SR SOUZA DANTAS PARA INTERVENTOR. RECUSO ESTE NOME, PREFIRO MANTER O CORONEL RABELO QUE J\u00c1 HAVIA DESIGNADO PARA INTERVENTOR INTERINO E DIGO A JOAO ALBERTO QUE REGRESSA A S\u00c3O PAULO, QUE VENHA COM O CORONEL RABELO. <br \/>\n15 A 19 <br \/>\nVEM DE S\u00c3O PAULO JO\u00c3O ALBERTO, MIGUEL COSTA E RABELO. RECEBO-OS JUNTAMENTE COM GOIS. O PROBLEMA \u00c9 COMPLEXO. H\u00c1 RESTRI\u00c7\u00d5ES SOBRE A NOMEA\u00c7\u00c3O DO CORONEL RABELO QUE TODOS O ELOGIAM POR SER MILITAR. SEMPRE, POREM, QUE H\u00c1 UMA DISCUSS\u00c3O SOBRE UM NOME CIVIL SURGEM AS DIVERGENCIAS , PORQUE QUEREM UM CIVIL DA SUA GREI, QUE FA\u00c7A A POL\u00cdTICA DA LEGI\u00c3O- PELO MENOS \u00c9 O QUE DECLARA MIGUEL COSTA. RESOLVO DEIXAR O CORONEL RABELO PARA GANHAR TEMPO E EXAMINAR MELHOR O TABULEIRO. <br \/>\n1932 <br \/>\nJANEIRO <br \/>\n2 a 6 <br \/>\nDEMOCRATAS DE SP AMEA\u00c7AM ABRIR LUTA CONTRA RABELO <br \/>\n6 A 10 <br \/>\nOFENSIVA PAULISTA PARA SUBSTITUI\u00c7\u00c3O DO INTERVENTOR. O GENERAL GOIS PEDE DEMISSAO DE COMANDANTE DA 2\u00aa REGIAO DE S\u00c3O PAULO <br \/>\n11 A 16 <br \/>\nPAULO DE MORAIS BARROS EM NOME DO PARTIDO DEMOCRATICO VEM FALAR-ME SOBRE A SUBSTITUI\u00c7\u00c3O DO INTERVENTOR RABELO . COMBINO COM ELE, QUE REGRESSANDO A S\u00c3O PAULO INTERPELE O GENERAL MIGUEL COSTA E, SE ESTE RECUSAR O ENTENDIMENTO, ESCREVA-ME COMUNICANDO INDICANDO-ME ALGUNS NOMES QUE OS DEMOCR\u00c1TICOS JULGUEM EM CONDI\u00c7\u00d5ES. <br \/>\nELE REGRESSA A S\u00c3O PAULO NADA ME COMUNICA E O DIRETORIO DEMOCR\u00c1TICO PUBLICA UM MANIFESTO ROMPENDO COMIGO. ESTE ROMPIMENTO AT\u00c9 AGORA N\u00c3O TEVE REPERCUSS\u00c3O APRECI\u00c1VEL. <br \/>\n18 A 22 <br \/>\nO CORREIO DA MANH\u00c3 NOTICIOU QUE EU RECEBERA UMA CARTA DO GENERAL MIGUEL COSTA ENVIANDO UMA LISTA DE NOMESPARA INTERVENTOR DE S\u00c3O PAULO. DESTA CARTA S\u00d3 TINHA CONHECIMENTO O OSVALDO. <br \/>\n23 A 28 <br \/>\nNO DIA 25 HOUVE NA CAPITAL DE S\u00c3O PAULO ALGUMAS ARRUA\u00c7AS COM DEMONSTRA\u00c7\u00d5ES SEPARATISTAS E ATAQUES AO CENTRO GAUCHO <br \/>\nFEVEREIRO <br \/>\n1 E 2 <br \/>\nO DIRETORIO LIBERTADOR MANIFESTA SUA SOLIDARIEDADE AOS DEMOCRATICOS DE S\u00c3O PAULO. NO DESPACHO COM O MINISTRO DA JUSTI\u00c7A, TENHO COM ELE UMA LONGA TROCA DE IMPRESS\u00d5ES SOBRE O CASO PAULISTA QUE ELE JULGA URGENTE RESOLVER. <br \/>\nPARTE DESTA PALESTRA FOI ASSISTIDA POR FLORES DA CUNHA. TAMBEM OSVALDO ESCREVE-ME DUAS CARTAS DANDO SUA IMPRESS\u00c3O E INSTANDO PARAUMA SOLU\u00c7\u00c3O PARA O CASO DE S\u00c3O PAULO. OS JORNAIS DEPOIS NOTICIARAM ESTAS CARTAS MAS N\u00c3O FUI EU QUEM AS REVELOU. <br \/>\n3 A 10 <\/p>\n<p>ESCREVI AO RAUL PILLA RESPONDENDO A SUA CARTA E NARRANDO O CASO DE S\u00c3O PAULO COMO ESTRANHANDO A ATITUDE DO DIRETORIO LIBERTADOR. <br \/>\n14 A 17 <br \/>\nAGRAVA-SE A QUEST\u00c3O PAULISTA COM A UNI\u00c3O DOS DEMOCR\u00c1TICOS E PERREPISTAS EM FRENTE \u00daNICA. ACHAM-SE AQUI OS GENERAIS GOIS E MIGUEL COSTA TODOS BEM INTENCIONADOS PARA A SOLU\u00c7\u00c3O DO CASO. <br \/>\n18 A 31 <br \/>\nFA\u00c7O SEGUIR PARA S\u00c3O PAULO O MINISTRO DA JUSTI\u00c7A ACOMPANHADO DO GENERAL MIGUEL COSTA PARA EXAMINAREM IN LOCO O CASO PAULISTA TRAZENDO-ME O NOME DO INTERVENTOR. ESTE N\u00c3O PODE PERTENCER AOS ELEMENTOS QUE HOSTILIZAM O GOVERNO. DEVE SER UM CIVIL PAULISTA MAS QUE INSPIRE CONFIAN\u00c7A \u00c0 REVOLU\u00c7\u00c3O. <br \/>\n22 A 23 <br \/>\nOU\u00c7O O MINISTRO DA JUSTI\u00c7A AP\u00d3S SEU REGRESSOA S\u00c3O PAULO E RESOLVO CHAMA, POR INTERMEDIO DO GENERAL MIGUEL COSTA, O PROFESSOR ULPIANO SEM COMPROMISSO PARA OUVIR. <br \/>\nA NOITE NO GUANABARA, FLORES LEMBROU EXPONTANEAMENTE DO EX MINISTRO PEDRO DE TOLEDO PARA INTERVENTOR EM S\u00c3O PAULO. CHAMEI DEPOIS O MINISTRO DA JUSTI\u00c7A QUE ME CONTOU QUE HAVIA ESTADO EM CONFERENCIA COM PEDRO DE TOLEDO DO QUAL TRAZIA EXCELENTE IMPRESS\u00c3O. A DUPLA SUGEST\u00c3O FORA SIMPLES COINCIDENCIA. N\u00c3O HAVIAM CONVERSADO A RESPEITO, MAURICIO E FLORES. <br \/>\n24 A 29 <br \/>\nCHAMEI O CORONEL RABELO COMUNICANDO-LHE A ESCOLHA DO DR PEDRO DE TOLEDOPARA INTERVENTOR EM S\u00c3O PAULO. ELE REGRESSA PRONTO A DAR POSSE AO SUCESSOR <br \/>\nSIGO PARA PETR\u00d3POLIS. VEJO NOS JORNAIS OS PROTESTOS DOS CHAMADOS ELEMENTOS REVOLUCIN\u00c1RIOS DE S\u00c3O PAULO CONTRA A NOMEA\u00c7\u00c3ODO EMBAIXADOR PEDRO DE TOLEDO PARA INTERVENTOR. <br \/>\nO GENERAL MIGUEL COSTA AINDA N\u00c3O RECEBEU MINHA CARTA PARTICIPANDO-LHE QUE O GOVERNO N\u00c3O PODE MAIS VOLTAR ATRAZ DE SUA ATITUDE QUE CUMPRE SER ACATADA. <br \/>\nMAR\u00c7O <br \/>\n1 A 3 <br \/>\nNOMEEI O INTERVENTOR DE S\u00c3O PAULO <br \/>\n16 E 17 <br \/>\nDIVERGENCIA ENTRE OS GENERAIS GOIS MONTEIRO E MIGUEL COSTA EM S\u00c3O PAULO <br \/>\nABRIL <br \/>\n6 A 11 <br \/>\nREFORMEI O GENERAL ISIDORO E NOMEEII O CHEFE DE POLICIA, CAPIT\u00c3O JO\u00c3O ALBERTO <br \/>\n12 A 14 <br \/>\nREGRESSO AO RIO. RECEBO DO RIO GRANDE E DE S\u00c3O PAULO NOTICIAS DE QUE SE TRAMA UMA CONSPIRA\u00c7\u00c3O PARA DEPOR O GOVERNO. <br \/>\n17 <br \/>\nA NOITE NO GUANABARA RECEBO A VISITA DE VIRGILIO MELO FRANCO QUE ME TRAZ A NOTICIA POUCO AGRADAVEL DE QUE A COMISS\u00c3O CENTRAL MINEIRA EST\u00c1 FAZENDO PONDERA\u00c7\u00d5ES SOBRE A NECESSIDADE DE UM ENTENDIMENTO DO GOVERNO FEDERAL COM S\u00c3O PAULO E RIO GRANDE DO SUL E N\u00c3O FALANDO NA INDICA\u00c7\u00c3O. <br \/>\n18 A 22 <br \/>\nANTONIO CARLOS PROP\u00d5E UM PLANO PARA DESTACAR 3 EMISSARIOS- BERNARDES PARA O RIO GRANDE DO SUL, VENCESLAU PARA S\u00c3O PAULO E VIRGILIO COM O 3 DE OUTUBRO PARA PROMOVEREM UM ENTENDIMENTO NO SENTIDO DE APOIAR O GOVERNO MEDIANTE A ADO\u00c7\u00c3O DE CERTAS MEDIDAS: <br \/>\nREVIGORAMENTO DA CONSTITUI\u00c7\u00c3O FERDERAL, MENOS QUANTO AO PODER LEGISLATIVO, CRIA\u00c7\u00c3O DE UM CONSELHO CONSULTIVO FEDERAL E CONSTITUCIONALIZA\u00c7\u00c3O, OU ANTES, RECONSTRU\u00c7\u00c3O DA NOVA ORDEM LEGAL MEDIANTE FASES SUCESSIVAS AT\u00c9 30 MESES. ACEITEI EM PRINCIPIO&#8230; <br \/>\n23 A 26 <br \/>\nREUNO A NOITE NO GUANABARA OS MINISTROS DA GUERRA, MARINHA, FAZENDA, O GENERAL GOIS, O CORONEL RABELO, O MAJOR JUAREZ E O CAPIT\u00c3O J\u00d5AO ALBERTO. <br \/>\nPERANTE A ASSISTENCIA O GENERAL GOIS EXP\u00d5E SUA ATUA\u00c7\u00c3O EM S\u00c3O PAULO E JUSTIFICA SUA CONDUTA. APROVADA QUANTO AS INTEN\u00c7\u00d5ES RESOLVE-SE TIRAR AS NECESSARIAS CONSEQUENCIAS. SER\u00c3O DADAS AO PAIZ SOLU\u00c7\u00d5ES DE ORDEM GERALSOBRE A CONSTITUCIONALIZA\u00c7\u00c3O QUE SATISFAR\u00c3O OS PONTOS DOUTRINARIOS E QUANTO AO CASO ESPECIAL DE S\u00c3O PAULO DOU LIBERDADE AO INTERVENTOR PARA RECOMPOR SEU GOVERNO SEM RECONHECIMENTO OFICIAL DA FRENTE \u00daNICA. <br \/>\nMAIO <br \/>\n1 A 3 <br \/>\nONTEM A NOITE, PROCURARAM-ME O MINISTRO DA GUERRA E O CORONEL RABELO PARA COMUNICAR-ME A ATITUDE DE APREENS\u00c3O DOS REVOLUCION\u00c1RIOS COM AO TELEGRAMA DO INTERVENTOR DE S\u00c3O PAULO PASSADO AO DR ALTINO ARANTES. <br \/>\n4 A 7 <br \/>\nSURGEM GREVES EM S\u00c3O PAULO DE NUMEROSAS CLASSES DE OPER\u00c1RIOS E , NESTA CAPITAL, DOS EMPREGADOS DA LIGHT. ESTA FOI DOMINADA NO MESMO DIA RESTABELECENDO-SE O TR\u00c1FEGO. <br \/>\nO INTERVENTOR PEDRO DE TOLEDO CONTINUA EM NEGOCIA\u00c7\u00d5ES POL\u00cdTICAS PARA A REORGANIZA\u00c7\u00c3O DO GOVERNO. O SECRET\u00c1RIO DA FAZENDA E O GENERAL MIGUEL COSTA MOSTRAM-SE DESGOSTOSOS COM A MARCHA DOS ACONTECIMENTOS. <br \/>\n8 A 13 <br \/>\nTERMINADA A TENTATIVA DE GREVE NESTA CAPITAL . CONTINUA A GREVE EM S\u00c3O PAULO. <br \/>\n14 <br \/>\nRECEBO TELEGRAMA DO INTERVENTOR DE S\u00c3O PAULO TRANSMITINDO DOIS GRUPOS DE NOMES DO PARTIDO REPUBLICANO PAULISTA E DO PARTIDO DEMOCR\u00c1TICO PARA A RECOMPOSI\u00c7\u00c3O DE SEU SECRETARIADO. <br \/>\n14 A 18 <br \/>\nCONTINUAM AS DEMARCHES PARA A SOLU\u00c7\u00c3O DO CASO PAULISTSA. N\u00c3O RECONHE\u00c7O NEM TRATO COM A FRENTE QUE, JUNTAMENTE COM A DO RIO GRANDE, CONSPIRAVA CONTRA O GOVERNO. RESOLVI ENVIAR O OSVALDO AT\u00c9 L\u00c1 DEPOIS QUE RECEBI A VISITA DO MARREY JUNIOR E ANTONIO FELICIANO. <br \/>\n19 A 22 <br \/>\nOSVALDO SEGUIU PARA S\u00c3O PAULO LEVANDO INSTRU\u00c7\u00d5ES PARA RESOLVER O CASO. TELEGRAFA-ME ALARMADO COM A EXALTA\u00c7\u00c3O POPULAR, PREPARATIVOS DE REVOLU\u00c7\u00c3O E ANARQUIA MILITAR. RESPONDO-LHE REAFIRMANDO AS INSTRU\u00c7\u00d5ES E TOMO PROVIDENCIAS SOBRE A MANUTEN\u00c7\u00c3O DA ORDEM. <br \/>\n23 <br \/>\nA SITUA\u00c7\u00c3O DE S\u00c3O PAULO SE AGRAVA. GRANDE EXALTA\u00c7\u00c3O POPULAR PERCORRE AS RUAS. ATACAM JORNAIS, A SEDE DA LEGI\u00c3O, PROVOCAM CONFLITOS- E A FRENTE \u00daNICA IMPOS UM NOVO SECRETARIADO.ASSUMIU O SECRET\u00c1RIO DA JUSTI\u00c7A QUE DEMITIU MIGUEL COSTA. <br \/>\nNOMEEI O CORONEL RABELO PARA ASSUMIR O COMANDO DA REGI\u00c3O E SEGUIR COM INSTRU\u00c7\u00d5ES PARA RESTABELECER A ORDEM <br \/>\nO GENERAL GOIS MONTEIRO SER\u00c1 INVESTIDO NO COMANDO DA REGI\u00c3O EM SUBSTITUI\u00c7\u00c3O AO GENERAL J\u00d5AO GOMES QUE PEDIU DEMISS\u00c3O. FICOU TAMB\u00c9M RESOLVIDO QUE SE ENVIASSSEM TROPAS A S\u00c3O PAULO. <br \/>\nTUDO FICOU RESOLVIDO A NOITE COM O COMPARECIMENTO AO GUANABARA DOS MINISTROS DA GUERRA, MARINHA,, GENERAL GOIS, CORONEL RABELO, MAJOR TAVORA , DR PEDRO ERNESTO E O CAPIT\u00c3O JO\u00c3O ALBERTO. <br \/>\n24 <br \/>\nRECEBO COMUNICA\u00c7\u00c3O DO CORONEL AVILA LINS SOBRE A VINDA DE CORPOS DO INTERIOR DO ESTADO PARA MANTER A ORDEM E COMUNICA\u00c7\u00c3O DO INTERVENTOR SOBRE A NOMEA\u00c7\u00c3O DOS NOVOS SECRET\u00c1RIOS. TELEGRAFO A FLORES DA CUNHA INFORMANDO SOBRE AS OCORRENCIAS EM S\u00c3O PAULO. <br \/>\n25 A 27 <br \/>\nREGRESSO DE OSVALDO. CONVOCO REUNI\u00c3O NO GUANABARA DOS PROCERES REVOLUCIONARIOS PERANTE OS QUAIS OSVALDO EXP\u00d5E AS OCORRENCIAS. TODOS OPINAM QUE O SECRETARIADO DEVE SER SUBSTITUIDO PELA FORMA COM QUE SE ORGANIZOU. OSVALDO PENSA QUE SE DEVE CONTEMPORIZAR. ENVIO INSTRU\u00c7\u00d5ES AO CORONEL RABELO POR INTERMEDIO DO MAJOR CORDEIRO DE FARIAS. <br \/>\nRECEBO TELEGRAMA DO INTERVENTOR DE S\u00c3O PAULO COM O SECRETARIO COMUNICANDO O ATO E MANIFESTANDO DISPOSI\u00c7\u00d5ES DE COLABORAR COM O GOVERNO FEDERAL. O CHEFE DE POLICIA REALIZA ALGUMAS PRIS\u00d5ES DE POL\u00cdTICOS REACION\u00c1RIOS QUE CONSPIRAVAM. <br \/>\nO GENERAL GOIS MONTEIRO ASSUME O COMANDO DA 1\u00aa REGI\u00c3O MILITAR E O CORONEL RABELO DA 2\u00aa. <br \/>\n28 A 30 <br \/>\nMINAS REAFIRMA SUA SOLIDARIEDADE ATIVA AO GOVERNO FEDERAL POR INTERMEDIO DE VIRGILIO MELO FRANCO. FLORES TELEGRAFA-ME HIPOTECANDO O APOIO DOS CHEFES DOS PARTIDOS POL[ITICOS PARA MANTER A SITUA\u00c7\u00c3O CRIADA EM S\u00c3O PAULO. RESPONDO DIZENDO QUE A MANUTEN\u00c7\u00c3O DO GOVERNO DE S\u00c3O PAULO DEPENDE DA SUA ATITUDE DE LEALDADEE COLABORA\u00c7\u00c3O COM O GOVERNO FEDERAL <br \/>\nCONTINUA AGITADA A QUEST\u00c3O DOS TENENTES CONTRA O MINISTRO DA GUERRA. OSVALDO QUE SE ENTENDERA COM FLORES PEDINDO O APOIO DO RIO GRANDE NO CASO DE S\u00c3O PAULO TRAZ-ME A NOTICIA DE QUE TODA A GUARNI\u00c7\u00c3O DA CAPITAL, INCLUSIVE A POLICIA, ESTAVA CONTRA O MINISTRO DA GUERRA E QUERIA SUA RETIRADA DO CARGO. <br \/>\nRECEBO A VISITA DE MORAIS BARROS, NOVO SECRET\u00c1RIO DA FAZENDA DE S\u00c3O PAULO , QUE REAFIRMA O DESEJO DE COLABORA\u00c7\u00c3O JUNTO AO GOVERNO FEDERAL. <br \/>\nJUNHO <br \/>\n6 A 8 <br \/>\nO CORONEL RABELO MANDA UM EMISS\u00c1RIO PAR A MANIFESTAR-ME SUA DESCONFIAN\u00c7A DO NOVO GOVERNO PAULISTA. CHAMO O SECRET\u00c1RIO DE JUSTI\u00c7A DE S\u00c3O PAULO. ACOMPANHOU-O O DR MORATO. TIVEMOS ONTEM A NOITE LONGA CONFERENCIA ASSISTIDA PELO OSVALDO.. DESFAZEM-SE PREVEN\u00c7\u00d5ES E QUEIXAS. EM RESUMO, RABELO QUER A MUDAN\u00c7A DO COMANDO DA FOR\u00c7A PUBLICA DE S\u00c3O PAULO E O GOVERNO PAULISTA QUER A RETIRADA DO TENENTE CORONEL DANIEL, IRM\u00c3O DE MIGUEL COSTA, DO COMANDO DE UM CORPO DA FOR\u00c7A PUBLICA. <br \/>\n16 A 18 <br \/>\nO CORONEL RABELO CONTINUA IMPERTINENTE QUERENDO INTERVIR POLITICAMENTE EM S\u00c3O PAULO PARA MODIFICAR O GOVERNO. <br \/>\nDIA 30 A 1 DE JULHO <br \/>\nCHAMO MORATO DE S\u00c3O PAULOCOM QUEM CONVERSO NA PRESEN\u00c7A DE OSVALDO E DO GENERAL GOIS SOBRE A ATITUDE DE S\u00c3O PAULO. ELE REAFIRMA O PROP\u00d3POSITO CONCILIAT\u00d3RIOE PROP\u00d5E A REABERTURA DE NEGOCIA\u00c7\u00d5ES. <br \/>\nJULHO <br \/>\n2 E 3 <br \/>\nVASCONCELOS A MEU CONVITE VAI PARA S\u00c3O PAULO. O CORONEL RABELO CONTINUA COM SUA ATITUDE INTRANSIGENTEQUERENDIO IR PARAS S\u00c3O PAULO E PEDINDO REFOR\u00c7O DE TROPAS COME\u00c7A A QUEIXAR-SE E A DEBLATEAR CONTRA O GOVERNO. <br \/>\n4 A 6 <br \/>\nCONVERSO COM O CORONEL RABELO SOBRE A SUBSTITUI\u00c7\u00c3O DO COMANDO DA 2\u00aa REGI\u00c3O, SUA PROMO\u00c7\u00c3O A GENERAL E SUA NOMEA\u00c7\u00c3O PARA CHEFE DA CASA MILITAR. <br \/>\n7 <br \/>\nSOU INFORMADO QUE O GENERAL KLINGER EST\u00c1 EM ATITUDE DE REBELDIA HAVENDO MANDADO UM OFICIO AO MINISTRO DA GUERRA EM QUE SE RECUSA A RECONHECER SUA AUTORIDADE. O GENERAL GOIS EST\u00c1 EM CONVERSA\u00c7\u00d5ES COM ELE PELO TEL\u00c9GRAFO PARA DISSUADI-LO DE SUA ATITUDE. <br \/>\nA NOITE, CONVERSO COM O MINISTRO DA GUERRA E O GENERAL GOIS SOBRE VARIAS MEDIDAS A TOMAR SOBRE S\u00c3O PAULO E PARAN\u00c1. <br \/>\n8 <br \/>\nO GENERAL KLINGER MANTEM A A ATITUDE DE REBELDIA. RECUSA-SE A ATENDER AS RAZ\u00d5ES DO GENERAL GOIS. O GENERAL JOHNSON SEGUIU PARA MATO GROSSO A CONFERENCIAR COM ELE, COM AUTORIZA\u00c7\u00c3ODO GOVERNO. ESTE DECIDE-SE TOMAR MEDIDAS MILITARES PARA REDUZIR O REBELDE. COMBINO MEDIDAS COM O MINISTRO DA GUERRA, O CHEFE DO ESTADO MAIOR, O COMANDANTE DA 1\u00aa REGI\u00c3O, O CHEFE DE POLICIA, OS MINISTROS DA MARINHA E FAZENDA E ALGUNS PR\u00d3CERES REVOLUCIONARIOS. <br \/>\n9 <br \/>\nO MINISTRO DA GUERRA PROPOS A DEMISS\u00c3O E A REFORMA ADMINISTRATIVA DO GENERAL KLINGER QUE IMEDIATAMENTE ACEITA. <br \/>\nO GENERAL KLINGER RENDEU-SE, PASSOU O COMANDO DA CIRCUNSCRI\u00c7\u00c3O. O GENERAL GOIS QUE DESENVOLVEU GRANDE ATIVIDADE NAS MEDIDAS MILITARES E ACOSSELHANDO ELEMENTOS DE S\u00c3O PAULO, EMPENHA-SE PARA QUE O GENERAL KLINGER N\u00c3O SEJA REFORMADO ADMINISTRATIVAMENTE. <br \/>\nPOLITICOS EXALTADOS EM S\u00c3O PAULO QUIZERAM ADERIR AO GENERAL KLINGER. O COMANDANTE DA FOR\u00c7A PUBLICA VACILANTE OU MANCOMUNADO. <br \/>\nNO RIO GRANDE CONSPIRA-SE. TUDO LEVA A CRER QUE SE KLINGER CONSEGUISSE APOIO DE MATO GROSSO E MARCHASSE EM DIRE\u00c7\u00c3O A S\u00c3O PAULO ENCONTRARIA GRANDE APOIO NESTE ESTADO. PARECE QUE A CRISE PASSOU. MIUITO INFLUIU NA DEFINI\u00c7\u00c3O DOS ACONTECIMENTOS A ATITUDE DE LEALDADE E DECIS\u00c3O DE FLORES DA CUNHA. <br \/>\n10 E 11 <br \/>\nIRROMPE O MOVIMENTO REVOLUCION\u00c1RIO EM S\u00c3O PAULO. TODO O TEMPO ABSORVIDO NAS PROVIDENCIAS PARA COMBATE-LO. MOROSIDADES, CONFUS\u00d5ES, ATROPELOS, DEFICIENCIAS DE TODA ORDEM, FELONIA, TRAI\u00c7\u00d5ES, INERCIA. ALGUMAS DEDICA\u00c7\u00d5ES REVOLUCIONARIAS. UM ATO IMPRESSIONANTE A SOLIDARIEDADE DO RIO GRANDE ATRAVES DE FLORES DA CUNHA. A UNANIMIDADE DO NORTE, SOLIDARIEDADE E COLABORA\u00c7\u00c3O DOS DEMAIS ESTADOS. <br \/>\nNOMEA\u00c7\u00c3O DO GENERAL GOIS PARA COMANDANTE DA TROPA EXPEDICIONARIA. STOCK DE CARABINAS DO MATERIAL BELICO: APENAS 4700! OS AVI\u00d5ES DO EXERCITO QUE DEVIAM VOAR N\u00c3O TEM BOMBAS! <br \/>\n12 E 13 <br \/>\nO STOCK N\u00c3O \u00c9 DE 4700, MAS DE 180 MIL. AINDA BEM. <br \/>\nEM MINAS TRAI\u00c7\u00c3O DE BORBA TRAZIDO PRESO. EM S\u00c3O PAULO, TRAI\u00c7\u00c3O DE VASCONCELOS, DE TODO O GOVERNO PAULISTA, INCLUSIVE A VELHA MUMIA QUE EXUMEI DO ESQUECIMENTO, O INTERVENTOR PEDRO DE TOLEDO. <\/p>\n<p>NOTA: O DI\u00c1RIO DE GET\u00daLIO VARGAS PROSSEGUE AT\u00c9 O ANO DE 1942 <\/p>\n<p><\/p>\n","protected":false},"excerpt":{"rendered":"<p>Para n\u00f3s, paulistas, o conhecimento dos fatos hist\u00f3ricos que antecederam o movimento constitucionalista de 32 se limitam praticamente aos acontecimentos de natureza c\u00edvico- militar ocorridos em solo paulista sendo pouco conhecidas as negocia\u00e7\u00f5es de cunho pol\u00edtico que ocorriam diretamente no Catete, sede do Governo Provis\u00f3rio chefiado por Get\u00falio Vargas, no sentido de se levar em [&hellip;]<\/p>\n","protected":false},"author":1,"featured_media":0,"comment_status":"open","ping_status":"open","sticky":false,"template":"","format":"standard","meta":{"footnotes":""},"categories":[92],"tags":[],"class_list":{"0":"post-22485","1":"post","2":"type-post","3":"status-publish","4":"format-standard","6":"category-jose-eduardo-cavalcanti"},"yoast_head":"<!-- This site is optimized with the Yoast SEO plugin v27.2 - https:\/\/yoast.com\/product\/yoast-seo-wordpress\/ -->\n<title>A Revolu\u00e7\u00e3o de 32 segundo Get\u00falio Vargas - Instituto de Engenharia<\/title>\n<meta name=\"robots\" content=\"index, follow, max-snippet:-1, max-image-preview:large, max-video-preview:-1\" \/>\n<link rel=\"canonical\" href=\"https:\/\/www.institutodeengenharia.org.br\/site\/2012\/07\/03\/a-revolucao-de-32-segundo-getulio-vargas\/\" \/>\n<meta property=\"og:locale\" content=\"pt_BR\" \/>\n<meta property=\"og:type\" content=\"article\" \/>\n<meta property=\"og:title\" content=\"A Revolu\u00e7\u00e3o de 32 segundo Get\u00falio Vargas - Instituto de Engenharia\" \/>\n<meta property=\"og:description\" content=\"Para n\u00f3s, paulistas, o conhecimento dos fatos hist\u00f3ricos que antecederam o movimento constitucionalista de 32 se limitam praticamente aos acontecimentos de natureza c\u00edvico- militar ocorridos em solo paulista sendo pouco conhecidas as negocia\u00e7\u00f5es de cunho pol\u00edtico que ocorriam diretamente no Catete, sede do Governo Provis\u00f3rio chefiado por Get\u00falio Vargas, no sentido de se levar em [&hellip;]\" \/>\n<meta property=\"og:url\" content=\"https:\/\/www.institutodeengenharia.org.br\/site\/2012\/07\/03\/a-revolucao-de-32-segundo-getulio-vargas\/\" \/>\n<meta property=\"og:site_name\" content=\"Instituto de Engenharia\" \/>\n<meta property=\"article:publisher\" content=\"https:\/\/www.facebook.com\/institutodeengenharia\" \/>\n<meta property=\"article:published_time\" content=\"2012-07-03T23:39:05+00:00\" \/>\n<meta name=\"author\" content=\"TMax Tecnologia\" \/>\n<meta name=\"twitter:card\" content=\"summary_large_image\" \/>\n<meta name=\"twitter:creator\" content=\"@iengenharia\" \/>\n<meta name=\"twitter:site\" content=\"@iengenharia\" \/>\n<meta name=\"twitter:label1\" content=\"Escrito por\" \/>\n\t<meta name=\"twitter:data1\" content=\"TMax Tecnologia\" \/>\n\t<meta name=\"twitter:label2\" content=\"Est. tempo de leitura\" \/>\n\t<meta name=\"twitter:data2\" content=\"26 minutos\" \/>\n<script type=\"application\/ld+json\" class=\"yoast-schema-graph\">{\"@context\":\"https:\/\/schema.org\",\"@graph\":[{\"@type\":\"Article\",\"@id\":\"https:\/\/www.institutodeengenharia.org.br\/site\/2012\/07\/03\/a-revolucao-de-32-segundo-getulio-vargas\/#article\",\"isPartOf\":{\"@id\":\"https:\/\/www.institutodeengenharia.org.br\/site\/2012\/07\/03\/a-revolucao-de-32-segundo-getulio-vargas\/\"},\"author\":{\"name\":\"TMax Tecnologia\",\"@id\":\"https:\/\/www.institutodeengenharia.org.br\/site\/#\/schema\/person\/3b1ff109facef084739fc2edcb9a127f\"},\"headline\":\"A Revolu\u00e7\u00e3o de 32 segundo Get\u00falio Vargas\",\"datePublished\":\"2012-07-03T23:39:05+00:00\",\"mainEntityOfPage\":{\"@id\":\"https:\/\/www.institutodeengenharia.org.br\/site\/2012\/07\/03\/a-revolucao-de-32-segundo-getulio-vargas\/\"},\"wordCount\":5141,\"commentCount\":0,\"publisher\":{\"@id\":\"https:\/\/www.institutodeengenharia.org.br\/site\/#organization\"},\"articleSection\":[\"Jos\u00e9 Eduardo Cavalcanti\"],\"inLanguage\":\"pt-BR\",\"potentialAction\":[{\"@type\":\"CommentAction\",\"name\":\"Comment\",\"target\":[\"https:\/\/www.institutodeengenharia.org.br\/site\/2012\/07\/03\/a-revolucao-de-32-segundo-getulio-vargas\/#respond\"]}]},{\"@type\":\"WebPage\",\"@id\":\"https:\/\/www.institutodeengenharia.org.br\/site\/2012\/07\/03\/a-revolucao-de-32-segundo-getulio-vargas\/\",\"url\":\"https:\/\/www.institutodeengenharia.org.br\/site\/2012\/07\/03\/a-revolucao-de-32-segundo-getulio-vargas\/\",\"name\":\"A Revolu\u00e7\u00e3o de 32 segundo Get\u00falio Vargas - Instituto de Engenharia\",\"isPartOf\":{\"@id\":\"https:\/\/www.institutodeengenharia.org.br\/site\/#website\"},\"datePublished\":\"2012-07-03T23:39:05+00:00\",\"breadcrumb\":{\"@id\":\"https:\/\/www.institutodeengenharia.org.br\/site\/2012\/07\/03\/a-revolucao-de-32-segundo-getulio-vargas\/#breadcrumb\"},\"inLanguage\":\"pt-BR\",\"potentialAction\":[{\"@type\":\"ReadAction\",\"target\":[\"https:\/\/www.institutodeengenharia.org.br\/site\/2012\/07\/03\/a-revolucao-de-32-segundo-getulio-vargas\/\"]}]},{\"@type\":\"BreadcrumbList\",\"@id\":\"https:\/\/www.institutodeengenharia.org.br\/site\/2012\/07\/03\/a-revolucao-de-32-segundo-getulio-vargas\/#breadcrumb\",\"itemListElement\":[{\"@type\":\"ListItem\",\"position\":1,\"name\":\"In\u00edcio\",\"item\":\"https:\/\/www.institutodeengenharia.org.br\/site\/\"},{\"@type\":\"ListItem\",\"position\":2,\"name\":\"A Revolu\u00e7\u00e3o de 32 segundo Get\u00falio Vargas\"}]},{\"@type\":\"WebSite\",\"@id\":\"https:\/\/www.institutodeengenharia.org.br\/site\/#website\",\"url\":\"https:\/\/www.institutodeengenharia.org.br\/site\/\",\"name\":\"Instituto de Engenharia\",\"description\":\"O Instituto de Engenharia promove a Engenharia em benef\u00edcio do desenvolvimento e da qualidade de vida da sociedade.\",\"publisher\":{\"@id\":\"https:\/\/www.institutodeengenharia.org.br\/site\/#organization\"},\"potentialAction\":[{\"@type\":\"SearchAction\",\"target\":{\"@type\":\"EntryPoint\",\"urlTemplate\":\"https:\/\/www.institutodeengenharia.org.br\/site\/?s={search_term_string}\"},\"query-input\":{\"@type\":\"PropertyValueSpecification\",\"valueRequired\":true,\"valueName\":\"search_term_string\"}}],\"inLanguage\":\"pt-BR\"},{\"@type\":\"Organization\",\"@id\":\"https:\/\/www.institutodeengenharia.org.br\/site\/#organization\",\"name\":\"Instituto de Engenharia\",\"url\":\"https:\/\/www.institutodeengenharia.org.br\/site\/\",\"logo\":{\"@type\":\"ImageObject\",\"inLanguage\":\"pt-BR\",\"@id\":\"https:\/\/www.institutodeengenharia.org.br\/site\/#\/schema\/logo\/image\/\",\"url\":\"https:\/\/www.institutodeengenharia.org.br\/site\/wp-content\/uploads\/2019\/03\/logo-novo-IE2018-1.jpg\",\"contentUrl\":\"https:\/\/www.institutodeengenharia.org.br\/site\/wp-content\/uploads\/2019\/03\/logo-novo-IE2018-1.jpg\",\"width\":1486,\"height\":1879,\"caption\":\"Instituto de Engenharia\"},\"image\":{\"@id\":\"https:\/\/www.institutodeengenharia.org.br\/site\/#\/schema\/logo\/image\/\"},\"sameAs\":[\"https:\/\/www.facebook.com\/institutodeengenharia\",\"https:\/\/x.com\/iengenharia\",\"https:\/\/www.instagram.com\/institutodeengenharia\/\",\"https:\/\/www.linkedin.com\/company\/instituto-de-engenharia\/\",\"https:\/\/www.youtube.com\/channel\/UCXiCAlsSMe977vamW915HxA\"]},{\"@type\":\"Person\",\"@id\":\"https:\/\/www.institutodeengenharia.org.br\/site\/#\/schema\/person\/3b1ff109facef084739fc2edcb9a127f\",\"name\":\"TMax Tecnologia\",\"image\":{\"@type\":\"ImageObject\",\"inLanguage\":\"pt-BR\",\"@id\":\"https:\/\/secure.gravatar.com\/avatar\/f912434ef7f389c92cb311fcdae346af848465d638912574b3c669070f797701?s=96&d=mm&r=g\",\"url\":\"https:\/\/secure.gravatar.com\/avatar\/f912434ef7f389c92cb311fcdae346af848465d638912574b3c669070f797701?s=96&d=mm&r=g\",\"contentUrl\":\"https:\/\/secure.gravatar.com\/avatar\/f912434ef7f389c92cb311fcdae346af848465d638912574b3c669070f797701?s=96&d=mm&r=g\",\"caption\":\"TMax Tecnologia\"},\"url\":\"https:\/\/www.institutodeengenharia.org.br\/site\/author\/tmax\/\"}]}<\/script>\n<!-- \/ Yoast SEO plugin. -->","yoast_head_json":{"title":"A Revolu\u00e7\u00e3o de 32 segundo Get\u00falio Vargas - Instituto de Engenharia","robots":{"index":"index","follow":"follow","max-snippet":"max-snippet:-1","max-image-preview":"max-image-preview:large","max-video-preview":"max-video-preview:-1"},"canonical":"https:\/\/www.institutodeengenharia.org.br\/site\/2012\/07\/03\/a-revolucao-de-32-segundo-getulio-vargas\/","og_locale":"pt_BR","og_type":"article","og_title":"A Revolu\u00e7\u00e3o de 32 segundo Get\u00falio Vargas - Instituto de Engenharia","og_description":"Para n\u00f3s, paulistas, o conhecimento dos fatos hist\u00f3ricos que antecederam o movimento constitucionalista de 32 se limitam praticamente aos acontecimentos de natureza c\u00edvico- militar ocorridos em solo paulista sendo pouco conhecidas as negocia\u00e7\u00f5es de cunho pol\u00edtico que ocorriam diretamente no Catete, sede do Governo Provis\u00f3rio chefiado por Get\u00falio Vargas, no sentido de se levar em [&hellip;]","og_url":"https:\/\/www.institutodeengenharia.org.br\/site\/2012\/07\/03\/a-revolucao-de-32-segundo-getulio-vargas\/","og_site_name":"Instituto de Engenharia","article_publisher":"https:\/\/www.facebook.com\/institutodeengenharia","article_published_time":"2012-07-03T23:39:05+00:00","author":"TMax Tecnologia","twitter_card":"summary_large_image","twitter_creator":"@iengenharia","twitter_site":"@iengenharia","twitter_misc":{"Escrito por":"TMax Tecnologia","Est. tempo de leitura":"26 minutos"},"schema":{"@context":"https:\/\/schema.org","@graph":[{"@type":"Article","@id":"https:\/\/www.institutodeengenharia.org.br\/site\/2012\/07\/03\/a-revolucao-de-32-segundo-getulio-vargas\/#article","isPartOf":{"@id":"https:\/\/www.institutodeengenharia.org.br\/site\/2012\/07\/03\/a-revolucao-de-32-segundo-getulio-vargas\/"},"author":{"name":"TMax Tecnologia","@id":"https:\/\/www.institutodeengenharia.org.br\/site\/#\/schema\/person\/3b1ff109facef084739fc2edcb9a127f"},"headline":"A Revolu\u00e7\u00e3o de 32 segundo Get\u00falio Vargas","datePublished":"2012-07-03T23:39:05+00:00","mainEntityOfPage":{"@id":"https:\/\/www.institutodeengenharia.org.br\/site\/2012\/07\/03\/a-revolucao-de-32-segundo-getulio-vargas\/"},"wordCount":5141,"commentCount":0,"publisher":{"@id":"https:\/\/www.institutodeengenharia.org.br\/site\/#organization"},"articleSection":["Jos\u00e9 Eduardo Cavalcanti"],"inLanguage":"pt-BR","potentialAction":[{"@type":"CommentAction","name":"Comment","target":["https:\/\/www.institutodeengenharia.org.br\/site\/2012\/07\/03\/a-revolucao-de-32-segundo-getulio-vargas\/#respond"]}]},{"@type":"WebPage","@id":"https:\/\/www.institutodeengenharia.org.br\/site\/2012\/07\/03\/a-revolucao-de-32-segundo-getulio-vargas\/","url":"https:\/\/www.institutodeengenharia.org.br\/site\/2012\/07\/03\/a-revolucao-de-32-segundo-getulio-vargas\/","name":"A Revolu\u00e7\u00e3o de 32 segundo Get\u00falio Vargas - Instituto de Engenharia","isPartOf":{"@id":"https:\/\/www.institutodeengenharia.org.br\/site\/#website"},"datePublished":"2012-07-03T23:39:05+00:00","breadcrumb":{"@id":"https:\/\/www.institutodeengenharia.org.br\/site\/2012\/07\/03\/a-revolucao-de-32-segundo-getulio-vargas\/#breadcrumb"},"inLanguage":"pt-BR","potentialAction":[{"@type":"ReadAction","target":["https:\/\/www.institutodeengenharia.org.br\/site\/2012\/07\/03\/a-revolucao-de-32-segundo-getulio-vargas\/"]}]},{"@type":"BreadcrumbList","@id":"https:\/\/www.institutodeengenharia.org.br\/site\/2012\/07\/03\/a-revolucao-de-32-segundo-getulio-vargas\/#breadcrumb","itemListElement":[{"@type":"ListItem","position":1,"name":"In\u00edcio","item":"https:\/\/www.institutodeengenharia.org.br\/site\/"},{"@type":"ListItem","position":2,"name":"A Revolu\u00e7\u00e3o de 32 segundo Get\u00falio Vargas"}]},{"@type":"WebSite","@id":"https:\/\/www.institutodeengenharia.org.br\/site\/#website","url":"https:\/\/www.institutodeengenharia.org.br\/site\/","name":"Instituto de Engenharia","description":"O Instituto de Engenharia promove a Engenharia em benef\u00edcio do desenvolvimento e da qualidade de vida da sociedade.","publisher":{"@id":"https:\/\/www.institutodeengenharia.org.br\/site\/#organization"},"potentialAction":[{"@type":"SearchAction","target":{"@type":"EntryPoint","urlTemplate":"https:\/\/www.institutodeengenharia.org.br\/site\/?s={search_term_string}"},"query-input":{"@type":"PropertyValueSpecification","valueRequired":true,"valueName":"search_term_string"}}],"inLanguage":"pt-BR"},{"@type":"Organization","@id":"https:\/\/www.institutodeengenharia.org.br\/site\/#organization","name":"Instituto de Engenharia","url":"https:\/\/www.institutodeengenharia.org.br\/site\/","logo":{"@type":"ImageObject","inLanguage":"pt-BR","@id":"https:\/\/www.institutodeengenharia.org.br\/site\/#\/schema\/logo\/image\/","url":"https:\/\/www.institutodeengenharia.org.br\/site\/wp-content\/uploads\/2019\/03\/logo-novo-IE2018-1.jpg","contentUrl":"https:\/\/www.institutodeengenharia.org.br\/site\/wp-content\/uploads\/2019\/03\/logo-novo-IE2018-1.jpg","width":1486,"height":1879,"caption":"Instituto de Engenharia"},"image":{"@id":"https:\/\/www.institutodeengenharia.org.br\/site\/#\/schema\/logo\/image\/"},"sameAs":["https:\/\/www.facebook.com\/institutodeengenharia","https:\/\/x.com\/iengenharia","https:\/\/www.instagram.com\/institutodeengenharia\/","https:\/\/www.linkedin.com\/company\/instituto-de-engenharia\/","https:\/\/www.youtube.com\/channel\/UCXiCAlsSMe977vamW915HxA"]},{"@type":"Person","@id":"https:\/\/www.institutodeengenharia.org.br\/site\/#\/schema\/person\/3b1ff109facef084739fc2edcb9a127f","name":"TMax Tecnologia","image":{"@type":"ImageObject","inLanguage":"pt-BR","@id":"https:\/\/secure.gravatar.com\/avatar\/f912434ef7f389c92cb311fcdae346af848465d638912574b3c669070f797701?s=96&d=mm&r=g","url":"https:\/\/secure.gravatar.com\/avatar\/f912434ef7f389c92cb311fcdae346af848465d638912574b3c669070f797701?s=96&d=mm&r=g","contentUrl":"https:\/\/secure.gravatar.com\/avatar\/f912434ef7f389c92cb311fcdae346af848465d638912574b3c669070f797701?s=96&d=mm&r=g","caption":"TMax Tecnologia"},"url":"https:\/\/www.institutodeengenharia.org.br\/site\/author\/tmax\/"}]}},"_links":{"self":[{"href":"https:\/\/www.institutodeengenharia.org.br\/site\/wp-json\/wp\/v2\/posts\/22485","targetHints":{"allow":["GET"]}}],"collection":[{"href":"https:\/\/www.institutodeengenharia.org.br\/site\/wp-json\/wp\/v2\/posts"}],"about":[{"href":"https:\/\/www.institutodeengenharia.org.br\/site\/wp-json\/wp\/v2\/types\/post"}],"author":[{"embeddable":true,"href":"https:\/\/www.institutodeengenharia.org.br\/site\/wp-json\/wp\/v2\/users\/1"}],"replies":[{"embeddable":true,"href":"https:\/\/www.institutodeengenharia.org.br\/site\/wp-json\/wp\/v2\/comments?post=22485"}],"version-history":[{"count":0,"href":"https:\/\/www.institutodeengenharia.org.br\/site\/wp-json\/wp\/v2\/posts\/22485\/revisions"}],"wp:attachment":[{"href":"https:\/\/www.institutodeengenharia.org.br\/site\/wp-json\/wp\/v2\/media?parent=22485"}],"wp:term":[{"taxonomy":"category","embeddable":true,"href":"https:\/\/www.institutodeengenharia.org.br\/site\/wp-json\/wp\/v2\/categories?post=22485"},{"taxonomy":"post_tag","embeddable":true,"href":"https:\/\/www.institutodeengenharia.org.br\/site\/wp-json\/wp\/v2\/tags?post=22485"}],"curies":[{"name":"wp","href":"https:\/\/api.w.org\/{rel}","templated":true}]}}