{"id":20466,"date":"2011-06-10T23:13:44","date_gmt":"2011-06-10T23:13:44","guid":{"rendered":"https:\/\/www.institutodeengenharia.org.br\/?p=20466"},"modified":"2011-06-10T13:35:24","modified_gmt":"2011-06-10T13:35:24","slug":"primeira-usina-eletrica-hibrida-vai-combinar-energia-solar-eolica-e-gas-natural","status":"publish","type":"post","link":"https:\/\/www.institutodeengenharia.org.br\/site\/2011\/06\/10\/primeira-usina-eletrica-hibrida-vai-combinar-energia-solar-eolica-e-gas-natural\/","title":{"rendered":"Primeira usina el\u00e9trica h\u00edbrida vai combinar energia solar, e\u00f3lica e g\u00e1s natural"},"content":{"rendered":"<p>Uma nova usina el\u00e9trica a ser constru\u00edda na Turquia vai combinar uma turbina tradicional a vapor, movida a g\u00e1s natural, com energia t\u00e9rmica solar e e\u00f3lica, de acordo com a GE. \u00c9 um avan\u00e7o para integrar fontes renov\u00e1veis de energia na rede el\u00e9trica tradicional, usando vapor e espelhos. <\/p>\n<p>O componente solar \u00e9 um campo de espelhos que seguem o Sol, e que concentram a luz solar em uma torre para produzir vapor, que ser\u00e1 alimentado \u00e0 turbina de vapor para aumentar a produ\u00e7\u00e3o de enrgia da usina el\u00e9trica. <\/p>\n<p>A usina vai produzir 522 megawatts no total, 450 dos quais vindo da usina de g\u00e1s natural, ent\u00e3o ela n\u00e3o \u00e9 exatamente verde. Mas a vantagem real pode estar na facilidade em acrescentar o vento e o sol \u00e0 rede el\u00e9trica. Em vez de placas solares isoladas, ou parques e\u00f3licos gigantescos e distantes, as fontes renov\u00e1veis est\u00e3o sendo adicionadas a uma usina el\u00e9trica tradicional. Os sistemas diferentes podem compartilhar de um mesmo centro de controle, assim como de conex\u00f5es \u00e0 rede el\u00e9trica, o que pode tornar mais barato e mais f\u00e1cil integr\u00e1-los \u00e0 rede. A GE diz que consegue reduzir o custo de um sistema t\u00e9rmico solar pela metade, de acordo com o Technology Review. <\/p>\n<p>O componente do g\u00e1s natural tamb\u00e9m reduz os problemas de variabilidade inerentes na energia e\u00f3lica. Quando n\u00e3o houver vento, o g\u00e1s natural vai gerar vapor para girar as turbinas. <\/p>\n<p>A tecnologia t\u00e9rmica solar vem de uma empresa pequena chamada eSolar, que usa milhares de pequenos espelhos pr\u00e9-fabricados, chamados heliostatos, para refletir a luz do Sol para um repector, que usa o calor para gerar vapor. Algoritmos monitoram e concentram os raios do Sol, de acordo com um comunicado \u00e0 imprensa da GE. <\/p>\n<p>A turbina de g\u00e1s tem um design novo, revelado pela GE no m\u00eas passado, e a empresa diz que a usina ser\u00e1 69% eficiente, mais que o dobro da efici\u00eancia de outras usinas a g\u00e1s natural. A tecnologia foi criada para pa\u00edses que usam eletricidade a 50Hz, segundo o Technology Review \u2013 o Brasil usa 60Hz, ent\u00e3o n\u00e3o est\u00e1 claro se esta tecnologia funcionaria por aqui. <\/p>\n<p>A GE deve come\u00e7ar as obras ainda este ano, e a usina deve come\u00e7ar a operar em 2015, segundo a empresa <\/p>\n<p><b>Autor: GizModo<\/b><\/p>\n","protected":false},"excerpt":{"rendered":"<p>Uma nova usina el\u00e9trica a ser constru\u00edda na Turquia vai combinar uma turbina tradicional a vapor, movida a g\u00e1s natural, com energia t\u00e9rmica solar e e\u00f3lica, de acordo com a GE. \u00c9 um avan\u00e7o para integrar fontes renov\u00e1veis de energia na rede el\u00e9trica tradicional, usando vapor e espelhos. O componente solar \u00e9 um campo de [&hellip;]<\/p>\n","protected":false},"author":1,"featured_media":20467,"comment_status":"open","ping_status":"open","sticky":false,"template":"","format":"standard","meta":{"footnotes":""},"categories":[24,6],"tags":[],"class_list":{"0":"post-20466","1":"post","2":"type-post","3":"status-publish","4":"format-standard","5":"has-post-thumbnail","7":"category-energia","8":"category-noticias"},"yoast_head":"<!-- This site is optimized with the Yoast SEO plugin v27.2 - https:\/\/yoast.com\/product\/yoast-seo-wordpress\/ -->\n<title>Primeira usina el\u00e9trica h\u00edbrida vai combinar energia solar, e\u00f3lica e g\u00e1s natural - Instituto de Engenharia<\/title>\n<meta name=\"robots\" content=\"index, follow, max-snippet:-1, max-image-preview:large, max-video-preview:-1\" \/>\n<link rel=\"canonical\" href=\"https:\/\/www.institutodeengenharia.org.br\/site\/2011\/06\/10\/primeira-usina-eletrica-hibrida-vai-combinar-energia-solar-eolica-e-gas-natural\/\" \/>\n<meta property=\"og:locale\" content=\"pt_BR\" \/>\n<meta property=\"og:type\" content=\"article\" \/>\n<meta property=\"og:title\" content=\"Primeira usina el\u00e9trica h\u00edbrida vai combinar energia solar, e\u00f3lica e g\u00e1s natural - Instituto de Engenharia\" \/>\n<meta property=\"og:description\" content=\"Uma nova usina el\u00e9trica a ser constru\u00edda na Turquia vai combinar uma turbina tradicional a vapor, movida a g\u00e1s natural, com energia t\u00e9rmica solar e e\u00f3lica, de acordo com a GE. \u00c9 um avan\u00e7o para integrar fontes renov\u00e1veis de energia na rede el\u00e9trica tradicional, usando vapor e espelhos. O componente solar \u00e9 um campo de [&hellip;]\" \/>\n<meta property=\"og:url\" content=\"https:\/\/www.institutodeengenharia.org.br\/site\/2011\/06\/10\/primeira-usina-eletrica-hibrida-vai-combinar-energia-solar-eolica-e-gas-natural\/\" \/>\n<meta property=\"og:site_name\" content=\"Instituto de Engenharia\" \/>\n<meta property=\"article:publisher\" content=\"https:\/\/www.facebook.com\/institutodeengenharia\" \/>\n<meta property=\"article:published_time\" content=\"2011-06-10T23:13:44+00:00\" \/>\n<meta property=\"og:image\" content=\"https:\/\/www.institutodeengenharia.org.br\/site\/wp-content\/uploads\/2017\/10\/hibrida.jpg\" \/>\n\t<meta property=\"og:image:width\" content=\"640\" \/>\n\t<meta property=\"og:image:height\" content=\"360\" \/>\n\t<meta property=\"og:image:type\" content=\"image\/jpeg\" \/>\n<meta name=\"author\" content=\"TMax Tecnologia\" \/>\n<meta name=\"twitter:card\" content=\"summary_large_image\" \/>\n<meta name=\"twitter:creator\" content=\"@iengenharia\" \/>\n<meta name=\"twitter:site\" content=\"@iengenharia\" \/>\n<meta name=\"twitter:label1\" content=\"Escrito por\" \/>\n\t<meta name=\"twitter:data1\" content=\"TMax Tecnologia\" \/>\n\t<meta name=\"twitter:label2\" content=\"Est. tempo de leitura\" \/>\n\t<meta name=\"twitter:data2\" content=\"2 minutos\" \/>\n<script type=\"application\/ld+json\" class=\"yoast-schema-graph\">{\"@context\":\"https:\/\/schema.org\",\"@graph\":[{\"@type\":\"Article\",\"@id\":\"https:\/\/www.institutodeengenharia.org.br\/site\/2011\/06\/10\/primeira-usina-eletrica-hibrida-vai-combinar-energia-solar-eolica-e-gas-natural\/#article\",\"isPartOf\":{\"@id\":\"https:\/\/www.institutodeengenharia.org.br\/site\/2011\/06\/10\/primeira-usina-eletrica-hibrida-vai-combinar-energia-solar-eolica-e-gas-natural\/\"},\"author\":{\"name\":\"TMax Tecnologia\",\"@id\":\"https:\/\/www.institutodeengenharia.org.br\/site\/#\/schema\/person\/3b1ff109facef084739fc2edcb9a127f\"},\"headline\":\"Primeira usina el\u00e9trica h\u00edbrida vai combinar energia solar, e\u00f3lica e g\u00e1s natural\",\"datePublished\":\"2011-06-10T23:13:44+00:00\",\"mainEntityOfPage\":{\"@id\":\"https:\/\/www.institutodeengenharia.org.br\/site\/2011\/06\/10\/primeira-usina-eletrica-hibrida-vai-combinar-energia-solar-eolica-e-gas-natural\/\"},\"wordCount\":416,\"commentCount\":0,\"publisher\":{\"@id\":\"https:\/\/www.institutodeengenharia.org.br\/site\/#organization\"},\"image\":{\"@id\":\"https:\/\/www.institutodeengenharia.org.br\/site\/2011\/06\/10\/primeira-usina-eletrica-hibrida-vai-combinar-energia-solar-eolica-e-gas-natural\/#primaryimage\"},\"thumbnailUrl\":\"https:\/\/www.institutodeengenharia.org.br\/site\/wp-content\/uploads\/2017\/10\/hibrida.jpg\",\"articleSection\":[\"Energia\",\"Not\u00edcias\"],\"inLanguage\":\"pt-BR\",\"potentialAction\":[{\"@type\":\"CommentAction\",\"name\":\"Comment\",\"target\":[\"https:\/\/www.institutodeengenharia.org.br\/site\/2011\/06\/10\/primeira-usina-eletrica-hibrida-vai-combinar-energia-solar-eolica-e-gas-natural\/#respond\"]}]},{\"@type\":\"WebPage\",\"@id\":\"https:\/\/www.institutodeengenharia.org.br\/site\/2011\/06\/10\/primeira-usina-eletrica-hibrida-vai-combinar-energia-solar-eolica-e-gas-natural\/\",\"url\":\"https:\/\/www.institutodeengenharia.org.br\/site\/2011\/06\/10\/primeira-usina-eletrica-hibrida-vai-combinar-energia-solar-eolica-e-gas-natural\/\",\"name\":\"Primeira usina el\u00e9trica h\u00edbrida vai combinar energia solar, e\u00f3lica e g\u00e1s natural - Instituto de Engenharia\",\"isPartOf\":{\"@id\":\"https:\/\/www.institutodeengenharia.org.br\/site\/#website\"},\"primaryImageOfPage\":{\"@id\":\"https:\/\/www.institutodeengenharia.org.br\/site\/2011\/06\/10\/primeira-usina-eletrica-hibrida-vai-combinar-energia-solar-eolica-e-gas-natural\/#primaryimage\"},\"image\":{\"@id\":\"https:\/\/www.institutodeengenharia.org.br\/site\/2011\/06\/10\/primeira-usina-eletrica-hibrida-vai-combinar-energia-solar-eolica-e-gas-natural\/#primaryimage\"},\"thumbnailUrl\":\"https:\/\/www.institutodeengenharia.org.br\/site\/wp-content\/uploads\/2017\/10\/hibrida.jpg\",\"datePublished\":\"2011-06-10T23:13:44+00:00\",\"breadcrumb\":{\"@id\":\"https:\/\/www.institutodeengenharia.org.br\/site\/2011\/06\/10\/primeira-usina-eletrica-hibrida-vai-combinar-energia-solar-eolica-e-gas-natural\/#breadcrumb\"},\"inLanguage\":\"pt-BR\",\"potentialAction\":[{\"@type\":\"ReadAction\",\"target\":[\"https:\/\/www.institutodeengenharia.org.br\/site\/2011\/06\/10\/primeira-usina-eletrica-hibrida-vai-combinar-energia-solar-eolica-e-gas-natural\/\"]}]},{\"@type\":\"ImageObject\",\"inLanguage\":\"pt-BR\",\"@id\":\"https:\/\/www.institutodeengenharia.org.br\/site\/2011\/06\/10\/primeira-usina-eletrica-hibrida-vai-combinar-energia-solar-eolica-e-gas-natural\/#primaryimage\",\"url\":\"https:\/\/www.institutodeengenharia.org.br\/site\/wp-content\/uploads\/2017\/10\/hibrida.jpg\",\"contentUrl\":\"https:\/\/www.institutodeengenharia.org.br\/site\/wp-content\/uploads\/2017\/10\/hibrida.jpg\",\"width\":640,\"height\":360},{\"@type\":\"BreadcrumbList\",\"@id\":\"https:\/\/www.institutodeengenharia.org.br\/site\/2011\/06\/10\/primeira-usina-eletrica-hibrida-vai-combinar-energia-solar-eolica-e-gas-natural\/#breadcrumb\",\"itemListElement\":[{\"@type\":\"ListItem\",\"position\":1,\"name\":\"In\u00edcio\",\"item\":\"https:\/\/www.institutodeengenharia.org.br\/site\/\"},{\"@type\":\"ListItem\",\"position\":2,\"name\":\"Primeira usina el\u00e9trica h\u00edbrida vai combinar energia solar, e\u00f3lica e g\u00e1s natural\"}]},{\"@type\":\"WebSite\",\"@id\":\"https:\/\/www.institutodeengenharia.org.br\/site\/#website\",\"url\":\"https:\/\/www.institutodeengenharia.org.br\/site\/\",\"name\":\"Instituto de Engenharia\",\"description\":\"O Instituto de Engenharia promove a Engenharia em benef\u00edcio do desenvolvimento e da qualidade de vida da sociedade.\",\"publisher\":{\"@id\":\"https:\/\/www.institutodeengenharia.org.br\/site\/#organization\"},\"potentialAction\":[{\"@type\":\"SearchAction\",\"target\":{\"@type\":\"EntryPoint\",\"urlTemplate\":\"https:\/\/www.institutodeengenharia.org.br\/site\/?s={search_term_string}\"},\"query-input\":{\"@type\":\"PropertyValueSpecification\",\"valueRequired\":true,\"valueName\":\"search_term_string\"}}],\"inLanguage\":\"pt-BR\"},{\"@type\":\"Organization\",\"@id\":\"https:\/\/www.institutodeengenharia.org.br\/site\/#organization\",\"name\":\"Instituto de Engenharia\",\"url\":\"https:\/\/www.institutodeengenharia.org.br\/site\/\",\"logo\":{\"@type\":\"ImageObject\",\"inLanguage\":\"pt-BR\",\"@id\":\"https:\/\/www.institutodeengenharia.org.br\/site\/#\/schema\/logo\/image\/\",\"url\":\"https:\/\/www.institutodeengenharia.org.br\/site\/wp-content\/uploads\/2019\/03\/logo-novo-IE2018-1.jpg\",\"contentUrl\":\"https:\/\/www.institutodeengenharia.org.br\/site\/wp-content\/uploads\/2019\/03\/logo-novo-IE2018-1.jpg\",\"width\":1486,\"height\":1879,\"caption\":\"Instituto de Engenharia\"},\"image\":{\"@id\":\"https:\/\/www.institutodeengenharia.org.br\/site\/#\/schema\/logo\/image\/\"},\"sameAs\":[\"https:\/\/www.facebook.com\/institutodeengenharia\",\"https:\/\/x.com\/iengenharia\",\"https:\/\/www.instagram.com\/institutodeengenharia\/\",\"https:\/\/www.linkedin.com\/company\/instituto-de-engenharia\/\",\"https:\/\/www.youtube.com\/channel\/UCXiCAlsSMe977vamW915HxA\"]},{\"@type\":\"Person\",\"@id\":\"https:\/\/www.institutodeengenharia.org.br\/site\/#\/schema\/person\/3b1ff109facef084739fc2edcb9a127f\",\"name\":\"TMax Tecnologia\",\"image\":{\"@type\":\"ImageObject\",\"inLanguage\":\"pt-BR\",\"@id\":\"https:\/\/secure.gravatar.com\/avatar\/f912434ef7f389c92cb311fcdae346af848465d638912574b3c669070f797701?s=96&d=mm&r=g\",\"url\":\"https:\/\/secure.gravatar.com\/avatar\/f912434ef7f389c92cb311fcdae346af848465d638912574b3c669070f797701?s=96&d=mm&r=g\",\"contentUrl\":\"https:\/\/secure.gravatar.com\/avatar\/f912434ef7f389c92cb311fcdae346af848465d638912574b3c669070f797701?s=96&d=mm&r=g\",\"caption\":\"TMax Tecnologia\"},\"url\":\"https:\/\/www.institutodeengenharia.org.br\/site\/author\/tmax\/\"}]}<\/script>\n<!-- \/ Yoast SEO plugin. -->","yoast_head_json":{"title":"Primeira usina el\u00e9trica h\u00edbrida vai combinar energia solar, e\u00f3lica e g\u00e1s natural - Instituto de Engenharia","robots":{"index":"index","follow":"follow","max-snippet":"max-snippet:-1","max-image-preview":"max-image-preview:large","max-video-preview":"max-video-preview:-1"},"canonical":"https:\/\/www.institutodeengenharia.org.br\/site\/2011\/06\/10\/primeira-usina-eletrica-hibrida-vai-combinar-energia-solar-eolica-e-gas-natural\/","og_locale":"pt_BR","og_type":"article","og_title":"Primeira usina el\u00e9trica h\u00edbrida vai combinar energia solar, e\u00f3lica e g\u00e1s natural - Instituto de Engenharia","og_description":"Uma nova usina el\u00e9trica a ser constru\u00edda na Turquia vai combinar uma turbina tradicional a vapor, movida a g\u00e1s natural, com energia t\u00e9rmica solar e e\u00f3lica, de acordo com a GE. \u00c9 um avan\u00e7o para integrar fontes renov\u00e1veis de energia na rede el\u00e9trica tradicional, usando vapor e espelhos. O componente solar \u00e9 um campo de [&hellip;]","og_url":"https:\/\/www.institutodeengenharia.org.br\/site\/2011\/06\/10\/primeira-usina-eletrica-hibrida-vai-combinar-energia-solar-eolica-e-gas-natural\/","og_site_name":"Instituto de Engenharia","article_publisher":"https:\/\/www.facebook.com\/institutodeengenharia","article_published_time":"2011-06-10T23:13:44+00:00","og_image":[{"width":640,"height":360,"url":"https:\/\/www.institutodeengenharia.org.br\/site\/wp-content\/uploads\/2017\/10\/hibrida.jpg","type":"image\/jpeg"}],"author":"TMax Tecnologia","twitter_card":"summary_large_image","twitter_creator":"@iengenharia","twitter_site":"@iengenharia","twitter_misc":{"Escrito por":"TMax Tecnologia","Est. tempo de leitura":"2 minutos"},"schema":{"@context":"https:\/\/schema.org","@graph":[{"@type":"Article","@id":"https:\/\/www.institutodeengenharia.org.br\/site\/2011\/06\/10\/primeira-usina-eletrica-hibrida-vai-combinar-energia-solar-eolica-e-gas-natural\/#article","isPartOf":{"@id":"https:\/\/www.institutodeengenharia.org.br\/site\/2011\/06\/10\/primeira-usina-eletrica-hibrida-vai-combinar-energia-solar-eolica-e-gas-natural\/"},"author":{"name":"TMax Tecnologia","@id":"https:\/\/www.institutodeengenharia.org.br\/site\/#\/schema\/person\/3b1ff109facef084739fc2edcb9a127f"},"headline":"Primeira usina el\u00e9trica h\u00edbrida vai combinar energia solar, e\u00f3lica e g\u00e1s natural","datePublished":"2011-06-10T23:13:44+00:00","mainEntityOfPage":{"@id":"https:\/\/www.institutodeengenharia.org.br\/site\/2011\/06\/10\/primeira-usina-eletrica-hibrida-vai-combinar-energia-solar-eolica-e-gas-natural\/"},"wordCount":416,"commentCount":0,"publisher":{"@id":"https:\/\/www.institutodeengenharia.org.br\/site\/#organization"},"image":{"@id":"https:\/\/www.institutodeengenharia.org.br\/site\/2011\/06\/10\/primeira-usina-eletrica-hibrida-vai-combinar-energia-solar-eolica-e-gas-natural\/#primaryimage"},"thumbnailUrl":"https:\/\/www.institutodeengenharia.org.br\/site\/wp-content\/uploads\/2017\/10\/hibrida.jpg","articleSection":["Energia","Not\u00edcias"],"inLanguage":"pt-BR","potentialAction":[{"@type":"CommentAction","name":"Comment","target":["https:\/\/www.institutodeengenharia.org.br\/site\/2011\/06\/10\/primeira-usina-eletrica-hibrida-vai-combinar-energia-solar-eolica-e-gas-natural\/#respond"]}]},{"@type":"WebPage","@id":"https:\/\/www.institutodeengenharia.org.br\/site\/2011\/06\/10\/primeira-usina-eletrica-hibrida-vai-combinar-energia-solar-eolica-e-gas-natural\/","url":"https:\/\/www.institutodeengenharia.org.br\/site\/2011\/06\/10\/primeira-usina-eletrica-hibrida-vai-combinar-energia-solar-eolica-e-gas-natural\/","name":"Primeira usina el\u00e9trica h\u00edbrida vai combinar energia solar, e\u00f3lica e g\u00e1s natural - Instituto de Engenharia","isPartOf":{"@id":"https:\/\/www.institutodeengenharia.org.br\/site\/#website"},"primaryImageOfPage":{"@id":"https:\/\/www.institutodeengenharia.org.br\/site\/2011\/06\/10\/primeira-usina-eletrica-hibrida-vai-combinar-energia-solar-eolica-e-gas-natural\/#primaryimage"},"image":{"@id":"https:\/\/www.institutodeengenharia.org.br\/site\/2011\/06\/10\/primeira-usina-eletrica-hibrida-vai-combinar-energia-solar-eolica-e-gas-natural\/#primaryimage"},"thumbnailUrl":"https:\/\/www.institutodeengenharia.org.br\/site\/wp-content\/uploads\/2017\/10\/hibrida.jpg","datePublished":"2011-06-10T23:13:44+00:00","breadcrumb":{"@id":"https:\/\/www.institutodeengenharia.org.br\/site\/2011\/06\/10\/primeira-usina-eletrica-hibrida-vai-combinar-energia-solar-eolica-e-gas-natural\/#breadcrumb"},"inLanguage":"pt-BR","potentialAction":[{"@type":"ReadAction","target":["https:\/\/www.institutodeengenharia.org.br\/site\/2011\/06\/10\/primeira-usina-eletrica-hibrida-vai-combinar-energia-solar-eolica-e-gas-natural\/"]}]},{"@type":"ImageObject","inLanguage":"pt-BR","@id":"https:\/\/www.institutodeengenharia.org.br\/site\/2011\/06\/10\/primeira-usina-eletrica-hibrida-vai-combinar-energia-solar-eolica-e-gas-natural\/#primaryimage","url":"https:\/\/www.institutodeengenharia.org.br\/site\/wp-content\/uploads\/2017\/10\/hibrida.jpg","contentUrl":"https:\/\/www.institutodeengenharia.org.br\/site\/wp-content\/uploads\/2017\/10\/hibrida.jpg","width":640,"height":360},{"@type":"BreadcrumbList","@id":"https:\/\/www.institutodeengenharia.org.br\/site\/2011\/06\/10\/primeira-usina-eletrica-hibrida-vai-combinar-energia-solar-eolica-e-gas-natural\/#breadcrumb","itemListElement":[{"@type":"ListItem","position":1,"name":"In\u00edcio","item":"https:\/\/www.institutodeengenharia.org.br\/site\/"},{"@type":"ListItem","position":2,"name":"Primeira usina el\u00e9trica h\u00edbrida vai combinar energia solar, e\u00f3lica e g\u00e1s natural"}]},{"@type":"WebSite","@id":"https:\/\/www.institutodeengenharia.org.br\/site\/#website","url":"https:\/\/www.institutodeengenharia.org.br\/site\/","name":"Instituto de Engenharia","description":"O Instituto de Engenharia promove a Engenharia em benef\u00edcio do desenvolvimento e da qualidade de vida da sociedade.","publisher":{"@id":"https:\/\/www.institutodeengenharia.org.br\/site\/#organization"},"potentialAction":[{"@type":"SearchAction","target":{"@type":"EntryPoint","urlTemplate":"https:\/\/www.institutodeengenharia.org.br\/site\/?s={search_term_string}"},"query-input":{"@type":"PropertyValueSpecification","valueRequired":true,"valueName":"search_term_string"}}],"inLanguage":"pt-BR"},{"@type":"Organization","@id":"https:\/\/www.institutodeengenharia.org.br\/site\/#organization","name":"Instituto de Engenharia","url":"https:\/\/www.institutodeengenharia.org.br\/site\/","logo":{"@type":"ImageObject","inLanguage":"pt-BR","@id":"https:\/\/www.institutodeengenharia.org.br\/site\/#\/schema\/logo\/image\/","url":"https:\/\/www.institutodeengenharia.org.br\/site\/wp-content\/uploads\/2019\/03\/logo-novo-IE2018-1.jpg","contentUrl":"https:\/\/www.institutodeengenharia.org.br\/site\/wp-content\/uploads\/2019\/03\/logo-novo-IE2018-1.jpg","width":1486,"height":1879,"caption":"Instituto de Engenharia"},"image":{"@id":"https:\/\/www.institutodeengenharia.org.br\/site\/#\/schema\/logo\/image\/"},"sameAs":["https:\/\/www.facebook.com\/institutodeengenharia","https:\/\/x.com\/iengenharia","https:\/\/www.instagram.com\/institutodeengenharia\/","https:\/\/www.linkedin.com\/company\/instituto-de-engenharia\/","https:\/\/www.youtube.com\/channel\/UCXiCAlsSMe977vamW915HxA"]},{"@type":"Person","@id":"https:\/\/www.institutodeengenharia.org.br\/site\/#\/schema\/person\/3b1ff109facef084739fc2edcb9a127f","name":"TMax Tecnologia","image":{"@type":"ImageObject","inLanguage":"pt-BR","@id":"https:\/\/secure.gravatar.com\/avatar\/f912434ef7f389c92cb311fcdae346af848465d638912574b3c669070f797701?s=96&d=mm&r=g","url":"https:\/\/secure.gravatar.com\/avatar\/f912434ef7f389c92cb311fcdae346af848465d638912574b3c669070f797701?s=96&d=mm&r=g","contentUrl":"https:\/\/secure.gravatar.com\/avatar\/f912434ef7f389c92cb311fcdae346af848465d638912574b3c669070f797701?s=96&d=mm&r=g","caption":"TMax Tecnologia"},"url":"https:\/\/www.institutodeengenharia.org.br\/site\/author\/tmax\/"}]}},"_links":{"self":[{"href":"https:\/\/www.institutodeengenharia.org.br\/site\/wp-json\/wp\/v2\/posts\/20466","targetHints":{"allow":["GET"]}}],"collection":[{"href":"https:\/\/www.institutodeengenharia.org.br\/site\/wp-json\/wp\/v2\/posts"}],"about":[{"href":"https:\/\/www.institutodeengenharia.org.br\/site\/wp-json\/wp\/v2\/types\/post"}],"author":[{"embeddable":true,"href":"https:\/\/www.institutodeengenharia.org.br\/site\/wp-json\/wp\/v2\/users\/1"}],"replies":[{"embeddable":true,"href":"https:\/\/www.institutodeengenharia.org.br\/site\/wp-json\/wp\/v2\/comments?post=20466"}],"version-history":[{"count":0,"href":"https:\/\/www.institutodeengenharia.org.br\/site\/wp-json\/wp\/v2\/posts\/20466\/revisions"}],"wp:featuredmedia":[{"embeddable":true,"href":"https:\/\/www.institutodeengenharia.org.br\/site\/wp-json\/wp\/v2\/media\/20467"}],"wp:attachment":[{"href":"https:\/\/www.institutodeengenharia.org.br\/site\/wp-json\/wp\/v2\/media?parent=20466"}],"wp:term":[{"taxonomy":"category","embeddable":true,"href":"https:\/\/www.institutodeengenharia.org.br\/site\/wp-json\/wp\/v2\/categories?post=20466"},{"taxonomy":"post_tag","embeddable":true,"href":"https:\/\/www.institutodeengenharia.org.br\/site\/wp-json\/wp\/v2\/tags?post=20466"}],"curies":[{"name":"wp","href":"https:\/\/api.w.org\/{rel}","templated":true}]}}