{"id":19690,"date":"2010-12-20T23:03:45","date_gmt":"2010-12-20T23:03:45","guid":{"rendered":"https:\/\/www.institutodeengenharia.org.br\/?p=19690"},"modified":"2010-12-20T15:05:26","modified_gmt":"2010-12-20T15:05:26","slug":"a-pista-de-testes-nas-alturas-da-fiat","status":"publish","type":"post","link":"https:\/\/www.institutodeengenharia.org.br\/site\/2010\/12\/20\/a-pista-de-testes-nas-alturas-da-fiat\/","title":{"rendered":"A pista de testes nas alturas da Fiat"},"content":{"rendered":"<p>A f\u00e1brica da Fiat em Lingotto foi inaugurada em 1923. Diferente de qualquer f\u00e1brica atual de autom\u00f3veis, ela possu\u00eda uma linha de montagem ascendente, al\u00e9m de uma pista de testes no teto. Vamos dar uma olhada melhor? <\/p>\n<p>Ao final da Primeira Guerra Mundial, a Fiat retornou \u00e0 fabrica\u00e7\u00e3o de autom\u00f3veis, detendo 80% do mercado interno. Fora uma breve revolta comunista entre os funcion\u00e1rios no ano de 1921, as coisas iam bem e a empresa estava pronta para crescer. A f\u00e1brica que voc\u00ea v\u00ea aqui, em Lingotto na cidade de Turim, \u00e9 o resultado deste crescimento.\u00a0<\/p>\n<p><img loading=\"lazy\" decoding=\"async\" alt=\"\" width=\"500\" height=\"333\" src=\"\/site\/userfiles\/fiat_2.jpg\" \/><\/p>\n<p>A constru\u00e7\u00e3o da f\u00e1brica de Lingotto come\u00e7ou ainda durante a Primeira Guerra, no ano de 1916. Sete anos depois, em 1923, Lingotto estava completa e pronta para funcionar. Era a maior f\u00e1brica de autom\u00f3veis na Europa e a segunda maior do mundo. Na \u00e9poca de sua inaugura\u00e7\u00e3o, logo se tornou um s\u00edmbolo da ind\u00fastria italiana. Apenas o gigantesco complexo da Ford no rio Rouge tinha um tamanho compar\u00e1vel.<\/p>\n<p><img loading=\"lazy\" decoding=\"async\" alt=\"\" width=\"500\" height=\"562\" src=\"\/site\/userfiles\/fiat_3.jpg\" \/><\/p>\n<p>Projetado pelo engenheiro Giacomo Matt\u00e8-Trucco, a f\u00e1brica de Lingotto foi um dos primeiros pr\u00e9dios de seu tamanho constru\u00eddo com concreto refor\u00e7ado. O edif\u00edcio de cinco andares tinha uma pista de testes simples em seu teto com duas curvas inclinadas e que ocupava um espa\u00e7o de 494 por 85 metros. As curvas da pista foram constru\u00eddas com uma complexa s\u00e9rie de estruturas de concreto, uma t\u00e9cnica que n\u00e3o havia sido utilizada anteriormente, muito menos em uma pista a seis andares de altura.<\/p>\n<p><img loading=\"lazy\" decoding=\"async\" alt=\"\" width=\"500\" height=\"318\" src=\"\/site\/userfiles\/fiat_4.jpg\" \/><\/p>\n<p>\nA pista no topo da f\u00e1brica n\u00e3o foi algo acrescentado por acaso ou por mera curiosidade, mas se tratava de uma parte integral no processo de fabrica\u00e7\u00e3o. A f\u00e1brica de Lingotto tinha uma linha de produ\u00e7\u00e3o em espiral. Cada Fiat montado subia aos poucos pelos andares. Cada andar foi projetado para se especializar em uma parte da montagem. O que come\u00e7ava no andar inferior como um punhado de materiais e pe\u00e7as se tornava um autom\u00f3vel ao chegar ao topo do pr\u00e9dio.<\/p>\n<p><img loading=\"lazy\" decoding=\"async\" alt=\"\" width=\"500\" height=\"375\" src=\"\/site\/userfiles\/fiat_5.jpg\" \/><\/p>\n<p>Quando um Fiat terminava seu percurso pelos 1.500.000 m\u00b2 de Lingotto, saia do pr\u00e9dio pelo teto. Cada Fiat percorria ent\u00e3o a pista para garantir que o pessoal nos pisos inferiores fez seu trabalho. Assim que aprovado, o carro descia para o t\u00e9rreo por uma das duas rampas espirais que saem da pista.<\/p>\n<p><img loading=\"lazy\" decoding=\"async\" alt=\"\" width=\"479\" height=\"205\" src=\"\/site\/userfiles\/fiat_6.jpg\" \/><\/p>\n<p>A pista de testes se tornou t\u00e3o famosa quanto a f\u00e1brica abaixo dela. Era certamente \u00fanica em seu tipo e francamente, quem mais pode se gabar de ter uma pista de testes em seu teto? Lingotto apareceu rapidamente no filme Um Golpe \u00e0 Italiana (The Italian Job). Durante a famosa cena de fuga, os Minis vermelho, branco e azul ficam lado a lado em uma das curvas, com o policial em sua cola. Nas milhares de vezes que assisti a cena nunca imaginei que a pista realmente estivesse no teto de alguma coisa.<\/p>\n<p><img loading=\"lazy\" decoding=\"async\" alt=\"\" width=\"500\" height=\"375\" src=\"\/site\/userfiles\/fiat_7.jpg\" \/><\/p>\n<p>Se voc\u00ea tem um Fiat importado produzido entre 1923 e a d\u00e9cada de 1970 \u2013 caso deste Seicento \u2013 \u00e9 prov\u00e1vel que seus primeiros quil\u00f4metros foram percorridos na pista de Lingotto. A f\u00e1brica foi respons\u00e1vel por boa parte da produ\u00e7\u00e3o da Fiat desde sua inaugura\u00e7\u00e3o at\u00e9 a d\u00e9cada de 1970, quando suas linhas de montagem j\u00e1 estavam defasadas em rela\u00e7\u00e3o \u00e0s novas t\u00e9cnicas de fabrica\u00e7\u00e3o. A f\u00e1brica fechou oficialmente em 1982, quando um Lancia Delta deixou a linha de produ\u00e7\u00e3o. <\/p>\n<p>O que geralmente se imagina depois do fechamento de uma f\u00e1brica s\u00e3o fotos mostrando sua decad\u00eancia. 28 anos ap\u00f3s seu fechamento, voc\u00ea at\u00e9 pode imaginar que o pr\u00e9dio foi abandonado. Mas esta \u00e9 uma das poucas exce\u00e7\u00f5es. Alguns anos ap\u00f3s o fechamento da f\u00e1brica, o pr\u00e9dio foi reprojetado como um gigantesco espa\u00e7o p\u00fablico. Seus andares s\u00e3o ocupados agora por um shopping Center, um teatro, um centro de conven\u00e7\u00f5es e um hotel.\u00a0<\/p>\n<p>At\u00e9 mesmo a pista no teto permanece intacta, e \u00e9 utilizada principalmente como local para reuni\u00e3o de empresas, clubes de autom\u00f3veis, al\u00e9m de atra\u00e7\u00e3o tur\u00edstica. Ainda que seja triste saber que os dias de testes no teto j\u00e1 passaram (at\u00e9 mesmo track days n\u00e3o s\u00e3o mais permitidos), \u00e9 bom saber que tanto a pista quanto o pr\u00e9dio de Lingotto s\u00e3o aproveitados e bem cuidados, da maneira como merece uma estrutura t\u00e3o importante e incr\u00edvel.<\/p>\n<p><embed height=\"390\" type=\"application\/x-shockwave-flash\" width=\"640\" src=\"http:\/\/www.youtube.com\/v\/adscUe0wK6U&#038;hl=pt_BR&#038;feature=player_embedded&#038;version=3\" allowscriptaccess=\"always\" allowfullscreen=\"true\"><\/embed><\/p>\n<p><b>Autor: Jalopnik<\/b><\/p>\n","protected":false},"excerpt":{"rendered":"<p>A f\u00e1brica da Fiat em Lingotto foi inaugurada em 1923. Diferente de qualquer f\u00e1brica atual de autom\u00f3veis, ela possu\u00eda uma linha de montagem ascendente, al\u00e9m de uma pista de testes no teto. Vamos dar uma olhada melhor? Ao final da Primeira Guerra Mundial, a Fiat retornou \u00e0 fabrica\u00e7\u00e3o de autom\u00f3veis, detendo 80% do mercado interno. [&hellip;]<\/p>\n","protected":false},"author":1,"featured_media":19691,"comment_status":"open","ping_status":"open","sticky":false,"template":"","format":"standard","meta":{"footnotes":""},"categories":[6,41],"tags":[],"class_list":{"0":"post-19690","1":"post","2":"type-post","3":"status-publish","4":"format-standard","5":"has-post-thumbnail","7":"category-noticias","8":"category-transportes"},"yoast_head":"<!-- This site is optimized with the Yoast SEO plugin v27.2 - https:\/\/yoast.com\/product\/yoast-seo-wordpress\/ -->\n<title>A pista de testes nas alturas da Fiat - Instituto de Engenharia<\/title>\n<meta name=\"robots\" content=\"index, follow, max-snippet:-1, max-image-preview:large, max-video-preview:-1\" \/>\n<link rel=\"canonical\" href=\"https:\/\/www.institutodeengenharia.org.br\/site\/2010\/12\/20\/a-pista-de-testes-nas-alturas-da-fiat\/\" \/>\n<meta property=\"og:locale\" content=\"pt_BR\" \/>\n<meta property=\"og:type\" content=\"article\" \/>\n<meta property=\"og:title\" content=\"A pista de testes nas alturas da Fiat - Instituto de Engenharia\" \/>\n<meta property=\"og:description\" content=\"A f\u00e1brica da Fiat em Lingotto foi inaugurada em 1923. Diferente de qualquer f\u00e1brica atual de autom\u00f3veis, ela possu\u00eda uma linha de montagem ascendente, al\u00e9m de uma pista de testes no teto. Vamos dar uma olhada melhor? Ao final da Primeira Guerra Mundial, a Fiat retornou \u00e0 fabrica\u00e7\u00e3o de autom\u00f3veis, detendo 80% do mercado interno. [&hellip;]\" \/>\n<meta property=\"og:url\" content=\"https:\/\/www.institutodeengenharia.org.br\/site\/2010\/12\/20\/a-pista-de-testes-nas-alturas-da-fiat\/\" \/>\n<meta property=\"og:site_name\" content=\"Instituto de Engenharia\" \/>\n<meta property=\"article:publisher\" content=\"https:\/\/www.facebook.com\/institutodeengenharia\" \/>\n<meta property=\"article:published_time\" content=\"2010-12-20T23:03:45+00:00\" \/>\n<meta property=\"og:image\" content=\"https:\/\/www.institutodeengenharia.org.br\/site\/wp-content\/uploads\/2017\/10\/fiat_1.jpg\" \/>\n\t<meta property=\"og:image:width\" content=\"500\" \/>\n\t<meta property=\"og:image:height\" content=\"304\" \/>\n\t<meta property=\"og:image:type\" content=\"image\/jpeg\" \/>\n<meta name=\"author\" content=\"TMax Tecnologia\" \/>\n<meta name=\"twitter:card\" content=\"summary_large_image\" \/>\n<meta name=\"twitter:creator\" content=\"@iengenharia\" \/>\n<meta name=\"twitter:site\" content=\"@iengenharia\" \/>\n<meta name=\"twitter:label1\" content=\"Escrito por\" \/>\n\t<meta name=\"twitter:data1\" content=\"TMax Tecnologia\" \/>\n\t<meta name=\"twitter:label2\" content=\"Est. tempo de leitura\" \/>\n\t<meta name=\"twitter:data2\" content=\"4 minutos\" \/>\n<script type=\"application\/ld+json\" class=\"yoast-schema-graph\">{\"@context\":\"https:\/\/schema.org\",\"@graph\":[{\"@type\":\"Article\",\"@id\":\"https:\/\/www.institutodeengenharia.org.br\/site\/2010\/12\/20\/a-pista-de-testes-nas-alturas-da-fiat\/#article\",\"isPartOf\":{\"@id\":\"https:\/\/www.institutodeengenharia.org.br\/site\/2010\/12\/20\/a-pista-de-testes-nas-alturas-da-fiat\/\"},\"author\":{\"name\":\"TMax Tecnologia\",\"@id\":\"https:\/\/www.institutodeengenharia.org.br\/site\/#\/schema\/person\/3b1ff109facef084739fc2edcb9a127f\"},\"headline\":\"A pista de testes nas alturas da Fiat\",\"datePublished\":\"2010-12-20T23:03:45+00:00\",\"mainEntityOfPage\":{\"@id\":\"https:\/\/www.institutodeengenharia.org.br\/site\/2010\/12\/20\/a-pista-de-testes-nas-alturas-da-fiat\/\"},\"wordCount\":763,\"commentCount\":0,\"publisher\":{\"@id\":\"https:\/\/www.institutodeengenharia.org.br\/site\/#organization\"},\"image\":{\"@id\":\"https:\/\/www.institutodeengenharia.org.br\/site\/2010\/12\/20\/a-pista-de-testes-nas-alturas-da-fiat\/#primaryimage\"},\"thumbnailUrl\":\"https:\/\/www.institutodeengenharia.org.br\/site\/wp-content\/uploads\/2017\/10\/fiat_1.jpg\",\"articleSection\":[\"Not\u00edcias\",\"Transportes\"],\"inLanguage\":\"pt-BR\",\"potentialAction\":[{\"@type\":\"CommentAction\",\"name\":\"Comment\",\"target\":[\"https:\/\/www.institutodeengenharia.org.br\/site\/2010\/12\/20\/a-pista-de-testes-nas-alturas-da-fiat\/#respond\"]}]},{\"@type\":\"WebPage\",\"@id\":\"https:\/\/www.institutodeengenharia.org.br\/site\/2010\/12\/20\/a-pista-de-testes-nas-alturas-da-fiat\/\",\"url\":\"https:\/\/www.institutodeengenharia.org.br\/site\/2010\/12\/20\/a-pista-de-testes-nas-alturas-da-fiat\/\",\"name\":\"A pista de testes nas alturas da Fiat - Instituto de Engenharia\",\"isPartOf\":{\"@id\":\"https:\/\/www.institutodeengenharia.org.br\/site\/#website\"},\"primaryImageOfPage\":{\"@id\":\"https:\/\/www.institutodeengenharia.org.br\/site\/2010\/12\/20\/a-pista-de-testes-nas-alturas-da-fiat\/#primaryimage\"},\"image\":{\"@id\":\"https:\/\/www.institutodeengenharia.org.br\/site\/2010\/12\/20\/a-pista-de-testes-nas-alturas-da-fiat\/#primaryimage\"},\"thumbnailUrl\":\"https:\/\/www.institutodeengenharia.org.br\/site\/wp-content\/uploads\/2017\/10\/fiat_1.jpg\",\"datePublished\":\"2010-12-20T23:03:45+00:00\",\"breadcrumb\":{\"@id\":\"https:\/\/www.institutodeengenharia.org.br\/site\/2010\/12\/20\/a-pista-de-testes-nas-alturas-da-fiat\/#breadcrumb\"},\"inLanguage\":\"pt-BR\",\"potentialAction\":[{\"@type\":\"ReadAction\",\"target\":[\"https:\/\/www.institutodeengenharia.org.br\/site\/2010\/12\/20\/a-pista-de-testes-nas-alturas-da-fiat\/\"]}]},{\"@type\":\"ImageObject\",\"inLanguage\":\"pt-BR\",\"@id\":\"https:\/\/www.institutodeengenharia.org.br\/site\/2010\/12\/20\/a-pista-de-testes-nas-alturas-da-fiat\/#primaryimage\",\"url\":\"https:\/\/www.institutodeengenharia.org.br\/site\/wp-content\/uploads\/2017\/10\/fiat_1.jpg\",\"contentUrl\":\"https:\/\/www.institutodeengenharia.org.br\/site\/wp-content\/uploads\/2017\/10\/fiat_1.jpg\",\"width\":500,\"height\":304},{\"@type\":\"BreadcrumbList\",\"@id\":\"https:\/\/www.institutodeengenharia.org.br\/site\/2010\/12\/20\/a-pista-de-testes-nas-alturas-da-fiat\/#breadcrumb\",\"itemListElement\":[{\"@type\":\"ListItem\",\"position\":1,\"name\":\"In\u00edcio\",\"item\":\"https:\/\/www.institutodeengenharia.org.br\/site\/\"},{\"@type\":\"ListItem\",\"position\":2,\"name\":\"A pista de testes nas alturas da Fiat\"}]},{\"@type\":\"WebSite\",\"@id\":\"https:\/\/www.institutodeengenharia.org.br\/site\/#website\",\"url\":\"https:\/\/www.institutodeengenharia.org.br\/site\/\",\"name\":\"Instituto de Engenharia\",\"description\":\"O Instituto de Engenharia promove a Engenharia em benef\u00edcio do desenvolvimento e da qualidade de vida da sociedade.\",\"publisher\":{\"@id\":\"https:\/\/www.institutodeengenharia.org.br\/site\/#organization\"},\"potentialAction\":[{\"@type\":\"SearchAction\",\"target\":{\"@type\":\"EntryPoint\",\"urlTemplate\":\"https:\/\/www.institutodeengenharia.org.br\/site\/?s={search_term_string}\"},\"query-input\":{\"@type\":\"PropertyValueSpecification\",\"valueRequired\":true,\"valueName\":\"search_term_string\"}}],\"inLanguage\":\"pt-BR\"},{\"@type\":\"Organization\",\"@id\":\"https:\/\/www.institutodeengenharia.org.br\/site\/#organization\",\"name\":\"Instituto de Engenharia\",\"url\":\"https:\/\/www.institutodeengenharia.org.br\/site\/\",\"logo\":{\"@type\":\"ImageObject\",\"inLanguage\":\"pt-BR\",\"@id\":\"https:\/\/www.institutodeengenharia.org.br\/site\/#\/schema\/logo\/image\/\",\"url\":\"https:\/\/www.institutodeengenharia.org.br\/site\/wp-content\/uploads\/2019\/03\/logo-novo-IE2018-1.jpg\",\"contentUrl\":\"https:\/\/www.institutodeengenharia.org.br\/site\/wp-content\/uploads\/2019\/03\/logo-novo-IE2018-1.jpg\",\"width\":1486,\"height\":1879,\"caption\":\"Instituto de Engenharia\"},\"image\":{\"@id\":\"https:\/\/www.institutodeengenharia.org.br\/site\/#\/schema\/logo\/image\/\"},\"sameAs\":[\"https:\/\/www.facebook.com\/institutodeengenharia\",\"https:\/\/x.com\/iengenharia\",\"https:\/\/www.instagram.com\/institutodeengenharia\/\",\"https:\/\/www.linkedin.com\/company\/instituto-de-engenharia\/\",\"https:\/\/www.youtube.com\/channel\/UCXiCAlsSMe977vamW915HxA\"]},{\"@type\":\"Person\",\"@id\":\"https:\/\/www.institutodeengenharia.org.br\/site\/#\/schema\/person\/3b1ff109facef084739fc2edcb9a127f\",\"name\":\"TMax Tecnologia\",\"image\":{\"@type\":\"ImageObject\",\"inLanguage\":\"pt-BR\",\"@id\":\"https:\/\/secure.gravatar.com\/avatar\/f912434ef7f389c92cb311fcdae346af848465d638912574b3c669070f797701?s=96&d=mm&r=g\",\"url\":\"https:\/\/secure.gravatar.com\/avatar\/f912434ef7f389c92cb311fcdae346af848465d638912574b3c669070f797701?s=96&d=mm&r=g\",\"contentUrl\":\"https:\/\/secure.gravatar.com\/avatar\/f912434ef7f389c92cb311fcdae346af848465d638912574b3c669070f797701?s=96&d=mm&r=g\",\"caption\":\"TMax Tecnologia\"},\"url\":\"https:\/\/www.institutodeengenharia.org.br\/site\/author\/tmax\/\"}]}<\/script>\n<!-- \/ Yoast SEO plugin. -->","yoast_head_json":{"title":"A pista de testes nas alturas da Fiat - Instituto de Engenharia","robots":{"index":"index","follow":"follow","max-snippet":"max-snippet:-1","max-image-preview":"max-image-preview:large","max-video-preview":"max-video-preview:-1"},"canonical":"https:\/\/www.institutodeengenharia.org.br\/site\/2010\/12\/20\/a-pista-de-testes-nas-alturas-da-fiat\/","og_locale":"pt_BR","og_type":"article","og_title":"A pista de testes nas alturas da Fiat - Instituto de Engenharia","og_description":"A f\u00e1brica da Fiat em Lingotto foi inaugurada em 1923. Diferente de qualquer f\u00e1brica atual de autom\u00f3veis, ela possu\u00eda uma linha de montagem ascendente, al\u00e9m de uma pista de testes no teto. Vamos dar uma olhada melhor? Ao final da Primeira Guerra Mundial, a Fiat retornou \u00e0 fabrica\u00e7\u00e3o de autom\u00f3veis, detendo 80% do mercado interno. [&hellip;]","og_url":"https:\/\/www.institutodeengenharia.org.br\/site\/2010\/12\/20\/a-pista-de-testes-nas-alturas-da-fiat\/","og_site_name":"Instituto de Engenharia","article_publisher":"https:\/\/www.facebook.com\/institutodeengenharia","article_published_time":"2010-12-20T23:03:45+00:00","og_image":[{"width":500,"height":304,"url":"https:\/\/www.institutodeengenharia.org.br\/site\/wp-content\/uploads\/2017\/10\/fiat_1.jpg","type":"image\/jpeg"}],"author":"TMax Tecnologia","twitter_card":"summary_large_image","twitter_creator":"@iengenharia","twitter_site":"@iengenharia","twitter_misc":{"Escrito por":"TMax Tecnologia","Est. tempo de leitura":"4 minutos"},"schema":{"@context":"https:\/\/schema.org","@graph":[{"@type":"Article","@id":"https:\/\/www.institutodeengenharia.org.br\/site\/2010\/12\/20\/a-pista-de-testes-nas-alturas-da-fiat\/#article","isPartOf":{"@id":"https:\/\/www.institutodeengenharia.org.br\/site\/2010\/12\/20\/a-pista-de-testes-nas-alturas-da-fiat\/"},"author":{"name":"TMax Tecnologia","@id":"https:\/\/www.institutodeengenharia.org.br\/site\/#\/schema\/person\/3b1ff109facef084739fc2edcb9a127f"},"headline":"A pista de testes nas alturas da Fiat","datePublished":"2010-12-20T23:03:45+00:00","mainEntityOfPage":{"@id":"https:\/\/www.institutodeengenharia.org.br\/site\/2010\/12\/20\/a-pista-de-testes-nas-alturas-da-fiat\/"},"wordCount":763,"commentCount":0,"publisher":{"@id":"https:\/\/www.institutodeengenharia.org.br\/site\/#organization"},"image":{"@id":"https:\/\/www.institutodeengenharia.org.br\/site\/2010\/12\/20\/a-pista-de-testes-nas-alturas-da-fiat\/#primaryimage"},"thumbnailUrl":"https:\/\/www.institutodeengenharia.org.br\/site\/wp-content\/uploads\/2017\/10\/fiat_1.jpg","articleSection":["Not\u00edcias","Transportes"],"inLanguage":"pt-BR","potentialAction":[{"@type":"CommentAction","name":"Comment","target":["https:\/\/www.institutodeengenharia.org.br\/site\/2010\/12\/20\/a-pista-de-testes-nas-alturas-da-fiat\/#respond"]}]},{"@type":"WebPage","@id":"https:\/\/www.institutodeengenharia.org.br\/site\/2010\/12\/20\/a-pista-de-testes-nas-alturas-da-fiat\/","url":"https:\/\/www.institutodeengenharia.org.br\/site\/2010\/12\/20\/a-pista-de-testes-nas-alturas-da-fiat\/","name":"A pista de testes nas alturas da Fiat - Instituto de Engenharia","isPartOf":{"@id":"https:\/\/www.institutodeengenharia.org.br\/site\/#website"},"primaryImageOfPage":{"@id":"https:\/\/www.institutodeengenharia.org.br\/site\/2010\/12\/20\/a-pista-de-testes-nas-alturas-da-fiat\/#primaryimage"},"image":{"@id":"https:\/\/www.institutodeengenharia.org.br\/site\/2010\/12\/20\/a-pista-de-testes-nas-alturas-da-fiat\/#primaryimage"},"thumbnailUrl":"https:\/\/www.institutodeengenharia.org.br\/site\/wp-content\/uploads\/2017\/10\/fiat_1.jpg","datePublished":"2010-12-20T23:03:45+00:00","breadcrumb":{"@id":"https:\/\/www.institutodeengenharia.org.br\/site\/2010\/12\/20\/a-pista-de-testes-nas-alturas-da-fiat\/#breadcrumb"},"inLanguage":"pt-BR","potentialAction":[{"@type":"ReadAction","target":["https:\/\/www.institutodeengenharia.org.br\/site\/2010\/12\/20\/a-pista-de-testes-nas-alturas-da-fiat\/"]}]},{"@type":"ImageObject","inLanguage":"pt-BR","@id":"https:\/\/www.institutodeengenharia.org.br\/site\/2010\/12\/20\/a-pista-de-testes-nas-alturas-da-fiat\/#primaryimage","url":"https:\/\/www.institutodeengenharia.org.br\/site\/wp-content\/uploads\/2017\/10\/fiat_1.jpg","contentUrl":"https:\/\/www.institutodeengenharia.org.br\/site\/wp-content\/uploads\/2017\/10\/fiat_1.jpg","width":500,"height":304},{"@type":"BreadcrumbList","@id":"https:\/\/www.institutodeengenharia.org.br\/site\/2010\/12\/20\/a-pista-de-testes-nas-alturas-da-fiat\/#breadcrumb","itemListElement":[{"@type":"ListItem","position":1,"name":"In\u00edcio","item":"https:\/\/www.institutodeengenharia.org.br\/site\/"},{"@type":"ListItem","position":2,"name":"A pista de testes nas alturas da Fiat"}]},{"@type":"WebSite","@id":"https:\/\/www.institutodeengenharia.org.br\/site\/#website","url":"https:\/\/www.institutodeengenharia.org.br\/site\/","name":"Instituto de Engenharia","description":"O Instituto de Engenharia promove a Engenharia em benef\u00edcio do desenvolvimento e da qualidade de vida da sociedade.","publisher":{"@id":"https:\/\/www.institutodeengenharia.org.br\/site\/#organization"},"potentialAction":[{"@type":"SearchAction","target":{"@type":"EntryPoint","urlTemplate":"https:\/\/www.institutodeengenharia.org.br\/site\/?s={search_term_string}"},"query-input":{"@type":"PropertyValueSpecification","valueRequired":true,"valueName":"search_term_string"}}],"inLanguage":"pt-BR"},{"@type":"Organization","@id":"https:\/\/www.institutodeengenharia.org.br\/site\/#organization","name":"Instituto de Engenharia","url":"https:\/\/www.institutodeengenharia.org.br\/site\/","logo":{"@type":"ImageObject","inLanguage":"pt-BR","@id":"https:\/\/www.institutodeengenharia.org.br\/site\/#\/schema\/logo\/image\/","url":"https:\/\/www.institutodeengenharia.org.br\/site\/wp-content\/uploads\/2019\/03\/logo-novo-IE2018-1.jpg","contentUrl":"https:\/\/www.institutodeengenharia.org.br\/site\/wp-content\/uploads\/2019\/03\/logo-novo-IE2018-1.jpg","width":1486,"height":1879,"caption":"Instituto de Engenharia"},"image":{"@id":"https:\/\/www.institutodeengenharia.org.br\/site\/#\/schema\/logo\/image\/"},"sameAs":["https:\/\/www.facebook.com\/institutodeengenharia","https:\/\/x.com\/iengenharia","https:\/\/www.instagram.com\/institutodeengenharia\/","https:\/\/www.linkedin.com\/company\/instituto-de-engenharia\/","https:\/\/www.youtube.com\/channel\/UCXiCAlsSMe977vamW915HxA"]},{"@type":"Person","@id":"https:\/\/www.institutodeengenharia.org.br\/site\/#\/schema\/person\/3b1ff109facef084739fc2edcb9a127f","name":"TMax Tecnologia","image":{"@type":"ImageObject","inLanguage":"pt-BR","@id":"https:\/\/secure.gravatar.com\/avatar\/f912434ef7f389c92cb311fcdae346af848465d638912574b3c669070f797701?s=96&d=mm&r=g","url":"https:\/\/secure.gravatar.com\/avatar\/f912434ef7f389c92cb311fcdae346af848465d638912574b3c669070f797701?s=96&d=mm&r=g","contentUrl":"https:\/\/secure.gravatar.com\/avatar\/f912434ef7f389c92cb311fcdae346af848465d638912574b3c669070f797701?s=96&d=mm&r=g","caption":"TMax Tecnologia"},"url":"https:\/\/www.institutodeengenharia.org.br\/site\/author\/tmax\/"}]}},"_links":{"self":[{"href":"https:\/\/www.institutodeengenharia.org.br\/site\/wp-json\/wp\/v2\/posts\/19690","targetHints":{"allow":["GET"]}}],"collection":[{"href":"https:\/\/www.institutodeengenharia.org.br\/site\/wp-json\/wp\/v2\/posts"}],"about":[{"href":"https:\/\/www.institutodeengenharia.org.br\/site\/wp-json\/wp\/v2\/types\/post"}],"author":[{"embeddable":true,"href":"https:\/\/www.institutodeengenharia.org.br\/site\/wp-json\/wp\/v2\/users\/1"}],"replies":[{"embeddable":true,"href":"https:\/\/www.institutodeengenharia.org.br\/site\/wp-json\/wp\/v2\/comments?post=19690"}],"version-history":[{"count":0,"href":"https:\/\/www.institutodeengenharia.org.br\/site\/wp-json\/wp\/v2\/posts\/19690\/revisions"}],"wp:featuredmedia":[{"embeddable":true,"href":"https:\/\/www.institutodeengenharia.org.br\/site\/wp-json\/wp\/v2\/media\/19691"}],"wp:attachment":[{"href":"https:\/\/www.institutodeengenharia.org.br\/site\/wp-json\/wp\/v2\/media?parent=19690"}],"wp:term":[{"taxonomy":"category","embeddable":true,"href":"https:\/\/www.institutodeengenharia.org.br\/site\/wp-json\/wp\/v2\/categories?post=19690"},{"taxonomy":"post_tag","embeddable":true,"href":"https:\/\/www.institutodeengenharia.org.br\/site\/wp-json\/wp\/v2\/tags?post=19690"}],"curies":[{"name":"wp","href":"https:\/\/api.w.org\/{rel}","templated":true}]}}