{"id":19586,"date":"2010-12-03T23:02:23","date_gmt":"2010-12-03T23:02:23","guid":{"rendered":"https:\/\/www.institutodeengenharia.org.br\/?p=19586"},"modified":"2010-12-03T14:45:50","modified_gmt":"2010-12-03T14:45:50","slug":"energia-nuclear-na-medicina-industria-e-agricultura-em-debate-na-pucrio","status":"publish","type":"post","link":"https:\/\/www.institutodeengenharia.org.br\/site\/2010\/12\/03\/energia-nuclear-na-medicina-industria-e-agricultura-em-debate-na-pucrio\/","title":{"rendered":"Energia nuclear na Medicina, Ind\u00fastria e Agricultura em debate na PUC-Rio"},"content":{"rendered":"<p>A convite do Centro T\u00e9cnico Cient\u00edfico da PUC-Rio (CTC\/PUC-Rio), o Dr. Sueo Machi, coordenador do F\u00f3rum para Coopera\u00e7\u00e3o Nuclear na \u00c1sia e assessor s\u00eanior da Ag\u00eancia Japonesa de Energia At\u00f4mica, far\u00e1 palestra na PUC-Rio no dia 06 de dezembro, \u00e0s 14h, com entrada franca e aberta ao p\u00fablico. Engenheiro formado pela Universidade de Kyoto, Jap\u00e3o, Machi, aos 76 anos, vai mostrar como a energia nuclear pode ser aplicada de forma positiva e em escala global nas \u00e1reas de agricultura, ind\u00fastria e medicina. <\/p>\n<p>De acordo com a Associa\u00e7\u00e3o Mundial Nuclear, mais de 45 pa\u00edses em todo o mundo est\u00e3o atualmente ativamente considerando a possibilidade de desenvolver programas de energia nuclear. \u201cEstamos em um momento em que j\u00e1 est\u00e1 em discuss\u00e3o o relan\u00e7amento de programas de energia nuclear em diversas na\u00e7\u00f5es e o Brasil \u00e9 um dos tr\u00eas pa\u00edses da Am\u00e9rica Latina que atua nessa \u00e1rea. Isso determina a import\u00e2ncia dessa palestra para o universo cient\u00edfico\u201d, declara o Decano do CTC\/PUC-Rio, Reinaldo Calixto Campos. <\/p>\n<p>Sueo Machi pesquisa h\u00e1 25 anos o uso da tecnologia de radia\u00e7\u00e3o para novos produtos de pol\u00edmeros e prote\u00e7\u00e3o ambiental, al\u00e9m das consequ\u00eancias da radia\u00e7\u00e3o nos materiais utilizados em instala\u00e7\u00f5es nucleares. Entre seus trabalhos de maior destaque est\u00e1 o desenvolvimento de uma tecnologia para a limpeza dos gases de combust\u00e3o de petr\u00f3leo e carv\u00e3o em usinas, em pr\u00e1tica na China, Jap\u00e3o e Pol\u00f4nia desde 2002. <\/p>\n<p>Reconhecido no Jap\u00e3o como um dos maiores especialistas na \u00e1rea de engenharia nuclear, Machi acumula diversos pr\u00eamios em seu curr\u00edculo, dados pelo Minist\u00e9rio da Ci\u00eancia e Tecnologia do Jap\u00e3o, e outras condecora\u00e7\u00f5es milenares de seu pa\u00eds como The Order of the Sacred Treasure e Gold Rays with Neck Ribbon. <\/p>\n<p>Servi\u00e7o: <\/p>\n<p>PALESTRA DR. SUEO MACHI <\/p>\n<p>Data: Segunda-feira, 06\/12\/10 <br \/>\nHor\u00e1rio: 14h <br \/>\nLocal: PUC-Rio \u2013 Pontif\u00edcia Universidade Cat\u00f3lica do Rio de Janeiro <br \/>\nEndere\u00e7o: Rua Marqu\u00eas de S\u00e3o Vicente, 225, G\u00e1vea, Audit\u00f3rio K-102 (Edif\u00edcio Amizade) <br \/>\nContato: (21) 2240-2383 (Consulado do Jap\u00e3o) <br \/>\nInscri\u00e7\u00f5es: eventos@japao-rio.org.br <\/p>\n<p><b>Autor: Assessoria de imprensa <\/b><\/p>\n","protected":false},"excerpt":{"rendered":"<p>Coordenador do F\u00f3rum para Coopera\u00e7\u00e3o Nuclear na \u00c1sia vai falar sobre o uso pac\u00edfico da energia nuclear em prol da humanidade<\/p>\n","protected":false},"author":1,"featured_media":0,"comment_status":"open","ping_status":"open","sticky":false,"template":"","format":"standard","meta":{"footnotes":""},"categories":[6,35],"tags":[],"class_list":{"0":"post-19586","1":"post","2":"type-post","3":"status-publish","4":"format-standard","6":"category-noticias","7":"category-pesquisa-e-desenvolvimento"},"yoast_head":"<!-- This site is optimized with the Yoast SEO plugin v27.2 - https:\/\/yoast.com\/product\/yoast-seo-wordpress\/ -->\n<title>Energia nuclear na Medicina, Ind\u00fastria e Agricultura em debate na PUC-Rio - Instituto de Engenharia<\/title>\n<meta name=\"robots\" content=\"index, follow, max-snippet:-1, max-image-preview:large, max-video-preview:-1\" \/>\n<link rel=\"canonical\" href=\"https:\/\/www.institutodeengenharia.org.br\/site\/2010\/12\/03\/energia-nuclear-na-medicina-industria-e-agricultura-em-debate-na-pucrio\/\" \/>\n<meta property=\"og:locale\" content=\"pt_BR\" \/>\n<meta property=\"og:type\" content=\"article\" \/>\n<meta property=\"og:title\" content=\"Energia nuclear na Medicina, Ind\u00fastria e Agricultura em debate na PUC-Rio - Instituto de Engenharia\" \/>\n<meta property=\"og:description\" content=\"Coordenador do F\u00f3rum para Coopera\u00e7\u00e3o Nuclear na \u00c1sia vai falar sobre o uso pac\u00edfico da energia nuclear em prol da humanidade\" \/>\n<meta property=\"og:url\" content=\"https:\/\/www.institutodeengenharia.org.br\/site\/2010\/12\/03\/energia-nuclear-na-medicina-industria-e-agricultura-em-debate-na-pucrio\/\" \/>\n<meta property=\"og:site_name\" content=\"Instituto de Engenharia\" \/>\n<meta property=\"article:publisher\" content=\"https:\/\/www.facebook.com\/institutodeengenharia\" \/>\n<meta property=\"article:published_time\" content=\"2010-12-03T23:02:23+00:00\" \/>\n<meta name=\"author\" content=\"TMax Tecnologia\" \/>\n<meta name=\"twitter:card\" content=\"summary_large_image\" \/>\n<meta name=\"twitter:creator\" content=\"@iengenharia\" \/>\n<meta name=\"twitter:site\" content=\"@iengenharia\" \/>\n<meta name=\"twitter:label1\" content=\"Escrito por\" \/>\n\t<meta name=\"twitter:data1\" content=\"TMax Tecnologia\" \/>\n\t<meta name=\"twitter:label2\" content=\"Est. tempo de leitura\" \/>\n\t<meta name=\"twitter:data2\" content=\"2 minutos\" \/>\n<script type=\"application\/ld+json\" class=\"yoast-schema-graph\">{\"@context\":\"https:\/\/schema.org\",\"@graph\":[{\"@type\":\"Article\",\"@id\":\"https:\/\/www.institutodeengenharia.org.br\/site\/2010\/12\/03\/energia-nuclear-na-medicina-industria-e-agricultura-em-debate-na-pucrio\/#article\",\"isPartOf\":{\"@id\":\"https:\/\/www.institutodeengenharia.org.br\/site\/2010\/12\/03\/energia-nuclear-na-medicina-industria-e-agricultura-em-debate-na-pucrio\/\"},\"author\":{\"name\":\"TMax Tecnologia\",\"@id\":\"https:\/\/www.institutodeengenharia.org.br\/site\/#\/schema\/person\/3b1ff109facef084739fc2edcb9a127f\"},\"headline\":\"Energia nuclear na Medicina, Ind\u00fastria e Agricultura em debate na PUC-Rio\",\"datePublished\":\"2010-12-03T23:02:23+00:00\",\"mainEntityOfPage\":{\"@id\":\"https:\/\/www.institutodeengenharia.org.br\/site\/2010\/12\/03\/energia-nuclear-na-medicina-industria-e-agricultura-em-debate-na-pucrio\/\"},\"wordCount\":381,\"commentCount\":0,\"publisher\":{\"@id\":\"https:\/\/www.institutodeengenharia.org.br\/site\/#organization\"},\"articleSection\":[\"Not\u00edcias\",\"Pesquisa e Desenvolvimento\"],\"inLanguage\":\"pt-BR\",\"potentialAction\":[{\"@type\":\"CommentAction\",\"name\":\"Comment\",\"target\":[\"https:\/\/www.institutodeengenharia.org.br\/site\/2010\/12\/03\/energia-nuclear-na-medicina-industria-e-agricultura-em-debate-na-pucrio\/#respond\"]}]},{\"@type\":\"WebPage\",\"@id\":\"https:\/\/www.institutodeengenharia.org.br\/site\/2010\/12\/03\/energia-nuclear-na-medicina-industria-e-agricultura-em-debate-na-pucrio\/\",\"url\":\"https:\/\/www.institutodeengenharia.org.br\/site\/2010\/12\/03\/energia-nuclear-na-medicina-industria-e-agricultura-em-debate-na-pucrio\/\",\"name\":\"Energia nuclear na Medicina, Ind\u00fastria e Agricultura em debate na PUC-Rio - Instituto de Engenharia\",\"isPartOf\":{\"@id\":\"https:\/\/www.institutodeengenharia.org.br\/site\/#website\"},\"datePublished\":\"2010-12-03T23:02:23+00:00\",\"breadcrumb\":{\"@id\":\"https:\/\/www.institutodeengenharia.org.br\/site\/2010\/12\/03\/energia-nuclear-na-medicina-industria-e-agricultura-em-debate-na-pucrio\/#breadcrumb\"},\"inLanguage\":\"pt-BR\",\"potentialAction\":[{\"@type\":\"ReadAction\",\"target\":[\"https:\/\/www.institutodeengenharia.org.br\/site\/2010\/12\/03\/energia-nuclear-na-medicina-industria-e-agricultura-em-debate-na-pucrio\/\"]}]},{\"@type\":\"BreadcrumbList\",\"@id\":\"https:\/\/www.institutodeengenharia.org.br\/site\/2010\/12\/03\/energia-nuclear-na-medicina-industria-e-agricultura-em-debate-na-pucrio\/#breadcrumb\",\"itemListElement\":[{\"@type\":\"ListItem\",\"position\":1,\"name\":\"In\u00edcio\",\"item\":\"https:\/\/www.institutodeengenharia.org.br\/site\/\"},{\"@type\":\"ListItem\",\"position\":2,\"name\":\"Energia nuclear na Medicina, Ind\u00fastria e Agricultura em debate na PUC-Rio\"}]},{\"@type\":\"WebSite\",\"@id\":\"https:\/\/www.institutodeengenharia.org.br\/site\/#website\",\"url\":\"https:\/\/www.institutodeengenharia.org.br\/site\/\",\"name\":\"Instituto de Engenharia\",\"description\":\"O Instituto de Engenharia promove a Engenharia em benef\u00edcio do desenvolvimento e da qualidade de vida da sociedade.\",\"publisher\":{\"@id\":\"https:\/\/www.institutodeengenharia.org.br\/site\/#organization\"},\"potentialAction\":[{\"@type\":\"SearchAction\",\"target\":{\"@type\":\"EntryPoint\",\"urlTemplate\":\"https:\/\/www.institutodeengenharia.org.br\/site\/?s={search_term_string}\"},\"query-input\":{\"@type\":\"PropertyValueSpecification\",\"valueRequired\":true,\"valueName\":\"search_term_string\"}}],\"inLanguage\":\"pt-BR\"},{\"@type\":\"Organization\",\"@id\":\"https:\/\/www.institutodeengenharia.org.br\/site\/#organization\",\"name\":\"Instituto de Engenharia\",\"url\":\"https:\/\/www.institutodeengenharia.org.br\/site\/\",\"logo\":{\"@type\":\"ImageObject\",\"inLanguage\":\"pt-BR\",\"@id\":\"https:\/\/www.institutodeengenharia.org.br\/site\/#\/schema\/logo\/image\/\",\"url\":\"https:\/\/www.institutodeengenharia.org.br\/site\/wp-content\/uploads\/2019\/03\/logo-novo-IE2018-1.jpg\",\"contentUrl\":\"https:\/\/www.institutodeengenharia.org.br\/site\/wp-content\/uploads\/2019\/03\/logo-novo-IE2018-1.jpg\",\"width\":1486,\"height\":1879,\"caption\":\"Instituto de Engenharia\"},\"image\":{\"@id\":\"https:\/\/www.institutodeengenharia.org.br\/site\/#\/schema\/logo\/image\/\"},\"sameAs\":[\"https:\/\/www.facebook.com\/institutodeengenharia\",\"https:\/\/x.com\/iengenharia\",\"https:\/\/www.instagram.com\/institutodeengenharia\/\",\"https:\/\/www.linkedin.com\/company\/instituto-de-engenharia\/\",\"https:\/\/www.youtube.com\/channel\/UCXiCAlsSMe977vamW915HxA\"]},{\"@type\":\"Person\",\"@id\":\"https:\/\/www.institutodeengenharia.org.br\/site\/#\/schema\/person\/3b1ff109facef084739fc2edcb9a127f\",\"name\":\"TMax Tecnologia\",\"image\":{\"@type\":\"ImageObject\",\"inLanguage\":\"pt-BR\",\"@id\":\"https:\/\/secure.gravatar.com\/avatar\/f912434ef7f389c92cb311fcdae346af848465d638912574b3c669070f797701?s=96&d=mm&r=g\",\"url\":\"https:\/\/secure.gravatar.com\/avatar\/f912434ef7f389c92cb311fcdae346af848465d638912574b3c669070f797701?s=96&d=mm&r=g\",\"contentUrl\":\"https:\/\/secure.gravatar.com\/avatar\/f912434ef7f389c92cb311fcdae346af848465d638912574b3c669070f797701?s=96&d=mm&r=g\",\"caption\":\"TMax Tecnologia\"},\"url\":\"https:\/\/www.institutodeengenharia.org.br\/site\/author\/tmax\/\"}]}<\/script>\n<!-- \/ Yoast SEO plugin. -->","yoast_head_json":{"title":"Energia nuclear na Medicina, Ind\u00fastria e Agricultura em debate na PUC-Rio - Instituto de Engenharia","robots":{"index":"index","follow":"follow","max-snippet":"max-snippet:-1","max-image-preview":"max-image-preview:large","max-video-preview":"max-video-preview:-1"},"canonical":"https:\/\/www.institutodeengenharia.org.br\/site\/2010\/12\/03\/energia-nuclear-na-medicina-industria-e-agricultura-em-debate-na-pucrio\/","og_locale":"pt_BR","og_type":"article","og_title":"Energia nuclear na Medicina, Ind\u00fastria e Agricultura em debate na PUC-Rio - Instituto de Engenharia","og_description":"Coordenador do F\u00f3rum para Coopera\u00e7\u00e3o Nuclear na \u00c1sia vai falar sobre o uso pac\u00edfico da energia nuclear em prol da humanidade","og_url":"https:\/\/www.institutodeengenharia.org.br\/site\/2010\/12\/03\/energia-nuclear-na-medicina-industria-e-agricultura-em-debate-na-pucrio\/","og_site_name":"Instituto de Engenharia","article_publisher":"https:\/\/www.facebook.com\/institutodeengenharia","article_published_time":"2010-12-03T23:02:23+00:00","author":"TMax Tecnologia","twitter_card":"summary_large_image","twitter_creator":"@iengenharia","twitter_site":"@iengenharia","twitter_misc":{"Escrito por":"TMax Tecnologia","Est. tempo de leitura":"2 minutos"},"schema":{"@context":"https:\/\/schema.org","@graph":[{"@type":"Article","@id":"https:\/\/www.institutodeengenharia.org.br\/site\/2010\/12\/03\/energia-nuclear-na-medicina-industria-e-agricultura-em-debate-na-pucrio\/#article","isPartOf":{"@id":"https:\/\/www.institutodeengenharia.org.br\/site\/2010\/12\/03\/energia-nuclear-na-medicina-industria-e-agricultura-em-debate-na-pucrio\/"},"author":{"name":"TMax Tecnologia","@id":"https:\/\/www.institutodeengenharia.org.br\/site\/#\/schema\/person\/3b1ff109facef084739fc2edcb9a127f"},"headline":"Energia nuclear na Medicina, Ind\u00fastria e Agricultura em debate na PUC-Rio","datePublished":"2010-12-03T23:02:23+00:00","mainEntityOfPage":{"@id":"https:\/\/www.institutodeengenharia.org.br\/site\/2010\/12\/03\/energia-nuclear-na-medicina-industria-e-agricultura-em-debate-na-pucrio\/"},"wordCount":381,"commentCount":0,"publisher":{"@id":"https:\/\/www.institutodeengenharia.org.br\/site\/#organization"},"articleSection":["Not\u00edcias","Pesquisa e Desenvolvimento"],"inLanguage":"pt-BR","potentialAction":[{"@type":"CommentAction","name":"Comment","target":["https:\/\/www.institutodeengenharia.org.br\/site\/2010\/12\/03\/energia-nuclear-na-medicina-industria-e-agricultura-em-debate-na-pucrio\/#respond"]}]},{"@type":"WebPage","@id":"https:\/\/www.institutodeengenharia.org.br\/site\/2010\/12\/03\/energia-nuclear-na-medicina-industria-e-agricultura-em-debate-na-pucrio\/","url":"https:\/\/www.institutodeengenharia.org.br\/site\/2010\/12\/03\/energia-nuclear-na-medicina-industria-e-agricultura-em-debate-na-pucrio\/","name":"Energia nuclear na Medicina, Ind\u00fastria e Agricultura em debate na PUC-Rio - Instituto de Engenharia","isPartOf":{"@id":"https:\/\/www.institutodeengenharia.org.br\/site\/#website"},"datePublished":"2010-12-03T23:02:23+00:00","breadcrumb":{"@id":"https:\/\/www.institutodeengenharia.org.br\/site\/2010\/12\/03\/energia-nuclear-na-medicina-industria-e-agricultura-em-debate-na-pucrio\/#breadcrumb"},"inLanguage":"pt-BR","potentialAction":[{"@type":"ReadAction","target":["https:\/\/www.institutodeengenharia.org.br\/site\/2010\/12\/03\/energia-nuclear-na-medicina-industria-e-agricultura-em-debate-na-pucrio\/"]}]},{"@type":"BreadcrumbList","@id":"https:\/\/www.institutodeengenharia.org.br\/site\/2010\/12\/03\/energia-nuclear-na-medicina-industria-e-agricultura-em-debate-na-pucrio\/#breadcrumb","itemListElement":[{"@type":"ListItem","position":1,"name":"In\u00edcio","item":"https:\/\/www.institutodeengenharia.org.br\/site\/"},{"@type":"ListItem","position":2,"name":"Energia nuclear na Medicina, Ind\u00fastria e Agricultura em debate na PUC-Rio"}]},{"@type":"WebSite","@id":"https:\/\/www.institutodeengenharia.org.br\/site\/#website","url":"https:\/\/www.institutodeengenharia.org.br\/site\/","name":"Instituto de Engenharia","description":"O Instituto de Engenharia promove a Engenharia em benef\u00edcio do desenvolvimento e da qualidade de vida da sociedade.","publisher":{"@id":"https:\/\/www.institutodeengenharia.org.br\/site\/#organization"},"potentialAction":[{"@type":"SearchAction","target":{"@type":"EntryPoint","urlTemplate":"https:\/\/www.institutodeengenharia.org.br\/site\/?s={search_term_string}"},"query-input":{"@type":"PropertyValueSpecification","valueRequired":true,"valueName":"search_term_string"}}],"inLanguage":"pt-BR"},{"@type":"Organization","@id":"https:\/\/www.institutodeengenharia.org.br\/site\/#organization","name":"Instituto de Engenharia","url":"https:\/\/www.institutodeengenharia.org.br\/site\/","logo":{"@type":"ImageObject","inLanguage":"pt-BR","@id":"https:\/\/www.institutodeengenharia.org.br\/site\/#\/schema\/logo\/image\/","url":"https:\/\/www.institutodeengenharia.org.br\/site\/wp-content\/uploads\/2019\/03\/logo-novo-IE2018-1.jpg","contentUrl":"https:\/\/www.institutodeengenharia.org.br\/site\/wp-content\/uploads\/2019\/03\/logo-novo-IE2018-1.jpg","width":1486,"height":1879,"caption":"Instituto de Engenharia"},"image":{"@id":"https:\/\/www.institutodeengenharia.org.br\/site\/#\/schema\/logo\/image\/"},"sameAs":["https:\/\/www.facebook.com\/institutodeengenharia","https:\/\/x.com\/iengenharia","https:\/\/www.instagram.com\/institutodeengenharia\/","https:\/\/www.linkedin.com\/company\/instituto-de-engenharia\/","https:\/\/www.youtube.com\/channel\/UCXiCAlsSMe977vamW915HxA"]},{"@type":"Person","@id":"https:\/\/www.institutodeengenharia.org.br\/site\/#\/schema\/person\/3b1ff109facef084739fc2edcb9a127f","name":"TMax Tecnologia","image":{"@type":"ImageObject","inLanguage":"pt-BR","@id":"https:\/\/secure.gravatar.com\/avatar\/f912434ef7f389c92cb311fcdae346af848465d638912574b3c669070f797701?s=96&d=mm&r=g","url":"https:\/\/secure.gravatar.com\/avatar\/f912434ef7f389c92cb311fcdae346af848465d638912574b3c669070f797701?s=96&d=mm&r=g","contentUrl":"https:\/\/secure.gravatar.com\/avatar\/f912434ef7f389c92cb311fcdae346af848465d638912574b3c669070f797701?s=96&d=mm&r=g","caption":"TMax Tecnologia"},"url":"https:\/\/www.institutodeengenharia.org.br\/site\/author\/tmax\/"}]}},"_links":{"self":[{"href":"https:\/\/www.institutodeengenharia.org.br\/site\/wp-json\/wp\/v2\/posts\/19586","targetHints":{"allow":["GET"]}}],"collection":[{"href":"https:\/\/www.institutodeengenharia.org.br\/site\/wp-json\/wp\/v2\/posts"}],"about":[{"href":"https:\/\/www.institutodeengenharia.org.br\/site\/wp-json\/wp\/v2\/types\/post"}],"author":[{"embeddable":true,"href":"https:\/\/www.institutodeengenharia.org.br\/site\/wp-json\/wp\/v2\/users\/1"}],"replies":[{"embeddable":true,"href":"https:\/\/www.institutodeengenharia.org.br\/site\/wp-json\/wp\/v2\/comments?post=19586"}],"version-history":[{"count":0,"href":"https:\/\/www.institutodeengenharia.org.br\/site\/wp-json\/wp\/v2\/posts\/19586\/revisions"}],"wp:attachment":[{"href":"https:\/\/www.institutodeengenharia.org.br\/site\/wp-json\/wp\/v2\/media?parent=19586"}],"wp:term":[{"taxonomy":"category","embeddable":true,"href":"https:\/\/www.institutodeengenharia.org.br\/site\/wp-json\/wp\/v2\/categories?post=19586"},{"taxonomy":"post_tag","embeddable":true,"href":"https:\/\/www.institutodeengenharia.org.br\/site\/wp-json\/wp\/v2\/tags?post=19586"}],"curies":[{"name":"wp","href":"https:\/\/api.w.org\/{rel}","templated":true}]}}