{"id":18822,"date":"2010-08-05T22:52:50","date_gmt":"2010-08-05T22:52:50","guid":{"rendered":"https:\/\/www.institutodeengenharia.org.br\/?p=18822"},"modified":"2010-08-05T14:34:35","modified_gmt":"2010-08-05T14:34:35","slug":"pesquisa-aponta-as-areas-e-cargos-que-mais-cresceram-nos-ultimos-quatro-meses-no-quesito-salario","status":"publish","type":"post","link":"https:\/\/www.institutodeengenharia.org.br\/site\/2010\/08\/05\/pesquisa-aponta-as-areas-e-cargos-que-mais-cresceram-nos-ultimos-quatro-meses-no-quesito-salario\/","title":{"rendered":"Pesquisa aponta as \u00e1reas e cargos que mais cresceram nos \u00faltimos quatro meses no quesito sal\u00e1rio"},"content":{"rendered":"<p><em>Engenharia de Meio Ambiente est\u00e3o entre os que tiveram maiores aumentos salariais<\/em>\u00a0<\/p>\n<p>Um levantamento realizado pela Catho Online, empresa de curr\u00edculos na internet, identificou os 20 cargos \u2013 e seus respectivos setores \u2013 que obtiveram os maiores aumentos salariais nos \u00faltimos quatro meses. De acordo com o estudo intitulado Pesquisa Salarial e de Benef\u00edcios as maiores altas foram obtidas por profissionais de Engenharia. Os jovens profissionais tiveram destaque nas \u00e1reas de Recursos Humanos e Comercial, nos cargos de analista j\u00fanior e trainee, respectivamente. A fun\u00e7\u00e3o de assistente em Administra\u00e7\u00e3o\/Setor Financeiro tamb\u00e9m aparece na lista. <\/p>\n<p>O cargo de coordenador da \u00e1rea de Engenharia do Meio Ambiente, que teve o maior aumento entre as fun\u00e7\u00f5es pesquisadas, registrou um aumento de 23,1%, segundo a Catho. O sal\u00e1rio m\u00e9dio desse profissional, que em fevereiro era de R$ 6.152,57, passou para R$ 7.573, 79. <\/p>\n<p>&#8220;Engenharia do Meio Ambiente aparecer em primeiro lugar, como a \u00e1rea de maior aumento salarial dos \u00faltimos meses, \u00e9 reflexo do enorme crescimento deste tema dentro das empresas. E, de carona com esta preocupa\u00e7\u00e3o, profiss\u00f5es e cursos &#8211; que h\u00e1 alguns anos n\u00e3o existiam &#8211; tamb\u00e9m come\u00e7aram a aparecer, como a pr\u00f3pria Engenharia do Meio Ambiente&#8221;, diz Marco Soraggi, diretor da pesquisa. <\/p>\n<p>Em segundo, terceiro e quarto lugares no ranking tamb\u00e9m aparece o cargo de coordenador, nas \u00e1reas de Engenharia de Obras, Engenharia Civil e Engenharia de Qualidade, respectivamente. O quinto colocado \u00e9 o T\u00e9cnico em Engenharia Mecatr\u00f4nica.\u00a0<\/p>\n<p><strong>A pesquisa<\/strong> <\/p>\n<p>Esta foi a 32\u00aa edi\u00e7\u00e3o da pesquisa, que \u00e9 atualizada a cada tr\u00eas meses, e os dados apresentados se referem ao aumento ocorrido entre fevereiro e junho de 2010. 164 mil profissionais, de mais de 20 mil empresas, em 3.338 cidades de todo o Brasil participaram do levantamento atrav\u00e9s do preenchimento de formul\u00e1rios eletr\u00f4nicos. <\/p>\n<p>O estudo traz dados de mais de 1.800 cargos, de 214 \u00e1reas de atua\u00e7\u00e3o profissional e de 48 ramos de atividade econ\u00f4mica, dentro de 21 regi\u00f5es geogr\u00e1ficas do Brasil, al\u00e9m de sete faixas de faturamento para classifica\u00e7\u00e3o de porte de empresa. <\/p>\n<p><b>Autor: Administradores<\/b><\/p>\n","protected":false},"excerpt":{"rendered":"<p>Engenharia de Meio Ambiente est\u00e3o entre os que tiveram maiores aumentos salariais\u00a0 Um levantamento realizado pela Catho Online, empresa de curr\u00edculos na internet, identificou os 20 cargos \u2013 e seus respectivos setores \u2013 que obtiveram os maiores aumentos salariais nos \u00faltimos quatro meses. De acordo com o estudo intitulado Pesquisa Salarial e de Benef\u00edcios as [&hellip;]<\/p>\n","protected":false},"author":1,"featured_media":18823,"comment_status":"open","ping_status":"open","sticky":false,"template":"","format":"standard","meta":{"footnotes":""},"categories":[6,35],"tags":[],"class_list":{"0":"post-18822","1":"post","2":"type-post","3":"status-publish","4":"format-standard","5":"has-post-thumbnail","7":"category-noticias","8":"category-pesquisa-e-desenvolvimento"},"yoast_head":"<!-- This site is optimized with the Yoast SEO plugin v27.2 - https:\/\/yoast.com\/product\/yoast-seo-wordpress\/ -->\n<title>Pesquisa aponta as \u00e1reas e cargos que mais cresceram nos \u00faltimos quatro meses no quesito sal\u00e1rio  - Instituto de Engenharia<\/title>\n<meta name=\"robots\" content=\"index, follow, max-snippet:-1, max-image-preview:large, max-video-preview:-1\" \/>\n<link rel=\"canonical\" href=\"https:\/\/www.institutodeengenharia.org.br\/site\/2010\/08\/05\/pesquisa-aponta-as-areas-e-cargos-que-mais-cresceram-nos-ultimos-quatro-meses-no-quesito-salario\/\" \/>\n<meta property=\"og:locale\" content=\"pt_BR\" \/>\n<meta property=\"og:type\" content=\"article\" \/>\n<meta property=\"og:title\" content=\"Pesquisa aponta as \u00e1reas e cargos que mais cresceram nos \u00faltimos quatro meses no quesito sal\u00e1rio  - Instituto de Engenharia\" \/>\n<meta property=\"og:description\" content=\"Engenharia de Meio Ambiente est\u00e3o entre os que tiveram maiores aumentos salariais\u00a0 Um levantamento realizado pela Catho Online, empresa de curr\u00edculos na internet, identificou os 20 cargos \u2013 e seus respectivos setores \u2013 que obtiveram os maiores aumentos salariais nos \u00faltimos quatro meses. De acordo com o estudo intitulado Pesquisa Salarial e de Benef\u00edcios as [&hellip;]\" \/>\n<meta property=\"og:url\" content=\"https:\/\/www.institutodeengenharia.org.br\/site\/2010\/08\/05\/pesquisa-aponta-as-areas-e-cargos-que-mais-cresceram-nos-ultimos-quatro-meses-no-quesito-salario\/\" \/>\n<meta property=\"og:site_name\" content=\"Instituto de Engenharia\" \/>\n<meta property=\"article:publisher\" content=\"https:\/\/www.facebook.com\/institutodeengenharia\" \/>\n<meta property=\"article:published_time\" content=\"2010-08-05T22:52:50+00:00\" \/>\n<meta property=\"og:image\" content=\"https:\/\/www.institutodeengenharia.org.br\/site\/wp-content\/uploads\/2017\/10\/ranking(1).jpg\" \/>\n\t<meta property=\"og:image:width\" content=\"640\" \/>\n\t<meta property=\"og:image:height\" content=\"305\" \/>\n\t<meta property=\"og:image:type\" content=\"image\/jpeg\" \/>\n<meta name=\"author\" content=\"TMax Tecnologia\" \/>\n<meta name=\"twitter:card\" content=\"summary_large_image\" \/>\n<meta name=\"twitter:creator\" content=\"@iengenharia\" \/>\n<meta name=\"twitter:site\" content=\"@iengenharia\" \/>\n<meta name=\"twitter:label1\" content=\"Escrito por\" \/>\n\t<meta name=\"twitter:data1\" content=\"TMax Tecnologia\" \/>\n\t<meta name=\"twitter:label2\" content=\"Est. tempo de leitura\" \/>\n\t<meta name=\"twitter:data2\" content=\"2 minutos\" \/>\n<script type=\"application\/ld+json\" class=\"yoast-schema-graph\">{\"@context\":\"https:\/\/schema.org\",\"@graph\":[{\"@type\":\"Article\",\"@id\":\"https:\/\/www.institutodeengenharia.org.br\/site\/2010\/08\/05\/pesquisa-aponta-as-areas-e-cargos-que-mais-cresceram-nos-ultimos-quatro-meses-no-quesito-salario\/#article\",\"isPartOf\":{\"@id\":\"https:\/\/www.institutodeengenharia.org.br\/site\/2010\/08\/05\/pesquisa-aponta-as-areas-e-cargos-que-mais-cresceram-nos-ultimos-quatro-meses-no-quesito-salario\/\"},\"author\":{\"name\":\"TMax Tecnologia\",\"@id\":\"https:\/\/www.institutodeengenharia.org.br\/site\/#\/schema\/person\/3b1ff109facef084739fc2edcb9a127f\"},\"headline\":\"Pesquisa aponta as \u00e1reas e cargos que mais cresceram nos \u00faltimos quatro meses no quesito sal\u00e1rio\",\"datePublished\":\"2010-08-05T22:52:50+00:00\",\"mainEntityOfPage\":{\"@id\":\"https:\/\/www.institutodeengenharia.org.br\/site\/2010\/08\/05\/pesquisa-aponta-as-areas-e-cargos-que-mais-cresceram-nos-ultimos-quatro-meses-no-quesito-salario\/\"},\"wordCount\":365,\"commentCount\":0,\"publisher\":{\"@id\":\"https:\/\/www.institutodeengenharia.org.br\/site\/#organization\"},\"image\":{\"@id\":\"https:\/\/www.institutodeengenharia.org.br\/site\/2010\/08\/05\/pesquisa-aponta-as-areas-e-cargos-que-mais-cresceram-nos-ultimos-quatro-meses-no-quesito-salario\/#primaryimage\"},\"thumbnailUrl\":\"https:\/\/www.institutodeengenharia.org.br\/site\/wp-content\/uploads\/2017\/10\/ranking(1).jpg\",\"articleSection\":[\"Not\u00edcias\",\"Pesquisa e Desenvolvimento\"],\"inLanguage\":\"pt-BR\",\"potentialAction\":[{\"@type\":\"CommentAction\",\"name\":\"Comment\",\"target\":[\"https:\/\/www.institutodeengenharia.org.br\/site\/2010\/08\/05\/pesquisa-aponta-as-areas-e-cargos-que-mais-cresceram-nos-ultimos-quatro-meses-no-quesito-salario\/#respond\"]}]},{\"@type\":\"WebPage\",\"@id\":\"https:\/\/www.institutodeengenharia.org.br\/site\/2010\/08\/05\/pesquisa-aponta-as-areas-e-cargos-que-mais-cresceram-nos-ultimos-quatro-meses-no-quesito-salario\/\",\"url\":\"https:\/\/www.institutodeengenharia.org.br\/site\/2010\/08\/05\/pesquisa-aponta-as-areas-e-cargos-que-mais-cresceram-nos-ultimos-quatro-meses-no-quesito-salario\/\",\"name\":\"Pesquisa aponta as \u00e1reas e cargos que mais cresceram nos \u00faltimos quatro meses no quesito sal\u00e1rio - Instituto de Engenharia\",\"isPartOf\":{\"@id\":\"https:\/\/www.institutodeengenharia.org.br\/site\/#website\"},\"primaryImageOfPage\":{\"@id\":\"https:\/\/www.institutodeengenharia.org.br\/site\/2010\/08\/05\/pesquisa-aponta-as-areas-e-cargos-que-mais-cresceram-nos-ultimos-quatro-meses-no-quesito-salario\/#primaryimage\"},\"image\":{\"@id\":\"https:\/\/www.institutodeengenharia.org.br\/site\/2010\/08\/05\/pesquisa-aponta-as-areas-e-cargos-que-mais-cresceram-nos-ultimos-quatro-meses-no-quesito-salario\/#primaryimage\"},\"thumbnailUrl\":\"https:\/\/www.institutodeengenharia.org.br\/site\/wp-content\/uploads\/2017\/10\/ranking(1).jpg\",\"datePublished\":\"2010-08-05T22:52:50+00:00\",\"breadcrumb\":{\"@id\":\"https:\/\/www.institutodeengenharia.org.br\/site\/2010\/08\/05\/pesquisa-aponta-as-areas-e-cargos-que-mais-cresceram-nos-ultimos-quatro-meses-no-quesito-salario\/#breadcrumb\"},\"inLanguage\":\"pt-BR\",\"potentialAction\":[{\"@type\":\"ReadAction\",\"target\":[\"https:\/\/www.institutodeengenharia.org.br\/site\/2010\/08\/05\/pesquisa-aponta-as-areas-e-cargos-que-mais-cresceram-nos-ultimos-quatro-meses-no-quesito-salario\/\"]}]},{\"@type\":\"ImageObject\",\"inLanguage\":\"pt-BR\",\"@id\":\"https:\/\/www.institutodeengenharia.org.br\/site\/2010\/08\/05\/pesquisa-aponta-as-areas-e-cargos-que-mais-cresceram-nos-ultimos-quatro-meses-no-quesito-salario\/#primaryimage\",\"url\":\"https:\/\/www.institutodeengenharia.org.br\/site\/wp-content\/uploads\/2017\/10\/ranking(1).jpg\",\"contentUrl\":\"https:\/\/www.institutodeengenharia.org.br\/site\/wp-content\/uploads\/2017\/10\/ranking(1).jpg\",\"width\":640,\"height\":305},{\"@type\":\"BreadcrumbList\",\"@id\":\"https:\/\/www.institutodeengenharia.org.br\/site\/2010\/08\/05\/pesquisa-aponta-as-areas-e-cargos-que-mais-cresceram-nos-ultimos-quatro-meses-no-quesito-salario\/#breadcrumb\",\"itemListElement\":[{\"@type\":\"ListItem\",\"position\":1,\"name\":\"In\u00edcio\",\"item\":\"https:\/\/www.institutodeengenharia.org.br\/site\/\"},{\"@type\":\"ListItem\",\"position\":2,\"name\":\"Pesquisa aponta as \u00e1reas e cargos que mais cresceram nos \u00faltimos quatro meses no quesito sal\u00e1rio\"}]},{\"@type\":\"WebSite\",\"@id\":\"https:\/\/www.institutodeengenharia.org.br\/site\/#website\",\"url\":\"https:\/\/www.institutodeengenharia.org.br\/site\/\",\"name\":\"Instituto de Engenharia\",\"description\":\"O Instituto de Engenharia promove a Engenharia em benef\u00edcio do desenvolvimento e da qualidade de vida da sociedade.\",\"publisher\":{\"@id\":\"https:\/\/www.institutodeengenharia.org.br\/site\/#organization\"},\"potentialAction\":[{\"@type\":\"SearchAction\",\"target\":{\"@type\":\"EntryPoint\",\"urlTemplate\":\"https:\/\/www.institutodeengenharia.org.br\/site\/?s={search_term_string}\"},\"query-input\":{\"@type\":\"PropertyValueSpecification\",\"valueRequired\":true,\"valueName\":\"search_term_string\"}}],\"inLanguage\":\"pt-BR\"},{\"@type\":\"Organization\",\"@id\":\"https:\/\/www.institutodeengenharia.org.br\/site\/#organization\",\"name\":\"Instituto de Engenharia\",\"url\":\"https:\/\/www.institutodeengenharia.org.br\/site\/\",\"logo\":{\"@type\":\"ImageObject\",\"inLanguage\":\"pt-BR\",\"@id\":\"https:\/\/www.institutodeengenharia.org.br\/site\/#\/schema\/logo\/image\/\",\"url\":\"https:\/\/www.institutodeengenharia.org.br\/site\/wp-content\/uploads\/2019\/03\/logo-novo-IE2018-1.jpg\",\"contentUrl\":\"https:\/\/www.institutodeengenharia.org.br\/site\/wp-content\/uploads\/2019\/03\/logo-novo-IE2018-1.jpg\",\"width\":1486,\"height\":1879,\"caption\":\"Instituto de Engenharia\"},\"image\":{\"@id\":\"https:\/\/www.institutodeengenharia.org.br\/site\/#\/schema\/logo\/image\/\"},\"sameAs\":[\"https:\/\/www.facebook.com\/institutodeengenharia\",\"https:\/\/x.com\/iengenharia\",\"https:\/\/www.instagram.com\/institutodeengenharia\/\",\"https:\/\/www.linkedin.com\/company\/instituto-de-engenharia\/\",\"https:\/\/www.youtube.com\/channel\/UCXiCAlsSMe977vamW915HxA\"]},{\"@type\":\"Person\",\"@id\":\"https:\/\/www.institutodeengenharia.org.br\/site\/#\/schema\/person\/3b1ff109facef084739fc2edcb9a127f\",\"name\":\"TMax Tecnologia\",\"image\":{\"@type\":\"ImageObject\",\"inLanguage\":\"pt-BR\",\"@id\":\"https:\/\/secure.gravatar.com\/avatar\/f912434ef7f389c92cb311fcdae346af848465d638912574b3c669070f797701?s=96&d=mm&r=g\",\"url\":\"https:\/\/secure.gravatar.com\/avatar\/f912434ef7f389c92cb311fcdae346af848465d638912574b3c669070f797701?s=96&d=mm&r=g\",\"contentUrl\":\"https:\/\/secure.gravatar.com\/avatar\/f912434ef7f389c92cb311fcdae346af848465d638912574b3c669070f797701?s=96&d=mm&r=g\",\"caption\":\"TMax Tecnologia\"},\"url\":\"https:\/\/www.institutodeengenharia.org.br\/site\/author\/tmax\/\"}]}<\/script>\n<!-- \/ Yoast SEO plugin. -->","yoast_head_json":{"title":"Pesquisa aponta as \u00e1reas e cargos que mais cresceram nos \u00faltimos quatro meses no quesito sal\u00e1rio  - Instituto de Engenharia","robots":{"index":"index","follow":"follow","max-snippet":"max-snippet:-1","max-image-preview":"max-image-preview:large","max-video-preview":"max-video-preview:-1"},"canonical":"https:\/\/www.institutodeengenharia.org.br\/site\/2010\/08\/05\/pesquisa-aponta-as-areas-e-cargos-que-mais-cresceram-nos-ultimos-quatro-meses-no-quesito-salario\/","og_locale":"pt_BR","og_type":"article","og_title":"Pesquisa aponta as \u00e1reas e cargos que mais cresceram nos \u00faltimos quatro meses no quesito sal\u00e1rio  - Instituto de Engenharia","og_description":"Engenharia de Meio Ambiente est\u00e3o entre os que tiveram maiores aumentos salariais\u00a0 Um levantamento realizado pela Catho Online, empresa de curr\u00edculos na internet, identificou os 20 cargos \u2013 e seus respectivos setores \u2013 que obtiveram os maiores aumentos salariais nos \u00faltimos quatro meses. De acordo com o estudo intitulado Pesquisa Salarial e de Benef\u00edcios as [&hellip;]","og_url":"https:\/\/www.institutodeengenharia.org.br\/site\/2010\/08\/05\/pesquisa-aponta-as-areas-e-cargos-que-mais-cresceram-nos-ultimos-quatro-meses-no-quesito-salario\/","og_site_name":"Instituto de Engenharia","article_publisher":"https:\/\/www.facebook.com\/institutodeengenharia","article_published_time":"2010-08-05T22:52:50+00:00","og_image":[{"width":640,"height":305,"url":"https:\/\/www.institutodeengenharia.org.br\/site\/wp-content\/uploads\/2017\/10\/ranking(1).jpg","type":"image\/jpeg"}],"author":"TMax Tecnologia","twitter_card":"summary_large_image","twitter_creator":"@iengenharia","twitter_site":"@iengenharia","twitter_misc":{"Escrito por":"TMax Tecnologia","Est. tempo de leitura":"2 minutos"},"schema":{"@context":"https:\/\/schema.org","@graph":[{"@type":"Article","@id":"https:\/\/www.institutodeengenharia.org.br\/site\/2010\/08\/05\/pesquisa-aponta-as-areas-e-cargos-que-mais-cresceram-nos-ultimos-quatro-meses-no-quesito-salario\/#article","isPartOf":{"@id":"https:\/\/www.institutodeengenharia.org.br\/site\/2010\/08\/05\/pesquisa-aponta-as-areas-e-cargos-que-mais-cresceram-nos-ultimos-quatro-meses-no-quesito-salario\/"},"author":{"name":"TMax Tecnologia","@id":"https:\/\/www.institutodeengenharia.org.br\/site\/#\/schema\/person\/3b1ff109facef084739fc2edcb9a127f"},"headline":"Pesquisa aponta as \u00e1reas e cargos que mais cresceram nos \u00faltimos quatro meses no quesito sal\u00e1rio","datePublished":"2010-08-05T22:52:50+00:00","mainEntityOfPage":{"@id":"https:\/\/www.institutodeengenharia.org.br\/site\/2010\/08\/05\/pesquisa-aponta-as-areas-e-cargos-que-mais-cresceram-nos-ultimos-quatro-meses-no-quesito-salario\/"},"wordCount":365,"commentCount":0,"publisher":{"@id":"https:\/\/www.institutodeengenharia.org.br\/site\/#organization"},"image":{"@id":"https:\/\/www.institutodeengenharia.org.br\/site\/2010\/08\/05\/pesquisa-aponta-as-areas-e-cargos-que-mais-cresceram-nos-ultimos-quatro-meses-no-quesito-salario\/#primaryimage"},"thumbnailUrl":"https:\/\/www.institutodeengenharia.org.br\/site\/wp-content\/uploads\/2017\/10\/ranking(1).jpg","articleSection":["Not\u00edcias","Pesquisa e Desenvolvimento"],"inLanguage":"pt-BR","potentialAction":[{"@type":"CommentAction","name":"Comment","target":["https:\/\/www.institutodeengenharia.org.br\/site\/2010\/08\/05\/pesquisa-aponta-as-areas-e-cargos-que-mais-cresceram-nos-ultimos-quatro-meses-no-quesito-salario\/#respond"]}]},{"@type":"WebPage","@id":"https:\/\/www.institutodeengenharia.org.br\/site\/2010\/08\/05\/pesquisa-aponta-as-areas-e-cargos-que-mais-cresceram-nos-ultimos-quatro-meses-no-quesito-salario\/","url":"https:\/\/www.institutodeengenharia.org.br\/site\/2010\/08\/05\/pesquisa-aponta-as-areas-e-cargos-que-mais-cresceram-nos-ultimos-quatro-meses-no-quesito-salario\/","name":"Pesquisa aponta as \u00e1reas e cargos que mais cresceram nos \u00faltimos quatro meses no quesito sal\u00e1rio - Instituto de Engenharia","isPartOf":{"@id":"https:\/\/www.institutodeengenharia.org.br\/site\/#website"},"primaryImageOfPage":{"@id":"https:\/\/www.institutodeengenharia.org.br\/site\/2010\/08\/05\/pesquisa-aponta-as-areas-e-cargos-que-mais-cresceram-nos-ultimos-quatro-meses-no-quesito-salario\/#primaryimage"},"image":{"@id":"https:\/\/www.institutodeengenharia.org.br\/site\/2010\/08\/05\/pesquisa-aponta-as-areas-e-cargos-que-mais-cresceram-nos-ultimos-quatro-meses-no-quesito-salario\/#primaryimage"},"thumbnailUrl":"https:\/\/www.institutodeengenharia.org.br\/site\/wp-content\/uploads\/2017\/10\/ranking(1).jpg","datePublished":"2010-08-05T22:52:50+00:00","breadcrumb":{"@id":"https:\/\/www.institutodeengenharia.org.br\/site\/2010\/08\/05\/pesquisa-aponta-as-areas-e-cargos-que-mais-cresceram-nos-ultimos-quatro-meses-no-quesito-salario\/#breadcrumb"},"inLanguage":"pt-BR","potentialAction":[{"@type":"ReadAction","target":["https:\/\/www.institutodeengenharia.org.br\/site\/2010\/08\/05\/pesquisa-aponta-as-areas-e-cargos-que-mais-cresceram-nos-ultimos-quatro-meses-no-quesito-salario\/"]}]},{"@type":"ImageObject","inLanguage":"pt-BR","@id":"https:\/\/www.institutodeengenharia.org.br\/site\/2010\/08\/05\/pesquisa-aponta-as-areas-e-cargos-que-mais-cresceram-nos-ultimos-quatro-meses-no-quesito-salario\/#primaryimage","url":"https:\/\/www.institutodeengenharia.org.br\/site\/wp-content\/uploads\/2017\/10\/ranking(1).jpg","contentUrl":"https:\/\/www.institutodeengenharia.org.br\/site\/wp-content\/uploads\/2017\/10\/ranking(1).jpg","width":640,"height":305},{"@type":"BreadcrumbList","@id":"https:\/\/www.institutodeengenharia.org.br\/site\/2010\/08\/05\/pesquisa-aponta-as-areas-e-cargos-que-mais-cresceram-nos-ultimos-quatro-meses-no-quesito-salario\/#breadcrumb","itemListElement":[{"@type":"ListItem","position":1,"name":"In\u00edcio","item":"https:\/\/www.institutodeengenharia.org.br\/site\/"},{"@type":"ListItem","position":2,"name":"Pesquisa aponta as \u00e1reas e cargos que mais cresceram nos \u00faltimos quatro meses no quesito sal\u00e1rio"}]},{"@type":"WebSite","@id":"https:\/\/www.institutodeengenharia.org.br\/site\/#website","url":"https:\/\/www.institutodeengenharia.org.br\/site\/","name":"Instituto de Engenharia","description":"O Instituto de Engenharia promove a Engenharia em benef\u00edcio do desenvolvimento e da qualidade de vida da sociedade.","publisher":{"@id":"https:\/\/www.institutodeengenharia.org.br\/site\/#organization"},"potentialAction":[{"@type":"SearchAction","target":{"@type":"EntryPoint","urlTemplate":"https:\/\/www.institutodeengenharia.org.br\/site\/?s={search_term_string}"},"query-input":{"@type":"PropertyValueSpecification","valueRequired":true,"valueName":"search_term_string"}}],"inLanguage":"pt-BR"},{"@type":"Organization","@id":"https:\/\/www.institutodeengenharia.org.br\/site\/#organization","name":"Instituto de Engenharia","url":"https:\/\/www.institutodeengenharia.org.br\/site\/","logo":{"@type":"ImageObject","inLanguage":"pt-BR","@id":"https:\/\/www.institutodeengenharia.org.br\/site\/#\/schema\/logo\/image\/","url":"https:\/\/www.institutodeengenharia.org.br\/site\/wp-content\/uploads\/2019\/03\/logo-novo-IE2018-1.jpg","contentUrl":"https:\/\/www.institutodeengenharia.org.br\/site\/wp-content\/uploads\/2019\/03\/logo-novo-IE2018-1.jpg","width":1486,"height":1879,"caption":"Instituto de Engenharia"},"image":{"@id":"https:\/\/www.institutodeengenharia.org.br\/site\/#\/schema\/logo\/image\/"},"sameAs":["https:\/\/www.facebook.com\/institutodeengenharia","https:\/\/x.com\/iengenharia","https:\/\/www.instagram.com\/institutodeengenharia\/","https:\/\/www.linkedin.com\/company\/instituto-de-engenharia\/","https:\/\/www.youtube.com\/channel\/UCXiCAlsSMe977vamW915HxA"]},{"@type":"Person","@id":"https:\/\/www.institutodeengenharia.org.br\/site\/#\/schema\/person\/3b1ff109facef084739fc2edcb9a127f","name":"TMax Tecnologia","image":{"@type":"ImageObject","inLanguage":"pt-BR","@id":"https:\/\/secure.gravatar.com\/avatar\/f912434ef7f389c92cb311fcdae346af848465d638912574b3c669070f797701?s=96&d=mm&r=g","url":"https:\/\/secure.gravatar.com\/avatar\/f912434ef7f389c92cb311fcdae346af848465d638912574b3c669070f797701?s=96&d=mm&r=g","contentUrl":"https:\/\/secure.gravatar.com\/avatar\/f912434ef7f389c92cb311fcdae346af848465d638912574b3c669070f797701?s=96&d=mm&r=g","caption":"TMax Tecnologia"},"url":"https:\/\/www.institutodeengenharia.org.br\/site\/author\/tmax\/"}]}},"_links":{"self":[{"href":"https:\/\/www.institutodeengenharia.org.br\/site\/wp-json\/wp\/v2\/posts\/18822","targetHints":{"allow":["GET"]}}],"collection":[{"href":"https:\/\/www.institutodeengenharia.org.br\/site\/wp-json\/wp\/v2\/posts"}],"about":[{"href":"https:\/\/www.institutodeengenharia.org.br\/site\/wp-json\/wp\/v2\/types\/post"}],"author":[{"embeddable":true,"href":"https:\/\/www.institutodeengenharia.org.br\/site\/wp-json\/wp\/v2\/users\/1"}],"replies":[{"embeddable":true,"href":"https:\/\/www.institutodeengenharia.org.br\/site\/wp-json\/wp\/v2\/comments?post=18822"}],"version-history":[{"count":0,"href":"https:\/\/www.institutodeengenharia.org.br\/site\/wp-json\/wp\/v2\/posts\/18822\/revisions"}],"wp:featuredmedia":[{"embeddable":true,"href":"https:\/\/www.institutodeengenharia.org.br\/site\/wp-json\/wp\/v2\/media\/18823"}],"wp:attachment":[{"href":"https:\/\/www.institutodeengenharia.org.br\/site\/wp-json\/wp\/v2\/media?parent=18822"}],"wp:term":[{"taxonomy":"category","embeddable":true,"href":"https:\/\/www.institutodeengenharia.org.br\/site\/wp-json\/wp\/v2\/categories?post=18822"},{"taxonomy":"post_tag","embeddable":true,"href":"https:\/\/www.institutodeengenharia.org.br\/site\/wp-json\/wp\/v2\/tags?post=18822"}],"curies":[{"name":"wp","href":"https:\/\/api.w.org\/{rel}","templated":true}]}}