{"id":18816,"date":"2010-08-05T22:52:44","date_gmt":"2010-08-05T22:52:44","guid":{"rendered":"https:\/\/www.institutodeengenharia.org.br\/?p=18816"},"modified":"2010-08-05T14:08:34","modified_gmt":"2010-08-05T14:08:34","slug":"fuvest-tera-novas-carreiras-e-mudanca-no-nome-e-na-duracao-dos-cursos-engenharia-teve-alteracoes","status":"publish","type":"post","link":"https:\/\/www.institutodeengenharia.org.br\/site\/2010\/08\/05\/fuvest-tera-novas-carreiras-e-mudanca-no-nome-e-na-duracao-dos-cursos-engenharia-teve-alteracoes\/","title":{"rendered":"Fuvest ter\u00e1 novas carreiras e mudan\u00e7a no nome e na dura\u00e7\u00e3o dos cursos. Engenharia teve altera\u00e7\u00f5es"},"content":{"rendered":"<p>A Fuvest deste ano traz algumas mudan\u00e7as em rela\u00e7\u00e3o a 2010. Este ano ser\u00e3o oferecidos aos candidatos novas carreiras e um novo curso. Al\u00e9m disso alguns cursos ganharam mais semestres, mais vagas e tiveram o nome modificado, houve tamb\u00e9m o remanejamento de carreiras. <\/p>\n<p>O novo curso de licenciatura em educomunica\u00e7\u00e3o foi aberto pela ECA (Escola de Comunica\u00e7\u00f5es e Artes), com 30 vagas e dura\u00e7\u00e3o de oitos semestres. <\/p>\n<p>Tr\u00eas cursos foram prolongados. O de administra\u00e7\u00e3o diurno passou de oito para dez semestres de dura\u00e7\u00e3o. J\u00e1 o bacharelado em ci\u00eancias dos alimentos e a gradua\u00e7\u00e3o em obstetr\u00edcia ganharam um semestre a mais, passando de nove para dez, e oito para nove semestres, respectivamente. <\/p>\n<p>Entre as novidades, o curso de artes pl\u00e1sticas da ECA passar\u00e1 a se chamar artes visuais. <\/p>\n<p>Na Escola de Engenharia de S\u00e3o Carlos, o curso de arquitetura e urbanismo ganhou 15 novas vagas &#8212; e ter\u00e1 45 no total. <\/p>\n<p><strong>CARREIRAS<\/strong> <\/p>\n<p>A mudan\u00e7a que afetou o maior n\u00famero de faculdades foi a inclus\u00e3o ou separa\u00e7\u00e3o de cursos por carreiras. <\/p>\n<p>Educa\u00e7\u00e3o f\u00edsica e esportes passaram integrar uma nova carreira com ingresso \u00fanico. A escolha passar\u00e1 a ser feita no final quarto semestre, quando o aluno dever\u00e1 optar por um dos tr\u00eas cursos oferecidos: 1) bacharelado em educa\u00e7\u00e3o f\u00edsica, 2) bacharelado em esporte, 3) licenciatura em educa\u00e7\u00e3o f\u00edsica. <\/p>\n<p>Tamb\u00e9m passam a pertencer a uma \u00fanica carreira os bacharelados em Ci\u00eancia da Computa\u00e7\u00e3o, ministrado pelo IME (Instituto de Matem\u00e1tica e Estat\u00edstica, da USP) e o em Sistemas de Informa\u00e7\u00e3o, da Escola de Artes, Ci\u00eancias e Humanidades, na USP Leste. <\/p>\n<p>J\u00e1 os cursos de veterin\u00e1ria de S\u00e3o Paulo e de Pirassununga passam a ser consideradas duas carreiras distintas. <\/p>\n<p><strong>ENGENHARIA<\/strong> <\/p>\n<p>Os alunos dos v\u00e1rios cursos de engenharia ministrados pela Poli (Escola Polit\u00e9cnica) passar\u00e3o a escolher suas especialidades ao final do primeiro ano, que ser\u00e1 comum a todos com base nas notas obtidas nas disciplinas obrigat\u00f3rias. <\/p>\n<p>Tamb\u00e9m houve mudan\u00e7a no nome da carreira de Engenharia na Escola Polit\u00e9cnica e Computa\u00e7\u00e3o para Engenharia na Escola Polit\u00e9cnica <\/p>\n<p><b>Autor: Folha de S.Paulo<\/b><\/p>\n","protected":false},"excerpt":{"rendered":"<p>A Fuvest deste ano traz algumas mudan\u00e7as em rela\u00e7\u00e3o a 2010. Este ano ser\u00e3o oferecidos aos candidatos novas carreiras e um novo curso. Al\u00e9m disso alguns cursos ganharam mais semestres, mais vagas e tiveram o nome modificado, houve tamb\u00e9m o remanejamento de carreiras. O novo curso de licenciatura em educomunica\u00e7\u00e3o foi aberto pela ECA (Escola [&hellip;]<\/p>\n","protected":false},"author":1,"featured_media":0,"comment_status":"open","ping_status":"open","sticky":false,"template":"","format":"standard","meta":{"footnotes":""},"categories":[6,35],"tags":[],"class_list":{"0":"post-18816","1":"post","2":"type-post","3":"status-publish","4":"format-standard","6":"category-noticias","7":"category-pesquisa-e-desenvolvimento"},"yoast_head":"<!-- This site is optimized with the Yoast SEO plugin v27.2 - https:\/\/yoast.com\/product\/yoast-seo-wordpress\/ -->\n<title>Fuvest ter\u00e1 novas carreiras e mudan\u00e7a no nome e na dura\u00e7\u00e3o dos cursos. Engenharia teve altera\u00e7\u00f5es - Instituto de Engenharia<\/title>\n<meta name=\"robots\" content=\"index, follow, max-snippet:-1, max-image-preview:large, max-video-preview:-1\" \/>\n<link rel=\"canonical\" href=\"https:\/\/www.institutodeengenharia.org.br\/site\/2010\/08\/05\/fuvest-tera-novas-carreiras-e-mudanca-no-nome-e-na-duracao-dos-cursos-engenharia-teve-alteracoes\/\" \/>\n<meta property=\"og:locale\" content=\"pt_BR\" \/>\n<meta property=\"og:type\" content=\"article\" \/>\n<meta property=\"og:title\" content=\"Fuvest ter\u00e1 novas carreiras e mudan\u00e7a no nome e na dura\u00e7\u00e3o dos cursos. Engenharia teve altera\u00e7\u00f5es - Instituto de Engenharia\" \/>\n<meta property=\"og:description\" content=\"A Fuvest deste ano traz algumas mudan\u00e7as em rela\u00e7\u00e3o a 2010. Este ano ser\u00e3o oferecidos aos candidatos novas carreiras e um novo curso. Al\u00e9m disso alguns cursos ganharam mais semestres, mais vagas e tiveram o nome modificado, houve tamb\u00e9m o remanejamento de carreiras. O novo curso de licenciatura em educomunica\u00e7\u00e3o foi aberto pela ECA (Escola [&hellip;]\" \/>\n<meta property=\"og:url\" content=\"https:\/\/www.institutodeengenharia.org.br\/site\/2010\/08\/05\/fuvest-tera-novas-carreiras-e-mudanca-no-nome-e-na-duracao-dos-cursos-engenharia-teve-alteracoes\/\" \/>\n<meta property=\"og:site_name\" content=\"Instituto de Engenharia\" \/>\n<meta property=\"article:publisher\" content=\"https:\/\/www.facebook.com\/institutodeengenharia\" \/>\n<meta property=\"article:published_time\" content=\"2010-08-05T22:52:44+00:00\" \/>\n<meta name=\"author\" content=\"TMax Tecnologia\" \/>\n<meta name=\"twitter:card\" content=\"summary_large_image\" \/>\n<meta name=\"twitter:creator\" content=\"@iengenharia\" \/>\n<meta name=\"twitter:site\" content=\"@iengenharia\" \/>\n<meta name=\"twitter:label1\" content=\"Escrito por\" \/>\n\t<meta name=\"twitter:data1\" content=\"TMax Tecnologia\" \/>\n\t<meta name=\"twitter:label2\" content=\"Est. tempo de leitura\" \/>\n\t<meta name=\"twitter:data2\" content=\"2 minutos\" \/>\n<script type=\"application\/ld+json\" class=\"yoast-schema-graph\">{\"@context\":\"https:\/\/schema.org\",\"@graph\":[{\"@type\":\"Article\",\"@id\":\"https:\/\/www.institutodeengenharia.org.br\/site\/2010\/08\/05\/fuvest-tera-novas-carreiras-e-mudanca-no-nome-e-na-duracao-dos-cursos-engenharia-teve-alteracoes\/#article\",\"isPartOf\":{\"@id\":\"https:\/\/www.institutodeengenharia.org.br\/site\/2010\/08\/05\/fuvest-tera-novas-carreiras-e-mudanca-no-nome-e-na-duracao-dos-cursos-engenharia-teve-alteracoes\/\"},\"author\":{\"name\":\"TMax Tecnologia\",\"@id\":\"https:\/\/www.institutodeengenharia.org.br\/site\/#\/schema\/person\/3b1ff109facef084739fc2edcb9a127f\"},\"headline\":\"Fuvest ter\u00e1 novas carreiras e mudan\u00e7a no nome e na dura\u00e7\u00e3o dos cursos. Engenharia teve altera\u00e7\u00f5es\",\"datePublished\":\"2010-08-05T22:52:44+00:00\",\"mainEntityOfPage\":{\"@id\":\"https:\/\/www.institutodeengenharia.org.br\/site\/2010\/08\/05\/fuvest-tera-novas-carreiras-e-mudanca-no-nome-e-na-duracao-dos-cursos-engenharia-teve-alteracoes\/\"},\"wordCount\":391,\"commentCount\":0,\"publisher\":{\"@id\":\"https:\/\/www.institutodeengenharia.org.br\/site\/#organization\"},\"articleSection\":[\"Not\u00edcias\",\"Pesquisa e Desenvolvimento\"],\"inLanguage\":\"pt-BR\",\"potentialAction\":[{\"@type\":\"CommentAction\",\"name\":\"Comment\",\"target\":[\"https:\/\/www.institutodeengenharia.org.br\/site\/2010\/08\/05\/fuvest-tera-novas-carreiras-e-mudanca-no-nome-e-na-duracao-dos-cursos-engenharia-teve-alteracoes\/#respond\"]}]},{\"@type\":\"WebPage\",\"@id\":\"https:\/\/www.institutodeengenharia.org.br\/site\/2010\/08\/05\/fuvest-tera-novas-carreiras-e-mudanca-no-nome-e-na-duracao-dos-cursos-engenharia-teve-alteracoes\/\",\"url\":\"https:\/\/www.institutodeengenharia.org.br\/site\/2010\/08\/05\/fuvest-tera-novas-carreiras-e-mudanca-no-nome-e-na-duracao-dos-cursos-engenharia-teve-alteracoes\/\",\"name\":\"Fuvest ter\u00e1 novas carreiras e mudan\u00e7a no nome e na dura\u00e7\u00e3o dos cursos. Engenharia teve altera\u00e7\u00f5es - Instituto de Engenharia\",\"isPartOf\":{\"@id\":\"https:\/\/www.institutodeengenharia.org.br\/site\/#website\"},\"datePublished\":\"2010-08-05T22:52:44+00:00\",\"breadcrumb\":{\"@id\":\"https:\/\/www.institutodeengenharia.org.br\/site\/2010\/08\/05\/fuvest-tera-novas-carreiras-e-mudanca-no-nome-e-na-duracao-dos-cursos-engenharia-teve-alteracoes\/#breadcrumb\"},\"inLanguage\":\"pt-BR\",\"potentialAction\":[{\"@type\":\"ReadAction\",\"target\":[\"https:\/\/www.institutodeengenharia.org.br\/site\/2010\/08\/05\/fuvest-tera-novas-carreiras-e-mudanca-no-nome-e-na-duracao-dos-cursos-engenharia-teve-alteracoes\/\"]}]},{\"@type\":\"BreadcrumbList\",\"@id\":\"https:\/\/www.institutodeengenharia.org.br\/site\/2010\/08\/05\/fuvest-tera-novas-carreiras-e-mudanca-no-nome-e-na-duracao-dos-cursos-engenharia-teve-alteracoes\/#breadcrumb\",\"itemListElement\":[{\"@type\":\"ListItem\",\"position\":1,\"name\":\"In\u00edcio\",\"item\":\"https:\/\/www.institutodeengenharia.org.br\/site\/\"},{\"@type\":\"ListItem\",\"position\":2,\"name\":\"Fuvest ter\u00e1 novas carreiras e mudan\u00e7a no nome e na dura\u00e7\u00e3o dos cursos. Engenharia teve altera\u00e7\u00f5es\"}]},{\"@type\":\"WebSite\",\"@id\":\"https:\/\/www.institutodeengenharia.org.br\/site\/#website\",\"url\":\"https:\/\/www.institutodeengenharia.org.br\/site\/\",\"name\":\"Instituto de Engenharia\",\"description\":\"O Instituto de Engenharia promove a Engenharia em benef\u00edcio do desenvolvimento e da qualidade de vida da sociedade.\",\"publisher\":{\"@id\":\"https:\/\/www.institutodeengenharia.org.br\/site\/#organization\"},\"potentialAction\":[{\"@type\":\"SearchAction\",\"target\":{\"@type\":\"EntryPoint\",\"urlTemplate\":\"https:\/\/www.institutodeengenharia.org.br\/site\/?s={search_term_string}\"},\"query-input\":{\"@type\":\"PropertyValueSpecification\",\"valueRequired\":true,\"valueName\":\"search_term_string\"}}],\"inLanguage\":\"pt-BR\"},{\"@type\":\"Organization\",\"@id\":\"https:\/\/www.institutodeengenharia.org.br\/site\/#organization\",\"name\":\"Instituto de Engenharia\",\"url\":\"https:\/\/www.institutodeengenharia.org.br\/site\/\",\"logo\":{\"@type\":\"ImageObject\",\"inLanguage\":\"pt-BR\",\"@id\":\"https:\/\/www.institutodeengenharia.org.br\/site\/#\/schema\/logo\/image\/\",\"url\":\"https:\/\/www.institutodeengenharia.org.br\/site\/wp-content\/uploads\/2019\/03\/logo-novo-IE2018-1.jpg\",\"contentUrl\":\"https:\/\/www.institutodeengenharia.org.br\/site\/wp-content\/uploads\/2019\/03\/logo-novo-IE2018-1.jpg\",\"width\":1486,\"height\":1879,\"caption\":\"Instituto de Engenharia\"},\"image\":{\"@id\":\"https:\/\/www.institutodeengenharia.org.br\/site\/#\/schema\/logo\/image\/\"},\"sameAs\":[\"https:\/\/www.facebook.com\/institutodeengenharia\",\"https:\/\/x.com\/iengenharia\",\"https:\/\/www.instagram.com\/institutodeengenharia\/\",\"https:\/\/www.linkedin.com\/company\/instituto-de-engenharia\/\",\"https:\/\/www.youtube.com\/channel\/UCXiCAlsSMe977vamW915HxA\"]},{\"@type\":\"Person\",\"@id\":\"https:\/\/www.institutodeengenharia.org.br\/site\/#\/schema\/person\/3b1ff109facef084739fc2edcb9a127f\",\"name\":\"TMax Tecnologia\",\"image\":{\"@type\":\"ImageObject\",\"inLanguage\":\"pt-BR\",\"@id\":\"https:\/\/secure.gravatar.com\/avatar\/f912434ef7f389c92cb311fcdae346af848465d638912574b3c669070f797701?s=96&d=mm&r=g\",\"url\":\"https:\/\/secure.gravatar.com\/avatar\/f912434ef7f389c92cb311fcdae346af848465d638912574b3c669070f797701?s=96&d=mm&r=g\",\"contentUrl\":\"https:\/\/secure.gravatar.com\/avatar\/f912434ef7f389c92cb311fcdae346af848465d638912574b3c669070f797701?s=96&d=mm&r=g\",\"caption\":\"TMax Tecnologia\"},\"url\":\"https:\/\/www.institutodeengenharia.org.br\/site\/author\/tmax\/\"}]}<\/script>\n<!-- \/ Yoast SEO plugin. -->","yoast_head_json":{"title":"Fuvest ter\u00e1 novas carreiras e mudan\u00e7a no nome e na dura\u00e7\u00e3o dos cursos. Engenharia teve altera\u00e7\u00f5es - Instituto de Engenharia","robots":{"index":"index","follow":"follow","max-snippet":"max-snippet:-1","max-image-preview":"max-image-preview:large","max-video-preview":"max-video-preview:-1"},"canonical":"https:\/\/www.institutodeengenharia.org.br\/site\/2010\/08\/05\/fuvest-tera-novas-carreiras-e-mudanca-no-nome-e-na-duracao-dos-cursos-engenharia-teve-alteracoes\/","og_locale":"pt_BR","og_type":"article","og_title":"Fuvest ter\u00e1 novas carreiras e mudan\u00e7a no nome e na dura\u00e7\u00e3o dos cursos. Engenharia teve altera\u00e7\u00f5es - Instituto de Engenharia","og_description":"A Fuvest deste ano traz algumas mudan\u00e7as em rela\u00e7\u00e3o a 2010. Este ano ser\u00e3o oferecidos aos candidatos novas carreiras e um novo curso. Al\u00e9m disso alguns cursos ganharam mais semestres, mais vagas e tiveram o nome modificado, houve tamb\u00e9m o remanejamento de carreiras. O novo curso de licenciatura em educomunica\u00e7\u00e3o foi aberto pela ECA (Escola [&hellip;]","og_url":"https:\/\/www.institutodeengenharia.org.br\/site\/2010\/08\/05\/fuvest-tera-novas-carreiras-e-mudanca-no-nome-e-na-duracao-dos-cursos-engenharia-teve-alteracoes\/","og_site_name":"Instituto de Engenharia","article_publisher":"https:\/\/www.facebook.com\/institutodeengenharia","article_published_time":"2010-08-05T22:52:44+00:00","author":"TMax Tecnologia","twitter_card":"summary_large_image","twitter_creator":"@iengenharia","twitter_site":"@iengenharia","twitter_misc":{"Escrito por":"TMax Tecnologia","Est. tempo de leitura":"2 minutos"},"schema":{"@context":"https:\/\/schema.org","@graph":[{"@type":"Article","@id":"https:\/\/www.institutodeengenharia.org.br\/site\/2010\/08\/05\/fuvest-tera-novas-carreiras-e-mudanca-no-nome-e-na-duracao-dos-cursos-engenharia-teve-alteracoes\/#article","isPartOf":{"@id":"https:\/\/www.institutodeengenharia.org.br\/site\/2010\/08\/05\/fuvest-tera-novas-carreiras-e-mudanca-no-nome-e-na-duracao-dos-cursos-engenharia-teve-alteracoes\/"},"author":{"name":"TMax Tecnologia","@id":"https:\/\/www.institutodeengenharia.org.br\/site\/#\/schema\/person\/3b1ff109facef084739fc2edcb9a127f"},"headline":"Fuvest ter\u00e1 novas carreiras e mudan\u00e7a no nome e na dura\u00e7\u00e3o dos cursos. Engenharia teve altera\u00e7\u00f5es","datePublished":"2010-08-05T22:52:44+00:00","mainEntityOfPage":{"@id":"https:\/\/www.institutodeengenharia.org.br\/site\/2010\/08\/05\/fuvest-tera-novas-carreiras-e-mudanca-no-nome-e-na-duracao-dos-cursos-engenharia-teve-alteracoes\/"},"wordCount":391,"commentCount":0,"publisher":{"@id":"https:\/\/www.institutodeengenharia.org.br\/site\/#organization"},"articleSection":["Not\u00edcias","Pesquisa e Desenvolvimento"],"inLanguage":"pt-BR","potentialAction":[{"@type":"CommentAction","name":"Comment","target":["https:\/\/www.institutodeengenharia.org.br\/site\/2010\/08\/05\/fuvest-tera-novas-carreiras-e-mudanca-no-nome-e-na-duracao-dos-cursos-engenharia-teve-alteracoes\/#respond"]}]},{"@type":"WebPage","@id":"https:\/\/www.institutodeengenharia.org.br\/site\/2010\/08\/05\/fuvest-tera-novas-carreiras-e-mudanca-no-nome-e-na-duracao-dos-cursos-engenharia-teve-alteracoes\/","url":"https:\/\/www.institutodeengenharia.org.br\/site\/2010\/08\/05\/fuvest-tera-novas-carreiras-e-mudanca-no-nome-e-na-duracao-dos-cursos-engenharia-teve-alteracoes\/","name":"Fuvest ter\u00e1 novas carreiras e mudan\u00e7a no nome e na dura\u00e7\u00e3o dos cursos. Engenharia teve altera\u00e7\u00f5es - Instituto de Engenharia","isPartOf":{"@id":"https:\/\/www.institutodeengenharia.org.br\/site\/#website"},"datePublished":"2010-08-05T22:52:44+00:00","breadcrumb":{"@id":"https:\/\/www.institutodeengenharia.org.br\/site\/2010\/08\/05\/fuvest-tera-novas-carreiras-e-mudanca-no-nome-e-na-duracao-dos-cursos-engenharia-teve-alteracoes\/#breadcrumb"},"inLanguage":"pt-BR","potentialAction":[{"@type":"ReadAction","target":["https:\/\/www.institutodeengenharia.org.br\/site\/2010\/08\/05\/fuvest-tera-novas-carreiras-e-mudanca-no-nome-e-na-duracao-dos-cursos-engenharia-teve-alteracoes\/"]}]},{"@type":"BreadcrumbList","@id":"https:\/\/www.institutodeengenharia.org.br\/site\/2010\/08\/05\/fuvest-tera-novas-carreiras-e-mudanca-no-nome-e-na-duracao-dos-cursos-engenharia-teve-alteracoes\/#breadcrumb","itemListElement":[{"@type":"ListItem","position":1,"name":"In\u00edcio","item":"https:\/\/www.institutodeengenharia.org.br\/site\/"},{"@type":"ListItem","position":2,"name":"Fuvest ter\u00e1 novas carreiras e mudan\u00e7a no nome e na dura\u00e7\u00e3o dos cursos. Engenharia teve altera\u00e7\u00f5es"}]},{"@type":"WebSite","@id":"https:\/\/www.institutodeengenharia.org.br\/site\/#website","url":"https:\/\/www.institutodeengenharia.org.br\/site\/","name":"Instituto de Engenharia","description":"O Instituto de Engenharia promove a Engenharia em benef\u00edcio do desenvolvimento e da qualidade de vida da sociedade.","publisher":{"@id":"https:\/\/www.institutodeengenharia.org.br\/site\/#organization"},"potentialAction":[{"@type":"SearchAction","target":{"@type":"EntryPoint","urlTemplate":"https:\/\/www.institutodeengenharia.org.br\/site\/?s={search_term_string}"},"query-input":{"@type":"PropertyValueSpecification","valueRequired":true,"valueName":"search_term_string"}}],"inLanguage":"pt-BR"},{"@type":"Organization","@id":"https:\/\/www.institutodeengenharia.org.br\/site\/#organization","name":"Instituto de Engenharia","url":"https:\/\/www.institutodeengenharia.org.br\/site\/","logo":{"@type":"ImageObject","inLanguage":"pt-BR","@id":"https:\/\/www.institutodeengenharia.org.br\/site\/#\/schema\/logo\/image\/","url":"https:\/\/www.institutodeengenharia.org.br\/site\/wp-content\/uploads\/2019\/03\/logo-novo-IE2018-1.jpg","contentUrl":"https:\/\/www.institutodeengenharia.org.br\/site\/wp-content\/uploads\/2019\/03\/logo-novo-IE2018-1.jpg","width":1486,"height":1879,"caption":"Instituto de Engenharia"},"image":{"@id":"https:\/\/www.institutodeengenharia.org.br\/site\/#\/schema\/logo\/image\/"},"sameAs":["https:\/\/www.facebook.com\/institutodeengenharia","https:\/\/x.com\/iengenharia","https:\/\/www.instagram.com\/institutodeengenharia\/","https:\/\/www.linkedin.com\/company\/instituto-de-engenharia\/","https:\/\/www.youtube.com\/channel\/UCXiCAlsSMe977vamW915HxA"]},{"@type":"Person","@id":"https:\/\/www.institutodeengenharia.org.br\/site\/#\/schema\/person\/3b1ff109facef084739fc2edcb9a127f","name":"TMax Tecnologia","image":{"@type":"ImageObject","inLanguage":"pt-BR","@id":"https:\/\/secure.gravatar.com\/avatar\/f912434ef7f389c92cb311fcdae346af848465d638912574b3c669070f797701?s=96&d=mm&r=g","url":"https:\/\/secure.gravatar.com\/avatar\/f912434ef7f389c92cb311fcdae346af848465d638912574b3c669070f797701?s=96&d=mm&r=g","contentUrl":"https:\/\/secure.gravatar.com\/avatar\/f912434ef7f389c92cb311fcdae346af848465d638912574b3c669070f797701?s=96&d=mm&r=g","caption":"TMax Tecnologia"},"url":"https:\/\/www.institutodeengenharia.org.br\/site\/author\/tmax\/"}]}},"_links":{"self":[{"href":"https:\/\/www.institutodeengenharia.org.br\/site\/wp-json\/wp\/v2\/posts\/18816","targetHints":{"allow":["GET"]}}],"collection":[{"href":"https:\/\/www.institutodeengenharia.org.br\/site\/wp-json\/wp\/v2\/posts"}],"about":[{"href":"https:\/\/www.institutodeengenharia.org.br\/site\/wp-json\/wp\/v2\/types\/post"}],"author":[{"embeddable":true,"href":"https:\/\/www.institutodeengenharia.org.br\/site\/wp-json\/wp\/v2\/users\/1"}],"replies":[{"embeddable":true,"href":"https:\/\/www.institutodeengenharia.org.br\/site\/wp-json\/wp\/v2\/comments?post=18816"}],"version-history":[{"count":0,"href":"https:\/\/www.institutodeengenharia.org.br\/site\/wp-json\/wp\/v2\/posts\/18816\/revisions"}],"wp:attachment":[{"href":"https:\/\/www.institutodeengenharia.org.br\/site\/wp-json\/wp\/v2\/media?parent=18816"}],"wp:term":[{"taxonomy":"category","embeddable":true,"href":"https:\/\/www.institutodeengenharia.org.br\/site\/wp-json\/wp\/v2\/categories?post=18816"},{"taxonomy":"post_tag","embeddable":true,"href":"https:\/\/www.institutodeengenharia.org.br\/site\/wp-json\/wp\/v2\/tags?post=18816"}],"curies":[{"name":"wp","href":"https:\/\/api.w.org\/{rel}","templated":true}]}}