{"id":18590,"date":"2010-07-14T22:50:04","date_gmt":"2010-07-14T22:50:04","guid":{"rendered":"https:\/\/www.institutodeengenharia.org.br\/?p=18590"},"modified":"2010-07-14T16:47:06","modified_gmt":"2010-07-14T16:47:06","slug":"ong-critica-acordo-entre-brasil-e-ue-para-produzir-etanol-em-mocambique","status":"publish","type":"post","link":"https:\/\/www.institutodeengenharia.org.br\/site\/2010\/07\/14\/ong-critica-acordo-entre-brasil-e-ue-para-produzir-etanol-em-mocambique\/","title":{"rendered":"ONG critica acordo entre Brasil e UE para produzir etanol em Mo\u00e7ambique"},"content":{"rendered":"<p>Uma organiza\u00e7\u00e3o ambientalista internacional classificou nesta quarta-feira como &#8220;imoral e perverso&#8221; o acordo anunciado por Brasil e Uni\u00e3o Europeia para colaborar em projetos de produ\u00e7\u00e3o de biocombust\u00edveis em Mo\u00e7ambique. <\/p>\n<p>&#8220;Usar milhares de hectares de terra agr\u00edcola para planta\u00e7\u00f5es de jatrofa (planta tamb\u00e9m conhecida como pinh\u00e3o-manso) e cana-de-a\u00e7\u00facar em Mo\u00e7ambique, um pa\u00eds que sofre de fome permanente, para cultivos destinados a abastecer carros europeus \u00e9 imoral e perverso&#8221;, afirmou Adrian Bebb, coordenador da ONG Friends of the Earth International (FOEI, da sigla em ingl\u00eas) para temas de alimenta\u00e7\u00e3o. <\/p>\n<p>Segundo a representante da ONG no pa\u00eds africano, Anabela Lemos, a amplia\u00e7\u00e3o de planta\u00e7\u00f5es para a fabrica\u00e7\u00e3o de biocombust\u00edveis em Mo\u00e7ambique &#8220;est\u00e1 ocupando terras f\u00e9rteis utilizadas pelas comunidades locais para plantar alimentos, al\u00e9m de criar condi\u00e7\u00f5es de trabalho prec\u00e1rias para os trabalhadores locais e gerar conflitos por posse de terra&#8221;. <\/p>\n<p>Empresas estrangeiras de biocombust\u00edveis j\u00e1 teriam solicitado o direito de utilizar cerca de 4,8 milh\u00f5es de hectares de terras mo\u00e7ambicanas, quase 15% de toda \u00e1rea cultiv\u00e1vel no pa\u00eds, de acordo com Lemos.<\/p>\n<p>&#8220;Queremos investimentos reais na agricultura que nos permitam produzir alimentos, n\u00e3o combust\u00edvel para abastecer carros estrangeiros&#8221;, disse a ONG em um comunicado. <\/p>\n<p><strong>Benef\u00edcios<\/strong> <\/p>\n<p>O pacto, assinado durante a c\u00fapula bilateral que l\u00edderes brasileiros e europeus celebram nesta quarta-feira em Bras\u00edlia, \u00e9 considerado como o primeiro passo para uma coopera\u00e7\u00e3o triangular mais ampla entre o Brasil, a Uni\u00e3o Europeia e pa\u00edses africanos, cujo foco principal dever\u00e1 ser o desenvolvimento de energias renov\u00e1veis na \u00c1frica.&nbsp;<\/p>\n<p>Nessa associa\u00e7\u00e3o, o Brasil &#8211; maior produtor mundial de etanol &#8211; entraria com sua experi\u00eancia e tecnologia. <\/p>\n<p>As ind\u00fastrias brasileiras que decidirem investir na \u00c1frica se beneficiariam de um acesso facilitado ao mercado europeu, j\u00e1 que Mo\u00e7ambique pode exportar a\u00e7\u00facar e etanol \u00e0 Uni\u00e3o Europeia sem as tarifas de importa\u00e7\u00e3o impostas ao Brasil, um privil\u00e9gio concedido \u00e0s ex-col\u00f4nias europeias. <\/p>\n<p>A Uni\u00e3o Europeia, por sua vez, garantiria a compra do combust\u00edvel por pre\u00e7os competitivos para cumprir seu objetivo de que 10% de toda a energia consumida por seu setor de transportes seja de fonte renov\u00e1vel at\u00e9 2020. <\/p>\n<p>J\u00e1 em rela\u00e7\u00e3o aos pa\u00edses africanos, as autoridades brasileiras e europeias defendem que o acordo daria a chance de conseguirem autossufici\u00eancia energ\u00e9tica e oportunidades de melhorar a renda dos produtores pobres. <\/p>\n<p>Estes argumentos, no entanto, s\u00e3o contestados pela FOEI, que alega que os biocombust\u00edveis &#8220;n\u00e3o s\u00e3o a solu\u00e7\u00e3o para os problemas de mudan\u00e7a clim\u00e1tica global, nem de seguran\u00e7a energ\u00e9tica ou pobreza em Mo\u00e7ambique&#8221;.<\/p>\n<p><b>Autor: BBC<\/b><\/p>\n","protected":false},"excerpt":{"rendered":"<p>Uma organiza\u00e7\u00e3o ambientalista internacional classificou nesta quarta-feira como &#8220;imoral e perverso&#8221; o acordo anunciado por Brasil e Uni\u00e3o Europeia para colaborar em projetos de produ\u00e7\u00e3o de biocombust\u00edveis em Mo\u00e7ambique. &#8220;Usar milhares de hectares de terra agr\u00edcola para planta\u00e7\u00f5es de jatrofa (planta tamb\u00e9m conhecida como pinh\u00e3o-manso) e cana-de-a\u00e7\u00facar em Mo\u00e7ambique, um pa\u00eds que sofre de fome [&hellip;]<\/p>\n","protected":false},"author":1,"featured_media":0,"comment_status":"open","ping_status":"open","sticky":false,"template":"","format":"standard","meta":{"footnotes":""},"categories":[24,6],"tags":[],"class_list":{"0":"post-18590","1":"post","2":"type-post","3":"status-publish","4":"format-standard","6":"category-energia","7":"category-noticias"},"yoast_head":"<!-- This site is optimized with the Yoast SEO plugin v27.2 - https:\/\/yoast.com\/product\/yoast-seo-wordpress\/ -->\n<title>ONG critica acordo entre Brasil e UE para produzir etanol em Mo\u00e7ambique - Instituto de Engenharia<\/title>\n<meta name=\"robots\" content=\"index, follow, max-snippet:-1, max-image-preview:large, max-video-preview:-1\" \/>\n<link rel=\"canonical\" href=\"https:\/\/www.institutodeengenharia.org.br\/site\/2010\/07\/14\/ong-critica-acordo-entre-brasil-e-ue-para-produzir-etanol-em-mocambique\/\" \/>\n<meta property=\"og:locale\" content=\"pt_BR\" \/>\n<meta property=\"og:type\" content=\"article\" \/>\n<meta property=\"og:title\" content=\"ONG critica acordo entre Brasil e UE para produzir etanol em Mo\u00e7ambique - Instituto de Engenharia\" \/>\n<meta property=\"og:description\" content=\"Uma organiza\u00e7\u00e3o ambientalista internacional classificou nesta quarta-feira como &#8220;imoral e perverso&#8221; o acordo anunciado por Brasil e Uni\u00e3o Europeia para colaborar em projetos de produ\u00e7\u00e3o de biocombust\u00edveis em Mo\u00e7ambique. &#8220;Usar milhares de hectares de terra agr\u00edcola para planta\u00e7\u00f5es de jatrofa (planta tamb\u00e9m conhecida como pinh\u00e3o-manso) e cana-de-a\u00e7\u00facar em Mo\u00e7ambique, um pa\u00eds que sofre de fome [&hellip;]\" \/>\n<meta property=\"og:url\" content=\"https:\/\/www.institutodeengenharia.org.br\/site\/2010\/07\/14\/ong-critica-acordo-entre-brasil-e-ue-para-produzir-etanol-em-mocambique\/\" \/>\n<meta property=\"og:site_name\" content=\"Instituto de Engenharia\" \/>\n<meta property=\"article:publisher\" content=\"https:\/\/www.facebook.com\/institutodeengenharia\" \/>\n<meta property=\"article:published_time\" content=\"2010-07-14T22:50:04+00:00\" \/>\n<meta name=\"author\" content=\"TMax Tecnologia\" \/>\n<meta name=\"twitter:card\" content=\"summary_large_image\" \/>\n<meta name=\"twitter:creator\" content=\"@iengenharia\" \/>\n<meta name=\"twitter:site\" content=\"@iengenharia\" \/>\n<meta name=\"twitter:label1\" content=\"Escrito por\" \/>\n\t<meta name=\"twitter:data1\" content=\"TMax Tecnologia\" \/>\n\t<meta name=\"twitter:label2\" content=\"Est. tempo de leitura\" \/>\n\t<meta name=\"twitter:data2\" content=\"2 minutos\" \/>\n<script type=\"application\/ld+json\" class=\"yoast-schema-graph\">{\"@context\":\"https:\/\/schema.org\",\"@graph\":[{\"@type\":\"Article\",\"@id\":\"https:\/\/www.institutodeengenharia.org.br\/site\/2010\/07\/14\/ong-critica-acordo-entre-brasil-e-ue-para-produzir-etanol-em-mocambique\/#article\",\"isPartOf\":{\"@id\":\"https:\/\/www.institutodeengenharia.org.br\/site\/2010\/07\/14\/ong-critica-acordo-entre-brasil-e-ue-para-produzir-etanol-em-mocambique\/\"},\"author\":{\"name\":\"TMax Tecnologia\",\"@id\":\"https:\/\/www.institutodeengenharia.org.br\/site\/#\/schema\/person\/3b1ff109facef084739fc2edcb9a127f\"},\"headline\":\"ONG critica acordo entre Brasil e UE para produzir etanol em Mo\u00e7ambique\",\"datePublished\":\"2010-07-14T22:50:04+00:00\",\"mainEntityOfPage\":{\"@id\":\"https:\/\/www.institutodeengenharia.org.br\/site\/2010\/07\/14\/ong-critica-acordo-entre-brasil-e-ue-para-produzir-etanol-em-mocambique\/\"},\"wordCount\":476,\"commentCount\":0,\"publisher\":{\"@id\":\"https:\/\/www.institutodeengenharia.org.br\/site\/#organization\"},\"articleSection\":[\"Energia\",\"Not\u00edcias\"],\"inLanguage\":\"pt-BR\",\"potentialAction\":[{\"@type\":\"CommentAction\",\"name\":\"Comment\",\"target\":[\"https:\/\/www.institutodeengenharia.org.br\/site\/2010\/07\/14\/ong-critica-acordo-entre-brasil-e-ue-para-produzir-etanol-em-mocambique\/#respond\"]}]},{\"@type\":\"WebPage\",\"@id\":\"https:\/\/www.institutodeengenharia.org.br\/site\/2010\/07\/14\/ong-critica-acordo-entre-brasil-e-ue-para-produzir-etanol-em-mocambique\/\",\"url\":\"https:\/\/www.institutodeengenharia.org.br\/site\/2010\/07\/14\/ong-critica-acordo-entre-brasil-e-ue-para-produzir-etanol-em-mocambique\/\",\"name\":\"ONG critica acordo entre Brasil e UE para produzir etanol em Mo\u00e7ambique - Instituto de Engenharia\",\"isPartOf\":{\"@id\":\"https:\/\/www.institutodeengenharia.org.br\/site\/#website\"},\"datePublished\":\"2010-07-14T22:50:04+00:00\",\"breadcrumb\":{\"@id\":\"https:\/\/www.institutodeengenharia.org.br\/site\/2010\/07\/14\/ong-critica-acordo-entre-brasil-e-ue-para-produzir-etanol-em-mocambique\/#breadcrumb\"},\"inLanguage\":\"pt-BR\",\"potentialAction\":[{\"@type\":\"ReadAction\",\"target\":[\"https:\/\/www.institutodeengenharia.org.br\/site\/2010\/07\/14\/ong-critica-acordo-entre-brasil-e-ue-para-produzir-etanol-em-mocambique\/\"]}]},{\"@type\":\"BreadcrumbList\",\"@id\":\"https:\/\/www.institutodeengenharia.org.br\/site\/2010\/07\/14\/ong-critica-acordo-entre-brasil-e-ue-para-produzir-etanol-em-mocambique\/#breadcrumb\",\"itemListElement\":[{\"@type\":\"ListItem\",\"position\":1,\"name\":\"In\u00edcio\",\"item\":\"https:\/\/www.institutodeengenharia.org.br\/site\/\"},{\"@type\":\"ListItem\",\"position\":2,\"name\":\"ONG critica acordo entre Brasil e UE para produzir etanol em Mo\u00e7ambique\"}]},{\"@type\":\"WebSite\",\"@id\":\"https:\/\/www.institutodeengenharia.org.br\/site\/#website\",\"url\":\"https:\/\/www.institutodeengenharia.org.br\/site\/\",\"name\":\"Instituto de Engenharia\",\"description\":\"O Instituto de Engenharia promove a Engenharia em benef\u00edcio do desenvolvimento e da qualidade de vida da sociedade.\",\"publisher\":{\"@id\":\"https:\/\/www.institutodeengenharia.org.br\/site\/#organization\"},\"potentialAction\":[{\"@type\":\"SearchAction\",\"target\":{\"@type\":\"EntryPoint\",\"urlTemplate\":\"https:\/\/www.institutodeengenharia.org.br\/site\/?s={search_term_string}\"},\"query-input\":{\"@type\":\"PropertyValueSpecification\",\"valueRequired\":true,\"valueName\":\"search_term_string\"}}],\"inLanguage\":\"pt-BR\"},{\"@type\":\"Organization\",\"@id\":\"https:\/\/www.institutodeengenharia.org.br\/site\/#organization\",\"name\":\"Instituto de Engenharia\",\"url\":\"https:\/\/www.institutodeengenharia.org.br\/site\/\",\"logo\":{\"@type\":\"ImageObject\",\"inLanguage\":\"pt-BR\",\"@id\":\"https:\/\/www.institutodeengenharia.org.br\/site\/#\/schema\/logo\/image\/\",\"url\":\"https:\/\/www.institutodeengenharia.org.br\/site\/wp-content\/uploads\/2019\/03\/logo-novo-IE2018-1.jpg\",\"contentUrl\":\"https:\/\/www.institutodeengenharia.org.br\/site\/wp-content\/uploads\/2019\/03\/logo-novo-IE2018-1.jpg\",\"width\":1486,\"height\":1879,\"caption\":\"Instituto de Engenharia\"},\"image\":{\"@id\":\"https:\/\/www.institutodeengenharia.org.br\/site\/#\/schema\/logo\/image\/\"},\"sameAs\":[\"https:\/\/www.facebook.com\/institutodeengenharia\",\"https:\/\/x.com\/iengenharia\",\"https:\/\/www.instagram.com\/institutodeengenharia\/\",\"https:\/\/www.linkedin.com\/company\/instituto-de-engenharia\/\",\"https:\/\/www.youtube.com\/channel\/UCXiCAlsSMe977vamW915HxA\"]},{\"@type\":\"Person\",\"@id\":\"https:\/\/www.institutodeengenharia.org.br\/site\/#\/schema\/person\/3b1ff109facef084739fc2edcb9a127f\",\"name\":\"TMax Tecnologia\",\"image\":{\"@type\":\"ImageObject\",\"inLanguage\":\"pt-BR\",\"@id\":\"https:\/\/secure.gravatar.com\/avatar\/f912434ef7f389c92cb311fcdae346af848465d638912574b3c669070f797701?s=96&d=mm&r=g\",\"url\":\"https:\/\/secure.gravatar.com\/avatar\/f912434ef7f389c92cb311fcdae346af848465d638912574b3c669070f797701?s=96&d=mm&r=g\",\"contentUrl\":\"https:\/\/secure.gravatar.com\/avatar\/f912434ef7f389c92cb311fcdae346af848465d638912574b3c669070f797701?s=96&d=mm&r=g\",\"caption\":\"TMax Tecnologia\"},\"url\":\"https:\/\/www.institutodeengenharia.org.br\/site\/author\/tmax\/\"}]}<\/script>\n<!-- \/ Yoast SEO plugin. -->","yoast_head_json":{"title":"ONG critica acordo entre Brasil e UE para produzir etanol em Mo\u00e7ambique - Instituto de Engenharia","robots":{"index":"index","follow":"follow","max-snippet":"max-snippet:-1","max-image-preview":"max-image-preview:large","max-video-preview":"max-video-preview:-1"},"canonical":"https:\/\/www.institutodeengenharia.org.br\/site\/2010\/07\/14\/ong-critica-acordo-entre-brasil-e-ue-para-produzir-etanol-em-mocambique\/","og_locale":"pt_BR","og_type":"article","og_title":"ONG critica acordo entre Brasil e UE para produzir etanol em Mo\u00e7ambique - Instituto de Engenharia","og_description":"Uma organiza\u00e7\u00e3o ambientalista internacional classificou nesta quarta-feira como &#8220;imoral e perverso&#8221; o acordo anunciado por Brasil e Uni\u00e3o Europeia para colaborar em projetos de produ\u00e7\u00e3o de biocombust\u00edveis em Mo\u00e7ambique. &#8220;Usar milhares de hectares de terra agr\u00edcola para planta\u00e7\u00f5es de jatrofa (planta tamb\u00e9m conhecida como pinh\u00e3o-manso) e cana-de-a\u00e7\u00facar em Mo\u00e7ambique, um pa\u00eds que sofre de fome [&hellip;]","og_url":"https:\/\/www.institutodeengenharia.org.br\/site\/2010\/07\/14\/ong-critica-acordo-entre-brasil-e-ue-para-produzir-etanol-em-mocambique\/","og_site_name":"Instituto de Engenharia","article_publisher":"https:\/\/www.facebook.com\/institutodeengenharia","article_published_time":"2010-07-14T22:50:04+00:00","author":"TMax Tecnologia","twitter_card":"summary_large_image","twitter_creator":"@iengenharia","twitter_site":"@iengenharia","twitter_misc":{"Escrito por":"TMax Tecnologia","Est. tempo de leitura":"2 minutos"},"schema":{"@context":"https:\/\/schema.org","@graph":[{"@type":"Article","@id":"https:\/\/www.institutodeengenharia.org.br\/site\/2010\/07\/14\/ong-critica-acordo-entre-brasil-e-ue-para-produzir-etanol-em-mocambique\/#article","isPartOf":{"@id":"https:\/\/www.institutodeengenharia.org.br\/site\/2010\/07\/14\/ong-critica-acordo-entre-brasil-e-ue-para-produzir-etanol-em-mocambique\/"},"author":{"name":"TMax Tecnologia","@id":"https:\/\/www.institutodeengenharia.org.br\/site\/#\/schema\/person\/3b1ff109facef084739fc2edcb9a127f"},"headline":"ONG critica acordo entre Brasil e UE para produzir etanol em Mo\u00e7ambique","datePublished":"2010-07-14T22:50:04+00:00","mainEntityOfPage":{"@id":"https:\/\/www.institutodeengenharia.org.br\/site\/2010\/07\/14\/ong-critica-acordo-entre-brasil-e-ue-para-produzir-etanol-em-mocambique\/"},"wordCount":476,"commentCount":0,"publisher":{"@id":"https:\/\/www.institutodeengenharia.org.br\/site\/#organization"},"articleSection":["Energia","Not\u00edcias"],"inLanguage":"pt-BR","potentialAction":[{"@type":"CommentAction","name":"Comment","target":["https:\/\/www.institutodeengenharia.org.br\/site\/2010\/07\/14\/ong-critica-acordo-entre-brasil-e-ue-para-produzir-etanol-em-mocambique\/#respond"]}]},{"@type":"WebPage","@id":"https:\/\/www.institutodeengenharia.org.br\/site\/2010\/07\/14\/ong-critica-acordo-entre-brasil-e-ue-para-produzir-etanol-em-mocambique\/","url":"https:\/\/www.institutodeengenharia.org.br\/site\/2010\/07\/14\/ong-critica-acordo-entre-brasil-e-ue-para-produzir-etanol-em-mocambique\/","name":"ONG critica acordo entre Brasil e UE para produzir etanol em Mo\u00e7ambique - Instituto de Engenharia","isPartOf":{"@id":"https:\/\/www.institutodeengenharia.org.br\/site\/#website"},"datePublished":"2010-07-14T22:50:04+00:00","breadcrumb":{"@id":"https:\/\/www.institutodeengenharia.org.br\/site\/2010\/07\/14\/ong-critica-acordo-entre-brasil-e-ue-para-produzir-etanol-em-mocambique\/#breadcrumb"},"inLanguage":"pt-BR","potentialAction":[{"@type":"ReadAction","target":["https:\/\/www.institutodeengenharia.org.br\/site\/2010\/07\/14\/ong-critica-acordo-entre-brasil-e-ue-para-produzir-etanol-em-mocambique\/"]}]},{"@type":"BreadcrumbList","@id":"https:\/\/www.institutodeengenharia.org.br\/site\/2010\/07\/14\/ong-critica-acordo-entre-brasil-e-ue-para-produzir-etanol-em-mocambique\/#breadcrumb","itemListElement":[{"@type":"ListItem","position":1,"name":"In\u00edcio","item":"https:\/\/www.institutodeengenharia.org.br\/site\/"},{"@type":"ListItem","position":2,"name":"ONG critica acordo entre Brasil e UE para produzir etanol em Mo\u00e7ambique"}]},{"@type":"WebSite","@id":"https:\/\/www.institutodeengenharia.org.br\/site\/#website","url":"https:\/\/www.institutodeengenharia.org.br\/site\/","name":"Instituto de Engenharia","description":"O Instituto de Engenharia promove a Engenharia em benef\u00edcio do desenvolvimento e da qualidade de vida da sociedade.","publisher":{"@id":"https:\/\/www.institutodeengenharia.org.br\/site\/#organization"},"potentialAction":[{"@type":"SearchAction","target":{"@type":"EntryPoint","urlTemplate":"https:\/\/www.institutodeengenharia.org.br\/site\/?s={search_term_string}"},"query-input":{"@type":"PropertyValueSpecification","valueRequired":true,"valueName":"search_term_string"}}],"inLanguage":"pt-BR"},{"@type":"Organization","@id":"https:\/\/www.institutodeengenharia.org.br\/site\/#organization","name":"Instituto de Engenharia","url":"https:\/\/www.institutodeengenharia.org.br\/site\/","logo":{"@type":"ImageObject","inLanguage":"pt-BR","@id":"https:\/\/www.institutodeengenharia.org.br\/site\/#\/schema\/logo\/image\/","url":"https:\/\/www.institutodeengenharia.org.br\/site\/wp-content\/uploads\/2019\/03\/logo-novo-IE2018-1.jpg","contentUrl":"https:\/\/www.institutodeengenharia.org.br\/site\/wp-content\/uploads\/2019\/03\/logo-novo-IE2018-1.jpg","width":1486,"height":1879,"caption":"Instituto de Engenharia"},"image":{"@id":"https:\/\/www.institutodeengenharia.org.br\/site\/#\/schema\/logo\/image\/"},"sameAs":["https:\/\/www.facebook.com\/institutodeengenharia","https:\/\/x.com\/iengenharia","https:\/\/www.instagram.com\/institutodeengenharia\/","https:\/\/www.linkedin.com\/company\/instituto-de-engenharia\/","https:\/\/www.youtube.com\/channel\/UCXiCAlsSMe977vamW915HxA"]},{"@type":"Person","@id":"https:\/\/www.institutodeengenharia.org.br\/site\/#\/schema\/person\/3b1ff109facef084739fc2edcb9a127f","name":"TMax Tecnologia","image":{"@type":"ImageObject","inLanguage":"pt-BR","@id":"https:\/\/secure.gravatar.com\/avatar\/f912434ef7f389c92cb311fcdae346af848465d638912574b3c669070f797701?s=96&d=mm&r=g","url":"https:\/\/secure.gravatar.com\/avatar\/f912434ef7f389c92cb311fcdae346af848465d638912574b3c669070f797701?s=96&d=mm&r=g","contentUrl":"https:\/\/secure.gravatar.com\/avatar\/f912434ef7f389c92cb311fcdae346af848465d638912574b3c669070f797701?s=96&d=mm&r=g","caption":"TMax Tecnologia"},"url":"https:\/\/www.institutodeengenharia.org.br\/site\/author\/tmax\/"}]}},"_links":{"self":[{"href":"https:\/\/www.institutodeengenharia.org.br\/site\/wp-json\/wp\/v2\/posts\/18590","targetHints":{"allow":["GET"]}}],"collection":[{"href":"https:\/\/www.institutodeengenharia.org.br\/site\/wp-json\/wp\/v2\/posts"}],"about":[{"href":"https:\/\/www.institutodeengenharia.org.br\/site\/wp-json\/wp\/v2\/types\/post"}],"author":[{"embeddable":true,"href":"https:\/\/www.institutodeengenharia.org.br\/site\/wp-json\/wp\/v2\/users\/1"}],"replies":[{"embeddable":true,"href":"https:\/\/www.institutodeengenharia.org.br\/site\/wp-json\/wp\/v2\/comments?post=18590"}],"version-history":[{"count":0,"href":"https:\/\/www.institutodeengenharia.org.br\/site\/wp-json\/wp\/v2\/posts\/18590\/revisions"}],"wp:attachment":[{"href":"https:\/\/www.institutodeengenharia.org.br\/site\/wp-json\/wp\/v2\/media?parent=18590"}],"wp:term":[{"taxonomy":"category","embeddable":true,"href":"https:\/\/www.institutodeengenharia.org.br\/site\/wp-json\/wp\/v2\/categories?post=18590"},{"taxonomy":"post_tag","embeddable":true,"href":"https:\/\/www.institutodeengenharia.org.br\/site\/wp-json\/wp\/v2\/tags?post=18590"}],"curies":[{"name":"wp","href":"https:\/\/api.w.org\/{rel}","templated":true}]}}