{"id":18397,"date":"2010-06-17T22:47:29","date_gmt":"2010-06-17T22:47:29","guid":{"rendered":"https:\/\/www.institutodeengenharia.org.br\/?p=18397"},"modified":"2010-06-17T14:34:55","modified_gmt":"2010-06-17T14:34:55","slug":"governo-estuda-regime-para-dar-incentivo-a-veiculos-eletricos-e-hibridos","status":"publish","type":"post","link":"https:\/\/www.institutodeengenharia.org.br\/site\/2010\/06\/17\/governo-estuda-regime-para-dar-incentivo-a-veiculos-eletricos-e-hibridos\/","title":{"rendered":"Governo estuda regime para dar incentivo a ve\u00edculos el\u00e9tricos e h\u00edbridos"},"content":{"rendered":"<p>O governo estuda a cria\u00e7\u00e3o de um amplo regime automotivo para carros el\u00e9trico e h\u00edbrido (que funcionam com eletricidade, etanol e combust\u00edvel f\u00f3ssil). Pela proposta &#8211; apresentada pelo Minist\u00e9rio da Fazenda na noite desta quarta-feira ao grupo interministerial encarregado de elaborar o projeto final &#8211; ser\u00e3o derrubados impostos desta cadeia produtiva e concedido financiamento a custo baixo. <\/p>\n<p>O objetivo \u00e9 tirar o primeiro ve\u00edculo de passeio h\u00edbrido brasileiro das f\u00e1bricas instaladas no pa\u00eds entre 2011 e 2012. O modelo el\u00e9trico de tecnologia nacional ganharia as ruas em 2013. <\/p>\n<p>O projeto prev\u00ea um firme compromisso de governo e montadoras com pesquisa, de forma a desenvolver uma tecnologia brasileira para carros el\u00e9trico e h\u00edbrido e a aperfei\u00e7oar o know-how com o \u00e1lcool combust\u00edvel. Por meio de uma funda\u00e7\u00e3o, um centro ou uma associa\u00e7\u00e3o de car\u00e1ter p\u00fablico-privado, pretende-se promover o incentivo \u00e0 pesquisa. <\/p>\n<p>&#8211; N\u00e3o existe montadora brasileira, ent\u00e3o n\u00e3o existe tecnologia do pa\u00eds (para carro el\u00e9trico). A pesquisa hoje est\u00e1 dentro das empresas, sujeita a sigilo industrial. Sem compartilhamento, n\u00e3o vamos desenvolver um mercado interno de massa &#8211; explicou ao GLOBO um t\u00e9cnico que acompanha a discuss\u00e3o interministerial. <\/p>\n<p>Desonera\u00e7\u00e3o deve incluir redu\u00e7\u00e3o de IPI, PIS e Cofins <br \/>\nDo ponto de vista do regime automotivo, a f\u00f3rmula de desonera\u00e7\u00e3o dever\u00e1 envolver a isen\u00e7\u00e3o ou a redu\u00e7\u00e3o das al\u00edquotas de IPI, PIS e Cofins, que imp\u00f5em a maior carga tribut\u00e1ria ao setor automotivo. No caso dos financiamentos, existe um leque mais amplo. Por exemplo, aproveitar linhas com juros subsidiados da Financiadora de Estudos e Projetos (Finep) e do BNDES. <\/p>\n<p>&#8211; O forte investimento em projetos de transporte urbano que utilizem \u00f4nibus h\u00edbridos ou el\u00e9tricos tamb\u00e9m \u00e9 essencial para deslanchar o programa e massificar a tecnologia &#8211; afirmou a fonte. <\/p>\n<p>O programa prev\u00ea ainda um planejamento estrat\u00e9gico quanto ao uso do sistema el\u00e9trico, especialmente nas grandes regi\u00f5es metropolitanas, que dever\u00e3o ser os primeiros mercados do carro el\u00e9trico. Isso porque, literalmente, esses ve\u00edculos ser\u00e3o ligados na tomada, requerendo investimentos em redes de alta voltagem e seguran\u00e7a. Al\u00e9m disso, \u00e9 preciso estabelecer a log\u00edstica de carregamento dos ve\u00edculos fora de casa. <\/p>\n<p>Por press\u00e3o do ministro do Desenvolvimento, Miguel Jorge, e do presidente Luiz In\u00e1cio Lula da Silva, os carros flex (gasolina e \u00e1lcool) dever\u00e3o ser inclu\u00eddos no pacote de desonera\u00e7\u00e3o em elabora\u00e7\u00e3o pela equipe do ministro da Fazenda, Guido Mantega. Recentemente, Mantega e Miguel Jorge protagonizaram uma briga arbitrada por Lula. O Desenvolvimento criticou o fato de o programa que seria lan\u00e7ado pela Fazenda n\u00e3o incluir os modelos flex, o que prejudicaria o programa de etanol. Lula mandou que fosse reavaliado &#8211; embora a Fazenda tenha negado a inten\u00e7\u00e3o ao presidente. <\/p>\n<p><b>Autor: O Globo<\/b><\/p>\n","protected":false},"excerpt":{"rendered":"<p>O governo estuda a cria\u00e7\u00e3o de um amplo regime automotivo para carros el\u00e9trico e h\u00edbrido (que funcionam com eletricidade, etanol e combust\u00edvel f\u00f3ssil). Pela proposta &#8211; apresentada pelo Minist\u00e9rio da Fazenda na noite desta quarta-feira ao grupo interministerial encarregado de elaborar o projeto final &#8211; ser\u00e3o derrubados impostos desta cadeia produtiva e concedido financiamento a [&hellip;]<\/p>\n","protected":false},"author":1,"featured_media":0,"comment_status":"open","ping_status":"open","sticky":false,"template":"","format":"standard","meta":{"footnotes":""},"categories":[24,6],"tags":[],"class_list":{"0":"post-18397","1":"post","2":"type-post","3":"status-publish","4":"format-standard","6":"category-energia","7":"category-noticias"},"yoast_head":"<!-- This site is optimized with the Yoast SEO plugin v27.2 - https:\/\/yoast.com\/product\/yoast-seo-wordpress\/ -->\n<title>Governo estuda regime para dar incentivo a ve\u00edculos el\u00e9tricos e h\u00edbridos - Instituto de Engenharia<\/title>\n<meta name=\"robots\" content=\"index, follow, max-snippet:-1, max-image-preview:large, max-video-preview:-1\" \/>\n<link rel=\"canonical\" href=\"https:\/\/www.institutodeengenharia.org.br\/site\/2010\/06\/17\/governo-estuda-regime-para-dar-incentivo-a-veiculos-eletricos-e-hibridos\/\" \/>\n<meta property=\"og:locale\" content=\"pt_BR\" \/>\n<meta property=\"og:type\" content=\"article\" \/>\n<meta property=\"og:title\" content=\"Governo estuda regime para dar incentivo a ve\u00edculos el\u00e9tricos e h\u00edbridos - Instituto de Engenharia\" \/>\n<meta property=\"og:description\" content=\"O governo estuda a cria\u00e7\u00e3o de um amplo regime automotivo para carros el\u00e9trico e h\u00edbrido (que funcionam com eletricidade, etanol e combust\u00edvel f\u00f3ssil). Pela proposta &#8211; apresentada pelo Minist\u00e9rio da Fazenda na noite desta quarta-feira ao grupo interministerial encarregado de elaborar o projeto final &#8211; ser\u00e3o derrubados impostos desta cadeia produtiva e concedido financiamento a [&hellip;]\" \/>\n<meta property=\"og:url\" content=\"https:\/\/www.institutodeengenharia.org.br\/site\/2010\/06\/17\/governo-estuda-regime-para-dar-incentivo-a-veiculos-eletricos-e-hibridos\/\" \/>\n<meta property=\"og:site_name\" content=\"Instituto de Engenharia\" \/>\n<meta property=\"article:publisher\" content=\"https:\/\/www.facebook.com\/institutodeengenharia\" \/>\n<meta property=\"article:published_time\" content=\"2010-06-17T22:47:29+00:00\" \/>\n<meta name=\"author\" content=\"TMax Tecnologia\" \/>\n<meta name=\"twitter:card\" content=\"summary_large_image\" \/>\n<meta name=\"twitter:creator\" content=\"@iengenharia\" \/>\n<meta name=\"twitter:site\" content=\"@iengenharia\" \/>\n<meta name=\"twitter:label1\" content=\"Escrito por\" \/>\n\t<meta name=\"twitter:data1\" content=\"TMax Tecnologia\" \/>\n\t<meta name=\"twitter:label2\" content=\"Est. tempo de leitura\" \/>\n\t<meta name=\"twitter:data2\" content=\"2 minutos\" \/>\n<script type=\"application\/ld+json\" class=\"yoast-schema-graph\">{\"@context\":\"https:\/\/schema.org\",\"@graph\":[{\"@type\":\"Article\",\"@id\":\"https:\/\/www.institutodeengenharia.org.br\/site\/2010\/06\/17\/governo-estuda-regime-para-dar-incentivo-a-veiculos-eletricos-e-hibridos\/#article\",\"isPartOf\":{\"@id\":\"https:\/\/www.institutodeengenharia.org.br\/site\/2010\/06\/17\/governo-estuda-regime-para-dar-incentivo-a-veiculos-eletricos-e-hibridos\/\"},\"author\":{\"name\":\"TMax Tecnologia\",\"@id\":\"https:\/\/www.institutodeengenharia.org.br\/site\/#\/schema\/person\/3b1ff109facef084739fc2edcb9a127f\"},\"headline\":\"Governo estuda regime para dar incentivo a ve\u00edculos el\u00e9tricos e h\u00edbridos\",\"datePublished\":\"2010-06-17T22:47:29+00:00\",\"mainEntityOfPage\":{\"@id\":\"https:\/\/www.institutodeengenharia.org.br\/site\/2010\/06\/17\/governo-estuda-regime-para-dar-incentivo-a-veiculos-eletricos-e-hibridos\/\"},\"wordCount\":504,\"commentCount\":0,\"publisher\":{\"@id\":\"https:\/\/www.institutodeengenharia.org.br\/site\/#organization\"},\"articleSection\":[\"Energia\",\"Not\u00edcias\"],\"inLanguage\":\"pt-BR\",\"potentialAction\":[{\"@type\":\"CommentAction\",\"name\":\"Comment\",\"target\":[\"https:\/\/www.institutodeengenharia.org.br\/site\/2010\/06\/17\/governo-estuda-regime-para-dar-incentivo-a-veiculos-eletricos-e-hibridos\/#respond\"]}]},{\"@type\":\"WebPage\",\"@id\":\"https:\/\/www.institutodeengenharia.org.br\/site\/2010\/06\/17\/governo-estuda-regime-para-dar-incentivo-a-veiculos-eletricos-e-hibridos\/\",\"url\":\"https:\/\/www.institutodeengenharia.org.br\/site\/2010\/06\/17\/governo-estuda-regime-para-dar-incentivo-a-veiculos-eletricos-e-hibridos\/\",\"name\":\"Governo estuda regime para dar incentivo a ve\u00edculos el\u00e9tricos e h\u00edbridos - Instituto de Engenharia\",\"isPartOf\":{\"@id\":\"https:\/\/www.institutodeengenharia.org.br\/site\/#website\"},\"datePublished\":\"2010-06-17T22:47:29+00:00\",\"breadcrumb\":{\"@id\":\"https:\/\/www.institutodeengenharia.org.br\/site\/2010\/06\/17\/governo-estuda-regime-para-dar-incentivo-a-veiculos-eletricos-e-hibridos\/#breadcrumb\"},\"inLanguage\":\"pt-BR\",\"potentialAction\":[{\"@type\":\"ReadAction\",\"target\":[\"https:\/\/www.institutodeengenharia.org.br\/site\/2010\/06\/17\/governo-estuda-regime-para-dar-incentivo-a-veiculos-eletricos-e-hibridos\/\"]}]},{\"@type\":\"BreadcrumbList\",\"@id\":\"https:\/\/www.institutodeengenharia.org.br\/site\/2010\/06\/17\/governo-estuda-regime-para-dar-incentivo-a-veiculos-eletricos-e-hibridos\/#breadcrumb\",\"itemListElement\":[{\"@type\":\"ListItem\",\"position\":1,\"name\":\"In\u00edcio\",\"item\":\"https:\/\/www.institutodeengenharia.org.br\/site\/\"},{\"@type\":\"ListItem\",\"position\":2,\"name\":\"Governo estuda regime para dar incentivo a ve\u00edculos el\u00e9tricos e h\u00edbridos\"}]},{\"@type\":\"WebSite\",\"@id\":\"https:\/\/www.institutodeengenharia.org.br\/site\/#website\",\"url\":\"https:\/\/www.institutodeengenharia.org.br\/site\/\",\"name\":\"Instituto de Engenharia\",\"description\":\"O Instituto de Engenharia promove a Engenharia em benef\u00edcio do desenvolvimento e da qualidade de vida da sociedade.\",\"publisher\":{\"@id\":\"https:\/\/www.institutodeengenharia.org.br\/site\/#organization\"},\"potentialAction\":[{\"@type\":\"SearchAction\",\"target\":{\"@type\":\"EntryPoint\",\"urlTemplate\":\"https:\/\/www.institutodeengenharia.org.br\/site\/?s={search_term_string}\"},\"query-input\":{\"@type\":\"PropertyValueSpecification\",\"valueRequired\":true,\"valueName\":\"search_term_string\"}}],\"inLanguage\":\"pt-BR\"},{\"@type\":\"Organization\",\"@id\":\"https:\/\/www.institutodeengenharia.org.br\/site\/#organization\",\"name\":\"Instituto de Engenharia\",\"url\":\"https:\/\/www.institutodeengenharia.org.br\/site\/\",\"logo\":{\"@type\":\"ImageObject\",\"inLanguage\":\"pt-BR\",\"@id\":\"https:\/\/www.institutodeengenharia.org.br\/site\/#\/schema\/logo\/image\/\",\"url\":\"https:\/\/www.institutodeengenharia.org.br\/site\/wp-content\/uploads\/2019\/03\/logo-novo-IE2018-1.jpg\",\"contentUrl\":\"https:\/\/www.institutodeengenharia.org.br\/site\/wp-content\/uploads\/2019\/03\/logo-novo-IE2018-1.jpg\",\"width\":1486,\"height\":1879,\"caption\":\"Instituto de Engenharia\"},\"image\":{\"@id\":\"https:\/\/www.institutodeengenharia.org.br\/site\/#\/schema\/logo\/image\/\"},\"sameAs\":[\"https:\/\/www.facebook.com\/institutodeengenharia\",\"https:\/\/x.com\/iengenharia\",\"https:\/\/www.instagram.com\/institutodeengenharia\/\",\"https:\/\/www.linkedin.com\/company\/instituto-de-engenharia\/\",\"https:\/\/www.youtube.com\/channel\/UCXiCAlsSMe977vamW915HxA\"]},{\"@type\":\"Person\",\"@id\":\"https:\/\/www.institutodeengenharia.org.br\/site\/#\/schema\/person\/3b1ff109facef084739fc2edcb9a127f\",\"name\":\"TMax Tecnologia\",\"image\":{\"@type\":\"ImageObject\",\"inLanguage\":\"pt-BR\",\"@id\":\"https:\/\/secure.gravatar.com\/avatar\/f912434ef7f389c92cb311fcdae346af848465d638912574b3c669070f797701?s=96&d=mm&r=g\",\"url\":\"https:\/\/secure.gravatar.com\/avatar\/f912434ef7f389c92cb311fcdae346af848465d638912574b3c669070f797701?s=96&d=mm&r=g\",\"contentUrl\":\"https:\/\/secure.gravatar.com\/avatar\/f912434ef7f389c92cb311fcdae346af848465d638912574b3c669070f797701?s=96&d=mm&r=g\",\"caption\":\"TMax Tecnologia\"},\"url\":\"https:\/\/www.institutodeengenharia.org.br\/site\/author\/tmax\/\"}]}<\/script>\n<!-- \/ Yoast SEO plugin. -->","yoast_head_json":{"title":"Governo estuda regime para dar incentivo a ve\u00edculos el\u00e9tricos e h\u00edbridos - Instituto de Engenharia","robots":{"index":"index","follow":"follow","max-snippet":"max-snippet:-1","max-image-preview":"max-image-preview:large","max-video-preview":"max-video-preview:-1"},"canonical":"https:\/\/www.institutodeengenharia.org.br\/site\/2010\/06\/17\/governo-estuda-regime-para-dar-incentivo-a-veiculos-eletricos-e-hibridos\/","og_locale":"pt_BR","og_type":"article","og_title":"Governo estuda regime para dar incentivo a ve\u00edculos el\u00e9tricos e h\u00edbridos - Instituto de Engenharia","og_description":"O governo estuda a cria\u00e7\u00e3o de um amplo regime automotivo para carros el\u00e9trico e h\u00edbrido (que funcionam com eletricidade, etanol e combust\u00edvel f\u00f3ssil). Pela proposta &#8211; apresentada pelo Minist\u00e9rio da Fazenda na noite desta quarta-feira ao grupo interministerial encarregado de elaborar o projeto final &#8211; ser\u00e3o derrubados impostos desta cadeia produtiva e concedido financiamento a [&hellip;]","og_url":"https:\/\/www.institutodeengenharia.org.br\/site\/2010\/06\/17\/governo-estuda-regime-para-dar-incentivo-a-veiculos-eletricos-e-hibridos\/","og_site_name":"Instituto de Engenharia","article_publisher":"https:\/\/www.facebook.com\/institutodeengenharia","article_published_time":"2010-06-17T22:47:29+00:00","author":"TMax Tecnologia","twitter_card":"summary_large_image","twitter_creator":"@iengenharia","twitter_site":"@iengenharia","twitter_misc":{"Escrito por":"TMax Tecnologia","Est. tempo de leitura":"2 minutos"},"schema":{"@context":"https:\/\/schema.org","@graph":[{"@type":"Article","@id":"https:\/\/www.institutodeengenharia.org.br\/site\/2010\/06\/17\/governo-estuda-regime-para-dar-incentivo-a-veiculos-eletricos-e-hibridos\/#article","isPartOf":{"@id":"https:\/\/www.institutodeengenharia.org.br\/site\/2010\/06\/17\/governo-estuda-regime-para-dar-incentivo-a-veiculos-eletricos-e-hibridos\/"},"author":{"name":"TMax Tecnologia","@id":"https:\/\/www.institutodeengenharia.org.br\/site\/#\/schema\/person\/3b1ff109facef084739fc2edcb9a127f"},"headline":"Governo estuda regime para dar incentivo a ve\u00edculos el\u00e9tricos e h\u00edbridos","datePublished":"2010-06-17T22:47:29+00:00","mainEntityOfPage":{"@id":"https:\/\/www.institutodeengenharia.org.br\/site\/2010\/06\/17\/governo-estuda-regime-para-dar-incentivo-a-veiculos-eletricos-e-hibridos\/"},"wordCount":504,"commentCount":0,"publisher":{"@id":"https:\/\/www.institutodeengenharia.org.br\/site\/#organization"},"articleSection":["Energia","Not\u00edcias"],"inLanguage":"pt-BR","potentialAction":[{"@type":"CommentAction","name":"Comment","target":["https:\/\/www.institutodeengenharia.org.br\/site\/2010\/06\/17\/governo-estuda-regime-para-dar-incentivo-a-veiculos-eletricos-e-hibridos\/#respond"]}]},{"@type":"WebPage","@id":"https:\/\/www.institutodeengenharia.org.br\/site\/2010\/06\/17\/governo-estuda-regime-para-dar-incentivo-a-veiculos-eletricos-e-hibridos\/","url":"https:\/\/www.institutodeengenharia.org.br\/site\/2010\/06\/17\/governo-estuda-regime-para-dar-incentivo-a-veiculos-eletricos-e-hibridos\/","name":"Governo estuda regime para dar incentivo a ve\u00edculos el\u00e9tricos e h\u00edbridos - Instituto de Engenharia","isPartOf":{"@id":"https:\/\/www.institutodeengenharia.org.br\/site\/#website"},"datePublished":"2010-06-17T22:47:29+00:00","breadcrumb":{"@id":"https:\/\/www.institutodeengenharia.org.br\/site\/2010\/06\/17\/governo-estuda-regime-para-dar-incentivo-a-veiculos-eletricos-e-hibridos\/#breadcrumb"},"inLanguage":"pt-BR","potentialAction":[{"@type":"ReadAction","target":["https:\/\/www.institutodeengenharia.org.br\/site\/2010\/06\/17\/governo-estuda-regime-para-dar-incentivo-a-veiculos-eletricos-e-hibridos\/"]}]},{"@type":"BreadcrumbList","@id":"https:\/\/www.institutodeengenharia.org.br\/site\/2010\/06\/17\/governo-estuda-regime-para-dar-incentivo-a-veiculos-eletricos-e-hibridos\/#breadcrumb","itemListElement":[{"@type":"ListItem","position":1,"name":"In\u00edcio","item":"https:\/\/www.institutodeengenharia.org.br\/site\/"},{"@type":"ListItem","position":2,"name":"Governo estuda regime para dar incentivo a ve\u00edculos el\u00e9tricos e h\u00edbridos"}]},{"@type":"WebSite","@id":"https:\/\/www.institutodeengenharia.org.br\/site\/#website","url":"https:\/\/www.institutodeengenharia.org.br\/site\/","name":"Instituto de Engenharia","description":"O Instituto de Engenharia promove a Engenharia em benef\u00edcio do desenvolvimento e da qualidade de vida da sociedade.","publisher":{"@id":"https:\/\/www.institutodeengenharia.org.br\/site\/#organization"},"potentialAction":[{"@type":"SearchAction","target":{"@type":"EntryPoint","urlTemplate":"https:\/\/www.institutodeengenharia.org.br\/site\/?s={search_term_string}"},"query-input":{"@type":"PropertyValueSpecification","valueRequired":true,"valueName":"search_term_string"}}],"inLanguage":"pt-BR"},{"@type":"Organization","@id":"https:\/\/www.institutodeengenharia.org.br\/site\/#organization","name":"Instituto de Engenharia","url":"https:\/\/www.institutodeengenharia.org.br\/site\/","logo":{"@type":"ImageObject","inLanguage":"pt-BR","@id":"https:\/\/www.institutodeengenharia.org.br\/site\/#\/schema\/logo\/image\/","url":"https:\/\/www.institutodeengenharia.org.br\/site\/wp-content\/uploads\/2019\/03\/logo-novo-IE2018-1.jpg","contentUrl":"https:\/\/www.institutodeengenharia.org.br\/site\/wp-content\/uploads\/2019\/03\/logo-novo-IE2018-1.jpg","width":1486,"height":1879,"caption":"Instituto de Engenharia"},"image":{"@id":"https:\/\/www.institutodeengenharia.org.br\/site\/#\/schema\/logo\/image\/"},"sameAs":["https:\/\/www.facebook.com\/institutodeengenharia","https:\/\/x.com\/iengenharia","https:\/\/www.instagram.com\/institutodeengenharia\/","https:\/\/www.linkedin.com\/company\/instituto-de-engenharia\/","https:\/\/www.youtube.com\/channel\/UCXiCAlsSMe977vamW915HxA"]},{"@type":"Person","@id":"https:\/\/www.institutodeengenharia.org.br\/site\/#\/schema\/person\/3b1ff109facef084739fc2edcb9a127f","name":"TMax Tecnologia","image":{"@type":"ImageObject","inLanguage":"pt-BR","@id":"https:\/\/secure.gravatar.com\/avatar\/f912434ef7f389c92cb311fcdae346af848465d638912574b3c669070f797701?s=96&d=mm&r=g","url":"https:\/\/secure.gravatar.com\/avatar\/f912434ef7f389c92cb311fcdae346af848465d638912574b3c669070f797701?s=96&d=mm&r=g","contentUrl":"https:\/\/secure.gravatar.com\/avatar\/f912434ef7f389c92cb311fcdae346af848465d638912574b3c669070f797701?s=96&d=mm&r=g","caption":"TMax Tecnologia"},"url":"https:\/\/www.institutodeengenharia.org.br\/site\/author\/tmax\/"}]}},"_links":{"self":[{"href":"https:\/\/www.institutodeengenharia.org.br\/site\/wp-json\/wp\/v2\/posts\/18397","targetHints":{"allow":["GET"]}}],"collection":[{"href":"https:\/\/www.institutodeengenharia.org.br\/site\/wp-json\/wp\/v2\/posts"}],"about":[{"href":"https:\/\/www.institutodeengenharia.org.br\/site\/wp-json\/wp\/v2\/types\/post"}],"author":[{"embeddable":true,"href":"https:\/\/www.institutodeengenharia.org.br\/site\/wp-json\/wp\/v2\/users\/1"}],"replies":[{"embeddable":true,"href":"https:\/\/www.institutodeengenharia.org.br\/site\/wp-json\/wp\/v2\/comments?post=18397"}],"version-history":[{"count":0,"href":"https:\/\/www.institutodeengenharia.org.br\/site\/wp-json\/wp\/v2\/posts\/18397\/revisions"}],"wp:attachment":[{"href":"https:\/\/www.institutodeengenharia.org.br\/site\/wp-json\/wp\/v2\/media?parent=18397"}],"wp:term":[{"taxonomy":"category","embeddable":true,"href":"https:\/\/www.institutodeengenharia.org.br\/site\/wp-json\/wp\/v2\/categories?post=18397"},{"taxonomy":"post_tag","embeddable":true,"href":"https:\/\/www.institutodeengenharia.org.br\/site\/wp-json\/wp\/v2\/tags?post=18397"}],"curies":[{"name":"wp","href":"https:\/\/api.w.org\/{rel}","templated":true}]}}