{"id":18394,"date":"2010-06-16T22:47:26","date_gmt":"2010-06-16T22:47:26","guid":{"rendered":"https:\/\/www.institutodeengenharia.org.br\/?p=18394"},"modified":"2010-06-16T14:51:40","modified_gmt":"2010-06-16T14:51:40","slug":"oficial-morumbi-esta-fora-da-copa-do-mundo-de-2014","status":"publish","type":"post","link":"https:\/\/www.institutodeengenharia.org.br\/site\/2010\/06\/16\/oficial-morumbi-esta-fora-da-copa-do-mundo-de-2014\/","title":{"rendered":"Oficial: Morumbi est\u00e1 fora da Copa do Mundo de 2014"},"content":{"rendered":"<p>Agora \u00e9 oficial. O Morumbi est\u00e1 fora da Copa do Mundo de 2014. A Confedera\u00e7\u00e3o Brasileira de Futebol (CBF) e a Fifa confirmaram nesta quarta-feira a informa\u00e7\u00e3o que o Estado divulgou em abril e o est\u00e1dio do S\u00e3o Paulo n\u00e3o far\u00e1 mais parte do projeto paulista.<\/p>\n<p>De acordo com o Comit\u00ea Organizador Local da Copa do Mundo 2014 (COL), o S\u00e3o Paulo n\u00e3o enviou as garantias financeiras para a reforma do est\u00e1dio &#8211; or\u00e7adas em mais de R$ 600 milh\u00f5es. O clube chegou a enviar um sexto projeto ao COL, mas este sequer foi analisado. <\/p>\n<p>O Estado revelou com exclusividade em abril que o Morumbi estava fora da Copa do Mundo. A cidade de S\u00e3o Paulo pretende receber a abertura da competi\u00e7\u00e3o, e a Fifa n\u00e3o gostou do projeto s\u00e3o-paulino &#8211; considerou a reforma insuficiente e pediu a constru\u00e7\u00e3o de um novo est\u00e1dio. <\/p>\n<p>Nesta semana, o presidente da Federa\u00e7\u00e3o Paulista de Futebol (FPF), Marco Polo Del Nero, revelou que um novo projeto de est\u00e1dio ser\u00e1 enviado ao COL para garantir a abertura da Copa em S\u00e3o Paulo. <\/p>\n<p>O novo campo, provavelmente, ser\u00e1 constru\u00eddo no bairro de Pirituba. Ser\u00e1 um complexo esportivo, que deve custar cerca de R$ 500 milh\u00f5es e ter\u00e1 capacidade para 80 mil torcedores. As verbas para a constru\u00e7\u00e3o vir\u00e3o da iniciativa privada e do governo paulista. <\/p>\n<p><strong>Nota da CBF<\/strong> <\/p>\n<p>N\u00e3o foram entregues ao Comit\u00ea Organizador Local da Copa do Mundo 2014 (COL), por parte do Comit\u00ea da Cidade de S\u00e3o Paulo, as garantias financeiras referentes ao projeto do Est\u00e1dio do Morumbi aprovado pelo COL\/FIFA no dia 14 de maio de 2010. <\/p>\n<p>O Comit\u00ea da Cidade de S\u00e3o Paulo enviou ao COL um sexto projeto, que n\u00e3o ser\u00e1 examinado. <\/p>\n<p>Sendo assim, fica exclu\u00eddo do projeto da Copa do Mundo de 2014 o Est\u00e1dio C\u00edcero Pompeu de Toledo, o Morumbi. <\/p>\n<p><b>Autor: Estad\u00e3o.com<\/b><\/p>\n","protected":false},"excerpt":{"rendered":"<p>Agora \u00e9 oficial. O Morumbi est\u00e1 fora da Copa do Mundo de 2014. A Confedera\u00e7\u00e3o Brasileira de Futebol (CBF) e a Fifa confirmaram nesta quarta-feira a informa\u00e7\u00e3o que o Estado divulgou em abril e o est\u00e1dio do S\u00e3o Paulo n\u00e3o far\u00e1 mais parte do projeto paulista. De acordo com o Comit\u00ea Organizador Local da Copa [&hellip;]<\/p>\n","protected":false},"author":1,"featured_media":0,"comment_status":"open","ping_status":"open","sticky":false,"template":"","format":"standard","meta":{"footnotes":""},"categories":[10,6],"tags":[],"class_list":{"0":"post-18394","1":"post","2":"type-post","3":"status-publish","4":"format-standard","6":"category-copa-2014","7":"category-noticias"},"yoast_head":"<!-- This site is optimized with the Yoast SEO plugin v27.2 - https:\/\/yoast.com\/product\/yoast-seo-wordpress\/ -->\n<title>Oficial: Morumbi est\u00e1 fora da Copa do Mundo de 2014 - Instituto de Engenharia<\/title>\n<meta name=\"robots\" content=\"index, follow, max-snippet:-1, max-image-preview:large, max-video-preview:-1\" \/>\n<link rel=\"canonical\" href=\"https:\/\/www.institutodeengenharia.org.br\/site\/2010\/06\/16\/oficial-morumbi-esta-fora-da-copa-do-mundo-de-2014\/\" \/>\n<meta property=\"og:locale\" content=\"pt_BR\" \/>\n<meta property=\"og:type\" content=\"article\" \/>\n<meta property=\"og:title\" content=\"Oficial: Morumbi est\u00e1 fora da Copa do Mundo de 2014 - Instituto de Engenharia\" \/>\n<meta property=\"og:description\" content=\"Agora \u00e9 oficial. O Morumbi est\u00e1 fora da Copa do Mundo de 2014. A Confedera\u00e7\u00e3o Brasileira de Futebol (CBF) e a Fifa confirmaram nesta quarta-feira a informa\u00e7\u00e3o que o Estado divulgou em abril e o est\u00e1dio do S\u00e3o Paulo n\u00e3o far\u00e1 mais parte do projeto paulista. De acordo com o Comit\u00ea Organizador Local da Copa [&hellip;]\" \/>\n<meta property=\"og:url\" content=\"https:\/\/www.institutodeengenharia.org.br\/site\/2010\/06\/16\/oficial-morumbi-esta-fora-da-copa-do-mundo-de-2014\/\" \/>\n<meta property=\"og:site_name\" content=\"Instituto de Engenharia\" \/>\n<meta property=\"article:publisher\" content=\"https:\/\/www.facebook.com\/institutodeengenharia\" \/>\n<meta property=\"article:published_time\" content=\"2010-06-16T22:47:26+00:00\" \/>\n<meta name=\"author\" content=\"TMax Tecnologia\" \/>\n<meta name=\"twitter:card\" content=\"summary_large_image\" \/>\n<meta name=\"twitter:creator\" content=\"@iengenharia\" \/>\n<meta name=\"twitter:site\" content=\"@iengenharia\" \/>\n<meta name=\"twitter:label1\" content=\"Escrito por\" \/>\n\t<meta name=\"twitter:data1\" content=\"TMax Tecnologia\" \/>\n\t<meta name=\"twitter:label2\" content=\"Est. tempo de leitura\" \/>\n\t<meta name=\"twitter:data2\" content=\"2 minutos\" \/>\n<script type=\"application\/ld+json\" class=\"yoast-schema-graph\">{\"@context\":\"https:\/\/schema.org\",\"@graph\":[{\"@type\":\"Article\",\"@id\":\"https:\/\/www.institutodeengenharia.org.br\/site\/2010\/06\/16\/oficial-morumbi-esta-fora-da-copa-do-mundo-de-2014\/#article\",\"isPartOf\":{\"@id\":\"https:\/\/www.institutodeengenharia.org.br\/site\/2010\/06\/16\/oficial-morumbi-esta-fora-da-copa-do-mundo-de-2014\/\"},\"author\":{\"name\":\"TMax Tecnologia\",\"@id\":\"https:\/\/www.institutodeengenharia.org.br\/site\/#\/schema\/person\/3b1ff109facef084739fc2edcb9a127f\"},\"headline\":\"Oficial: Morumbi est\u00e1 fora da Copa do Mundo de 2014\",\"datePublished\":\"2010-06-16T22:47:26+00:00\",\"mainEntityOfPage\":{\"@id\":\"https:\/\/www.institutodeengenharia.org.br\/site\/2010\/06\/16\/oficial-morumbi-esta-fora-da-copa-do-mundo-de-2014\/\"},\"wordCount\":336,\"commentCount\":0,\"publisher\":{\"@id\":\"https:\/\/www.institutodeengenharia.org.br\/site\/#organization\"},\"articleSection\":[\"Copa 2014\",\"Not\u00edcias\"],\"inLanguage\":\"pt-BR\",\"potentialAction\":[{\"@type\":\"CommentAction\",\"name\":\"Comment\",\"target\":[\"https:\/\/www.institutodeengenharia.org.br\/site\/2010\/06\/16\/oficial-morumbi-esta-fora-da-copa-do-mundo-de-2014\/#respond\"]}]},{\"@type\":\"WebPage\",\"@id\":\"https:\/\/www.institutodeengenharia.org.br\/site\/2010\/06\/16\/oficial-morumbi-esta-fora-da-copa-do-mundo-de-2014\/\",\"url\":\"https:\/\/www.institutodeengenharia.org.br\/site\/2010\/06\/16\/oficial-morumbi-esta-fora-da-copa-do-mundo-de-2014\/\",\"name\":\"Oficial: Morumbi est\u00e1 fora da Copa do Mundo de 2014 - Instituto de Engenharia\",\"isPartOf\":{\"@id\":\"https:\/\/www.institutodeengenharia.org.br\/site\/#website\"},\"datePublished\":\"2010-06-16T22:47:26+00:00\",\"breadcrumb\":{\"@id\":\"https:\/\/www.institutodeengenharia.org.br\/site\/2010\/06\/16\/oficial-morumbi-esta-fora-da-copa-do-mundo-de-2014\/#breadcrumb\"},\"inLanguage\":\"pt-BR\",\"potentialAction\":[{\"@type\":\"ReadAction\",\"target\":[\"https:\/\/www.institutodeengenharia.org.br\/site\/2010\/06\/16\/oficial-morumbi-esta-fora-da-copa-do-mundo-de-2014\/\"]}]},{\"@type\":\"BreadcrumbList\",\"@id\":\"https:\/\/www.institutodeengenharia.org.br\/site\/2010\/06\/16\/oficial-morumbi-esta-fora-da-copa-do-mundo-de-2014\/#breadcrumb\",\"itemListElement\":[{\"@type\":\"ListItem\",\"position\":1,\"name\":\"In\u00edcio\",\"item\":\"https:\/\/www.institutodeengenharia.org.br\/site\/\"},{\"@type\":\"ListItem\",\"position\":2,\"name\":\"Oficial: Morumbi est\u00e1 fora da Copa do Mundo de 2014\"}]},{\"@type\":\"WebSite\",\"@id\":\"https:\/\/www.institutodeengenharia.org.br\/site\/#website\",\"url\":\"https:\/\/www.institutodeengenharia.org.br\/site\/\",\"name\":\"Instituto de Engenharia\",\"description\":\"O Instituto de Engenharia promove a Engenharia em benef\u00edcio do desenvolvimento e da qualidade de vida da sociedade.\",\"publisher\":{\"@id\":\"https:\/\/www.institutodeengenharia.org.br\/site\/#organization\"},\"potentialAction\":[{\"@type\":\"SearchAction\",\"target\":{\"@type\":\"EntryPoint\",\"urlTemplate\":\"https:\/\/www.institutodeengenharia.org.br\/site\/?s={search_term_string}\"},\"query-input\":{\"@type\":\"PropertyValueSpecification\",\"valueRequired\":true,\"valueName\":\"search_term_string\"}}],\"inLanguage\":\"pt-BR\"},{\"@type\":\"Organization\",\"@id\":\"https:\/\/www.institutodeengenharia.org.br\/site\/#organization\",\"name\":\"Instituto de Engenharia\",\"url\":\"https:\/\/www.institutodeengenharia.org.br\/site\/\",\"logo\":{\"@type\":\"ImageObject\",\"inLanguage\":\"pt-BR\",\"@id\":\"https:\/\/www.institutodeengenharia.org.br\/site\/#\/schema\/logo\/image\/\",\"url\":\"https:\/\/www.institutodeengenharia.org.br\/site\/wp-content\/uploads\/2019\/03\/logo-novo-IE2018-1.jpg\",\"contentUrl\":\"https:\/\/www.institutodeengenharia.org.br\/site\/wp-content\/uploads\/2019\/03\/logo-novo-IE2018-1.jpg\",\"width\":1486,\"height\":1879,\"caption\":\"Instituto de Engenharia\"},\"image\":{\"@id\":\"https:\/\/www.institutodeengenharia.org.br\/site\/#\/schema\/logo\/image\/\"},\"sameAs\":[\"https:\/\/www.facebook.com\/institutodeengenharia\",\"https:\/\/x.com\/iengenharia\",\"https:\/\/www.instagram.com\/institutodeengenharia\/\",\"https:\/\/www.linkedin.com\/company\/instituto-de-engenharia\/\",\"https:\/\/www.youtube.com\/channel\/UCXiCAlsSMe977vamW915HxA\"]},{\"@type\":\"Person\",\"@id\":\"https:\/\/www.institutodeengenharia.org.br\/site\/#\/schema\/person\/3b1ff109facef084739fc2edcb9a127f\",\"name\":\"TMax Tecnologia\",\"image\":{\"@type\":\"ImageObject\",\"inLanguage\":\"pt-BR\",\"@id\":\"https:\/\/secure.gravatar.com\/avatar\/f912434ef7f389c92cb311fcdae346af848465d638912574b3c669070f797701?s=96&d=mm&r=g\",\"url\":\"https:\/\/secure.gravatar.com\/avatar\/f912434ef7f389c92cb311fcdae346af848465d638912574b3c669070f797701?s=96&d=mm&r=g\",\"contentUrl\":\"https:\/\/secure.gravatar.com\/avatar\/f912434ef7f389c92cb311fcdae346af848465d638912574b3c669070f797701?s=96&d=mm&r=g\",\"caption\":\"TMax Tecnologia\"},\"url\":\"https:\/\/www.institutodeengenharia.org.br\/site\/author\/tmax\/\"}]}<\/script>\n<!-- \/ Yoast SEO plugin. -->","yoast_head_json":{"title":"Oficial: Morumbi est\u00e1 fora da Copa do Mundo de 2014 - Instituto de Engenharia","robots":{"index":"index","follow":"follow","max-snippet":"max-snippet:-1","max-image-preview":"max-image-preview:large","max-video-preview":"max-video-preview:-1"},"canonical":"https:\/\/www.institutodeengenharia.org.br\/site\/2010\/06\/16\/oficial-morumbi-esta-fora-da-copa-do-mundo-de-2014\/","og_locale":"pt_BR","og_type":"article","og_title":"Oficial: Morumbi est\u00e1 fora da Copa do Mundo de 2014 - Instituto de Engenharia","og_description":"Agora \u00e9 oficial. O Morumbi est\u00e1 fora da Copa do Mundo de 2014. A Confedera\u00e7\u00e3o Brasileira de Futebol (CBF) e a Fifa confirmaram nesta quarta-feira a informa\u00e7\u00e3o que o Estado divulgou em abril e o est\u00e1dio do S\u00e3o Paulo n\u00e3o far\u00e1 mais parte do projeto paulista. De acordo com o Comit\u00ea Organizador Local da Copa [&hellip;]","og_url":"https:\/\/www.institutodeengenharia.org.br\/site\/2010\/06\/16\/oficial-morumbi-esta-fora-da-copa-do-mundo-de-2014\/","og_site_name":"Instituto de Engenharia","article_publisher":"https:\/\/www.facebook.com\/institutodeengenharia","article_published_time":"2010-06-16T22:47:26+00:00","author":"TMax Tecnologia","twitter_card":"summary_large_image","twitter_creator":"@iengenharia","twitter_site":"@iengenharia","twitter_misc":{"Escrito por":"TMax Tecnologia","Est. tempo de leitura":"2 minutos"},"schema":{"@context":"https:\/\/schema.org","@graph":[{"@type":"Article","@id":"https:\/\/www.institutodeengenharia.org.br\/site\/2010\/06\/16\/oficial-morumbi-esta-fora-da-copa-do-mundo-de-2014\/#article","isPartOf":{"@id":"https:\/\/www.institutodeengenharia.org.br\/site\/2010\/06\/16\/oficial-morumbi-esta-fora-da-copa-do-mundo-de-2014\/"},"author":{"name":"TMax Tecnologia","@id":"https:\/\/www.institutodeengenharia.org.br\/site\/#\/schema\/person\/3b1ff109facef084739fc2edcb9a127f"},"headline":"Oficial: Morumbi est\u00e1 fora da Copa do Mundo de 2014","datePublished":"2010-06-16T22:47:26+00:00","mainEntityOfPage":{"@id":"https:\/\/www.institutodeengenharia.org.br\/site\/2010\/06\/16\/oficial-morumbi-esta-fora-da-copa-do-mundo-de-2014\/"},"wordCount":336,"commentCount":0,"publisher":{"@id":"https:\/\/www.institutodeengenharia.org.br\/site\/#organization"},"articleSection":["Copa 2014","Not\u00edcias"],"inLanguage":"pt-BR","potentialAction":[{"@type":"CommentAction","name":"Comment","target":["https:\/\/www.institutodeengenharia.org.br\/site\/2010\/06\/16\/oficial-morumbi-esta-fora-da-copa-do-mundo-de-2014\/#respond"]}]},{"@type":"WebPage","@id":"https:\/\/www.institutodeengenharia.org.br\/site\/2010\/06\/16\/oficial-morumbi-esta-fora-da-copa-do-mundo-de-2014\/","url":"https:\/\/www.institutodeengenharia.org.br\/site\/2010\/06\/16\/oficial-morumbi-esta-fora-da-copa-do-mundo-de-2014\/","name":"Oficial: Morumbi est\u00e1 fora da Copa do Mundo de 2014 - Instituto de Engenharia","isPartOf":{"@id":"https:\/\/www.institutodeengenharia.org.br\/site\/#website"},"datePublished":"2010-06-16T22:47:26+00:00","breadcrumb":{"@id":"https:\/\/www.institutodeengenharia.org.br\/site\/2010\/06\/16\/oficial-morumbi-esta-fora-da-copa-do-mundo-de-2014\/#breadcrumb"},"inLanguage":"pt-BR","potentialAction":[{"@type":"ReadAction","target":["https:\/\/www.institutodeengenharia.org.br\/site\/2010\/06\/16\/oficial-morumbi-esta-fora-da-copa-do-mundo-de-2014\/"]}]},{"@type":"BreadcrumbList","@id":"https:\/\/www.institutodeengenharia.org.br\/site\/2010\/06\/16\/oficial-morumbi-esta-fora-da-copa-do-mundo-de-2014\/#breadcrumb","itemListElement":[{"@type":"ListItem","position":1,"name":"In\u00edcio","item":"https:\/\/www.institutodeengenharia.org.br\/site\/"},{"@type":"ListItem","position":2,"name":"Oficial: Morumbi est\u00e1 fora da Copa do Mundo de 2014"}]},{"@type":"WebSite","@id":"https:\/\/www.institutodeengenharia.org.br\/site\/#website","url":"https:\/\/www.institutodeengenharia.org.br\/site\/","name":"Instituto de Engenharia","description":"O Instituto de Engenharia promove a Engenharia em benef\u00edcio do desenvolvimento e da qualidade de vida da sociedade.","publisher":{"@id":"https:\/\/www.institutodeengenharia.org.br\/site\/#organization"},"potentialAction":[{"@type":"SearchAction","target":{"@type":"EntryPoint","urlTemplate":"https:\/\/www.institutodeengenharia.org.br\/site\/?s={search_term_string}"},"query-input":{"@type":"PropertyValueSpecification","valueRequired":true,"valueName":"search_term_string"}}],"inLanguage":"pt-BR"},{"@type":"Organization","@id":"https:\/\/www.institutodeengenharia.org.br\/site\/#organization","name":"Instituto de Engenharia","url":"https:\/\/www.institutodeengenharia.org.br\/site\/","logo":{"@type":"ImageObject","inLanguage":"pt-BR","@id":"https:\/\/www.institutodeengenharia.org.br\/site\/#\/schema\/logo\/image\/","url":"https:\/\/www.institutodeengenharia.org.br\/site\/wp-content\/uploads\/2019\/03\/logo-novo-IE2018-1.jpg","contentUrl":"https:\/\/www.institutodeengenharia.org.br\/site\/wp-content\/uploads\/2019\/03\/logo-novo-IE2018-1.jpg","width":1486,"height":1879,"caption":"Instituto de Engenharia"},"image":{"@id":"https:\/\/www.institutodeengenharia.org.br\/site\/#\/schema\/logo\/image\/"},"sameAs":["https:\/\/www.facebook.com\/institutodeengenharia","https:\/\/x.com\/iengenharia","https:\/\/www.instagram.com\/institutodeengenharia\/","https:\/\/www.linkedin.com\/company\/instituto-de-engenharia\/","https:\/\/www.youtube.com\/channel\/UCXiCAlsSMe977vamW915HxA"]},{"@type":"Person","@id":"https:\/\/www.institutodeengenharia.org.br\/site\/#\/schema\/person\/3b1ff109facef084739fc2edcb9a127f","name":"TMax Tecnologia","image":{"@type":"ImageObject","inLanguage":"pt-BR","@id":"https:\/\/secure.gravatar.com\/avatar\/f912434ef7f389c92cb311fcdae346af848465d638912574b3c669070f797701?s=96&d=mm&r=g","url":"https:\/\/secure.gravatar.com\/avatar\/f912434ef7f389c92cb311fcdae346af848465d638912574b3c669070f797701?s=96&d=mm&r=g","contentUrl":"https:\/\/secure.gravatar.com\/avatar\/f912434ef7f389c92cb311fcdae346af848465d638912574b3c669070f797701?s=96&d=mm&r=g","caption":"TMax Tecnologia"},"url":"https:\/\/www.institutodeengenharia.org.br\/site\/author\/tmax\/"}]}},"_links":{"self":[{"href":"https:\/\/www.institutodeengenharia.org.br\/site\/wp-json\/wp\/v2\/posts\/18394","targetHints":{"allow":["GET"]}}],"collection":[{"href":"https:\/\/www.institutodeengenharia.org.br\/site\/wp-json\/wp\/v2\/posts"}],"about":[{"href":"https:\/\/www.institutodeengenharia.org.br\/site\/wp-json\/wp\/v2\/types\/post"}],"author":[{"embeddable":true,"href":"https:\/\/www.institutodeengenharia.org.br\/site\/wp-json\/wp\/v2\/users\/1"}],"replies":[{"embeddable":true,"href":"https:\/\/www.institutodeengenharia.org.br\/site\/wp-json\/wp\/v2\/comments?post=18394"}],"version-history":[{"count":0,"href":"https:\/\/www.institutodeengenharia.org.br\/site\/wp-json\/wp\/v2\/posts\/18394\/revisions"}],"wp:attachment":[{"href":"https:\/\/www.institutodeengenharia.org.br\/site\/wp-json\/wp\/v2\/media?parent=18394"}],"wp:term":[{"taxonomy":"category","embeddable":true,"href":"https:\/\/www.institutodeengenharia.org.br\/site\/wp-json\/wp\/v2\/categories?post=18394"},{"taxonomy":"post_tag","embeddable":true,"href":"https:\/\/www.institutodeengenharia.org.br\/site\/wp-json\/wp\/v2\/tags?post=18394"}],"curies":[{"name":"wp","href":"https:\/\/api.w.org\/{rel}","templated":true}]}}