{"id":18392,"date":"2010-06-16T22:47:24","date_gmt":"2010-06-16T22:47:24","guid":{"rendered":"https:\/\/www.institutodeengenharia.org.br\/?p=18392"},"modified":"2010-06-16T14:13:05","modified_gmt":"2010-06-16T14:13:05","slug":"porto-de-santos-recebe-penultimo-lote-da-primeira-fase-do-projeto-da-linha-4amarela","status":"publish","type":"post","link":"https:\/\/www.institutodeengenharia.org.br\/site\/2010\/06\/16\/porto-de-santos-recebe-penultimo-lote-da-primeira-fase-do-projeto-da-linha-4amarela\/","title":{"rendered":"Porto de Santos recebe pen\u00faltimo lote da primeira fase do projeto da Linha 4-Amarela"},"content":{"rendered":"<p>O Porto de Santos recebeu na madrugada desta quarta-feira mais um lote com tr\u00eas trens da Linha 4-Amarela do Metr\u00f4 de S\u00e3o Paulo. Ao todo, 18 carros v\u00e3o ser desembarcados no complexo no Cais do Sabo\u00f3, ao lado do Terminal Mar\u00edtimo da Deicmar. A opera\u00e7\u00e3o teve in\u00edcio \u00e0s 11h30 desta quarta-feira e devem ser encerradas apenas nesta quinta-feira. Os vag\u00f5es partiram do Porto de Masan, na Coreia do Sul, a bordo do navio MVS. Pacific. <\/p>\n<p>Estas s\u00e3o a 9\u00aa, 10\u00aa e 11\u00aa locomotivas a passarem pelo cais santista apenas este ano. O primeiro trem da nova linha desembarcou no Porto no segundo dia do ano. O \u00faltimo lote da primeira fase do projeto, que contar\u00e1 com 14 trens, dever\u00e1 chegar ao Porto em meados do pr\u00f3ximo m\u00eas, estimou a Via Quatro. <\/p>\n<p>Depois de descarregados em Santos,os carros s\u00e3o levados em carretas para a capital. Em S\u00e3o Paulo, eles ficam no P\u00e1tio da Vila S\u00f4nia, onde s\u00e3o feitos os testes, a lavagem e a adesivagem dos vag\u00f5es. <\/p>\n<p>Com 12,8 quil\u00f4metros de extens\u00e3o, a Linha 4 ligar\u00e1 a Esta\u00e7\u00e3o da Luz, no centro da cidade, \u00e0 Vila S\u00f4nia, na Zona Oeste. Os trens foram constru\u00eddos na Coreia por um cons\u00f3rcio formado pelas empresas Siemens e Hyunday Rotem e ser\u00e3o equipados com o que h\u00e1 de mais moderno em opera\u00e7\u00e3o metrovi\u00e1ria. Eles v\u00e3o oferecer mais conforto para os passageiros, com ar-condicionado em todos os carros, corredores articulados para interliga\u00e7\u00e3o entre carros, baixo n\u00edvel de ru\u00eddo em som ambiente. <\/p>\n<p><strong>Inaugura\u00e7\u00e3o<\/strong> <\/p>\n<p>O primeiro trecho de 3,6 km da Linha 4- Amarela, que vai ligar as esta\u00e7\u00f5es Paulista e Faria Lima foi inaugurado no \u00faltimo dia 25 de maio. Passageiros que utilizam a Linha Verde poder\u00e3o terminar a viagem na Paulista ou na Faria Lima, mas quem embarca nestas esta\u00e7\u00f5es n\u00e3o ter\u00e1 conex\u00e3o com a Linha Verde. <\/p>\n<p><b>Autor: A Tribuna<\/b><\/p>\n","protected":false},"excerpt":{"rendered":"<p>O Porto de Santos recebeu na madrugada desta quarta-feira mais um lote com tr\u00eas trens da Linha 4-Amarela do Metr\u00f4 de S\u00e3o Paulo. Ao todo, 18 carros v\u00e3o ser desembarcados no complexo no Cais do Sabo\u00f3, ao lado do Terminal Mar\u00edtimo da Deicmar. A opera\u00e7\u00e3o teve in\u00edcio \u00e0s 11h30 desta quarta-feira e devem ser encerradas [&hellip;]<\/p>\n","protected":false},"author":1,"featured_media":0,"comment_status":"open","ping_status":"open","sticky":false,"template":"","format":"standard","meta":{"footnotes":""},"categories":[6,41],"tags":[],"class_list":{"0":"post-18392","1":"post","2":"type-post","3":"status-publish","4":"format-standard","6":"category-noticias","7":"category-transportes"},"yoast_head":"<!-- This site is optimized with the Yoast SEO plugin v27.2 - https:\/\/yoast.com\/product\/yoast-seo-wordpress\/ -->\n<title>Porto de Santos recebe pen\u00faltimo lote da primeira fase do projeto da Linha 4-Amarela - Instituto de Engenharia<\/title>\n<meta name=\"robots\" content=\"index, follow, max-snippet:-1, max-image-preview:large, max-video-preview:-1\" \/>\n<link rel=\"canonical\" href=\"https:\/\/www.institutodeengenharia.org.br\/site\/2010\/06\/16\/porto-de-santos-recebe-penultimo-lote-da-primeira-fase-do-projeto-da-linha-4amarela\/\" \/>\n<meta property=\"og:locale\" content=\"pt_BR\" \/>\n<meta property=\"og:type\" content=\"article\" \/>\n<meta property=\"og:title\" content=\"Porto de Santos recebe pen\u00faltimo lote da primeira fase do projeto da Linha 4-Amarela - Instituto de Engenharia\" \/>\n<meta property=\"og:description\" content=\"O Porto de Santos recebeu na madrugada desta quarta-feira mais um lote com tr\u00eas trens da Linha 4-Amarela do Metr\u00f4 de S\u00e3o Paulo. Ao todo, 18 carros v\u00e3o ser desembarcados no complexo no Cais do Sabo\u00f3, ao lado do Terminal Mar\u00edtimo da Deicmar. A opera\u00e7\u00e3o teve in\u00edcio \u00e0s 11h30 desta quarta-feira e devem ser encerradas [&hellip;]\" \/>\n<meta property=\"og:url\" content=\"https:\/\/www.institutodeengenharia.org.br\/site\/2010\/06\/16\/porto-de-santos-recebe-penultimo-lote-da-primeira-fase-do-projeto-da-linha-4amarela\/\" \/>\n<meta property=\"og:site_name\" content=\"Instituto de Engenharia\" \/>\n<meta property=\"article:publisher\" content=\"https:\/\/www.facebook.com\/institutodeengenharia\" \/>\n<meta property=\"article:published_time\" content=\"2010-06-16T22:47:24+00:00\" \/>\n<meta name=\"author\" content=\"TMax Tecnologia\" \/>\n<meta name=\"twitter:card\" content=\"summary_large_image\" \/>\n<meta name=\"twitter:creator\" content=\"@iengenharia\" \/>\n<meta name=\"twitter:site\" content=\"@iengenharia\" \/>\n<meta name=\"twitter:label1\" content=\"Escrito por\" \/>\n\t<meta name=\"twitter:data1\" content=\"TMax Tecnologia\" \/>\n\t<meta name=\"twitter:label2\" content=\"Est. tempo de leitura\" \/>\n\t<meta name=\"twitter:data2\" content=\"2 minutos\" \/>\n<script type=\"application\/ld+json\" class=\"yoast-schema-graph\">{\"@context\":\"https:\/\/schema.org\",\"@graph\":[{\"@type\":\"Article\",\"@id\":\"https:\/\/www.institutodeengenharia.org.br\/site\/2010\/06\/16\/porto-de-santos-recebe-penultimo-lote-da-primeira-fase-do-projeto-da-linha-4amarela\/#article\",\"isPartOf\":{\"@id\":\"https:\/\/www.institutodeengenharia.org.br\/site\/2010\/06\/16\/porto-de-santos-recebe-penultimo-lote-da-primeira-fase-do-projeto-da-linha-4amarela\/\"},\"author\":{\"name\":\"TMax Tecnologia\",\"@id\":\"https:\/\/www.institutodeengenharia.org.br\/site\/#\/schema\/person\/3b1ff109facef084739fc2edcb9a127f\"},\"headline\":\"Porto de Santos recebe pen\u00faltimo lote da primeira fase do projeto da Linha 4-Amarela\",\"datePublished\":\"2010-06-16T22:47:24+00:00\",\"mainEntityOfPage\":{\"@id\":\"https:\/\/www.institutodeengenharia.org.br\/site\/2010\/06\/16\/porto-de-santos-recebe-penultimo-lote-da-primeira-fase-do-projeto-da-linha-4amarela\/\"},\"wordCount\":345,\"commentCount\":0,\"publisher\":{\"@id\":\"https:\/\/www.institutodeengenharia.org.br\/site\/#organization\"},\"articleSection\":[\"Not\u00edcias\",\"Transportes\"],\"inLanguage\":\"pt-BR\",\"potentialAction\":[{\"@type\":\"CommentAction\",\"name\":\"Comment\",\"target\":[\"https:\/\/www.institutodeengenharia.org.br\/site\/2010\/06\/16\/porto-de-santos-recebe-penultimo-lote-da-primeira-fase-do-projeto-da-linha-4amarela\/#respond\"]}]},{\"@type\":\"WebPage\",\"@id\":\"https:\/\/www.institutodeengenharia.org.br\/site\/2010\/06\/16\/porto-de-santos-recebe-penultimo-lote-da-primeira-fase-do-projeto-da-linha-4amarela\/\",\"url\":\"https:\/\/www.institutodeengenharia.org.br\/site\/2010\/06\/16\/porto-de-santos-recebe-penultimo-lote-da-primeira-fase-do-projeto-da-linha-4amarela\/\",\"name\":\"Porto de Santos recebe pen\u00faltimo lote da primeira fase do projeto da Linha 4-Amarela - Instituto de Engenharia\",\"isPartOf\":{\"@id\":\"https:\/\/www.institutodeengenharia.org.br\/site\/#website\"},\"datePublished\":\"2010-06-16T22:47:24+00:00\",\"breadcrumb\":{\"@id\":\"https:\/\/www.institutodeengenharia.org.br\/site\/2010\/06\/16\/porto-de-santos-recebe-penultimo-lote-da-primeira-fase-do-projeto-da-linha-4amarela\/#breadcrumb\"},\"inLanguage\":\"pt-BR\",\"potentialAction\":[{\"@type\":\"ReadAction\",\"target\":[\"https:\/\/www.institutodeengenharia.org.br\/site\/2010\/06\/16\/porto-de-santos-recebe-penultimo-lote-da-primeira-fase-do-projeto-da-linha-4amarela\/\"]}]},{\"@type\":\"BreadcrumbList\",\"@id\":\"https:\/\/www.institutodeengenharia.org.br\/site\/2010\/06\/16\/porto-de-santos-recebe-penultimo-lote-da-primeira-fase-do-projeto-da-linha-4amarela\/#breadcrumb\",\"itemListElement\":[{\"@type\":\"ListItem\",\"position\":1,\"name\":\"In\u00edcio\",\"item\":\"https:\/\/www.institutodeengenharia.org.br\/site\/\"},{\"@type\":\"ListItem\",\"position\":2,\"name\":\"Porto de Santos recebe pen\u00faltimo lote da primeira fase do projeto da Linha 4-Amarela\"}]},{\"@type\":\"WebSite\",\"@id\":\"https:\/\/www.institutodeengenharia.org.br\/site\/#website\",\"url\":\"https:\/\/www.institutodeengenharia.org.br\/site\/\",\"name\":\"Instituto de Engenharia\",\"description\":\"O Instituto de Engenharia promove a Engenharia em benef\u00edcio do desenvolvimento e da qualidade de vida da sociedade.\",\"publisher\":{\"@id\":\"https:\/\/www.institutodeengenharia.org.br\/site\/#organization\"},\"potentialAction\":[{\"@type\":\"SearchAction\",\"target\":{\"@type\":\"EntryPoint\",\"urlTemplate\":\"https:\/\/www.institutodeengenharia.org.br\/site\/?s={search_term_string}\"},\"query-input\":{\"@type\":\"PropertyValueSpecification\",\"valueRequired\":true,\"valueName\":\"search_term_string\"}}],\"inLanguage\":\"pt-BR\"},{\"@type\":\"Organization\",\"@id\":\"https:\/\/www.institutodeengenharia.org.br\/site\/#organization\",\"name\":\"Instituto de Engenharia\",\"url\":\"https:\/\/www.institutodeengenharia.org.br\/site\/\",\"logo\":{\"@type\":\"ImageObject\",\"inLanguage\":\"pt-BR\",\"@id\":\"https:\/\/www.institutodeengenharia.org.br\/site\/#\/schema\/logo\/image\/\",\"url\":\"https:\/\/www.institutodeengenharia.org.br\/site\/wp-content\/uploads\/2019\/03\/logo-novo-IE2018-1.jpg\",\"contentUrl\":\"https:\/\/www.institutodeengenharia.org.br\/site\/wp-content\/uploads\/2019\/03\/logo-novo-IE2018-1.jpg\",\"width\":1486,\"height\":1879,\"caption\":\"Instituto de Engenharia\"},\"image\":{\"@id\":\"https:\/\/www.institutodeengenharia.org.br\/site\/#\/schema\/logo\/image\/\"},\"sameAs\":[\"https:\/\/www.facebook.com\/institutodeengenharia\",\"https:\/\/x.com\/iengenharia\",\"https:\/\/www.instagram.com\/institutodeengenharia\/\",\"https:\/\/www.linkedin.com\/company\/instituto-de-engenharia\/\",\"https:\/\/www.youtube.com\/channel\/UCXiCAlsSMe977vamW915HxA\"]},{\"@type\":\"Person\",\"@id\":\"https:\/\/www.institutodeengenharia.org.br\/site\/#\/schema\/person\/3b1ff109facef084739fc2edcb9a127f\",\"name\":\"TMax Tecnologia\",\"image\":{\"@type\":\"ImageObject\",\"inLanguage\":\"pt-BR\",\"@id\":\"https:\/\/secure.gravatar.com\/avatar\/f912434ef7f389c92cb311fcdae346af848465d638912574b3c669070f797701?s=96&d=mm&r=g\",\"url\":\"https:\/\/secure.gravatar.com\/avatar\/f912434ef7f389c92cb311fcdae346af848465d638912574b3c669070f797701?s=96&d=mm&r=g\",\"contentUrl\":\"https:\/\/secure.gravatar.com\/avatar\/f912434ef7f389c92cb311fcdae346af848465d638912574b3c669070f797701?s=96&d=mm&r=g\",\"caption\":\"TMax Tecnologia\"},\"url\":\"https:\/\/www.institutodeengenharia.org.br\/site\/author\/tmax\/\"}]}<\/script>\n<!-- \/ Yoast SEO plugin. -->","yoast_head_json":{"title":"Porto de Santos recebe pen\u00faltimo lote da primeira fase do projeto da Linha 4-Amarela - Instituto de Engenharia","robots":{"index":"index","follow":"follow","max-snippet":"max-snippet:-1","max-image-preview":"max-image-preview:large","max-video-preview":"max-video-preview:-1"},"canonical":"https:\/\/www.institutodeengenharia.org.br\/site\/2010\/06\/16\/porto-de-santos-recebe-penultimo-lote-da-primeira-fase-do-projeto-da-linha-4amarela\/","og_locale":"pt_BR","og_type":"article","og_title":"Porto de Santos recebe pen\u00faltimo lote da primeira fase do projeto da Linha 4-Amarela - Instituto de Engenharia","og_description":"O Porto de Santos recebeu na madrugada desta quarta-feira mais um lote com tr\u00eas trens da Linha 4-Amarela do Metr\u00f4 de S\u00e3o Paulo. Ao todo, 18 carros v\u00e3o ser desembarcados no complexo no Cais do Sabo\u00f3, ao lado do Terminal Mar\u00edtimo da Deicmar. A opera\u00e7\u00e3o teve in\u00edcio \u00e0s 11h30 desta quarta-feira e devem ser encerradas [&hellip;]","og_url":"https:\/\/www.institutodeengenharia.org.br\/site\/2010\/06\/16\/porto-de-santos-recebe-penultimo-lote-da-primeira-fase-do-projeto-da-linha-4amarela\/","og_site_name":"Instituto de Engenharia","article_publisher":"https:\/\/www.facebook.com\/institutodeengenharia","article_published_time":"2010-06-16T22:47:24+00:00","author":"TMax Tecnologia","twitter_card":"summary_large_image","twitter_creator":"@iengenharia","twitter_site":"@iengenharia","twitter_misc":{"Escrito por":"TMax Tecnologia","Est. tempo de leitura":"2 minutos"},"schema":{"@context":"https:\/\/schema.org","@graph":[{"@type":"Article","@id":"https:\/\/www.institutodeengenharia.org.br\/site\/2010\/06\/16\/porto-de-santos-recebe-penultimo-lote-da-primeira-fase-do-projeto-da-linha-4amarela\/#article","isPartOf":{"@id":"https:\/\/www.institutodeengenharia.org.br\/site\/2010\/06\/16\/porto-de-santos-recebe-penultimo-lote-da-primeira-fase-do-projeto-da-linha-4amarela\/"},"author":{"name":"TMax Tecnologia","@id":"https:\/\/www.institutodeengenharia.org.br\/site\/#\/schema\/person\/3b1ff109facef084739fc2edcb9a127f"},"headline":"Porto de Santos recebe pen\u00faltimo lote da primeira fase do projeto da Linha 4-Amarela","datePublished":"2010-06-16T22:47:24+00:00","mainEntityOfPage":{"@id":"https:\/\/www.institutodeengenharia.org.br\/site\/2010\/06\/16\/porto-de-santos-recebe-penultimo-lote-da-primeira-fase-do-projeto-da-linha-4amarela\/"},"wordCount":345,"commentCount":0,"publisher":{"@id":"https:\/\/www.institutodeengenharia.org.br\/site\/#organization"},"articleSection":["Not\u00edcias","Transportes"],"inLanguage":"pt-BR","potentialAction":[{"@type":"CommentAction","name":"Comment","target":["https:\/\/www.institutodeengenharia.org.br\/site\/2010\/06\/16\/porto-de-santos-recebe-penultimo-lote-da-primeira-fase-do-projeto-da-linha-4amarela\/#respond"]}]},{"@type":"WebPage","@id":"https:\/\/www.institutodeengenharia.org.br\/site\/2010\/06\/16\/porto-de-santos-recebe-penultimo-lote-da-primeira-fase-do-projeto-da-linha-4amarela\/","url":"https:\/\/www.institutodeengenharia.org.br\/site\/2010\/06\/16\/porto-de-santos-recebe-penultimo-lote-da-primeira-fase-do-projeto-da-linha-4amarela\/","name":"Porto de Santos recebe pen\u00faltimo lote da primeira fase do projeto da Linha 4-Amarela - Instituto de Engenharia","isPartOf":{"@id":"https:\/\/www.institutodeengenharia.org.br\/site\/#website"},"datePublished":"2010-06-16T22:47:24+00:00","breadcrumb":{"@id":"https:\/\/www.institutodeengenharia.org.br\/site\/2010\/06\/16\/porto-de-santos-recebe-penultimo-lote-da-primeira-fase-do-projeto-da-linha-4amarela\/#breadcrumb"},"inLanguage":"pt-BR","potentialAction":[{"@type":"ReadAction","target":["https:\/\/www.institutodeengenharia.org.br\/site\/2010\/06\/16\/porto-de-santos-recebe-penultimo-lote-da-primeira-fase-do-projeto-da-linha-4amarela\/"]}]},{"@type":"BreadcrumbList","@id":"https:\/\/www.institutodeengenharia.org.br\/site\/2010\/06\/16\/porto-de-santos-recebe-penultimo-lote-da-primeira-fase-do-projeto-da-linha-4amarela\/#breadcrumb","itemListElement":[{"@type":"ListItem","position":1,"name":"In\u00edcio","item":"https:\/\/www.institutodeengenharia.org.br\/site\/"},{"@type":"ListItem","position":2,"name":"Porto de Santos recebe pen\u00faltimo lote da primeira fase do projeto da Linha 4-Amarela"}]},{"@type":"WebSite","@id":"https:\/\/www.institutodeengenharia.org.br\/site\/#website","url":"https:\/\/www.institutodeengenharia.org.br\/site\/","name":"Instituto de Engenharia","description":"O Instituto de Engenharia promove a Engenharia em benef\u00edcio do desenvolvimento e da qualidade de vida da sociedade.","publisher":{"@id":"https:\/\/www.institutodeengenharia.org.br\/site\/#organization"},"potentialAction":[{"@type":"SearchAction","target":{"@type":"EntryPoint","urlTemplate":"https:\/\/www.institutodeengenharia.org.br\/site\/?s={search_term_string}"},"query-input":{"@type":"PropertyValueSpecification","valueRequired":true,"valueName":"search_term_string"}}],"inLanguage":"pt-BR"},{"@type":"Organization","@id":"https:\/\/www.institutodeengenharia.org.br\/site\/#organization","name":"Instituto de Engenharia","url":"https:\/\/www.institutodeengenharia.org.br\/site\/","logo":{"@type":"ImageObject","inLanguage":"pt-BR","@id":"https:\/\/www.institutodeengenharia.org.br\/site\/#\/schema\/logo\/image\/","url":"https:\/\/www.institutodeengenharia.org.br\/site\/wp-content\/uploads\/2019\/03\/logo-novo-IE2018-1.jpg","contentUrl":"https:\/\/www.institutodeengenharia.org.br\/site\/wp-content\/uploads\/2019\/03\/logo-novo-IE2018-1.jpg","width":1486,"height":1879,"caption":"Instituto de Engenharia"},"image":{"@id":"https:\/\/www.institutodeengenharia.org.br\/site\/#\/schema\/logo\/image\/"},"sameAs":["https:\/\/www.facebook.com\/institutodeengenharia","https:\/\/x.com\/iengenharia","https:\/\/www.instagram.com\/institutodeengenharia\/","https:\/\/www.linkedin.com\/company\/instituto-de-engenharia\/","https:\/\/www.youtube.com\/channel\/UCXiCAlsSMe977vamW915HxA"]},{"@type":"Person","@id":"https:\/\/www.institutodeengenharia.org.br\/site\/#\/schema\/person\/3b1ff109facef084739fc2edcb9a127f","name":"TMax Tecnologia","image":{"@type":"ImageObject","inLanguage":"pt-BR","@id":"https:\/\/secure.gravatar.com\/avatar\/f912434ef7f389c92cb311fcdae346af848465d638912574b3c669070f797701?s=96&d=mm&r=g","url":"https:\/\/secure.gravatar.com\/avatar\/f912434ef7f389c92cb311fcdae346af848465d638912574b3c669070f797701?s=96&d=mm&r=g","contentUrl":"https:\/\/secure.gravatar.com\/avatar\/f912434ef7f389c92cb311fcdae346af848465d638912574b3c669070f797701?s=96&d=mm&r=g","caption":"TMax Tecnologia"},"url":"https:\/\/www.institutodeengenharia.org.br\/site\/author\/tmax\/"}]}},"_links":{"self":[{"href":"https:\/\/www.institutodeengenharia.org.br\/site\/wp-json\/wp\/v2\/posts\/18392","targetHints":{"allow":["GET"]}}],"collection":[{"href":"https:\/\/www.institutodeengenharia.org.br\/site\/wp-json\/wp\/v2\/posts"}],"about":[{"href":"https:\/\/www.institutodeengenharia.org.br\/site\/wp-json\/wp\/v2\/types\/post"}],"author":[{"embeddable":true,"href":"https:\/\/www.institutodeengenharia.org.br\/site\/wp-json\/wp\/v2\/users\/1"}],"replies":[{"embeddable":true,"href":"https:\/\/www.institutodeengenharia.org.br\/site\/wp-json\/wp\/v2\/comments?post=18392"}],"version-history":[{"count":0,"href":"https:\/\/www.institutodeengenharia.org.br\/site\/wp-json\/wp\/v2\/posts\/18392\/revisions"}],"wp:attachment":[{"href":"https:\/\/www.institutodeengenharia.org.br\/site\/wp-json\/wp\/v2\/media?parent=18392"}],"wp:term":[{"taxonomy":"category","embeddable":true,"href":"https:\/\/www.institutodeengenharia.org.br\/site\/wp-json\/wp\/v2\/categories?post=18392"},{"taxonomy":"post_tag","embeddable":true,"href":"https:\/\/www.institutodeengenharia.org.br\/site\/wp-json\/wp\/v2\/tags?post=18392"}],"curies":[{"name":"wp","href":"https:\/\/api.w.org\/{rel}","templated":true}]}}