{"id":18383,"date":"2010-06-16T22:47:16","date_gmt":"2010-06-16T22:47:16","guid":{"rendered":"https:\/\/www.institutodeengenharia.org.br\/?p=18383"},"modified":"2010-06-16T10:55:45","modified_gmt":"2010-06-16T10:55:45","slug":"estadios-da-copa-poderao-ser-usinas-solares","status":"publish","type":"post","link":"https:\/\/www.institutodeengenharia.org.br\/site\/2010\/06\/16\/estadios-da-copa-poderao-ser-usinas-solares\/","title":{"rendered":"Est\u00e1dios da Copa poder\u00e3o ser usinas solares"},"content":{"rendered":"<p><strong>Projeto do Maracan\u00e3 com as placas fotovoltaicas<\/strong>&nbsp;<\/p>\n<p>Ricardo R\u00fcther \u00e9 professor doutor do Laborat\u00f3rio de Energia Solar (LABSolar) da UFSC (Universidade Federal de Santa Catarina). A institui\u00e7\u00e3o \u00e9 pioneira em pesquisa e desenvolvimento de tecnologias para gera\u00e7\u00e3o de energia a partir da radia\u00e7\u00e3o solar, com \u00f3timos resultados. O campus da universidade exibe instala\u00e7\u00f5es a comprovar o \u00eaxito dos pesquisadores. <br \/>\nAgora, o professor R\u00fcther e sua equipe podem estar muito pr\u00f3ximos de fazer deslanchar suas id\u00e9ias.&nbsp;<\/p>\n<p>Seu laborat\u00f3rio, em parceria com o Instituto Ideal, de Florian\u00f3polis, idealizou estudos para transformar os est\u00e1dios brasileiros que sediar\u00e3o a Copa 2014 em verdadeiras usinas de gera\u00e7\u00e3o de energia el\u00e9trica a partir da luz solar.&nbsp;<\/p>\n<p>A Companhia Energ\u00e9tica de Minas Gerais (Cemig) encampou os estudos do LABSolar para aplicar a tecnologia no est\u00e1dio do Mineir\u00e3o e no gin\u00e1sio do Mineirinho, transformando-os em usinas geradoras de energia. A previs\u00e3o de investimentos \u00e9 de aproximadamente R$ 28 milh\u00f5es.&nbsp;<\/p>\n<p>De acordo com o estudo, o Mineir\u00e3o ter\u00e1 capacidade instalada de cerca de 1 mil kW e produ\u00e7\u00e3o de 1, 2 mil mWh, suficientes para atender 800 resid\u00eancias. Com o Mineirinho, que ter\u00e1 capacidade de mais 1 mil kW, a capacidade dos dois atender\u00e1 cerca de 1.500 resid\u00eancias. <\/p>\n<p><strong>Estudos para o Mineir\u00e3o est\u00e3o avan\u00e7ados&nbsp;<br \/>\n<\/strong><br \/>\nO projeto poder\u00e1 ser estendido, ainda, para o Maracan\u00e3, no Rio de Janeiro. \u201cComo a Light faz parte do grupo da Cemig e ser\u00e1 respons\u00e1vel pelo suprimento de energia do est\u00e1dio, estamos tentando viabilizar esse projeto para instalar uma usina semelhante a do Mineir\u00e3o no Maracan\u00e3\u201d, afirma Alexandre Heringer Lisboa, gestor de projetos de energias renov\u00e1veis da Cemig.&nbsp;<\/p>\n<p>Lisboa adianta que ap\u00f3s a estrutura\u00e7\u00e3o do projeto, com defini\u00e7\u00e3o da capacidade e custo da energia, al\u00e9m do impacto sobre o layout do est\u00e1dio, o mesmo ir\u00e1 a licita\u00e7\u00e3o. \u201cAt\u00e9 o fim de setembro soltaremos as especifica\u00e7\u00f5es para publica\u00e7\u00e3o de edital e escolha das empresas que v\u00e3o colocar o projeto em pr\u00e1tica\u201d.&nbsp;<\/p>\n<p><strong>Pitua\u00e7u, na Bahia, tamb\u00e9m \u00e9 candidato&nbsp;<\/strong><\/p>\n<p>Tamb\u00e9m o est\u00e1dio Pitua\u00e7u, em Salvador, \u00e9 candidato \u00e0 transformar-se em usina solar. O projeto, encampado pela Companhia de Eletricidade do Estado da Bahia (Coelba), foi apresentado ao governador Jacques Wagner em maio. A custos estimados em R$ 5, 2 milh\u00f5es, as obras poder\u00e3o se iniciar ainda em 2010. <\/p>\n<p><strong>Pitua\u00e7u tamb\u00e9m poder\u00e1 ser usina solar<\/strong>&nbsp;<\/p>\n<p>O projeto j\u00e1 foi apresentado, tamb\u00e9m, ao ministro do Esporte, Orlando Silva, e ao pr\u00f3prio presidente Luiz In\u00e1cio Lula da Silva. Outro candidato a se tornar uma usina solar \u00e9 o est\u00e1dio Beira Rio, em Porto Alegre. <br \/>\n\u201c\u00c9 uma grande oportunidade para a introdu\u00e7\u00e3o de uma nova tecnologia nessas estruturas para a Copa.&nbsp;<\/p>\n<p>Se os est\u00e1dios ser\u00e3o modernizados, pretendemos trabalhar para que sejam equipados com as placas fotovoltaicas\u201d, afirma Mauro Passos, diretor da ONG Instituto Ideal. Em sua opini\u00e3o o Brasil ganhar\u00e1 muito espa\u00e7o na m\u00eddia internacional sendo o primeiro pa\u00eds a promover uma \u201cCopa Limpa\u201d. <br \/>\nGera\u00e7\u00e3o fotovoltaica&nbsp;<\/p>\n<p>O projeto do LABSolar parte de outras experi\u00eancias bem sucedidas, como a do Stade de Suisse Wandkorf, em Berna, na Sui\u00e7a, onde 10.738 c\u00e9lulas solares geram 1.134 GWh de energia por ano. R\u00fcther ressalta que o potencial brasileiro \u00e9 bem superior ao europeu. Esclarece, ainda, que a energia produzida pode ser integrada \u00e0 rede, abastecendo o entorno dos est\u00e1dios. \u201cN\u00e3o \u00e9 sempre que os jogos s\u00e3o realizados no per\u00edodo noturno e enquanto isso as placas est\u00e3o absorvendo luz solar. \u00c9 um cr\u00e9dito de energia injetado na rede\u201d, completa.&nbsp;<\/p>\n<p>Pelo projeto, v\u00e1rias placas fotovoltaicas seriam colocadas nas coberturas, possibilitando captar a radia\u00e7\u00e3o solar, transformando-a em energia el\u00e9trica. No caso do Mineir\u00e3o toda a produ\u00e7\u00e3o ser\u00e1 enviada para a subesta\u00e7\u00e3o existente no est\u00e1dio e jogada na rede da Cemig para comercializa\u00e7\u00e3o. Uma parte da energia gerada ser\u00e1 destinada ao pr\u00f3prio est\u00e1dio como carga de emerg\u00eancia em caso de falta de energia.&nbsp;<\/p>\n<p>A parte mais cara do projeto, a montagem dos equipamentos, levar\u00e1 cerca de dois meses. A ideia \u00e9 ter o Mineir\u00e3o preparado para a Copa das Confedera\u00e7\u00f5es, em 2013.&nbsp;<\/p>\n<p>Dos investimentos, 10 milh\u00f5es de euros v\u00eam de uma linha de cr\u00e9dito j\u00e1 aberta pelo banco de fomento alem\u00e3o KFW em setembro do ano passado, dentro do acordo de coopera\u00e7\u00e3o t\u00e9cnica Brasil-Alemanha. O restante ser\u00e1 de responsabilidade da Cemig. Os recursos tamb\u00e9m t\u00eam o objetivo de garantir efici\u00eancia energ\u00e9tica nos est\u00e1dios, envolvendo projetos de ilumina\u00e7\u00e3o, climatiza\u00e7\u00e3o das cabines e \u00e1reas Vips, al\u00e9m do aquecimento da \u00e1gua dos vesti\u00e1rios. <\/p>\n<p><b>Autor: Engenharia e Arquitetura<\/b><\/p>\n","protected":false},"excerpt":{"rendered":"<p>Projeto do Maracan\u00e3 com as placas fotovoltaicas&nbsp; Ricardo R\u00fcther \u00e9 professor doutor do Laborat\u00f3rio de Energia Solar (LABSolar) da UFSC (Universidade Federal de Santa Catarina). A institui\u00e7\u00e3o \u00e9 pioneira em pesquisa e desenvolvimento de tecnologias para gera\u00e7\u00e3o de energia a partir da radia\u00e7\u00e3o solar, com \u00f3timos resultados. O campus da universidade exibe instala\u00e7\u00f5es a comprovar [&hellip;]<\/p>\n","protected":false},"author":1,"featured_media":0,"comment_status":"open","ping_status":"open","sticky":false,"template":"","format":"standard","meta":{"footnotes":""},"categories":[10,6],"tags":[],"class_list":{"0":"post-18383","1":"post","2":"type-post","3":"status-publish","4":"format-standard","6":"category-copa-2014","7":"category-noticias"},"yoast_head":"<!-- This site is optimized with the Yoast SEO plugin v27.2 - https:\/\/yoast.com\/product\/yoast-seo-wordpress\/ -->\n<title>Est\u00e1dios da Copa poder\u00e3o ser usinas solares - Instituto de Engenharia<\/title>\n<meta name=\"robots\" content=\"index, follow, max-snippet:-1, max-image-preview:large, max-video-preview:-1\" \/>\n<link rel=\"canonical\" href=\"https:\/\/www.institutodeengenharia.org.br\/site\/2010\/06\/16\/estadios-da-copa-poderao-ser-usinas-solares\/\" \/>\n<meta property=\"og:locale\" content=\"pt_BR\" \/>\n<meta property=\"og:type\" content=\"article\" \/>\n<meta property=\"og:title\" content=\"Est\u00e1dios da Copa poder\u00e3o ser usinas solares - Instituto de Engenharia\" \/>\n<meta property=\"og:description\" content=\"Projeto do Maracan\u00e3 com as placas fotovoltaicas&nbsp; Ricardo R\u00fcther \u00e9 professor doutor do Laborat\u00f3rio de Energia Solar (LABSolar) da UFSC (Universidade Federal de Santa Catarina). A institui\u00e7\u00e3o \u00e9 pioneira em pesquisa e desenvolvimento de tecnologias para gera\u00e7\u00e3o de energia a partir da radia\u00e7\u00e3o solar, com \u00f3timos resultados. O campus da universidade exibe instala\u00e7\u00f5es a comprovar [&hellip;]\" \/>\n<meta property=\"og:url\" content=\"https:\/\/www.institutodeengenharia.org.br\/site\/2010\/06\/16\/estadios-da-copa-poderao-ser-usinas-solares\/\" \/>\n<meta property=\"og:site_name\" content=\"Instituto de Engenharia\" \/>\n<meta property=\"article:publisher\" content=\"https:\/\/www.facebook.com\/institutodeengenharia\" \/>\n<meta property=\"article:published_time\" content=\"2010-06-16T22:47:16+00:00\" \/>\n<meta name=\"author\" content=\"TMax Tecnologia\" \/>\n<meta name=\"twitter:card\" content=\"summary_large_image\" \/>\n<meta name=\"twitter:creator\" content=\"@iengenharia\" \/>\n<meta name=\"twitter:site\" content=\"@iengenharia\" \/>\n<meta name=\"twitter:label1\" content=\"Escrito por\" \/>\n\t<meta name=\"twitter:data1\" content=\"TMax Tecnologia\" \/>\n\t<meta name=\"twitter:label2\" content=\"Est. tempo de leitura\" \/>\n\t<meta name=\"twitter:data2\" content=\"4 minutos\" \/>\n<script type=\"application\/ld+json\" class=\"yoast-schema-graph\">{\"@context\":\"https:\/\/schema.org\",\"@graph\":[{\"@type\":\"Article\",\"@id\":\"https:\/\/www.institutodeengenharia.org.br\/site\/2010\/06\/16\/estadios-da-copa-poderao-ser-usinas-solares\/#article\",\"isPartOf\":{\"@id\":\"https:\/\/www.institutodeengenharia.org.br\/site\/2010\/06\/16\/estadios-da-copa-poderao-ser-usinas-solares\/\"},\"author\":{\"name\":\"TMax Tecnologia\",\"@id\":\"https:\/\/www.institutodeengenharia.org.br\/site\/#\/schema\/person\/3b1ff109facef084739fc2edcb9a127f\"},\"headline\":\"Est\u00e1dios da Copa poder\u00e3o ser usinas solares\",\"datePublished\":\"2010-06-16T22:47:16+00:00\",\"mainEntityOfPage\":{\"@id\":\"https:\/\/www.institutodeengenharia.org.br\/site\/2010\/06\/16\/estadios-da-copa-poderao-ser-usinas-solares\/\"},\"wordCount\":820,\"commentCount\":0,\"publisher\":{\"@id\":\"https:\/\/www.institutodeengenharia.org.br\/site\/#organization\"},\"articleSection\":[\"Copa 2014\",\"Not\u00edcias\"],\"inLanguage\":\"pt-BR\",\"potentialAction\":[{\"@type\":\"CommentAction\",\"name\":\"Comment\",\"target\":[\"https:\/\/www.institutodeengenharia.org.br\/site\/2010\/06\/16\/estadios-da-copa-poderao-ser-usinas-solares\/#respond\"]}]},{\"@type\":\"WebPage\",\"@id\":\"https:\/\/www.institutodeengenharia.org.br\/site\/2010\/06\/16\/estadios-da-copa-poderao-ser-usinas-solares\/\",\"url\":\"https:\/\/www.institutodeengenharia.org.br\/site\/2010\/06\/16\/estadios-da-copa-poderao-ser-usinas-solares\/\",\"name\":\"Est\u00e1dios da Copa poder\u00e3o ser usinas solares - Instituto de Engenharia\",\"isPartOf\":{\"@id\":\"https:\/\/www.institutodeengenharia.org.br\/site\/#website\"},\"datePublished\":\"2010-06-16T22:47:16+00:00\",\"breadcrumb\":{\"@id\":\"https:\/\/www.institutodeengenharia.org.br\/site\/2010\/06\/16\/estadios-da-copa-poderao-ser-usinas-solares\/#breadcrumb\"},\"inLanguage\":\"pt-BR\",\"potentialAction\":[{\"@type\":\"ReadAction\",\"target\":[\"https:\/\/www.institutodeengenharia.org.br\/site\/2010\/06\/16\/estadios-da-copa-poderao-ser-usinas-solares\/\"]}]},{\"@type\":\"BreadcrumbList\",\"@id\":\"https:\/\/www.institutodeengenharia.org.br\/site\/2010\/06\/16\/estadios-da-copa-poderao-ser-usinas-solares\/#breadcrumb\",\"itemListElement\":[{\"@type\":\"ListItem\",\"position\":1,\"name\":\"In\u00edcio\",\"item\":\"https:\/\/www.institutodeengenharia.org.br\/site\/\"},{\"@type\":\"ListItem\",\"position\":2,\"name\":\"Est\u00e1dios da Copa poder\u00e3o ser usinas solares\"}]},{\"@type\":\"WebSite\",\"@id\":\"https:\/\/www.institutodeengenharia.org.br\/site\/#website\",\"url\":\"https:\/\/www.institutodeengenharia.org.br\/site\/\",\"name\":\"Instituto de Engenharia\",\"description\":\"O Instituto de Engenharia promove a Engenharia em benef\u00edcio do desenvolvimento e da qualidade de vida da sociedade.\",\"publisher\":{\"@id\":\"https:\/\/www.institutodeengenharia.org.br\/site\/#organization\"},\"potentialAction\":[{\"@type\":\"SearchAction\",\"target\":{\"@type\":\"EntryPoint\",\"urlTemplate\":\"https:\/\/www.institutodeengenharia.org.br\/site\/?s={search_term_string}\"},\"query-input\":{\"@type\":\"PropertyValueSpecification\",\"valueRequired\":true,\"valueName\":\"search_term_string\"}}],\"inLanguage\":\"pt-BR\"},{\"@type\":\"Organization\",\"@id\":\"https:\/\/www.institutodeengenharia.org.br\/site\/#organization\",\"name\":\"Instituto de Engenharia\",\"url\":\"https:\/\/www.institutodeengenharia.org.br\/site\/\",\"logo\":{\"@type\":\"ImageObject\",\"inLanguage\":\"pt-BR\",\"@id\":\"https:\/\/www.institutodeengenharia.org.br\/site\/#\/schema\/logo\/image\/\",\"url\":\"https:\/\/www.institutodeengenharia.org.br\/site\/wp-content\/uploads\/2019\/03\/logo-novo-IE2018-1.jpg\",\"contentUrl\":\"https:\/\/www.institutodeengenharia.org.br\/site\/wp-content\/uploads\/2019\/03\/logo-novo-IE2018-1.jpg\",\"width\":1486,\"height\":1879,\"caption\":\"Instituto de Engenharia\"},\"image\":{\"@id\":\"https:\/\/www.institutodeengenharia.org.br\/site\/#\/schema\/logo\/image\/\"},\"sameAs\":[\"https:\/\/www.facebook.com\/institutodeengenharia\",\"https:\/\/x.com\/iengenharia\",\"https:\/\/www.instagram.com\/institutodeengenharia\/\",\"https:\/\/www.linkedin.com\/company\/instituto-de-engenharia\/\",\"https:\/\/www.youtube.com\/channel\/UCXiCAlsSMe977vamW915HxA\"]},{\"@type\":\"Person\",\"@id\":\"https:\/\/www.institutodeengenharia.org.br\/site\/#\/schema\/person\/3b1ff109facef084739fc2edcb9a127f\",\"name\":\"TMax Tecnologia\",\"image\":{\"@type\":\"ImageObject\",\"inLanguage\":\"pt-BR\",\"@id\":\"https:\/\/secure.gravatar.com\/avatar\/f912434ef7f389c92cb311fcdae346af848465d638912574b3c669070f797701?s=96&d=mm&r=g\",\"url\":\"https:\/\/secure.gravatar.com\/avatar\/f912434ef7f389c92cb311fcdae346af848465d638912574b3c669070f797701?s=96&d=mm&r=g\",\"contentUrl\":\"https:\/\/secure.gravatar.com\/avatar\/f912434ef7f389c92cb311fcdae346af848465d638912574b3c669070f797701?s=96&d=mm&r=g\",\"caption\":\"TMax Tecnologia\"},\"url\":\"https:\/\/www.institutodeengenharia.org.br\/site\/author\/tmax\/\"}]}<\/script>\n<!-- \/ Yoast SEO plugin. -->","yoast_head_json":{"title":"Est\u00e1dios da Copa poder\u00e3o ser usinas solares - Instituto de Engenharia","robots":{"index":"index","follow":"follow","max-snippet":"max-snippet:-1","max-image-preview":"max-image-preview:large","max-video-preview":"max-video-preview:-1"},"canonical":"https:\/\/www.institutodeengenharia.org.br\/site\/2010\/06\/16\/estadios-da-copa-poderao-ser-usinas-solares\/","og_locale":"pt_BR","og_type":"article","og_title":"Est\u00e1dios da Copa poder\u00e3o ser usinas solares - Instituto de Engenharia","og_description":"Projeto do Maracan\u00e3 com as placas fotovoltaicas&nbsp; Ricardo R\u00fcther \u00e9 professor doutor do Laborat\u00f3rio de Energia Solar (LABSolar) da UFSC (Universidade Federal de Santa Catarina). A institui\u00e7\u00e3o \u00e9 pioneira em pesquisa e desenvolvimento de tecnologias para gera\u00e7\u00e3o de energia a partir da radia\u00e7\u00e3o solar, com \u00f3timos resultados. O campus da universidade exibe instala\u00e7\u00f5es a comprovar [&hellip;]","og_url":"https:\/\/www.institutodeengenharia.org.br\/site\/2010\/06\/16\/estadios-da-copa-poderao-ser-usinas-solares\/","og_site_name":"Instituto de Engenharia","article_publisher":"https:\/\/www.facebook.com\/institutodeengenharia","article_published_time":"2010-06-16T22:47:16+00:00","author":"TMax Tecnologia","twitter_card":"summary_large_image","twitter_creator":"@iengenharia","twitter_site":"@iengenharia","twitter_misc":{"Escrito por":"TMax Tecnologia","Est. tempo de leitura":"4 minutos"},"schema":{"@context":"https:\/\/schema.org","@graph":[{"@type":"Article","@id":"https:\/\/www.institutodeengenharia.org.br\/site\/2010\/06\/16\/estadios-da-copa-poderao-ser-usinas-solares\/#article","isPartOf":{"@id":"https:\/\/www.institutodeengenharia.org.br\/site\/2010\/06\/16\/estadios-da-copa-poderao-ser-usinas-solares\/"},"author":{"name":"TMax Tecnologia","@id":"https:\/\/www.institutodeengenharia.org.br\/site\/#\/schema\/person\/3b1ff109facef084739fc2edcb9a127f"},"headline":"Est\u00e1dios da Copa poder\u00e3o ser usinas solares","datePublished":"2010-06-16T22:47:16+00:00","mainEntityOfPage":{"@id":"https:\/\/www.institutodeengenharia.org.br\/site\/2010\/06\/16\/estadios-da-copa-poderao-ser-usinas-solares\/"},"wordCount":820,"commentCount":0,"publisher":{"@id":"https:\/\/www.institutodeengenharia.org.br\/site\/#organization"},"articleSection":["Copa 2014","Not\u00edcias"],"inLanguage":"pt-BR","potentialAction":[{"@type":"CommentAction","name":"Comment","target":["https:\/\/www.institutodeengenharia.org.br\/site\/2010\/06\/16\/estadios-da-copa-poderao-ser-usinas-solares\/#respond"]}]},{"@type":"WebPage","@id":"https:\/\/www.institutodeengenharia.org.br\/site\/2010\/06\/16\/estadios-da-copa-poderao-ser-usinas-solares\/","url":"https:\/\/www.institutodeengenharia.org.br\/site\/2010\/06\/16\/estadios-da-copa-poderao-ser-usinas-solares\/","name":"Est\u00e1dios da Copa poder\u00e3o ser usinas solares - Instituto de Engenharia","isPartOf":{"@id":"https:\/\/www.institutodeengenharia.org.br\/site\/#website"},"datePublished":"2010-06-16T22:47:16+00:00","breadcrumb":{"@id":"https:\/\/www.institutodeengenharia.org.br\/site\/2010\/06\/16\/estadios-da-copa-poderao-ser-usinas-solares\/#breadcrumb"},"inLanguage":"pt-BR","potentialAction":[{"@type":"ReadAction","target":["https:\/\/www.institutodeengenharia.org.br\/site\/2010\/06\/16\/estadios-da-copa-poderao-ser-usinas-solares\/"]}]},{"@type":"BreadcrumbList","@id":"https:\/\/www.institutodeengenharia.org.br\/site\/2010\/06\/16\/estadios-da-copa-poderao-ser-usinas-solares\/#breadcrumb","itemListElement":[{"@type":"ListItem","position":1,"name":"In\u00edcio","item":"https:\/\/www.institutodeengenharia.org.br\/site\/"},{"@type":"ListItem","position":2,"name":"Est\u00e1dios da Copa poder\u00e3o ser usinas solares"}]},{"@type":"WebSite","@id":"https:\/\/www.institutodeengenharia.org.br\/site\/#website","url":"https:\/\/www.institutodeengenharia.org.br\/site\/","name":"Instituto de Engenharia","description":"O Instituto de Engenharia promove a Engenharia em benef\u00edcio do desenvolvimento e da qualidade de vida da sociedade.","publisher":{"@id":"https:\/\/www.institutodeengenharia.org.br\/site\/#organization"},"potentialAction":[{"@type":"SearchAction","target":{"@type":"EntryPoint","urlTemplate":"https:\/\/www.institutodeengenharia.org.br\/site\/?s={search_term_string}"},"query-input":{"@type":"PropertyValueSpecification","valueRequired":true,"valueName":"search_term_string"}}],"inLanguage":"pt-BR"},{"@type":"Organization","@id":"https:\/\/www.institutodeengenharia.org.br\/site\/#organization","name":"Instituto de Engenharia","url":"https:\/\/www.institutodeengenharia.org.br\/site\/","logo":{"@type":"ImageObject","inLanguage":"pt-BR","@id":"https:\/\/www.institutodeengenharia.org.br\/site\/#\/schema\/logo\/image\/","url":"https:\/\/www.institutodeengenharia.org.br\/site\/wp-content\/uploads\/2019\/03\/logo-novo-IE2018-1.jpg","contentUrl":"https:\/\/www.institutodeengenharia.org.br\/site\/wp-content\/uploads\/2019\/03\/logo-novo-IE2018-1.jpg","width":1486,"height":1879,"caption":"Instituto de Engenharia"},"image":{"@id":"https:\/\/www.institutodeengenharia.org.br\/site\/#\/schema\/logo\/image\/"},"sameAs":["https:\/\/www.facebook.com\/institutodeengenharia","https:\/\/x.com\/iengenharia","https:\/\/www.instagram.com\/institutodeengenharia\/","https:\/\/www.linkedin.com\/company\/instituto-de-engenharia\/","https:\/\/www.youtube.com\/channel\/UCXiCAlsSMe977vamW915HxA"]},{"@type":"Person","@id":"https:\/\/www.institutodeengenharia.org.br\/site\/#\/schema\/person\/3b1ff109facef084739fc2edcb9a127f","name":"TMax Tecnologia","image":{"@type":"ImageObject","inLanguage":"pt-BR","@id":"https:\/\/secure.gravatar.com\/avatar\/f912434ef7f389c92cb311fcdae346af848465d638912574b3c669070f797701?s=96&d=mm&r=g","url":"https:\/\/secure.gravatar.com\/avatar\/f912434ef7f389c92cb311fcdae346af848465d638912574b3c669070f797701?s=96&d=mm&r=g","contentUrl":"https:\/\/secure.gravatar.com\/avatar\/f912434ef7f389c92cb311fcdae346af848465d638912574b3c669070f797701?s=96&d=mm&r=g","caption":"TMax Tecnologia"},"url":"https:\/\/www.institutodeengenharia.org.br\/site\/author\/tmax\/"}]}},"_links":{"self":[{"href":"https:\/\/www.institutodeengenharia.org.br\/site\/wp-json\/wp\/v2\/posts\/18383","targetHints":{"allow":["GET"]}}],"collection":[{"href":"https:\/\/www.institutodeengenharia.org.br\/site\/wp-json\/wp\/v2\/posts"}],"about":[{"href":"https:\/\/www.institutodeengenharia.org.br\/site\/wp-json\/wp\/v2\/types\/post"}],"author":[{"embeddable":true,"href":"https:\/\/www.institutodeengenharia.org.br\/site\/wp-json\/wp\/v2\/users\/1"}],"replies":[{"embeddable":true,"href":"https:\/\/www.institutodeengenharia.org.br\/site\/wp-json\/wp\/v2\/comments?post=18383"}],"version-history":[{"count":0,"href":"https:\/\/www.institutodeengenharia.org.br\/site\/wp-json\/wp\/v2\/posts\/18383\/revisions"}],"wp:attachment":[{"href":"https:\/\/www.institutodeengenharia.org.br\/site\/wp-json\/wp\/v2\/media?parent=18383"}],"wp:term":[{"taxonomy":"category","embeddable":true,"href":"https:\/\/www.institutodeengenharia.org.br\/site\/wp-json\/wp\/v2\/categories?post=18383"},{"taxonomy":"post_tag","embeddable":true,"href":"https:\/\/www.institutodeengenharia.org.br\/site\/wp-json\/wp\/v2\/tags?post=18383"}],"curies":[{"name":"wp","href":"https:\/\/api.w.org\/{rel}","templated":true}]}}