{"id":18379,"date":"2010-06-15T22:47:12","date_gmt":"2010-06-15T22:47:12","guid":{"rendered":"https:\/\/www.institutodeengenharia.org.br\/?p=18379"},"modified":"2010-06-15T12:03:42","modified_gmt":"2010-06-15T12:03:42","slug":"metropoles-terao-problemas-relacionados-ao-clima-no-futuro-afirma-pesquisadora","status":"publish","type":"post","link":"https:\/\/www.institutodeengenharia.org.br\/site\/2010\/06\/15\/metropoles-terao-problemas-relacionados-ao-clima-no-futuro-afirma-pesquisadora\/","title":{"rendered":"Metr\u00f3poles ter\u00e3o problemas relacionados ao clima no futuro, afirma pesquisadora"},"content":{"rendered":"<p>As regi\u00f5es metropolitanas brasileiras ter\u00e3o problemas relacionados ao clima nos pr\u00f3ximos 20 anos, caso o atual modelo de desenvolvimento seja mantido. <\/p>\n<p>Segundo a pesquisadora da Universidade Estadual de Campinas (Unicamp), Andrea Young, a cidade de S\u00e3o Paulo j\u00e1 apresenta diversas complica\u00e7\u00f5es devido ao modo de ocupa\u00e7\u00e3o do solo e a polui\u00e7\u00e3o, o que vem sendo seguido por outras grandes cidades. <\/p>\n<p>\u201cPode ser que nem cres\u00e7am at\u00e9 o tamanho de S\u00e3o Paulo. Mas a forma de ocupar o espa\u00e7o \u00e9 a mesma, \u00e9 sempre essa ideia de ocupar a \u00e1rea o m\u00e1ximo poss\u00edvel, sem considerar nenhum crit\u00e9rio ecol\u00f3gico, com uma vis\u00e3o predat\u00f3ria\u201d, avaliou. <\/p>\n<p>Young \u00e9 uma das autoras do relat\u00f3rio Vulnerabilidades das Megacidades Brasileiras \u00e0s Mudan\u00e7as Clim\u00e1ticas: Regi\u00e3o Metropolitana de S\u00e3o Paulo, elaborado por pesquisadores da Unicamp e do Instituto Nacional de Pesquisas Espaciais (Inpe). <\/p>\n<p>De acordo com o estudo, a capital paulista enfrenta atualmente uma s\u00e9rie de problemas relacionados diretamente \u00e0 polui\u00e7\u00e3o e \u00e0s mudan\u00e7as no clima da metr\u00f3pole causadas pelo crescimento desordenado. <br \/>\nA apropria\u00e7\u00e3o dos cursos de \u00e1gua pelo sistema vi\u00e1rio \u00e9 um dos principais exemplos de como a expans\u00e3o da cidade est\u00e1 expondo a popula\u00e7\u00e3o a desastres relacionados ao clima. Segundo a pesquisadora, a bacia hidrogr\u00e1fica foi sufocada pelo sistema vi\u00e1rio e pelas constru\u00e7\u00f5es urbanas. <\/p>\n<p>\u201cEnt\u00e3o, com o ac\u00famulo de sedimentos, dos gases poluentes fluindo ao longo do rio, por conta do sistema vi\u00e1rio, das marginais, ela acabou se transformando em uma bacia de polui\u00e7\u00e3o, tanto dentro do rio, quanto no ambiente\u201d. <\/p>\n<p>Para a pesquisadora, esse tipo de transforma\u00e7\u00e3o destr\u00f3i mananciais que poderiam ser utilizados para o abastecimento da popula\u00e7\u00e3o, aumenta o risco de enchentes e modifica o clima da regi\u00e3o. <\/p>\n<p>As mudan\u00e7as clim\u00e1ticas locais corroboram, segundo Young, juntamente com as altera\u00e7\u00f5es no clima global, para a ocorr\u00eancia de grandes tempestades, causadoras de inunda\u00e7\u00f5es e deslizamentos. <\/p>\n<p>Por isso, a especialista alerta para a necessidade de se repensar os modelos de desenvolvimento, pois, determinadas altera\u00e7\u00f5es no meio ambiente s\u00e3o dif\u00edceis de serem revertidas posteriormente.\u201dPrincipalmente em rela\u00e7\u00e3o \u00e0 \u00e1gua\u201d, destaca. <\/p>\n<p>Entre os poss\u00edveis caminhos para um crescimento mais sustent\u00e1vel de S\u00e3o Paulo e de outras metr\u00f3poles, Young cita a prote\u00e7\u00e3o dos mananciais e das margens de rios, com a cria\u00e7\u00e3o de parques, a remo\u00e7\u00e3o das ocupa\u00e7\u00f5es de \u00e1reas de fragilidade ambiental e de risco e a elabora\u00e7\u00e3o de um plano estrat\u00e9gico de macrodrenagem para regi\u00e3o. <\/p>\n<p>\u201cN\u00e3o que o plano n\u00e3o exista, mas tem que haver uma revis\u00e3o com os \u00f3rg\u00e3os p\u00fablicos envolvidos\u201d. <\/p>\n<p><b>Autor: Ag\u00eancia Brasil<\/b><\/p>\n","protected":false},"excerpt":{"rendered":"<p>As regi\u00f5es metropolitanas brasileiras ter\u00e3o problemas relacionados ao clima nos pr\u00f3ximos 20 anos, caso o atual modelo de desenvolvimento seja mantido. Segundo a pesquisadora da Universidade Estadual de Campinas (Unicamp), Andrea Young, a cidade de S\u00e3o Paulo j\u00e1 apresenta diversas complica\u00e7\u00f5es devido ao modo de ocupa\u00e7\u00e3o do solo e a polui\u00e7\u00e3o, o que vem sendo [&hellip;]<\/p>\n","protected":false},"author":1,"featured_media":0,"comment_status":"open","ping_status":"open","sticky":false,"template":"","format":"standard","meta":{"footnotes":""},"categories":[31,6],"tags":[],"class_list":{"0":"post-18379","1":"post","2":"type-post","3":"status-publish","4":"format-standard","6":"category-meio-ambiente","7":"category-noticias"},"yoast_head":"<!-- This site is optimized with the Yoast SEO plugin v27.2 - https:\/\/yoast.com\/product\/yoast-seo-wordpress\/ -->\n<title>Metr\u00f3poles ter\u00e3o problemas relacionados ao clima no futuro, afirma pesquisadora - Instituto de Engenharia<\/title>\n<meta name=\"robots\" content=\"index, follow, max-snippet:-1, max-image-preview:large, max-video-preview:-1\" \/>\n<link rel=\"canonical\" href=\"https:\/\/www.institutodeengenharia.org.br\/site\/2010\/06\/15\/metropoles-terao-problemas-relacionados-ao-clima-no-futuro-afirma-pesquisadora\/\" \/>\n<meta property=\"og:locale\" content=\"pt_BR\" \/>\n<meta property=\"og:type\" content=\"article\" \/>\n<meta property=\"og:title\" content=\"Metr\u00f3poles ter\u00e3o problemas relacionados ao clima no futuro, afirma pesquisadora - Instituto de Engenharia\" \/>\n<meta property=\"og:description\" content=\"As regi\u00f5es metropolitanas brasileiras ter\u00e3o problemas relacionados ao clima nos pr\u00f3ximos 20 anos, caso o atual modelo de desenvolvimento seja mantido. Segundo a pesquisadora da Universidade Estadual de Campinas (Unicamp), Andrea Young, a cidade de S\u00e3o Paulo j\u00e1 apresenta diversas complica\u00e7\u00f5es devido ao modo de ocupa\u00e7\u00e3o do solo e a polui\u00e7\u00e3o, o que vem sendo [&hellip;]\" \/>\n<meta property=\"og:url\" content=\"https:\/\/www.institutodeengenharia.org.br\/site\/2010\/06\/15\/metropoles-terao-problemas-relacionados-ao-clima-no-futuro-afirma-pesquisadora\/\" \/>\n<meta property=\"og:site_name\" content=\"Instituto de Engenharia\" \/>\n<meta property=\"article:publisher\" content=\"https:\/\/www.facebook.com\/institutodeengenharia\" \/>\n<meta property=\"article:published_time\" content=\"2010-06-15T22:47:12+00:00\" \/>\n<meta name=\"author\" content=\"TMax Tecnologia\" \/>\n<meta name=\"twitter:card\" content=\"summary_large_image\" \/>\n<meta name=\"twitter:creator\" content=\"@iengenharia\" \/>\n<meta name=\"twitter:site\" content=\"@iengenharia\" \/>\n<meta name=\"twitter:label1\" content=\"Escrito por\" \/>\n\t<meta name=\"twitter:data1\" content=\"TMax Tecnologia\" \/>\n\t<meta name=\"twitter:label2\" content=\"Est. tempo de leitura\" \/>\n\t<meta name=\"twitter:data2\" content=\"2 minutos\" \/>\n<script type=\"application\/ld+json\" class=\"yoast-schema-graph\">{\"@context\":\"https:\/\/schema.org\",\"@graph\":[{\"@type\":\"Article\",\"@id\":\"https:\/\/www.institutodeengenharia.org.br\/site\/2010\/06\/15\/metropoles-terao-problemas-relacionados-ao-clima-no-futuro-afirma-pesquisadora\/#article\",\"isPartOf\":{\"@id\":\"https:\/\/www.institutodeengenharia.org.br\/site\/2010\/06\/15\/metropoles-terao-problemas-relacionados-ao-clima-no-futuro-afirma-pesquisadora\/\"},\"author\":{\"name\":\"TMax Tecnologia\",\"@id\":\"https:\/\/www.institutodeengenharia.org.br\/site\/#\/schema\/person\/3b1ff109facef084739fc2edcb9a127f\"},\"headline\":\"Metr\u00f3poles ter\u00e3o problemas relacionados ao clima no futuro, afirma pesquisadora\",\"datePublished\":\"2010-06-15T22:47:12+00:00\",\"mainEntityOfPage\":{\"@id\":\"https:\/\/www.institutodeengenharia.org.br\/site\/2010\/06\/15\/metropoles-terao-problemas-relacionados-ao-clima-no-futuro-afirma-pesquisadora\/\"},\"wordCount\":477,\"commentCount\":0,\"publisher\":{\"@id\":\"https:\/\/www.institutodeengenharia.org.br\/site\/#organization\"},\"articleSection\":[\"Meio Ambiente\",\"Not\u00edcias\"],\"inLanguage\":\"pt-BR\",\"potentialAction\":[{\"@type\":\"CommentAction\",\"name\":\"Comment\",\"target\":[\"https:\/\/www.institutodeengenharia.org.br\/site\/2010\/06\/15\/metropoles-terao-problemas-relacionados-ao-clima-no-futuro-afirma-pesquisadora\/#respond\"]}]},{\"@type\":\"WebPage\",\"@id\":\"https:\/\/www.institutodeengenharia.org.br\/site\/2010\/06\/15\/metropoles-terao-problemas-relacionados-ao-clima-no-futuro-afirma-pesquisadora\/\",\"url\":\"https:\/\/www.institutodeengenharia.org.br\/site\/2010\/06\/15\/metropoles-terao-problemas-relacionados-ao-clima-no-futuro-afirma-pesquisadora\/\",\"name\":\"Metr\u00f3poles ter\u00e3o problemas relacionados ao clima no futuro, afirma pesquisadora - Instituto de Engenharia\",\"isPartOf\":{\"@id\":\"https:\/\/www.institutodeengenharia.org.br\/site\/#website\"},\"datePublished\":\"2010-06-15T22:47:12+00:00\",\"breadcrumb\":{\"@id\":\"https:\/\/www.institutodeengenharia.org.br\/site\/2010\/06\/15\/metropoles-terao-problemas-relacionados-ao-clima-no-futuro-afirma-pesquisadora\/#breadcrumb\"},\"inLanguage\":\"pt-BR\",\"potentialAction\":[{\"@type\":\"ReadAction\",\"target\":[\"https:\/\/www.institutodeengenharia.org.br\/site\/2010\/06\/15\/metropoles-terao-problemas-relacionados-ao-clima-no-futuro-afirma-pesquisadora\/\"]}]},{\"@type\":\"BreadcrumbList\",\"@id\":\"https:\/\/www.institutodeengenharia.org.br\/site\/2010\/06\/15\/metropoles-terao-problemas-relacionados-ao-clima-no-futuro-afirma-pesquisadora\/#breadcrumb\",\"itemListElement\":[{\"@type\":\"ListItem\",\"position\":1,\"name\":\"In\u00edcio\",\"item\":\"https:\/\/www.institutodeengenharia.org.br\/site\/\"},{\"@type\":\"ListItem\",\"position\":2,\"name\":\"Metr\u00f3poles ter\u00e3o problemas relacionados ao clima no futuro, afirma pesquisadora\"}]},{\"@type\":\"WebSite\",\"@id\":\"https:\/\/www.institutodeengenharia.org.br\/site\/#website\",\"url\":\"https:\/\/www.institutodeengenharia.org.br\/site\/\",\"name\":\"Instituto de Engenharia\",\"description\":\"O Instituto de Engenharia promove a Engenharia em benef\u00edcio do desenvolvimento e da qualidade de vida da sociedade.\",\"publisher\":{\"@id\":\"https:\/\/www.institutodeengenharia.org.br\/site\/#organization\"},\"potentialAction\":[{\"@type\":\"SearchAction\",\"target\":{\"@type\":\"EntryPoint\",\"urlTemplate\":\"https:\/\/www.institutodeengenharia.org.br\/site\/?s={search_term_string}\"},\"query-input\":{\"@type\":\"PropertyValueSpecification\",\"valueRequired\":true,\"valueName\":\"search_term_string\"}}],\"inLanguage\":\"pt-BR\"},{\"@type\":\"Organization\",\"@id\":\"https:\/\/www.institutodeengenharia.org.br\/site\/#organization\",\"name\":\"Instituto de Engenharia\",\"url\":\"https:\/\/www.institutodeengenharia.org.br\/site\/\",\"logo\":{\"@type\":\"ImageObject\",\"inLanguage\":\"pt-BR\",\"@id\":\"https:\/\/www.institutodeengenharia.org.br\/site\/#\/schema\/logo\/image\/\",\"url\":\"https:\/\/www.institutodeengenharia.org.br\/site\/wp-content\/uploads\/2019\/03\/logo-novo-IE2018-1.jpg\",\"contentUrl\":\"https:\/\/www.institutodeengenharia.org.br\/site\/wp-content\/uploads\/2019\/03\/logo-novo-IE2018-1.jpg\",\"width\":1486,\"height\":1879,\"caption\":\"Instituto de Engenharia\"},\"image\":{\"@id\":\"https:\/\/www.institutodeengenharia.org.br\/site\/#\/schema\/logo\/image\/\"},\"sameAs\":[\"https:\/\/www.facebook.com\/institutodeengenharia\",\"https:\/\/x.com\/iengenharia\",\"https:\/\/www.instagram.com\/institutodeengenharia\/\",\"https:\/\/www.linkedin.com\/company\/instituto-de-engenharia\/\",\"https:\/\/www.youtube.com\/channel\/UCXiCAlsSMe977vamW915HxA\"]},{\"@type\":\"Person\",\"@id\":\"https:\/\/www.institutodeengenharia.org.br\/site\/#\/schema\/person\/3b1ff109facef084739fc2edcb9a127f\",\"name\":\"TMax Tecnologia\",\"image\":{\"@type\":\"ImageObject\",\"inLanguage\":\"pt-BR\",\"@id\":\"https:\/\/secure.gravatar.com\/avatar\/f912434ef7f389c92cb311fcdae346af848465d638912574b3c669070f797701?s=96&d=mm&r=g\",\"url\":\"https:\/\/secure.gravatar.com\/avatar\/f912434ef7f389c92cb311fcdae346af848465d638912574b3c669070f797701?s=96&d=mm&r=g\",\"contentUrl\":\"https:\/\/secure.gravatar.com\/avatar\/f912434ef7f389c92cb311fcdae346af848465d638912574b3c669070f797701?s=96&d=mm&r=g\",\"caption\":\"TMax Tecnologia\"},\"url\":\"https:\/\/www.institutodeengenharia.org.br\/site\/author\/tmax\/\"}]}<\/script>\n<!-- \/ Yoast SEO plugin. -->","yoast_head_json":{"title":"Metr\u00f3poles ter\u00e3o problemas relacionados ao clima no futuro, afirma pesquisadora - Instituto de Engenharia","robots":{"index":"index","follow":"follow","max-snippet":"max-snippet:-1","max-image-preview":"max-image-preview:large","max-video-preview":"max-video-preview:-1"},"canonical":"https:\/\/www.institutodeengenharia.org.br\/site\/2010\/06\/15\/metropoles-terao-problemas-relacionados-ao-clima-no-futuro-afirma-pesquisadora\/","og_locale":"pt_BR","og_type":"article","og_title":"Metr\u00f3poles ter\u00e3o problemas relacionados ao clima no futuro, afirma pesquisadora - Instituto de Engenharia","og_description":"As regi\u00f5es metropolitanas brasileiras ter\u00e3o problemas relacionados ao clima nos pr\u00f3ximos 20 anos, caso o atual modelo de desenvolvimento seja mantido. Segundo a pesquisadora da Universidade Estadual de Campinas (Unicamp), Andrea Young, a cidade de S\u00e3o Paulo j\u00e1 apresenta diversas complica\u00e7\u00f5es devido ao modo de ocupa\u00e7\u00e3o do solo e a polui\u00e7\u00e3o, o que vem sendo [&hellip;]","og_url":"https:\/\/www.institutodeengenharia.org.br\/site\/2010\/06\/15\/metropoles-terao-problemas-relacionados-ao-clima-no-futuro-afirma-pesquisadora\/","og_site_name":"Instituto de Engenharia","article_publisher":"https:\/\/www.facebook.com\/institutodeengenharia","article_published_time":"2010-06-15T22:47:12+00:00","author":"TMax Tecnologia","twitter_card":"summary_large_image","twitter_creator":"@iengenharia","twitter_site":"@iengenharia","twitter_misc":{"Escrito por":"TMax Tecnologia","Est. tempo de leitura":"2 minutos"},"schema":{"@context":"https:\/\/schema.org","@graph":[{"@type":"Article","@id":"https:\/\/www.institutodeengenharia.org.br\/site\/2010\/06\/15\/metropoles-terao-problemas-relacionados-ao-clima-no-futuro-afirma-pesquisadora\/#article","isPartOf":{"@id":"https:\/\/www.institutodeengenharia.org.br\/site\/2010\/06\/15\/metropoles-terao-problemas-relacionados-ao-clima-no-futuro-afirma-pesquisadora\/"},"author":{"name":"TMax Tecnologia","@id":"https:\/\/www.institutodeengenharia.org.br\/site\/#\/schema\/person\/3b1ff109facef084739fc2edcb9a127f"},"headline":"Metr\u00f3poles ter\u00e3o problemas relacionados ao clima no futuro, afirma pesquisadora","datePublished":"2010-06-15T22:47:12+00:00","mainEntityOfPage":{"@id":"https:\/\/www.institutodeengenharia.org.br\/site\/2010\/06\/15\/metropoles-terao-problemas-relacionados-ao-clima-no-futuro-afirma-pesquisadora\/"},"wordCount":477,"commentCount":0,"publisher":{"@id":"https:\/\/www.institutodeengenharia.org.br\/site\/#organization"},"articleSection":["Meio Ambiente","Not\u00edcias"],"inLanguage":"pt-BR","potentialAction":[{"@type":"CommentAction","name":"Comment","target":["https:\/\/www.institutodeengenharia.org.br\/site\/2010\/06\/15\/metropoles-terao-problemas-relacionados-ao-clima-no-futuro-afirma-pesquisadora\/#respond"]}]},{"@type":"WebPage","@id":"https:\/\/www.institutodeengenharia.org.br\/site\/2010\/06\/15\/metropoles-terao-problemas-relacionados-ao-clima-no-futuro-afirma-pesquisadora\/","url":"https:\/\/www.institutodeengenharia.org.br\/site\/2010\/06\/15\/metropoles-terao-problemas-relacionados-ao-clima-no-futuro-afirma-pesquisadora\/","name":"Metr\u00f3poles ter\u00e3o problemas relacionados ao clima no futuro, afirma pesquisadora - Instituto de Engenharia","isPartOf":{"@id":"https:\/\/www.institutodeengenharia.org.br\/site\/#website"},"datePublished":"2010-06-15T22:47:12+00:00","breadcrumb":{"@id":"https:\/\/www.institutodeengenharia.org.br\/site\/2010\/06\/15\/metropoles-terao-problemas-relacionados-ao-clima-no-futuro-afirma-pesquisadora\/#breadcrumb"},"inLanguage":"pt-BR","potentialAction":[{"@type":"ReadAction","target":["https:\/\/www.institutodeengenharia.org.br\/site\/2010\/06\/15\/metropoles-terao-problemas-relacionados-ao-clima-no-futuro-afirma-pesquisadora\/"]}]},{"@type":"BreadcrumbList","@id":"https:\/\/www.institutodeengenharia.org.br\/site\/2010\/06\/15\/metropoles-terao-problemas-relacionados-ao-clima-no-futuro-afirma-pesquisadora\/#breadcrumb","itemListElement":[{"@type":"ListItem","position":1,"name":"In\u00edcio","item":"https:\/\/www.institutodeengenharia.org.br\/site\/"},{"@type":"ListItem","position":2,"name":"Metr\u00f3poles ter\u00e3o problemas relacionados ao clima no futuro, afirma pesquisadora"}]},{"@type":"WebSite","@id":"https:\/\/www.institutodeengenharia.org.br\/site\/#website","url":"https:\/\/www.institutodeengenharia.org.br\/site\/","name":"Instituto de Engenharia","description":"O Instituto de Engenharia promove a Engenharia em benef\u00edcio do desenvolvimento e da qualidade de vida da sociedade.","publisher":{"@id":"https:\/\/www.institutodeengenharia.org.br\/site\/#organization"},"potentialAction":[{"@type":"SearchAction","target":{"@type":"EntryPoint","urlTemplate":"https:\/\/www.institutodeengenharia.org.br\/site\/?s={search_term_string}"},"query-input":{"@type":"PropertyValueSpecification","valueRequired":true,"valueName":"search_term_string"}}],"inLanguage":"pt-BR"},{"@type":"Organization","@id":"https:\/\/www.institutodeengenharia.org.br\/site\/#organization","name":"Instituto de Engenharia","url":"https:\/\/www.institutodeengenharia.org.br\/site\/","logo":{"@type":"ImageObject","inLanguage":"pt-BR","@id":"https:\/\/www.institutodeengenharia.org.br\/site\/#\/schema\/logo\/image\/","url":"https:\/\/www.institutodeengenharia.org.br\/site\/wp-content\/uploads\/2019\/03\/logo-novo-IE2018-1.jpg","contentUrl":"https:\/\/www.institutodeengenharia.org.br\/site\/wp-content\/uploads\/2019\/03\/logo-novo-IE2018-1.jpg","width":1486,"height":1879,"caption":"Instituto de Engenharia"},"image":{"@id":"https:\/\/www.institutodeengenharia.org.br\/site\/#\/schema\/logo\/image\/"},"sameAs":["https:\/\/www.facebook.com\/institutodeengenharia","https:\/\/x.com\/iengenharia","https:\/\/www.instagram.com\/institutodeengenharia\/","https:\/\/www.linkedin.com\/company\/instituto-de-engenharia\/","https:\/\/www.youtube.com\/channel\/UCXiCAlsSMe977vamW915HxA"]},{"@type":"Person","@id":"https:\/\/www.institutodeengenharia.org.br\/site\/#\/schema\/person\/3b1ff109facef084739fc2edcb9a127f","name":"TMax Tecnologia","image":{"@type":"ImageObject","inLanguage":"pt-BR","@id":"https:\/\/secure.gravatar.com\/avatar\/f912434ef7f389c92cb311fcdae346af848465d638912574b3c669070f797701?s=96&d=mm&r=g","url":"https:\/\/secure.gravatar.com\/avatar\/f912434ef7f389c92cb311fcdae346af848465d638912574b3c669070f797701?s=96&d=mm&r=g","contentUrl":"https:\/\/secure.gravatar.com\/avatar\/f912434ef7f389c92cb311fcdae346af848465d638912574b3c669070f797701?s=96&d=mm&r=g","caption":"TMax Tecnologia"},"url":"https:\/\/www.institutodeengenharia.org.br\/site\/author\/tmax\/"}]}},"_links":{"self":[{"href":"https:\/\/www.institutodeengenharia.org.br\/site\/wp-json\/wp\/v2\/posts\/18379","targetHints":{"allow":["GET"]}}],"collection":[{"href":"https:\/\/www.institutodeengenharia.org.br\/site\/wp-json\/wp\/v2\/posts"}],"about":[{"href":"https:\/\/www.institutodeengenharia.org.br\/site\/wp-json\/wp\/v2\/types\/post"}],"author":[{"embeddable":true,"href":"https:\/\/www.institutodeengenharia.org.br\/site\/wp-json\/wp\/v2\/users\/1"}],"replies":[{"embeddable":true,"href":"https:\/\/www.institutodeengenharia.org.br\/site\/wp-json\/wp\/v2\/comments?post=18379"}],"version-history":[{"count":0,"href":"https:\/\/www.institutodeengenharia.org.br\/site\/wp-json\/wp\/v2\/posts\/18379\/revisions"}],"wp:attachment":[{"href":"https:\/\/www.institutodeengenharia.org.br\/site\/wp-json\/wp\/v2\/media?parent=18379"}],"wp:term":[{"taxonomy":"category","embeddable":true,"href":"https:\/\/www.institutodeengenharia.org.br\/site\/wp-json\/wp\/v2\/categories?post=18379"},{"taxonomy":"post_tag","embeddable":true,"href":"https:\/\/www.institutodeengenharia.org.br\/site\/wp-json\/wp\/v2\/tags?post=18379"}],"curies":[{"name":"wp","href":"https:\/\/api.w.org\/{rel}","templated":true}]}}